{"id":2581326,"date":"2025-02-04T19:13:09","date_gmt":"2025-02-04T19:13:09","guid":{"rendered":"https:\/\/www.pressenza.com\/?p=2581326"},"modified":"2025-02-04T19:14:40","modified_gmt":"2025-02-04T19:14:40","slug":"detenzione-amministrativa-senza-diritto-di-difesa-adesso-si-attende-la-corte-costituzionale-anche-sul-cpr-in-albania","status":"publish","type":"post","link":"https:\/\/www.pressenza.com\/it\/2025\/02\/detenzione-amministrativa-senza-diritto-di-difesa-adesso-si-attende-la-corte-costituzionale-anche-sul-cpr-in-albania\/","title":{"rendered":"Detenzione amministrativa senza diritto di difesa, adesso si attende la Corte costituzionale, anche sul CPR in Albania"},"content":{"rendered":"<p>La Cassazione ha sollevato una\u00a0<a href=\"https:\/\/ilmanifesto.it\/le-procedure-accelerate-dasilo-finiscono-alla-corte-costituzionale\">questione di legittimit\u00e0 davanti alla Corte Costituzionale<\/a><strong>\u00a0<\/strong>ritenendo rilevante la possibilit\u00e0 di una lesione dei diritti di difesa delle persone trattenute nei centri di detenzione amministrativa (CPR, ma anche Hotspot e assimilati, in prospettiva anche il centro per i rimpatri di Gjader in Albania). Con la\u00a0<strong>ordinanza 4308\/2025, depositata il 31 gennaio<\/strong>, la prima sezione penale chiede alla Consulta di pronunciarsi sulla legittimit\u00e0 costituzionale della\u00a0<strong><a href=\"https:\/\/www.normattiva.it\/uri-res\/N2Ls?urn:nir:stato:legge:2024-12-9;187\">legge 187 del 2024<\/a><\/strong>\u00a0che ha inciso sulla procedura in frontiera e sulla disciplina processuale, abbreviando i termini per i ricorsi contro i decreti di trattenimento adottati dai questori, fino a rendere evanescente il diritto alla difesa garantito dall\u2019art.24 della Costituzione.<\/p>\n<p>La Cassazione non prende in considerazione il termine brevissimo di cinque giorni stabilito per il deposito del ricorso, ma invita la Corte Costituzionale a pronunciarsi sulla norma che obbliga la stessa Cassazione a decidere\u00a0<em>\u201cnel termine di sette giorni dalla ricezione degli atti (\u2026) senza intervento dei difensori\u201d<\/em> e &#8220;<em>con contestuale motivazione&#8221;<\/em>. In questa previsione si ravvisa una potenziale lesione del principio del contraddittorio ed una violazione delle garanzie di difesa accordate a qualunque persona, a prescindere dalla nazionalit\u00e0 e dalla condizione di soggiorno nel territorio italiano anche in base all\u2019art.2 del\u00a0<strong><a href=\"https:\/\/www.normattiva.it\/uri-res\/N2Ls?urn:nir:stato:decreto.legislativo:1998-07-25;286\">Testo Unico sull\u2019immigrazione n.286\/1998<\/a><\/strong>.<\/p>\n<p>L\u2019ordinanza, per quanto si riferisca ad una singola norma di portata processuale, con riferimento ai tempi del giudizio in Cassazione, inserita in una \u201cvalanga normativa\u201d che il governo ha scaricato a colpi di decreti legge (poi confluiti nella\u00a0<a href=\"https:\/\/www.normattiva.it\/uri-res\/N2Ls?urn:nir:stato:legge:2024-12-9;187\">legge 187\/2024<\/a>) sui richiedenti asilo in stato di trattenimento amministrativo, contiene richiami a principi costituzionali che potrebbero orientare future decisioni della Corte, e dei giudici dei Tribunali e delle Corti di Appello, anche su altri profili delle procedure accelerate in frontiera. E gi\u00e0 in precedenza la stessa Corte Costituzionale, con riferimento ad analoghi casi di detenzione amministrativa, aveva rilevato con la\u00a0<a href=\"https:\/\/www.osservatorioaic.it\/images\/rivista\/pdf\/2024_3_17_Rafaiani.pdf\">sentenza n.212 del 2023<\/a>, con riferimento ai tempi del trattenimento,\u00a0<em>\u201cprassi applicative distorte\u201d.<\/em><\/p>\n<p><a href=\"https:\/\/ntplusdiritto.ilsole24ore.com\/viewer?appid=4239&amp;redirect=false&amp;origine=diritto#showdoc\/43095291\" target=\"_blank\" rel=\"noreferrer noopener\">La Corte di cassazione, con la sentenza n. 2967 depositata il 27 gennaio<\/a>, relativa al cd \u201c<strong>Decreto flussi\u201d<\/strong>\u00a0(Dl 145\/2024 convertito dalla legge\u00a0<a href=\"https:\/\/www.normattiva.it\/uri-res\/N2Ls?urn:nir:stato:legge:2024-12-9;187\">187\/2024<\/a>), aveva accolto il ricorso di un<strong>\u00a0cittadino marocchino<\/strong>\u00a0perch\u00e9 la motivazione della Corte di appello relativa alla convalida del trattenimento era inesistente in assenza delle condizioni previste dall\u2019articolo 6 del\u00a0<a href=\"https:\/\/www.normattiva.it\/uri-res\/N2Ls?urn:nir:stato:decreto.legislativo:2015-08-18;142\">Decreto legislativo n. 142\/2015<\/a>\u00a0come modificato lo scorso anno con il cd, \u201cdecreto flussi\u201d (adesso\u00a0<a href=\"https:\/\/www.normattiva.it\/uri-res\/N2Ls?urn:nir:stato:legge:2024-12-9;187\">legge 187\/2024<\/a>) . Secondo la Cassazione la\u00a0<strong><a href=\"https:\/\/www.judicium.it\/considerazioni-sulle-questioni-poste-dalla-disciplina-della-legge-n-187-del-2024-in-tema-di-c-d-trattenimento-del-cittadino-straniero\/\">nuova disciplina introdotta dal legislatore<\/a><\/strong>\u00a0con il decreto flussi \u201c<em>sospinge maggiormente nell\u2019area penale la materia del trattenimento\u201d<\/em>\u00a0e\u00a0<em>\u201ctrova coerenza in una pi\u00f9 elevata attenzione alla necessit\u00e0 di un pronto\u00a0controllo giurisdizionale\u00a0sulle limitazioni della libert\u00e0 personale\u201d.<\/em><\/p>\n<p>Tale scelta normativa,\u00a0<a href=\"https:\/\/ntplusdiritto.ilsole24ore.com\/art\/trattenimenti-legittima-convalida-corti-appello-ma-motivazione-e-rafforzata-AGysU4ZC\">si legge nella sentenza<\/a>,\u00a0<em>\u201cattiene alla materia processuale, che, come ha ribadito in pi\u00f9 occasioni la Corte costituzionale, \u00e8 di\u00a0esclusiva spettanza del legislatore\u00a0e si caratterizza per la pi\u00f9 ampia discrezionalit\u00e0, sempre che non siano ravvisabili profili di manifesta irragionevolezza e arbitrariet\u00e0\u201d<\/em>. Da qui, prosegue la Corte,\u00a0<em>\u201cl\u2019inconcludenza, ai fini della prospettazione di vizi processuali o di legittimit\u00e0 costituzionale, dei richiami difensivi alle precedenti scelte legislative (frutto di un diverso e del pari insindacabile esercizio della discrezionalit\u00e0 riservata al decisore politico), che hanno caratterizzato la disciplina previgente con l\u2019opzione preferenziale per le sezioni specializzate in materia di immigrazione\u201d.<\/em><\/p>\n<p>Tuttavia, si rileva che il decreto di trattenimento del Questore risulta \u201c<em>graficamente mancante\u00a0di alcun apporto motivazionale relativo al tema centrale del controllo giurisdizionale demandato al giudice nel procedimento di convalida, promosso con la richiesta di convalida della disposta proroga del trattenimento\u201d.<\/em>\u00a0E dunque ricorre un difetto di motivazione in assenza di un<strong><em>\u2019<\/em><\/strong><em>indicazione di ragionata condivisione delle valutazioni<\/em>\u00a0del questore con conseguente annullamento del decreto di proroga del trattenimento.<\/p>\n<p><strong>Nella sua ordinanza n. 4308\/2025 del 3 febbraio scorso, di rinvio alla Corte costituzionale,<\/strong>\u00a0la Cassazione si occupava del ricorso contro un decreto di trattenimento adottato dal Questore di Nuoro nei confronti di un richiedente asilo algerino, detenuto nel famigerato\u00a0<strong><a href=\"https:\/\/www.meltingpot.org\/2024\/10\/a-porte-chiuse-la-violenza-del-cpr-di-macomer-tra-punizioni-e-razzializzazione\/\">centro per i rimpatri di Macomer in Sardegna<\/a><\/strong>, e gi\u00e0 in precedenza destinatario di misure di espulsione e di trattenimento, convalidato prima della richiesta di asilo con provvedimento di un giudice di pace. [&#8230;]<\/p>\n<p><strong>Manca in questa fase del giudizio in Cassazione, per effetto del collegamento tra norme eterogenee, la garanzia della partecipazione del difensore in camera di consiglio.<\/strong> La decisione di rinvio alla Corte Costituzionale richiama soltanto questo tra i diversi motivi di ricorso proposti dalla difesa del richiedente asilo. Si tratta comunque di una questione che si pu\u00f2 proporre in una serie molto ampia di casi, tutte le volte che nei termini brevissimi consentiti dall\u2019attuale normativa si riesca ad impugnare una decisione della Corte di Appello che convalida il trattenimento amministrativo di un richiedente asilo. A tale riguardo la Cassazione rileva l\u2019esigenza di sottoporre il dubbio di legittimit\u00e0 alla Corte costituzionale.[&#8230;]<\/p>\n<p><strong>Il disegno perseguito dal governo italiano, e in modo diverso dalla nuova normativa dell\u2019Unione europea che entrer\u00e0 in vigore con l\u2019applicazione entro il 2026 dei Regolamenti previsti dal Patto sulla migrazione e l\u2019asilo, ha come obiettivo immediato l\u2019abbattimento del diritto di asilo anche attraverso interventi sulle procedure che rendano impossibile il riconoscimento di questo diritto e l\u2019esercizio effettivo dei mezzi di ricorso<\/strong>.<\/p>\n<p>Appare evidente come il rispetto dei diritti umani e delle garanzie delle libert\u00e0 fondamentali, in base al principio di uguaglianza tra tutti gli esseri umani sia percepito come un ostacolo alle politiche migratorie di contenimento dei \u201cflussi migratori\u201d e di respingimento o di ritorno verso i paesi di origine, e se questo non fosse possibile, anche verso paesi terzi ritenuti \u201csicuri\u201d. Infatti adesso la vera partita aperta a livello europeo si giocher\u00e0 sulla <strong><a href=\"https:\/\/www.aisdue.eu\/wp-content\/uploads\/2020\/11\/Post-Rossana-Palladino-Focus.pdf\">riformulazione della Direttiva rimpatri 2008\/115\/CE<\/a><\/strong>\u00a0e nell\u2019immediato<strong><a href=\"https:\/\/www.europeanpapers.eu\/fr\/europeanforum\/deroghe-alla-direttiva-rimpatri-strumentalizzazione-migranti-riforma-schengen\">\u00a0alla sua deroga.<\/a><\/strong> Perch\u00e8 anche questa direttiva che nel 2008 veniva definita come la Direttiva della vergogna, oggi appare eccessivamente \u201cgarantista\u201d rispetto alle promesse di espulsioni di massa che i governi europei continuano ad assumere nei confronti del proprio elettorato.<\/p>\n<p>Fino a quando non saranno modificate le norme costituzionali a livello nazionale, o le previsioni sui diritti fondamentali contenute nella Carta dei diritti fondamentali dell\u2019Unione europea e nelle Convenzioni dell\u2019ONU, come la Convenzione di Ginevra del 1951 sui rifugiati, per ogni tentativo di allontanamento forzato o di detenzione amministrativa che violi i diritti umani, in nome dell\u2019astratta esigenza di \u201cdifesa dei confini\u201d o per un \u201csuperiore interesse nazionale\u201d, magari anche soltanto per propaganda elettorale, saranno esperibili tutti i rimedi giurisdizionali che gli ordinamenti democratici improntati allo \u201cStato di diritto\u201d continuano a prevedere. Con l\u2019auspicio che gli organi giudiziari di vertice come la Corte costituzionale non finiscano per essere condizionati con la nomina di giudici di estrazione politica, come purtroppo potrebbe verificarsi molto presto in Italia.<\/p>\n<p>leggi qui l&#8217;articolo per intero:<\/p>\n<p><a href=\"https:\/\/www.a-dif.org\/2025\/02\/04\/detenzione-amministrativa-senza-diritto-di-difesa-adesso-si-attende-la-corte-costituzionale-anche-sul-cpr-in-albania\/\">Detenzione amministrativa senza diritto di difesa, adesso si attende la Corte costituzionale, anche sul CPR in Albania \u2013 ADIF<\/a><\/p>\n<p>&nbsp;<\/p>\n<p>&nbsp;<\/p>\n<p>&nbsp;<\/p>\n<div class=\"sharedaddy sd-sharing-enabled\">\n<div class=\"robots-nocontent sd-block sd-social sd-social-icon sd-sharing\">\n<h3 class=\"sd-title\"><\/h3>\n<\/div>\n<\/div>\n","protected":false},"excerpt":{"rendered":"<p>La Cassazione ha sollevato una\u00a0questione di legittimit\u00e0 davanti alla Corte Costituzionale\u00a0ritenendo rilevante la possibilit\u00e0 di una lesione dei diritti di difesa delle persone trattenute nei centri di detenzione amministrativa (CPR, ma anche Hotspot e assimilati, in prospettiva anche il centro&hellip;<\/p>\n","protected":false},"author":1771,"featured_media":1796511,"comment_status":"closed","ping_status":"closed","sticky":false,"template":"","format":"standard","meta":{"footnotes":""},"categories":[60,54572,1261],"tags":[5442,191,114793,116540,132272],"class_list":["post-2581326","post","type-post","status-publish","format-standard","has-post-thumbnail","hentry","category-diritti-umani","category-migranti","category-diversita","tag-cassazione","tag-corte-costituzionale","tag-decreto-flussi","tag-direttiva-rimpatri-2008-115-ce","tag-legge-187"],"yoast_head":"<!-- This site is optimized with the Yoast SEO plugin v27.1.1 - https:\/\/yoast.com\/product\/yoast-seo-wordpress\/ -->\n<title>Detenzione amministrativa senza diritto di difesa, adesso si attende la Corte costituzionale, anche sul CPR in Albania<\/title>\n<meta name=\"description\" content=\"La Cassazione ha sollevato una\u00a0questione di legittimit\u00e0 davanti alla Corte Costituzionale\u00a0ritenendo rilevante la possibilit\u00e0 di una lesione dei diritti di\" \/>\n<meta name=\"robots\" content=\"index, follow, max-snippet:-1, max-image-preview:large, max-video-preview:-1\" \/>\n<link rel=\"canonical\" href=\"https:\/\/www.pressenza.com\/it\/2025\/02\/detenzione-amministrativa-senza-diritto-di-difesa-adesso-si-attende-la-corte-costituzionale-anche-sul-cpr-in-albania\/\" \/>\n<meta property=\"og:locale\" content=\"it_IT\" \/>\n<meta property=\"og:type\" content=\"article\" \/>\n<meta property=\"og:title\" content=\"Detenzione amministrativa senza diritto di difesa, adesso si attende la Corte costituzionale, anche sul CPR in Albania\" \/>\n<meta property=\"og:description\" content=\"La Cassazione ha sollevato una\u00a0questione di legittimit\u00e0 davanti alla Corte Costituzionale\u00a0ritenendo rilevante la possibilit\u00e0 di una lesione dei diritti di\" \/>\n<meta property=\"og:url\" content=\"https:\/\/www.pressenza.com\/it\/2025\/02\/detenzione-amministrativa-senza-diritto-di-difesa-adesso-si-attende-la-corte-costituzionale-anche-sul-cpr-in-albania\/\" \/>\n<meta property=\"og:site_name\" content=\"Pressenza\" \/>\n<meta property=\"article:publisher\" content=\"https:\/\/www.facebook.com\/PressenzaItalia\" \/>\n<meta property=\"article:published_time\" content=\"2025-02-04T19:13:09+00:00\" \/>\n<meta property=\"article:modified_time\" content=\"2025-02-04T19:14:40+00:00\" \/>\n<meta property=\"og:image\" content=\"https:\/\/www.pressenza.com\/wp-content\/uploads\/2024\/02\/CPr-Migranti-1.webp\" \/>\n\t<meta property=\"og:image:width\" content=\"1000\" \/>\n\t<meta property=\"og:image:height\" content=\"750\" \/>\n\t<meta property=\"og:image:type\" content=\"image\/webp\" \/>\n<meta name=\"author\" content=\"Fulvio Vassallo Paleologo\" \/>\n<meta name=\"twitter:card\" content=\"summary_large_image\" \/>\n<meta name=\"twitter:creator\" content=\"@PressenzaIPA\" \/>\n<meta name=\"twitter:site\" content=\"@PressenzaIPA\" \/>\n<meta name=\"twitter:label1\" content=\"Scritto da\" \/>\n\t<meta name=\"twitter:data1\" content=\"Fulvio Vassallo Paleologo\" \/>\n\t<meta name=\"twitter:label2\" content=\"Tempo di lettura stimato\" \/>\n\t<meta name=\"twitter:data2\" content=\"6 minuti\" \/>\n<script type=\"application\/ld+json\" class=\"yoast-schema-graph\">{\"@context\":\"https:\/\/schema.org\",\"@graph\":[{\"@type\":\"Article\",\"@id\":\"https:\/\/www.pressenza.com\/it\/2025\/02\/detenzione-amministrativa-senza-diritto-di-difesa-adesso-si-attende-la-corte-costituzionale-anche-sul-cpr-in-albania\/#article\",\"isPartOf\":{\"@id\":\"https:\/\/www.pressenza.com\/it\/2025\/02\/detenzione-amministrativa-senza-diritto-di-difesa-adesso-si-attende-la-corte-costituzionale-anche-sul-cpr-in-albania\/\"},\"author\":{\"name\":\"Fulvio Vassallo Paleologo\",\"@id\":\"https:\/\/www.pressenza.com\/it\/#\/schema\/person\/dd04c605b89e1d80cb77dfdce7137315\"},\"headline\":\"Detenzione amministrativa senza diritto di difesa, adesso si attende la Corte costituzionale, anche sul CPR in Albania\",\"datePublished\":\"2025-02-04T19:13:09+00:00\",\"dateModified\":\"2025-02-04T19:14:40+00:00\",\"mainEntityOfPage\":{\"@id\":\"https:\/\/www.pressenza.com\/it\/2025\/02\/detenzione-amministrativa-senza-diritto-di-difesa-adesso-si-attende-la-corte-costituzionale-anche-sul-cpr-in-albania\/\"},\"wordCount\":1136,\"publisher\":{\"@id\":\"https:\/\/www.pressenza.com\/it\/#organization\"},\"image\":{\"@id\":\"https:\/\/www.pressenza.com\/it\/2025\/02\/detenzione-amministrativa-senza-diritto-di-difesa-adesso-si-attende-la-corte-costituzionale-anche-sul-cpr-in-albania\/#primaryimage\"},\"thumbnailUrl\":\"https:\/\/www.pressenza.com\/wp-content\/uploads\/2024\/02\/CPr-Migranti-1-e1740303047519.webp\",\"keywords\":[\"Cassazione\",\"Corte Costituzionale\",\"Decreto flussi\",\"Direttiva rimpatri 2008\/115\/CE\",\"legge 187\"],\"articleSection\":[\"Diritti Umani\",\"Migranti\",\"Non discriminazione\"],\"inLanguage\":\"it-IT\"},{\"@type\":\"WebPage\",\"@id\":\"https:\/\/www.pressenza.com\/it\/2025\/02\/detenzione-amministrativa-senza-diritto-di-difesa-adesso-si-attende-la-corte-costituzionale-anche-sul-cpr-in-albania\/\",\"url\":\"https:\/\/www.pressenza.com\/it\/2025\/02\/detenzione-amministrativa-senza-diritto-di-difesa-adesso-si-attende-la-corte-costituzionale-anche-sul-cpr-in-albania\/\",\"name\":\"Detenzione amministrativa senza diritto di difesa, adesso si attende la Corte costituzionale, anche sul CPR in Albania\",\"isPartOf\":{\"@id\":\"https:\/\/www.pressenza.com\/it\/#website\"},\"primaryImageOfPage\":{\"@id\":\"https:\/\/www.pressenza.com\/it\/2025\/02\/detenzione-amministrativa-senza-diritto-di-difesa-adesso-si-attende-la-corte-costituzionale-anche-sul-cpr-in-albania\/#primaryimage\"},\"image\":{\"@id\":\"https:\/\/www.pressenza.com\/it\/2025\/02\/detenzione-amministrativa-senza-diritto-di-difesa-adesso-si-attende-la-corte-costituzionale-anche-sul-cpr-in-albania\/#primaryimage\"},\"thumbnailUrl\":\"https:\/\/www.pressenza.com\/wp-content\/uploads\/2024\/02\/CPr-Migranti-1-e1740303047519.webp\",\"datePublished\":\"2025-02-04T19:13:09+00:00\",\"dateModified\":\"2025-02-04T19:14:40+00:00\",\"description\":\"La Cassazione ha sollevato una\u00a0questione di legittimit\u00e0 davanti alla Corte Costituzionale\u00a0ritenendo rilevante la possibilit\u00e0 di una lesione dei diritti di\",\"breadcrumb\":{\"@id\":\"https:\/\/www.pressenza.com\/it\/2025\/02\/detenzione-amministrativa-senza-diritto-di-difesa-adesso-si-attende-la-corte-costituzionale-anche-sul-cpr-in-albania\/#breadcrumb\"},\"inLanguage\":\"it-IT\",\"potentialAction\":[{\"@type\":\"ReadAction\",\"target\":[\"https:\/\/www.pressenza.com\/it\/2025\/02\/detenzione-amministrativa-senza-diritto-di-difesa-adesso-si-attende-la-corte-costituzionale-anche-sul-cpr-in-albania\/\"]}]},{\"@type\":\"ImageObject\",\"inLanguage\":\"it-IT\",\"@id\":\"https:\/\/www.pressenza.com\/it\/2025\/02\/detenzione-amministrativa-senza-diritto-di-difesa-adesso-si-attende-la-corte-costituzionale-anche-sul-cpr-in-albania\/#primaryimage\",\"url\":\"https:\/\/www.pressenza.com\/wp-content\/uploads\/2024\/02\/CPr-Migranti-1-e1740303047519.webp\",\"contentUrl\":\"https:\/\/www.pressenza.com\/wp-content\/uploads\/2024\/02\/CPr-Migranti-1-e1740303047519.webp\",\"width\":800,\"height\":600,\"caption\":\"CPr-Migranti\"},{\"@type\":\"BreadcrumbList\",\"@id\":\"https:\/\/www.pressenza.com\/it\/2025\/02\/detenzione-amministrativa-senza-diritto-di-difesa-adesso-si-attende-la-corte-costituzionale-anche-sul-cpr-in-albania\/#breadcrumb\",\"itemListElement\":[{\"@type\":\"ListItem\",\"position\":1,\"name\":\"Accueil\",\"item\":\"https:\/\/www.pressenza.com\/it\/\"},{\"@type\":\"ListItem\",\"position\":2,\"name\":\"Detenzione amministrativa senza diritto di difesa, adesso si attende la Corte costituzionale, anche sul CPR in Albania\"}]},{\"@type\":\"WebSite\",\"@id\":\"https:\/\/www.pressenza.com\/it\/#website\",\"url\":\"https:\/\/www.pressenza.com\/it\/\",\"name\":\"Pressenza\",\"description\":\"Agenzia di Stampa Internazionale\",\"publisher\":{\"@id\":\"https:\/\/www.pressenza.com\/it\/#organization\"},\"potentialAction\":[{\"@type\":\"SearchAction\",\"target\":{\"@type\":\"EntryPoint\",\"urlTemplate\":\"https:\/\/www.pressenza.com\/it\/?s={search_term_string}\"},\"query-input\":{\"@type\":\"PropertyValueSpecification\",\"valueRequired\":true,\"valueName\":\"search_term_string\"}}],\"inLanguage\":\"it-IT\"},{\"@type\":\"Organization\",\"@id\":\"https:\/\/www.pressenza.com\/it\/#organization\",\"name\":\"Pressenza\",\"url\":\"https:\/\/www.pressenza.com\/it\/\",\"logo\":{\"@type\":\"ImageObject\",\"inLanguage\":\"it-IT\",\"@id\":\"https:\/\/www.pressenza.com\/it\/#\/schema\/logo\/image\/\",\"url\":\"https:\/\/www.pressenza.com\/wp-content\/uploads\/2022\/10\/pressenza_logo_200x200.jpg\",\"contentUrl\":\"https:\/\/www.pressenza.com\/wp-content\/uploads\/2022\/10\/pressenza_logo_200x200.jpg\",\"width\":200,\"height\":200,\"caption\":\"Pressenza\"},\"image\":{\"@id\":\"https:\/\/www.pressenza.com\/it\/#\/schema\/logo\/image\/\"},\"sameAs\":[\"https:\/\/www.facebook.com\/PressenzaItalia\",\"https:\/\/x.com\/PressenzaIPA\"]},{\"@type\":\"Person\",\"@id\":\"https:\/\/www.pressenza.com\/it\/#\/schema\/person\/dd04c605b89e1d80cb77dfdce7137315\",\"name\":\"Fulvio Vassallo Paleologo\",\"url\":\"https:\/\/www.pressenza.com\/it\/author\/fulvio-vassallo-paleologo\/\"}]}<\/script>\n<!-- \/ Yoast SEO plugin. -->","yoast_head_json":{"title":"Detenzione amministrativa senza diritto di difesa, adesso si attende la Corte costituzionale, anche sul CPR in Albania","description":"La Cassazione ha sollevato una\u00a0questione di legittimit\u00e0 davanti alla Corte Costituzionale\u00a0ritenendo rilevante la possibilit\u00e0 di una lesione dei diritti di","robots":{"index":"index","follow":"follow","max-snippet":"max-snippet:-1","max-image-preview":"max-image-preview:large","max-video-preview":"max-video-preview:-1"},"canonical":"https:\/\/www.pressenza.com\/it\/2025\/02\/detenzione-amministrativa-senza-diritto-di-difesa-adesso-si-attende-la-corte-costituzionale-anche-sul-cpr-in-albania\/","og_locale":"it_IT","og_type":"article","og_title":"Detenzione amministrativa senza diritto di difesa, adesso si attende la Corte costituzionale, anche sul CPR in Albania","og_description":"La Cassazione ha sollevato una\u00a0questione di legittimit\u00e0 davanti alla Corte Costituzionale\u00a0ritenendo rilevante la possibilit\u00e0 di una lesione dei diritti di","og_url":"https:\/\/www.pressenza.com\/it\/2025\/02\/detenzione-amministrativa-senza-diritto-di-difesa-adesso-si-attende-la-corte-costituzionale-anche-sul-cpr-in-albania\/","og_site_name":"Pressenza","article_publisher":"https:\/\/www.facebook.com\/PressenzaItalia","article_published_time":"2025-02-04T19:13:09+00:00","article_modified_time":"2025-02-04T19:14:40+00:00","og_image":[{"width":1000,"height":750,"url":"https:\/\/www.pressenza.com\/wp-content\/uploads\/2024\/02\/CPr-Migranti-1.webp","type":"image\/webp"}],"author":"Fulvio Vassallo Paleologo","twitter_card":"summary_large_image","twitter_creator":"@PressenzaIPA","twitter_site":"@PressenzaIPA","twitter_misc":{"Scritto da":"Fulvio Vassallo Paleologo","Tempo di lettura stimato":"6 minuti"},"schema":{"@context":"https:\/\/schema.org","@graph":[{"@type":"Article","@id":"https:\/\/www.pressenza.com\/it\/2025\/02\/detenzione-amministrativa-senza-diritto-di-difesa-adesso-si-attende-la-corte-costituzionale-anche-sul-cpr-in-albania\/#article","isPartOf":{"@id":"https:\/\/www.pressenza.com\/it\/2025\/02\/detenzione-amministrativa-senza-diritto-di-difesa-adesso-si-attende-la-corte-costituzionale-anche-sul-cpr-in-albania\/"},"author":{"name":"Fulvio Vassallo Paleologo","@id":"https:\/\/www.pressenza.com\/it\/#\/schema\/person\/dd04c605b89e1d80cb77dfdce7137315"},"headline":"Detenzione amministrativa senza diritto di difesa, adesso si attende la Corte costituzionale, anche sul CPR in Albania","datePublished":"2025-02-04T19:13:09+00:00","dateModified":"2025-02-04T19:14:40+00:00","mainEntityOfPage":{"@id":"https:\/\/www.pressenza.com\/it\/2025\/02\/detenzione-amministrativa-senza-diritto-di-difesa-adesso-si-attende-la-corte-costituzionale-anche-sul-cpr-in-albania\/"},"wordCount":1136,"publisher":{"@id":"https:\/\/www.pressenza.com\/it\/#organization"},"image":{"@id":"https:\/\/www.pressenza.com\/it\/2025\/02\/detenzione-amministrativa-senza-diritto-di-difesa-adesso-si-attende-la-corte-costituzionale-anche-sul-cpr-in-albania\/#primaryimage"},"thumbnailUrl":"https:\/\/www.pressenza.com\/wp-content\/uploads\/2024\/02\/CPr-Migranti-1-e1740303047519.webp","keywords":["Cassazione","Corte Costituzionale","Decreto flussi","Direttiva rimpatri 2008\/115\/CE","legge 187"],"articleSection":["Diritti Umani","Migranti","Non discriminazione"],"inLanguage":"it-IT"},{"@type":"WebPage","@id":"https:\/\/www.pressenza.com\/it\/2025\/02\/detenzione-amministrativa-senza-diritto-di-difesa-adesso-si-attende-la-corte-costituzionale-anche-sul-cpr-in-albania\/","url":"https:\/\/www.pressenza.com\/it\/2025\/02\/detenzione-amministrativa-senza-diritto-di-difesa-adesso-si-attende-la-corte-costituzionale-anche-sul-cpr-in-albania\/","name":"Detenzione amministrativa senza diritto di difesa, adesso si attende la Corte costituzionale, anche sul CPR in Albania","isPartOf":{"@id":"https:\/\/www.pressenza.com\/it\/#website"},"primaryImageOfPage":{"@id":"https:\/\/www.pressenza.com\/it\/2025\/02\/detenzione-amministrativa-senza-diritto-di-difesa-adesso-si-attende-la-corte-costituzionale-anche-sul-cpr-in-albania\/#primaryimage"},"image":{"@id":"https:\/\/www.pressenza.com\/it\/2025\/02\/detenzione-amministrativa-senza-diritto-di-difesa-adesso-si-attende-la-corte-costituzionale-anche-sul-cpr-in-albania\/#primaryimage"},"thumbnailUrl":"https:\/\/www.pressenza.com\/wp-content\/uploads\/2024\/02\/CPr-Migranti-1-e1740303047519.webp","datePublished":"2025-02-04T19:13:09+00:00","dateModified":"2025-02-04T19:14:40+00:00","description":"La Cassazione ha sollevato una\u00a0questione di legittimit\u00e0 davanti alla Corte Costituzionale\u00a0ritenendo rilevante la possibilit\u00e0 di una lesione dei diritti di","breadcrumb":{"@id":"https:\/\/www.pressenza.com\/it\/2025\/02\/detenzione-amministrativa-senza-diritto-di-difesa-adesso-si-attende-la-corte-costituzionale-anche-sul-cpr-in-albania\/#breadcrumb"},"inLanguage":"it-IT","potentialAction":[{"@type":"ReadAction","target":["https:\/\/www.pressenza.com\/it\/2025\/02\/detenzione-amministrativa-senza-diritto-di-difesa-adesso-si-attende-la-corte-costituzionale-anche-sul-cpr-in-albania\/"]}]},{"@type":"ImageObject","inLanguage":"it-IT","@id":"https:\/\/www.pressenza.com\/it\/2025\/02\/detenzione-amministrativa-senza-diritto-di-difesa-adesso-si-attende-la-corte-costituzionale-anche-sul-cpr-in-albania\/#primaryimage","url":"https:\/\/www.pressenza.com\/wp-content\/uploads\/2024\/02\/CPr-Migranti-1-e1740303047519.webp","contentUrl":"https:\/\/www.pressenza.com\/wp-content\/uploads\/2024\/02\/CPr-Migranti-1-e1740303047519.webp","width":800,"height":600,"caption":"CPr-Migranti"},{"@type":"BreadcrumbList","@id":"https:\/\/www.pressenza.com\/it\/2025\/02\/detenzione-amministrativa-senza-diritto-di-difesa-adesso-si-attende-la-corte-costituzionale-anche-sul-cpr-in-albania\/#breadcrumb","itemListElement":[{"@type":"ListItem","position":1,"name":"Accueil","item":"https:\/\/www.pressenza.com\/it\/"},{"@type":"ListItem","position":2,"name":"Detenzione amministrativa senza diritto di difesa, adesso si attende la Corte costituzionale, anche sul CPR in Albania"}]},{"@type":"WebSite","@id":"https:\/\/www.pressenza.com\/it\/#website","url":"https:\/\/www.pressenza.com\/it\/","name":"Pressenza","description":"Agenzia di Stampa Internazionale","publisher":{"@id":"https:\/\/www.pressenza.com\/it\/#organization"},"potentialAction":[{"@type":"SearchAction","target":{"@type":"EntryPoint","urlTemplate":"https:\/\/www.pressenza.com\/it\/?s={search_term_string}"},"query-input":{"@type":"PropertyValueSpecification","valueRequired":true,"valueName":"search_term_string"}}],"inLanguage":"it-IT"},{"@type":"Organization","@id":"https:\/\/www.pressenza.com\/it\/#organization","name":"Pressenza","url":"https:\/\/www.pressenza.com\/it\/","logo":{"@type":"ImageObject","inLanguage":"it-IT","@id":"https:\/\/www.pressenza.com\/it\/#\/schema\/logo\/image\/","url":"https:\/\/www.pressenza.com\/wp-content\/uploads\/2022\/10\/pressenza_logo_200x200.jpg","contentUrl":"https:\/\/www.pressenza.com\/wp-content\/uploads\/2022\/10\/pressenza_logo_200x200.jpg","width":200,"height":200,"caption":"Pressenza"},"image":{"@id":"https:\/\/www.pressenza.com\/it\/#\/schema\/logo\/image\/"},"sameAs":["https:\/\/www.facebook.com\/PressenzaItalia","https:\/\/x.com\/PressenzaIPA"]},{"@type":"Person","@id":"https:\/\/www.pressenza.com\/it\/#\/schema\/person\/dd04c605b89e1d80cb77dfdce7137315","name":"Fulvio Vassallo Paleologo","url":"https:\/\/www.pressenza.com\/it\/author\/fulvio-vassallo-paleologo\/"}]}},"place":"","original_article_url":"","_links":{"self":[{"href":"https:\/\/www.pressenza.com\/it\/wp-json\/wp\/v2\/posts\/2581326","targetHints":{"allow":["GET"]}}],"collection":[{"href":"https:\/\/www.pressenza.com\/it\/wp-json\/wp\/v2\/posts"}],"about":[{"href":"https:\/\/www.pressenza.com\/it\/wp-json\/wp\/v2\/types\/post"}],"author":[{"embeddable":true,"href":"https:\/\/www.pressenza.com\/it\/wp-json\/wp\/v2\/users\/1771"}],"replies":[{"embeddable":true,"href":"https:\/\/www.pressenza.com\/it\/wp-json\/wp\/v2\/comments?post=2581326"}],"version-history":[{"count":0,"href":"https:\/\/www.pressenza.com\/it\/wp-json\/wp\/v2\/posts\/2581326\/revisions"}],"wp:featuredmedia":[{"embeddable":true,"href":"https:\/\/www.pressenza.com\/it\/wp-json\/wp\/v2\/media\/1796511"}],"wp:attachment":[{"href":"https:\/\/www.pressenza.com\/it\/wp-json\/wp\/v2\/media?parent=2581326"}],"wp:term":[{"taxonomy":"category","embeddable":true,"href":"https:\/\/www.pressenza.com\/it\/wp-json\/wp\/v2\/categories?post=2581326"},{"taxonomy":"post_tag","embeddable":true,"href":"https:\/\/www.pressenza.com\/it\/wp-json\/wp\/v2\/tags?post=2581326"}],"curies":[{"name":"wp","href":"https:\/\/api.w.org\/{rel}","templated":true}]}}