{"id":2581303,"date":"2025-02-04T17:55:18","date_gmt":"2025-02-04T17:55:18","guid":{"rendered":"https:\/\/www.pressenza.com\/?p=2581303"},"modified":"2025-02-04T17:58:50","modified_gmt":"2025-02-04T17:58:50","slug":"6-febbraio-giornata-mondiale-di-lotta-contro-il-regime-di-morte-alle-frontiere","status":"publish","type":"post","link":"https:\/\/www.pressenza.com\/it\/2025\/02\/6-febbraio-giornata-mondiale-di-lotta-contro-il-regime-di-morte-alle-frontiere\/","title":{"rendered":"6 febbraio, Giornata mondiale di lotta contro il regime di morte alle frontiere"},"content":{"rendered":"<p>Il 6 febbraio 2024, una grande mobilitazione transnazionale ha segnato i 10 anni di Comm\u00e9mor-Action. Il 6 febbraio 2025 desideriamo amplificare ulteriormente questa mobilitazione a sostegno delle famiglie delle persone decedute o scomparse durante la migrazione.<\/p>\n<p><em>Il 6 febbraio 2014, pi\u00f9 di 200 persone, partite dalle coste marocchine, hanno tentato di raggiungere a nuoto la spiaggia di Tarajal, nell&#8217;enclave coloniale spagnola di Ceuta. Per impedire loro di arrivare in &#8220;terra spagnola&#8221;, la Guardia Civil ha utilizzato equipaggiamento antisommossa, mentre i militari marocchini presenti hanno lasciato che le persone annegassero davanti a loro. Quindici corpi sono stati ritrovati dal lato spagnolo, decine di altri sono scomparsi, i sopravvissuti sono stati respinti, alcuni sono morti dal lato marocchino. <\/em><\/p>\n<p>Da pi\u00f9 di trent&#8217;anni, la violenza diretta o indiretta del regime delle frontiere continua a produrre morte e sparizioni lungo le rotte migratorie. I naufragi si susseguono, con la mancata assistenza e talvolta la responsabilit\u00e0 attiva delle guardie costiere e di Frontex. Il numero di persone che scompaiono senza lasciare tracce, in mare o nel deserto, continua ad aumentare. E le attivit\u00e0 di ricerca e identificazione dei corpi da parte delle autorit\u00e0 sono troppo spesso sbrigative e non coinvolgono le famiglie colpite da questi lutti.<\/p>\n<p>Da pi\u00f9 di trent&#8217;anni, le famiglie e i parenti, le associazioni e tutti coloro che lottano per un eguale diritto alla mobilit\u00e0 per tutte le person, non hanno mai smesso di reclamare verit\u00e0 e giustizia per queste vittime, di sottolineare le responsabilit\u00e0 delle politiche migratorie razziste, di lavorare per provare queste responsabilit\u00e0 e per sostenere le famiglie e i parenti nel loro doloroso percorso di ricerca degli scomparsi e di identificazione delle vittime.<\/p>\n<p>A partire dal 2024, la rete Comm\u00e9mor-Action si \u00e8 dotata di un sito per raccogliere le mobilitazioni che hanno luogo il 6 febbraio di ogni anno e per mettere in evidenza la dimensione collettiva, coordinata e comune di queste mobilitazioni. Una presenza diffusa che testimonia un impegno costante delle associazioni, dei collettivi e soprattutto delle famiglie in cerca di verit\u00e0 e giustizia.<\/p>\n<p><strong>Chiediamo a tutte le organizzazioni sociali e politiche, laiche e religiose, ai gruppi e collettivi delle famiglie delle vittime delle necro-politiche migratorie, ai cittadini e alle cittadine di tutti i Paesi del mondo di organizzare azioni di protesta e sensibilizzazione il 6 febbraio 2025.<\/strong><\/p>\n<p>Vi invitiamo a utilizzare il logo presente nella pagina Facebook, cos\u00ec come i vostri loghi, come modo per rendere visibile il legame tra tutte le diverse iniziative. Vi invitiamo a trasmetterci le informazioni relative alle vostre iniziative (se possibile prima del 6 febbraio) per permetterci di dare visibilit\u00e0 alla mobilitazione collettiva attraverso il sito C<a href=\"https:\/\/commemoraction.net\/\">ommemorAction<\/a>.<\/p>\n<p>Per aderire all&#8217;appello, potete scrivere a: <a href=\"mailto:globalcommemoraction@gmail.com\">globalcommemoraction@gmail.com<\/a><\/p>\n<p>Gruppo Facebook : <a href=\"https:\/\/www.facebook.com\/groups\/330380128977418\/\">https:\/\/www.facebook.com\/groups\/330380128977418\/<\/a><\/p>\n<p>Pagina Facebook : <a href=\"https:\/\/www.facebook.com\/profile.php?id=100076223537693\">https:\/\/www.facebook.com\/profile.php?id=100076223537693<\/a><\/p>\n<p>Pagina delle Comm\u00e9morActions passate : <a href=\"https:\/\/missingattheborders.org\/news\">https:\/\/missingattheborders.org\/news<\/a><\/p>\n<p><strong>Migrare per vivere, non per morire! Sono persone, non numeri! <\/strong><\/p>\n<p><strong>Libert\u00e0 di movimento per tutte e tutti!<\/strong><\/p>\n<p><strong>CHI SIAMO?<\/strong><\/p>\n<p><strong>Siamo<\/strong> genitori, amici e amiche di persone decedute, disperse e\/o vittime di sparizioni forzate lungo le frontiere terrestri o marittime, in Europa, in Africa, in America.<\/p>\n<p><strong>Siamo<\/strong> persone che sono sopravvissute al tentativo di attraversare le frontiere alla ricerca di un futuro migliore.<\/p>\n<p><strong>Siamo<\/strong> cittadini e cittadine solidali che aiutano i migranti durante il loro viaggio fornendo assistenza medica, cibo, vestiti e sostegno quando si trovano in situazioni pericolose affinch\u00e9 il loro viaggio abbia un esito positivo.<\/p>\n<p><strong>Siamo<\/strong> attivisti che hanno raccolto le voci di questi migranti prima della loro scomparsa, che si sforzano di identificare i corpi anonimi nelle zone di frontiera e che danno loro una sepoltura dignitosa.<\/p>\n<p><strong>Siamo<\/strong> una grande famiglia che non ha n\u00e9 frontiere n\u00e9 nazionalit\u00e0, una grande famiglia che lotta contro i regimi di morte imposti da tutte le frontiere del mondo e che si batte per affermare il diritto di migrare, la libert\u00e0 di circolazione e la giustizia globale per tutti e tutte.<\/p>\n<p><strong>COSA SONO LE COMM\u00c9MORACTIONS?<\/strong><\/p>\n<p>Dal massacro di Tarajal, le <strong>Comm\u00e9morActions <\/strong>mirano a rilanciare le rivendicazioni, a lottare contro la giustizia negata, a rendere omaggio a tutte le vittime di un regime delle frontiere pericoloso e immorale, per ricordare il loro nome, al di l\u00e0 delle cifre disumanizzanti e largamente al di sotto della realt\u00e0, senza dimenticare le numerose persone che scompaiono anche nell&#8217;anonimato.<\/p>\n<p>Le Comm\u00e9morActions sono azioni che commemorano le persone migranti decedute, scomparse o vittime di sparizione forzata durante il loro viaggio attraverso le frontiere del mondo.<\/p>\n<p>Il processo \u00e8 nato dalla collaborazione tra gli amici e le famiglie delle persone scomparse, in particolare nel Mediterraneo, e gli attivisti che raccolgono le loro testimonianze e fanno eco alle loro rivendicazioni. Questa collaborazione si \u00e8 consolidata e rafforzata attorno alla creazione del sito <strong>Missing at the Borders <\/strong>(<a href=\"https:\/\/missingattheborders.org\/\">https:\/\/missingattheborders.org<\/a>), nato per dare voce alle famiglie dei migranti e un&#8217;occasione per far sentire la loro storia.<\/p>\n<p>Le Comm\u00e9morActions sono al tempo stesso commemorazioni e proteste che mirano a costruire collettivamente forme di sostegno alle famiglie nelle loro rivendicazioni per avere verit\u00e0 e giustizia riguardo alla sorte dei loro cari.<\/p>\n<p><strong>Il processo della Comm\u00e9morAction consiste\u00a0 in due eventi: \u00a0le COMM\u00c9MORACTIONS DECENTRALIZZATE et le GRANDI COMM\u00c9MORACTIONS<\/strong><\/p>\n<p>Abbiamo scelto la data del <strong>6 febbraio<\/strong>, giorno del massacro del Tarajal, come data simbolica per organizzare ogni anno delle <strong>Comm\u00e9morActions decentralizzate<\/strong> in tutti i Paesi del mondo per unificare tutte le lotte che molte organizzazioni conducono ogni giorno per denunciare la violenza mortale dei regimi frontalieri del mondo e per esigere verit\u00e0, giustizia e riparazione per le vittime della migrazione e le loro famiglie.<\/p>\n<p>Nel febbraio 2020, famiglie e militanti si sono riuniti a Oujda, in Marocco, per organizzare la prima <strong>Grande Comm\u00e9morAction <\/strong>e il 6 settembre 2022 a Zarzis, in Tunisia, per la seconda, al fine di continuare il processo di costruzione della rete internazionale dei parenti dei migranti deceduti, scomparsi e vittime di sparizioni forzate e per continuare la lotta per il diritto alla libert\u00e0 di circolazione per tutti e tutte. Le Grandi Comm\u00e9morActions hanno luogo ogni due anni il <strong>6 settembre<\/strong>, giorno in cui si ricorda il naufragio del 2012 avvenuto a pochi chilometri da Lampedusa, nel quale pi\u00f9 di 50 persone sono scomparse.<\/p>\n<p><strong>COMMEMOR-AZIONE a Milano<\/strong><\/p>\n<p>Questo mese la <strong>Marcia per i Nuovi Desaparecidos sar\u00e0 dedicata a ricordare la Strage di Tarajal, <\/strong>avvenuta il 6 febbraio del 2014 alla frontiera spagnola-marocchina.<\/p>\n<p><strong>Ci troveremo a Milano, gioved\u00ec 6 febbraio in Piazza della Scala, alle 18:30 per chiedere verit\u00e0 e giustizia.<\/strong><\/p>\n<p><strong>INFO a Milano<\/strong> su Facebook <a href=\"https:\/\/www.facebook.com\/milanosenzafrontiere\"><strong>@milanosenzafrontiere<\/strong><\/a><strong>\u00a0<\/strong><\/p>\n<p><img loading=\"lazy\" decoding=\"async\" class=\"alignnone wp-image-2581305 size-full\" src=\"https:\/\/www.pressenza.com\/wp-content\/uploads\/2025\/02\/commemorazione-Tarajal.jpg\" alt=\"\" width=\"1080\" height=\"1080\" srcset=\"https:\/\/www.pressenza.com\/wp-content\/uploads\/2025\/02\/commemorazione-Tarajal.jpg 1080w, https:\/\/www.pressenza.com\/wp-content\/uploads\/2025\/02\/commemorazione-Tarajal-300x300.jpg 300w, https:\/\/www.pressenza.com\/wp-content\/uploads\/2025\/02\/commemorazione-Tarajal-820x820.jpg 820w, https:\/\/www.pressenza.com\/wp-content\/uploads\/2025\/02\/commemorazione-Tarajal-150x150.jpg 150w\" sizes=\"auto, (max-width: 1080px) 100vw, 1080px\" \/><\/p>\n","protected":false},"excerpt":{"rendered":"<p>Il 6 febbraio 2024, una grande mobilitazione transnazionale ha segnato i 10 anni di Comm\u00e9mor-Action. Il 6 febbraio 2025 desideriamo amplificare ulteriormente questa mobilitazione a sostegno delle famiglie delle persone decedute o scomparse durante la migrazione. Il 6 febbraio 2014,&hellip;<\/p>\n","protected":false},"author":1722,"featured_media":2581307,"comment_status":"closed","ping_status":"closed","sticky":false,"template":"","format":"standard","meta":{"footnotes":""},"categories":[150,38,54572],"tags":[132266,4339,4188,42245,35430,70487],"class_list":["post-2581303","post","type-post","status-publish","format-standard","has-post-thumbnail","hentry","category-comunicati-stampa","category-internazionale","category-migranti","tag-commemoractions","tag-eventi","tag-frontiere","tag-marcia-per-i-nuovi-desaparecidos","tag-sparizioni","tag-strage-di-tarajal"],"yoast_head":"<!-- This site is optimized with the Yoast SEO plugin v27.1.1 - https:\/\/yoast.com\/product\/yoast-seo-wordpress\/ -->\n<title>6 febbraio, Giornata mondiale di lotta contro il regime di morte alle frontiere<\/title>\n<meta name=\"description\" content=\"Il 6 febbraio 2024, una grande mobilitazione transnazionale ha segnato i 10 anni di Comm\u00e9mor-Action. Il 6 febbraio 2025 desideriamo amplificare\" \/>\n<meta name=\"robots\" content=\"index, follow, max-snippet:-1, max-image-preview:large, max-video-preview:-1\" \/>\n<link rel=\"canonical\" href=\"https:\/\/www.pressenza.com\/it\/2025\/02\/6-febbraio-giornata-mondiale-di-lotta-contro-il-regime-di-morte-alle-frontiere\/\" \/>\n<meta property=\"og:locale\" content=\"it_IT\" \/>\n<meta property=\"og:type\" content=\"article\" \/>\n<meta property=\"og:title\" content=\"6 febbraio, Giornata mondiale di lotta contro il regime di morte alle frontiere\" \/>\n<meta property=\"og:description\" content=\"Il 6 febbraio 2024, una grande mobilitazione transnazionale ha segnato i 10 anni di Comm\u00e9mor-Action. Il 6 febbraio 2025 desideriamo amplificare\" \/>\n<meta property=\"og:url\" content=\"https:\/\/www.pressenza.com\/it\/2025\/02\/6-febbraio-giornata-mondiale-di-lotta-contro-il-regime-di-morte-alle-frontiere\/\" \/>\n<meta property=\"og:site_name\" content=\"Pressenza\" \/>\n<meta property=\"article:publisher\" content=\"https:\/\/www.facebook.com\/PressenzaItalia\" \/>\n<meta property=\"article:published_time\" content=\"2025-02-04T17:55:18+00:00\" \/>\n<meta property=\"article:modified_time\" content=\"2025-02-04T17:58:50+00:00\" \/>\n<meta property=\"og:image\" content=\"https:\/\/www.pressenza.com\/wp-content\/uploads\/2025\/02\/Commemoraction-2025.jpg\" \/>\n\t<meta property=\"og:image:width\" content=\"960\" \/>\n\t<meta property=\"og:image:height\" content=\"679\" \/>\n\t<meta property=\"og:image:type\" content=\"image\/jpeg\" \/>\n<meta name=\"author\" content=\"Redazione Milano\" \/>\n<meta name=\"twitter:card\" content=\"summary_large_image\" \/>\n<meta name=\"twitter:creator\" content=\"@PressenzaIPA\" \/>\n<meta name=\"twitter:site\" content=\"@PressenzaIPA\" \/>\n<meta name=\"twitter:label1\" content=\"Scritto da\" \/>\n\t<meta name=\"twitter:data1\" content=\"Redazione Milano\" \/>\n\t<meta name=\"twitter:label2\" content=\"Tempo di lettura stimato\" \/>\n\t<meta name=\"twitter:data2\" content=\"6 minuti\" \/>\n<script type=\"application\/ld+json\" class=\"yoast-schema-graph\">{\"@context\":\"https:\/\/schema.org\",\"@graph\":[{\"@type\":\"Article\",\"@id\":\"https:\/\/www.pressenza.com\/it\/2025\/02\/6-febbraio-giornata-mondiale-di-lotta-contro-il-regime-di-morte-alle-frontiere\/#article\",\"isPartOf\":{\"@id\":\"https:\/\/www.pressenza.com\/it\/2025\/02\/6-febbraio-giornata-mondiale-di-lotta-contro-il-regime-di-morte-alle-frontiere\/\"},\"author\":{\"name\":\"Redazione Milano\",\"@id\":\"https:\/\/www.pressenza.com\/it\/#\/schema\/person\/746fc8cdd6c8e3d918fb5714b3583e41\"},\"headline\":\"6 febbraio, Giornata mondiale di lotta contro il regime di morte alle frontiere\",\"datePublished\":\"2025-02-04T17:55:18+00:00\",\"dateModified\":\"2025-02-04T17:58:50+00:00\",\"mainEntityOfPage\":{\"@id\":\"https:\/\/www.pressenza.com\/it\/2025\/02\/6-febbraio-giornata-mondiale-di-lotta-contro-il-regime-di-morte-alle-frontiere\/\"},\"wordCount\":1076,\"publisher\":{\"@id\":\"https:\/\/www.pressenza.com\/it\/#organization\"},\"image\":{\"@id\":\"https:\/\/www.pressenza.com\/it\/2025\/02\/6-febbraio-giornata-mondiale-di-lotta-contro-il-regime-di-morte-alle-frontiere\/#primaryimage\"},\"thumbnailUrl\":\"https:\/\/www.pressenza.com\/wp-content\/uploads\/2025\/02\/Commemoraction-2025.jpg\",\"keywords\":[\"Comm\u00e9morActions\",\"eventi\",\"frontiere\",\"Marcia per i Nuovi Desaparecidos\",\"sparizioni\",\"strage di Tarajal\"],\"articleSection\":[\"Comunicati Stampa\",\"Internazionale\",\"Migranti\"],\"inLanguage\":\"it-IT\"},{\"@type\":\"WebPage\",\"@id\":\"https:\/\/www.pressenza.com\/it\/2025\/02\/6-febbraio-giornata-mondiale-di-lotta-contro-il-regime-di-morte-alle-frontiere\/\",\"url\":\"https:\/\/www.pressenza.com\/it\/2025\/02\/6-febbraio-giornata-mondiale-di-lotta-contro-il-regime-di-morte-alle-frontiere\/\",\"name\":\"6 febbraio, Giornata mondiale di lotta contro il regime di morte alle frontiere\",\"isPartOf\":{\"@id\":\"https:\/\/www.pressenza.com\/it\/#website\"},\"primaryImageOfPage\":{\"@id\":\"https:\/\/www.pressenza.com\/it\/2025\/02\/6-febbraio-giornata-mondiale-di-lotta-contro-il-regime-di-morte-alle-frontiere\/#primaryimage\"},\"image\":{\"@id\":\"https:\/\/www.pressenza.com\/it\/2025\/02\/6-febbraio-giornata-mondiale-di-lotta-contro-il-regime-di-morte-alle-frontiere\/#primaryimage\"},\"thumbnailUrl\":\"https:\/\/www.pressenza.com\/wp-content\/uploads\/2025\/02\/Commemoraction-2025.jpg\",\"datePublished\":\"2025-02-04T17:55:18+00:00\",\"dateModified\":\"2025-02-04T17:58:50+00:00\",\"description\":\"Il 6 febbraio 2024, una grande mobilitazione transnazionale ha segnato i 10 anni di Comm\u00e9mor-Action. Il 6 febbraio 2025 desideriamo amplificare\",\"breadcrumb\":{\"@id\":\"https:\/\/www.pressenza.com\/it\/2025\/02\/6-febbraio-giornata-mondiale-di-lotta-contro-il-regime-di-morte-alle-frontiere\/#breadcrumb\"},\"inLanguage\":\"it-IT\",\"potentialAction\":[{\"@type\":\"ReadAction\",\"target\":[\"https:\/\/www.pressenza.com\/it\/2025\/02\/6-febbraio-giornata-mondiale-di-lotta-contro-il-regime-di-morte-alle-frontiere\/\"]}]},{\"@type\":\"ImageObject\",\"inLanguage\":\"it-IT\",\"@id\":\"https:\/\/www.pressenza.com\/it\/2025\/02\/6-febbraio-giornata-mondiale-di-lotta-contro-il-regime-di-morte-alle-frontiere\/#primaryimage\",\"url\":\"https:\/\/www.pressenza.com\/wp-content\/uploads\/2025\/02\/Commemoraction-2025.jpg\",\"contentUrl\":\"https:\/\/www.pressenza.com\/wp-content\/uploads\/2025\/02\/Commemoraction-2025.jpg\",\"width\":960,\"height\":679},{\"@type\":\"BreadcrumbList\",\"@id\":\"https:\/\/www.pressenza.com\/it\/2025\/02\/6-febbraio-giornata-mondiale-di-lotta-contro-il-regime-di-morte-alle-frontiere\/#breadcrumb\",\"itemListElement\":[{\"@type\":\"ListItem\",\"position\":1,\"name\":\"Accueil\",\"item\":\"https:\/\/www.pressenza.com\/it\/\"},{\"@type\":\"ListItem\",\"position\":2,\"name\":\"6 febbraio, Giornata mondiale di lotta contro il regime di morte alle frontiere\"}]},{\"@type\":\"WebSite\",\"@id\":\"https:\/\/www.pressenza.com\/it\/#website\",\"url\":\"https:\/\/www.pressenza.com\/it\/\",\"name\":\"Pressenza\",\"description\":\"Agenzia di Stampa Internazionale\",\"publisher\":{\"@id\":\"https:\/\/www.pressenza.com\/it\/#organization\"},\"potentialAction\":[{\"@type\":\"SearchAction\",\"target\":{\"@type\":\"EntryPoint\",\"urlTemplate\":\"https:\/\/www.pressenza.com\/it\/?s={search_term_string}\"},\"query-input\":{\"@type\":\"PropertyValueSpecification\",\"valueRequired\":true,\"valueName\":\"search_term_string\"}}],\"inLanguage\":\"it-IT\"},{\"@type\":\"Organization\",\"@id\":\"https:\/\/www.pressenza.com\/it\/#organization\",\"name\":\"Pressenza\",\"url\":\"https:\/\/www.pressenza.com\/it\/\",\"logo\":{\"@type\":\"ImageObject\",\"inLanguage\":\"it-IT\",\"@id\":\"https:\/\/www.pressenza.com\/it\/#\/schema\/logo\/image\/\",\"url\":\"https:\/\/www.pressenza.com\/wp-content\/uploads\/2022\/10\/pressenza_logo_200x200.jpg\",\"contentUrl\":\"https:\/\/www.pressenza.com\/wp-content\/uploads\/2022\/10\/pressenza_logo_200x200.jpg\",\"width\":200,\"height\":200,\"caption\":\"Pressenza\"},\"image\":{\"@id\":\"https:\/\/www.pressenza.com\/it\/#\/schema\/logo\/image\/\"},\"sameAs\":[\"https:\/\/www.facebook.com\/PressenzaItalia\",\"https:\/\/x.com\/PressenzaIPA\"]},{\"@type\":\"Person\",\"@id\":\"https:\/\/www.pressenza.com\/it\/#\/schema\/person\/746fc8cdd6c8e3d918fb5714b3583e41\",\"name\":\"Redazione Milano\",\"description\":\"News from the Pressenza Bureau in Milan, Italy\",\"url\":\"https:\/\/www.pressenza.com\/it\/author\/redazione-milano\/\"}]}<\/script>\n<!-- \/ Yoast SEO plugin. -->","yoast_head_json":{"title":"6 febbraio, Giornata mondiale di lotta contro il regime di morte alle frontiere","description":"Il 6 febbraio 2024, una grande mobilitazione transnazionale ha segnato i 10 anni di Comm\u00e9mor-Action. Il 6 febbraio 2025 desideriamo amplificare","robots":{"index":"index","follow":"follow","max-snippet":"max-snippet:-1","max-image-preview":"max-image-preview:large","max-video-preview":"max-video-preview:-1"},"canonical":"https:\/\/www.pressenza.com\/it\/2025\/02\/6-febbraio-giornata-mondiale-di-lotta-contro-il-regime-di-morte-alle-frontiere\/","og_locale":"it_IT","og_type":"article","og_title":"6 febbraio, Giornata mondiale di lotta contro il regime di morte alle frontiere","og_description":"Il 6 febbraio 2024, una grande mobilitazione transnazionale ha segnato i 10 anni di Comm\u00e9mor-Action. Il 6 febbraio 2025 desideriamo amplificare","og_url":"https:\/\/www.pressenza.com\/it\/2025\/02\/6-febbraio-giornata-mondiale-di-lotta-contro-il-regime-di-morte-alle-frontiere\/","og_site_name":"Pressenza","article_publisher":"https:\/\/www.facebook.com\/PressenzaItalia","article_published_time":"2025-02-04T17:55:18+00:00","article_modified_time":"2025-02-04T17:58:50+00:00","og_image":[{"width":960,"height":679,"url":"https:\/\/www.pressenza.com\/wp-content\/uploads\/2025\/02\/Commemoraction-2025.jpg","type":"image\/jpeg"}],"author":"Redazione Milano","twitter_card":"summary_large_image","twitter_creator":"@PressenzaIPA","twitter_site":"@PressenzaIPA","twitter_misc":{"Scritto da":"Redazione Milano","Tempo di lettura stimato":"6 minuti"},"schema":{"@context":"https:\/\/schema.org","@graph":[{"@type":"Article","@id":"https:\/\/www.pressenza.com\/it\/2025\/02\/6-febbraio-giornata-mondiale-di-lotta-contro-il-regime-di-morte-alle-frontiere\/#article","isPartOf":{"@id":"https:\/\/www.pressenza.com\/it\/2025\/02\/6-febbraio-giornata-mondiale-di-lotta-contro-il-regime-di-morte-alle-frontiere\/"},"author":{"name":"Redazione Milano","@id":"https:\/\/www.pressenza.com\/it\/#\/schema\/person\/746fc8cdd6c8e3d918fb5714b3583e41"},"headline":"6 febbraio, Giornata mondiale di lotta contro il regime di morte alle frontiere","datePublished":"2025-02-04T17:55:18+00:00","dateModified":"2025-02-04T17:58:50+00:00","mainEntityOfPage":{"@id":"https:\/\/www.pressenza.com\/it\/2025\/02\/6-febbraio-giornata-mondiale-di-lotta-contro-il-regime-di-morte-alle-frontiere\/"},"wordCount":1076,"publisher":{"@id":"https:\/\/www.pressenza.com\/it\/#organization"},"image":{"@id":"https:\/\/www.pressenza.com\/it\/2025\/02\/6-febbraio-giornata-mondiale-di-lotta-contro-il-regime-di-morte-alle-frontiere\/#primaryimage"},"thumbnailUrl":"https:\/\/www.pressenza.com\/wp-content\/uploads\/2025\/02\/Commemoraction-2025.jpg","keywords":["Comm\u00e9morActions","eventi","frontiere","Marcia per i Nuovi Desaparecidos","sparizioni","strage di Tarajal"],"articleSection":["Comunicati Stampa","Internazionale","Migranti"],"inLanguage":"it-IT"},{"@type":"WebPage","@id":"https:\/\/www.pressenza.com\/it\/2025\/02\/6-febbraio-giornata-mondiale-di-lotta-contro-il-regime-di-morte-alle-frontiere\/","url":"https:\/\/www.pressenza.com\/it\/2025\/02\/6-febbraio-giornata-mondiale-di-lotta-contro-il-regime-di-morte-alle-frontiere\/","name":"6 febbraio, Giornata mondiale di lotta contro il regime di morte alle frontiere","isPartOf":{"@id":"https:\/\/www.pressenza.com\/it\/#website"},"primaryImageOfPage":{"@id":"https:\/\/www.pressenza.com\/it\/2025\/02\/6-febbraio-giornata-mondiale-di-lotta-contro-il-regime-di-morte-alle-frontiere\/#primaryimage"},"image":{"@id":"https:\/\/www.pressenza.com\/it\/2025\/02\/6-febbraio-giornata-mondiale-di-lotta-contro-il-regime-di-morte-alle-frontiere\/#primaryimage"},"thumbnailUrl":"https:\/\/www.pressenza.com\/wp-content\/uploads\/2025\/02\/Commemoraction-2025.jpg","datePublished":"2025-02-04T17:55:18+00:00","dateModified":"2025-02-04T17:58:50+00:00","description":"Il 6 febbraio 2024, una grande mobilitazione transnazionale ha segnato i 10 anni di Comm\u00e9mor-Action. Il 6 febbraio 2025 desideriamo amplificare","breadcrumb":{"@id":"https:\/\/www.pressenza.com\/it\/2025\/02\/6-febbraio-giornata-mondiale-di-lotta-contro-il-regime-di-morte-alle-frontiere\/#breadcrumb"},"inLanguage":"it-IT","potentialAction":[{"@type":"ReadAction","target":["https:\/\/www.pressenza.com\/it\/2025\/02\/6-febbraio-giornata-mondiale-di-lotta-contro-il-regime-di-morte-alle-frontiere\/"]}]},{"@type":"ImageObject","inLanguage":"it-IT","@id":"https:\/\/www.pressenza.com\/it\/2025\/02\/6-febbraio-giornata-mondiale-di-lotta-contro-il-regime-di-morte-alle-frontiere\/#primaryimage","url":"https:\/\/www.pressenza.com\/wp-content\/uploads\/2025\/02\/Commemoraction-2025.jpg","contentUrl":"https:\/\/www.pressenza.com\/wp-content\/uploads\/2025\/02\/Commemoraction-2025.jpg","width":960,"height":679},{"@type":"BreadcrumbList","@id":"https:\/\/www.pressenza.com\/it\/2025\/02\/6-febbraio-giornata-mondiale-di-lotta-contro-il-regime-di-morte-alle-frontiere\/#breadcrumb","itemListElement":[{"@type":"ListItem","position":1,"name":"Accueil","item":"https:\/\/www.pressenza.com\/it\/"},{"@type":"ListItem","position":2,"name":"6 febbraio, Giornata mondiale di lotta contro il regime di morte alle frontiere"}]},{"@type":"WebSite","@id":"https:\/\/www.pressenza.com\/it\/#website","url":"https:\/\/www.pressenza.com\/it\/","name":"Pressenza","description":"Agenzia di Stampa Internazionale","publisher":{"@id":"https:\/\/www.pressenza.com\/it\/#organization"},"potentialAction":[{"@type":"SearchAction","target":{"@type":"EntryPoint","urlTemplate":"https:\/\/www.pressenza.com\/it\/?s={search_term_string}"},"query-input":{"@type":"PropertyValueSpecification","valueRequired":true,"valueName":"search_term_string"}}],"inLanguage":"it-IT"},{"@type":"Organization","@id":"https:\/\/www.pressenza.com\/it\/#organization","name":"Pressenza","url":"https:\/\/www.pressenza.com\/it\/","logo":{"@type":"ImageObject","inLanguage":"it-IT","@id":"https:\/\/www.pressenza.com\/it\/#\/schema\/logo\/image\/","url":"https:\/\/www.pressenza.com\/wp-content\/uploads\/2022\/10\/pressenza_logo_200x200.jpg","contentUrl":"https:\/\/www.pressenza.com\/wp-content\/uploads\/2022\/10\/pressenza_logo_200x200.jpg","width":200,"height":200,"caption":"Pressenza"},"image":{"@id":"https:\/\/www.pressenza.com\/it\/#\/schema\/logo\/image\/"},"sameAs":["https:\/\/www.facebook.com\/PressenzaItalia","https:\/\/x.com\/PressenzaIPA"]},{"@type":"Person","@id":"https:\/\/www.pressenza.com\/it\/#\/schema\/person\/746fc8cdd6c8e3d918fb5714b3583e41","name":"Redazione Milano","description":"News from the Pressenza Bureau in Milan, Italy","url":"https:\/\/www.pressenza.com\/it\/author\/redazione-milano\/"}]}},"place":"","original_article_url":"","_links":{"self":[{"href":"https:\/\/www.pressenza.com\/it\/wp-json\/wp\/v2\/posts\/2581303","targetHints":{"allow":["GET"]}}],"collection":[{"href":"https:\/\/www.pressenza.com\/it\/wp-json\/wp\/v2\/posts"}],"about":[{"href":"https:\/\/www.pressenza.com\/it\/wp-json\/wp\/v2\/types\/post"}],"author":[{"embeddable":true,"href":"https:\/\/www.pressenza.com\/it\/wp-json\/wp\/v2\/users\/1722"}],"replies":[{"embeddable":true,"href":"https:\/\/www.pressenza.com\/it\/wp-json\/wp\/v2\/comments?post=2581303"}],"version-history":[{"count":0,"href":"https:\/\/www.pressenza.com\/it\/wp-json\/wp\/v2\/posts\/2581303\/revisions"}],"wp:featuredmedia":[{"embeddable":true,"href":"https:\/\/www.pressenza.com\/it\/wp-json\/wp\/v2\/media\/2581307"}],"wp:attachment":[{"href":"https:\/\/www.pressenza.com\/it\/wp-json\/wp\/v2\/media?parent=2581303"}],"wp:term":[{"taxonomy":"category","embeddable":true,"href":"https:\/\/www.pressenza.com\/it\/wp-json\/wp\/v2\/categories?post=2581303"},{"taxonomy":"post_tag","embeddable":true,"href":"https:\/\/www.pressenza.com\/it\/wp-json\/wp\/v2\/tags?post=2581303"}],"curies":[{"name":"wp","href":"https:\/\/api.w.org\/{rel}","templated":true}]}}