{"id":2580985,"date":"2025-02-03T16:05:33","date_gmt":"2025-02-03T16:05:33","guid":{"rendered":"https:\/\/www.pressenza.com\/?p=2580985"},"modified":"2025-02-03T16:05:33","modified_gmt":"2025-02-03T16:05:33","slug":"il-tavolo-delle-trattative-uninstallazione-ideata-e-realizzata-da-alessandro-bergonzoni","status":"publish","type":"post","link":"https:\/\/www.pressenza.com\/it\/2025\/02\/il-tavolo-delle-trattative-uninstallazione-ideata-e-realizzata-da-alessandro-bergonzoni\/","title":{"rendered":"Il tavolo delle trattative, un&#8217;installazione ideata e realizzata da Alessandro Bergonzoni"},"content":{"rendered":"<p>Il tavolo delle trattative, un&#8217;installazione ideata e realizzata da Alessandro Bergonzoni, a Palazzo Pepoli dal 5 al 10 febbraio a Bologna.<\/p>\n<p>Sar\u00e0 teatro di varie iniziative, in particolare durante la Art City White Night<\/p>\n<p>Palazzo Pepoli partecipa al cartellone di ART CITY Bologna 2025 con &#8220;Il tavolo delle trattative&#8221;, un\u2019installazione di sensibilizzazione artistico sociale ideata e realizzata dall&#8217;artista Alessandro Bergonzoni.<\/p>\n<p>Esposta nella Sala della Cultura a Palazzo Pepoli, dal 5 al 10 febbraio 2025, &#8220;Il tavolo delle Trattative&#8221; nasce come un\u2019opera viva che vuole diventare fulcro di convergenza e dialogo, per promuovere un confronto sulla pace e sulla necessit\u00e0 del \u201ctrattare\u201c, accogliendo i contributi di artisti, intellettuali, esponenti pubblici, associazioni e persone della societ\u00e0 civile.<\/p>\n<p>Il vernissage avverr\u00e0 in occasione della conferenza stampa fissata per mercoled\u00ec 5 febbraio<br \/>\n2025 alle ore 13 a Palazzo Pepoli, in Via Castiglione 8, Bologna.<\/p>\n<p>Diverse iniziative si susseguiranno in particolare durante la Art City White Night, sabato 8 febbraio 2025, dalle 20 alle 24, mentre il finissage si terr\u00e0 il 10 febbraio 2025, in occasione della conclusione ufficiale dell\u2019installazione con una tavola \u201cdelle trattative\u201d tra l\u2019artista, i rappresentanti delle istituzioni e delle diverse fedi nella citt\u00e0 di Bologna.<\/p>\n<p><strong>Il tavolo delle Trattative<br \/>\nProgetto artistico di Alessandro Bergonzoni<\/strong><\/p>\n<p><strong>Vorrei aver le gambe!<\/strong><\/p>\n<p>Questa la mia richiesta di un anno fa ad Emergency, nel suo trentennale e che quest\u2019anno lancia la campagna \u201cR1PUD1A\u201d anche a Bologna.<\/p>\n<p>Compatibilmente al  correre per il mondo a curare i mali delle guerre, me le hanno fatte avere.<\/p>\n<p>Da tempo volevo realizzare un\u2019opera, una installazione artistica,per \u201c unire\u201d appunto arti ad arte, per trasformare  mutilazioni in  azioni, un gesto, un simbolo di quanto stava accadendo e continua ad accadere nel mondo tutto: Afganistan , Iraq, Ucraina,  Russia, Israele, Palestina, Libano, Giordania,  Mozambico e tanta  Africa\u2026 (pi\u00f9 di cinquanta conflitti, per i quali auspico e propongo l\u2019esposizione nelle citt\u00e0 di tutti i vessilli dei paesi coinvolti, bandiera  arcobaleno e bianca compresa, perch\u00e9 non \u00e9 una resa, ma rende, cio\u00e8 restituisce l\u2019idea di  dignit\u00e0, anche a chi non vuole pi\u00f9 uccidere n\u00e9 sacrificare in maggior parte i civili, per qualsiasi ragione, o torto subito).<\/p>\n<p>Virtualmente e spero non solo, questo tavolo vivr\u00e0 in tutti i \u201cteatri\u201d di guerra, dove l\u2019unico pubblico che c\u2019\u00e8, spesso \u00e8 lontano migliaia di chilometri e sta a guardare pi\u00f9 o meno impotente. <\/p>\n<p>Peggio ancora \u00e8 pubblico pagante cio\u00e8 che, connivente, foraggia ed alimenta  con armi e mezzi , quel palco dove gli attori continuano a morire ad estinguersi e a soffrire, come lo stesso copione  recita: colonizzare, conquistare, invadere, profanare, bombardare, con fierezza direi atomica!<\/p>\n<p>Ecco perch\u00e9 ho pensato ad un tavolo anche \u201canatomico\u201d, delle trattative: per poter sedercisi attorno e cominciare un\u2019operazione quasi clinica :\u201csviscerare\u201d analizzare e studiare macroscopicamente e microscopicamente, come accordarsi, per smettere di ripetere all\u2019infinito il sabba della guerra, stregati dagli eccidi .<\/p>\n<p>Per iniziare una \u201crievoluzione\u201d sovrumana che possa portare al di l\u00e0 di ogni conflitto etnico religioso economico , attraverso la pace, che \u00e8 soprattutto mezzo, non solo meta: il fine ultimo, \u00e9 una  ri nascita dell\u2019universo (e con la parola verso chiedo, oltre all\u2019arte, \u201cmaidellaguerra\u201d, anche alla poesia, di riscrivere ben altri spartiti, testi, teste e concordati).<\/p>\n<p>Trattative che, per chi ci si sieder\u00e0 attorno dicevo, poggiano materialmente su \u201carti\u201d artificiali:  dei  tanti che  le gambe le hanno perdute per sempre, ma che nonostante tutto \u201csostengono\u201d , metaforicamente e simbolicamente oltre che architettonicamente, proprio il peso dell appoggiarvisi, intavolando compromessi, diplomazia, scambio di idee, e strategie altre (non solo geopolitiche ma antropologiche filosofiche quantistiche e spirituali ).<\/p>\n<p>Sono coloro che vorranno, dovranno, e sapranno imprimere (in primis), nuova frequenza, luce, onda ed energia vitale alla terra, ai sui abitanti, spaesati, e immigrati dell obbligo, in fuga dalle guerre e rischiano ancora la vita a forza di non essere salvati,conosciuti o sconosciuti ai pi\u00f9: perch\u00e9 quei pi\u00f9 non si trasformino ancora e sempre in croci.<\/p>\n<p>Il Comune di Bologna, presentata l\u2019idea, mi ha offerto, convinto e coinvolto, la Sala della Cultura, al secondo piano di Palazzo Pepoli- sede degli incontri Prospettiva Bologna- che diventa sala espositiva e soprattutto mi dar\u00e0 la possibilit\u00e0 di condividere per una settimana e piu, con la cittadinanza tutta, alcuni momenti \u201cperformativi\u201d e rappresentativi condivisi, non solo espositivi (come la notte bianca di ArtCity l\u2019 8 febbraio).<\/p>\n<p>Il giorno 5 alle 13 terr\u00f2 una conferenza stampa aperta, pubblica, su questa installazione: una specie di vernissage, per capire di cosa si tratta quando inizia una trattativa , e di come si potrebbero trattare le popolazioni la terra e un pianeta, maltrattati. <\/p>\n<p>Una visione che svela tutti i moventi d\u2019arti e d\u2019arte, antimorti e antimorenti: Pace, diritti, non violenza e anche vera e propria \u201c diserzione\u201d dall\u2019essere \u201cumano\u201d, (ancora incapace di \u201csovrumano\u201d),  se \u201cuomo\u201d ora \u00e8 soprattutto chi, attaccando o difendendosi, perde  l\u2019unica  infinita dimensione del bene, dell\u2019altro, del limite, e nella dismisura perpetra crimini fino al demoniaco , contro ogni essenza  del sacro e di vita, considerata ormai pari al nulla.<\/p>\n<p>Non sia pi\u00f9 alibi delle proprie ragioni o torti, l\u2019essere super potenze, o il sentirsi titolari unici della giustizia migliore o l\u2019appartenenza ad una  genia perfetta, terroristi o governi di sfondamento e conquista, multinazionali o industriali delle armi, dittatori o democratici sostenitori della rappresaglia benedetta da un qualsiasi Dio, finanza compresa: credo  che  su questo tavolo, vadano analizzati, a cuore aperto, dalle nostre anime, ad arte (non solo dai  grandi o minuscoli della terra ma da noi che siamo gli  esseri  primi ed ultimi curatori delcosmo, ereditato, in natura. Ogni natura).  <\/p>\n<p>Il giorno 10 febbraio alle 19, ho pensato quindi ad una tavola non rotonda, ma delle trattative, con alcuni rappresentanti delle realt\u00e0 civili politiche e religiose del nostro territorio<\/p>\n<p>Hanno dato la loro adesione l\u2019Arcivescovo di Bologna e presidente della Cei il cardinale Matteo Zuppi,Yassine Laframe imam della comunit\u00e0 mussulmana della nostra citt\u00e0, Daniele DePaz presidente della comunit\u00e0 ebraica bolognese,Matteo Lepore sindaco di Bologna ed il sottoscritto.<\/p>\n<p>Stiamo cercando anche di creare alcuni eventi in via di definizione che vedranno  la partecipazione nei giorni dal 5 al 10 di febbraio, di varie  associazioni, compresa Emergency stessa,  di artisti della nostra citt\u00e0 , dell \u2018Accademia di Belle arti e non solo, che vorranno rispondere a questo  invito : portare la loro voce, i loro corpi (arti in tutti i sensi) attorno,  sopra, e accanto a questo tavolo. <\/p>\n<p>Liberamente, e anche per liberare chi non pu\u00f2  scappare, se non a gambe levate, dalla fine \u201cartis\u201d.<\/p>\n<p>ALESSANDRO BERGONZONI<\/p>\n","protected":false},"excerpt":{"rendered":"<p>Il tavolo delle trattative, un&#8217;installazione ideata e realizzata da Alessandro Bergonzoni, a Palazzo Pepoli dal 5 al 10 febbraio a Bologna. Sar\u00e0 teatro di varie iniziative, in particolare durante la Art City White Night Palazzo Pepoli partecipa al cartellone di&hellip;<\/p>\n","protected":false},"author":1735,"featured_media":2580986,"comment_status":"closed","ping_status":"closed","sticky":false,"template":"","format":"standard","meta":{"footnotes":""},"categories":[56,1262],"tags":[132188,65858],"class_list":["post-2580985","post","type-post","status-publish","format-standard","has-post-thumbnail","hentry","category-cultura","category-nonviolenza-argomento","tag-bergonzoni","tag-trattative"],"yoast_head":"<!-- This site is optimized with the Yoast SEO plugin v27.1.1 - https:\/\/yoast.com\/product\/yoast-seo-wordpress\/ -->\n<title>Il tavolo delle trattative, un&#039;installazione ideata e realizzata da Alessandro Bergonzoni<\/title>\n<meta name=\"description\" content=\"Il tavolo delle trattative, un&#039;installazione ideata e realizzata da Alessandro Bergonzoni, a Palazzo Pepoli dal 5 al 10 febbraio a Bologna. Sar\u00e0 teatro di\" \/>\n<meta name=\"robots\" content=\"index, follow, max-snippet:-1, max-image-preview:large, max-video-preview:-1\" \/>\n<link rel=\"canonical\" href=\"https:\/\/www.pressenza.com\/it\/2025\/02\/il-tavolo-delle-trattative-uninstallazione-ideata-e-realizzata-da-alessandro-bergonzoni\/\" \/>\n<meta property=\"og:locale\" content=\"it_IT\" \/>\n<meta property=\"og:type\" content=\"article\" \/>\n<meta property=\"og:title\" content=\"Il tavolo delle trattative, un&#039;installazione ideata e realizzata da Alessandro Bergonzoni\" \/>\n<meta property=\"og:description\" content=\"Il tavolo delle trattative, un&#039;installazione ideata e realizzata da Alessandro Bergonzoni, a Palazzo Pepoli dal 5 al 10 febbraio a Bologna. Sar\u00e0 teatro di\" \/>\n<meta property=\"og:url\" content=\"https:\/\/www.pressenza.com\/it\/2025\/02\/il-tavolo-delle-trattative-uninstallazione-ideata-e-realizzata-da-alessandro-bergonzoni\/\" \/>\n<meta property=\"og:site_name\" content=\"Pressenza\" \/>\n<meta property=\"article:publisher\" content=\"https:\/\/www.facebook.com\/PressenzaItalia\" \/>\n<meta property=\"article:published_time\" content=\"2025-02-03T16:05:33+00:00\" \/>\n<meta property=\"og:image\" content=\"https:\/\/www.pressenza.com\/wp-content\/uploads\/2025\/02\/il-tavolo-delle-trattative-a.jpg\" \/>\n\t<meta property=\"og:image:width\" content=\"1920\" \/>\n\t<meta property=\"og:image:height\" content=\"1117\" \/>\n\t<meta property=\"og:image:type\" content=\"image\/jpeg\" \/>\n<meta name=\"author\" content=\"Redazione Bologna\" \/>\n<meta name=\"twitter:card\" content=\"summary_large_image\" \/>\n<meta name=\"twitter:creator\" content=\"@PressenzaIPA\" \/>\n<meta name=\"twitter:site\" content=\"@PressenzaIPA\" \/>\n<meta name=\"twitter:label1\" content=\"Scritto da\" \/>\n\t<meta name=\"twitter:data1\" content=\"Redazione Bologna\" \/>\n<script type=\"application\/ld+json\" class=\"yoast-schema-graph\">{\"@context\":\"https:\/\/schema.org\",\"@graph\":[{\"@type\":\"Article\",\"@id\":\"https:\/\/www.pressenza.com\/it\/2025\/02\/il-tavolo-delle-trattative-uninstallazione-ideata-e-realizzata-da-alessandro-bergonzoni\/#article\",\"isPartOf\":{\"@id\":\"https:\/\/www.pressenza.com\/it\/2025\/02\/il-tavolo-delle-trattative-uninstallazione-ideata-e-realizzata-da-alessandro-bergonzoni\/\"},\"author\":{\"name\":\"Redazione Bologna\",\"@id\":\"https:\/\/www.pressenza.com\/it\/#\/schema\/person\/7161b5f2c2878af73c2dec311d7cd124\"},\"headline\":\"Il tavolo delle trattative, un&#8217;installazione ideata e realizzata da Alessandro Bergonzoni\",\"datePublished\":\"2025-02-03T16:05:33+00:00\",\"mainEntityOfPage\":{\"@id\":\"https:\/\/www.pressenza.com\/it\/2025\/02\/il-tavolo-delle-trattative-uninstallazione-ideata-e-realizzata-da-alessandro-bergonzoni\/\"},\"wordCount\":1069,\"publisher\":{\"@id\":\"https:\/\/www.pressenza.com\/it\/#organization\"},\"image\":{\"@id\":\"https:\/\/www.pressenza.com\/it\/2025\/02\/il-tavolo-delle-trattative-uninstallazione-ideata-e-realizzata-da-alessandro-bergonzoni\/#primaryimage\"},\"thumbnailUrl\":\"https:\/\/www.pressenza.com\/wp-content\/uploads\/2025\/02\/il-tavolo-delle-trattative-a.jpg\",\"keywords\":[\"bergonzoni\",\"trattative\"],\"articleSection\":[\"Cultura e Media\",\"Nonviolenza\"],\"inLanguage\":\"it-IT\"},{\"@type\":\"WebPage\",\"@id\":\"https:\/\/www.pressenza.com\/it\/2025\/02\/il-tavolo-delle-trattative-uninstallazione-ideata-e-realizzata-da-alessandro-bergonzoni\/\",\"url\":\"https:\/\/www.pressenza.com\/it\/2025\/02\/il-tavolo-delle-trattative-uninstallazione-ideata-e-realizzata-da-alessandro-bergonzoni\/\",\"name\":\"Il tavolo delle trattative, un'installazione ideata e realizzata da Alessandro Bergonzoni\",\"isPartOf\":{\"@id\":\"https:\/\/www.pressenza.com\/it\/#website\"},\"primaryImageOfPage\":{\"@id\":\"https:\/\/www.pressenza.com\/it\/2025\/02\/il-tavolo-delle-trattative-uninstallazione-ideata-e-realizzata-da-alessandro-bergonzoni\/#primaryimage\"},\"image\":{\"@id\":\"https:\/\/www.pressenza.com\/it\/2025\/02\/il-tavolo-delle-trattative-uninstallazione-ideata-e-realizzata-da-alessandro-bergonzoni\/#primaryimage\"},\"thumbnailUrl\":\"https:\/\/www.pressenza.com\/wp-content\/uploads\/2025\/02\/il-tavolo-delle-trattative-a.jpg\",\"datePublished\":\"2025-02-03T16:05:33+00:00\",\"description\":\"Il tavolo delle trattative, un'installazione ideata e realizzata da Alessandro Bergonzoni, a Palazzo Pepoli dal 5 al 10 febbraio a Bologna. Sar\u00e0 teatro di\",\"breadcrumb\":{\"@id\":\"https:\/\/www.pressenza.com\/it\/2025\/02\/il-tavolo-delle-trattative-uninstallazione-ideata-e-realizzata-da-alessandro-bergonzoni\/#breadcrumb\"},\"inLanguage\":\"it-IT\",\"potentialAction\":[{\"@type\":\"ReadAction\",\"target\":[\"https:\/\/www.pressenza.com\/it\/2025\/02\/il-tavolo-delle-trattative-uninstallazione-ideata-e-realizzata-da-alessandro-bergonzoni\/\"]}]},{\"@type\":\"ImageObject\",\"inLanguage\":\"it-IT\",\"@id\":\"https:\/\/www.pressenza.com\/it\/2025\/02\/il-tavolo-delle-trattative-uninstallazione-ideata-e-realizzata-da-alessandro-bergonzoni\/#primaryimage\",\"url\":\"https:\/\/www.pressenza.com\/wp-content\/uploads\/2025\/02\/il-tavolo-delle-trattative-a.jpg\",\"contentUrl\":\"https:\/\/www.pressenza.com\/wp-content\/uploads\/2025\/02\/il-tavolo-delle-trattative-a.jpg\",\"width\":1920,\"height\":1117},{\"@type\":\"BreadcrumbList\",\"@id\":\"https:\/\/www.pressenza.com\/it\/2025\/02\/il-tavolo-delle-trattative-uninstallazione-ideata-e-realizzata-da-alessandro-bergonzoni\/#breadcrumb\",\"itemListElement\":[{\"@type\":\"ListItem\",\"position\":1,\"name\":\"Accueil\",\"item\":\"https:\/\/www.pressenza.com\/it\/\"},{\"@type\":\"ListItem\",\"position\":2,\"name\":\"Il tavolo delle trattative, un&#8217;installazione ideata e realizzata da Alessandro Bergonzoni\"}]},{\"@type\":\"WebSite\",\"@id\":\"https:\/\/www.pressenza.com\/it\/#website\",\"url\":\"https:\/\/www.pressenza.com\/it\/\",\"name\":\"Pressenza\",\"description\":\"Agenzia di Stampa Internazionale\",\"publisher\":{\"@id\":\"https:\/\/www.pressenza.com\/it\/#organization\"},\"potentialAction\":[{\"@type\":\"SearchAction\",\"target\":{\"@type\":\"EntryPoint\",\"urlTemplate\":\"https:\/\/www.pressenza.com\/it\/?s={search_term_string}\"},\"query-input\":{\"@type\":\"PropertyValueSpecification\",\"valueRequired\":true,\"valueName\":\"search_term_string\"}}],\"inLanguage\":\"it-IT\"},{\"@type\":\"Organization\",\"@id\":\"https:\/\/www.pressenza.com\/it\/#organization\",\"name\":\"Pressenza\",\"url\":\"https:\/\/www.pressenza.com\/it\/\",\"logo\":{\"@type\":\"ImageObject\",\"inLanguage\":\"it-IT\",\"@id\":\"https:\/\/www.pressenza.com\/it\/#\/schema\/logo\/image\/\",\"url\":\"https:\/\/www.pressenza.com\/wp-content\/uploads\/2022\/10\/pressenza_logo_200x200.jpg\",\"contentUrl\":\"https:\/\/www.pressenza.com\/wp-content\/uploads\/2022\/10\/pressenza_logo_200x200.jpg\",\"width\":200,\"height\":200,\"caption\":\"Pressenza\"},\"image\":{\"@id\":\"https:\/\/www.pressenza.com\/it\/#\/schema\/logo\/image\/\"},\"sameAs\":[\"https:\/\/www.facebook.com\/PressenzaItalia\",\"https:\/\/x.com\/PressenzaIPA\"]},{\"@type\":\"Person\",\"@id\":\"https:\/\/www.pressenza.com\/it\/#\/schema\/person\/7161b5f2c2878af73c2dec311d7cd124\",\"name\":\"Redazione Bologna\",\"description\":\"News from the Pressenza Bureau in Bologna, Italy\",\"url\":\"https:\/\/www.pressenza.com\/it\/author\/redazione-bologna\/\"}]}<\/script>\n<!-- \/ Yoast SEO plugin. -->","yoast_head_json":{"title":"Il tavolo delle trattative, un'installazione ideata e realizzata da Alessandro Bergonzoni","description":"Il tavolo delle trattative, un'installazione ideata e realizzata da Alessandro Bergonzoni, a Palazzo Pepoli dal 5 al 10 febbraio a Bologna. Sar\u00e0 teatro di","robots":{"index":"index","follow":"follow","max-snippet":"max-snippet:-1","max-image-preview":"max-image-preview:large","max-video-preview":"max-video-preview:-1"},"canonical":"https:\/\/www.pressenza.com\/it\/2025\/02\/il-tavolo-delle-trattative-uninstallazione-ideata-e-realizzata-da-alessandro-bergonzoni\/","og_locale":"it_IT","og_type":"article","og_title":"Il tavolo delle trattative, un'installazione ideata e realizzata da Alessandro Bergonzoni","og_description":"Il tavolo delle trattative, un'installazione ideata e realizzata da Alessandro Bergonzoni, a Palazzo Pepoli dal 5 al 10 febbraio a Bologna. Sar\u00e0 teatro di","og_url":"https:\/\/www.pressenza.com\/it\/2025\/02\/il-tavolo-delle-trattative-uninstallazione-ideata-e-realizzata-da-alessandro-bergonzoni\/","og_site_name":"Pressenza","article_publisher":"https:\/\/www.facebook.com\/PressenzaItalia","article_published_time":"2025-02-03T16:05:33+00:00","og_image":[{"width":1920,"height":1117,"url":"https:\/\/www.pressenza.com\/wp-content\/uploads\/2025\/02\/il-tavolo-delle-trattative-a.jpg","type":"image\/jpeg"}],"author":"Redazione Bologna","twitter_card":"summary_large_image","twitter_creator":"@PressenzaIPA","twitter_site":"@PressenzaIPA","twitter_misc":{"Scritto da":"Redazione Bologna"},"schema":{"@context":"https:\/\/schema.org","@graph":[{"@type":"Article","@id":"https:\/\/www.pressenza.com\/it\/2025\/02\/il-tavolo-delle-trattative-uninstallazione-ideata-e-realizzata-da-alessandro-bergonzoni\/#article","isPartOf":{"@id":"https:\/\/www.pressenza.com\/it\/2025\/02\/il-tavolo-delle-trattative-uninstallazione-ideata-e-realizzata-da-alessandro-bergonzoni\/"},"author":{"name":"Redazione Bologna","@id":"https:\/\/www.pressenza.com\/it\/#\/schema\/person\/7161b5f2c2878af73c2dec311d7cd124"},"headline":"Il tavolo delle trattative, un&#8217;installazione ideata e realizzata da Alessandro Bergonzoni","datePublished":"2025-02-03T16:05:33+00:00","mainEntityOfPage":{"@id":"https:\/\/www.pressenza.com\/it\/2025\/02\/il-tavolo-delle-trattative-uninstallazione-ideata-e-realizzata-da-alessandro-bergonzoni\/"},"wordCount":1069,"publisher":{"@id":"https:\/\/www.pressenza.com\/it\/#organization"},"image":{"@id":"https:\/\/www.pressenza.com\/it\/2025\/02\/il-tavolo-delle-trattative-uninstallazione-ideata-e-realizzata-da-alessandro-bergonzoni\/#primaryimage"},"thumbnailUrl":"https:\/\/www.pressenza.com\/wp-content\/uploads\/2025\/02\/il-tavolo-delle-trattative-a.jpg","keywords":["bergonzoni","trattative"],"articleSection":["Cultura e Media","Nonviolenza"],"inLanguage":"it-IT"},{"@type":"WebPage","@id":"https:\/\/www.pressenza.com\/it\/2025\/02\/il-tavolo-delle-trattative-uninstallazione-ideata-e-realizzata-da-alessandro-bergonzoni\/","url":"https:\/\/www.pressenza.com\/it\/2025\/02\/il-tavolo-delle-trattative-uninstallazione-ideata-e-realizzata-da-alessandro-bergonzoni\/","name":"Il tavolo delle trattative, un'installazione ideata e realizzata da Alessandro Bergonzoni","isPartOf":{"@id":"https:\/\/www.pressenza.com\/it\/#website"},"primaryImageOfPage":{"@id":"https:\/\/www.pressenza.com\/it\/2025\/02\/il-tavolo-delle-trattative-uninstallazione-ideata-e-realizzata-da-alessandro-bergonzoni\/#primaryimage"},"image":{"@id":"https:\/\/www.pressenza.com\/it\/2025\/02\/il-tavolo-delle-trattative-uninstallazione-ideata-e-realizzata-da-alessandro-bergonzoni\/#primaryimage"},"thumbnailUrl":"https:\/\/www.pressenza.com\/wp-content\/uploads\/2025\/02\/il-tavolo-delle-trattative-a.jpg","datePublished":"2025-02-03T16:05:33+00:00","description":"Il tavolo delle trattative, un'installazione ideata e realizzata da Alessandro Bergonzoni, a Palazzo Pepoli dal 5 al 10 febbraio a Bologna. Sar\u00e0 teatro di","breadcrumb":{"@id":"https:\/\/www.pressenza.com\/it\/2025\/02\/il-tavolo-delle-trattative-uninstallazione-ideata-e-realizzata-da-alessandro-bergonzoni\/#breadcrumb"},"inLanguage":"it-IT","potentialAction":[{"@type":"ReadAction","target":["https:\/\/www.pressenza.com\/it\/2025\/02\/il-tavolo-delle-trattative-uninstallazione-ideata-e-realizzata-da-alessandro-bergonzoni\/"]}]},{"@type":"ImageObject","inLanguage":"it-IT","@id":"https:\/\/www.pressenza.com\/it\/2025\/02\/il-tavolo-delle-trattative-uninstallazione-ideata-e-realizzata-da-alessandro-bergonzoni\/#primaryimage","url":"https:\/\/www.pressenza.com\/wp-content\/uploads\/2025\/02\/il-tavolo-delle-trattative-a.jpg","contentUrl":"https:\/\/www.pressenza.com\/wp-content\/uploads\/2025\/02\/il-tavolo-delle-trattative-a.jpg","width":1920,"height":1117},{"@type":"BreadcrumbList","@id":"https:\/\/www.pressenza.com\/it\/2025\/02\/il-tavolo-delle-trattative-uninstallazione-ideata-e-realizzata-da-alessandro-bergonzoni\/#breadcrumb","itemListElement":[{"@type":"ListItem","position":1,"name":"Accueil","item":"https:\/\/www.pressenza.com\/it\/"},{"@type":"ListItem","position":2,"name":"Il tavolo delle trattative, un&#8217;installazione ideata e realizzata da Alessandro Bergonzoni"}]},{"@type":"WebSite","@id":"https:\/\/www.pressenza.com\/it\/#website","url":"https:\/\/www.pressenza.com\/it\/","name":"Pressenza","description":"Agenzia di Stampa Internazionale","publisher":{"@id":"https:\/\/www.pressenza.com\/it\/#organization"},"potentialAction":[{"@type":"SearchAction","target":{"@type":"EntryPoint","urlTemplate":"https:\/\/www.pressenza.com\/it\/?s={search_term_string}"},"query-input":{"@type":"PropertyValueSpecification","valueRequired":true,"valueName":"search_term_string"}}],"inLanguage":"it-IT"},{"@type":"Organization","@id":"https:\/\/www.pressenza.com\/it\/#organization","name":"Pressenza","url":"https:\/\/www.pressenza.com\/it\/","logo":{"@type":"ImageObject","inLanguage":"it-IT","@id":"https:\/\/www.pressenza.com\/it\/#\/schema\/logo\/image\/","url":"https:\/\/www.pressenza.com\/wp-content\/uploads\/2022\/10\/pressenza_logo_200x200.jpg","contentUrl":"https:\/\/www.pressenza.com\/wp-content\/uploads\/2022\/10\/pressenza_logo_200x200.jpg","width":200,"height":200,"caption":"Pressenza"},"image":{"@id":"https:\/\/www.pressenza.com\/it\/#\/schema\/logo\/image\/"},"sameAs":["https:\/\/www.facebook.com\/PressenzaItalia","https:\/\/x.com\/PressenzaIPA"]},{"@type":"Person","@id":"https:\/\/www.pressenza.com\/it\/#\/schema\/person\/7161b5f2c2878af73c2dec311d7cd124","name":"Redazione Bologna","description":"News from the Pressenza Bureau in Bologna, Italy","url":"https:\/\/www.pressenza.com\/it\/author\/redazione-bologna\/"}]}},"place":"","original_article_url":"","_links":{"self":[{"href":"https:\/\/www.pressenza.com\/it\/wp-json\/wp\/v2\/posts\/2580985","targetHints":{"allow":["GET"]}}],"collection":[{"href":"https:\/\/www.pressenza.com\/it\/wp-json\/wp\/v2\/posts"}],"about":[{"href":"https:\/\/www.pressenza.com\/it\/wp-json\/wp\/v2\/types\/post"}],"author":[{"embeddable":true,"href":"https:\/\/www.pressenza.com\/it\/wp-json\/wp\/v2\/users\/1735"}],"replies":[{"embeddable":true,"href":"https:\/\/www.pressenza.com\/it\/wp-json\/wp\/v2\/comments?post=2580985"}],"version-history":[{"count":0,"href":"https:\/\/www.pressenza.com\/it\/wp-json\/wp\/v2\/posts\/2580985\/revisions"}],"wp:featuredmedia":[{"embeddable":true,"href":"https:\/\/www.pressenza.com\/it\/wp-json\/wp\/v2\/media\/2580986"}],"wp:attachment":[{"href":"https:\/\/www.pressenza.com\/it\/wp-json\/wp\/v2\/media?parent=2580985"}],"wp:term":[{"taxonomy":"category","embeddable":true,"href":"https:\/\/www.pressenza.com\/it\/wp-json\/wp\/v2\/categories?post=2580985"},{"taxonomy":"post_tag","embeddable":true,"href":"https:\/\/www.pressenza.com\/it\/wp-json\/wp\/v2\/tags?post=2580985"}],"curies":[{"name":"wp","href":"https:\/\/api.w.org\/{rel}","templated":true}]}}