{"id":2580862,"date":"2025-02-02T23:28:00","date_gmt":"2025-02-02T23:28:00","guid":{"rendered":"https:\/\/www.pressenza.com\/?p=2580862"},"modified":"2025-02-04T13:05:49","modified_gmt":"2025-02-04T13:05:49","slug":"successo-della-visita-guidata-ai-pini-di-lido-di-savio-ma-il-comune-nega-prove-strumentali-tramite-tecnici-dei-cittadini","status":"publish","type":"post","link":"https:\/\/www.pressenza.com\/it\/2025\/02\/successo-della-visita-guidata-ai-pini-di-lido-di-savio-ma-il-comune-nega-prove-strumentali-tramite-tecnici-dei-cittadini\/","title":{"rendered":"Successo della visita guidata ai pini di Lido di Savio, ma il Comune nega prove strumentali tramite tecnici dei cittadini"},"content":{"rendered":"<p>Grande successo della visita guidata alla scoperta dei pini di viale Romagna a Lido di Savio. Oltre 70 cittadini hanno ascoltato per quasi tre ore il dottore forestale Gian Pietro Cantiani, l\u2019ornitologo Stefano Brigidi, l\u2019agronomo Giuseppe Curina e il dottor Pippo Tadolini. Presenti anche Giorgio Lazzari, decano dei naturalisti ravennati, il consigliere comunale Ancisi ed esponenti di Alleanza Verdi Sinistra. Illustrate nel dettaglio direttamente sul campo e tramite proiezioni le caratteristiche dei pini del viale, tutti in ottima salute secondo l\u2019analisi visiva effettuata da uno dei massimi professionisti del settore. Sono state inoltre indicate l\u2019avifauna svernante sui pini del viale, le preziose resine ed olii essenziali che caratterizzano i pini domestici, e la necessit\u00e0 di combattere i cambiamenti climatici riducendo quanto pi\u00f9 possibile l\u2019uso delle fonti fossili. Increduli i cittadini, alla vista dei danni contenuti alla pavimentazione che si potrebbero risolvere con accorgimenti e con una minima manutenzione e non certo abbattendo tutta l&#8217;alberata, e del tratto di \u201cParco Marittimo\u201d gi\u00e0 realizzato che rester\u00e0 un forno rovente per alcuni decenni, prevedendo di eliminare alberi sani che possono donare ombra, ristoro, biodiversit\u00e0 e salute ancora per molto tempo, essendo alberi giovani rispetto alle loro aspettative di vita in ambito urbano.<\/p>\n<p>Nel frattempo, il Comune ha negato ai cittadini la possibilit\u00e0 di far eseguire, a loro carico e da professionisti qualificati, ulteriori prove sugli alberi oltre all\u2019analisi visiva VTA e QTRA \u2013 una relazione di quasi 500 pagine &#8211; messe gi\u00e0 a disposizione. Non \u00e8 mai stata data risposta alla richiesta: l\u2019assessora Del Conte l\u2019ha definita \u201cveramente di cattivo gusto\u201d durante la commissione in cui si \u00e8 discusso anche di questo, tramite un atto del consigliere Ancisi.<\/p>\n<p>Gi\u00e0 da luned\u00ec 3 febbraio, il Comune far\u00e0 eseguire interventi di \u201cmanomissione stradale\u201d nel tratto di viale Romagna compreso tra via Meldola a via Massalombarda, dove sono presenti 5 pini. L\u2019obiettivo, a quanto possiamo comprendere dagli esiti della commissione, sar\u00e0 quello di togliere la pavimentazione attorno ai pini &#8211; operazione che, se non ben eseguita, potrebbe danneggiare l\u2019apparato radicale &#8211; e poi di far eseguire prove a trazione. Gi\u00e0 non si comprende perch\u00e9 alberi classificati in classe B dall\u2019analisi visiva, quindi, sani, debbano essere sottoposti allo stress della prova, che consiste nel legarli con funi e sottoporli ad un carico di oltre una tonnellata trasmesso da un camion che tira. E non si comprende nemmeno perch\u00e9, essendoci un procedimento aperto in Tribunale, venga negata la possibilit\u00e0 di eseguire tali prove anche alla controparte, ovvero ai cittadini, oppure, quantomeno, ad un tecnico terzo. Dalla commissione invece si apprende che le prove saranno eseguite dallo studio del dottor Giovanni Morelli, che risulterebbe essere gi\u00e0 stato incaricato dal Comune per l\u2019analisi del rischio di tutte le alberature comunali. Dovrebbe trattarsi dello stesso tecnico condannato a 6 mesi in primo grado per turbativa d\u2019asta, per la vicenda dell\u2019appalto del verde pubblico da 1,4 milioni di euro presso il Comune di Forl\u00ec, che cost\u00f2 nel 2016 la poltrona alla vicesindaca Zanetti, per poi venir prosciolto in appello. I cittadini sono molto preoccupati, in questa fase della vicenda che li vede impegnati strenuamente da luglio, e che potrebbe rapidamente risolversi con un abbattimento di tutti o quasi i cinquanta pini del viale Romagna.<\/p>\n<p>&nbsp;<\/p>\n<div dir=\"auto\" style=\"text-align: right;\"><strong>Il gruppo di cittadini &#8220;Salviamo i pini di Lido di Savio e Ravenna&#8221;\u00a0<\/strong><\/div>\n<div dir=\"auto\"><\/div>\n","protected":false},"excerpt":{"rendered":"<p>Grande successo della visita guidata alla scoperta dei pini di viale Romagna a Lido di Savio. Oltre 70 cittadini hanno ascoltato per quasi tre ore il dottore forestale Gian Pietro Cantiani, l\u2019ornitologo Stefano Brigidi, l\u2019agronomo Giuseppe Curina e il dottor&hellip;<\/p>\n","protected":false},"author":2449,"featured_media":2580863,"comment_status":"closed","ping_status":"closed","sticky":false,"template":"","format":"standard","meta":{"footnotes":""},"categories":[150,59],"tags":[132165],"class_list":["post-2580862","post","type-post","status-publish","format-standard","has-post-thumbnail","hentry","category-comunicati-stampa","category-ambiente-ecologia","tag-il-gruppo-di-cittadini-salviamo-i-pini-di-lido-di-savio-e-ravenna"],"yoast_head":"<!-- This site is optimized with the Yoast SEO plugin v27.1.1 - https:\/\/yoast.com\/product\/yoast-seo-wordpress\/ -->\n<title>Successo della visita guidata ai pini di Lido di Savio, ma il Comune nega prove strumentali tramite tecnici dei cittadini<\/title>\n<meta name=\"description\" content=\"Grande successo della visita guidata alla scoperta dei pini di viale Romagna a Lido di Savio. Oltre 70 cittadini hanno ascoltato per quasi tre ore il\" \/>\n<meta name=\"robots\" content=\"index, follow, max-snippet:-1, max-image-preview:large, max-video-preview:-1\" \/>\n<link rel=\"canonical\" href=\"https:\/\/www.pressenza.com\/it\/2025\/02\/successo-della-visita-guidata-ai-pini-di-lido-di-savio-ma-il-comune-nega-prove-strumentali-tramite-tecnici-dei-cittadini\/\" \/>\n<meta property=\"og:locale\" content=\"it_IT\" \/>\n<meta property=\"og:type\" content=\"article\" \/>\n<meta property=\"og:title\" content=\"Successo della visita guidata ai pini di Lido di Savio, ma il Comune nega prove strumentali tramite tecnici dei cittadini\" \/>\n<meta property=\"og:description\" content=\"Grande successo della visita guidata alla scoperta dei pini di viale Romagna a Lido di Savio. Oltre 70 cittadini hanno ascoltato per quasi tre ore il\" \/>\n<meta property=\"og:url\" content=\"https:\/\/www.pressenza.com\/it\/2025\/02\/successo-della-visita-guidata-ai-pini-di-lido-di-savio-ma-il-comune-nega-prove-strumentali-tramite-tecnici-dei-cittadini\/\" \/>\n<meta property=\"og:site_name\" content=\"Pressenza\" \/>\n<meta property=\"article:publisher\" content=\"https:\/\/www.facebook.com\/PressenzaItalia\" \/>\n<meta property=\"article:published_time\" content=\"2025-02-02T23:28:00+00:00\" \/>\n<meta property=\"article:modified_time\" content=\"2025-02-04T13:05:49+00:00\" \/>\n<meta property=\"og:image\" content=\"https:\/\/www.pressenza.com\/wp-content\/uploads\/2025\/02\/2025_01_02_visita-Pini-Lido-di-Savio-Giorgio-Turchetti.jpg\" \/>\n\t<meta property=\"og:image:width\" content=\"850\" \/>\n\t<meta property=\"og:image:height\" content=\"551\" \/>\n\t<meta property=\"og:image:type\" content=\"image\/jpeg\" \/>\n<meta name=\"author\" content=\"Redazione Romagna\" \/>\n<meta name=\"twitter:card\" content=\"summary_large_image\" \/>\n<meta name=\"twitter:creator\" content=\"@PressenzaIPA\" \/>\n<meta name=\"twitter:site\" content=\"@PressenzaIPA\" \/>\n<meta name=\"twitter:label1\" content=\"Scritto da\" \/>\n\t<meta name=\"twitter:data1\" content=\"Redazione Romagna\" \/>\n\t<meta name=\"twitter:label2\" content=\"Tempo di lettura stimato\" \/>\n\t<meta name=\"twitter:data2\" content=\"3 minuti\" \/>\n<script type=\"application\/ld+json\" class=\"yoast-schema-graph\">{\"@context\":\"https:\/\/schema.org\",\"@graph\":[{\"@type\":\"Article\",\"@id\":\"https:\/\/www.pressenza.com\/it\/2025\/02\/successo-della-visita-guidata-ai-pini-di-lido-di-savio-ma-il-comune-nega-prove-strumentali-tramite-tecnici-dei-cittadini\/#article\",\"isPartOf\":{\"@id\":\"https:\/\/www.pressenza.com\/it\/2025\/02\/successo-della-visita-guidata-ai-pini-di-lido-di-savio-ma-il-comune-nega-prove-strumentali-tramite-tecnici-dei-cittadini\/\"},\"author\":{\"name\":\"Redazione Romagna\",\"@id\":\"https:\/\/www.pressenza.com\/it\/#\/schema\/person\/bd20012effb4a200220e868c6dc89e72\"},\"headline\":\"Successo della visita guidata ai pini di Lido di Savio, ma il Comune nega prove strumentali tramite tecnici dei cittadini\",\"datePublished\":\"2025-02-02T23:28:00+00:00\",\"dateModified\":\"2025-02-04T13:05:49+00:00\",\"mainEntityOfPage\":{\"@id\":\"https:\/\/www.pressenza.com\/it\/2025\/02\/successo-della-visita-guidata-ai-pini-di-lido-di-savio-ma-il-comune-nega-prove-strumentali-tramite-tecnici-dei-cittadini\/\"},\"wordCount\":571,\"publisher\":{\"@id\":\"https:\/\/www.pressenza.com\/it\/#organization\"},\"image\":{\"@id\":\"https:\/\/www.pressenza.com\/it\/2025\/02\/successo-della-visita-guidata-ai-pini-di-lido-di-savio-ma-il-comune-nega-prove-strumentali-tramite-tecnici-dei-cittadini\/#primaryimage\"},\"thumbnailUrl\":\"https:\/\/www.pressenza.com\/wp-content\/uploads\/2025\/02\/2025_01_02_visita-Pini-Lido-di-Savio-Giorgio-Turchetti.jpg\",\"keywords\":[\"Il gruppo di cittadini \\\"Salviamo i pini di Lido di Savio e Ravenna\\\"\"],\"articleSection\":[\"Comunicati Stampa\",\"Ecologia ed Ambiente\"],\"inLanguage\":\"it-IT\"},{\"@type\":\"WebPage\",\"@id\":\"https:\/\/www.pressenza.com\/it\/2025\/02\/successo-della-visita-guidata-ai-pini-di-lido-di-savio-ma-il-comune-nega-prove-strumentali-tramite-tecnici-dei-cittadini\/\",\"url\":\"https:\/\/www.pressenza.com\/it\/2025\/02\/successo-della-visita-guidata-ai-pini-di-lido-di-savio-ma-il-comune-nega-prove-strumentali-tramite-tecnici-dei-cittadini\/\",\"name\":\"Successo della visita guidata ai pini di Lido di Savio, ma il Comune nega prove strumentali tramite tecnici dei cittadini\",\"isPartOf\":{\"@id\":\"https:\/\/www.pressenza.com\/it\/#website\"},\"primaryImageOfPage\":{\"@id\":\"https:\/\/www.pressenza.com\/it\/2025\/02\/successo-della-visita-guidata-ai-pini-di-lido-di-savio-ma-il-comune-nega-prove-strumentali-tramite-tecnici-dei-cittadini\/#primaryimage\"},\"image\":{\"@id\":\"https:\/\/www.pressenza.com\/it\/2025\/02\/successo-della-visita-guidata-ai-pini-di-lido-di-savio-ma-il-comune-nega-prove-strumentali-tramite-tecnici-dei-cittadini\/#primaryimage\"},\"thumbnailUrl\":\"https:\/\/www.pressenza.com\/wp-content\/uploads\/2025\/02\/2025_01_02_visita-Pini-Lido-di-Savio-Giorgio-Turchetti.jpg\",\"datePublished\":\"2025-02-02T23:28:00+00:00\",\"dateModified\":\"2025-02-04T13:05:49+00:00\",\"description\":\"Grande successo della visita guidata alla scoperta dei pini di viale Romagna a Lido di Savio. Oltre 70 cittadini hanno ascoltato per quasi tre ore il\",\"breadcrumb\":{\"@id\":\"https:\/\/www.pressenza.com\/it\/2025\/02\/successo-della-visita-guidata-ai-pini-di-lido-di-savio-ma-il-comune-nega-prove-strumentali-tramite-tecnici-dei-cittadini\/#breadcrumb\"},\"inLanguage\":\"it-IT\",\"potentialAction\":[{\"@type\":\"ReadAction\",\"target\":[\"https:\/\/www.pressenza.com\/it\/2025\/02\/successo-della-visita-guidata-ai-pini-di-lido-di-savio-ma-il-comune-nega-prove-strumentali-tramite-tecnici-dei-cittadini\/\"]}]},{\"@type\":\"ImageObject\",\"inLanguage\":\"it-IT\",\"@id\":\"https:\/\/www.pressenza.com\/it\/2025\/02\/successo-della-visita-guidata-ai-pini-di-lido-di-savio-ma-il-comune-nega-prove-strumentali-tramite-tecnici-dei-cittadini\/#primaryimage\",\"url\":\"https:\/\/www.pressenza.com\/wp-content\/uploads\/2025\/02\/2025_01_02_visita-Pini-Lido-di-Savio-Giorgio-Turchetti.jpg\",\"contentUrl\":\"https:\/\/www.pressenza.com\/wp-content\/uploads\/2025\/02\/2025_01_02_visita-Pini-Lido-di-Savio-Giorgio-Turchetti.jpg\",\"width\":850,\"height\":551},{\"@type\":\"BreadcrumbList\",\"@id\":\"https:\/\/www.pressenza.com\/it\/2025\/02\/successo-della-visita-guidata-ai-pini-di-lido-di-savio-ma-il-comune-nega-prove-strumentali-tramite-tecnici-dei-cittadini\/#breadcrumb\",\"itemListElement\":[{\"@type\":\"ListItem\",\"position\":1,\"name\":\"Accueil\",\"item\":\"https:\/\/www.pressenza.com\/it\/\"},{\"@type\":\"ListItem\",\"position\":2,\"name\":\"Successo della visita guidata ai pini di Lido di Savio, ma il Comune nega prove strumentali tramite tecnici dei cittadini\"}]},{\"@type\":\"WebSite\",\"@id\":\"https:\/\/www.pressenza.com\/it\/#website\",\"url\":\"https:\/\/www.pressenza.com\/it\/\",\"name\":\"Pressenza\",\"description\":\"Agenzia di Stampa Internazionale\",\"publisher\":{\"@id\":\"https:\/\/www.pressenza.com\/it\/#organization\"},\"potentialAction\":[{\"@type\":\"SearchAction\",\"target\":{\"@type\":\"EntryPoint\",\"urlTemplate\":\"https:\/\/www.pressenza.com\/it\/?s={search_term_string}\"},\"query-input\":{\"@type\":\"PropertyValueSpecification\",\"valueRequired\":true,\"valueName\":\"search_term_string\"}}],\"inLanguage\":\"it-IT\"},{\"@type\":\"Organization\",\"@id\":\"https:\/\/www.pressenza.com\/it\/#organization\",\"name\":\"Pressenza\",\"url\":\"https:\/\/www.pressenza.com\/it\/\",\"logo\":{\"@type\":\"ImageObject\",\"inLanguage\":\"it-IT\",\"@id\":\"https:\/\/www.pressenza.com\/it\/#\/schema\/logo\/image\/\",\"url\":\"https:\/\/www.pressenza.com\/wp-content\/uploads\/2022\/10\/pressenza_logo_200x200.jpg\",\"contentUrl\":\"https:\/\/www.pressenza.com\/wp-content\/uploads\/2022\/10\/pressenza_logo_200x200.jpg\",\"width\":200,\"height\":200,\"caption\":\"Pressenza\"},\"image\":{\"@id\":\"https:\/\/www.pressenza.com\/it\/#\/schema\/logo\/image\/\"},\"sameAs\":[\"https:\/\/www.facebook.com\/PressenzaItalia\",\"https:\/\/x.com\/PressenzaIPA\"]},{\"@type\":\"Person\",\"@id\":\"https:\/\/www.pressenza.com\/it\/#\/schema\/person\/bd20012effb4a200220e868c6dc89e72\",\"name\":\"Redazione Romagna\",\"url\":\"https:\/\/www.pressenza.com\/it\/author\/redazione-romagna\/\"}]}<\/script>\n<!-- \/ Yoast SEO plugin. -->","yoast_head_json":{"title":"Successo della visita guidata ai pini di Lido di Savio, ma il Comune nega prove strumentali tramite tecnici dei cittadini","description":"Grande successo della visita guidata alla scoperta dei pini di viale Romagna a Lido di Savio. Oltre 70 cittadini hanno ascoltato per quasi tre ore il","robots":{"index":"index","follow":"follow","max-snippet":"max-snippet:-1","max-image-preview":"max-image-preview:large","max-video-preview":"max-video-preview:-1"},"canonical":"https:\/\/www.pressenza.com\/it\/2025\/02\/successo-della-visita-guidata-ai-pini-di-lido-di-savio-ma-il-comune-nega-prove-strumentali-tramite-tecnici-dei-cittadini\/","og_locale":"it_IT","og_type":"article","og_title":"Successo della visita guidata ai pini di Lido di Savio, ma il Comune nega prove strumentali tramite tecnici dei cittadini","og_description":"Grande successo della visita guidata alla scoperta dei pini di viale Romagna a Lido di Savio. Oltre 70 cittadini hanno ascoltato per quasi tre ore il","og_url":"https:\/\/www.pressenza.com\/it\/2025\/02\/successo-della-visita-guidata-ai-pini-di-lido-di-savio-ma-il-comune-nega-prove-strumentali-tramite-tecnici-dei-cittadini\/","og_site_name":"Pressenza","article_publisher":"https:\/\/www.facebook.com\/PressenzaItalia","article_published_time":"2025-02-02T23:28:00+00:00","article_modified_time":"2025-02-04T13:05:49+00:00","og_image":[{"width":850,"height":551,"url":"https:\/\/www.pressenza.com\/wp-content\/uploads\/2025\/02\/2025_01_02_visita-Pini-Lido-di-Savio-Giorgio-Turchetti.jpg","type":"image\/jpeg"}],"author":"Redazione Romagna","twitter_card":"summary_large_image","twitter_creator":"@PressenzaIPA","twitter_site":"@PressenzaIPA","twitter_misc":{"Scritto da":"Redazione Romagna","Tempo di lettura stimato":"3 minuti"},"schema":{"@context":"https:\/\/schema.org","@graph":[{"@type":"Article","@id":"https:\/\/www.pressenza.com\/it\/2025\/02\/successo-della-visita-guidata-ai-pini-di-lido-di-savio-ma-il-comune-nega-prove-strumentali-tramite-tecnici-dei-cittadini\/#article","isPartOf":{"@id":"https:\/\/www.pressenza.com\/it\/2025\/02\/successo-della-visita-guidata-ai-pini-di-lido-di-savio-ma-il-comune-nega-prove-strumentali-tramite-tecnici-dei-cittadini\/"},"author":{"name":"Redazione Romagna","@id":"https:\/\/www.pressenza.com\/it\/#\/schema\/person\/bd20012effb4a200220e868c6dc89e72"},"headline":"Successo della visita guidata ai pini di Lido di Savio, ma il Comune nega prove strumentali tramite tecnici dei cittadini","datePublished":"2025-02-02T23:28:00+00:00","dateModified":"2025-02-04T13:05:49+00:00","mainEntityOfPage":{"@id":"https:\/\/www.pressenza.com\/it\/2025\/02\/successo-della-visita-guidata-ai-pini-di-lido-di-savio-ma-il-comune-nega-prove-strumentali-tramite-tecnici-dei-cittadini\/"},"wordCount":571,"publisher":{"@id":"https:\/\/www.pressenza.com\/it\/#organization"},"image":{"@id":"https:\/\/www.pressenza.com\/it\/2025\/02\/successo-della-visita-guidata-ai-pini-di-lido-di-savio-ma-il-comune-nega-prove-strumentali-tramite-tecnici-dei-cittadini\/#primaryimage"},"thumbnailUrl":"https:\/\/www.pressenza.com\/wp-content\/uploads\/2025\/02\/2025_01_02_visita-Pini-Lido-di-Savio-Giorgio-Turchetti.jpg","keywords":["Il gruppo di cittadini \"Salviamo i pini di Lido di Savio e Ravenna\""],"articleSection":["Comunicati Stampa","Ecologia ed Ambiente"],"inLanguage":"it-IT"},{"@type":"WebPage","@id":"https:\/\/www.pressenza.com\/it\/2025\/02\/successo-della-visita-guidata-ai-pini-di-lido-di-savio-ma-il-comune-nega-prove-strumentali-tramite-tecnici-dei-cittadini\/","url":"https:\/\/www.pressenza.com\/it\/2025\/02\/successo-della-visita-guidata-ai-pini-di-lido-di-savio-ma-il-comune-nega-prove-strumentali-tramite-tecnici-dei-cittadini\/","name":"Successo della visita guidata ai pini di Lido di Savio, ma il Comune nega prove strumentali tramite tecnici dei cittadini","isPartOf":{"@id":"https:\/\/www.pressenza.com\/it\/#website"},"primaryImageOfPage":{"@id":"https:\/\/www.pressenza.com\/it\/2025\/02\/successo-della-visita-guidata-ai-pini-di-lido-di-savio-ma-il-comune-nega-prove-strumentali-tramite-tecnici-dei-cittadini\/#primaryimage"},"image":{"@id":"https:\/\/www.pressenza.com\/it\/2025\/02\/successo-della-visita-guidata-ai-pini-di-lido-di-savio-ma-il-comune-nega-prove-strumentali-tramite-tecnici-dei-cittadini\/#primaryimage"},"thumbnailUrl":"https:\/\/www.pressenza.com\/wp-content\/uploads\/2025\/02\/2025_01_02_visita-Pini-Lido-di-Savio-Giorgio-Turchetti.jpg","datePublished":"2025-02-02T23:28:00+00:00","dateModified":"2025-02-04T13:05:49+00:00","description":"Grande successo della visita guidata alla scoperta dei pini di viale Romagna a Lido di Savio. Oltre 70 cittadini hanno ascoltato per quasi tre ore il","breadcrumb":{"@id":"https:\/\/www.pressenza.com\/it\/2025\/02\/successo-della-visita-guidata-ai-pini-di-lido-di-savio-ma-il-comune-nega-prove-strumentali-tramite-tecnici-dei-cittadini\/#breadcrumb"},"inLanguage":"it-IT","potentialAction":[{"@type":"ReadAction","target":["https:\/\/www.pressenza.com\/it\/2025\/02\/successo-della-visita-guidata-ai-pini-di-lido-di-savio-ma-il-comune-nega-prove-strumentali-tramite-tecnici-dei-cittadini\/"]}]},{"@type":"ImageObject","inLanguage":"it-IT","@id":"https:\/\/www.pressenza.com\/it\/2025\/02\/successo-della-visita-guidata-ai-pini-di-lido-di-savio-ma-il-comune-nega-prove-strumentali-tramite-tecnici-dei-cittadini\/#primaryimage","url":"https:\/\/www.pressenza.com\/wp-content\/uploads\/2025\/02\/2025_01_02_visita-Pini-Lido-di-Savio-Giorgio-Turchetti.jpg","contentUrl":"https:\/\/www.pressenza.com\/wp-content\/uploads\/2025\/02\/2025_01_02_visita-Pini-Lido-di-Savio-Giorgio-Turchetti.jpg","width":850,"height":551},{"@type":"BreadcrumbList","@id":"https:\/\/www.pressenza.com\/it\/2025\/02\/successo-della-visita-guidata-ai-pini-di-lido-di-savio-ma-il-comune-nega-prove-strumentali-tramite-tecnici-dei-cittadini\/#breadcrumb","itemListElement":[{"@type":"ListItem","position":1,"name":"Accueil","item":"https:\/\/www.pressenza.com\/it\/"},{"@type":"ListItem","position":2,"name":"Successo della visita guidata ai pini di Lido di Savio, ma il Comune nega prove strumentali tramite tecnici dei cittadini"}]},{"@type":"WebSite","@id":"https:\/\/www.pressenza.com\/it\/#website","url":"https:\/\/www.pressenza.com\/it\/","name":"Pressenza","description":"Agenzia di Stampa Internazionale","publisher":{"@id":"https:\/\/www.pressenza.com\/it\/#organization"},"potentialAction":[{"@type":"SearchAction","target":{"@type":"EntryPoint","urlTemplate":"https:\/\/www.pressenza.com\/it\/?s={search_term_string}"},"query-input":{"@type":"PropertyValueSpecification","valueRequired":true,"valueName":"search_term_string"}}],"inLanguage":"it-IT"},{"@type":"Organization","@id":"https:\/\/www.pressenza.com\/it\/#organization","name":"Pressenza","url":"https:\/\/www.pressenza.com\/it\/","logo":{"@type":"ImageObject","inLanguage":"it-IT","@id":"https:\/\/www.pressenza.com\/it\/#\/schema\/logo\/image\/","url":"https:\/\/www.pressenza.com\/wp-content\/uploads\/2022\/10\/pressenza_logo_200x200.jpg","contentUrl":"https:\/\/www.pressenza.com\/wp-content\/uploads\/2022\/10\/pressenza_logo_200x200.jpg","width":200,"height":200,"caption":"Pressenza"},"image":{"@id":"https:\/\/www.pressenza.com\/it\/#\/schema\/logo\/image\/"},"sameAs":["https:\/\/www.facebook.com\/PressenzaItalia","https:\/\/x.com\/PressenzaIPA"]},{"@type":"Person","@id":"https:\/\/www.pressenza.com\/it\/#\/schema\/person\/bd20012effb4a200220e868c6dc89e72","name":"Redazione Romagna","url":"https:\/\/www.pressenza.com\/it\/author\/redazione-romagna\/"}]}},"place":"Lido di Savio","original_article_url":"","_links":{"self":[{"href":"https:\/\/www.pressenza.com\/it\/wp-json\/wp\/v2\/posts\/2580862","targetHints":{"allow":["GET"]}}],"collection":[{"href":"https:\/\/www.pressenza.com\/it\/wp-json\/wp\/v2\/posts"}],"about":[{"href":"https:\/\/www.pressenza.com\/it\/wp-json\/wp\/v2\/types\/post"}],"author":[{"embeddable":true,"href":"https:\/\/www.pressenza.com\/it\/wp-json\/wp\/v2\/users\/2449"}],"replies":[{"embeddable":true,"href":"https:\/\/www.pressenza.com\/it\/wp-json\/wp\/v2\/comments?post=2580862"}],"version-history":[{"count":0,"href":"https:\/\/www.pressenza.com\/it\/wp-json\/wp\/v2\/posts\/2580862\/revisions"}],"wp:featuredmedia":[{"embeddable":true,"href":"https:\/\/www.pressenza.com\/it\/wp-json\/wp\/v2\/media\/2580863"}],"wp:attachment":[{"href":"https:\/\/www.pressenza.com\/it\/wp-json\/wp\/v2\/media?parent=2580862"}],"wp:term":[{"taxonomy":"category","embeddable":true,"href":"https:\/\/www.pressenza.com\/it\/wp-json\/wp\/v2\/categories?post=2580862"},{"taxonomy":"post_tag","embeddable":true,"href":"https:\/\/www.pressenza.com\/it\/wp-json\/wp\/v2\/tags?post=2580862"}],"curies":[{"name":"wp","href":"https:\/\/api.w.org\/{rel}","templated":true}]}}