{"id":2580824,"date":"2025-02-02T19:57:46","date_gmt":"2025-02-02T19:57:46","guid":{"rendered":"https:\/\/www.pressenza.com\/?p=2580824"},"modified":"2025-02-02T22:29:22","modified_gmt":"2025-02-02T22:29:22","slug":"grecia-scontro-tra-treni-nella-valle-di-tempe-due-anni-dopo","status":"publish","type":"post","link":"https:\/\/www.pressenza.com\/it\/2025\/02\/grecia-scontro-tra-treni-nella-valle-di-tempe-due-anni-dopo\/","title":{"rendered":"Grecia, scontro tra treni nella valle di Tempe: due anni dopo"},"content":{"rendered":"<p align=\"JUSTIFY\"><span style=\"font-family: Times New Roman, serif;\"><span style=\"font-size: medium;\">Il 28 Febbraio 2023 alle ore 23.22, il treno passeggeri Intercity 62 della Hellenic Train, partito da Atene e diretto a Salonicco, \u00e8 entrato in collisione con il treno merci 63503 della medesima societ\u00e0, proveniente da Salonicco e diretto a Larissa. Lo scontro frontale \u00e8 avvenuto nei pressi di Evangelismos, centro abitato a 2<\/span><\/span><span style=\"font-family: Times New Roman, serif;\"><span style=\"font-size: medium;\"><span lang=\"el-GR\">7,3 <\/span><\/span><\/span><span style=\"font-family: Times New Roman, serif;\"><span style=\"font-size: medium;\">km da Larissa, nella valle di Tempe, dopo aver viaggiato per 18 km sul binario sbagliato a quasi 166 km\/orari<\/span><\/span><span style=\"text-decoration: line-through;\"><span style=\"font-family: Times New Roman, serif;\"><span style=\"font-size: medium;\">.<\/span><\/span><\/span><span style=\"font-family: Times New Roman, serif;\"><span style=\"font-size: medium;\"> In seguito all\u2019urto (le indagini devono ancora confermarlo) vi sono stati un&#8217;esplosione a forma di fungo e un successivo incendio. Le vittime del grave incidente ferroviario sono 57, di cui una non ancora indentificata, e 85 feriti, di cui 25 gravi.<\/span><\/span><\/p>\n<p align=\"JUSTIFY\"><span style=\"font-family: Times New Roman, serif;\"><span style=\"font-size: medium;\">Il treno viaggiava con a bordo circa 350 passeggeri. Queste le posizioni in cui si trovavano le vittime, soprattutto nei primi 4 vagoni: locomotiva (2 vittime), vagone di prima classe (15 vittime, morte velocemente senza possibilit\u00e0 di sopravvivenza), vagone ristorante (23 vittime) e il quarto vagone,<\/span><\/span> <span style=\"font-family: Times New Roman, serif;\"><span style=\"font-size: medium;\">quasi interamente bruciato (nell\u2019ultimo vagone coinvolto sono state identificate 3 vittime e molti feriti). L\u2019indagine eseguita dai medici legali<\/span><\/span><span style=\"font-family: Times New Roman, serif;\"><span style=\"font-size: medium;\"> riporta che, sul totale delle vittime accertate<\/span><\/span><span style=\"text-decoration: line-through;\"><span style=\"font-family: Times New Roman, serif;\"><span style=\"font-size: medium;\">,<\/span><\/span><\/span><span style=\"font-family: Times New Roman, serif;\"><span style=\"font-size: medium;\"> almeno 5 persone sono morte a causa dell\u2019incendio. La maggior parte delle vittime erano studenti tra i 20 e 30 anni<\/span><\/span> <span style=\"font-family: Times New Roman, serif;\"><span style=\"font-size: medium;\">che rientravano dopo il weekend di Carnevale a Salonicco, citt\u00e0 dove studiavano.<\/span><\/span><\/p>\n<p align=\"JUSTIFY\"><span style=\"font-family: Times New Roman, serif;\"><span style=\"font-size: medium;\">I parenti delle vittime dell\u2019incidente ferroviario hanno intrapreso diverse azioni legali per ottenere delle risposte sulle cause della tragedia e chiedere giustizia. In particolare, hanno sollevato accuse riguardo possibili negligenze e malfunzionamenti nei sistemi di sicurezza e hanno richiesto chiarezza circa le responsabilit\u00e0 delle autorit\u00e0 e delle societ\u00e0 ferroviarie coinvolte, tra cui:<\/span><\/span><\/p>\n<ol>\n<li>\n<p align=\"JUSTIFY\"><span style=\"font-family: Times New Roman, serif;\"><span style=\"font-size: medium;\">Hellenic Train &#8211; la compagnia che gestisce il traffico passeggeri, facente parte del gruppo Ferrovie dello Stato Italiane dal 2017 e controllata da Trenitalia dal 2019<\/span><\/span><\/p>\n<\/li>\n<li>\n<p align=\"JUSTIFY\"><span style=\"font-family: Times New Roman, serif;\"><span style=\"font-size: medium;\">Organizzazione Ferroviaria Greca (OSE) e <\/span><\/span><\/p>\n<\/li>\n<li>\n<p align=\"JUSTIFY\"><span style=\"font-family: Times New Roman, serif;\"><span style=\"font-size: medium;\">Autorit\u00e0 di regolamentazione delle ferrovie (RAS).<\/span><\/span><\/p>\n<\/li>\n<\/ol>\n<p align=\"JUSTIFY\"><span style=\"font-family: Times New Roman, serif;\"><span style=\"font-size: medium;\">In particolare sottolineano la non attuazione da parte delle autorit\u00e0 competenti, tra cui il governo e l\u2019ente ferroviario greco (OSE), della convenzione 717 del 2014, che prevede una ristrutturazione di 70 sezioni dell\u2019asse Ferroviario Atene-Salonicco e l\u2019installazione dell\u2019European Train Control System (ETCS). La sua piena attuazione avrebbe potuto modificare le conseguenze degli eventi di cui parliamo. Gli errori umani, apparentemente all\u2019origine della collisione, avrebbero potuto essere rilevati e mitigati dai sistemi di sicurezza (ETCS). Tali sistemi avrebbero avvisato della presenza di un possibile pericolo. Inoltre, l\u2019assenza del Sistema GSM Ferroviario (Standard Internazionale della Telefonia mobile per le comunicazioni Ferroviarie), ha fatto s\u00ec che i due macchinisti ed il capostazione di Larissa non abbiano potuto comunicare adeguatamente per capire<\/span><\/span><span style=\"font-family: Times New Roman, serif;\"><span style=\"font-size: medium;\"> che i due treni viaggiavano in direzioni opposte sulla stessa linea. <\/span><\/span><\/p>\n<p align=\"JUSTIFY\"><span style=\"font-family: Times New Roman, serif;\"><span style=\"font-size: medium;\">L\u2019associazione parenti delle vittime dell\u2019incidente di Tempe, inoltre, ha sostenuto la creazione di una commissione parlamentare ed in seguito alla consulenza tecnica da questa ordinata, pretende che le indagini siano condotte in modo trasparente ed imparziale, cosa che sostengono che non sia avvenuta fino ad oggi. Inoltre, richiede che le autorit\u00e0 rispondano per le carenze, causa di una tragedia che si sarebbe potuta evitare. <\/span><\/span><\/p>\n<p align=\"JUSTIFY\"><span style=\"font-family: Times New Roman, serif;\"><span style=\"font-size: medium;\">Il 26\/1\/2025, a quasi due anni dalla tragedia dell\u2019incidente ferroviario,<\/span><\/span><span style=\"font-family: Times New Roman, serif;\"><span style=\"font-size: medium;\"> non vi \u00e8 traccia di un processo che porti i colpevoli davanti alla giustizia. Una verit\u00e0 senza eccezioni e senza giochi politici e interessi economici. Questo ha fatto s\u00ec che una grande quantit\u00e0 di persone, molto rappresentativa del popolo greco, sia scesa in piazza manifestando per l\u2019ennesima volta, non solo in Grecia ma in tutto il mondo e anche a Milano. <\/span><\/span><\/p>\n<p align=\"JUSTIFY\"><a href=\"https:\/\/www.pressenza.com\/wp-content\/uploads\/2025\/02\/Tempe-cartellone.jpg\"><img loading=\"lazy\" decoding=\"async\" class=\" wp-image-2580828 alignright\" src=\"https:\/\/www.pressenza.com\/wp-content\/uploads\/2025\/02\/Tempe-cartellone.jpg\" alt=\"\" width=\"592\" height=\"390\" srcset=\"https:\/\/www.pressenza.com\/wp-content\/uploads\/2025\/02\/Tempe-cartellone.jpg 820w, https:\/\/www.pressenza.com\/wp-content\/uploads\/2025\/02\/Tempe-cartellone-300x198.jpg 300w\" sizes=\"auto, (max-width: 592px) 100vw, 592px\" \/><\/a><span style=\"color: #1f1f1f;\"><span style=\"font-family: Times New Roman, serif;\"><span style=\"font-size: medium;\">La gente, senza nascondersi dietro bandiere partitiche, ha deciso di uscire e protestare per ottenere risposte alle proprie domande<\/span><\/span><\/span><span style=\"font-family: Times New Roman, serif;\"><span style=\"font-size: medium;\">. Per esempio chiedono di sapere quale fosse il carico del treno merci, ancora non identificato e che ha quasi sicuramente provocato l\u2019incendio. In tutto il mondo, chi empaticamente percepisce cosa accade in Grecia, si \u00e8 alzato in silenzio a manifestare accanto ai parenti che ancora combattono per la verit\u00e0. Il popolo greco chiede giustizia<\/span><\/span><span style=\"text-decoration: line-through;\"><span style=\"font-family: Times New Roman, serif;\"><span style=\"font-size: medium;\">,<\/span><\/span><\/span><span style=\"font-family: Times New Roman, serif;\"><span style=\"font-size: medium;\"> verit\u00e0 e rispetto per le 57 vittime e per le loro famiglie. Chiede che nessun\u2019altra casa sia macchiata di sangue e che nessun\u2019altra madre diventi simbolo nazionale per la perdita delle proprie figlie. Chiede un cambiamento per poter vivere serenamente in un paese dove la vita umana abbia un valore maggiore di quello del profitto economico e politico, e del potere. <\/span><\/span><\/p>\n<p align=\"JUSTIFY\"><span style=\"font-family: Times New Roman, serif;\"><span style=\"font-size: medium;\"><br \/>\n<em><strong>Agghelina Alevromageirou<\/strong><\/em><\/span><\/span><\/p>\n","protected":false},"excerpt":{"rendered":"<p>Il 28 Febbraio 2023 alle ore 23.22, il treno passeggeri Intercity 62 della Hellenic Train, partito da Atene e diretto a Salonicco, \u00e8 entrato in collisione con il treno merci 63503 della medesima societ\u00e0, proveniente da Salonicco e diretto a&hellip;<\/p>\n","protected":false},"author":594,"featured_media":2580827,"comment_status":"closed","ping_status":"closed","sticky":false,"template":"","format":"standard","meta":{"footnotes":""},"categories":[107392,60,47],"tags":[1174,132161,132160],"class_list":["post-2580824","post","type-post","status-publish","format-standard","has-post-thumbnail","hentry","category-noticia-it","category-diritti-umani","category-europa","tag-grecia","tag-scontro-frontale-treni","tag-tempe"],"yoast_head":"<!-- This site is optimized with the Yoast SEO plugin v27.1.1 - https:\/\/yoast.com\/product\/yoast-seo-wordpress\/ -->\n<title>Grecia, scontro tra treni nella valle di Tempe: due anni dopo<\/title>\n<meta name=\"description\" content=\"Il 28 Febbraio 2023 alle ore 23.22, il treno passeggeri Intercity 62 della Hellenic Train, partito da Atene e diretto a Salonicco, \u00e8 entrato in collisione con il treno merci 63503 della medesima societ\u00e0, proveniente da Salonicco e diretto a Larissa\" \/>\n<meta name=\"robots\" content=\"index, follow, max-snippet:-1, max-image-preview:large, max-video-preview:-1\" \/>\n<link rel=\"canonical\" href=\"https:\/\/www.pressenza.com\/it\/2025\/02\/grecia-scontro-tra-treni-nella-valle-di-tempe-due-anni-dopo\/\" \/>\n<meta property=\"og:locale\" content=\"it_IT\" \/>\n<meta property=\"og:type\" content=\"article\" \/>\n<meta property=\"og:title\" content=\"Grecia, scontro tra treni nella valle di Tempe: due anni dopo\" \/>\n<meta property=\"og:description\" content=\"Il 28 Febbraio 2023 alle ore 23.22, il treno passeggeri Intercity 62 della Hellenic Train, partito da Atene e diretto a Salonicco, \u00e8 entrato in collisione con il treno merci 63503 della medesima societ\u00e0, proveniente da Salonicco e diretto a Larissa\" \/>\n<meta property=\"og:url\" content=\"https:\/\/www.pressenza.com\/it\/2025\/02\/grecia-scontro-tra-treni-nella-valle-di-tempe-due-anni-dopo\/\" \/>\n<meta property=\"og:site_name\" content=\"Pressenza\" \/>\n<meta property=\"article:publisher\" content=\"https:\/\/www.facebook.com\/PressenzaItalia\" \/>\n<meta property=\"article:author\" content=\"https:\/\/www.facebook.com\/PressenzaItalia\" \/>\n<meta property=\"article:published_time\" content=\"2025-02-02T19:57:46+00:00\" \/>\n<meta property=\"article:modified_time\" content=\"2025-02-02T22:29:22+00:00\" \/>\n<meta property=\"og:image\" content=\"https:\/\/www.pressenza.com\/wp-content\/uploads\/2025\/02\/Grecia-proteste.jpg\" \/>\n\t<meta property=\"og:image:width\" content=\"820\" \/>\n\t<meta property=\"og:image:height\" content=\"540\" \/>\n\t<meta property=\"og:image:type\" content=\"image\/jpeg\" \/>\n<meta name=\"author\" content=\"Redazione Italia\" \/>\n<meta name=\"twitter:card\" content=\"summary_large_image\" \/>\n<meta name=\"twitter:creator\" content=\"@pressenza_it\" \/>\n<meta name=\"twitter:site\" content=\"@PressenzaIPA\" \/>\n<meta name=\"twitter:label1\" content=\"Scritto da\" \/>\n\t<meta name=\"twitter:data1\" content=\"Redazione Italia\" \/>\n\t<meta name=\"twitter:label2\" content=\"Tempo di lettura stimato\" \/>\n\t<meta name=\"twitter:data2\" content=\"4 minuti\" \/>\n<script type=\"application\/ld+json\" class=\"yoast-schema-graph\">{\"@context\":\"https:\/\/schema.org\",\"@graph\":[{\"@type\":\"Article\",\"@id\":\"https:\/\/www.pressenza.com\/it\/2025\/02\/grecia-scontro-tra-treni-nella-valle-di-tempe-due-anni-dopo\/#article\",\"isPartOf\":{\"@id\":\"https:\/\/www.pressenza.com\/it\/2025\/02\/grecia-scontro-tra-treni-nella-valle-di-tempe-due-anni-dopo\/\"},\"author\":{\"name\":\"Redazione Italia\",\"@id\":\"https:\/\/www.pressenza.com\/it\/#\/schema\/person\/d983e81827ae24f2c7b1a2123d197f8d\"},\"headline\":\"Grecia, scontro tra treni nella valle di Tempe: due anni dopo\",\"datePublished\":\"2025-02-02T19:57:46+00:00\",\"dateModified\":\"2025-02-02T22:29:22+00:00\",\"mainEntityOfPage\":{\"@id\":\"https:\/\/www.pressenza.com\/it\/2025\/02\/grecia-scontro-tra-treni-nella-valle-di-tempe-due-anni-dopo\/\"},\"wordCount\":709,\"publisher\":{\"@id\":\"https:\/\/www.pressenza.com\/it\/#organization\"},\"image\":{\"@id\":\"https:\/\/www.pressenza.com\/it\/2025\/02\/grecia-scontro-tra-treni-nella-valle-di-tempe-due-anni-dopo\/#primaryimage\"},\"thumbnailUrl\":\"https:\/\/www.pressenza.com\/wp-content\/uploads\/2025\/02\/Grecia-proteste.jpg\",\"keywords\":[\"Grecia\",\"scontro frontale treni\",\"Tempe\"],\"articleSection\":[\"Cronaca\",\"Diritti Umani\",\"Europa\"],\"inLanguage\":\"it-IT\"},{\"@type\":\"WebPage\",\"@id\":\"https:\/\/www.pressenza.com\/it\/2025\/02\/grecia-scontro-tra-treni-nella-valle-di-tempe-due-anni-dopo\/\",\"url\":\"https:\/\/www.pressenza.com\/it\/2025\/02\/grecia-scontro-tra-treni-nella-valle-di-tempe-due-anni-dopo\/\",\"name\":\"Grecia, scontro tra treni nella valle di Tempe: due anni dopo\",\"isPartOf\":{\"@id\":\"https:\/\/www.pressenza.com\/it\/#website\"},\"primaryImageOfPage\":{\"@id\":\"https:\/\/www.pressenza.com\/it\/2025\/02\/grecia-scontro-tra-treni-nella-valle-di-tempe-due-anni-dopo\/#primaryimage\"},\"image\":{\"@id\":\"https:\/\/www.pressenza.com\/it\/2025\/02\/grecia-scontro-tra-treni-nella-valle-di-tempe-due-anni-dopo\/#primaryimage\"},\"thumbnailUrl\":\"https:\/\/www.pressenza.com\/wp-content\/uploads\/2025\/02\/Grecia-proteste.jpg\",\"datePublished\":\"2025-02-02T19:57:46+00:00\",\"dateModified\":\"2025-02-02T22:29:22+00:00\",\"description\":\"Il 28 Febbraio 2023 alle ore 23.22, il treno passeggeri Intercity 62 della Hellenic Train, partito da Atene e diretto a Salonicco, \u00e8 entrato in collisione con il treno merci 63503 della medesima societ\u00e0, proveniente da Salonicco e diretto a Larissa\",\"breadcrumb\":{\"@id\":\"https:\/\/www.pressenza.com\/it\/2025\/02\/grecia-scontro-tra-treni-nella-valle-di-tempe-due-anni-dopo\/#breadcrumb\"},\"inLanguage\":\"it-IT\",\"potentialAction\":[{\"@type\":\"ReadAction\",\"target\":[\"https:\/\/www.pressenza.com\/it\/2025\/02\/grecia-scontro-tra-treni-nella-valle-di-tempe-due-anni-dopo\/\"]}]},{\"@type\":\"ImageObject\",\"inLanguage\":\"it-IT\",\"@id\":\"https:\/\/www.pressenza.com\/it\/2025\/02\/grecia-scontro-tra-treni-nella-valle-di-tempe-due-anni-dopo\/#primaryimage\",\"url\":\"https:\/\/www.pressenza.com\/wp-content\/uploads\/2025\/02\/Grecia-proteste.jpg\",\"contentUrl\":\"https:\/\/www.pressenza.com\/wp-content\/uploads\/2025\/02\/Grecia-proteste.jpg\",\"width\":820,\"height\":540},{\"@type\":\"BreadcrumbList\",\"@id\":\"https:\/\/www.pressenza.com\/it\/2025\/02\/grecia-scontro-tra-treni-nella-valle-di-tempe-due-anni-dopo\/#breadcrumb\",\"itemListElement\":[{\"@type\":\"ListItem\",\"position\":1,\"name\":\"Accueil\",\"item\":\"https:\/\/www.pressenza.com\/it\/\"},{\"@type\":\"ListItem\",\"position\":2,\"name\":\"Grecia, scontro tra treni nella valle di Tempe: due anni dopo\"}]},{\"@type\":\"WebSite\",\"@id\":\"https:\/\/www.pressenza.com\/it\/#website\",\"url\":\"https:\/\/www.pressenza.com\/it\/\",\"name\":\"Pressenza\",\"description\":\"Agenzia di Stampa Internazionale\",\"publisher\":{\"@id\":\"https:\/\/www.pressenza.com\/it\/#organization\"},\"potentialAction\":[{\"@type\":\"SearchAction\",\"target\":{\"@type\":\"EntryPoint\",\"urlTemplate\":\"https:\/\/www.pressenza.com\/it\/?s={search_term_string}\"},\"query-input\":{\"@type\":\"PropertyValueSpecification\",\"valueRequired\":true,\"valueName\":\"search_term_string\"}}],\"inLanguage\":\"it-IT\"},{\"@type\":\"Organization\",\"@id\":\"https:\/\/www.pressenza.com\/it\/#organization\",\"name\":\"Pressenza\",\"url\":\"https:\/\/www.pressenza.com\/it\/\",\"logo\":{\"@type\":\"ImageObject\",\"inLanguage\":\"it-IT\",\"@id\":\"https:\/\/www.pressenza.com\/it\/#\/schema\/logo\/image\/\",\"url\":\"https:\/\/www.pressenza.com\/wp-content\/uploads\/2022\/10\/pressenza_logo_200x200.jpg\",\"contentUrl\":\"https:\/\/www.pressenza.com\/wp-content\/uploads\/2022\/10\/pressenza_logo_200x200.jpg\",\"width\":200,\"height\":200,\"caption\":\"Pressenza\"},\"image\":{\"@id\":\"https:\/\/www.pressenza.com\/it\/#\/schema\/logo\/image\/\"},\"sameAs\":[\"https:\/\/www.facebook.com\/PressenzaItalia\",\"https:\/\/x.com\/PressenzaIPA\"]},{\"@type\":\"Person\",\"@id\":\"https:\/\/www.pressenza.com\/it\/#\/schema\/person\/d983e81827ae24f2c7b1a2123d197f8d\",\"name\":\"Redazione Italia\",\"description\":\"News from the Pressenza Bureau in Italy\",\"sameAs\":[\"https:\/\/www.pressenza.com\/it\/author\/redazione-italia\/\",\"https:\/\/www.facebook.com\/PressenzaItalia\",\"https:\/\/www.instagram.com\/pressenza_italia\/\",\"https:\/\/x.com\/pressenza_it\",\"https:\/\/www.youtube.com\/channel\/UCSalEIWjE1RSxkwjfftFuqg\"],\"url\":\"https:\/\/www.pressenza.com\/it\/author\/redazione-italia\/\"}]}<\/script>\n<!-- \/ Yoast SEO plugin. -->","yoast_head_json":{"title":"Grecia, scontro tra treni nella valle di Tempe: due anni dopo","description":"Il 28 Febbraio 2023 alle ore 23.22, il treno passeggeri Intercity 62 della Hellenic Train, partito da Atene e diretto a Salonicco, \u00e8 entrato in collisione con il treno merci 63503 della medesima societ\u00e0, proveniente da Salonicco e diretto a Larissa","robots":{"index":"index","follow":"follow","max-snippet":"max-snippet:-1","max-image-preview":"max-image-preview:large","max-video-preview":"max-video-preview:-1"},"canonical":"https:\/\/www.pressenza.com\/it\/2025\/02\/grecia-scontro-tra-treni-nella-valle-di-tempe-due-anni-dopo\/","og_locale":"it_IT","og_type":"article","og_title":"Grecia, scontro tra treni nella valle di Tempe: due anni dopo","og_description":"Il 28 Febbraio 2023 alle ore 23.22, il treno passeggeri Intercity 62 della Hellenic Train, partito da Atene e diretto a Salonicco, \u00e8 entrato in collisione con il treno merci 63503 della medesima societ\u00e0, proveniente da Salonicco e diretto a Larissa","og_url":"https:\/\/www.pressenza.com\/it\/2025\/02\/grecia-scontro-tra-treni-nella-valle-di-tempe-due-anni-dopo\/","og_site_name":"Pressenza","article_publisher":"https:\/\/www.facebook.com\/PressenzaItalia","article_author":"https:\/\/www.facebook.com\/PressenzaItalia","article_published_time":"2025-02-02T19:57:46+00:00","article_modified_time":"2025-02-02T22:29:22+00:00","og_image":[{"width":820,"height":540,"url":"https:\/\/www.pressenza.com\/wp-content\/uploads\/2025\/02\/Grecia-proteste.jpg","type":"image\/jpeg"}],"author":"Redazione Italia","twitter_card":"summary_large_image","twitter_creator":"@pressenza_it","twitter_site":"@PressenzaIPA","twitter_misc":{"Scritto da":"Redazione Italia","Tempo di lettura stimato":"4 minuti"},"schema":{"@context":"https:\/\/schema.org","@graph":[{"@type":"Article","@id":"https:\/\/www.pressenza.com\/it\/2025\/02\/grecia-scontro-tra-treni-nella-valle-di-tempe-due-anni-dopo\/#article","isPartOf":{"@id":"https:\/\/www.pressenza.com\/it\/2025\/02\/grecia-scontro-tra-treni-nella-valle-di-tempe-due-anni-dopo\/"},"author":{"name":"Redazione Italia","@id":"https:\/\/www.pressenza.com\/it\/#\/schema\/person\/d983e81827ae24f2c7b1a2123d197f8d"},"headline":"Grecia, scontro tra treni nella valle di Tempe: due anni dopo","datePublished":"2025-02-02T19:57:46+00:00","dateModified":"2025-02-02T22:29:22+00:00","mainEntityOfPage":{"@id":"https:\/\/www.pressenza.com\/it\/2025\/02\/grecia-scontro-tra-treni-nella-valle-di-tempe-due-anni-dopo\/"},"wordCount":709,"publisher":{"@id":"https:\/\/www.pressenza.com\/it\/#organization"},"image":{"@id":"https:\/\/www.pressenza.com\/it\/2025\/02\/grecia-scontro-tra-treni-nella-valle-di-tempe-due-anni-dopo\/#primaryimage"},"thumbnailUrl":"https:\/\/www.pressenza.com\/wp-content\/uploads\/2025\/02\/Grecia-proteste.jpg","keywords":["Grecia","scontro frontale treni","Tempe"],"articleSection":["Cronaca","Diritti Umani","Europa"],"inLanguage":"it-IT"},{"@type":"WebPage","@id":"https:\/\/www.pressenza.com\/it\/2025\/02\/grecia-scontro-tra-treni-nella-valle-di-tempe-due-anni-dopo\/","url":"https:\/\/www.pressenza.com\/it\/2025\/02\/grecia-scontro-tra-treni-nella-valle-di-tempe-due-anni-dopo\/","name":"Grecia, scontro tra treni nella valle di Tempe: due anni dopo","isPartOf":{"@id":"https:\/\/www.pressenza.com\/it\/#website"},"primaryImageOfPage":{"@id":"https:\/\/www.pressenza.com\/it\/2025\/02\/grecia-scontro-tra-treni-nella-valle-di-tempe-due-anni-dopo\/#primaryimage"},"image":{"@id":"https:\/\/www.pressenza.com\/it\/2025\/02\/grecia-scontro-tra-treni-nella-valle-di-tempe-due-anni-dopo\/#primaryimage"},"thumbnailUrl":"https:\/\/www.pressenza.com\/wp-content\/uploads\/2025\/02\/Grecia-proteste.jpg","datePublished":"2025-02-02T19:57:46+00:00","dateModified":"2025-02-02T22:29:22+00:00","description":"Il 28 Febbraio 2023 alle ore 23.22, il treno passeggeri Intercity 62 della Hellenic Train, partito da Atene e diretto a Salonicco, \u00e8 entrato in collisione con il treno merci 63503 della medesima societ\u00e0, proveniente da Salonicco e diretto a Larissa","breadcrumb":{"@id":"https:\/\/www.pressenza.com\/it\/2025\/02\/grecia-scontro-tra-treni-nella-valle-di-tempe-due-anni-dopo\/#breadcrumb"},"inLanguage":"it-IT","potentialAction":[{"@type":"ReadAction","target":["https:\/\/www.pressenza.com\/it\/2025\/02\/grecia-scontro-tra-treni-nella-valle-di-tempe-due-anni-dopo\/"]}]},{"@type":"ImageObject","inLanguage":"it-IT","@id":"https:\/\/www.pressenza.com\/it\/2025\/02\/grecia-scontro-tra-treni-nella-valle-di-tempe-due-anni-dopo\/#primaryimage","url":"https:\/\/www.pressenza.com\/wp-content\/uploads\/2025\/02\/Grecia-proteste.jpg","contentUrl":"https:\/\/www.pressenza.com\/wp-content\/uploads\/2025\/02\/Grecia-proteste.jpg","width":820,"height":540},{"@type":"BreadcrumbList","@id":"https:\/\/www.pressenza.com\/it\/2025\/02\/grecia-scontro-tra-treni-nella-valle-di-tempe-due-anni-dopo\/#breadcrumb","itemListElement":[{"@type":"ListItem","position":1,"name":"Accueil","item":"https:\/\/www.pressenza.com\/it\/"},{"@type":"ListItem","position":2,"name":"Grecia, scontro tra treni nella valle di Tempe: due anni dopo"}]},{"@type":"WebSite","@id":"https:\/\/www.pressenza.com\/it\/#website","url":"https:\/\/www.pressenza.com\/it\/","name":"Pressenza","description":"Agenzia di Stampa Internazionale","publisher":{"@id":"https:\/\/www.pressenza.com\/it\/#organization"},"potentialAction":[{"@type":"SearchAction","target":{"@type":"EntryPoint","urlTemplate":"https:\/\/www.pressenza.com\/it\/?s={search_term_string}"},"query-input":{"@type":"PropertyValueSpecification","valueRequired":true,"valueName":"search_term_string"}}],"inLanguage":"it-IT"},{"@type":"Organization","@id":"https:\/\/www.pressenza.com\/it\/#organization","name":"Pressenza","url":"https:\/\/www.pressenza.com\/it\/","logo":{"@type":"ImageObject","inLanguage":"it-IT","@id":"https:\/\/www.pressenza.com\/it\/#\/schema\/logo\/image\/","url":"https:\/\/www.pressenza.com\/wp-content\/uploads\/2022\/10\/pressenza_logo_200x200.jpg","contentUrl":"https:\/\/www.pressenza.com\/wp-content\/uploads\/2022\/10\/pressenza_logo_200x200.jpg","width":200,"height":200,"caption":"Pressenza"},"image":{"@id":"https:\/\/www.pressenza.com\/it\/#\/schema\/logo\/image\/"},"sameAs":["https:\/\/www.facebook.com\/PressenzaItalia","https:\/\/x.com\/PressenzaIPA"]},{"@type":"Person","@id":"https:\/\/www.pressenza.com\/it\/#\/schema\/person\/d983e81827ae24f2c7b1a2123d197f8d","name":"Redazione Italia","description":"News from the Pressenza Bureau in Italy","sameAs":["https:\/\/www.pressenza.com\/it\/author\/redazione-italia\/","https:\/\/www.facebook.com\/PressenzaItalia","https:\/\/www.instagram.com\/pressenza_italia\/","https:\/\/x.com\/pressenza_it","https:\/\/www.youtube.com\/channel\/UCSalEIWjE1RSxkwjfftFuqg"],"url":"https:\/\/www.pressenza.com\/it\/author\/redazione-italia\/"}]}},"place":"","original_article_url":"","_links":{"self":[{"href":"https:\/\/www.pressenza.com\/it\/wp-json\/wp\/v2\/posts\/2580824","targetHints":{"allow":["GET"]}}],"collection":[{"href":"https:\/\/www.pressenza.com\/it\/wp-json\/wp\/v2\/posts"}],"about":[{"href":"https:\/\/www.pressenza.com\/it\/wp-json\/wp\/v2\/types\/post"}],"author":[{"embeddable":true,"href":"https:\/\/www.pressenza.com\/it\/wp-json\/wp\/v2\/users\/594"}],"replies":[{"embeddable":true,"href":"https:\/\/www.pressenza.com\/it\/wp-json\/wp\/v2\/comments?post=2580824"}],"version-history":[{"count":0,"href":"https:\/\/www.pressenza.com\/it\/wp-json\/wp\/v2\/posts\/2580824\/revisions"}],"wp:featuredmedia":[{"embeddable":true,"href":"https:\/\/www.pressenza.com\/it\/wp-json\/wp\/v2\/media\/2580827"}],"wp:attachment":[{"href":"https:\/\/www.pressenza.com\/it\/wp-json\/wp\/v2\/media?parent=2580824"}],"wp:term":[{"taxonomy":"category","embeddable":true,"href":"https:\/\/www.pressenza.com\/it\/wp-json\/wp\/v2\/categories?post=2580824"},{"taxonomy":"post_tag","embeddable":true,"href":"https:\/\/www.pressenza.com\/it\/wp-json\/wp\/v2\/tags?post=2580824"}],"curies":[{"name":"wp","href":"https:\/\/api.w.org\/{rel}","templated":true}]}}