{"id":2580775,"date":"2025-02-02T14:18:10","date_gmt":"2025-02-02T14:18:10","guid":{"rendered":"https:\/\/www.pressenza.com\/?p=2580775"},"modified":"2025-02-02T14:27:04","modified_gmt":"2025-02-02T14:27:04","slug":"nanni-salio-alla-presenza-di-pace","status":"publish","type":"post","link":"https:\/\/www.pressenza.com\/it\/2025\/02\/nanni-salio-alla-presenza-di-pace\/","title":{"rendered":"Nanni Salio alla Presenza di Pace"},"content":{"rendered":"<p>Ieri era l&#8217;anniversario della morte di Nanni Salio, nel 2016.<\/p>\n<p>Nella 153\u00b0 Presenza di pace, riparata per la pioggia sotto i portici di piazza Carlo Alberto, lo ha ricordato, a nome di tanti, Pietro Polito.<\/p>\n<p>Nanni ha lavorato fino a due giorni prima di morire. Era malato da molti mesi. Mi pare fosse sabato, lo vidi passare al suo ufficio al Sereno Regis, aveva un colorito terreo. Mor\u00ec il luned\u00ec. Lo vidi nel pomeriggio, al Gradenigo. Gli dissi che tutti eravamo l\u00ec con lui. Soffriva forti dolori, che lo agitavano, lo scuotevono. Gli fecero un calmante, pot\u00e8 placarsi. Mor\u00ec la sera o la notte.<\/p>\n<p>Ha piantato molti semi: pensiero, scritti, strutture, relazioni, libri, e li ha affidati a noi.<\/p>\n<p>Gli siamo grati e debitori. Lo abbiamo con noi.<\/p>\n<p>Questa &#8220;Presenza di pace&#8221;, cominciata con la guerra di Ucraina, avviene da tre anni, ogni sabato, senza interruzioni: poche decine di costanti presenti, ma migliaia di turisti di passaggio ci hanno visto e ascoltato: una traccia negli occhi e nella coscienza sar\u00e0 rimasta.<\/p>\n<p>E&#8217; lavoro di molti, per essere svegli noi, ed altri, e per essere tenaci. Si \u00e8 formata una variegata comunit\u00e0, una &#8220;presenza&#8221; insieme. Le &#8220;Donne in nero&#8221; sono il gruppo pi\u00f9 costante. Un grazie da molti a Giorgio, che \u00e8 l&#8217;altoparlante vivente di questa &#8220;presenza&#8221;. E grazie da tutti a tutti quanti danno un contributo, di ogni tipo, anche silenzioso, al ripudio di ogni guerra, e alla pace.<\/p>\n<p style=\"text-align: right;\"><em>Enrico Peyretti<\/em><\/p>\n","protected":false},"excerpt":{"rendered":"<p>Ieri era l&#8217;anniversario della morte di Nanni Salio, nel 2016. Nella 153\u00b0 Presenza di pace, riparata per la pioggia sotto i portici di piazza Carlo Alberto, lo ha ricordato, a nome di tanti, Pietro Polito. Nanni ha lavorato fino a&hellip;<\/p>\n","protected":false},"author":2130,"featured_media":2580783,"comment_status":"closed","ping_status":"closed","sticky":false,"template":"","format":"standard","meta":{"footnotes":""},"categories":[11388,47,1262,1263],"tags":[7657,118653],"class_list":["post-2580775","post","type-post","status-publish","format-standard","has-post-thumbnail","hentry","category-contenuti-originali","category-europa","category-nonviolenza-argomento","category-pace-disarmo","tag-nanni-salio","tag-presenza-di-pace"],"yoast_head":"<!-- This site is optimized with the Yoast SEO plugin v27.1.1 - https:\/\/yoast.com\/product\/yoast-seo-wordpress\/ -->\n<title>Nanni Salio alla Presenza di Pace<\/title>\n<meta name=\"description\" content=\"Ieri era l&#039;anniversario della morte di Nanni Salio, nel 2016. Nella 153\u00b0 Presenza di pace, riparata per la pioggia sotto i portici di piazza Carlo\" \/>\n<meta name=\"robots\" content=\"index, follow, max-snippet:-1, max-image-preview:large, max-video-preview:-1\" \/>\n<link rel=\"canonical\" href=\"https:\/\/www.pressenza.com\/it\/2025\/02\/nanni-salio-alla-presenza-di-pace\/\" \/>\n<meta property=\"og:locale\" content=\"it_IT\" \/>\n<meta property=\"og:type\" content=\"article\" \/>\n<meta property=\"og:title\" content=\"Nanni Salio alla Presenza di Pace\" \/>\n<meta property=\"og:description\" content=\"Ieri era l&#039;anniversario della morte di Nanni Salio, nel 2016. Nella 153\u00b0 Presenza di pace, riparata per la pioggia sotto i portici di piazza Carlo\" \/>\n<meta property=\"og:url\" content=\"https:\/\/www.pressenza.com\/it\/2025\/02\/nanni-salio-alla-presenza-di-pace\/\" \/>\n<meta property=\"og:site_name\" content=\"Pressenza\" \/>\n<meta property=\"article:publisher\" content=\"https:\/\/www.facebook.com\/PressenzaItalia\" \/>\n<meta property=\"article:author\" content=\"https:\/\/www.facebook.com\/AGiTEPiemonte\" \/>\n<meta property=\"article:published_time\" content=\"2025-02-02T14:18:10+00:00\" \/>\n<meta property=\"article:modified_time\" content=\"2025-02-02T14:27:04+00:00\" \/>\n<meta property=\"og:image\" content=\"https:\/\/www.pressenza.com\/wp-content\/uploads\/2025\/02\/EnricoPeyretti.jpg\" \/>\n\t<meta property=\"og:image:width\" content=\"1920\" \/>\n\t<meta property=\"og:image:height\" content=\"1440\" \/>\n\t<meta property=\"og:image:type\" content=\"image\/jpeg\" \/>\n<meta name=\"author\" content=\"Coordinamento AGiTe\" \/>\n<meta name=\"twitter:card\" content=\"summary_large_image\" \/>\n<meta name=\"twitter:creator\" content=\"@PressenzaIPA\" \/>\n<meta name=\"twitter:site\" content=\"@PressenzaIPA\" \/>\n<meta name=\"twitter:label1\" content=\"Scritto da\" \/>\n\t<meta name=\"twitter:data1\" content=\"Coordinamento AGiTe\" \/>\n\t<meta name=\"twitter:label2\" content=\"Tempo di lettura stimato\" \/>\n\t<meta name=\"twitter:data2\" content=\"2 minuti\" \/>\n<script type=\"application\/ld+json\" class=\"yoast-schema-graph\">{\"@context\":\"https:\/\/schema.org\",\"@graph\":[{\"@type\":\"Article\",\"@id\":\"https:\/\/www.pressenza.com\/it\/2025\/02\/nanni-salio-alla-presenza-di-pace\/#article\",\"isPartOf\":{\"@id\":\"https:\/\/www.pressenza.com\/it\/2025\/02\/nanni-salio-alla-presenza-di-pace\/\"},\"author\":{\"name\":\"Coordinamento AGiTe\",\"@id\":\"https:\/\/www.pressenza.com\/it\/#\/schema\/person\/c7e4eef8a7da779693599cf515e2a3ca\"},\"headline\":\"Nanni Salio alla Presenza di Pace\",\"datePublished\":\"2025-02-02T14:18:10+00:00\",\"dateModified\":\"2025-02-02T14:27:04+00:00\",\"mainEntityOfPage\":{\"@id\":\"https:\/\/www.pressenza.com\/it\/2025\/02\/nanni-salio-alla-presenza-di-pace\/\"},\"wordCount\":245,\"publisher\":{\"@id\":\"https:\/\/www.pressenza.com\/it\/#organization\"},\"image\":{\"@id\":\"https:\/\/www.pressenza.com\/it\/2025\/02\/nanni-salio-alla-presenza-di-pace\/#primaryimage\"},\"thumbnailUrl\":\"https:\/\/www.pressenza.com\/wp-content\/uploads\/2025\/02\/EnricoPeyretti.jpg\",\"keywords\":[\"Nanni Salio\",\"presenza di pace\"],\"articleSection\":[\"contenuti originali\",\"Europa\",\"Nonviolenza\",\"Pace e Disarmo\"],\"inLanguage\":\"it-IT\"},{\"@type\":\"WebPage\",\"@id\":\"https:\/\/www.pressenza.com\/it\/2025\/02\/nanni-salio-alla-presenza-di-pace\/\",\"url\":\"https:\/\/www.pressenza.com\/it\/2025\/02\/nanni-salio-alla-presenza-di-pace\/\",\"name\":\"Nanni Salio alla Presenza di Pace\",\"isPartOf\":{\"@id\":\"https:\/\/www.pressenza.com\/it\/#website\"},\"primaryImageOfPage\":{\"@id\":\"https:\/\/www.pressenza.com\/it\/2025\/02\/nanni-salio-alla-presenza-di-pace\/#primaryimage\"},\"image\":{\"@id\":\"https:\/\/www.pressenza.com\/it\/2025\/02\/nanni-salio-alla-presenza-di-pace\/#primaryimage\"},\"thumbnailUrl\":\"https:\/\/www.pressenza.com\/wp-content\/uploads\/2025\/02\/EnricoPeyretti.jpg\",\"datePublished\":\"2025-02-02T14:18:10+00:00\",\"dateModified\":\"2025-02-02T14:27:04+00:00\",\"description\":\"Ieri era l'anniversario della morte di Nanni Salio, nel 2016. Nella 153\u00b0 Presenza di pace, riparata per la pioggia sotto i portici di piazza Carlo\",\"breadcrumb\":{\"@id\":\"https:\/\/www.pressenza.com\/it\/2025\/02\/nanni-salio-alla-presenza-di-pace\/#breadcrumb\"},\"inLanguage\":\"it-IT\",\"potentialAction\":[{\"@type\":\"ReadAction\",\"target\":[\"https:\/\/www.pressenza.com\/it\/2025\/02\/nanni-salio-alla-presenza-di-pace\/\"]}]},{\"@type\":\"ImageObject\",\"inLanguage\":\"it-IT\",\"@id\":\"https:\/\/www.pressenza.com\/it\/2025\/02\/nanni-salio-alla-presenza-di-pace\/#primaryimage\",\"url\":\"https:\/\/www.pressenza.com\/wp-content\/uploads\/2025\/02\/EnricoPeyretti.jpg\",\"contentUrl\":\"https:\/\/www.pressenza.com\/wp-content\/uploads\/2025\/02\/EnricoPeyretti.jpg\",\"width\":1920,\"height\":1440,\"caption\":\"Enrico Peyretti\"},{\"@type\":\"BreadcrumbList\",\"@id\":\"https:\/\/www.pressenza.com\/it\/2025\/02\/nanni-salio-alla-presenza-di-pace\/#breadcrumb\",\"itemListElement\":[{\"@type\":\"ListItem\",\"position\":1,\"name\":\"Accueil\",\"item\":\"https:\/\/www.pressenza.com\/it\/\"},{\"@type\":\"ListItem\",\"position\":2,\"name\":\"Nanni Salio alla Presenza di Pace\"}]},{\"@type\":\"WebSite\",\"@id\":\"https:\/\/www.pressenza.com\/it\/#website\",\"url\":\"https:\/\/www.pressenza.com\/it\/\",\"name\":\"Pressenza\",\"description\":\"Agenzia di Stampa Internazionale\",\"publisher\":{\"@id\":\"https:\/\/www.pressenza.com\/it\/#organization\"},\"potentialAction\":[{\"@type\":\"SearchAction\",\"target\":{\"@type\":\"EntryPoint\",\"urlTemplate\":\"https:\/\/www.pressenza.com\/it\/?s={search_term_string}\"},\"query-input\":{\"@type\":\"PropertyValueSpecification\",\"valueRequired\":true,\"valueName\":\"search_term_string\"}}],\"inLanguage\":\"it-IT\"},{\"@type\":\"Organization\",\"@id\":\"https:\/\/www.pressenza.com\/it\/#organization\",\"name\":\"Pressenza\",\"url\":\"https:\/\/www.pressenza.com\/it\/\",\"logo\":{\"@type\":\"ImageObject\",\"inLanguage\":\"it-IT\",\"@id\":\"https:\/\/www.pressenza.com\/it\/#\/schema\/logo\/image\/\",\"url\":\"https:\/\/www.pressenza.com\/wp-content\/uploads\/2022\/10\/pressenza_logo_200x200.jpg\",\"contentUrl\":\"https:\/\/www.pressenza.com\/wp-content\/uploads\/2022\/10\/pressenza_logo_200x200.jpg\",\"width\":200,\"height\":200,\"caption\":\"Pressenza\"},\"image\":{\"@id\":\"https:\/\/www.pressenza.com\/it\/#\/schema\/logo\/image\/\"},\"sameAs\":[\"https:\/\/www.facebook.com\/PressenzaItalia\",\"https:\/\/x.com\/PressenzaIPA\"]},{\"@type\":\"Person\",\"@id\":\"https:\/\/www.pressenza.com\/it\/#\/schema\/person\/c7e4eef8a7da779693599cf515e2a3ca\",\"name\":\"Coordinamento AGiTe\",\"description\":\"Il Coordinamento AGiTe contro le armi atomiche, tutte le guerre e i terrorismi \u00e8 nato nel maggio 2017 per sostenere la partecipazione dell\u2019Italia alle trattative all\u2019ONU e la ratifica dopo la sua approvazione del Trattato ONU che mette al bando le armi atomiche (TPNW). Riunisce pi\u00f9 di 70 organizzazioni torinesi e piemontesi\",\"sameAs\":[\"https:\/\/www.agite-to.org\/\",\"https:\/\/www.facebook.com\/AGiTEPiemonte\",\"https:\/\/www.instagram.com\/agite.piemonte\/\",\"https:\/\/www.youtube.com\/channel\/UCoxDJYHSrLz9xP6XtiFBcwA\"],\"url\":\"https:\/\/www.pressenza.com\/it\/author\/coordinamento-agite\/\"}]}<\/script>\n<!-- \/ Yoast SEO plugin. -->","yoast_head_json":{"title":"Nanni Salio alla Presenza di Pace","description":"Ieri era l'anniversario della morte di Nanni Salio, nel 2016. Nella 153\u00b0 Presenza di pace, riparata per la pioggia sotto i portici di piazza Carlo","robots":{"index":"index","follow":"follow","max-snippet":"max-snippet:-1","max-image-preview":"max-image-preview:large","max-video-preview":"max-video-preview:-1"},"canonical":"https:\/\/www.pressenza.com\/it\/2025\/02\/nanni-salio-alla-presenza-di-pace\/","og_locale":"it_IT","og_type":"article","og_title":"Nanni Salio alla Presenza di Pace","og_description":"Ieri era l'anniversario della morte di Nanni Salio, nel 2016. Nella 153\u00b0 Presenza di pace, riparata per la pioggia sotto i portici di piazza Carlo","og_url":"https:\/\/www.pressenza.com\/it\/2025\/02\/nanni-salio-alla-presenza-di-pace\/","og_site_name":"Pressenza","article_publisher":"https:\/\/www.facebook.com\/PressenzaItalia","article_author":"https:\/\/www.facebook.com\/AGiTEPiemonte","article_published_time":"2025-02-02T14:18:10+00:00","article_modified_time":"2025-02-02T14:27:04+00:00","og_image":[{"width":1920,"height":1440,"url":"https:\/\/www.pressenza.com\/wp-content\/uploads\/2025\/02\/EnricoPeyretti.jpg","type":"image\/jpeg"}],"author":"Coordinamento AGiTe","twitter_card":"summary_large_image","twitter_creator":"@PressenzaIPA","twitter_site":"@PressenzaIPA","twitter_misc":{"Scritto da":"Coordinamento AGiTe","Tempo di lettura stimato":"2 minuti"},"schema":{"@context":"https:\/\/schema.org","@graph":[{"@type":"Article","@id":"https:\/\/www.pressenza.com\/it\/2025\/02\/nanni-salio-alla-presenza-di-pace\/#article","isPartOf":{"@id":"https:\/\/www.pressenza.com\/it\/2025\/02\/nanni-salio-alla-presenza-di-pace\/"},"author":{"name":"Coordinamento AGiTe","@id":"https:\/\/www.pressenza.com\/it\/#\/schema\/person\/c7e4eef8a7da779693599cf515e2a3ca"},"headline":"Nanni Salio alla Presenza di Pace","datePublished":"2025-02-02T14:18:10+00:00","dateModified":"2025-02-02T14:27:04+00:00","mainEntityOfPage":{"@id":"https:\/\/www.pressenza.com\/it\/2025\/02\/nanni-salio-alla-presenza-di-pace\/"},"wordCount":245,"publisher":{"@id":"https:\/\/www.pressenza.com\/it\/#organization"},"image":{"@id":"https:\/\/www.pressenza.com\/it\/2025\/02\/nanni-salio-alla-presenza-di-pace\/#primaryimage"},"thumbnailUrl":"https:\/\/www.pressenza.com\/wp-content\/uploads\/2025\/02\/EnricoPeyretti.jpg","keywords":["Nanni Salio","presenza di pace"],"articleSection":["contenuti originali","Europa","Nonviolenza","Pace e Disarmo"],"inLanguage":"it-IT"},{"@type":"WebPage","@id":"https:\/\/www.pressenza.com\/it\/2025\/02\/nanni-salio-alla-presenza-di-pace\/","url":"https:\/\/www.pressenza.com\/it\/2025\/02\/nanni-salio-alla-presenza-di-pace\/","name":"Nanni Salio alla Presenza di Pace","isPartOf":{"@id":"https:\/\/www.pressenza.com\/it\/#website"},"primaryImageOfPage":{"@id":"https:\/\/www.pressenza.com\/it\/2025\/02\/nanni-salio-alla-presenza-di-pace\/#primaryimage"},"image":{"@id":"https:\/\/www.pressenza.com\/it\/2025\/02\/nanni-salio-alla-presenza-di-pace\/#primaryimage"},"thumbnailUrl":"https:\/\/www.pressenza.com\/wp-content\/uploads\/2025\/02\/EnricoPeyretti.jpg","datePublished":"2025-02-02T14:18:10+00:00","dateModified":"2025-02-02T14:27:04+00:00","description":"Ieri era l'anniversario della morte di Nanni Salio, nel 2016. Nella 153\u00b0 Presenza di pace, riparata per la pioggia sotto i portici di piazza Carlo","breadcrumb":{"@id":"https:\/\/www.pressenza.com\/it\/2025\/02\/nanni-salio-alla-presenza-di-pace\/#breadcrumb"},"inLanguage":"it-IT","potentialAction":[{"@type":"ReadAction","target":["https:\/\/www.pressenza.com\/it\/2025\/02\/nanni-salio-alla-presenza-di-pace\/"]}]},{"@type":"ImageObject","inLanguage":"it-IT","@id":"https:\/\/www.pressenza.com\/it\/2025\/02\/nanni-salio-alla-presenza-di-pace\/#primaryimage","url":"https:\/\/www.pressenza.com\/wp-content\/uploads\/2025\/02\/EnricoPeyretti.jpg","contentUrl":"https:\/\/www.pressenza.com\/wp-content\/uploads\/2025\/02\/EnricoPeyretti.jpg","width":1920,"height":1440,"caption":"Enrico Peyretti"},{"@type":"BreadcrumbList","@id":"https:\/\/www.pressenza.com\/it\/2025\/02\/nanni-salio-alla-presenza-di-pace\/#breadcrumb","itemListElement":[{"@type":"ListItem","position":1,"name":"Accueil","item":"https:\/\/www.pressenza.com\/it\/"},{"@type":"ListItem","position":2,"name":"Nanni Salio alla Presenza di Pace"}]},{"@type":"WebSite","@id":"https:\/\/www.pressenza.com\/it\/#website","url":"https:\/\/www.pressenza.com\/it\/","name":"Pressenza","description":"Agenzia di Stampa Internazionale","publisher":{"@id":"https:\/\/www.pressenza.com\/it\/#organization"},"potentialAction":[{"@type":"SearchAction","target":{"@type":"EntryPoint","urlTemplate":"https:\/\/www.pressenza.com\/it\/?s={search_term_string}"},"query-input":{"@type":"PropertyValueSpecification","valueRequired":true,"valueName":"search_term_string"}}],"inLanguage":"it-IT"},{"@type":"Organization","@id":"https:\/\/www.pressenza.com\/it\/#organization","name":"Pressenza","url":"https:\/\/www.pressenza.com\/it\/","logo":{"@type":"ImageObject","inLanguage":"it-IT","@id":"https:\/\/www.pressenza.com\/it\/#\/schema\/logo\/image\/","url":"https:\/\/www.pressenza.com\/wp-content\/uploads\/2022\/10\/pressenza_logo_200x200.jpg","contentUrl":"https:\/\/www.pressenza.com\/wp-content\/uploads\/2022\/10\/pressenza_logo_200x200.jpg","width":200,"height":200,"caption":"Pressenza"},"image":{"@id":"https:\/\/www.pressenza.com\/it\/#\/schema\/logo\/image\/"},"sameAs":["https:\/\/www.facebook.com\/PressenzaItalia","https:\/\/x.com\/PressenzaIPA"]},{"@type":"Person","@id":"https:\/\/www.pressenza.com\/it\/#\/schema\/person\/c7e4eef8a7da779693599cf515e2a3ca","name":"Coordinamento AGiTe","description":"Il Coordinamento AGiTe contro le armi atomiche, tutte le guerre e i terrorismi \u00e8 nato nel maggio 2017 per sostenere la partecipazione dell\u2019Italia alle trattative all\u2019ONU e la ratifica dopo la sua approvazione del Trattato ONU che mette al bando le armi atomiche (TPNW). Riunisce pi\u00f9 di 70 organizzazioni torinesi e piemontesi","sameAs":["https:\/\/www.agite-to.org\/","https:\/\/www.facebook.com\/AGiTEPiemonte","https:\/\/www.instagram.com\/agite.piemonte\/","https:\/\/www.youtube.com\/channel\/UCoxDJYHSrLz9xP6XtiFBcwA"],"url":"https:\/\/www.pressenza.com\/it\/author\/coordinamento-agite\/"}]}},"place":"","original_article_url":"","_links":{"self":[{"href":"https:\/\/www.pressenza.com\/it\/wp-json\/wp\/v2\/posts\/2580775","targetHints":{"allow":["GET"]}}],"collection":[{"href":"https:\/\/www.pressenza.com\/it\/wp-json\/wp\/v2\/posts"}],"about":[{"href":"https:\/\/www.pressenza.com\/it\/wp-json\/wp\/v2\/types\/post"}],"author":[{"embeddable":true,"href":"https:\/\/www.pressenza.com\/it\/wp-json\/wp\/v2\/users\/2130"}],"replies":[{"embeddable":true,"href":"https:\/\/www.pressenza.com\/it\/wp-json\/wp\/v2\/comments?post=2580775"}],"version-history":[{"count":0,"href":"https:\/\/www.pressenza.com\/it\/wp-json\/wp\/v2\/posts\/2580775\/revisions"}],"wp:featuredmedia":[{"embeddable":true,"href":"https:\/\/www.pressenza.com\/it\/wp-json\/wp\/v2\/media\/2580783"}],"wp:attachment":[{"href":"https:\/\/www.pressenza.com\/it\/wp-json\/wp\/v2\/media?parent=2580775"}],"wp:term":[{"taxonomy":"category","embeddable":true,"href":"https:\/\/www.pressenza.com\/it\/wp-json\/wp\/v2\/categories?post=2580775"},{"taxonomy":"post_tag","embeddable":true,"href":"https:\/\/www.pressenza.com\/it\/wp-json\/wp\/v2\/tags?post=2580775"}],"curies":[{"name":"wp","href":"https:\/\/api.w.org\/{rel}","templated":true}]}}