{"id":2580491,"date":"2025-02-01T09:42:10","date_gmt":"2025-02-01T09:42:10","guid":{"rendered":"https:\/\/www.pressenza.com\/?p=2580491"},"modified":"2025-02-01T09:44:33","modified_gmt":"2025-02-01T09:44:33","slug":"il-governo-fa-cassa-a-spese-dei-poveri-i-dati-inps-sullassegno-dinclusione","status":"publish","type":"post","link":"https:\/\/www.pressenza.com\/it\/2025\/02\/il-governo-fa-cassa-a-spese-dei-poveri-i-dati-inps-sullassegno-dinclusione\/","title":{"rendered":"Il Governo fa cassa a spese dei poveri. I dati Inps sull\u2019Assegno d\u2019Inclusione"},"content":{"rendered":"<p><em>Riprendiamo dal sito di Diogene Notizie<\/em><\/p>\n<p>31 Gennaio 2025<\/p>\n<p>\u00c8 stato pubblicato dall\u2019Inps il rapporto dell\u2019Osservatorio su Assegno di Inclusione (ADI) e Supporto per la Formazione e il Lavoro (SFL), le due misure che, a partire rispettivamente da gennaio 2024 e da settembre 2023, hanno sostituito Reddito e Pensione di Cittadinanza.<\/p>\n<p>ADI che il Governo aveva presentato come lo strumento per contrastare i furbetti del divano, sostenuti dal reddito di cittadinanza, con un approccio innovativo di contrasto alla povert\u00e0 e per la promozione di un efficace inserimento lavorativo.<br \/>\nDai dati pubblicati dall\u2019Inps, si apprende che alla data del 31 dicembre 2024, i nuclei familiari con domanda accolta per l\u2019Assegno di Inclusione sono stati poco meno di 760 mila, coinvolgendo complessivamente 1,82 milioni di persone.<\/p>\n<p>L\u2019importo medio mensile del beneficio ADI \u00e8 stato pari a 620 euro, con una maggiore concentrazione dei beneficiari nelle regioni meridionali, in linea con la precedente misura del Reddito di Cittadinanza.<br \/>\nNel solo mese di dicembre 2024 il numero di nuclei beneficiari di pagamenti ADI \u00e8 stato pari a quasi 608 mila, con importo medio erogato di 627 euro. Riguardo a questi 608 mila nuclei:<br \/>\n\u2022 in 235mila sono presenti minori;<br \/>\n\u2022 in 229mila sono presenti disabili;<br \/>\n\u2022 in 302mila sono presenti persone di almeno 60 anni di et\u00e0;<br \/>\n\u2022 in 12mila ci sono persone in condizioni di \u201csvantaggio\u201d.<\/p>\n<p>Per quanto riguarda il Supporto per la Formazione e il Lavoro, dall\u2019inizio della prestazione, ovvero settembre 2023, sono 133 mila le persone che hanno percepito almeno un pagamento, con una prevalenza di beneficiari nelle regioni del Sud e nelle Isole.<\/p>\n<p>Dopo oltre 12 mesi, a dicembre 2024, i beneficiari in pagamento sono circa 68 mila, il 48% appartiene alla fascia di et\u00e0 compresa tra i 50 e i 59 anni, una fascia d\u2019et\u00e0 vulnerabile nel mercato del lavoro, ma si tratta di un numero esiguo.<br \/>\nIn merito alla relazione tra i nuclei percettori di RdC\/PdC che erano 1,07 milioni a luglio 2023 e le nuove misure, oggi solo il 60% \u00e8 risultato successivamente percettore di ADI\/SFL.<\/p>\n<p>Il 25% dei nuclei non risulta aver presentato domanda n\u00e9 per ADI n\u00e9 per SFL, ma bisogna rammentare che i requisiti rispetto al reddito di cittadinanza erano pi\u00f9 restrittivi, mentre il 15% delle domande non sono state accolte.<\/p>\n<p>A commento di questi dati non si pu\u00f2 non segnalare come emerga, dai dati pubblicati dall\u2019Inps, che con ADI e SFL la platea dei cittadini in povert\u00e0 assoluta che erano coperti dal RdC \u00e8 di fatto dimezzata.<\/p>\n<p>In pratica se si sommano le famiglie che hanno ricevuto, almeno un pagamento dell\u2019Assegno di inclusione a coloro che hanno ricevuto il SFL si evidenzia come rimangono escluse la met\u00e0 delle persone che in passato beneficiavano del Reddito di cittadinanza.<\/p>\n<p>Al di l\u00e0 della propaganda del Governo, giova ricordare, che con il reddito di cittadinanza nel 2020, malgrado il Covid, 258 mila percettori di RdC \u2018occupabili\u2019 hanno trovato lavoro, pari al 19% e che nel 2021 il loro numero \u00e8 salito a 314mila (24,5%). Nel 2022 tale percentuale \u00e8 stata del 22,4% per un totale di 297mila individui.<br \/>\nNumeri pi\u00f9 significativi di quelli risultati con l\u2019attuazione dell\u2019assegno di inclusione che doveva, al contrario, contrastare i furbetti del divano.<\/p>\n<p>In realt\u00e0 l\u2019obiettivo raggiunto dal Governo \u00e8 stato fare cassa, o meglio usare i poveri \u201crisparmiando\u201d 2,3 miliardi di euro.<br \/>\nOra, accertato che senza risposte sono rimaste la met\u00e0 delle famiglie e delle persone che potevano contare sul Reddito di Cittadinanza, una misura di carattere universale contro la povert\u00e0, se l\u2019obiettivo reale del Governo era quello di fare cassa sui poveri, il Governo lo ha raggiunto in pieno.<\/p>\n<p>Massimo Pasquini, a lungo segretario Nazionale dell&#8217;Unione Inquilini<\/p>\n<p><a href=\"https:\/\/diogenenotizie.com\/il-governo-fa-cassa-a-spese-dei-poveri-i-dati-inps-sullassegno-dinclusione\/?sfnsn=scwspwa\">Il Governo fa cassa a spese dei poveri. I dati Inps sull&#8217;Assegno d&#8217;Inclusione &#8211; Diogene Notizie<\/a><\/p>\n","protected":false},"excerpt":{"rendered":"<p>Riprendiamo dal sito di Diogene Notizie 31 Gennaio 2025 \u00c8 stato pubblicato dall\u2019Inps il rapporto dell\u2019Osservatorio su Assegno di Inclusione (ADI) e Supporto per la Formazione e il Lavoro (SFL), le due misure che, a partire rispettivamente da gennaio 2024&hellip;<\/p>\n","protected":false},"author":594,"featured_media":2580492,"comment_status":"closed","ping_status":"closed","sticky":false,"template":"","format":"standard","meta":{"footnotes":""},"categories":[62],"tags":[132086,35290,16904,132087],"class_list":["post-2580491","post","type-post","status-publish","format-standard","has-post-thumbnail","hentry","category-economia","tag-assegno-di-inclusione","tag-inps","tag-reddito-di-cittadinanza","tag-supporto-per-la-formazione-e-il-lavoro"],"yoast_head":"<!-- This site is optimized with the Yoast SEO plugin v27.1.1 - https:\/\/yoast.com\/product\/yoast-seo-wordpress\/ -->\n<title>Il Governo fa cassa a spese dei poveri. I dati Inps sull\u2019Assegno d\u2019Inclusione<\/title>\n<meta name=\"description\" content=\"Riprendiamo dal sito di Diogene Notizie 31 Gennaio 2025 \u00c8 stato pubblicato dall\u2019Inps il rapporto dell\u2019Osservatorio su Assegno di Inclusione (ADI) e\" \/>\n<meta name=\"robots\" content=\"index, follow, max-snippet:-1, max-image-preview:large, max-video-preview:-1\" \/>\n<link rel=\"canonical\" href=\"https:\/\/www.pressenza.com\/it\/2025\/02\/il-governo-fa-cassa-a-spese-dei-poveri-i-dati-inps-sullassegno-dinclusione\/\" \/>\n<meta property=\"og:locale\" content=\"it_IT\" \/>\n<meta property=\"og:type\" content=\"article\" \/>\n<meta property=\"og:title\" content=\"Il Governo fa cassa a spese dei poveri. I dati Inps sull\u2019Assegno d\u2019Inclusione\" \/>\n<meta property=\"og:description\" content=\"Riprendiamo dal sito di Diogene Notizie 31 Gennaio 2025 \u00c8 stato pubblicato dall\u2019Inps il rapporto dell\u2019Osservatorio su Assegno di Inclusione (ADI) e\" \/>\n<meta property=\"og:url\" content=\"https:\/\/www.pressenza.com\/it\/2025\/02\/il-governo-fa-cassa-a-spese-dei-poveri-i-dati-inps-sullassegno-dinclusione\/\" \/>\n<meta property=\"og:site_name\" content=\"Pressenza\" \/>\n<meta property=\"article:publisher\" content=\"https:\/\/www.facebook.com\/PressenzaItalia\" \/>\n<meta property=\"article:author\" content=\"https:\/\/www.facebook.com\/PressenzaItalia\" \/>\n<meta property=\"article:published_time\" content=\"2025-02-01T09:42:10+00:00\" \/>\n<meta property=\"article:modified_time\" content=\"2025-02-01T09:44:33+00:00\" \/>\n<meta property=\"og:image\" content=\"https:\/\/www.pressenza.com\/wp-content\/uploads\/2025\/02\/foto-di-diogenenotizie.com-inps-e1738402897952.jpg\" \/>\n\t<meta property=\"og:image:width\" content=\"800\" \/>\n\t<meta property=\"og:image:height\" content=\"479\" \/>\n\t<meta property=\"og:image:type\" content=\"image\/jpeg\" \/>\n<meta name=\"author\" content=\"Redazione Italia\" \/>\n<meta name=\"twitter:card\" content=\"summary_large_image\" \/>\n<meta name=\"twitter:creator\" content=\"@pressenza_it\" \/>\n<meta name=\"twitter:site\" content=\"@PressenzaIPA\" \/>\n<meta name=\"twitter:label1\" content=\"Scritto da\" \/>\n\t<meta name=\"twitter:data1\" content=\"Redazione Italia\" \/>\n\t<meta name=\"twitter:label2\" content=\"Tempo di lettura stimato\" \/>\n\t<meta name=\"twitter:data2\" content=\"4 minuti\" \/>\n<script type=\"application\/ld+json\" class=\"yoast-schema-graph\">{\"@context\":\"https:\/\/schema.org\",\"@graph\":[{\"@type\":\"Article\",\"@id\":\"https:\/\/www.pressenza.com\/it\/2025\/02\/il-governo-fa-cassa-a-spese-dei-poveri-i-dati-inps-sullassegno-dinclusione\/#article\",\"isPartOf\":{\"@id\":\"https:\/\/www.pressenza.com\/it\/2025\/02\/il-governo-fa-cassa-a-spese-dei-poveri-i-dati-inps-sullassegno-dinclusione\/\"},\"author\":{\"name\":\"Redazione Italia\",\"@id\":\"https:\/\/www.pressenza.com\/it\/#\/schema\/person\/d983e81827ae24f2c7b1a2123d197f8d\"},\"headline\":\"Il Governo fa cassa a spese dei poveri. I dati Inps sull\u2019Assegno d\u2019Inclusione\",\"datePublished\":\"2025-02-01T09:42:10+00:00\",\"dateModified\":\"2025-02-01T09:44:33+00:00\",\"mainEntityOfPage\":{\"@id\":\"https:\/\/www.pressenza.com\/it\/2025\/02\/il-governo-fa-cassa-a-spese-dei-poveri-i-dati-inps-sullassegno-dinclusione\/\"},\"wordCount\":610,\"publisher\":{\"@id\":\"https:\/\/www.pressenza.com\/it\/#organization\"},\"image\":{\"@id\":\"https:\/\/www.pressenza.com\/it\/2025\/02\/il-governo-fa-cassa-a-spese-dei-poveri-i-dati-inps-sullassegno-dinclusione\/#primaryimage\"},\"thumbnailUrl\":\"https:\/\/www.pressenza.com\/wp-content\/uploads\/2025\/02\/foto-di-diogenenotizie.com-inps-e1738402897952.jpg\",\"keywords\":[\"Assegno di Inclusione\",\"INPS\",\"reddito di cittadinanza\",\"Supporto per la Formazione e il Lavoro\"],\"articleSection\":[\"Economia\"],\"inLanguage\":\"it-IT\"},{\"@type\":\"WebPage\",\"@id\":\"https:\/\/www.pressenza.com\/it\/2025\/02\/il-governo-fa-cassa-a-spese-dei-poveri-i-dati-inps-sullassegno-dinclusione\/\",\"url\":\"https:\/\/www.pressenza.com\/it\/2025\/02\/il-governo-fa-cassa-a-spese-dei-poveri-i-dati-inps-sullassegno-dinclusione\/\",\"name\":\"Il Governo fa cassa a spese dei poveri. I dati Inps sull\u2019Assegno d\u2019Inclusione\",\"isPartOf\":{\"@id\":\"https:\/\/www.pressenza.com\/it\/#website\"},\"primaryImageOfPage\":{\"@id\":\"https:\/\/www.pressenza.com\/it\/2025\/02\/il-governo-fa-cassa-a-spese-dei-poveri-i-dati-inps-sullassegno-dinclusione\/#primaryimage\"},\"image\":{\"@id\":\"https:\/\/www.pressenza.com\/it\/2025\/02\/il-governo-fa-cassa-a-spese-dei-poveri-i-dati-inps-sullassegno-dinclusione\/#primaryimage\"},\"thumbnailUrl\":\"https:\/\/www.pressenza.com\/wp-content\/uploads\/2025\/02\/foto-di-diogenenotizie.com-inps-e1738402897952.jpg\",\"datePublished\":\"2025-02-01T09:42:10+00:00\",\"dateModified\":\"2025-02-01T09:44:33+00:00\",\"description\":\"Riprendiamo dal sito di Diogene Notizie 31 Gennaio 2025 \u00c8 stato pubblicato dall\u2019Inps il rapporto dell\u2019Osservatorio su Assegno di Inclusione (ADI) e\",\"breadcrumb\":{\"@id\":\"https:\/\/www.pressenza.com\/it\/2025\/02\/il-governo-fa-cassa-a-spese-dei-poveri-i-dati-inps-sullassegno-dinclusione\/#breadcrumb\"},\"inLanguage\":\"it-IT\",\"potentialAction\":[{\"@type\":\"ReadAction\",\"target\":[\"https:\/\/www.pressenza.com\/it\/2025\/02\/il-governo-fa-cassa-a-spese-dei-poveri-i-dati-inps-sullassegno-dinclusione\/\"]}]},{\"@type\":\"ImageObject\",\"inLanguage\":\"it-IT\",\"@id\":\"https:\/\/www.pressenza.com\/it\/2025\/02\/il-governo-fa-cassa-a-spese-dei-poveri-i-dati-inps-sullassegno-dinclusione\/#primaryimage\",\"url\":\"https:\/\/www.pressenza.com\/wp-content\/uploads\/2025\/02\/foto-di-diogenenotizie.com-inps-e1738402897952.jpg\",\"contentUrl\":\"https:\/\/www.pressenza.com\/wp-content\/uploads\/2025\/02\/foto-di-diogenenotizie.com-inps-e1738402897952.jpg\",\"width\":800,\"height\":479},{\"@type\":\"BreadcrumbList\",\"@id\":\"https:\/\/www.pressenza.com\/it\/2025\/02\/il-governo-fa-cassa-a-spese-dei-poveri-i-dati-inps-sullassegno-dinclusione\/#breadcrumb\",\"itemListElement\":[{\"@type\":\"ListItem\",\"position\":1,\"name\":\"Accueil\",\"item\":\"https:\/\/www.pressenza.com\/it\/\"},{\"@type\":\"ListItem\",\"position\":2,\"name\":\"Il Governo fa cassa a spese dei poveri. I dati Inps sull\u2019Assegno d\u2019Inclusione\"}]},{\"@type\":\"WebSite\",\"@id\":\"https:\/\/www.pressenza.com\/it\/#website\",\"url\":\"https:\/\/www.pressenza.com\/it\/\",\"name\":\"Pressenza\",\"description\":\"Agenzia di Stampa Internazionale\",\"publisher\":{\"@id\":\"https:\/\/www.pressenza.com\/it\/#organization\"},\"potentialAction\":[{\"@type\":\"SearchAction\",\"target\":{\"@type\":\"EntryPoint\",\"urlTemplate\":\"https:\/\/www.pressenza.com\/it\/?s={search_term_string}\"},\"query-input\":{\"@type\":\"PropertyValueSpecification\",\"valueRequired\":true,\"valueName\":\"search_term_string\"}}],\"inLanguage\":\"it-IT\"},{\"@type\":\"Organization\",\"@id\":\"https:\/\/www.pressenza.com\/it\/#organization\",\"name\":\"Pressenza\",\"url\":\"https:\/\/www.pressenza.com\/it\/\",\"logo\":{\"@type\":\"ImageObject\",\"inLanguage\":\"it-IT\",\"@id\":\"https:\/\/www.pressenza.com\/it\/#\/schema\/logo\/image\/\",\"url\":\"https:\/\/www.pressenza.com\/wp-content\/uploads\/2022\/10\/pressenza_logo_200x200.jpg\",\"contentUrl\":\"https:\/\/www.pressenza.com\/wp-content\/uploads\/2022\/10\/pressenza_logo_200x200.jpg\",\"width\":200,\"height\":200,\"caption\":\"Pressenza\"},\"image\":{\"@id\":\"https:\/\/www.pressenza.com\/it\/#\/schema\/logo\/image\/\"},\"sameAs\":[\"https:\/\/www.facebook.com\/PressenzaItalia\",\"https:\/\/x.com\/PressenzaIPA\"]},{\"@type\":\"Person\",\"@id\":\"https:\/\/www.pressenza.com\/it\/#\/schema\/person\/d983e81827ae24f2c7b1a2123d197f8d\",\"name\":\"Redazione Italia\",\"description\":\"News from the Pressenza Bureau in Italy\",\"sameAs\":[\"https:\/\/www.pressenza.com\/it\/author\/redazione-italia\/\",\"https:\/\/www.facebook.com\/PressenzaItalia\",\"https:\/\/www.instagram.com\/pressenza_italia\/\",\"https:\/\/x.com\/pressenza_it\",\"https:\/\/www.youtube.com\/channel\/UCSalEIWjE1RSxkwjfftFuqg\"],\"url\":\"https:\/\/www.pressenza.com\/it\/author\/redazione-italia\/\"}]}<\/script>\n<!-- \/ Yoast SEO plugin. -->","yoast_head_json":{"title":"Il Governo fa cassa a spese dei poveri. I dati Inps sull\u2019Assegno d\u2019Inclusione","description":"Riprendiamo dal sito di Diogene Notizie 31 Gennaio 2025 \u00c8 stato pubblicato dall\u2019Inps il rapporto dell\u2019Osservatorio su Assegno di Inclusione (ADI) e","robots":{"index":"index","follow":"follow","max-snippet":"max-snippet:-1","max-image-preview":"max-image-preview:large","max-video-preview":"max-video-preview:-1"},"canonical":"https:\/\/www.pressenza.com\/it\/2025\/02\/il-governo-fa-cassa-a-spese-dei-poveri-i-dati-inps-sullassegno-dinclusione\/","og_locale":"it_IT","og_type":"article","og_title":"Il Governo fa cassa a spese dei poveri. I dati Inps sull\u2019Assegno d\u2019Inclusione","og_description":"Riprendiamo dal sito di Diogene Notizie 31 Gennaio 2025 \u00c8 stato pubblicato dall\u2019Inps il rapporto dell\u2019Osservatorio su Assegno di Inclusione (ADI) e","og_url":"https:\/\/www.pressenza.com\/it\/2025\/02\/il-governo-fa-cassa-a-spese-dei-poveri-i-dati-inps-sullassegno-dinclusione\/","og_site_name":"Pressenza","article_publisher":"https:\/\/www.facebook.com\/PressenzaItalia","article_author":"https:\/\/www.facebook.com\/PressenzaItalia","article_published_time":"2025-02-01T09:42:10+00:00","article_modified_time":"2025-02-01T09:44:33+00:00","og_image":[{"width":800,"height":479,"url":"https:\/\/www.pressenza.com\/wp-content\/uploads\/2025\/02\/foto-di-diogenenotizie.com-inps-e1738402897952.jpg","type":"image\/jpeg"}],"author":"Redazione Italia","twitter_card":"summary_large_image","twitter_creator":"@pressenza_it","twitter_site":"@PressenzaIPA","twitter_misc":{"Scritto da":"Redazione Italia","Tempo di lettura stimato":"4 minuti"},"schema":{"@context":"https:\/\/schema.org","@graph":[{"@type":"Article","@id":"https:\/\/www.pressenza.com\/it\/2025\/02\/il-governo-fa-cassa-a-spese-dei-poveri-i-dati-inps-sullassegno-dinclusione\/#article","isPartOf":{"@id":"https:\/\/www.pressenza.com\/it\/2025\/02\/il-governo-fa-cassa-a-spese-dei-poveri-i-dati-inps-sullassegno-dinclusione\/"},"author":{"name":"Redazione Italia","@id":"https:\/\/www.pressenza.com\/it\/#\/schema\/person\/d983e81827ae24f2c7b1a2123d197f8d"},"headline":"Il Governo fa cassa a spese dei poveri. I dati Inps sull\u2019Assegno d\u2019Inclusione","datePublished":"2025-02-01T09:42:10+00:00","dateModified":"2025-02-01T09:44:33+00:00","mainEntityOfPage":{"@id":"https:\/\/www.pressenza.com\/it\/2025\/02\/il-governo-fa-cassa-a-spese-dei-poveri-i-dati-inps-sullassegno-dinclusione\/"},"wordCount":610,"publisher":{"@id":"https:\/\/www.pressenza.com\/it\/#organization"},"image":{"@id":"https:\/\/www.pressenza.com\/it\/2025\/02\/il-governo-fa-cassa-a-spese-dei-poveri-i-dati-inps-sullassegno-dinclusione\/#primaryimage"},"thumbnailUrl":"https:\/\/www.pressenza.com\/wp-content\/uploads\/2025\/02\/foto-di-diogenenotizie.com-inps-e1738402897952.jpg","keywords":["Assegno di Inclusione","INPS","reddito di cittadinanza","Supporto per la Formazione e il Lavoro"],"articleSection":["Economia"],"inLanguage":"it-IT"},{"@type":"WebPage","@id":"https:\/\/www.pressenza.com\/it\/2025\/02\/il-governo-fa-cassa-a-spese-dei-poveri-i-dati-inps-sullassegno-dinclusione\/","url":"https:\/\/www.pressenza.com\/it\/2025\/02\/il-governo-fa-cassa-a-spese-dei-poveri-i-dati-inps-sullassegno-dinclusione\/","name":"Il Governo fa cassa a spese dei poveri. I dati Inps sull\u2019Assegno d\u2019Inclusione","isPartOf":{"@id":"https:\/\/www.pressenza.com\/it\/#website"},"primaryImageOfPage":{"@id":"https:\/\/www.pressenza.com\/it\/2025\/02\/il-governo-fa-cassa-a-spese-dei-poveri-i-dati-inps-sullassegno-dinclusione\/#primaryimage"},"image":{"@id":"https:\/\/www.pressenza.com\/it\/2025\/02\/il-governo-fa-cassa-a-spese-dei-poveri-i-dati-inps-sullassegno-dinclusione\/#primaryimage"},"thumbnailUrl":"https:\/\/www.pressenza.com\/wp-content\/uploads\/2025\/02\/foto-di-diogenenotizie.com-inps-e1738402897952.jpg","datePublished":"2025-02-01T09:42:10+00:00","dateModified":"2025-02-01T09:44:33+00:00","description":"Riprendiamo dal sito di Diogene Notizie 31 Gennaio 2025 \u00c8 stato pubblicato dall\u2019Inps il rapporto dell\u2019Osservatorio su Assegno di Inclusione (ADI) e","breadcrumb":{"@id":"https:\/\/www.pressenza.com\/it\/2025\/02\/il-governo-fa-cassa-a-spese-dei-poveri-i-dati-inps-sullassegno-dinclusione\/#breadcrumb"},"inLanguage":"it-IT","potentialAction":[{"@type":"ReadAction","target":["https:\/\/www.pressenza.com\/it\/2025\/02\/il-governo-fa-cassa-a-spese-dei-poveri-i-dati-inps-sullassegno-dinclusione\/"]}]},{"@type":"ImageObject","inLanguage":"it-IT","@id":"https:\/\/www.pressenza.com\/it\/2025\/02\/il-governo-fa-cassa-a-spese-dei-poveri-i-dati-inps-sullassegno-dinclusione\/#primaryimage","url":"https:\/\/www.pressenza.com\/wp-content\/uploads\/2025\/02\/foto-di-diogenenotizie.com-inps-e1738402897952.jpg","contentUrl":"https:\/\/www.pressenza.com\/wp-content\/uploads\/2025\/02\/foto-di-diogenenotizie.com-inps-e1738402897952.jpg","width":800,"height":479},{"@type":"BreadcrumbList","@id":"https:\/\/www.pressenza.com\/it\/2025\/02\/il-governo-fa-cassa-a-spese-dei-poveri-i-dati-inps-sullassegno-dinclusione\/#breadcrumb","itemListElement":[{"@type":"ListItem","position":1,"name":"Accueil","item":"https:\/\/www.pressenza.com\/it\/"},{"@type":"ListItem","position":2,"name":"Il Governo fa cassa a spese dei poveri. I dati Inps sull\u2019Assegno d\u2019Inclusione"}]},{"@type":"WebSite","@id":"https:\/\/www.pressenza.com\/it\/#website","url":"https:\/\/www.pressenza.com\/it\/","name":"Pressenza","description":"Agenzia di Stampa Internazionale","publisher":{"@id":"https:\/\/www.pressenza.com\/it\/#organization"},"potentialAction":[{"@type":"SearchAction","target":{"@type":"EntryPoint","urlTemplate":"https:\/\/www.pressenza.com\/it\/?s={search_term_string}"},"query-input":{"@type":"PropertyValueSpecification","valueRequired":true,"valueName":"search_term_string"}}],"inLanguage":"it-IT"},{"@type":"Organization","@id":"https:\/\/www.pressenza.com\/it\/#organization","name":"Pressenza","url":"https:\/\/www.pressenza.com\/it\/","logo":{"@type":"ImageObject","inLanguage":"it-IT","@id":"https:\/\/www.pressenza.com\/it\/#\/schema\/logo\/image\/","url":"https:\/\/www.pressenza.com\/wp-content\/uploads\/2022\/10\/pressenza_logo_200x200.jpg","contentUrl":"https:\/\/www.pressenza.com\/wp-content\/uploads\/2022\/10\/pressenza_logo_200x200.jpg","width":200,"height":200,"caption":"Pressenza"},"image":{"@id":"https:\/\/www.pressenza.com\/it\/#\/schema\/logo\/image\/"},"sameAs":["https:\/\/www.facebook.com\/PressenzaItalia","https:\/\/x.com\/PressenzaIPA"]},{"@type":"Person","@id":"https:\/\/www.pressenza.com\/it\/#\/schema\/person\/d983e81827ae24f2c7b1a2123d197f8d","name":"Redazione Italia","description":"News from the Pressenza Bureau in Italy","sameAs":["https:\/\/www.pressenza.com\/it\/author\/redazione-italia\/","https:\/\/www.facebook.com\/PressenzaItalia","https:\/\/www.instagram.com\/pressenza_italia\/","https:\/\/x.com\/pressenza_it","https:\/\/www.youtube.com\/channel\/UCSalEIWjE1RSxkwjfftFuqg"],"url":"https:\/\/www.pressenza.com\/it\/author\/redazione-italia\/"}]}},"place":"Diogene Notizie","original_article_url":"","_links":{"self":[{"href":"https:\/\/www.pressenza.com\/it\/wp-json\/wp\/v2\/posts\/2580491","targetHints":{"allow":["GET"]}}],"collection":[{"href":"https:\/\/www.pressenza.com\/it\/wp-json\/wp\/v2\/posts"}],"about":[{"href":"https:\/\/www.pressenza.com\/it\/wp-json\/wp\/v2\/types\/post"}],"author":[{"embeddable":true,"href":"https:\/\/www.pressenza.com\/it\/wp-json\/wp\/v2\/users\/594"}],"replies":[{"embeddable":true,"href":"https:\/\/www.pressenza.com\/it\/wp-json\/wp\/v2\/comments?post=2580491"}],"version-history":[{"count":0,"href":"https:\/\/www.pressenza.com\/it\/wp-json\/wp\/v2\/posts\/2580491\/revisions"}],"wp:featuredmedia":[{"embeddable":true,"href":"https:\/\/www.pressenza.com\/it\/wp-json\/wp\/v2\/media\/2580492"}],"wp:attachment":[{"href":"https:\/\/www.pressenza.com\/it\/wp-json\/wp\/v2\/media?parent=2580491"}],"wp:term":[{"taxonomy":"category","embeddable":true,"href":"https:\/\/www.pressenza.com\/it\/wp-json\/wp\/v2\/categories?post=2580491"},{"taxonomy":"post_tag","embeddable":true,"href":"https:\/\/www.pressenza.com\/it\/wp-json\/wp\/v2\/tags?post=2580491"}],"curies":[{"name":"wp","href":"https:\/\/api.w.org\/{rel}","templated":true}]}}