{"id":2579136,"date":"2025-01-26T15:07:14","date_gmt":"2025-01-26T15:07:14","guid":{"rendered":"https:\/\/www.pressenza.com\/?p=2579136"},"modified":"2025-01-26T15:07:14","modified_gmt":"2025-01-26T15:07:14","slug":"reazione-repressione-e-militarismo-dietro-lappoggio-dei-rappresentanti-del-neoliberismo-globale-a-trump","status":"publish","type":"post","link":"https:\/\/www.pressenza.com\/it\/2025\/01\/reazione-repressione-e-militarismo-dietro-lappoggio-dei-rappresentanti-del-neoliberismo-globale-a-trump\/","title":{"rendered":"Reazione, repressione e militarismo dietro l\u2019appoggio dei rappresentanti del neoliberismo globale a Trump\u00a0"},"content":{"rendered":"<p><span style=\"font-weight: 400;\">Che la direzione dei decreti esecutivi che fanno pi\u00f9 scalpore, tra quelli firmati da Donald Trump il primo giorno di insediamento alla Presidenza degli Stati Uniti d\u2019America, viri decisamente verso posizioni <\/span><i><span style=\"font-weight: 400;\">reazionarie<\/span><\/i><span style=\"font-weight: 400;\">, <\/span><i><span style=\"font-weight: 400;\">repressive<\/span><\/i><span style=\"font-weight: 400;\"> e <\/span><i><span style=\"font-weight: 400;\">retrograde<\/span><\/i><span style=\"font-weight: 400;\">, nella migliore delle ipotesi <\/span><i><span style=\"font-weight: 400;\">conservatrici<\/span><\/i><span style=\"font-weight: 400;\">, \u00e8 piuttosto evidente, ma ci\u00f2 che deve essere messo in risalto \u00e8 la continuit\u00e0 tra il <\/span><i><span style=\"font-weight: 400;\">capitalismo neoliberistico<\/span><\/i><span style=\"font-weight: 400;\"> e la reazione, la repressione, il presidio militaristico della societ\u00e0 civile.<\/span><\/p>\n<p><span style=\"font-weight: 400;\">Basterebbe richiamare solo alcuni di quei decreti per avere una chiara percezione del fenomeno che s\u2019intende dimostrare. Ad esempio, il decreto che ha fatto pi\u00f9 discutere, non foss\u2019altro che ha gi\u00e0 prodotto immagini raccapriccianti di <\/span><b><i>persone deportate in catene<\/i><\/b><span style=\"font-weight: 400;\">, riguarda <\/span><i><span style=\"font-weight: 400;\">l\u2019<\/span><\/i><b><i>Immigrazione<\/i><\/b><span style=\"font-weight: 400;\">.<\/span><\/p>\n<p><span style=\"font-weight: 400;\">Accade, dunque, che, nel solco di un\u2019abitudine piuttosto diffusa tra i poteri reazionari nel richiamare lo \u201c<\/span><i><span style=\"font-weight: 400;\">stato di eccezione<\/span><\/i><span style=\"font-weight: 400;\">\u201d, Trump abbia dichiarato che esiste uno \u00ab<\/span><i><span style=\"font-weight: 400;\">stato di emergenza al confine con il Messico<\/span><\/i><span style=\"font-weight: 400;\">\u00bb, per cui ha disposto il dispiegamento di ingenti forze militari alla frontiera, contestualmente alla ripresa del progetto del muro USA-Messico. Il decreto <\/span><b><i>Immigrazione <\/i><\/b><span style=\"font-weight: 400;\">prevede deportazioni di massa di stranieri in genere, cio\u00e8 di persone che \u201c<\/span><i><span style=\"font-weight: 400;\">per decretazione<\/span><\/i><span style=\"font-weight: 400;\">\u201d diventano di colpo \u201ccriminali\u201d e, nel caso di condanne per mutilazione o omicidio di cittadini americani Trump chiede che il Dipartimento di Giustizia applichi la pena di morte, da estendere, tra l\u2019altro, a tutti gli Stati della Confederazione.<\/span><\/p>\n<p><span style=\"font-weight: 400;\">Ancora nell\u2019ambito del decreto <\/span><b><i>Immigrazione<\/i><\/b><span style=\"font-weight: 400;\">, Trump dispone la fine dello <\/span><i><span style=\"font-weight: 400;\">ius soli<\/span><\/i><span style=\"font-weight: 400;\">, vale a dire l\u2019eliminazione della cittadinanza automatica per i figli e le figlie nati\/e da residenti temporanei o non legali, inclusi turisti e titolari di visto, ribaltando d\u2019un solo colpo tutta la storia americana, che vede gli europei stessi quali coloni e migranti in un territorio precedentemente abitato da donne e uomini prontamente sterminati\/e.<\/span><\/p>\n<p><span style=\"font-weight: 400;\">Altri interessanti provvedimenti sono contenuti nel decreto <\/span><b><i>Energia e Clima<\/i><\/b><span style=\"font-weight: 400;\">, il quale prevede il ritiro dall\u2019<\/span><i><span style=\"font-weight: 400;\">Accordo di Parigi<\/span><\/i><span style=\"font-weight: 400;\">, l\u2019uscita dall\u2019<\/span><i><span style=\"font-weight: 400;\">Accordo sul Clima del 2015<\/span><\/i><span style=\"font-weight: 400;\">, l\u2019aumento della produzione energetica interna mediante \u201c<\/span><i><span style=\"font-weight: 400;\">leggi di emergenza<\/span><\/i><span style=\"font-weight: 400;\">\u201d al fine di rivedere e annullare regolamenti climatici ritenuti gravosi per la produzione energetica, l\u2019espansione di esplorazioni di petrolio e gas, comprese regioni <\/span><i><span style=\"font-weight: 400;\">offshore<\/span><\/i><span style=\"font-weight: 400;\"> e in Alaska, il blocco della disponibilit\u00e0 di nuovi terreni per investimenti in parchi eolici, ritenendo maggiore l\u2019impatto sui paesaggi naturali rispetto ai benefici per i consumatori. Non trascurabile \u00e8, confrontato con lo sforzo europeo sul tema, l\u2019eliminazione dei sussidi e delle esenzioni per i veicoli elettrici, volendo incrementare la produzione di auto a benzina.<\/span><\/p>\n<p><span style=\"font-weight: 400;\">Un altro settore strategico toccato dagli ordini esecutivi \u00e8 quello digitale, infatti il decreto riguardante i <\/span><b><i>Bitcoin<\/i><\/b><span style=\"font-weight: 400;\"> esprime l\u2019intenzione di prendere in mano da parte degli USA il mercato degli <\/span><i><span style=\"font-weight: 400;\">asset<\/span><\/i><span style=\"font-weight: 400;\"> digitali e della tecnologia <\/span><i><span style=\"font-weight: 400;\">blockchain<\/span><\/i><span style=\"font-weight: 400;\"> con l\u2019obiettivo specifico di mettere le mani su un prodotto finanziario che rischia di essere ingestibile e pericoloso per la sua natura deterritorializzata e, quindi, utilizzarlo per creare riserve federali di <\/span><i><span style=\"font-weight: 400;\">bitcoin<\/span><\/i><span style=\"font-weight: 400;\"> in un momento storico in cui il dollaro non gode di ottima salute a causa di un debito pubblico che nel 2023 ammontava al <\/span><a href=\"https:\/\/tradingeconomics.com\/united-states\/government-debt-to-gdp\"><span style=\"font-weight: 400;\">129% per PIL nazionale<\/span><\/a><span style=\"font-weight: 400;\">.<\/span><\/p>\n<p><span style=\"font-weight: 400;\">Infine, tra i settori strategici toccati da Trump c\u2019\u00e8 quello <\/span><b><i>farmaceutico<\/i><\/b><span style=\"font-weight: 400;\">, infatti tra i decreti esecutivi pi\u00f9 rilevanti, forse passati un po\u2019 in sordina, c\u2019\u00e8 l\u2019uscita entro un anno dalla firma degli USA dall\u2019OMS (<\/span><i><span style=\"font-weight: 400;\">Organizzazione Mondiale della Sanit\u00e0<\/span><\/i><span style=\"font-weight: 400;\">), il cui palese obiettivo starebbe nel garantire un \u00ab<\/span><a href=\"https:\/\/trendsanita.it\/trump-sale-al-potere-e-firma-per-far-uscire-gli-stati-uniti-dalloms\/\"><i><span style=\"font-weight: 400;\">vantaggio competitivo delle aziende farmaceutiche statunitensi<\/span><\/i><\/a><span style=\"font-weight: 400;\">\u00bb.<\/span><\/p>\n<p><span style=\"font-weight: 400;\">Accenniamo, infine, ad alcuni decreti pi\u00f9 esplicitamente retrogradi, come quello sulle <\/span><b><i>Politiche di genere e culturali<\/i><\/b><span style=\"font-weight: 400;\">, con il quale s\u2019intende riconoscere sui documenti governativi solo due generi (maschile e femminile) ed eliminare le iniziative sociali legate a diversit\u00e0, equit\u00e0 e inclusione a favore di una <\/span><i><span style=\"font-weight: 400;\">governance<\/span><\/i><span style=\"font-weight: 400;\"> basata sul merito, ma anche quello sulla censura temporanea di <\/span><b><i>TikTok<\/i><\/b><span style=\"font-weight: 400;\">, e quello di natura protezionistica sull\u2019introduzione dei <\/span><b><i>dazi<\/i><\/b><span style=\"font-weight: 400;\"> nei confronti della Cina, con potenziali tassi fino al 25% su Messico e Canada.\u00a0<\/span><\/p>\n<p><span style=\"font-weight: 400;\">Ci\u00f2 su cui, tuttavia, bisogna riflettere, al fine di indagare correttamente la prospettiva politica dei tempi che sono (piuttosto cupi, ovviamente), \u00e8 la composizione della compagine che sostiene il regime di Trump, perch\u00e9 di regime si deve parlare quando un presidente di uno Stato il primo giorno di insediamento firma 100 decreti immediatamente esecutivi.\u00a0<\/span><\/p>\n<p><span style=\"font-weight: 400;\">Ebbene, la platea di personaggi che ha sfilato all\u2019insediamento di Trump, anche piuttosto ambiguamente, se pensiamo al gesto di <\/span><b>Elon Musk<\/b><span style=\"font-weight: 400;\">, subito compensato per decreto con la direzione del <\/span><b><i>Dipartimento per l\u2019Efficienza Governativa<\/i><\/b><span style=\"font-weight: 400;\"> per migliorare l\u2019efficienza del governo in chiave decisamente tayloristica, rappresenta circa un terzo della ricchezza mondiale. Ci\u00f2 dimostra la chiara direzione capitalistica e neoliberistica di questa politica, che attira a s\u00e9, tra partecipanti e invitati, non solo <\/span><b>Musk<\/b><span style=\"font-weight: 400;\">, ma anche <\/span><b>Albert Bourla, <\/b><span style=\"font-weight: 400;\">CEO di <\/span><i><span style=\"font-weight: 400;\">Pfizer<\/span><\/i><span style=\"font-weight: 400;\">, che secondo il <\/span><a href=\"https:\/\/www.wallstreetitalia.com\/trump-chi-sono-i-miliardari-da-1-200-miliardi-che-hanno-partecipato-alla-cerimonia-di-insediamento\/\"><span style=\"font-weight: 400;\">Wall Street Journal<\/span><\/a><span style=\"font-weight: 400;\"> avrebbe previsto di partecipare all\u2019inaugurazione, <\/span><b>Sam Altman<\/b><span style=\"font-weight: 400;\"> (<\/span><i><span style=\"font-weight: 400;\">OpenAI<\/span><\/i><span style=\"font-weight: 400;\">), <\/span><b>Tim Cook<\/b><span style=\"font-weight: 400;\"> (<\/span><i><span style=\"font-weight: 400;\">Apple<\/span><\/i><span style=\"font-weight: 400;\">), <\/span><b>Brian Armstrong<\/b><span style=\"font-weight: 400;\"> (<\/span><i><span style=\"font-weight: 400;\">Coinbase<\/span><\/i><span style=\"font-weight: 400;\">), oltre a personaggi in qualche modo legati a doppia mandata al mondo delle cryptovalute e ai combustibili fossili, tra cui la <\/span><b>Satoshi Action Fund,<\/b><span style=\"font-weight: 400;\"> che ha legami con \u00ab<\/span><a href=\"https:\/\/valori.it\/trump-criptovalute-bitcoin-combustibili-fossili\/\"><i><span style=\"font-weight: 400;\">Koch Network, un consorzio di aziende legate ai combustibili fossili. E con la Heritage Foundation, un think tank conservatore noto, tra l\u2019altro, per il suo sostegno alle politiche anti-ambientali<\/span><\/i><\/a><span style=\"font-weight: 400;\">\u00bb.<\/span><\/p>\n<p><span style=\"font-weight: 400;\">Bisogna, allora, inquadrare bene, a scanso di equivoci, il significato e la direzione delle politiche neoliberistiche, che si servono sempre pi\u00f9 spesso delle situazioni di <\/span><b><i>crisi<\/i><\/b><span style=\"font-weight: 400;\">, generate <\/span><i><span style=\"font-weight: 400;\">ad hoc<\/span><\/i><span style=\"font-weight: 400;\"> dai <\/span><i><span style=\"font-weight: 400;\">media<\/span><\/i><span style=\"font-weight: 400;\"> conniventi (anche loro abbondantemente rappresentati all\u2019insediamento di Trump), per mettere a punto \u201c<\/span><i><span style=\"font-weight: 400;\">stati di eccezione<\/span><\/i><span style=\"font-weight: 400;\">\u201d, \u201c<\/span><i><span style=\"font-weight: 400;\">stati di emergenza<\/span><\/i><span style=\"font-weight: 400;\">\u201d e virare decisamente verso posizioni autoritarie e repressive. Di ci\u00f2 ne abbiamo avuto testimonianza fattuale in Italia, in Germania e in Europa, in generale, a partire dagli anni \u201920 del secolo scorso, quando il liberismo ha generato dal suo interno la <\/span><i><span style=\"font-weight: 400;\">reazione<\/span><\/i><span style=\"font-weight: 400;\"> al socialismo e al comunismo, approdando a regimi autoritari e repressivi di marca fascista.\u00a0<\/span><\/p>\n<p><span style=\"font-weight: 400;\">Sul funzionamento del sistema americano e sulla connessione tra neoliberismo e repressione ci metteva in guardia la filosofa <\/span><b>Nancy Fraser<\/b><span style=\"font-weight: 400;\"> gi\u00e0 nel 2022 in <\/span><i><span style=\"font-weight: 400;\">Capitalismo cannibale. Come il sistema sta divorando la democrazia, in nostro senso di comunit\u00e0 e il pianeta<\/span><\/i><span style=\"font-weight: 400;\">: \u00ab<\/span><i><span style=\"font-weight: 400;\">Nel frattempo i principali interessi capitalistici (Big Fruit, Big Pharma, Big Energy, Big Arms, Big Data) hanno portato avanti la propria pratica di lunga data di promuovere autoritarismo e repressione, imperialismo e guerra in tutto il mondo<\/span><\/i><span style=\"font-weight: 400;\">\u00bb (p. 144).<\/span><\/p>\n<p><span style=\"font-weight: 400;\">Ecco, qualora non fosse abbastanza chiaro anche ai politici di casa nostra quale deve essere la direzione che i partiti e i movimenti di sinistra, o della \u00abresistenza\u00bb per usare un\u2019espressione di <\/span><b>Fraser<\/b><span style=\"font-weight: 400;\">, devono intraprendere vorremmo richiamare ci\u00f2 che la stessa filosofa americana scrive: \u00ab<\/span><i><span style=\"font-weight: 400;\">Le correnti dominanti della \u201cresistenza\u201d sono state a anzi a lungo invischiate con gli stessi poteri che avrebbero dovuto smascherare. [\u2026] Operando in un contesto di egemonia liberista, questi movimenti hanno funzionato per molti anni come junior partner di un blocco progressista-neoliberista che comprendeva anche settori \u201cprogressisti\u201d del capitale globale. [\u2026] Cos\u00ec anche i progressisti hanno finito per svolgere un ruolo da front-man, fornendo una patina di carisma emancipatorio all\u2019economia politica predatoria del neoliberismo<\/span><\/i><span style=\"font-weight: 400;\">\u00bb (p. 150).<\/span><\/p>\n<p><span style=\"font-weight: 400;\">Insomma, come dire, i tempi per la creazione di un fronte controegemonico credibile al neoliberismo, tanto negli USA quanto in UE, attualmente sono molto lontani e di sicuro non saranno sotto la guida di parole d\u2019ordine \u201cdemocratiche\u201d, \u201cliberali\u201d o \u201cprogressiste\u201d, tanto pi\u00f9 se <\/span><a href=\"https:\/\/www.pressenza.com\/it\/2025\/01\/risoluzione-parlamento-europeo-equipara-i-simboli-di-nazismo-e-comunismo-il-trionfo-della-post-verita\/\"><span style=\"font-weight: 400;\">il Parlamento europeo vota quasi all\u2019unanimit\u00e0<\/span><\/a><span style=\"font-weight: 400;\"> per l\u2019equiparazione del nazismo, rievocato sempre pi\u00f9 spesso e in mondovisione in <\/span><i><span style=\"font-weight: 400;\">pompa magna<\/span><\/i><span style=\"font-weight: 400;\">, e il simbolo della falce e del martello, di cui sempre pi\u00f9 persone si vergognano. Dovr\u00e0 attendere ancora a lungo <\/span><b>Nancy Fraser<\/b><span style=\"font-weight: 400;\"> prima di vedere barlumi di socialismo!\u00a0<\/span><\/p>\n<p>&nbsp;<\/p>\n","protected":false},"excerpt":{"rendered":"<p>Che la direzione dei decreti esecutivi che fanno pi\u00f9 scalpore, tra quelli firmati da Donald Trump il primo giorno di insediamento alla Presidenza degli Stati Uniti d\u2019America, viri decisamente verso posizioni reazionarie, repressive e retrograde, nella migliore delle ipotesi conservatrici,&hellip;<\/p>\n","protected":false},"author":2379,"featured_media":2219899,"comment_status":"closed","ping_status":"closed","sticky":false,"template":"","format":"standard","meta":{"footnotes":""},"categories":[11388,62,162,55],"tags":[43887,75571,638,43165,1453],"class_list":["post-2579136","post","type-post","status-publish","format-standard","has-post-thumbnail","hentry","category-contenuti-originali","category-economia","category-opinioni","category-politica","tag-criptovalute","tag-elon-musk-it","tag-militarizzazione","tag-trump","tag-usa-it"],"yoast_head":"<!-- This site is optimized with the Yoast SEO plugin v27.1.1 - https:\/\/yoast.com\/product\/yoast-seo-wordpress\/ -->\n<title>Reazione, repressione e militarismo dietro l\u2019appoggio dei rappresentanti del neoliberismo globale a Trump\u00a0<\/title>\n<meta name=\"description\" content=\"Che la direzione dei decreti esecutivi che fanno pi\u00f9 scalpore, tra quelli firmati da Donald Trump il primo giorno di insediamento alla Presidenza degli\" \/>\n<meta name=\"robots\" content=\"index, follow, max-snippet:-1, max-image-preview:large, max-video-preview:-1\" \/>\n<link rel=\"canonical\" href=\"https:\/\/www.pressenza.com\/it\/2025\/01\/reazione-repressione-e-militarismo-dietro-lappoggio-dei-rappresentanti-del-neoliberismo-globale-a-trump\/\" \/>\n<meta property=\"og:locale\" content=\"it_IT\" \/>\n<meta property=\"og:type\" content=\"article\" \/>\n<meta property=\"og:title\" content=\"Reazione, repressione e militarismo dietro l\u2019appoggio dei rappresentanti del neoliberismo globale a Trump\u00a0\" \/>\n<meta property=\"og:description\" content=\"Che la direzione dei decreti esecutivi che fanno pi\u00f9 scalpore, tra quelli firmati da Donald Trump il primo giorno di insediamento alla Presidenza degli\" \/>\n<meta property=\"og:url\" content=\"https:\/\/www.pressenza.com\/it\/2025\/01\/reazione-repressione-e-militarismo-dietro-lappoggio-dei-rappresentanti-del-neoliberismo-globale-a-trump\/\" \/>\n<meta property=\"og:site_name\" content=\"Pressenza\" \/>\n<meta property=\"article:publisher\" content=\"https:\/\/www.facebook.com\/PressenzaItalia\" \/>\n<meta property=\"article:published_time\" content=\"2025-01-26T15:07:14+00:00\" \/>\n<meta property=\"og:image\" content=\"https:\/\/www.pressenza.com\/wp-content\/uploads\/2024\/03\/Militarizacion-3.jpg\" \/>\n\t<meta property=\"og:image:width\" content=\"1000\" \/>\n\t<meta property=\"og:image:height\" content=\"667\" \/>\n\t<meta property=\"og:image:type\" content=\"image\/jpeg\" \/>\n<meta name=\"author\" content=\"Michele Lucivero\" \/>\n<meta name=\"twitter:card\" content=\"summary_large_image\" \/>\n<meta name=\"twitter:creator\" content=\"@PressenzaIPA\" \/>\n<meta name=\"twitter:site\" content=\"@PressenzaIPA\" \/>\n<meta name=\"twitter:label1\" content=\"Scritto da\" \/>\n\t<meta name=\"twitter:data1\" content=\"Michele Lucivero\" \/>\n\t<meta name=\"twitter:label2\" content=\"Tempo di lettura stimato\" \/>\n\t<meta name=\"twitter:data2\" content=\"7 minuti\" \/>\n<script type=\"application\/ld+json\" class=\"yoast-schema-graph\">{\"@context\":\"https:\/\/schema.org\",\"@graph\":[{\"@type\":\"Article\",\"@id\":\"https:\/\/www.pressenza.com\/it\/2025\/01\/reazione-repressione-e-militarismo-dietro-lappoggio-dei-rappresentanti-del-neoliberismo-globale-a-trump\/#article\",\"isPartOf\":{\"@id\":\"https:\/\/www.pressenza.com\/it\/2025\/01\/reazione-repressione-e-militarismo-dietro-lappoggio-dei-rappresentanti-del-neoliberismo-globale-a-trump\/\"},\"author\":{\"name\":\"Michele Lucivero\",\"@id\":\"https:\/\/www.pressenza.com\/it\/#\/schema\/person\/bafe77486193f76a315c3069944dc583\"},\"headline\":\"Reazione, repressione e militarismo dietro l\u2019appoggio dei rappresentanti del neoliberismo globale a Trump\u00a0\",\"datePublished\":\"2025-01-26T15:07:14+00:00\",\"mainEntityOfPage\":{\"@id\":\"https:\/\/www.pressenza.com\/it\/2025\/01\/reazione-repressione-e-militarismo-dietro-lappoggio-dei-rappresentanti-del-neoliberismo-globale-a-trump\/\"},\"wordCount\":1262,\"publisher\":{\"@id\":\"https:\/\/www.pressenza.com\/it\/#organization\"},\"image\":{\"@id\":\"https:\/\/www.pressenza.com\/it\/2025\/01\/reazione-repressione-e-militarismo-dietro-lappoggio-dei-rappresentanti-del-neoliberismo-globale-a-trump\/#primaryimage\"},\"thumbnailUrl\":\"https:\/\/www.pressenza.com\/wp-content\/uploads\/2024\/03\/Militarizacion-3.jpg\",\"keywords\":[\"criptovalute\",\"Elon Musk\",\"militarizzazione\",\"Trump\",\"USA\"],\"articleSection\":[\"contenuti originali\",\"Economia\",\"Opinioni\",\"Politica\"],\"inLanguage\":\"it-IT\"},{\"@type\":\"WebPage\",\"@id\":\"https:\/\/www.pressenza.com\/it\/2025\/01\/reazione-repressione-e-militarismo-dietro-lappoggio-dei-rappresentanti-del-neoliberismo-globale-a-trump\/\",\"url\":\"https:\/\/www.pressenza.com\/it\/2025\/01\/reazione-repressione-e-militarismo-dietro-lappoggio-dei-rappresentanti-del-neoliberismo-globale-a-trump\/\",\"name\":\"Reazione, repressione e militarismo dietro l\u2019appoggio dei rappresentanti del neoliberismo globale a Trump\u00a0\",\"isPartOf\":{\"@id\":\"https:\/\/www.pressenza.com\/it\/#website\"},\"primaryImageOfPage\":{\"@id\":\"https:\/\/www.pressenza.com\/it\/2025\/01\/reazione-repressione-e-militarismo-dietro-lappoggio-dei-rappresentanti-del-neoliberismo-globale-a-trump\/#primaryimage\"},\"image\":{\"@id\":\"https:\/\/www.pressenza.com\/it\/2025\/01\/reazione-repressione-e-militarismo-dietro-lappoggio-dei-rappresentanti-del-neoliberismo-globale-a-trump\/#primaryimage\"},\"thumbnailUrl\":\"https:\/\/www.pressenza.com\/wp-content\/uploads\/2024\/03\/Militarizacion-3.jpg\",\"datePublished\":\"2025-01-26T15:07:14+00:00\",\"description\":\"Che la direzione dei decreti esecutivi che fanno pi\u00f9 scalpore, tra quelli firmati da Donald Trump il primo giorno di insediamento alla Presidenza degli\",\"breadcrumb\":{\"@id\":\"https:\/\/www.pressenza.com\/it\/2025\/01\/reazione-repressione-e-militarismo-dietro-lappoggio-dei-rappresentanti-del-neoliberismo-globale-a-trump\/#breadcrumb\"},\"inLanguage\":\"it-IT\",\"potentialAction\":[{\"@type\":\"ReadAction\",\"target\":[\"https:\/\/www.pressenza.com\/it\/2025\/01\/reazione-repressione-e-militarismo-dietro-lappoggio-dei-rappresentanti-del-neoliberismo-globale-a-trump\/\"]}]},{\"@type\":\"ImageObject\",\"inLanguage\":\"it-IT\",\"@id\":\"https:\/\/www.pressenza.com\/it\/2025\/01\/reazione-repressione-e-militarismo-dietro-lappoggio-dei-rappresentanti-del-neoliberismo-globale-a-trump\/#primaryimage\",\"url\":\"https:\/\/www.pressenza.com\/wp-content\/uploads\/2024\/03\/Militarizacion-3.jpg\",\"contentUrl\":\"https:\/\/www.pressenza.com\/wp-content\/uploads\/2024\/03\/Militarizacion-3.jpg\",\"width\":1000,\"height\":667},{\"@type\":\"BreadcrumbList\",\"@id\":\"https:\/\/www.pressenza.com\/it\/2025\/01\/reazione-repressione-e-militarismo-dietro-lappoggio-dei-rappresentanti-del-neoliberismo-globale-a-trump\/#breadcrumb\",\"itemListElement\":[{\"@type\":\"ListItem\",\"position\":1,\"name\":\"Accueil\",\"item\":\"https:\/\/www.pressenza.com\/it\/\"},{\"@type\":\"ListItem\",\"position\":2,\"name\":\"Reazione, repressione e militarismo dietro l\u2019appoggio dei rappresentanti del neoliberismo globale a Trump\u00a0\"}]},{\"@type\":\"WebSite\",\"@id\":\"https:\/\/www.pressenza.com\/it\/#website\",\"url\":\"https:\/\/www.pressenza.com\/it\/\",\"name\":\"Pressenza\",\"description\":\"Agenzia di Stampa Internazionale\",\"publisher\":{\"@id\":\"https:\/\/www.pressenza.com\/it\/#organization\"},\"potentialAction\":[{\"@type\":\"SearchAction\",\"target\":{\"@type\":\"EntryPoint\",\"urlTemplate\":\"https:\/\/www.pressenza.com\/it\/?s={search_term_string}\"},\"query-input\":{\"@type\":\"PropertyValueSpecification\",\"valueRequired\":true,\"valueName\":\"search_term_string\"}}],\"inLanguage\":\"it-IT\"},{\"@type\":\"Organization\",\"@id\":\"https:\/\/www.pressenza.com\/it\/#organization\",\"name\":\"Pressenza\",\"url\":\"https:\/\/www.pressenza.com\/it\/\",\"logo\":{\"@type\":\"ImageObject\",\"inLanguage\":\"it-IT\",\"@id\":\"https:\/\/www.pressenza.com\/it\/#\/schema\/logo\/image\/\",\"url\":\"https:\/\/www.pressenza.com\/wp-content\/uploads\/2022\/10\/pressenza_logo_200x200.jpg\",\"contentUrl\":\"https:\/\/www.pressenza.com\/wp-content\/uploads\/2022\/10\/pressenza_logo_200x200.jpg\",\"width\":200,\"height\":200,\"caption\":\"Pressenza\"},\"image\":{\"@id\":\"https:\/\/www.pressenza.com\/it\/#\/schema\/logo\/image\/\"},\"sameAs\":[\"https:\/\/www.facebook.com\/PressenzaItalia\",\"https:\/\/x.com\/PressenzaIPA\"]},{\"@type\":\"Person\",\"@id\":\"https:\/\/www.pressenza.com\/it\/#\/schema\/person\/bafe77486193f76a315c3069944dc583\",\"name\":\"Michele Lucivero\",\"url\":\"https:\/\/www.pressenza.com\/it\/author\/michele-lucivero\/\"}]}<\/script>\n<!-- \/ Yoast SEO plugin. -->","yoast_head_json":{"title":"Reazione, repressione e militarismo dietro l\u2019appoggio dei rappresentanti del neoliberismo globale a Trump\u00a0","description":"Che la direzione dei decreti esecutivi che fanno pi\u00f9 scalpore, tra quelli firmati da Donald Trump il primo giorno di insediamento alla Presidenza degli","robots":{"index":"index","follow":"follow","max-snippet":"max-snippet:-1","max-image-preview":"max-image-preview:large","max-video-preview":"max-video-preview:-1"},"canonical":"https:\/\/www.pressenza.com\/it\/2025\/01\/reazione-repressione-e-militarismo-dietro-lappoggio-dei-rappresentanti-del-neoliberismo-globale-a-trump\/","og_locale":"it_IT","og_type":"article","og_title":"Reazione, repressione e militarismo dietro l\u2019appoggio dei rappresentanti del neoliberismo globale a Trump\u00a0","og_description":"Che la direzione dei decreti esecutivi che fanno pi\u00f9 scalpore, tra quelli firmati da Donald Trump il primo giorno di insediamento alla Presidenza degli","og_url":"https:\/\/www.pressenza.com\/it\/2025\/01\/reazione-repressione-e-militarismo-dietro-lappoggio-dei-rappresentanti-del-neoliberismo-globale-a-trump\/","og_site_name":"Pressenza","article_publisher":"https:\/\/www.facebook.com\/PressenzaItalia","article_published_time":"2025-01-26T15:07:14+00:00","og_image":[{"width":1000,"height":667,"url":"https:\/\/www.pressenza.com\/wp-content\/uploads\/2024\/03\/Militarizacion-3.jpg","type":"image\/jpeg"}],"author":"Michele Lucivero","twitter_card":"summary_large_image","twitter_creator":"@PressenzaIPA","twitter_site":"@PressenzaIPA","twitter_misc":{"Scritto da":"Michele Lucivero","Tempo di lettura stimato":"7 minuti"},"schema":{"@context":"https:\/\/schema.org","@graph":[{"@type":"Article","@id":"https:\/\/www.pressenza.com\/it\/2025\/01\/reazione-repressione-e-militarismo-dietro-lappoggio-dei-rappresentanti-del-neoliberismo-globale-a-trump\/#article","isPartOf":{"@id":"https:\/\/www.pressenza.com\/it\/2025\/01\/reazione-repressione-e-militarismo-dietro-lappoggio-dei-rappresentanti-del-neoliberismo-globale-a-trump\/"},"author":{"name":"Michele Lucivero","@id":"https:\/\/www.pressenza.com\/it\/#\/schema\/person\/bafe77486193f76a315c3069944dc583"},"headline":"Reazione, repressione e militarismo dietro l\u2019appoggio dei rappresentanti del neoliberismo globale a Trump\u00a0","datePublished":"2025-01-26T15:07:14+00:00","mainEntityOfPage":{"@id":"https:\/\/www.pressenza.com\/it\/2025\/01\/reazione-repressione-e-militarismo-dietro-lappoggio-dei-rappresentanti-del-neoliberismo-globale-a-trump\/"},"wordCount":1262,"publisher":{"@id":"https:\/\/www.pressenza.com\/it\/#organization"},"image":{"@id":"https:\/\/www.pressenza.com\/it\/2025\/01\/reazione-repressione-e-militarismo-dietro-lappoggio-dei-rappresentanti-del-neoliberismo-globale-a-trump\/#primaryimage"},"thumbnailUrl":"https:\/\/www.pressenza.com\/wp-content\/uploads\/2024\/03\/Militarizacion-3.jpg","keywords":["criptovalute","Elon Musk","militarizzazione","Trump","USA"],"articleSection":["contenuti originali","Economia","Opinioni","Politica"],"inLanguage":"it-IT"},{"@type":"WebPage","@id":"https:\/\/www.pressenza.com\/it\/2025\/01\/reazione-repressione-e-militarismo-dietro-lappoggio-dei-rappresentanti-del-neoliberismo-globale-a-trump\/","url":"https:\/\/www.pressenza.com\/it\/2025\/01\/reazione-repressione-e-militarismo-dietro-lappoggio-dei-rappresentanti-del-neoliberismo-globale-a-trump\/","name":"Reazione, repressione e militarismo dietro l\u2019appoggio dei rappresentanti del neoliberismo globale a Trump\u00a0","isPartOf":{"@id":"https:\/\/www.pressenza.com\/it\/#website"},"primaryImageOfPage":{"@id":"https:\/\/www.pressenza.com\/it\/2025\/01\/reazione-repressione-e-militarismo-dietro-lappoggio-dei-rappresentanti-del-neoliberismo-globale-a-trump\/#primaryimage"},"image":{"@id":"https:\/\/www.pressenza.com\/it\/2025\/01\/reazione-repressione-e-militarismo-dietro-lappoggio-dei-rappresentanti-del-neoliberismo-globale-a-trump\/#primaryimage"},"thumbnailUrl":"https:\/\/www.pressenza.com\/wp-content\/uploads\/2024\/03\/Militarizacion-3.jpg","datePublished":"2025-01-26T15:07:14+00:00","description":"Che la direzione dei decreti esecutivi che fanno pi\u00f9 scalpore, tra quelli firmati da Donald Trump il primo giorno di insediamento alla Presidenza degli","breadcrumb":{"@id":"https:\/\/www.pressenza.com\/it\/2025\/01\/reazione-repressione-e-militarismo-dietro-lappoggio-dei-rappresentanti-del-neoliberismo-globale-a-trump\/#breadcrumb"},"inLanguage":"it-IT","potentialAction":[{"@type":"ReadAction","target":["https:\/\/www.pressenza.com\/it\/2025\/01\/reazione-repressione-e-militarismo-dietro-lappoggio-dei-rappresentanti-del-neoliberismo-globale-a-trump\/"]}]},{"@type":"ImageObject","inLanguage":"it-IT","@id":"https:\/\/www.pressenza.com\/it\/2025\/01\/reazione-repressione-e-militarismo-dietro-lappoggio-dei-rappresentanti-del-neoliberismo-globale-a-trump\/#primaryimage","url":"https:\/\/www.pressenza.com\/wp-content\/uploads\/2024\/03\/Militarizacion-3.jpg","contentUrl":"https:\/\/www.pressenza.com\/wp-content\/uploads\/2024\/03\/Militarizacion-3.jpg","width":1000,"height":667},{"@type":"BreadcrumbList","@id":"https:\/\/www.pressenza.com\/it\/2025\/01\/reazione-repressione-e-militarismo-dietro-lappoggio-dei-rappresentanti-del-neoliberismo-globale-a-trump\/#breadcrumb","itemListElement":[{"@type":"ListItem","position":1,"name":"Accueil","item":"https:\/\/www.pressenza.com\/it\/"},{"@type":"ListItem","position":2,"name":"Reazione, repressione e militarismo dietro l\u2019appoggio dei rappresentanti del neoliberismo globale a Trump\u00a0"}]},{"@type":"WebSite","@id":"https:\/\/www.pressenza.com\/it\/#website","url":"https:\/\/www.pressenza.com\/it\/","name":"Pressenza","description":"Agenzia di Stampa Internazionale","publisher":{"@id":"https:\/\/www.pressenza.com\/it\/#organization"},"potentialAction":[{"@type":"SearchAction","target":{"@type":"EntryPoint","urlTemplate":"https:\/\/www.pressenza.com\/it\/?s={search_term_string}"},"query-input":{"@type":"PropertyValueSpecification","valueRequired":true,"valueName":"search_term_string"}}],"inLanguage":"it-IT"},{"@type":"Organization","@id":"https:\/\/www.pressenza.com\/it\/#organization","name":"Pressenza","url":"https:\/\/www.pressenza.com\/it\/","logo":{"@type":"ImageObject","inLanguage":"it-IT","@id":"https:\/\/www.pressenza.com\/it\/#\/schema\/logo\/image\/","url":"https:\/\/www.pressenza.com\/wp-content\/uploads\/2022\/10\/pressenza_logo_200x200.jpg","contentUrl":"https:\/\/www.pressenza.com\/wp-content\/uploads\/2022\/10\/pressenza_logo_200x200.jpg","width":200,"height":200,"caption":"Pressenza"},"image":{"@id":"https:\/\/www.pressenza.com\/it\/#\/schema\/logo\/image\/"},"sameAs":["https:\/\/www.facebook.com\/PressenzaItalia","https:\/\/x.com\/PressenzaIPA"]},{"@type":"Person","@id":"https:\/\/www.pressenza.com\/it\/#\/schema\/person\/bafe77486193f76a315c3069944dc583","name":"Michele Lucivero","url":"https:\/\/www.pressenza.com\/it\/author\/michele-lucivero\/"}]}},"place":"","original_article_url":"","_links":{"self":[{"href":"https:\/\/www.pressenza.com\/it\/wp-json\/wp\/v2\/posts\/2579136","targetHints":{"allow":["GET"]}}],"collection":[{"href":"https:\/\/www.pressenza.com\/it\/wp-json\/wp\/v2\/posts"}],"about":[{"href":"https:\/\/www.pressenza.com\/it\/wp-json\/wp\/v2\/types\/post"}],"author":[{"embeddable":true,"href":"https:\/\/www.pressenza.com\/it\/wp-json\/wp\/v2\/users\/2379"}],"replies":[{"embeddable":true,"href":"https:\/\/www.pressenza.com\/it\/wp-json\/wp\/v2\/comments?post=2579136"}],"version-history":[{"count":0,"href":"https:\/\/www.pressenza.com\/it\/wp-json\/wp\/v2\/posts\/2579136\/revisions"}],"wp:featuredmedia":[{"embeddable":true,"href":"https:\/\/www.pressenza.com\/it\/wp-json\/wp\/v2\/media\/2219899"}],"wp:attachment":[{"href":"https:\/\/www.pressenza.com\/it\/wp-json\/wp\/v2\/media?parent=2579136"}],"wp:term":[{"taxonomy":"category","embeddable":true,"href":"https:\/\/www.pressenza.com\/it\/wp-json\/wp\/v2\/categories?post=2579136"},{"taxonomy":"post_tag","embeddable":true,"href":"https:\/\/www.pressenza.com\/it\/wp-json\/wp\/v2\/tags?post=2579136"}],"curies":[{"name":"wp","href":"https:\/\/api.w.org\/{rel}","templated":true}]}}