{"id":2578622,"date":"2025-01-24T13:40:23","date_gmt":"2025-01-24T13:40:23","guid":{"rendered":"https:\/\/www.pressenza.com\/?p=2578622"},"modified":"2025-01-24T13:40:23","modified_gmt":"2025-01-24T13:40:23","slug":"bielorussia-amnesty-international-elezioni-in-un-clima-di-paura-e-repressione-totali","status":"publish","type":"post","link":"https:\/\/www.pressenza.com\/it\/2025\/01\/bielorussia-amnesty-international-elezioni-in-un-clima-di-paura-e-repressione-totali\/","title":{"rendered":"Bielorussia, Amnesty International: \u201cElezioni in un clima di paura e repressione totali\u201d"},"content":{"rendered":"<p>Alla vigilia delle elezioni presidenziali in Bielorussia, in programma domenica 26 gennaio, Amnesty International ha sollecitato le autorit\u00e0 del paese a porre immediatamente fine alla loro crudele campagna di repressione di ogni forma di dissenso, che priva la popolazione del diritto alla libert\u00e0 di espressione.<br \/>\n\u201cSin dalle elezioni presidenziali del 2020, la gi\u00e0 profonda crisi dei diritti umani \u00e8 ulteriormente peggiorata. Attraverso una brutale campagna di soppressione di ogni forma di dissenso, le autorit\u00e0 bielorusse hanno creato un soffocante clima di paura, riducendo al silenzio chiunque osasse sfidarle\u201d, ha dichiarato Marie Struthers, direttrice di Amnesty International per l\u2019Europa orientale e l\u2019Asia centrale.<br \/>\n\u201cIl sistematico uso di misure repressive, tra le quali gli arresti arbitrari, i maltrattamenti, le torture e la criminalizzazione delle espressioni critiche, ha prodotto un quadro nero della situazione odierna dei diritti umani in Bielorussia\u201d, ha aggiunto Struthers.<\/p>\n<p>\u201c\u00c8 vergognoso che la comunit\u00e0 internazionale abbia ampiamente permesso che questa crisi dei diritti umani si sviluppasse e poi finisse nel dimenticatoio. Mentre l\u2019attenzione del mondo \u00e8 rivolta altrove, migliaia di bielorusse e di bielorussi restano in carcere, vengono torturati o ridotti al silenzio solo per aver espresso le loro opinioni. I governi e le organizzazioni internazionali devono agire con decisione per chieder l\u2019immediata fine di questa crisi e pretendere che le autorit\u00e0 rendano conto del loro operato\u201d, ha sottolineato Struthers.<\/p>\n<p>Dalle proteste di massa seguite al contestato esito delle elezioni presidenziali del 2020, le autorit\u00e0 bielorusse hanno scatenato una repressione senza freni contro il dissenso. Le proteste pacifiche sono state affrontare con l\u2019uso illegale della forza.<br \/>\nSecondo le organizzazioni bielorusse per i diritti umani, dal 2020 oltre 50.000 persone sono state arrestate arbitrariamente per aver preso parte a proteste pacifiche o per averle appoggiate: di queste 6500 sono state processate e condannate e 3697 hanno ricevuto pene detentive. Molte sono state sottoposte a maltrattamenti e torture. Almeno sette prigionieri politici sono morti in carcere a partire dal 2021, cinque di loro solo nel 2024. Questi decessi, del tutto inevitabili, sono stati causati dalle condizioni detentive e dall\u2019inadeguatezza delle cure mediche.<\/p>\n<p>Questa campagna repressiva si \u00e8 intensificata in vista delle elezioni presidenziali del 2025: le autorit\u00e0 hanno preso di mira singole persone o gruppi di persone di ogni settore della societ\u00e0, direttamente o colpendo i loro familiari.<br \/>\nL\u2019abuso delle norme anti-estremismo \u00e8 diventato la pietra angolare della strategia governativa per sopprimere il dissenso. Alla fine del 2024 l\u2019etichetta di \u201cestremisti\u201d era stata affibbiata in 6565 casi, tra profili online individuali e portali indipendenti nazionali o internazionali d\u2019informazione, con la conseguente emissione di sanzioni pecuniarie o detentive.<\/p>\n<p>Le difensore e i difensori dei diritti umani sono stati presi particolarmente di mira: 93 di loro, compreso il noto attivista e premio Nobel per la pace Ales Bialiatski, sono finiti arbitrariamente in carcere. Centinaia di attiviste e attivisti, leader della societ\u00e0 civile e almeno 45 operatori dell\u2019informazione sono attualmente dietro le sbarre e innumerevoli altri sono stati indagati per false accuse che hanno costretto in molti casi le persone direttamente interessate a lasciare la Bielorussia.<\/p>\n","protected":false},"excerpt":{"rendered":"<p>Alla vigilia delle elezioni presidenziali in Bielorussia, in programma domenica 26 gennaio, Amnesty International ha sollecitato le autorit\u00e0 del paese a porre immediatamente fine alla loro crudele campagna di repressione di ogni forma di dissenso, che priva la popolazione del&hellip;<\/p>\n","protected":false},"author":432,"featured_media":2578624,"comment_status":"closed","ping_status":"closed","sticky":false,"template":"","format":"standard","meta":{"footnotes":""},"categories":[150,60],"tags":[1120,4634,131684],"class_list":["post-2578622","post","type-post","status-publish","format-standard","has-post-thumbnail","hentry","category-comunicati-stampa","category-diritti-umani","tag-amnesty-international-2","tag-bielorussia","tag-clima-di-paura-e-repressione"],"yoast_head":"<!-- This site is optimized with the Yoast SEO plugin v27.1.1 - https:\/\/yoast.com\/product\/yoast-seo-wordpress\/ -->\n<title>Bielorussia, Amnesty International: \u201cElezioni in un clima di paura e repressione totali\u201d<\/title>\n<meta name=\"description\" content=\"Alla vigilia delle elezioni presidenziali in Bielorussia, in programma domenica 26 gennaio, Amnesty International ha sollecitato le autorit\u00e0 del paese a\" \/>\n<meta name=\"robots\" content=\"index, follow, max-snippet:-1, max-image-preview:large, max-video-preview:-1\" \/>\n<link rel=\"canonical\" href=\"https:\/\/www.pressenza.com\/it\/2025\/01\/bielorussia-amnesty-international-elezioni-in-un-clima-di-paura-e-repressione-totali\/\" \/>\n<meta property=\"og:locale\" content=\"it_IT\" \/>\n<meta property=\"og:type\" content=\"article\" \/>\n<meta property=\"og:title\" content=\"Bielorussia, Amnesty International: \u201cElezioni in un clima di paura e repressione totali\u201d\" \/>\n<meta property=\"og:description\" content=\"Alla vigilia delle elezioni presidenziali in Bielorussia, in programma domenica 26 gennaio, Amnesty International ha sollecitato le autorit\u00e0 del paese a\" \/>\n<meta property=\"og:url\" content=\"https:\/\/www.pressenza.com\/it\/2025\/01\/bielorussia-amnesty-international-elezioni-in-un-clima-di-paura-e-repressione-totali\/\" \/>\n<meta property=\"og:site_name\" content=\"Pressenza\" \/>\n<meta property=\"article:publisher\" content=\"https:\/\/www.facebook.com\/PressenzaItalia\" \/>\n<meta property=\"article:author\" content=\"https:\/\/www.facebook.com\/amnestyglobal\" \/>\n<meta property=\"article:published_time\" content=\"2025-01-24T13:40:23+00:00\" \/>\n<meta property=\"og:image\" content=\"https:\/\/www.pressenza.com\/wp-content\/uploads\/2025\/01\/bielorussia-elezioni-24012026-Foto-da-Amnesty-International.jpg\" \/>\n\t<meta property=\"og:image:width\" content=\"1920\" \/>\n\t<meta property=\"og:image:height\" content=\"700\" \/>\n\t<meta property=\"og:image:type\" content=\"image\/jpeg\" \/>\n<meta name=\"author\" content=\"Amnesty International\" \/>\n<meta name=\"twitter:card\" content=\"summary_large_image\" \/>\n<meta name=\"twitter:creator\" content=\"@amnesty\" \/>\n<meta name=\"twitter:site\" content=\"@PressenzaIPA\" \/>\n<meta name=\"twitter:label1\" content=\"Scritto da\" \/>\n\t<meta name=\"twitter:data1\" content=\"Amnesty International\" \/>\n\t<meta name=\"twitter:label2\" content=\"Tempo di lettura stimato\" \/>\n\t<meta name=\"twitter:data2\" content=\"3 minuti\" \/>\n<script type=\"application\/ld+json\" class=\"yoast-schema-graph\">{\"@context\":\"https:\/\/schema.org\",\"@graph\":[{\"@type\":\"Article\",\"@id\":\"https:\/\/www.pressenza.com\/it\/2025\/01\/bielorussia-amnesty-international-elezioni-in-un-clima-di-paura-e-repressione-totali\/#article\",\"isPartOf\":{\"@id\":\"https:\/\/www.pressenza.com\/it\/2025\/01\/bielorussia-amnesty-international-elezioni-in-un-clima-di-paura-e-repressione-totali\/\"},\"author\":{\"name\":\"Amnesty International\",\"@id\":\"https:\/\/www.pressenza.com\/it\/#\/schema\/person\/9b981b05c7ecf09292e6acb3223b2d9d\"},\"headline\":\"Bielorussia, Amnesty International: \u201cElezioni in un clima di paura e repressione totali\u201d\",\"datePublished\":\"2025-01-24T13:40:23+00:00\",\"mainEntityOfPage\":{\"@id\":\"https:\/\/www.pressenza.com\/it\/2025\/01\/bielorussia-amnesty-international-elezioni-in-un-clima-di-paura-e-repressione-totali\/\"},\"wordCount\":505,\"publisher\":{\"@id\":\"https:\/\/www.pressenza.com\/it\/#organization\"},\"image\":{\"@id\":\"https:\/\/www.pressenza.com\/it\/2025\/01\/bielorussia-amnesty-international-elezioni-in-un-clima-di-paura-e-repressione-totali\/#primaryimage\"},\"thumbnailUrl\":\"https:\/\/www.pressenza.com\/wp-content\/uploads\/2025\/01\/bielorussia-elezioni-24012026-Foto-da-Amnesty-International.jpg\",\"keywords\":[\"Amnesty International\",\"Bielorussia\",\"clima di paura e repressione\"],\"articleSection\":[\"Comunicati Stampa\",\"Diritti Umani\"],\"inLanguage\":\"it-IT\"},{\"@type\":\"WebPage\",\"@id\":\"https:\/\/www.pressenza.com\/it\/2025\/01\/bielorussia-amnesty-international-elezioni-in-un-clima-di-paura-e-repressione-totali\/\",\"url\":\"https:\/\/www.pressenza.com\/it\/2025\/01\/bielorussia-amnesty-international-elezioni-in-un-clima-di-paura-e-repressione-totali\/\",\"name\":\"Bielorussia, Amnesty International: \u201cElezioni in un clima di paura e repressione totali\u201d\",\"isPartOf\":{\"@id\":\"https:\/\/www.pressenza.com\/it\/#website\"},\"primaryImageOfPage\":{\"@id\":\"https:\/\/www.pressenza.com\/it\/2025\/01\/bielorussia-amnesty-international-elezioni-in-un-clima-di-paura-e-repressione-totali\/#primaryimage\"},\"image\":{\"@id\":\"https:\/\/www.pressenza.com\/it\/2025\/01\/bielorussia-amnesty-international-elezioni-in-un-clima-di-paura-e-repressione-totali\/#primaryimage\"},\"thumbnailUrl\":\"https:\/\/www.pressenza.com\/wp-content\/uploads\/2025\/01\/bielorussia-elezioni-24012026-Foto-da-Amnesty-International.jpg\",\"datePublished\":\"2025-01-24T13:40:23+00:00\",\"description\":\"Alla vigilia delle elezioni presidenziali in Bielorussia, in programma domenica 26 gennaio, Amnesty International ha sollecitato le autorit\u00e0 del paese a\",\"breadcrumb\":{\"@id\":\"https:\/\/www.pressenza.com\/it\/2025\/01\/bielorussia-amnesty-international-elezioni-in-un-clima-di-paura-e-repressione-totali\/#breadcrumb\"},\"inLanguage\":\"it-IT\",\"potentialAction\":[{\"@type\":\"ReadAction\",\"target\":[\"https:\/\/www.pressenza.com\/it\/2025\/01\/bielorussia-amnesty-international-elezioni-in-un-clima-di-paura-e-repressione-totali\/\"]}]},{\"@type\":\"ImageObject\",\"inLanguage\":\"it-IT\",\"@id\":\"https:\/\/www.pressenza.com\/it\/2025\/01\/bielorussia-amnesty-international-elezioni-in-un-clima-di-paura-e-repressione-totali\/#primaryimage\",\"url\":\"https:\/\/www.pressenza.com\/wp-content\/uploads\/2025\/01\/bielorussia-elezioni-24012026-Foto-da-Amnesty-International.jpg\",\"contentUrl\":\"https:\/\/www.pressenza.com\/wp-content\/uploads\/2025\/01\/bielorussia-elezioni-24012026-Foto-da-Amnesty-International.jpg\",\"width\":1920,\"height\":700},{\"@type\":\"BreadcrumbList\",\"@id\":\"https:\/\/www.pressenza.com\/it\/2025\/01\/bielorussia-amnesty-international-elezioni-in-un-clima-di-paura-e-repressione-totali\/#breadcrumb\",\"itemListElement\":[{\"@type\":\"ListItem\",\"position\":1,\"name\":\"Accueil\",\"item\":\"https:\/\/www.pressenza.com\/it\/\"},{\"@type\":\"ListItem\",\"position\":2,\"name\":\"Bielorussia, Amnesty International: \u201cElezioni in un clima di paura e repressione totali\u201d\"}]},{\"@type\":\"WebSite\",\"@id\":\"https:\/\/www.pressenza.com\/it\/#website\",\"url\":\"https:\/\/www.pressenza.com\/it\/\",\"name\":\"Pressenza\",\"description\":\"Agenzia di Stampa Internazionale\",\"publisher\":{\"@id\":\"https:\/\/www.pressenza.com\/it\/#organization\"},\"potentialAction\":[{\"@type\":\"SearchAction\",\"target\":{\"@type\":\"EntryPoint\",\"urlTemplate\":\"https:\/\/www.pressenza.com\/it\/?s={search_term_string}\"},\"query-input\":{\"@type\":\"PropertyValueSpecification\",\"valueRequired\":true,\"valueName\":\"search_term_string\"}}],\"inLanguage\":\"it-IT\"},{\"@type\":\"Organization\",\"@id\":\"https:\/\/www.pressenza.com\/it\/#organization\",\"name\":\"Pressenza\",\"url\":\"https:\/\/www.pressenza.com\/it\/\",\"logo\":{\"@type\":\"ImageObject\",\"inLanguage\":\"it-IT\",\"@id\":\"https:\/\/www.pressenza.com\/it\/#\/schema\/logo\/image\/\",\"url\":\"https:\/\/www.pressenza.com\/wp-content\/uploads\/2022\/10\/pressenza_logo_200x200.jpg\",\"contentUrl\":\"https:\/\/www.pressenza.com\/wp-content\/uploads\/2022\/10\/pressenza_logo_200x200.jpg\",\"width\":200,\"height\":200,\"caption\":\"Pressenza\"},\"image\":{\"@id\":\"https:\/\/www.pressenza.com\/it\/#\/schema\/logo\/image\/\"},\"sameAs\":[\"https:\/\/www.facebook.com\/PressenzaItalia\",\"https:\/\/x.com\/PressenzaIPA\"]},{\"@type\":\"Person\",\"@id\":\"https:\/\/www.pressenza.com\/it\/#\/schema\/person\/9b981b05c7ecf09292e6acb3223b2d9d\",\"name\":\"Amnesty International\",\"description\":\"Amnesty International is a global movement of more than 3 million supporters, members and activists in over 150 countries and territories who campaign to end grave abuses of human rights. Our vision is for every person to enjoy all the rights enshrined in the Universal Declaration of Human Rights and other international human rights standards. www.amnesty.org\",\"sameAs\":[\"http:\/\/www.amnesty.it\",\"https:\/\/www.facebook.com\/amnestyglobal\",\"https:\/\/x.com\/amnesty\"],\"url\":\"https:\/\/www.pressenza.com\/it\/author\/amnesty-international\/\"}]}<\/script>\n<!-- \/ Yoast SEO plugin. -->","yoast_head_json":{"title":"Bielorussia, Amnesty International: \u201cElezioni in un clima di paura e repressione totali\u201d","description":"Alla vigilia delle elezioni presidenziali in Bielorussia, in programma domenica 26 gennaio, Amnesty International ha sollecitato le autorit\u00e0 del paese a","robots":{"index":"index","follow":"follow","max-snippet":"max-snippet:-1","max-image-preview":"max-image-preview:large","max-video-preview":"max-video-preview:-1"},"canonical":"https:\/\/www.pressenza.com\/it\/2025\/01\/bielorussia-amnesty-international-elezioni-in-un-clima-di-paura-e-repressione-totali\/","og_locale":"it_IT","og_type":"article","og_title":"Bielorussia, Amnesty International: \u201cElezioni in un clima di paura e repressione totali\u201d","og_description":"Alla vigilia delle elezioni presidenziali in Bielorussia, in programma domenica 26 gennaio, Amnesty International ha sollecitato le autorit\u00e0 del paese a","og_url":"https:\/\/www.pressenza.com\/it\/2025\/01\/bielorussia-amnesty-international-elezioni-in-un-clima-di-paura-e-repressione-totali\/","og_site_name":"Pressenza","article_publisher":"https:\/\/www.facebook.com\/PressenzaItalia","article_author":"https:\/\/www.facebook.com\/amnestyglobal","article_published_time":"2025-01-24T13:40:23+00:00","og_image":[{"width":1920,"height":700,"url":"https:\/\/www.pressenza.com\/wp-content\/uploads\/2025\/01\/bielorussia-elezioni-24012026-Foto-da-Amnesty-International.jpg","type":"image\/jpeg"}],"author":"Amnesty International","twitter_card":"summary_large_image","twitter_creator":"@amnesty","twitter_site":"@PressenzaIPA","twitter_misc":{"Scritto da":"Amnesty International","Tempo di lettura stimato":"3 minuti"},"schema":{"@context":"https:\/\/schema.org","@graph":[{"@type":"Article","@id":"https:\/\/www.pressenza.com\/it\/2025\/01\/bielorussia-amnesty-international-elezioni-in-un-clima-di-paura-e-repressione-totali\/#article","isPartOf":{"@id":"https:\/\/www.pressenza.com\/it\/2025\/01\/bielorussia-amnesty-international-elezioni-in-un-clima-di-paura-e-repressione-totali\/"},"author":{"name":"Amnesty International","@id":"https:\/\/www.pressenza.com\/it\/#\/schema\/person\/9b981b05c7ecf09292e6acb3223b2d9d"},"headline":"Bielorussia, Amnesty International: \u201cElezioni in un clima di paura e repressione totali\u201d","datePublished":"2025-01-24T13:40:23+00:00","mainEntityOfPage":{"@id":"https:\/\/www.pressenza.com\/it\/2025\/01\/bielorussia-amnesty-international-elezioni-in-un-clima-di-paura-e-repressione-totali\/"},"wordCount":505,"publisher":{"@id":"https:\/\/www.pressenza.com\/it\/#organization"},"image":{"@id":"https:\/\/www.pressenza.com\/it\/2025\/01\/bielorussia-amnesty-international-elezioni-in-un-clima-di-paura-e-repressione-totali\/#primaryimage"},"thumbnailUrl":"https:\/\/www.pressenza.com\/wp-content\/uploads\/2025\/01\/bielorussia-elezioni-24012026-Foto-da-Amnesty-International.jpg","keywords":["Amnesty International","Bielorussia","clima di paura e repressione"],"articleSection":["Comunicati Stampa","Diritti Umani"],"inLanguage":"it-IT"},{"@type":"WebPage","@id":"https:\/\/www.pressenza.com\/it\/2025\/01\/bielorussia-amnesty-international-elezioni-in-un-clima-di-paura-e-repressione-totali\/","url":"https:\/\/www.pressenza.com\/it\/2025\/01\/bielorussia-amnesty-international-elezioni-in-un-clima-di-paura-e-repressione-totali\/","name":"Bielorussia, Amnesty International: \u201cElezioni in un clima di paura e repressione totali\u201d","isPartOf":{"@id":"https:\/\/www.pressenza.com\/it\/#website"},"primaryImageOfPage":{"@id":"https:\/\/www.pressenza.com\/it\/2025\/01\/bielorussia-amnesty-international-elezioni-in-un-clima-di-paura-e-repressione-totali\/#primaryimage"},"image":{"@id":"https:\/\/www.pressenza.com\/it\/2025\/01\/bielorussia-amnesty-international-elezioni-in-un-clima-di-paura-e-repressione-totali\/#primaryimage"},"thumbnailUrl":"https:\/\/www.pressenza.com\/wp-content\/uploads\/2025\/01\/bielorussia-elezioni-24012026-Foto-da-Amnesty-International.jpg","datePublished":"2025-01-24T13:40:23+00:00","description":"Alla vigilia delle elezioni presidenziali in Bielorussia, in programma domenica 26 gennaio, Amnesty International ha sollecitato le autorit\u00e0 del paese a","breadcrumb":{"@id":"https:\/\/www.pressenza.com\/it\/2025\/01\/bielorussia-amnesty-international-elezioni-in-un-clima-di-paura-e-repressione-totali\/#breadcrumb"},"inLanguage":"it-IT","potentialAction":[{"@type":"ReadAction","target":["https:\/\/www.pressenza.com\/it\/2025\/01\/bielorussia-amnesty-international-elezioni-in-un-clima-di-paura-e-repressione-totali\/"]}]},{"@type":"ImageObject","inLanguage":"it-IT","@id":"https:\/\/www.pressenza.com\/it\/2025\/01\/bielorussia-amnesty-international-elezioni-in-un-clima-di-paura-e-repressione-totali\/#primaryimage","url":"https:\/\/www.pressenza.com\/wp-content\/uploads\/2025\/01\/bielorussia-elezioni-24012026-Foto-da-Amnesty-International.jpg","contentUrl":"https:\/\/www.pressenza.com\/wp-content\/uploads\/2025\/01\/bielorussia-elezioni-24012026-Foto-da-Amnesty-International.jpg","width":1920,"height":700},{"@type":"BreadcrumbList","@id":"https:\/\/www.pressenza.com\/it\/2025\/01\/bielorussia-amnesty-international-elezioni-in-un-clima-di-paura-e-repressione-totali\/#breadcrumb","itemListElement":[{"@type":"ListItem","position":1,"name":"Accueil","item":"https:\/\/www.pressenza.com\/it\/"},{"@type":"ListItem","position":2,"name":"Bielorussia, Amnesty International: \u201cElezioni in un clima di paura e repressione totali\u201d"}]},{"@type":"WebSite","@id":"https:\/\/www.pressenza.com\/it\/#website","url":"https:\/\/www.pressenza.com\/it\/","name":"Pressenza","description":"Agenzia di Stampa Internazionale","publisher":{"@id":"https:\/\/www.pressenza.com\/it\/#organization"},"potentialAction":[{"@type":"SearchAction","target":{"@type":"EntryPoint","urlTemplate":"https:\/\/www.pressenza.com\/it\/?s={search_term_string}"},"query-input":{"@type":"PropertyValueSpecification","valueRequired":true,"valueName":"search_term_string"}}],"inLanguage":"it-IT"},{"@type":"Organization","@id":"https:\/\/www.pressenza.com\/it\/#organization","name":"Pressenza","url":"https:\/\/www.pressenza.com\/it\/","logo":{"@type":"ImageObject","inLanguage":"it-IT","@id":"https:\/\/www.pressenza.com\/it\/#\/schema\/logo\/image\/","url":"https:\/\/www.pressenza.com\/wp-content\/uploads\/2022\/10\/pressenza_logo_200x200.jpg","contentUrl":"https:\/\/www.pressenza.com\/wp-content\/uploads\/2022\/10\/pressenza_logo_200x200.jpg","width":200,"height":200,"caption":"Pressenza"},"image":{"@id":"https:\/\/www.pressenza.com\/it\/#\/schema\/logo\/image\/"},"sameAs":["https:\/\/www.facebook.com\/PressenzaItalia","https:\/\/x.com\/PressenzaIPA"]},{"@type":"Person","@id":"https:\/\/www.pressenza.com\/it\/#\/schema\/person\/9b981b05c7ecf09292e6acb3223b2d9d","name":"Amnesty International","description":"Amnesty International is a global movement of more than 3 million supporters, members and activists in over 150 countries and territories who campaign to end grave abuses of human rights. Our vision is for every person to enjoy all the rights enshrined in the Universal Declaration of Human Rights and other international human rights standards. www.amnesty.org","sameAs":["http:\/\/www.amnesty.it","https:\/\/www.facebook.com\/amnestyglobal","https:\/\/x.com\/amnesty"],"url":"https:\/\/www.pressenza.com\/it\/author\/amnesty-international\/"}]}},"place":"","original_article_url":"","_links":{"self":[{"href":"https:\/\/www.pressenza.com\/it\/wp-json\/wp\/v2\/posts\/2578622","targetHints":{"allow":["GET"]}}],"collection":[{"href":"https:\/\/www.pressenza.com\/it\/wp-json\/wp\/v2\/posts"}],"about":[{"href":"https:\/\/www.pressenza.com\/it\/wp-json\/wp\/v2\/types\/post"}],"author":[{"embeddable":true,"href":"https:\/\/www.pressenza.com\/it\/wp-json\/wp\/v2\/users\/432"}],"replies":[{"embeddable":true,"href":"https:\/\/www.pressenza.com\/it\/wp-json\/wp\/v2\/comments?post=2578622"}],"version-history":[{"count":0,"href":"https:\/\/www.pressenza.com\/it\/wp-json\/wp\/v2\/posts\/2578622\/revisions"}],"wp:featuredmedia":[{"embeddable":true,"href":"https:\/\/www.pressenza.com\/it\/wp-json\/wp\/v2\/media\/2578624"}],"wp:attachment":[{"href":"https:\/\/www.pressenza.com\/it\/wp-json\/wp\/v2\/media?parent=2578622"}],"wp:term":[{"taxonomy":"category","embeddable":true,"href":"https:\/\/www.pressenza.com\/it\/wp-json\/wp\/v2\/categories?post=2578622"},{"taxonomy":"post_tag","embeddable":true,"href":"https:\/\/www.pressenza.com\/it\/wp-json\/wp\/v2\/tags?post=2578622"}],"curies":[{"name":"wp","href":"https:\/\/api.w.org\/{rel}","templated":true}]}}