{"id":2578329,"date":"2025-01-23T10:36:36","date_gmt":"2025-01-23T10:36:36","guid":{"rendered":"https:\/\/www.pressenza.com\/?p=2578329"},"modified":"2025-01-23T10:36:36","modified_gmt":"2025-01-23T10:36:36","slug":"ripensare-lattivismo-antimilitarista-e-anti-nato","status":"publish","type":"post","link":"https:\/\/www.pressenza.com\/it\/2025\/01\/ripensare-lattivismo-antimilitarista-e-anti-nato\/","title":{"rendered":"Ripensare l\u2019attivismo antimilitarista e anti NATO"},"content":{"rendered":"<p><strong>\u201cManifestazioni, marce, dichiarazioni sono alcune delle armi \u2013 ormai spuntate \u2013 nel repertorio degli attivisti politici tradizionali; bisogna rinnovarle\u201d ha sostenuto Patrick Boylan all\u2019assemblea costitutiva del Coordinamento NoNATO <a href=\"http:\/\/boylan.it\/nowar\/locandina_no_nato.jpg\">tenutasi a Bologna<\/a> lo scorso 8 dicembre ed ora visibile sulla <a href=\"https:\/\/odysee.com\/@Abrotini:d\">piattaforma Odysee<\/a>.<\/strong><\/p>\n<p>Cosa significa rinnovare? Significa far tesoro del concetto gramsciano di egemonia e puntare, oltre alla mobilitazione di massa, sulla conquista degli spazi occupati dagli \u201cintellettuali organici al sistema\u201d.\u00a0 Ci\u00f2 vuol dire portare il pensiero antimilitarista e anti NATO nei mass media, nelle riunioni delle amministrazioni locali, nelle aule scolastiche e universitarie, nelle assemblee degli ordini professionali, nella produzione artistica e letteraria a tutti i livelli e via discorrendo.\u00a0 \u201cIn altre parole, bisogna fare meno comizi per i gi\u00e0 convertiti e pi\u00f9 interventi negli spazi che formano davvero l\u2019opinione pubblica,\u201d sostiene il co-fondatore delle associazioni Rete NoWar, Free Assange Italia e U.S. Citizens for Peace &amp; Justice.<\/p>\n<p>Rinnovare significa anche elaborare meno prese di posizione in documenti poderosi letti soltanto da un ristretto cerchio di attivisti e ricorrere di pi\u00f9 a prese di posizione formulate in brevi messaggi veicolati dai social media e dal video giornalismo.\u00a0 \u201cIn altre parole,\u201d conclude Boylan, \u201cmeno Word e PowerPoint\u00a0 e pi\u00f9 TikToc, Instagram e canali YouTube.\u201d<\/p>\n<p><strong>Segue il breve intervento di Boylan a Bologna, \u201cLa lotta No NATO contro la propaganda di guerra e per l\u2019egemonia culturale.\u201d<\/strong><\/p>\n<p>Antonio Gramsci si era chiesto perch\u00e9 non ci siano state, nei Paesi capitalistici evoluti, le rivoluzioni comuniste che Karl Marx aveva invece previsto.\u00a0 La sua risposta \u00e8 che Marx aveva sottovalutato il potere antirivoluzionario degli strati intermedi di queste societ\u00e0 \u2013 i cosiddetti \u201cintellettuali organici al sistema\u201d, ad esempio i funzionari statali e municipali, i giornalisti, i sacerdoti, gli insegnanti, i ricercatori, gli iscritti ai partiti politici, ecc.<\/p>\n<p>Il loro peso complessivo, scriveva Gramsci, frenava ogni tentativo di rivolta. Questi intellettuali organici convincevano anche buona parte delle masse operaie che bisognava far funzionare meglio il sistema attuale, non rovesciarlo. \u00a0Invece in Russia e in altri Paesi del cosiddetto Terzo Mondo, questi strati intermediari non erano altamente sviluppati, n\u00e9 ben radicati.\u00a0 Ecco perch\u00e9 l\u00ec le rivoluzioni comuniste hanno potuto prendere piede.<\/p>\n<p>Credo che questo concetto gramsciano dell\u2019egemonia culturale vada posto al centro della <strong>nostra<\/strong> lotta contro le guerre della NATO e contro la propaganda usata per venderle.<\/p>\n<p>Se abbiamo difficolt\u00e0 a far giungere il nostro messaggio alla gente comune, \u00e8 proprio perch\u00e9 costoro vengono condizionati dagli intellettuali organici al sistema.\u00a0 Possiamo denunciare quanto vogliamo la mano della NATO dietro la guerra in Ucraina, dietro il conflitto in Siria e persino dietro il genocidio a Gaza \u2013 le persone comuni stentano a crederci; continuano a percepire la NATO come un\u2019alleanza di cui hanno bisogno, un\u2019alleanza che le protegge, oltre a proteggere, nel mondo, la democrazia.<\/p>\n<p>Come togliere, strato dopo strato, l\u2019indottrinamento a cui la gente comune \u00e8 stata sottoposta, sin dall\u2019infanzia \u2013 s\u00ec, proprio a partire dalle visite scolastiche alle caserme NATO e dai videogiochi per ragazzi, la cui creazione viene sovvenzionata dal Pentagono per glorificare la guerra?\u00a0 Cosa possiamo fare noi contro tutto ci\u00f2?<\/p>\n<p>Se seguiamo Gramsci, ci\u00f2 che NON dobbiamo fare in primo luogo \u00e8 cercare di convincere le masse stesse.\u00a0 Dobbiamo invece cercare di convincere (o sostituire) soprattutto gli intellettuali organici al sistema, coloro che contribuiscono ad elaborare il senso comune che le masse poi fanno proprio.\u00a0 Ci\u00f2 significa rivolgerci direttamente ai funzionari statali e municipali, ai giornalisti, ai sacerdoti, agli insegnanti, ai ricercatori, agli iscritti ai partiti e via discorrendo.<\/p>\n<p>Ecco perch\u00e9 ritengo che non bastino le nostre manifestazioni No NATO, anche se grandiose.\u00a0 Certo, ci rincuorano e questo \u00e8 sempre una buona cosa, ma servono solo marginalmente ad aprire gli occhi a chi non \u00e8 gi\u00e0 convinto.\u00a0 A gran parte dei passanti per strada, le nostre grida \u201cNo NATO\u201d sembrano folklore di altri tempi e basta.<\/p>\n<p>Meglio allora ricorrere a messaggi mirati agli interessi di specifiche categorie di intellettuali organici, con iniziative, anche pubbliche, rivolte a loro.\u00a0 In altre parole, mentre cerchiamo, s\u00ec, di <strong><em>informare<\/em><\/strong> le masse, cerchiamo soprattutto di <strong><em>persuadere<\/em><\/strong> gli intellettuali organici.<\/p>\n<p>Ecco tre esempi.<\/p>\n<p>\u2013 Primo, la categoria dei funzionari statali e municipali: cerchiamo di far votare mozioni antiguerra o NoNato dai nostri consigli comunali.\u00a0 Impatto nazionale, zero.\u00a0 Ma impatto sulle coscienze dei cittadini di quelle municipalit\u00e0, tantissimo.<\/p>\n<p>\u2013 Secondo, la categoria dei giornalisti: cerchiamo di pubblicare fact checking che smentiscono quelli dei redattori mainstream per chiamare in causa la loro professionalit\u00e0; cos\u00ec informiamo il pubblico dei fatti mentre persuadiamo i redattori a rivedere le loro narrazioni, pena la gogna;<\/p>\n<p>\u2013 Terzo, la scuola: sostenere le iniziative per smilitarizzare le scuole e, in piccole riunioni che teniamo plesso per plesso, persuadere gli insegnanti a smettere di osannare la pace genericamente (il che lascia il tempo che trova) e a svelare invece l\u2019imperialismo e il patriarcato insiti in ogni guerra.\u00a0 Se ci riusciamo, le lezioni di storia di quegli insegnanti non saranno pi\u00f9 le stesse.<\/p>\n<p>Per lo stesso motivo, ritengo che non basti far circolare grossi documenti sapientemente articolati, come, ad esempio, la dichiarazione programmatica per il Coordinamento No NATO.\u00a0 Nella sua forma attuale, questo bel documento rischia per\u00f2 di venir letto solo dagli addetti ai lavori, cio\u00e8 noi.\u00a0 Cerchiamo invece di suddividerlo, indirizzando ogni pezzo a un pubblico specifico di intellettuali organici al sistema.<\/p>\n<p>Prendiamo, come esempio, le associazioni di giuristi e i gruppi di studenti che riusciamo a creare nelle Facolt\u00e0 di Diritto.\u00a0 Potremmo fare un breve documento per loro riunendo i paragrafi della Dichiarazione Programmatica che riguardano l\u2019illegalit\u00e0 della presenza NATO in Italia e farlo dibattere dagli stessi giuristi o studenti di legge.<\/p>\n<p>Potremmo poi estrarre altri brani riguardanti i poligoni NATO e l\u2019inquinamento ambientale, per fare un breve documento da far discutere dai gruppi ecologisti in Italia.<\/p>\n<p>Infine, possiamo fare un maggior uso degli strumenti informatici e dei social media.\u00a0 Potremmo, ad esempio, estrarre le parti della Dichiarazione Programmatica che riguardano la \u201cmilitarizzazione della societ\u00e0\u201d per fare brevi video Tik Tok per i giovani, che ironizzano sui percorsi di alternanza scuola-lavoro in aziende del comparto militare-industriale, oppure grafiche Instagram dissacranti postate sui canali di influencer che esaltano \u201cla NATO che ci difende\u201d.<\/p>\n<p>In conclusione, la lotta No NATO \u00e8 anche e soprattutto una lotta per l\u2019egemonia culturale. E\u2019 una lotta che prende di mira soprattutto gli intellettuali organici al sistema e che cerca di sostituirli con intellettuali organici alle classi lavoratrici.\u00a0 E\u2019 una lotta che mira a creare, nell\u2019intera popolazione, un senso comune nuovo, davvero anti guerra e davvero antimperialista.<\/p>\n","protected":false},"excerpt":{"rendered":"<p>\u201cManifestazioni, marce, dichiarazioni sono alcune delle armi \u2013 ormai spuntate \u2013 nel repertorio degli attivisti politici tradizionali; bisogna rinnovarle\u201d ha sostenuto Patrick Boylan all\u2019assemblea costitutiva del Coordinamento NoNATO tenutasi a Bologna lo scorso 8 dicembre ed ora visibile sulla piattaforma&hellip;<\/p>\n","protected":false},"author":594,"featured_media":2578330,"comment_status":"closed","ping_status":"closed","sticky":false,"template":"","format":"standard","meta":{"footnotes":""},"categories":[162,1263],"tags":[11961,131638,57025,19654,5936],"class_list":["post-2578329","post","type-post","status-publish","format-standard","has-post-thumbnail","hentry","category-opinioni","category-pace-disarmo","tag-antonio-gramsci","tag-coordinamento-nonato","tag-guerre-it","tag-intellettuali","tag-patrick-boylan"],"yoast_head":"<!-- This site is optimized with the Yoast SEO plugin v27.1.1 - https:\/\/yoast.com\/product\/yoast-seo-wordpress\/ -->\n<title>Ripensare l\u2019attivismo antimilitarista e anti NATO<\/title>\n<meta name=\"description\" content=\"\u201cManifestazioni, marce, dichiarazioni sono alcune delle armi \u2013 ormai spuntate \u2013 nel repertorio degli attivisti politici tradizionali; bisogna rinnovarle\u201d\" \/>\n<meta name=\"robots\" content=\"index, follow, max-snippet:-1, max-image-preview:large, max-video-preview:-1\" \/>\n<link rel=\"canonical\" href=\"https:\/\/www.pressenza.com\/it\/2025\/01\/ripensare-lattivismo-antimilitarista-e-anti-nato\/\" \/>\n<meta property=\"og:locale\" content=\"it_IT\" \/>\n<meta property=\"og:type\" content=\"article\" \/>\n<meta property=\"og:title\" content=\"Ripensare l\u2019attivismo antimilitarista e anti NATO\" \/>\n<meta property=\"og:description\" content=\"\u201cManifestazioni, marce, dichiarazioni sono alcune delle armi \u2013 ormai spuntate \u2013 nel repertorio degli attivisti politici tradizionali; bisogna rinnovarle\u201d\" \/>\n<meta property=\"og:url\" content=\"https:\/\/www.pressenza.com\/it\/2025\/01\/ripensare-lattivismo-antimilitarista-e-anti-nato\/\" \/>\n<meta property=\"og:site_name\" content=\"Pressenza\" \/>\n<meta property=\"article:publisher\" content=\"https:\/\/www.facebook.com\/PressenzaItalia\" \/>\n<meta property=\"article:author\" content=\"https:\/\/www.facebook.com\/PressenzaItalia\" \/>\n<meta property=\"article:published_time\" content=\"2025-01-23T10:36:36+00:00\" \/>\n<meta property=\"og:image\" content=\"https:\/\/www.pressenza.com\/wp-content\/uploads\/2025\/01\/graffiti-nel-quartiere-Ostiense-di-Roma.jpg\" \/>\n\t<meta property=\"og:image:width\" content=\"1920\" \/>\n\t<meta property=\"og:image:height\" content=\"1639\" \/>\n\t<meta property=\"og:image:type\" content=\"image\/jpeg\" \/>\n<meta name=\"author\" content=\"Redazione Italia\" \/>\n<meta name=\"twitter:card\" content=\"summary_large_image\" \/>\n<meta name=\"twitter:creator\" content=\"@pressenza_it\" \/>\n<meta name=\"twitter:site\" content=\"@PressenzaIPA\" \/>\n<meta name=\"twitter:label1\" content=\"Scritto da\" \/>\n\t<meta name=\"twitter:data1\" content=\"Redazione Italia\" \/>\n\t<meta name=\"twitter:label2\" content=\"Tempo di lettura stimato\" \/>\n\t<meta name=\"twitter:data2\" content=\"6 minuti\" \/>\n<script type=\"application\/ld+json\" class=\"yoast-schema-graph\">{\"@context\":\"https:\/\/schema.org\",\"@graph\":[{\"@type\":\"Article\",\"@id\":\"https:\/\/www.pressenza.com\/it\/2025\/01\/ripensare-lattivismo-antimilitarista-e-anti-nato\/#article\",\"isPartOf\":{\"@id\":\"https:\/\/www.pressenza.com\/it\/2025\/01\/ripensare-lattivismo-antimilitarista-e-anti-nato\/\"},\"author\":{\"name\":\"Redazione Italia\",\"@id\":\"https:\/\/www.pressenza.com\/it\/#\/schema\/person\/d983e81827ae24f2c7b1a2123d197f8d\"},\"headline\":\"Ripensare l\u2019attivismo antimilitarista e anti NATO\",\"datePublished\":\"2025-01-23T10:36:36+00:00\",\"mainEntityOfPage\":{\"@id\":\"https:\/\/www.pressenza.com\/it\/2025\/01\/ripensare-lattivismo-antimilitarista-e-anti-nato\/\"},\"wordCount\":1077,\"publisher\":{\"@id\":\"https:\/\/www.pressenza.com\/it\/#organization\"},\"image\":{\"@id\":\"https:\/\/www.pressenza.com\/it\/2025\/01\/ripensare-lattivismo-antimilitarista-e-anti-nato\/#primaryimage\"},\"thumbnailUrl\":\"https:\/\/www.pressenza.com\/wp-content\/uploads\/2025\/01\/graffiti-nel-quartiere-Ostiense-di-Roma.jpg\",\"keywords\":[\"Antonio Gramsci\",\"Coordinamento NoNATO\",\"guerre\",\"intellettuali\",\"Patrick Boylan\"],\"articleSection\":[\"Opinioni\",\"Pace e Disarmo\"],\"inLanguage\":\"it-IT\"},{\"@type\":\"WebPage\",\"@id\":\"https:\/\/www.pressenza.com\/it\/2025\/01\/ripensare-lattivismo-antimilitarista-e-anti-nato\/\",\"url\":\"https:\/\/www.pressenza.com\/it\/2025\/01\/ripensare-lattivismo-antimilitarista-e-anti-nato\/\",\"name\":\"Ripensare l\u2019attivismo antimilitarista e anti NATO\",\"isPartOf\":{\"@id\":\"https:\/\/www.pressenza.com\/it\/#website\"},\"primaryImageOfPage\":{\"@id\":\"https:\/\/www.pressenza.com\/it\/2025\/01\/ripensare-lattivismo-antimilitarista-e-anti-nato\/#primaryimage\"},\"image\":{\"@id\":\"https:\/\/www.pressenza.com\/it\/2025\/01\/ripensare-lattivismo-antimilitarista-e-anti-nato\/#primaryimage\"},\"thumbnailUrl\":\"https:\/\/www.pressenza.com\/wp-content\/uploads\/2025\/01\/graffiti-nel-quartiere-Ostiense-di-Roma.jpg\",\"datePublished\":\"2025-01-23T10:36:36+00:00\",\"description\":\"\u201cManifestazioni, marce, dichiarazioni sono alcune delle armi \u2013 ormai spuntate \u2013 nel repertorio degli attivisti politici tradizionali; bisogna rinnovarle\u201d\",\"breadcrumb\":{\"@id\":\"https:\/\/www.pressenza.com\/it\/2025\/01\/ripensare-lattivismo-antimilitarista-e-anti-nato\/#breadcrumb\"},\"inLanguage\":\"it-IT\",\"potentialAction\":[{\"@type\":\"ReadAction\",\"target\":[\"https:\/\/www.pressenza.com\/it\/2025\/01\/ripensare-lattivismo-antimilitarista-e-anti-nato\/\"]}]},{\"@type\":\"ImageObject\",\"inLanguage\":\"it-IT\",\"@id\":\"https:\/\/www.pressenza.com\/it\/2025\/01\/ripensare-lattivismo-antimilitarista-e-anti-nato\/#primaryimage\",\"url\":\"https:\/\/www.pressenza.com\/wp-content\/uploads\/2025\/01\/graffiti-nel-quartiere-Ostiense-di-Roma.jpg\",\"contentUrl\":\"https:\/\/www.pressenza.com\/wp-content\/uploads\/2025\/01\/graffiti-nel-quartiere-Ostiense-di-Roma.jpg\",\"width\":1920,\"height\":1639},{\"@type\":\"BreadcrumbList\",\"@id\":\"https:\/\/www.pressenza.com\/it\/2025\/01\/ripensare-lattivismo-antimilitarista-e-anti-nato\/#breadcrumb\",\"itemListElement\":[{\"@type\":\"ListItem\",\"position\":1,\"name\":\"Accueil\",\"item\":\"https:\/\/www.pressenza.com\/it\/\"},{\"@type\":\"ListItem\",\"position\":2,\"name\":\"Ripensare l\u2019attivismo antimilitarista e anti NATO\"}]},{\"@type\":\"WebSite\",\"@id\":\"https:\/\/www.pressenza.com\/it\/#website\",\"url\":\"https:\/\/www.pressenza.com\/it\/\",\"name\":\"Pressenza\",\"description\":\"Agenzia di Stampa Internazionale\",\"publisher\":{\"@id\":\"https:\/\/www.pressenza.com\/it\/#organization\"},\"potentialAction\":[{\"@type\":\"SearchAction\",\"target\":{\"@type\":\"EntryPoint\",\"urlTemplate\":\"https:\/\/www.pressenza.com\/it\/?s={search_term_string}\"},\"query-input\":{\"@type\":\"PropertyValueSpecification\",\"valueRequired\":true,\"valueName\":\"search_term_string\"}}],\"inLanguage\":\"it-IT\"},{\"@type\":\"Organization\",\"@id\":\"https:\/\/www.pressenza.com\/it\/#organization\",\"name\":\"Pressenza\",\"url\":\"https:\/\/www.pressenza.com\/it\/\",\"logo\":{\"@type\":\"ImageObject\",\"inLanguage\":\"it-IT\",\"@id\":\"https:\/\/www.pressenza.com\/it\/#\/schema\/logo\/image\/\",\"url\":\"https:\/\/www.pressenza.com\/wp-content\/uploads\/2022\/10\/pressenza_logo_200x200.jpg\",\"contentUrl\":\"https:\/\/www.pressenza.com\/wp-content\/uploads\/2022\/10\/pressenza_logo_200x200.jpg\",\"width\":200,\"height\":200,\"caption\":\"Pressenza\"},\"image\":{\"@id\":\"https:\/\/www.pressenza.com\/it\/#\/schema\/logo\/image\/\"},\"sameAs\":[\"https:\/\/www.facebook.com\/PressenzaItalia\",\"https:\/\/x.com\/PressenzaIPA\"]},{\"@type\":\"Person\",\"@id\":\"https:\/\/www.pressenza.com\/it\/#\/schema\/person\/d983e81827ae24f2c7b1a2123d197f8d\",\"name\":\"Redazione Italia\",\"description\":\"News from the Pressenza Bureau in Italy\",\"sameAs\":[\"https:\/\/www.pressenza.com\/it\/author\/redazione-italia\/\",\"https:\/\/www.facebook.com\/PressenzaItalia\",\"https:\/\/www.instagram.com\/pressenza_italia\/\",\"https:\/\/x.com\/pressenza_it\",\"https:\/\/www.youtube.com\/channel\/UCSalEIWjE1RSxkwjfftFuqg\"],\"url\":\"https:\/\/www.pressenza.com\/it\/author\/redazione-italia\/\"}]}<\/script>\n<!-- \/ Yoast SEO plugin. -->","yoast_head_json":{"title":"Ripensare l\u2019attivismo antimilitarista e anti NATO","description":"\u201cManifestazioni, marce, dichiarazioni sono alcune delle armi \u2013 ormai spuntate \u2013 nel repertorio degli attivisti politici tradizionali; bisogna rinnovarle\u201d","robots":{"index":"index","follow":"follow","max-snippet":"max-snippet:-1","max-image-preview":"max-image-preview:large","max-video-preview":"max-video-preview:-1"},"canonical":"https:\/\/www.pressenza.com\/it\/2025\/01\/ripensare-lattivismo-antimilitarista-e-anti-nato\/","og_locale":"it_IT","og_type":"article","og_title":"Ripensare l\u2019attivismo antimilitarista e anti NATO","og_description":"\u201cManifestazioni, marce, dichiarazioni sono alcune delle armi \u2013 ormai spuntate \u2013 nel repertorio degli attivisti politici tradizionali; bisogna rinnovarle\u201d","og_url":"https:\/\/www.pressenza.com\/it\/2025\/01\/ripensare-lattivismo-antimilitarista-e-anti-nato\/","og_site_name":"Pressenza","article_publisher":"https:\/\/www.facebook.com\/PressenzaItalia","article_author":"https:\/\/www.facebook.com\/PressenzaItalia","article_published_time":"2025-01-23T10:36:36+00:00","og_image":[{"width":1920,"height":1639,"url":"https:\/\/www.pressenza.com\/wp-content\/uploads\/2025\/01\/graffiti-nel-quartiere-Ostiense-di-Roma.jpg","type":"image\/jpeg"}],"author":"Redazione Italia","twitter_card":"summary_large_image","twitter_creator":"@pressenza_it","twitter_site":"@PressenzaIPA","twitter_misc":{"Scritto da":"Redazione Italia","Tempo di lettura stimato":"6 minuti"},"schema":{"@context":"https:\/\/schema.org","@graph":[{"@type":"Article","@id":"https:\/\/www.pressenza.com\/it\/2025\/01\/ripensare-lattivismo-antimilitarista-e-anti-nato\/#article","isPartOf":{"@id":"https:\/\/www.pressenza.com\/it\/2025\/01\/ripensare-lattivismo-antimilitarista-e-anti-nato\/"},"author":{"name":"Redazione Italia","@id":"https:\/\/www.pressenza.com\/it\/#\/schema\/person\/d983e81827ae24f2c7b1a2123d197f8d"},"headline":"Ripensare l\u2019attivismo antimilitarista e anti NATO","datePublished":"2025-01-23T10:36:36+00:00","mainEntityOfPage":{"@id":"https:\/\/www.pressenza.com\/it\/2025\/01\/ripensare-lattivismo-antimilitarista-e-anti-nato\/"},"wordCount":1077,"publisher":{"@id":"https:\/\/www.pressenza.com\/it\/#organization"},"image":{"@id":"https:\/\/www.pressenza.com\/it\/2025\/01\/ripensare-lattivismo-antimilitarista-e-anti-nato\/#primaryimage"},"thumbnailUrl":"https:\/\/www.pressenza.com\/wp-content\/uploads\/2025\/01\/graffiti-nel-quartiere-Ostiense-di-Roma.jpg","keywords":["Antonio Gramsci","Coordinamento NoNATO","guerre","intellettuali","Patrick Boylan"],"articleSection":["Opinioni","Pace e Disarmo"],"inLanguage":"it-IT"},{"@type":"WebPage","@id":"https:\/\/www.pressenza.com\/it\/2025\/01\/ripensare-lattivismo-antimilitarista-e-anti-nato\/","url":"https:\/\/www.pressenza.com\/it\/2025\/01\/ripensare-lattivismo-antimilitarista-e-anti-nato\/","name":"Ripensare l\u2019attivismo antimilitarista e anti NATO","isPartOf":{"@id":"https:\/\/www.pressenza.com\/it\/#website"},"primaryImageOfPage":{"@id":"https:\/\/www.pressenza.com\/it\/2025\/01\/ripensare-lattivismo-antimilitarista-e-anti-nato\/#primaryimage"},"image":{"@id":"https:\/\/www.pressenza.com\/it\/2025\/01\/ripensare-lattivismo-antimilitarista-e-anti-nato\/#primaryimage"},"thumbnailUrl":"https:\/\/www.pressenza.com\/wp-content\/uploads\/2025\/01\/graffiti-nel-quartiere-Ostiense-di-Roma.jpg","datePublished":"2025-01-23T10:36:36+00:00","description":"\u201cManifestazioni, marce, dichiarazioni sono alcune delle armi \u2013 ormai spuntate \u2013 nel repertorio degli attivisti politici tradizionali; bisogna rinnovarle\u201d","breadcrumb":{"@id":"https:\/\/www.pressenza.com\/it\/2025\/01\/ripensare-lattivismo-antimilitarista-e-anti-nato\/#breadcrumb"},"inLanguage":"it-IT","potentialAction":[{"@type":"ReadAction","target":["https:\/\/www.pressenza.com\/it\/2025\/01\/ripensare-lattivismo-antimilitarista-e-anti-nato\/"]}]},{"@type":"ImageObject","inLanguage":"it-IT","@id":"https:\/\/www.pressenza.com\/it\/2025\/01\/ripensare-lattivismo-antimilitarista-e-anti-nato\/#primaryimage","url":"https:\/\/www.pressenza.com\/wp-content\/uploads\/2025\/01\/graffiti-nel-quartiere-Ostiense-di-Roma.jpg","contentUrl":"https:\/\/www.pressenza.com\/wp-content\/uploads\/2025\/01\/graffiti-nel-quartiere-Ostiense-di-Roma.jpg","width":1920,"height":1639},{"@type":"BreadcrumbList","@id":"https:\/\/www.pressenza.com\/it\/2025\/01\/ripensare-lattivismo-antimilitarista-e-anti-nato\/#breadcrumb","itemListElement":[{"@type":"ListItem","position":1,"name":"Accueil","item":"https:\/\/www.pressenza.com\/it\/"},{"@type":"ListItem","position":2,"name":"Ripensare l\u2019attivismo antimilitarista e anti NATO"}]},{"@type":"WebSite","@id":"https:\/\/www.pressenza.com\/it\/#website","url":"https:\/\/www.pressenza.com\/it\/","name":"Pressenza","description":"Agenzia di Stampa Internazionale","publisher":{"@id":"https:\/\/www.pressenza.com\/it\/#organization"},"potentialAction":[{"@type":"SearchAction","target":{"@type":"EntryPoint","urlTemplate":"https:\/\/www.pressenza.com\/it\/?s={search_term_string}"},"query-input":{"@type":"PropertyValueSpecification","valueRequired":true,"valueName":"search_term_string"}}],"inLanguage":"it-IT"},{"@type":"Organization","@id":"https:\/\/www.pressenza.com\/it\/#organization","name":"Pressenza","url":"https:\/\/www.pressenza.com\/it\/","logo":{"@type":"ImageObject","inLanguage":"it-IT","@id":"https:\/\/www.pressenza.com\/it\/#\/schema\/logo\/image\/","url":"https:\/\/www.pressenza.com\/wp-content\/uploads\/2022\/10\/pressenza_logo_200x200.jpg","contentUrl":"https:\/\/www.pressenza.com\/wp-content\/uploads\/2022\/10\/pressenza_logo_200x200.jpg","width":200,"height":200,"caption":"Pressenza"},"image":{"@id":"https:\/\/www.pressenza.com\/it\/#\/schema\/logo\/image\/"},"sameAs":["https:\/\/www.facebook.com\/PressenzaItalia","https:\/\/x.com\/PressenzaIPA"]},{"@type":"Person","@id":"https:\/\/www.pressenza.com\/it\/#\/schema\/person\/d983e81827ae24f2c7b1a2123d197f8d","name":"Redazione Italia","description":"News from the Pressenza Bureau in Italy","sameAs":["https:\/\/www.pressenza.com\/it\/author\/redazione-italia\/","https:\/\/www.facebook.com\/PressenzaItalia","https:\/\/www.instagram.com\/pressenza_italia\/","https:\/\/x.com\/pressenza_it","https:\/\/www.youtube.com\/channel\/UCSalEIWjE1RSxkwjfftFuqg"],"url":"https:\/\/www.pressenza.com\/it\/author\/redazione-italia\/"}]}},"place":"","original_article_url":"","_links":{"self":[{"href":"https:\/\/www.pressenza.com\/it\/wp-json\/wp\/v2\/posts\/2578329","targetHints":{"allow":["GET"]}}],"collection":[{"href":"https:\/\/www.pressenza.com\/it\/wp-json\/wp\/v2\/posts"}],"about":[{"href":"https:\/\/www.pressenza.com\/it\/wp-json\/wp\/v2\/types\/post"}],"author":[{"embeddable":true,"href":"https:\/\/www.pressenza.com\/it\/wp-json\/wp\/v2\/users\/594"}],"replies":[{"embeddable":true,"href":"https:\/\/www.pressenza.com\/it\/wp-json\/wp\/v2\/comments?post=2578329"}],"version-history":[{"count":0,"href":"https:\/\/www.pressenza.com\/it\/wp-json\/wp\/v2\/posts\/2578329\/revisions"}],"wp:featuredmedia":[{"embeddable":true,"href":"https:\/\/www.pressenza.com\/it\/wp-json\/wp\/v2\/media\/2578330"}],"wp:attachment":[{"href":"https:\/\/www.pressenza.com\/it\/wp-json\/wp\/v2\/media?parent=2578329"}],"wp:term":[{"taxonomy":"category","embeddable":true,"href":"https:\/\/www.pressenza.com\/it\/wp-json\/wp\/v2\/categories?post=2578329"},{"taxonomy":"post_tag","embeddable":true,"href":"https:\/\/www.pressenza.com\/it\/wp-json\/wp\/v2\/tags?post=2578329"}],"curies":[{"name":"wp","href":"https:\/\/api.w.org\/{rel}","templated":true}]}}