{"id":2577591,"date":"2025-01-20T09:34:20","date_gmt":"2025-01-20T09:34:20","guid":{"rendered":"https:\/\/www.pressenza.com\/?p=2577591"},"modified":"2025-01-20T09:34:20","modified_gmt":"2025-01-20T09:34:20","slug":"ddl-1660-mediterranea-bergamo-il-soccorso-in-mare-non-e-solo-obbligo-ma-un-imperativo-prima-si-salvano-vite-poi-si-discute","status":"publish","type":"post","link":"https:\/\/www.pressenza.com\/it\/2025\/01\/ddl-1660-mediterranea-bergamo-il-soccorso-in-mare-non-e-solo-obbligo-ma-un-imperativo-prima-si-salvano-vite-poi-si-discute\/","title":{"rendered":"DDL 1660, Mediterranea Bergamo: &#8220;Il soccorso in mare non \u00e8 solo obbligo, ma un imperativo. Prima si salvano vite, poi si discute.&#8221;"},"content":{"rendered":"<p>Sabato 18 gennaio si \u00e8 tenuta la mobilitazione \u201c100.000 luci contro il buio del regime\u201d in varie citt\u00e0 d\u2019Italia. Contemporaneamente a Roma, Napoli, Bologna, Asti, Bergamo, La Spezia, Reggio Emilia e Pesaro, puntando a sensibilizzare l\u2019opinione pubblica sull\u2019impatto negativo che il disegno di legge 1236 potrebbe avere sui diritti umani una volta definitivamente approvato. Durante la manifestazione a Bergamo importante \u00e8 stato l&#8217;intervento della sezione bergamasca di Mediterranea, che riportiamo di seguito:<\/p>\n<p><em>&#8220;Il DDL 1660 , oltre alle norme che criminalizzano il dissenso sociale e le proteste con lo scopo di violare la libert\u00e0 di manifestare compromettendo di conseguenza i diritti costituzionali,, oltre alla criminalizzazione del dissenso pacifico e non violento spesso utilizzato come ultima risorsa dai detenuti per rivendicare condizioni di vi dignitose ,oltre a impedire ai cittadini\/e di paesi fuori dall\u2019Europa di comunicare con i propri familiari per l&#8217;impossibilit\u00e0 di acquistare una SIM telefonica se non saranno in possesso di un permesso di soggiorno , oltre a altri articoli che , come ha detto l&#8217;organizzazione per la sicurezza e la cooperazione in Europa ( OCSE) minano i principi fondamentali della giustizia penale e dello stato di diritto, vengono colpite anche le ong e il soccorso in mare.<\/em><br \/>\n<em>Art. 29 dice che i capitani \/e, delle navi italiane o straniere, che non obbediscono all&#8217;intimidazione di fermo di unit\u00e0 del naviglio della guardia di finanza o che commettono atti di resistenza contro di loro sono soggetti severe sanzioni amministrative e penali.<\/em><br \/>\n<em>Vengono di conseguenza messi in discussione i principi fondamentali del diritto internazionale marittimo e del soccorso in mare che impongono di assistere chiunque si trovi in difficolt\u00e0.<\/em><br \/>\n<em>Questo governo sta facendo di tutto per impedire alla societ\u00e0 civile di essere dove c&#8217;\u00e8 bisogno, anche perch\u00e9 non vogliono testimoni su come le loro politiche causino la morte in mare e terra di migliaia di persone. Non ci fermeranno (e hanno provato gi\u00e0 pi\u00f9 volte senza successo). Il soccorso in mare non \u00e8 solo obbligo, ma un imperativo al quale tutto il resto deve uniformarsi.<\/em><br \/>\n<em>Prima si salva e poi si discute.&#8221;<\/em><\/p>\n<p>Il testo, attualmente in discussione al Senato, prevede un ulteriore inasprimento delle leggi penali in materia di sicurezza pubblica e antiterrorismo, ampliando l\u2019ambito delle sanzioni e criminalizzando forme di dissenso pacifico.<br \/>\nTra gli aspetti pi\u00f9 preoccupanti del provvedimento, emergono la trasformazione di alcune infrazioni amministrative in reati penali; il ricorso a misure preventive, come i fogli di via, anche in assenza di effettivi danni o comportamenti violenti; l\u2019effetto deterrente che tali norme avrebbe sulla partecipazione a proteste pacifiche, mettendo cos\u00ec a rischio le libert\u00e0 fondamentali di espressione e di riunione pacifica.<\/p>\n<p>Sono ormai numerosissime le forze, i movimenti e le associazioni per i diritti umani che ritengono queste misure come tese a restringere ulteriormente gli spazi di democrazia, in un contesto in cui il dissenso \u00e8 gi\u00e0 ampiamente criminalizzato.<\/p>\n<p><a href=\"https:\/\/contropiano.org\/news\/politica-news\/2025\/01\/17\/oggi-manifestazioni-in-molte-citta-contro-il-ddl-1660-no-allo-stato-di-polizia-0179466\">https:\/\/contropiano.org\/news\/politica-news\/2025\/01\/17\/oggi-manifestazioni-in-molte-citta-contro-il-ddl-1660-no-allo-stato-di-polizia-0179466<\/a><\/p>\n","protected":false},"excerpt":{"rendered":"<p>Sabato 18 gennaio si \u00e8 tenuta la mobilitazione \u201c100.000 luci contro il buio del regime\u201d in varie citt\u00e0 d\u2019Italia. Contemporaneamente a Roma, Napoli, Bologna, Asti, Bergamo, La Spezia, Reggio Emilia e Pesaro, puntando a sensibilizzare l\u2019opinione pubblica sull\u2019impatto negativo che&hellip;<\/p>\n","protected":false},"author":1969,"featured_media":2577598,"comment_status":"closed","ping_status":"closed","sticky":false,"template":"","format":"standard","meta":{"footnotes":""},"categories":[11388,60,54572,1261],"tags":[126317,897,22207,131508,131509,131510,532],"class_list":["post-2577591","post","type-post","status-publish","format-standard","has-post-thumbnail","hentry","category-contenuti-originali","category-diritti-umani","category-migranti","category-diversita","tag-ddl-1660","tag-diritti-umani","tag-europa","tag-mediterranea-bergamo","tag-reati-penali","tag-repressione-dissenso","tag-senato"],"yoast_head":"<!-- This site is optimized with the Yoast SEO plugin v27.1.1 - https:\/\/yoast.com\/product\/yoast-seo-wordpress\/ -->\n<title>DDL 1660, Mediterranea Bergamo: &quot;Il soccorso in mare non \u00e8 solo obbligo, ma un imperativo. Prima si salvano vite, poi si discute.&quot;<\/title>\n<meta name=\"description\" content=\"Sabato 18 gennaio si \u00e8 tenuta la mobilitazione \u201c100.000 luci contro il buio del regime\u201d in varie citt\u00e0 d\u2019Italia. Contemporaneamente a Roma, Napoli,\" \/>\n<meta name=\"robots\" content=\"index, follow, max-snippet:-1, max-image-preview:large, max-video-preview:-1\" \/>\n<link rel=\"canonical\" href=\"https:\/\/www.pressenza.com\/it\/2025\/01\/ddl-1660-mediterranea-bergamo-il-soccorso-in-mare-non-e-solo-obbligo-ma-un-imperativo-prima-si-salvano-vite-poi-si-discute\/\" \/>\n<meta property=\"og:locale\" content=\"it_IT\" \/>\n<meta property=\"og:type\" content=\"article\" \/>\n<meta property=\"og:title\" content=\"DDL 1660, Mediterranea Bergamo: &quot;Il soccorso in mare non \u00e8 solo obbligo, ma un imperativo. Prima si salvano vite, poi si discute.&quot;\" \/>\n<meta property=\"og:description\" content=\"Sabato 18 gennaio si \u00e8 tenuta la mobilitazione \u201c100.000 luci contro il buio del regime\u201d in varie citt\u00e0 d\u2019Italia. Contemporaneamente a Roma, Napoli,\" \/>\n<meta property=\"og:url\" content=\"https:\/\/www.pressenza.com\/it\/2025\/01\/ddl-1660-mediterranea-bergamo-il-soccorso-in-mare-non-e-solo-obbligo-ma-un-imperativo-prima-si-salvano-vite-poi-si-discute\/\" \/>\n<meta property=\"og:site_name\" content=\"Pressenza\" \/>\n<meta property=\"article:publisher\" content=\"https:\/\/www.facebook.com\/PressenzaItalia\" \/>\n<meta property=\"article:published_time\" content=\"2025-01-20T09:34:20+00:00\" \/>\n<meta property=\"og:image\" content=\"https:\/\/www.pressenza.com\/wp-content\/uploads\/2025\/01\/Manifestazione-100.000-luci-contro-il-buio-del-regime-Bergamo-18-gennaio-2025-ore-17.00.jpg\" \/>\n\t<meta property=\"og:image:width\" content=\"1080\" \/>\n\t<meta property=\"og:image:height\" content=\"486\" \/>\n\t<meta property=\"og:image:type\" content=\"image\/jpeg\" \/>\n<meta name=\"author\" content=\"Redazione Sebino Franciacorta\" \/>\n<meta name=\"twitter:card\" content=\"summary_large_image\" \/>\n<meta name=\"twitter:creator\" content=\"@PressenzaIPA\" \/>\n<meta name=\"twitter:site\" content=\"@PressenzaIPA\" \/>\n<meta name=\"twitter:label1\" content=\"Scritto da\" \/>\n\t<meta name=\"twitter:data1\" content=\"Redazione Sebino Franciacorta\" \/>\n\t<meta name=\"twitter:label2\" content=\"Tempo di lettura stimato\" \/>\n\t<meta name=\"twitter:data2\" content=\"3 minuti\" \/>\n<script type=\"application\/ld+json\" class=\"yoast-schema-graph\">{\"@context\":\"https:\/\/schema.org\",\"@graph\":[{\"@type\":\"Article\",\"@id\":\"https:\/\/www.pressenza.com\/it\/2025\/01\/ddl-1660-mediterranea-bergamo-il-soccorso-in-mare-non-e-solo-obbligo-ma-un-imperativo-prima-si-salvano-vite-poi-si-discute\/#article\",\"isPartOf\":{\"@id\":\"https:\/\/www.pressenza.com\/it\/2025\/01\/ddl-1660-mediterranea-bergamo-il-soccorso-in-mare-non-e-solo-obbligo-ma-un-imperativo-prima-si-salvano-vite-poi-si-discute\/\"},\"author\":{\"name\":\"Redazione Sebino Franciacorta\",\"@id\":\"https:\/\/www.pressenza.com\/it\/#\/schema\/person\/9ec653259bb79d6ea2255fd80043dc9c\"},\"headline\":\"DDL 1660, Mediterranea Bergamo: &#8220;Il soccorso in mare non \u00e8 solo obbligo, ma un imperativo. Prima si salvano vite, poi si discute.&#8221;\",\"datePublished\":\"2025-01-20T09:34:20+00:00\",\"mainEntityOfPage\":{\"@id\":\"https:\/\/www.pressenza.com\/it\/2025\/01\/ddl-1660-mediterranea-bergamo-il-soccorso-in-mare-non-e-solo-obbligo-ma-un-imperativo-prima-si-salvano-vite-poi-si-discute\/\"},\"wordCount\":495,\"publisher\":{\"@id\":\"https:\/\/www.pressenza.com\/it\/#organization\"},\"image\":{\"@id\":\"https:\/\/www.pressenza.com\/it\/2025\/01\/ddl-1660-mediterranea-bergamo-il-soccorso-in-mare-non-e-solo-obbligo-ma-un-imperativo-prima-si-salvano-vite-poi-si-discute\/#primaryimage\"},\"thumbnailUrl\":\"https:\/\/www.pressenza.com\/wp-content\/uploads\/2025\/01\/Manifestazione-100.000-luci-contro-il-buio-del-regime-Bergamo-18-gennaio-2025-ore-17.00.jpg\",\"keywords\":[\"Ddl 1660\",\"diritti umani\",\"Europa\",\"Mediterranea Bergamo\",\"reati penali\",\"repressione dissenso\",\"Senato\"],\"articleSection\":[\"contenuti originali\",\"Diritti Umani\",\"Migranti\",\"Non discriminazione\"],\"inLanguage\":\"it-IT\"},{\"@type\":\"WebPage\",\"@id\":\"https:\/\/www.pressenza.com\/it\/2025\/01\/ddl-1660-mediterranea-bergamo-il-soccorso-in-mare-non-e-solo-obbligo-ma-un-imperativo-prima-si-salvano-vite-poi-si-discute\/\",\"url\":\"https:\/\/www.pressenza.com\/it\/2025\/01\/ddl-1660-mediterranea-bergamo-il-soccorso-in-mare-non-e-solo-obbligo-ma-un-imperativo-prima-si-salvano-vite-poi-si-discute\/\",\"name\":\"DDL 1660, Mediterranea Bergamo: \\\"Il soccorso in mare non \u00e8 solo obbligo, ma un imperativo. Prima si salvano vite, poi si discute.\\\"\",\"isPartOf\":{\"@id\":\"https:\/\/www.pressenza.com\/it\/#website\"},\"primaryImageOfPage\":{\"@id\":\"https:\/\/www.pressenza.com\/it\/2025\/01\/ddl-1660-mediterranea-bergamo-il-soccorso-in-mare-non-e-solo-obbligo-ma-un-imperativo-prima-si-salvano-vite-poi-si-discute\/#primaryimage\"},\"image\":{\"@id\":\"https:\/\/www.pressenza.com\/it\/2025\/01\/ddl-1660-mediterranea-bergamo-il-soccorso-in-mare-non-e-solo-obbligo-ma-un-imperativo-prima-si-salvano-vite-poi-si-discute\/#primaryimage\"},\"thumbnailUrl\":\"https:\/\/www.pressenza.com\/wp-content\/uploads\/2025\/01\/Manifestazione-100.000-luci-contro-il-buio-del-regime-Bergamo-18-gennaio-2025-ore-17.00.jpg\",\"datePublished\":\"2025-01-20T09:34:20+00:00\",\"description\":\"Sabato 18 gennaio si \u00e8 tenuta la mobilitazione \u201c100.000 luci contro il buio del regime\u201d in varie citt\u00e0 d\u2019Italia. Contemporaneamente a Roma, Napoli,\",\"breadcrumb\":{\"@id\":\"https:\/\/www.pressenza.com\/it\/2025\/01\/ddl-1660-mediterranea-bergamo-il-soccorso-in-mare-non-e-solo-obbligo-ma-un-imperativo-prima-si-salvano-vite-poi-si-discute\/#breadcrumb\"},\"inLanguage\":\"it-IT\",\"potentialAction\":[{\"@type\":\"ReadAction\",\"target\":[\"https:\/\/www.pressenza.com\/it\/2025\/01\/ddl-1660-mediterranea-bergamo-il-soccorso-in-mare-non-e-solo-obbligo-ma-un-imperativo-prima-si-salvano-vite-poi-si-discute\/\"]}]},{\"@type\":\"ImageObject\",\"inLanguage\":\"it-IT\",\"@id\":\"https:\/\/www.pressenza.com\/it\/2025\/01\/ddl-1660-mediterranea-bergamo-il-soccorso-in-mare-non-e-solo-obbligo-ma-un-imperativo-prima-si-salvano-vite-poi-si-discute\/#primaryimage\",\"url\":\"https:\/\/www.pressenza.com\/wp-content\/uploads\/2025\/01\/Manifestazione-100.000-luci-contro-il-buio-del-regime-Bergamo-18-gennaio-2025-ore-17.00.jpg\",\"contentUrl\":\"https:\/\/www.pressenza.com\/wp-content\/uploads\/2025\/01\/Manifestazione-100.000-luci-contro-il-buio-del-regime-Bergamo-18-gennaio-2025-ore-17.00.jpg\",\"width\":1080,\"height\":486},{\"@type\":\"BreadcrumbList\",\"@id\":\"https:\/\/www.pressenza.com\/it\/2025\/01\/ddl-1660-mediterranea-bergamo-il-soccorso-in-mare-non-e-solo-obbligo-ma-un-imperativo-prima-si-salvano-vite-poi-si-discute\/#breadcrumb\",\"itemListElement\":[{\"@type\":\"ListItem\",\"position\":1,\"name\":\"Accueil\",\"item\":\"https:\/\/www.pressenza.com\/it\/\"},{\"@type\":\"ListItem\",\"position\":2,\"name\":\"DDL 1660, Mediterranea Bergamo: &#8220;Il soccorso in mare non \u00e8 solo obbligo, ma un imperativo. Prima si salvano vite, poi si discute.&#8221;\"}]},{\"@type\":\"WebSite\",\"@id\":\"https:\/\/www.pressenza.com\/it\/#website\",\"url\":\"https:\/\/www.pressenza.com\/it\/\",\"name\":\"Pressenza\",\"description\":\"Agenzia di Stampa Internazionale\",\"publisher\":{\"@id\":\"https:\/\/www.pressenza.com\/it\/#organization\"},\"potentialAction\":[{\"@type\":\"SearchAction\",\"target\":{\"@type\":\"EntryPoint\",\"urlTemplate\":\"https:\/\/www.pressenza.com\/it\/?s={search_term_string}\"},\"query-input\":{\"@type\":\"PropertyValueSpecification\",\"valueRequired\":true,\"valueName\":\"search_term_string\"}}],\"inLanguage\":\"it-IT\"},{\"@type\":\"Organization\",\"@id\":\"https:\/\/www.pressenza.com\/it\/#organization\",\"name\":\"Pressenza\",\"url\":\"https:\/\/www.pressenza.com\/it\/\",\"logo\":{\"@type\":\"ImageObject\",\"inLanguage\":\"it-IT\",\"@id\":\"https:\/\/www.pressenza.com\/it\/#\/schema\/logo\/image\/\",\"url\":\"https:\/\/www.pressenza.com\/wp-content\/uploads\/2022\/10\/pressenza_logo_200x200.jpg\",\"contentUrl\":\"https:\/\/www.pressenza.com\/wp-content\/uploads\/2022\/10\/pressenza_logo_200x200.jpg\",\"width\":200,\"height\":200,\"caption\":\"Pressenza\"},\"image\":{\"@id\":\"https:\/\/www.pressenza.com\/it\/#\/schema\/logo\/image\/\"},\"sameAs\":[\"https:\/\/www.facebook.com\/PressenzaItalia\",\"https:\/\/x.com\/PressenzaIPA\"]},{\"@type\":\"Person\",\"@id\":\"https:\/\/www.pressenza.com\/it\/#\/schema\/person\/9ec653259bb79d6ea2255fd80043dc9c\",\"name\":\"Redazione Sebino Franciacorta\",\"url\":\"https:\/\/www.pressenza.com\/it\/author\/redazione-sebino-franciacorta\/\"}]}<\/script>\n<!-- \/ Yoast SEO plugin. -->","yoast_head_json":{"title":"DDL 1660, Mediterranea Bergamo: \"Il soccorso in mare non \u00e8 solo obbligo, ma un imperativo. Prima si salvano vite, poi si discute.\"","description":"Sabato 18 gennaio si \u00e8 tenuta la mobilitazione \u201c100.000 luci contro il buio del regime\u201d in varie citt\u00e0 d\u2019Italia. Contemporaneamente a Roma, Napoli,","robots":{"index":"index","follow":"follow","max-snippet":"max-snippet:-1","max-image-preview":"max-image-preview:large","max-video-preview":"max-video-preview:-1"},"canonical":"https:\/\/www.pressenza.com\/it\/2025\/01\/ddl-1660-mediterranea-bergamo-il-soccorso-in-mare-non-e-solo-obbligo-ma-un-imperativo-prima-si-salvano-vite-poi-si-discute\/","og_locale":"it_IT","og_type":"article","og_title":"DDL 1660, Mediterranea Bergamo: \"Il soccorso in mare non \u00e8 solo obbligo, ma un imperativo. Prima si salvano vite, poi si discute.\"","og_description":"Sabato 18 gennaio si \u00e8 tenuta la mobilitazione \u201c100.000 luci contro il buio del regime\u201d in varie citt\u00e0 d\u2019Italia. Contemporaneamente a Roma, Napoli,","og_url":"https:\/\/www.pressenza.com\/it\/2025\/01\/ddl-1660-mediterranea-bergamo-il-soccorso-in-mare-non-e-solo-obbligo-ma-un-imperativo-prima-si-salvano-vite-poi-si-discute\/","og_site_name":"Pressenza","article_publisher":"https:\/\/www.facebook.com\/PressenzaItalia","article_published_time":"2025-01-20T09:34:20+00:00","og_image":[{"width":1080,"height":486,"url":"https:\/\/www.pressenza.com\/wp-content\/uploads\/2025\/01\/Manifestazione-100.000-luci-contro-il-buio-del-regime-Bergamo-18-gennaio-2025-ore-17.00.jpg","type":"image\/jpeg"}],"author":"Redazione Sebino Franciacorta","twitter_card":"summary_large_image","twitter_creator":"@PressenzaIPA","twitter_site":"@PressenzaIPA","twitter_misc":{"Scritto da":"Redazione Sebino Franciacorta","Tempo di lettura stimato":"3 minuti"},"schema":{"@context":"https:\/\/schema.org","@graph":[{"@type":"Article","@id":"https:\/\/www.pressenza.com\/it\/2025\/01\/ddl-1660-mediterranea-bergamo-il-soccorso-in-mare-non-e-solo-obbligo-ma-un-imperativo-prima-si-salvano-vite-poi-si-discute\/#article","isPartOf":{"@id":"https:\/\/www.pressenza.com\/it\/2025\/01\/ddl-1660-mediterranea-bergamo-il-soccorso-in-mare-non-e-solo-obbligo-ma-un-imperativo-prima-si-salvano-vite-poi-si-discute\/"},"author":{"name":"Redazione Sebino Franciacorta","@id":"https:\/\/www.pressenza.com\/it\/#\/schema\/person\/9ec653259bb79d6ea2255fd80043dc9c"},"headline":"DDL 1660, Mediterranea Bergamo: &#8220;Il soccorso in mare non \u00e8 solo obbligo, ma un imperativo. Prima si salvano vite, poi si discute.&#8221;","datePublished":"2025-01-20T09:34:20+00:00","mainEntityOfPage":{"@id":"https:\/\/www.pressenza.com\/it\/2025\/01\/ddl-1660-mediterranea-bergamo-il-soccorso-in-mare-non-e-solo-obbligo-ma-un-imperativo-prima-si-salvano-vite-poi-si-discute\/"},"wordCount":495,"publisher":{"@id":"https:\/\/www.pressenza.com\/it\/#organization"},"image":{"@id":"https:\/\/www.pressenza.com\/it\/2025\/01\/ddl-1660-mediterranea-bergamo-il-soccorso-in-mare-non-e-solo-obbligo-ma-un-imperativo-prima-si-salvano-vite-poi-si-discute\/#primaryimage"},"thumbnailUrl":"https:\/\/www.pressenza.com\/wp-content\/uploads\/2025\/01\/Manifestazione-100.000-luci-contro-il-buio-del-regime-Bergamo-18-gennaio-2025-ore-17.00.jpg","keywords":["Ddl 1660","diritti umani","Europa","Mediterranea Bergamo","reati penali","repressione dissenso","Senato"],"articleSection":["contenuti originali","Diritti Umani","Migranti","Non discriminazione"],"inLanguage":"it-IT"},{"@type":"WebPage","@id":"https:\/\/www.pressenza.com\/it\/2025\/01\/ddl-1660-mediterranea-bergamo-il-soccorso-in-mare-non-e-solo-obbligo-ma-un-imperativo-prima-si-salvano-vite-poi-si-discute\/","url":"https:\/\/www.pressenza.com\/it\/2025\/01\/ddl-1660-mediterranea-bergamo-il-soccorso-in-mare-non-e-solo-obbligo-ma-un-imperativo-prima-si-salvano-vite-poi-si-discute\/","name":"DDL 1660, Mediterranea Bergamo: \"Il soccorso in mare non \u00e8 solo obbligo, ma un imperativo. Prima si salvano vite, poi si discute.\"","isPartOf":{"@id":"https:\/\/www.pressenza.com\/it\/#website"},"primaryImageOfPage":{"@id":"https:\/\/www.pressenza.com\/it\/2025\/01\/ddl-1660-mediterranea-bergamo-il-soccorso-in-mare-non-e-solo-obbligo-ma-un-imperativo-prima-si-salvano-vite-poi-si-discute\/#primaryimage"},"image":{"@id":"https:\/\/www.pressenza.com\/it\/2025\/01\/ddl-1660-mediterranea-bergamo-il-soccorso-in-mare-non-e-solo-obbligo-ma-un-imperativo-prima-si-salvano-vite-poi-si-discute\/#primaryimage"},"thumbnailUrl":"https:\/\/www.pressenza.com\/wp-content\/uploads\/2025\/01\/Manifestazione-100.000-luci-contro-il-buio-del-regime-Bergamo-18-gennaio-2025-ore-17.00.jpg","datePublished":"2025-01-20T09:34:20+00:00","description":"Sabato 18 gennaio si \u00e8 tenuta la mobilitazione \u201c100.000 luci contro il buio del regime\u201d in varie citt\u00e0 d\u2019Italia. Contemporaneamente a Roma, Napoli,","breadcrumb":{"@id":"https:\/\/www.pressenza.com\/it\/2025\/01\/ddl-1660-mediterranea-bergamo-il-soccorso-in-mare-non-e-solo-obbligo-ma-un-imperativo-prima-si-salvano-vite-poi-si-discute\/#breadcrumb"},"inLanguage":"it-IT","potentialAction":[{"@type":"ReadAction","target":["https:\/\/www.pressenza.com\/it\/2025\/01\/ddl-1660-mediterranea-bergamo-il-soccorso-in-mare-non-e-solo-obbligo-ma-un-imperativo-prima-si-salvano-vite-poi-si-discute\/"]}]},{"@type":"ImageObject","inLanguage":"it-IT","@id":"https:\/\/www.pressenza.com\/it\/2025\/01\/ddl-1660-mediterranea-bergamo-il-soccorso-in-mare-non-e-solo-obbligo-ma-un-imperativo-prima-si-salvano-vite-poi-si-discute\/#primaryimage","url":"https:\/\/www.pressenza.com\/wp-content\/uploads\/2025\/01\/Manifestazione-100.000-luci-contro-il-buio-del-regime-Bergamo-18-gennaio-2025-ore-17.00.jpg","contentUrl":"https:\/\/www.pressenza.com\/wp-content\/uploads\/2025\/01\/Manifestazione-100.000-luci-contro-il-buio-del-regime-Bergamo-18-gennaio-2025-ore-17.00.jpg","width":1080,"height":486},{"@type":"BreadcrumbList","@id":"https:\/\/www.pressenza.com\/it\/2025\/01\/ddl-1660-mediterranea-bergamo-il-soccorso-in-mare-non-e-solo-obbligo-ma-un-imperativo-prima-si-salvano-vite-poi-si-discute\/#breadcrumb","itemListElement":[{"@type":"ListItem","position":1,"name":"Accueil","item":"https:\/\/www.pressenza.com\/it\/"},{"@type":"ListItem","position":2,"name":"DDL 1660, Mediterranea Bergamo: &#8220;Il soccorso in mare non \u00e8 solo obbligo, ma un imperativo. Prima si salvano vite, poi si discute.&#8221;"}]},{"@type":"WebSite","@id":"https:\/\/www.pressenza.com\/it\/#website","url":"https:\/\/www.pressenza.com\/it\/","name":"Pressenza","description":"Agenzia di Stampa Internazionale","publisher":{"@id":"https:\/\/www.pressenza.com\/it\/#organization"},"potentialAction":[{"@type":"SearchAction","target":{"@type":"EntryPoint","urlTemplate":"https:\/\/www.pressenza.com\/it\/?s={search_term_string}"},"query-input":{"@type":"PropertyValueSpecification","valueRequired":true,"valueName":"search_term_string"}}],"inLanguage":"it-IT"},{"@type":"Organization","@id":"https:\/\/www.pressenza.com\/it\/#organization","name":"Pressenza","url":"https:\/\/www.pressenza.com\/it\/","logo":{"@type":"ImageObject","inLanguage":"it-IT","@id":"https:\/\/www.pressenza.com\/it\/#\/schema\/logo\/image\/","url":"https:\/\/www.pressenza.com\/wp-content\/uploads\/2022\/10\/pressenza_logo_200x200.jpg","contentUrl":"https:\/\/www.pressenza.com\/wp-content\/uploads\/2022\/10\/pressenza_logo_200x200.jpg","width":200,"height":200,"caption":"Pressenza"},"image":{"@id":"https:\/\/www.pressenza.com\/it\/#\/schema\/logo\/image\/"},"sameAs":["https:\/\/www.facebook.com\/PressenzaItalia","https:\/\/x.com\/PressenzaIPA"]},{"@type":"Person","@id":"https:\/\/www.pressenza.com\/it\/#\/schema\/person\/9ec653259bb79d6ea2255fd80043dc9c","name":"Redazione Sebino Franciacorta","url":"https:\/\/www.pressenza.com\/it\/author\/redazione-sebino-franciacorta\/"}]}},"place":"","original_article_url":"","_links":{"self":[{"href":"https:\/\/www.pressenza.com\/it\/wp-json\/wp\/v2\/posts\/2577591","targetHints":{"allow":["GET"]}}],"collection":[{"href":"https:\/\/www.pressenza.com\/it\/wp-json\/wp\/v2\/posts"}],"about":[{"href":"https:\/\/www.pressenza.com\/it\/wp-json\/wp\/v2\/types\/post"}],"author":[{"embeddable":true,"href":"https:\/\/www.pressenza.com\/it\/wp-json\/wp\/v2\/users\/1969"}],"replies":[{"embeddable":true,"href":"https:\/\/www.pressenza.com\/it\/wp-json\/wp\/v2\/comments?post=2577591"}],"version-history":[{"count":0,"href":"https:\/\/www.pressenza.com\/it\/wp-json\/wp\/v2\/posts\/2577591\/revisions"}],"wp:featuredmedia":[{"embeddable":true,"href":"https:\/\/www.pressenza.com\/it\/wp-json\/wp\/v2\/media\/2577598"}],"wp:attachment":[{"href":"https:\/\/www.pressenza.com\/it\/wp-json\/wp\/v2\/media?parent=2577591"}],"wp:term":[{"taxonomy":"category","embeddable":true,"href":"https:\/\/www.pressenza.com\/it\/wp-json\/wp\/v2\/categories?post=2577591"},{"taxonomy":"post_tag","embeddable":true,"href":"https:\/\/www.pressenza.com\/it\/wp-json\/wp\/v2\/tags?post=2577591"}],"curies":[{"name":"wp","href":"https:\/\/api.w.org\/{rel}","templated":true}]}}