{"id":2576861,"date":"2025-01-17T17:00:43","date_gmt":"2025-01-17T17:00:43","guid":{"rendered":"https:\/\/www.pressenza.com\/?p=2576861"},"modified":"2025-01-17T17:00:43","modified_gmt":"2025-01-17T17:00:43","slug":"pini-di-lido-di-savio-sconcertanti-dichiarazioni-del-comitato-cittadino-che-vuole-vederli-abbattuti","status":"publish","type":"post","link":"https:\/\/www.pressenza.com\/it\/2025\/01\/pini-di-lido-di-savio-sconcertanti-dichiarazioni-del-comitato-cittadino-che-vuole-vederli-abbattuti\/","title":{"rendered":"Pini di Lido di Savio: sconcertanti dichiarazioni del Comitato Cittadino, che vuole vederli abbattuti"},"content":{"rendered":"<p>Sconcertanti dichiarazioni del Comitato Cittadino di Lido di Savio, con le quali si cerca di sminuire la gravissima vicenda per cui, con la scusa di realizzare un \u201cParco\u201d, si debbano abbattere alberi 50 sanissimi di oltre 50 anni.<\/p>\n<p>Ricordiamo al Comitato che sia il Lido che le alberature pubbliche non sono solo \u201ccosa loro\u201d, ma un bene di tutti. Svilire il lungo impegno di un folto gruppo di residenti e proprietari di seconde case attoniti alla vista del desolante progetto di \u201criqualificazione\u201d &#8220;Parco Marittimo&#8221; in piccola parte gi\u00e0 eseguito per il tratto iniziale di viale Romagna, non fa onore a chi parla in rappresentanza dei cittadini. Si legge, con affermazioni al limite della correttezza, che sarebbero state carpite sottoscrizioni ai turisti a passeggio lungo viale Romagna, cio\u00e8 dove per tre mesi sono stati aperti banchetti di raccolta firme. I turisti, esterrefatti, sapevano benissimo cosa stavano firmando: si vuole dire che la loro opinione non ha alcun valore per il Comitato Cittadino? Ricordiamo, solo ad esempio, che nella confinante Milano Marittima, localit\u00e0 turistica per eccellenza, i pini domestici se li tengono ben stretti e li ripiantano pure.<\/p>\n<p>Da ci\u00f2 che si \u00e8 poi appreso, le poche presentazioni pubbliche del progetto si sarebbero tenute in periodi autunnali o invernali e pubblicizzate solo a livello locale, di fatto escludendo chi potenzialmente poteva esprimersi in modo non favorevole. Non meraviglia che nessuno si sia presentato a tali riunioni, se non sparuti sostenitori. Sono prevalentemente i turisti e i proprietari di seconde case che contribuiscono in maniera decisiva all&#8217;economia della localit\u00e0 e dei pochi residenti stabili (nonch\u00e9 alle casse municipali) e pertanto hanno ben diritto di esprimersi. Quante attivit\u00e0 sopravviverebbero con l&#8217;apporto dei soli residenti? Prenda quindi atto il Comitato che la posizione da esso rappresentata \u00e8 tutt\u2019altro che condivisa a larga maggioranza.<\/p>\n<p>Precisiamo, comunque, che i residenti nel Lido e nel Comune di Ravenna firmatari della petizione al Sindaco di Ravenna sono stati 896, mentre i proprietari di seconde case &#8211; numerosissimi -, gli esercenti commerciali e i turisti quasi 2000. Ricordiamo, inoltre, che un Ricorso al Tribunale per danno alla salute \u00e8 stato presentato da 71 cittadini residenti nel Lido, proprietari di seconda casa e operatori commerciali, tutti in grado di dimostrare il loro legame col Lido e la loro permanenza continuativa nella localit\u00e0.<\/p>\n<p>Quanti sono i rappresentanti del Comitato cittadino che invocano gli abbattimenti, se proprio vogliamo parlare di numeri? Riguardo al pino caduto, alcuni residenti precisano di aver allertato per tempo pi\u00f9 volte il Comune visto lo stato di sofferenza dell\u2019albero, senza tuttavia aver ricevuto riscontro. Inoltre, le sconnessioni della pavimentazione di viale Romagna sono minime e puntuali e ripristinabili con normale manutenzione, che in questa localit\u00e0 manca da tanto tempo, non certo abbattendo tutto un viale.<\/p>\n<p>Un\u2019Amministrazione che abbia cura degli interessi collettivi, ed un Comitato degno di questo nome prenderebbero atto di quanto emerso, sia pure a loro dire tardivamente, nei confronti di un progetto che mira ad abbattere alberi sani senza curarsi delle conseguenze su salute dei cittadini, attrattivit\u00e0 turistica, decoro, svalutazione degli immobili, oltre che sulle bollette di abitanti e commercianti del viale, privati di ombra, ristoro, benessere (si ricorda la differenza di ben 20\u00b0 della temperatura del suolo registrata la scorsa estate tra il tratto di viale gi\u00e0 sottoposto all\u2019intervento di abbattimento e il tratto ancora ombreggiato dalle alberate). Senza dire che i pini si inseriscono nel contesto costiero di Riserve Naturali, zone Rete Natura 2000 e Parco del Delta del Po, e la loro eliminazione rappresenta una vera e propria distruzione di habitat.<\/p>\n<p>I pini, di oltre 50 anni,- sono il vanto della localit\u00e0, e in Italia si utilizzano da 2000 anni, non a caso chiamandosi pini \u201cdomestici\u201d o \u201citalici\u201d. In alcuni luoghi crescono spontaneamente, costituendo un habitat (il 2270*, prioritario) tutelato dalle norme europee. La storia dell\u2019 \u201cautoctono\u201d \u00e8 ritrita in tutte le occasioni in cui c\u2019\u00e8 qualcosa da eliminare &#8211; e in questo caso completamente fuori bersaglio &#8211; e catapulta all\u2019indietro verso la politica italiana di un centinaio di anni fa. Ad ogni modo, carte alla mano, se il Comitato ritiene, i cittadini che chiedono la tutela dei 50 pini di Viale Romagna sono disponibili ad un confronto in qualsiasi momento.<\/p>\n<p>&nbsp;<\/p>\n<p>Comitato Salviamo gli Alberi &#8211; Ravenna<\/p>\n","protected":false},"excerpt":{"rendered":"<p>Sconcertanti dichiarazioni del Comitato Cittadino di Lido di Savio, con le quali si cerca di sminuire la gravissima vicenda per cui, con la scusa di realizzare un \u201cParco\u201d, si debbano abbattere alberi 50 sanissimi di oltre 50 anni. Ricordiamo al&hellip;<\/p>\n","protected":false},"author":1735,"featured_media":2575408,"comment_status":"closed","ping_status":"closed","sticky":false,"template":"","format":"standard","meta":{"footnotes":""},"categories":[150,59],"tags":[131377,118775,131379,4147,131378,131380,1009],"class_list":["post-2576861","post","type-post","status-publish","format-standard","has-post-thumbnail","hentry","category-comunicati-stampa","category-ambiente-ecologia","tag-comitato-cittadino-di-lido-di-savio","tag-parco-del-delta-del-po","tag-parco-marittimo","tag-ravenna","tag-rete-natura-2000","tag-taglio-alberi","tag-tribunale"],"yoast_head":"<!-- This site is optimized with the Yoast SEO plugin v27.1.1 - https:\/\/yoast.com\/product\/yoast-seo-wordpress\/ -->\n<title>Pini di Lido di Savio: sconcertanti dichiarazioni del Comitato Cittadino, che vuole vederli abbattuti<\/title>\n<meta name=\"description\" content=\"Sconcertanti dichiarazioni del Comitato Cittadino di Lido di Savio, con le quali si cerca di sminuire la gravissima vicenda per cui, con la scusa di\" \/>\n<meta name=\"robots\" content=\"index, follow, max-snippet:-1, max-image-preview:large, max-video-preview:-1\" \/>\n<link rel=\"canonical\" href=\"https:\/\/www.pressenza.com\/it\/2025\/01\/pini-di-lido-di-savio-sconcertanti-dichiarazioni-del-comitato-cittadino-che-vuole-vederli-abbattuti\/\" \/>\n<meta property=\"og:locale\" content=\"it_IT\" \/>\n<meta property=\"og:type\" content=\"article\" \/>\n<meta property=\"og:title\" content=\"Pini di Lido di Savio: sconcertanti dichiarazioni del Comitato Cittadino, che vuole vederli abbattuti\" \/>\n<meta property=\"og:description\" content=\"Sconcertanti dichiarazioni del Comitato Cittadino di Lido di Savio, con le quali si cerca di sminuire la gravissima vicenda per cui, con la scusa di\" \/>\n<meta property=\"og:url\" content=\"https:\/\/www.pressenza.com\/it\/2025\/01\/pini-di-lido-di-savio-sconcertanti-dichiarazioni-del-comitato-cittadino-che-vuole-vederli-abbattuti\/\" \/>\n<meta property=\"og:site_name\" content=\"Pressenza\" \/>\n<meta property=\"article:publisher\" content=\"https:\/\/www.facebook.com\/PressenzaItalia\" \/>\n<meta property=\"article:published_time\" content=\"2025-01-17T17:00:43+00:00\" \/>\n<meta property=\"og:image\" content=\"https:\/\/www.pressenza.com\/wp-content\/uploads\/2025\/01\/2024_08_25_viale-Romagna_Lido-Savio-Ravenna.jpg\" \/>\n\t<meta property=\"og:image:width\" content=\"1920\" \/>\n\t<meta property=\"og:image:height\" content=\"1485\" \/>\n\t<meta property=\"og:image:type\" content=\"image\/jpeg\" \/>\n<meta name=\"author\" content=\"Redazione Bologna\" \/>\n<meta name=\"twitter:card\" content=\"summary_large_image\" \/>\n<meta name=\"twitter:creator\" content=\"@PressenzaIPA\" \/>\n<meta name=\"twitter:site\" content=\"@PressenzaIPA\" \/>\n<meta name=\"twitter:label1\" content=\"Scritto da\" \/>\n\t<meta name=\"twitter:data1\" content=\"Redazione Bologna\" \/>\n\t<meta name=\"twitter:label2\" content=\"Tempo di lettura stimato\" \/>\n\t<meta name=\"twitter:data2\" content=\"4 minuti\" \/>\n<script type=\"application\/ld+json\" class=\"yoast-schema-graph\">{\"@context\":\"https:\/\/schema.org\",\"@graph\":[{\"@type\":\"Article\",\"@id\":\"https:\/\/www.pressenza.com\/it\/2025\/01\/pini-di-lido-di-savio-sconcertanti-dichiarazioni-del-comitato-cittadino-che-vuole-vederli-abbattuti\/#article\",\"isPartOf\":{\"@id\":\"https:\/\/www.pressenza.com\/it\/2025\/01\/pini-di-lido-di-savio-sconcertanti-dichiarazioni-del-comitato-cittadino-che-vuole-vederli-abbattuti\/\"},\"author\":{\"name\":\"Redazione Bologna\",\"@id\":\"https:\/\/www.pressenza.com\/it\/#\/schema\/person\/7161b5f2c2878af73c2dec311d7cd124\"},\"headline\":\"Pini di Lido di Savio: sconcertanti dichiarazioni del Comitato Cittadino, che vuole vederli abbattuti\",\"datePublished\":\"2025-01-17T17:00:43+00:00\",\"mainEntityOfPage\":{\"@id\":\"https:\/\/www.pressenza.com\/it\/2025\/01\/pini-di-lido-di-savio-sconcertanti-dichiarazioni-del-comitato-cittadino-che-vuole-vederli-abbattuti\/\"},\"wordCount\":712,\"publisher\":{\"@id\":\"https:\/\/www.pressenza.com\/it\/#organization\"},\"image\":{\"@id\":\"https:\/\/www.pressenza.com\/it\/2025\/01\/pini-di-lido-di-savio-sconcertanti-dichiarazioni-del-comitato-cittadino-che-vuole-vederli-abbattuti\/#primaryimage\"},\"thumbnailUrl\":\"https:\/\/www.pressenza.com\/wp-content\/uploads\/2025\/01\/2024_08_25_viale-Romagna_Lido-Savio-Ravenna.jpg\",\"keywords\":[\"Comitato Cittadino di Lido di Savio\",\"Parco del Delta del Po\",\"Parco Marittimo\",\"Ravenna\",\"Rete Natura 2000\",\"taglio alberi\",\"tribunale\"],\"articleSection\":[\"Comunicati Stampa\",\"Ecologia ed Ambiente\"],\"inLanguage\":\"it-IT\"},{\"@type\":\"WebPage\",\"@id\":\"https:\/\/www.pressenza.com\/it\/2025\/01\/pini-di-lido-di-savio-sconcertanti-dichiarazioni-del-comitato-cittadino-che-vuole-vederli-abbattuti\/\",\"url\":\"https:\/\/www.pressenza.com\/it\/2025\/01\/pini-di-lido-di-savio-sconcertanti-dichiarazioni-del-comitato-cittadino-che-vuole-vederli-abbattuti\/\",\"name\":\"Pini di Lido di Savio: sconcertanti dichiarazioni del Comitato Cittadino, che vuole vederli abbattuti\",\"isPartOf\":{\"@id\":\"https:\/\/www.pressenza.com\/it\/#website\"},\"primaryImageOfPage\":{\"@id\":\"https:\/\/www.pressenza.com\/it\/2025\/01\/pini-di-lido-di-savio-sconcertanti-dichiarazioni-del-comitato-cittadino-che-vuole-vederli-abbattuti\/#primaryimage\"},\"image\":{\"@id\":\"https:\/\/www.pressenza.com\/it\/2025\/01\/pini-di-lido-di-savio-sconcertanti-dichiarazioni-del-comitato-cittadino-che-vuole-vederli-abbattuti\/#primaryimage\"},\"thumbnailUrl\":\"https:\/\/www.pressenza.com\/wp-content\/uploads\/2025\/01\/2024_08_25_viale-Romagna_Lido-Savio-Ravenna.jpg\",\"datePublished\":\"2025-01-17T17:00:43+00:00\",\"description\":\"Sconcertanti dichiarazioni del Comitato Cittadino di Lido di Savio, con le quali si cerca di sminuire la gravissima vicenda per cui, con la scusa di\",\"breadcrumb\":{\"@id\":\"https:\/\/www.pressenza.com\/it\/2025\/01\/pini-di-lido-di-savio-sconcertanti-dichiarazioni-del-comitato-cittadino-che-vuole-vederli-abbattuti\/#breadcrumb\"},\"inLanguage\":\"it-IT\",\"potentialAction\":[{\"@type\":\"ReadAction\",\"target\":[\"https:\/\/www.pressenza.com\/it\/2025\/01\/pini-di-lido-di-savio-sconcertanti-dichiarazioni-del-comitato-cittadino-che-vuole-vederli-abbattuti\/\"]}]},{\"@type\":\"ImageObject\",\"inLanguage\":\"it-IT\",\"@id\":\"https:\/\/www.pressenza.com\/it\/2025\/01\/pini-di-lido-di-savio-sconcertanti-dichiarazioni-del-comitato-cittadino-che-vuole-vederli-abbattuti\/#primaryimage\",\"url\":\"https:\/\/www.pressenza.com\/wp-content\/uploads\/2025\/01\/2024_08_25_viale-Romagna_Lido-Savio-Ravenna.jpg\",\"contentUrl\":\"https:\/\/www.pressenza.com\/wp-content\/uploads\/2025\/01\/2024_08_25_viale-Romagna_Lido-Savio-Ravenna.jpg\",\"width\":1920,\"height\":1485},{\"@type\":\"BreadcrumbList\",\"@id\":\"https:\/\/www.pressenza.com\/it\/2025\/01\/pini-di-lido-di-savio-sconcertanti-dichiarazioni-del-comitato-cittadino-che-vuole-vederli-abbattuti\/#breadcrumb\",\"itemListElement\":[{\"@type\":\"ListItem\",\"position\":1,\"name\":\"Accueil\",\"item\":\"https:\/\/www.pressenza.com\/it\/\"},{\"@type\":\"ListItem\",\"position\":2,\"name\":\"Pini di Lido di Savio: sconcertanti dichiarazioni del Comitato Cittadino, che vuole vederli abbattuti\"}]},{\"@type\":\"WebSite\",\"@id\":\"https:\/\/www.pressenza.com\/it\/#website\",\"url\":\"https:\/\/www.pressenza.com\/it\/\",\"name\":\"Pressenza\",\"description\":\"Agenzia di Stampa Internazionale\",\"publisher\":{\"@id\":\"https:\/\/www.pressenza.com\/it\/#organization\"},\"potentialAction\":[{\"@type\":\"SearchAction\",\"target\":{\"@type\":\"EntryPoint\",\"urlTemplate\":\"https:\/\/www.pressenza.com\/it\/?s={search_term_string}\"},\"query-input\":{\"@type\":\"PropertyValueSpecification\",\"valueRequired\":true,\"valueName\":\"search_term_string\"}}],\"inLanguage\":\"it-IT\"},{\"@type\":\"Organization\",\"@id\":\"https:\/\/www.pressenza.com\/it\/#organization\",\"name\":\"Pressenza\",\"url\":\"https:\/\/www.pressenza.com\/it\/\",\"logo\":{\"@type\":\"ImageObject\",\"inLanguage\":\"it-IT\",\"@id\":\"https:\/\/www.pressenza.com\/it\/#\/schema\/logo\/image\/\",\"url\":\"https:\/\/www.pressenza.com\/wp-content\/uploads\/2022\/10\/pressenza_logo_200x200.jpg\",\"contentUrl\":\"https:\/\/www.pressenza.com\/wp-content\/uploads\/2022\/10\/pressenza_logo_200x200.jpg\",\"width\":200,\"height\":200,\"caption\":\"Pressenza\"},\"image\":{\"@id\":\"https:\/\/www.pressenza.com\/it\/#\/schema\/logo\/image\/\"},\"sameAs\":[\"https:\/\/www.facebook.com\/PressenzaItalia\",\"https:\/\/x.com\/PressenzaIPA\"]},{\"@type\":\"Person\",\"@id\":\"https:\/\/www.pressenza.com\/it\/#\/schema\/person\/7161b5f2c2878af73c2dec311d7cd124\",\"name\":\"Redazione Bologna\",\"description\":\"News from the Pressenza Bureau in Bologna, Italy\",\"url\":\"https:\/\/www.pressenza.com\/it\/author\/redazione-bologna\/\"}]}<\/script>\n<!-- \/ Yoast SEO plugin. -->","yoast_head_json":{"title":"Pini di Lido di Savio: sconcertanti dichiarazioni del Comitato Cittadino, che vuole vederli abbattuti","description":"Sconcertanti dichiarazioni del Comitato Cittadino di Lido di Savio, con le quali si cerca di sminuire la gravissima vicenda per cui, con la scusa di","robots":{"index":"index","follow":"follow","max-snippet":"max-snippet:-1","max-image-preview":"max-image-preview:large","max-video-preview":"max-video-preview:-1"},"canonical":"https:\/\/www.pressenza.com\/it\/2025\/01\/pini-di-lido-di-savio-sconcertanti-dichiarazioni-del-comitato-cittadino-che-vuole-vederli-abbattuti\/","og_locale":"it_IT","og_type":"article","og_title":"Pini di Lido di Savio: sconcertanti dichiarazioni del Comitato Cittadino, che vuole vederli abbattuti","og_description":"Sconcertanti dichiarazioni del Comitato Cittadino di Lido di Savio, con le quali si cerca di sminuire la gravissima vicenda per cui, con la scusa di","og_url":"https:\/\/www.pressenza.com\/it\/2025\/01\/pini-di-lido-di-savio-sconcertanti-dichiarazioni-del-comitato-cittadino-che-vuole-vederli-abbattuti\/","og_site_name":"Pressenza","article_publisher":"https:\/\/www.facebook.com\/PressenzaItalia","article_published_time":"2025-01-17T17:00:43+00:00","og_image":[{"width":1920,"height":1485,"url":"https:\/\/www.pressenza.com\/wp-content\/uploads\/2025\/01\/2024_08_25_viale-Romagna_Lido-Savio-Ravenna.jpg","type":"image\/jpeg"}],"author":"Redazione Bologna","twitter_card":"summary_large_image","twitter_creator":"@PressenzaIPA","twitter_site":"@PressenzaIPA","twitter_misc":{"Scritto da":"Redazione Bologna","Tempo di lettura stimato":"4 minuti"},"schema":{"@context":"https:\/\/schema.org","@graph":[{"@type":"Article","@id":"https:\/\/www.pressenza.com\/it\/2025\/01\/pini-di-lido-di-savio-sconcertanti-dichiarazioni-del-comitato-cittadino-che-vuole-vederli-abbattuti\/#article","isPartOf":{"@id":"https:\/\/www.pressenza.com\/it\/2025\/01\/pini-di-lido-di-savio-sconcertanti-dichiarazioni-del-comitato-cittadino-che-vuole-vederli-abbattuti\/"},"author":{"name":"Redazione Bologna","@id":"https:\/\/www.pressenza.com\/it\/#\/schema\/person\/7161b5f2c2878af73c2dec311d7cd124"},"headline":"Pini di Lido di Savio: sconcertanti dichiarazioni del Comitato Cittadino, che vuole vederli abbattuti","datePublished":"2025-01-17T17:00:43+00:00","mainEntityOfPage":{"@id":"https:\/\/www.pressenza.com\/it\/2025\/01\/pini-di-lido-di-savio-sconcertanti-dichiarazioni-del-comitato-cittadino-che-vuole-vederli-abbattuti\/"},"wordCount":712,"publisher":{"@id":"https:\/\/www.pressenza.com\/it\/#organization"},"image":{"@id":"https:\/\/www.pressenza.com\/it\/2025\/01\/pini-di-lido-di-savio-sconcertanti-dichiarazioni-del-comitato-cittadino-che-vuole-vederli-abbattuti\/#primaryimage"},"thumbnailUrl":"https:\/\/www.pressenza.com\/wp-content\/uploads\/2025\/01\/2024_08_25_viale-Romagna_Lido-Savio-Ravenna.jpg","keywords":["Comitato Cittadino di Lido di Savio","Parco del Delta del Po","Parco Marittimo","Ravenna","Rete Natura 2000","taglio alberi","tribunale"],"articleSection":["Comunicati Stampa","Ecologia ed Ambiente"],"inLanguage":"it-IT"},{"@type":"WebPage","@id":"https:\/\/www.pressenza.com\/it\/2025\/01\/pini-di-lido-di-savio-sconcertanti-dichiarazioni-del-comitato-cittadino-che-vuole-vederli-abbattuti\/","url":"https:\/\/www.pressenza.com\/it\/2025\/01\/pini-di-lido-di-savio-sconcertanti-dichiarazioni-del-comitato-cittadino-che-vuole-vederli-abbattuti\/","name":"Pini di Lido di Savio: sconcertanti dichiarazioni del Comitato Cittadino, che vuole vederli abbattuti","isPartOf":{"@id":"https:\/\/www.pressenza.com\/it\/#website"},"primaryImageOfPage":{"@id":"https:\/\/www.pressenza.com\/it\/2025\/01\/pini-di-lido-di-savio-sconcertanti-dichiarazioni-del-comitato-cittadino-che-vuole-vederli-abbattuti\/#primaryimage"},"image":{"@id":"https:\/\/www.pressenza.com\/it\/2025\/01\/pini-di-lido-di-savio-sconcertanti-dichiarazioni-del-comitato-cittadino-che-vuole-vederli-abbattuti\/#primaryimage"},"thumbnailUrl":"https:\/\/www.pressenza.com\/wp-content\/uploads\/2025\/01\/2024_08_25_viale-Romagna_Lido-Savio-Ravenna.jpg","datePublished":"2025-01-17T17:00:43+00:00","description":"Sconcertanti dichiarazioni del Comitato Cittadino di Lido di Savio, con le quali si cerca di sminuire la gravissima vicenda per cui, con la scusa di","breadcrumb":{"@id":"https:\/\/www.pressenza.com\/it\/2025\/01\/pini-di-lido-di-savio-sconcertanti-dichiarazioni-del-comitato-cittadino-che-vuole-vederli-abbattuti\/#breadcrumb"},"inLanguage":"it-IT","potentialAction":[{"@type":"ReadAction","target":["https:\/\/www.pressenza.com\/it\/2025\/01\/pini-di-lido-di-savio-sconcertanti-dichiarazioni-del-comitato-cittadino-che-vuole-vederli-abbattuti\/"]}]},{"@type":"ImageObject","inLanguage":"it-IT","@id":"https:\/\/www.pressenza.com\/it\/2025\/01\/pini-di-lido-di-savio-sconcertanti-dichiarazioni-del-comitato-cittadino-che-vuole-vederli-abbattuti\/#primaryimage","url":"https:\/\/www.pressenza.com\/wp-content\/uploads\/2025\/01\/2024_08_25_viale-Romagna_Lido-Savio-Ravenna.jpg","contentUrl":"https:\/\/www.pressenza.com\/wp-content\/uploads\/2025\/01\/2024_08_25_viale-Romagna_Lido-Savio-Ravenna.jpg","width":1920,"height":1485},{"@type":"BreadcrumbList","@id":"https:\/\/www.pressenza.com\/it\/2025\/01\/pini-di-lido-di-savio-sconcertanti-dichiarazioni-del-comitato-cittadino-che-vuole-vederli-abbattuti\/#breadcrumb","itemListElement":[{"@type":"ListItem","position":1,"name":"Accueil","item":"https:\/\/www.pressenza.com\/it\/"},{"@type":"ListItem","position":2,"name":"Pini di Lido di Savio: sconcertanti dichiarazioni del Comitato Cittadino, che vuole vederli abbattuti"}]},{"@type":"WebSite","@id":"https:\/\/www.pressenza.com\/it\/#website","url":"https:\/\/www.pressenza.com\/it\/","name":"Pressenza","description":"Agenzia di Stampa Internazionale","publisher":{"@id":"https:\/\/www.pressenza.com\/it\/#organization"},"potentialAction":[{"@type":"SearchAction","target":{"@type":"EntryPoint","urlTemplate":"https:\/\/www.pressenza.com\/it\/?s={search_term_string}"},"query-input":{"@type":"PropertyValueSpecification","valueRequired":true,"valueName":"search_term_string"}}],"inLanguage":"it-IT"},{"@type":"Organization","@id":"https:\/\/www.pressenza.com\/it\/#organization","name":"Pressenza","url":"https:\/\/www.pressenza.com\/it\/","logo":{"@type":"ImageObject","inLanguage":"it-IT","@id":"https:\/\/www.pressenza.com\/it\/#\/schema\/logo\/image\/","url":"https:\/\/www.pressenza.com\/wp-content\/uploads\/2022\/10\/pressenza_logo_200x200.jpg","contentUrl":"https:\/\/www.pressenza.com\/wp-content\/uploads\/2022\/10\/pressenza_logo_200x200.jpg","width":200,"height":200,"caption":"Pressenza"},"image":{"@id":"https:\/\/www.pressenza.com\/it\/#\/schema\/logo\/image\/"},"sameAs":["https:\/\/www.facebook.com\/PressenzaItalia","https:\/\/x.com\/PressenzaIPA"]},{"@type":"Person","@id":"https:\/\/www.pressenza.com\/it\/#\/schema\/person\/7161b5f2c2878af73c2dec311d7cd124","name":"Redazione Bologna","description":"News from the Pressenza Bureau in Bologna, Italy","url":"https:\/\/www.pressenza.com\/it\/author\/redazione-bologna\/"}]}},"place":"","original_article_url":"","_links":{"self":[{"href":"https:\/\/www.pressenza.com\/it\/wp-json\/wp\/v2\/posts\/2576861","targetHints":{"allow":["GET"]}}],"collection":[{"href":"https:\/\/www.pressenza.com\/it\/wp-json\/wp\/v2\/posts"}],"about":[{"href":"https:\/\/www.pressenza.com\/it\/wp-json\/wp\/v2\/types\/post"}],"author":[{"embeddable":true,"href":"https:\/\/www.pressenza.com\/it\/wp-json\/wp\/v2\/users\/1735"}],"replies":[{"embeddable":true,"href":"https:\/\/www.pressenza.com\/it\/wp-json\/wp\/v2\/comments?post=2576861"}],"version-history":[{"count":0,"href":"https:\/\/www.pressenza.com\/it\/wp-json\/wp\/v2\/posts\/2576861\/revisions"}],"wp:featuredmedia":[{"embeddable":true,"href":"https:\/\/www.pressenza.com\/it\/wp-json\/wp\/v2\/media\/2575408"}],"wp:attachment":[{"href":"https:\/\/www.pressenza.com\/it\/wp-json\/wp\/v2\/media?parent=2576861"}],"wp:term":[{"taxonomy":"category","embeddable":true,"href":"https:\/\/www.pressenza.com\/it\/wp-json\/wp\/v2\/categories?post=2576861"},{"taxonomy":"post_tag","embeddable":true,"href":"https:\/\/www.pressenza.com\/it\/wp-json\/wp\/v2\/tags?post=2576861"}],"curies":[{"name":"wp","href":"https:\/\/api.w.org\/{rel}","templated":true}]}}