{"id":2576846,"date":"2025-01-17T16:04:34","date_gmt":"2025-01-17T16:04:34","guid":{"rendered":"https:\/\/www.pressenza.com\/?p=2576846"},"modified":"2025-01-17T16:04:34","modified_gmt":"2025-01-17T16:04:34","slug":"spogliata-in-questura-bologna-come-brescia-extinction-rebellion-si-oppone-allarchiviazione","status":"publish","type":"post","link":"https:\/\/www.pressenza.com\/it\/2025\/01\/spogliata-in-questura-bologna-come-brescia-extinction-rebellion-si-oppone-allarchiviazione\/","title":{"rendered":"Spogliata in Questura: Bologna come Brescia. Extinction Rebellion si oppone all&#8217;archiviazione"},"content":{"rendered":"<p>Depositata l&#8217;opposizione alla richiesta di archiviazione della denuncia della donna fatta spogliare e piegare in un bagno della Questura l&#8217;estate scorsa, dopo aver partecipato ad una protesta di Extinction Rebellion durante il G7 Scienza e Tecnologia, in contesto analogo a quello di Brescia di questa settimana.<br \/>\nL&#8217;episodio di <a href=\"https:\/\/extinctionrebellion.it\/press\/2025\/01\/13\/brescia-abusi-questura\/\">perquisizione nella Questura di Brescia<\/a> di questo luned\u00ec non \u00e8 un caso isolato. Era gi\u00e0 successo a luglio, a Bologna. Un trattamento degradante che Valentina, attivista di Extinction Rebellion, <a href=\"https:\/\/extinctionrebellion.it\/press\/2024\/07\/27\/denuncia-questura-bologna\/\">aveva deciso di denunciare<\/a>. Avendo appreso in questi giorni dell&#8217;archiviazione di quella denuncia, da parte della Procura, Valentina ha deciso di opporsi, supportata dal suo legale, depositando il ricorso gi\u00e0 marted\u00ec 14 gennaio.<\/p>\n<p>Portata in Questura, in seguito a una protesta in Piazza Maggiore, la donna venne fatta spogliare e piegare in un bagno sporco e nauseabondo della Questura sotto gli occhi dell\u2019agente di polizia che la stava perquisendo. Lo stesso destino raccapricciante che \u00e8 toccato a diverse ragazze a Brescia questo luned\u00ec. E come luned\u00ec si trattava di una protesta nonviolenta, quando in Piazza Maggiore durante il G7 Scienza e Tecnologia, era stato <a href=\"https:\/\/extinctionrebellion.it\/press\/2024\/07\/09\/g7-tecnologia-bologna\/\">esposto un grande striscione<\/a> sulla Torre dell\u2019Orologio davanti al palazzo del Comune recante la scritta \u201cG7: La vostra tecnologia, il nostro collasso\u201d.<br \/>\nLa motivazione principale che emerge dalla <a href=\"https:\/\/drive.usercontent.google.com\/download?id=158ffDz1L_aRZYLmIPXtwT_S0sh_xgaxE&amp;authuser=0&amp;acrobatPromotionSource=GoogleDriveNativeView\">richiesta di archiviazione<\/a> \u00e8 che l&#8217;agente non abbia commesso abuso perch\u00e9 &#8220;non era a conoscenza delle ragioni in forza delle quali l&#8217;interessata doveva essere sottoposta a perquisizione, n\u00e9 aveva ricevuto indicazioni sulle modalit\u00e0 da seguire nel corso dell&#8217;atto di controllo. Per questo seguiva l&#8217;atto di perquisizione nel modo pi\u00f9 possibile completo&#8221;. Ma il legale di Valentina, l&#8217;avvocato Ettore Grenci spiega che &#8220;dagli atti emerge esplicitamente che all&#8217;agente era stato ordinato di perquisire per ricercare materiali di propaganda, quindi non pu\u00f2 essere vero che non sapeva cosa stesse facendo&#8221;.<\/p>\n<p>Nella richiesta di archiviazione viene inoltre sottolineato che &#8220;emerge in modo inequivoco che l&#8217;agente abbia eseguito una perquisizione finalizzata alla ricerca di tracce del reato in modo accurato, senza adottare comportamenti lesivi della dignit\u00e0 o del pudore della persona perquisita che degenerassero nell&#8217;esecuzione di una misura inutilmente vessatoria&#8221;. &#8220;Significa che dobbiamo aspettarci che sia normale che una persona che partecipa a una protesta pacifica e non \u00e8 in stato di arresto debba essere spogliata nel bagno di una Questura?&#8221; commenta Valentina &#8220;Il trattamento a cui sono stata sottoposta \u00e8 stato degradante. Per questo ho chiesto che i fatti vengano riesaminati&#8221;.<\/p>\n<p>La vicenda di Valentina rimanda tristemente a quella verificatasi a Brescia, e di cui si \u00e8 molto parlato in questi giorni. Molte le <a href=\"https:\/\/www.ilfattoquotidiano.it\/2025\/01\/14\/costrette-a-toglierci-mutande-questura-denuncia-brescia-parlamento\/7836472\/\">interrogazioni parlamentari<\/a> depositate da diverse forze politiche e le prese di posizione dei <a href=\"https:\/\/www.ilfattoquotidiano.it\/2025\/01\/16\/spogliate-in-questura-sabato-manifestazione-brescia-centri-antiviolenza-gravi-violazioni\/7839470\/\">centri antiviolenza<\/a>, dei <a href=\"https:\/\/www.quibrescia.it\/dibattiti\/2025\/01\/15\/presidio-di-extinction-rebellion-allex-breda-cgil-brescia-necessario-chiarire-i-fatti-e-le-procedure\/748227\/\">sindacati<\/a> e di figure pubbliche, che hanno animato il dibattito attorno al diritto di manifestazione e alla repressione del dissenso.<br \/>\n&#8220;Se davvero si tratta di procedure legittime, allora siamo di fronte ad una legge ingiusta&#8221;<\/p>\n<p><strong>Contatti Ufficio Stampa<\/strong><br \/>\n+39 329 636 9686 (Annalisa) &#8211; stampa@extinctionrebellion.it<\/p>\n","protected":false},"excerpt":{"rendered":"<p>Depositata l&#8217;opposizione alla richiesta di archiviazione della denuncia della donna fatta spogliare e piegare in un bagno della Questura l&#8217;estate scorsa, dopo aver partecipato ad una protesta di Extinction Rebellion durante il G7 Scienza e Tecnologia, in contesto analogo a&hellip;<\/p>\n","protected":false},"author":1696,"featured_media":1712294,"comment_status":"closed","ping_status":"closed","sticky":false,"template":"","format":"standard","meta":{"footnotes":""},"categories":[150,60],"tags":[5118,6022,57914,96132,131363],"class_list":["post-2576846","post","type-post","status-publish","format-standard","has-post-thumbnail","hentry","category-comunicati-stampa","category-diritti-umani","tag-bologna","tag-brescia","tag-extinction-rebellion-it","tag-questura","tag-richiesta-darchiviazione"],"yoast_head":"<!-- This site is optimized with the Yoast SEO plugin v27.1.1 - https:\/\/yoast.com\/product\/yoast-seo-wordpress\/ -->\n<title>Spogliata in Questura: Bologna come Brescia. Extinction Rebellion si oppone all&#039;archiviazione<\/title>\n<meta name=\"description\" content=\"Depositata l&#039;opposizione alla richiesta di archiviazione della denuncia della donna fatta spogliare e piegare in un bagno della Questura l&#039;estate scorsa,\" \/>\n<meta name=\"robots\" content=\"index, follow, max-snippet:-1, max-image-preview:large, max-video-preview:-1\" \/>\n<link rel=\"canonical\" href=\"https:\/\/www.pressenza.com\/it\/2025\/01\/spogliata-in-questura-bologna-come-brescia-extinction-rebellion-si-oppone-allarchiviazione\/\" \/>\n<meta property=\"og:locale\" content=\"it_IT\" \/>\n<meta property=\"og:type\" content=\"article\" \/>\n<meta property=\"og:title\" content=\"Spogliata in Questura: Bologna come Brescia. Extinction Rebellion si oppone all&#039;archiviazione\" \/>\n<meta property=\"og:description\" content=\"Depositata l&#039;opposizione alla richiesta di archiviazione della denuncia della donna fatta spogliare e piegare in un bagno della Questura l&#039;estate scorsa,\" \/>\n<meta property=\"og:url\" content=\"https:\/\/www.pressenza.com\/it\/2025\/01\/spogliata-in-questura-bologna-come-brescia-extinction-rebellion-si-oppone-allarchiviazione\/\" \/>\n<meta property=\"og:site_name\" content=\"Pressenza\" \/>\n<meta property=\"article:publisher\" content=\"https:\/\/www.facebook.com\/PressenzaItalia\" \/>\n<meta property=\"article:published_time\" content=\"2025-01-17T16:04:34+00:00\" \/>\n<meta property=\"og:image\" content=\"https:\/\/www.pressenza.com\/wp-content\/uploads\/2023\/01\/Extinction_Rebellion_Oxford_Circus_London_April_19_2019.jpg\" \/>\n\t<meta property=\"og:image:width\" content=\"1920\" \/>\n\t<meta property=\"og:image:height\" content=\"1440\" \/>\n\t<meta property=\"og:image:type\" content=\"image\/jpeg\" \/>\n<meta name=\"author\" content=\"Extinction Rebellion\" \/>\n<meta name=\"twitter:card\" content=\"summary_large_image\" \/>\n<meta name=\"twitter:creator\" content=\"@PressenzaIPA\" \/>\n<meta name=\"twitter:site\" content=\"@PressenzaIPA\" \/>\n<meta name=\"twitter:label1\" content=\"Scritto da\" \/>\n\t<meta name=\"twitter:data1\" content=\"Extinction Rebellion\" \/>\n\t<meta name=\"twitter:label2\" content=\"Tempo di lettura stimato\" \/>\n\t<meta name=\"twitter:data2\" content=\"3 minuti\" \/>\n<script type=\"application\/ld+json\" class=\"yoast-schema-graph\">{\"@context\":\"https:\/\/schema.org\",\"@graph\":[{\"@type\":\"Article\",\"@id\":\"https:\/\/www.pressenza.com\/it\/2025\/01\/spogliata-in-questura-bologna-come-brescia-extinction-rebellion-si-oppone-allarchiviazione\/#article\",\"isPartOf\":{\"@id\":\"https:\/\/www.pressenza.com\/it\/2025\/01\/spogliata-in-questura-bologna-come-brescia-extinction-rebellion-si-oppone-allarchiviazione\/\"},\"author\":{\"name\":\"Extinction Rebellion\",\"@id\":\"https:\/\/www.pressenza.com\/it\/#\/schema\/person\/469654e5f261458f78054b73ca6931aa\"},\"headline\":\"Spogliata in Questura: Bologna come Brescia. Extinction Rebellion si oppone all&#8217;archiviazione\",\"datePublished\":\"2025-01-17T16:04:34+00:00\",\"mainEntityOfPage\":{\"@id\":\"https:\/\/www.pressenza.com\/it\/2025\/01\/spogliata-in-questura-bologna-come-brescia-extinction-rebellion-si-oppone-allarchiviazione\/\"},\"wordCount\":498,\"publisher\":{\"@id\":\"https:\/\/www.pressenza.com\/it\/#organization\"},\"image\":{\"@id\":\"https:\/\/www.pressenza.com\/it\/2025\/01\/spogliata-in-questura-bologna-come-brescia-extinction-rebellion-si-oppone-allarchiviazione\/#primaryimage\"},\"thumbnailUrl\":\"https:\/\/www.pressenza.com\/wp-content\/uploads\/2023\/01\/Extinction_Rebellion_Oxford_Circus_London_April_19_2019.jpg\",\"keywords\":[\"Bologna\",\"Brescia\",\"Extinction Rebellion\",\"questura\",\"richiesta d'archiviazione\"],\"articleSection\":[\"Comunicati Stampa\",\"Diritti Umani\"],\"inLanguage\":\"it-IT\"},{\"@type\":\"WebPage\",\"@id\":\"https:\/\/www.pressenza.com\/it\/2025\/01\/spogliata-in-questura-bologna-come-brescia-extinction-rebellion-si-oppone-allarchiviazione\/\",\"url\":\"https:\/\/www.pressenza.com\/it\/2025\/01\/spogliata-in-questura-bologna-come-brescia-extinction-rebellion-si-oppone-allarchiviazione\/\",\"name\":\"Spogliata in Questura: Bologna come Brescia. Extinction Rebellion si oppone all'archiviazione\",\"isPartOf\":{\"@id\":\"https:\/\/www.pressenza.com\/it\/#website\"},\"primaryImageOfPage\":{\"@id\":\"https:\/\/www.pressenza.com\/it\/2025\/01\/spogliata-in-questura-bologna-come-brescia-extinction-rebellion-si-oppone-allarchiviazione\/#primaryimage\"},\"image\":{\"@id\":\"https:\/\/www.pressenza.com\/it\/2025\/01\/spogliata-in-questura-bologna-come-brescia-extinction-rebellion-si-oppone-allarchiviazione\/#primaryimage\"},\"thumbnailUrl\":\"https:\/\/www.pressenza.com\/wp-content\/uploads\/2023\/01\/Extinction_Rebellion_Oxford_Circus_London_April_19_2019.jpg\",\"datePublished\":\"2025-01-17T16:04:34+00:00\",\"description\":\"Depositata l'opposizione alla richiesta di archiviazione della denuncia della donna fatta spogliare e piegare in un bagno della Questura l'estate scorsa,\",\"breadcrumb\":{\"@id\":\"https:\/\/www.pressenza.com\/it\/2025\/01\/spogliata-in-questura-bologna-come-brescia-extinction-rebellion-si-oppone-allarchiviazione\/#breadcrumb\"},\"inLanguage\":\"it-IT\",\"potentialAction\":[{\"@type\":\"ReadAction\",\"target\":[\"https:\/\/www.pressenza.com\/it\/2025\/01\/spogliata-in-questura-bologna-come-brescia-extinction-rebellion-si-oppone-allarchiviazione\/\"]}]},{\"@type\":\"ImageObject\",\"inLanguage\":\"it-IT\",\"@id\":\"https:\/\/www.pressenza.com\/it\/2025\/01\/spogliata-in-questura-bologna-come-brescia-extinction-rebellion-si-oppone-allarchiviazione\/#primaryimage\",\"url\":\"https:\/\/www.pressenza.com\/wp-content\/uploads\/2023\/01\/Extinction_Rebellion_Oxford_Circus_London_April_19_2019.jpg\",\"contentUrl\":\"https:\/\/www.pressenza.com\/wp-content\/uploads\/2023\/01\/Extinction_Rebellion_Oxford_Circus_London_April_19_2019.jpg\",\"width\":1920,\"height\":1440},{\"@type\":\"BreadcrumbList\",\"@id\":\"https:\/\/www.pressenza.com\/it\/2025\/01\/spogliata-in-questura-bologna-come-brescia-extinction-rebellion-si-oppone-allarchiviazione\/#breadcrumb\",\"itemListElement\":[{\"@type\":\"ListItem\",\"position\":1,\"name\":\"Accueil\",\"item\":\"https:\/\/www.pressenza.com\/it\/\"},{\"@type\":\"ListItem\",\"position\":2,\"name\":\"Spogliata in Questura: Bologna come Brescia. Extinction Rebellion si oppone all&#8217;archiviazione\"}]},{\"@type\":\"WebSite\",\"@id\":\"https:\/\/www.pressenza.com\/it\/#website\",\"url\":\"https:\/\/www.pressenza.com\/it\/\",\"name\":\"Pressenza\",\"description\":\"Agenzia di Stampa Internazionale\",\"publisher\":{\"@id\":\"https:\/\/www.pressenza.com\/it\/#organization\"},\"potentialAction\":[{\"@type\":\"SearchAction\",\"target\":{\"@type\":\"EntryPoint\",\"urlTemplate\":\"https:\/\/www.pressenza.com\/it\/?s={search_term_string}\"},\"query-input\":{\"@type\":\"PropertyValueSpecification\",\"valueRequired\":true,\"valueName\":\"search_term_string\"}}],\"inLanguage\":\"it-IT\"},{\"@type\":\"Organization\",\"@id\":\"https:\/\/www.pressenza.com\/it\/#organization\",\"name\":\"Pressenza\",\"url\":\"https:\/\/www.pressenza.com\/it\/\",\"logo\":{\"@type\":\"ImageObject\",\"inLanguage\":\"it-IT\",\"@id\":\"https:\/\/www.pressenza.com\/it\/#\/schema\/logo\/image\/\",\"url\":\"https:\/\/www.pressenza.com\/wp-content\/uploads\/2022\/10\/pressenza_logo_200x200.jpg\",\"contentUrl\":\"https:\/\/www.pressenza.com\/wp-content\/uploads\/2022\/10\/pressenza_logo_200x200.jpg\",\"width\":200,\"height\":200,\"caption\":\"Pressenza\"},\"image\":{\"@id\":\"https:\/\/www.pressenza.com\/it\/#\/schema\/logo\/image\/\"},\"sameAs\":[\"https:\/\/www.facebook.com\/PressenzaItalia\",\"https:\/\/x.com\/PressenzaIPA\"]},{\"@type\":\"Person\",\"@id\":\"https:\/\/www.pressenza.com\/it\/#\/schema\/person\/469654e5f261458f78054b73ca6931aa\",\"name\":\"Extinction Rebellion\",\"description\":\"Extinction Rebellion (XR) \u00e8 un movimento internazionale \u201cdal basso\u201d, nonviolento, fondato in Inghilterra in risposta alla devastazione ambientale causata dalle attivit\u00e0 umane. La sua ragione d\u2019essere si basa sui risultati scientifici.\",\"sameAs\":[\"https:\/\/rebellion.earth\/\"],\"url\":\"https:\/\/www.pressenza.com\/it\/author\/extinction-rebellion\/\"}]}<\/script>\n<!-- \/ Yoast SEO plugin. -->","yoast_head_json":{"title":"Spogliata in Questura: Bologna come Brescia. Extinction Rebellion si oppone all'archiviazione","description":"Depositata l'opposizione alla richiesta di archiviazione della denuncia della donna fatta spogliare e piegare in un bagno della Questura l'estate scorsa,","robots":{"index":"index","follow":"follow","max-snippet":"max-snippet:-1","max-image-preview":"max-image-preview:large","max-video-preview":"max-video-preview:-1"},"canonical":"https:\/\/www.pressenza.com\/it\/2025\/01\/spogliata-in-questura-bologna-come-brescia-extinction-rebellion-si-oppone-allarchiviazione\/","og_locale":"it_IT","og_type":"article","og_title":"Spogliata in Questura: Bologna come Brescia. Extinction Rebellion si oppone all'archiviazione","og_description":"Depositata l'opposizione alla richiesta di archiviazione della denuncia della donna fatta spogliare e piegare in un bagno della Questura l'estate scorsa,","og_url":"https:\/\/www.pressenza.com\/it\/2025\/01\/spogliata-in-questura-bologna-come-brescia-extinction-rebellion-si-oppone-allarchiviazione\/","og_site_name":"Pressenza","article_publisher":"https:\/\/www.facebook.com\/PressenzaItalia","article_published_time":"2025-01-17T16:04:34+00:00","og_image":[{"width":1920,"height":1440,"url":"https:\/\/www.pressenza.com\/wp-content\/uploads\/2023\/01\/Extinction_Rebellion_Oxford_Circus_London_April_19_2019.jpg","type":"image\/jpeg"}],"author":"Extinction Rebellion","twitter_card":"summary_large_image","twitter_creator":"@PressenzaIPA","twitter_site":"@PressenzaIPA","twitter_misc":{"Scritto da":"Extinction Rebellion","Tempo di lettura stimato":"3 minuti"},"schema":{"@context":"https:\/\/schema.org","@graph":[{"@type":"Article","@id":"https:\/\/www.pressenza.com\/it\/2025\/01\/spogliata-in-questura-bologna-come-brescia-extinction-rebellion-si-oppone-allarchiviazione\/#article","isPartOf":{"@id":"https:\/\/www.pressenza.com\/it\/2025\/01\/spogliata-in-questura-bologna-come-brescia-extinction-rebellion-si-oppone-allarchiviazione\/"},"author":{"name":"Extinction Rebellion","@id":"https:\/\/www.pressenza.com\/it\/#\/schema\/person\/469654e5f261458f78054b73ca6931aa"},"headline":"Spogliata in Questura: Bologna come Brescia. Extinction Rebellion si oppone all&#8217;archiviazione","datePublished":"2025-01-17T16:04:34+00:00","mainEntityOfPage":{"@id":"https:\/\/www.pressenza.com\/it\/2025\/01\/spogliata-in-questura-bologna-come-brescia-extinction-rebellion-si-oppone-allarchiviazione\/"},"wordCount":498,"publisher":{"@id":"https:\/\/www.pressenza.com\/it\/#organization"},"image":{"@id":"https:\/\/www.pressenza.com\/it\/2025\/01\/spogliata-in-questura-bologna-come-brescia-extinction-rebellion-si-oppone-allarchiviazione\/#primaryimage"},"thumbnailUrl":"https:\/\/www.pressenza.com\/wp-content\/uploads\/2023\/01\/Extinction_Rebellion_Oxford_Circus_London_April_19_2019.jpg","keywords":["Bologna","Brescia","Extinction Rebellion","questura","richiesta d'archiviazione"],"articleSection":["Comunicati Stampa","Diritti Umani"],"inLanguage":"it-IT"},{"@type":"WebPage","@id":"https:\/\/www.pressenza.com\/it\/2025\/01\/spogliata-in-questura-bologna-come-brescia-extinction-rebellion-si-oppone-allarchiviazione\/","url":"https:\/\/www.pressenza.com\/it\/2025\/01\/spogliata-in-questura-bologna-come-brescia-extinction-rebellion-si-oppone-allarchiviazione\/","name":"Spogliata in Questura: Bologna come Brescia. Extinction Rebellion si oppone all'archiviazione","isPartOf":{"@id":"https:\/\/www.pressenza.com\/it\/#website"},"primaryImageOfPage":{"@id":"https:\/\/www.pressenza.com\/it\/2025\/01\/spogliata-in-questura-bologna-come-brescia-extinction-rebellion-si-oppone-allarchiviazione\/#primaryimage"},"image":{"@id":"https:\/\/www.pressenza.com\/it\/2025\/01\/spogliata-in-questura-bologna-come-brescia-extinction-rebellion-si-oppone-allarchiviazione\/#primaryimage"},"thumbnailUrl":"https:\/\/www.pressenza.com\/wp-content\/uploads\/2023\/01\/Extinction_Rebellion_Oxford_Circus_London_April_19_2019.jpg","datePublished":"2025-01-17T16:04:34+00:00","description":"Depositata l'opposizione alla richiesta di archiviazione della denuncia della donna fatta spogliare e piegare in un bagno della Questura l'estate scorsa,","breadcrumb":{"@id":"https:\/\/www.pressenza.com\/it\/2025\/01\/spogliata-in-questura-bologna-come-brescia-extinction-rebellion-si-oppone-allarchiviazione\/#breadcrumb"},"inLanguage":"it-IT","potentialAction":[{"@type":"ReadAction","target":["https:\/\/www.pressenza.com\/it\/2025\/01\/spogliata-in-questura-bologna-come-brescia-extinction-rebellion-si-oppone-allarchiviazione\/"]}]},{"@type":"ImageObject","inLanguage":"it-IT","@id":"https:\/\/www.pressenza.com\/it\/2025\/01\/spogliata-in-questura-bologna-come-brescia-extinction-rebellion-si-oppone-allarchiviazione\/#primaryimage","url":"https:\/\/www.pressenza.com\/wp-content\/uploads\/2023\/01\/Extinction_Rebellion_Oxford_Circus_London_April_19_2019.jpg","contentUrl":"https:\/\/www.pressenza.com\/wp-content\/uploads\/2023\/01\/Extinction_Rebellion_Oxford_Circus_London_April_19_2019.jpg","width":1920,"height":1440},{"@type":"BreadcrumbList","@id":"https:\/\/www.pressenza.com\/it\/2025\/01\/spogliata-in-questura-bologna-come-brescia-extinction-rebellion-si-oppone-allarchiviazione\/#breadcrumb","itemListElement":[{"@type":"ListItem","position":1,"name":"Accueil","item":"https:\/\/www.pressenza.com\/it\/"},{"@type":"ListItem","position":2,"name":"Spogliata in Questura: Bologna come Brescia. Extinction Rebellion si oppone all&#8217;archiviazione"}]},{"@type":"WebSite","@id":"https:\/\/www.pressenza.com\/it\/#website","url":"https:\/\/www.pressenza.com\/it\/","name":"Pressenza","description":"Agenzia di Stampa Internazionale","publisher":{"@id":"https:\/\/www.pressenza.com\/it\/#organization"},"potentialAction":[{"@type":"SearchAction","target":{"@type":"EntryPoint","urlTemplate":"https:\/\/www.pressenza.com\/it\/?s={search_term_string}"},"query-input":{"@type":"PropertyValueSpecification","valueRequired":true,"valueName":"search_term_string"}}],"inLanguage":"it-IT"},{"@type":"Organization","@id":"https:\/\/www.pressenza.com\/it\/#organization","name":"Pressenza","url":"https:\/\/www.pressenza.com\/it\/","logo":{"@type":"ImageObject","inLanguage":"it-IT","@id":"https:\/\/www.pressenza.com\/it\/#\/schema\/logo\/image\/","url":"https:\/\/www.pressenza.com\/wp-content\/uploads\/2022\/10\/pressenza_logo_200x200.jpg","contentUrl":"https:\/\/www.pressenza.com\/wp-content\/uploads\/2022\/10\/pressenza_logo_200x200.jpg","width":200,"height":200,"caption":"Pressenza"},"image":{"@id":"https:\/\/www.pressenza.com\/it\/#\/schema\/logo\/image\/"},"sameAs":["https:\/\/www.facebook.com\/PressenzaItalia","https:\/\/x.com\/PressenzaIPA"]},{"@type":"Person","@id":"https:\/\/www.pressenza.com\/it\/#\/schema\/person\/469654e5f261458f78054b73ca6931aa","name":"Extinction Rebellion","description":"Extinction Rebellion (XR) \u00e8 un movimento internazionale \u201cdal basso\u201d, nonviolento, fondato in Inghilterra in risposta alla devastazione ambientale causata dalle attivit\u00e0 umane. La sua ragione d\u2019essere si basa sui risultati scientifici.","sameAs":["https:\/\/rebellion.earth\/"],"url":"https:\/\/www.pressenza.com\/it\/author\/extinction-rebellion\/"}]}},"place":"","original_article_url":"","_links":{"self":[{"href":"https:\/\/www.pressenza.com\/it\/wp-json\/wp\/v2\/posts\/2576846","targetHints":{"allow":["GET"]}}],"collection":[{"href":"https:\/\/www.pressenza.com\/it\/wp-json\/wp\/v2\/posts"}],"about":[{"href":"https:\/\/www.pressenza.com\/it\/wp-json\/wp\/v2\/types\/post"}],"author":[{"embeddable":true,"href":"https:\/\/www.pressenza.com\/it\/wp-json\/wp\/v2\/users\/1696"}],"replies":[{"embeddable":true,"href":"https:\/\/www.pressenza.com\/it\/wp-json\/wp\/v2\/comments?post=2576846"}],"version-history":[{"count":0,"href":"https:\/\/www.pressenza.com\/it\/wp-json\/wp\/v2\/posts\/2576846\/revisions"}],"wp:featuredmedia":[{"embeddable":true,"href":"https:\/\/www.pressenza.com\/it\/wp-json\/wp\/v2\/media\/1712294"}],"wp:attachment":[{"href":"https:\/\/www.pressenza.com\/it\/wp-json\/wp\/v2\/media?parent=2576846"}],"wp:term":[{"taxonomy":"category","embeddable":true,"href":"https:\/\/www.pressenza.com\/it\/wp-json\/wp\/v2\/categories?post=2576846"},{"taxonomy":"post_tag","embeddable":true,"href":"https:\/\/www.pressenza.com\/it\/wp-json\/wp\/v2\/tags?post=2576846"}],"curies":[{"name":"wp","href":"https:\/\/api.w.org\/{rel}","templated":true}]}}