{"id":2575891,"date":"2025-01-12T18:59:10","date_gmt":"2025-01-12T18:59:10","guid":{"rendered":"https:\/\/www.pressenza.com\/?p=2575891"},"modified":"2025-01-12T19:03:56","modified_gmt":"2025-01-12T19:03:56","slug":"uscire-dalla-schiavitu-la-lotta-per-la-dignita-dei-neri-africani-nel-mondo-arabo","status":"publish","type":"post","link":"https:\/\/www.pressenza.com\/it\/2025\/01\/uscire-dalla-schiavitu-la-lotta-per-la-dignita-dei-neri-africani-nel-mondo-arabo\/","title":{"rendered":"Uscire dalla schiavit\u00f9: la lotta per la dignit\u00e0 dei neri africani nel mondo arabo"},"content":{"rendered":"<blockquote><p><strong><em>La questione della schiavit\u00f9 e della discriminazione sistemica rimane una piaga importante in Mauritania e in tutto il mondo arabo-musulmano. Quando ho partecipato ad una tavola rotonda organizzata dalla divisione francese dell&#8217;IRA (Iniziativa per la Rinascita del Movimento Abolizionista) guidata da Biram Dah Abeid, ho avuto l&#8217;onore di rappresentare l&#8217;Associazione Solidarit\u00e9 Africaine de France. L&#8217;evento \u00e8 stato anche l&#8217;occasione per incontrare il mio amico e fratello Biram, protagonista di questa lotta, con il quale condivido un profondo impegno su questi temi cruciali. La questione centrale era come liberare la Mauritania dal ciclo della schiavit\u00f9 e della discriminazione. Ecco un riassunto del nostro confronto, ricco di emozioni e proiettato verso il futuro.<\/em><\/strong><\/p><\/blockquote>\n<h3><strong> La situazione in Mauritania: esclusione e oppressione<\/strong><\/h3>\n<p>In Mauritania, gran parte della popolazione nera vive in una condizione di emarginazione che assume diverse forme:<\/p>\n<p>Mancanza di stato civile: molti neri in Mauritania non sono in possesso di un certificato di nascita, il che li priva sia dei diritti fondamentali che del riconoscimento legale.<\/p>\n<p>Esclusione elettorale: anche quando hanno un documento d&#8217;identit\u00e0, le procedure di censimento e le pratiche tendenziose delle commissioni elettorali fanno s\u00ec che la maggioranza nera sia sotto il giogo della minoranza dominante.<\/p>\n<p>Nel nostro rapporto del 2013 intitolato \u201cLa tragedia silenziosa della schiavit\u00f9 in Mauritania\u201d, avevamo gi\u00e0 evidenziato questi problemi e formulato delle raccomandazioni. Purtroppo, da allora i progressi sono stati scarsi.<\/p>\n<h3>Gli Haratin: un&#8217;identit\u00e0 universale per le popolazioni nere emarginate<\/h3>\n<p>Il termine Haratin, originario della Mauritania, si riferisce storicamente agli ex schiavi neri liberati e ai loro discendenti nelle societ\u00e0 arabo-berbere. Secondo una definizione pi\u00f9 ampia proposta dagli attivisti abolizionisti come Diko Hanoun, il termine comprende tutti i popoli neri emarginati nel mondo arabo-musulmano.<\/p>\n<p>Si stima che nei Paesi del Maghreb &#8211; Mauritania, Marocco, Algeria, Tunisia, Libia ed Egitto &#8211; vi siano oltre 80 milioni di Haratin. Dall&#8217;arrivo dell&#8217;Islam nell&#8217;VIII\u1d49 secolo e dalla tratta trans-sahariana degli schiavi, queste popolazioni nere sono state sistematicamente sottoposte a forme di oppressione ed emarginazione, sia che si trattasse della schiavit\u00f9 tradizionale che delle sue varianti moderne, come la servit\u00f9 domestica e la kafala in alcuni Paesi del Medio Oriente.<\/p>\n<p>Nel tempo, queste dinamiche hanno subito una vera e propria istituzionalizzazione, relegando i neri allo status di cittadini di seconda classe nelle societ\u00e0 in cui condividono una religione comune. Oggi gli Haratin incarnano la lotta per la dignit\u00e0 e il riconoscimento dei neri nel mondo arabo-musulmano. La loro storia, segnata dalla sofferenza e dalla resilienza, riflette le sfide comuni che i neri devono affrontare in queste societ\u00e0.<\/p>\n<h3><strong>La realt\u00e0 dei neri nel mondo arabo-musulmano, una popolazione invisibile<\/strong><\/h3>\n<p>Con circa 80 milioni di persone di colore nei Paesi del Nord Africa, gli Haratin discendono dalle popolazioni nere originarie di questi territori. Sebbene la maggioranza sia musulmana, molti vivono ancora in condizioni simili alla schiavit\u00f9 o sono sottoposti a forme moderne di servit\u00f9.<\/p>\n<p>In diversi Paesi arabi, come il Libano, la kafala (sistema di sponsorizzazione che prevede che i lavoratori stranieri abbiano un rappresentante interno al Paese in cui operano, in genere si tratta del datore di lavoro, che ne diviene il tutore legale e lo rende strettamente dipendente n.d.T.) riduce i lavoratori migranti &#8211; spesso neri &#8211; a una schiavit\u00f9 virtuale. I loro passaporti vengono confiscati, esponendoli ad abusi sistematici senza alcuna possibilit\u00e0 di ricorso legale. Questa situazione disumanizzante, in cui i neri sono talvolta trattati come esseri inferiori, \u00e8 una realt\u00e0 inaccettabile nel XXI\u1d49 secolo.<\/p>\n<p>Un problema storico e religioso<\/p>\n<p>Questa discriminazione affonda le sue radici nell&#8217;VIII\u1d49 secolo, con l&#8217;espansione dell&#8217;Islam e le dinamiche della tratta trans-sahariana degli schiavi. Sebbene i Paesi del Maghreb neghino spesso la presenza attuale della schiavit\u00f9, essa persiste in forme nascoste. \u00c8 fondamentale ridefinire il concetto di schiavit\u00f9 al di l\u00e0 delle definizioni restrittive dei dizionari, ascoltando le testimonianze delle vittime.<\/p>\n<h3><strong>Responsabilit\u00e0 storica e contemporanea; un&#8217;eredit\u00e0 con cui fare i conti<\/strong><\/h3>\n<p>In Francia, alcune persone rifiutano di assumersi la responsabilit\u00e0 delle azioni dei loro antenati in relazione alla schiavit\u00f9 e alla colonizzazione, pur beneficiando dell&#8217;eredit\u00e0 economica di queste ingiustizie. \u00c8 necessario un riconoscimento pieno e sincero per procedere verso una vera riconciliazione.<\/p>\n<p>Il rispetto per l&#8217;Africa come condizione per il rispetto globale<\/p>\n<p>Finch\u00e9 i neri non saranno rispettati nel continente africano e non riusciranno a superare le violenze storiche e contemporanee, non potranno mai farsi rispettare sulla scena internazionale. La lotta per la dignit\u00e0 e l&#8217;uguaglianza deve quindi iniziare con una revisione dei sistemi dell&#8217;Africa stessa.<\/p>\n<h3><strong>Il sostegno delle voci internazionali<\/strong><\/h3>\n<p>Diverse personalit\u00e0 e organizzazioni hanno documentato e denunciato queste pratiche:<\/p>\n<p>Barack Obama, ex presidente degli Stati Uniti, ha spesso sottolineato l&#8217;importanza di rafforzare le istituzioni democratiche in Africa per garantire il rispetto dei diritti di tutti.<\/p>\n<p>Ali Mazrui, intellettuale africano, ha esplorato l&#8217;impatto storico dell&#8217;Islam sulle relazioni tra neri e arabi in \u201cThe Africans: A Triple Heritage\u201d.<\/p>\n<p>Human Rights Watch ha pubblicato nel 2019 un rapporto intitolato \u201cSenza protezione: come il sistema Kafala del Libano rende vulnerabili i lavoratori migranti\u201d, che evidenzia l&#8217;abuso sistematico dei lavoratori domestici africani in Libano.<\/p>\n<h3><strong>Conclusione: un&#8217;emergenza umana e morale<\/strong><\/h3>\n<p>La lotta contro la schiavit\u00f9 e la discriminazione sistemica nel mondo arabo-musulmano richiede una mobilitazione etica, politica e internazionale. Riconoscendo queste realt\u00e0 e agendo insieme, possiamo iniziare a decostruire secoli di emarginazione e offrire a milioni di neri la possibilit\u00e0 di vivere con dignit\u00e0 e rispetto.<\/p>\n<p><em><strong>Guy Samuel Nyoumsi<\/strong><\/em><\/p>\n<p>Presidente di Solidarit\u00e9 Africaine de France, autore di \u201cLa tragedia silenziosa della schiavit\u00f9 in Mauritania\u201d. Contatto: <a href=\"mailto:gsnyoumsi@gmail.com\">gsnyoumsi@gmail.com<\/a><\/p>\n<p><em>Traduzione dal francese di Martina D\u2019amico. Revisione di Thomas Schmid.<\/em><\/p>\n","protected":false},"excerpt":{"rendered":"<p>La questione della schiavit\u00f9 e della discriminazione sistemica rimane una piaga importante in Mauritania e in tutto il mondo arabo-musulmano. Quando ho partecipato ad una tavola rotonda organizzata dalla divisione francese dell&#8217;IRA (Iniziativa per la Rinascita del Movimento Abolizionista) guidata&hellip;<\/p>\n","protected":false},"author":807,"featured_media":2575894,"comment_status":"closed","ping_status":"closed","sticky":false,"template":"","format":"standard","meta":{"footnotes":""},"categories":[45,60],"tags":[32407,3148,3149],"class_list":["post-2575891","post","type-post","status-publish","format-standard","has-post-thumbnail","hentry","category-africa-it","category-diritti-umani","tag-dignita-umana","tag-mauritania","tag-schiavitu"],"yoast_head":"<!-- This site is optimized with the Yoast SEO plugin v27.1.1 - https:\/\/yoast.com\/product\/yoast-seo-wordpress\/ -->\n<title>Uscire dalla schiavit\u00f9: la lotta per la dignit\u00e0 dei neri africani nel mondo arabo<\/title>\n<meta name=\"description\" content=\"La questione della schiavit\u00f9 e della discriminazione sistemica rimane una piaga importante in Mauritania e in tutto il mondo arabo-musulmano. Quando ho\" \/>\n<meta name=\"robots\" content=\"index, follow, max-snippet:-1, max-image-preview:large, max-video-preview:-1\" \/>\n<link rel=\"canonical\" href=\"https:\/\/www.pressenza.com\/it\/2025\/01\/uscire-dalla-schiavitu-la-lotta-per-la-dignita-dei-neri-africani-nel-mondo-arabo\/\" \/>\n<meta property=\"og:locale\" content=\"it_IT\" \/>\n<meta property=\"og:type\" content=\"article\" \/>\n<meta property=\"og:title\" content=\"Uscire dalla schiavit\u00f9: la lotta per la dignit\u00e0 dei neri africani nel mondo arabo\" \/>\n<meta property=\"og:description\" content=\"La questione della schiavit\u00f9 e della discriminazione sistemica rimane una piaga importante in Mauritania e in tutto il mondo arabo-musulmano. Quando ho\" \/>\n<meta property=\"og:url\" content=\"https:\/\/www.pressenza.com\/it\/2025\/01\/uscire-dalla-schiavitu-la-lotta-per-la-dignita-dei-neri-africani-nel-mondo-arabo\/\" \/>\n<meta property=\"og:site_name\" content=\"Pressenza\" \/>\n<meta property=\"article:publisher\" content=\"https:\/\/www.facebook.com\/PressenzaItalia\" \/>\n<meta property=\"article:published_time\" content=\"2025-01-12T18:59:10+00:00\" \/>\n<meta property=\"article:modified_time\" content=\"2025-01-12T19:03:56+00:00\" \/>\n<meta property=\"og:image\" content=\"https:\/\/www.pressenza.com\/wp-content\/uploads\/2024\/12\/RencontreParis29dec24.jpg\" \/>\n\t<meta property=\"og:image:width\" content=\"1726\" \/>\n\t<meta property=\"og:image:height\" content=\"958\" \/>\n\t<meta property=\"og:image:type\" content=\"image\/jpeg\" \/>\n<meta name=\"author\" content=\"R\u00e9daction Belgique\" \/>\n<meta name=\"twitter:card\" content=\"summary_large_image\" \/>\n<meta name=\"twitter:creator\" content=\"@PressenzaIPA\" \/>\n<meta name=\"twitter:site\" content=\"@PressenzaIPA\" \/>\n<meta name=\"twitter:label1\" content=\"Scritto da\" \/>\n\t<meta name=\"twitter:data1\" content=\"R\u00e9daction Belgique\" \/>\n\t<meta name=\"twitter:label2\" content=\"Tempo di lettura stimato\" \/>\n\t<meta name=\"twitter:data2\" content=\"4 minuti\" \/>\n<script type=\"application\/ld+json\" class=\"yoast-schema-graph\">{\"@context\":\"https:\/\/schema.org\",\"@graph\":[{\"@type\":\"Article\",\"@id\":\"https:\/\/www.pressenza.com\/it\/2025\/01\/uscire-dalla-schiavitu-la-lotta-per-la-dignita-dei-neri-africani-nel-mondo-arabo\/#article\",\"isPartOf\":{\"@id\":\"https:\/\/www.pressenza.com\/it\/2025\/01\/uscire-dalla-schiavitu-la-lotta-per-la-dignita-dei-neri-africani-nel-mondo-arabo\/\"},\"author\":{\"name\":\"R\u00e9daction Belgique\",\"@id\":\"https:\/\/www.pressenza.com\/it\/#\/schema\/person\/86412bf1f68934d02d03035e031f781f\"},\"headline\":\"Uscire dalla schiavit\u00f9: la lotta per la dignit\u00e0 dei neri africani nel mondo arabo\",\"datePublished\":\"2025-01-12T18:59:10+00:00\",\"dateModified\":\"2025-01-12T19:03:56+00:00\",\"mainEntityOfPage\":{\"@id\":\"https:\/\/www.pressenza.com\/it\/2025\/01\/uscire-dalla-schiavitu-la-lotta-per-la-dignita-dei-neri-africani-nel-mondo-arabo\/\"},\"wordCount\":941,\"publisher\":{\"@id\":\"https:\/\/www.pressenza.com\/it\/#organization\"},\"image\":{\"@id\":\"https:\/\/www.pressenza.com\/it\/2025\/01\/uscire-dalla-schiavitu-la-lotta-per-la-dignita-dei-neri-africani-nel-mondo-arabo\/#primaryimage\"},\"thumbnailUrl\":\"https:\/\/www.pressenza.com\/wp-content\/uploads\/2024\/12\/RencontreParis29dec24.jpg\",\"keywords\":[\"dignit\u00e0 umana\",\"Mauritania\",\"schiavit\u00f9\"],\"articleSection\":[\"Africa\",\"Diritti Umani\"],\"inLanguage\":\"it-IT\"},{\"@type\":\"WebPage\",\"@id\":\"https:\/\/www.pressenza.com\/it\/2025\/01\/uscire-dalla-schiavitu-la-lotta-per-la-dignita-dei-neri-africani-nel-mondo-arabo\/\",\"url\":\"https:\/\/www.pressenza.com\/it\/2025\/01\/uscire-dalla-schiavitu-la-lotta-per-la-dignita-dei-neri-africani-nel-mondo-arabo\/\",\"name\":\"Uscire dalla schiavit\u00f9: la lotta per la dignit\u00e0 dei neri africani nel mondo arabo\",\"isPartOf\":{\"@id\":\"https:\/\/www.pressenza.com\/it\/#website\"},\"primaryImageOfPage\":{\"@id\":\"https:\/\/www.pressenza.com\/it\/2025\/01\/uscire-dalla-schiavitu-la-lotta-per-la-dignita-dei-neri-africani-nel-mondo-arabo\/#primaryimage\"},\"image\":{\"@id\":\"https:\/\/www.pressenza.com\/it\/2025\/01\/uscire-dalla-schiavitu-la-lotta-per-la-dignita-dei-neri-africani-nel-mondo-arabo\/#primaryimage\"},\"thumbnailUrl\":\"https:\/\/www.pressenza.com\/wp-content\/uploads\/2024\/12\/RencontreParis29dec24.jpg\",\"datePublished\":\"2025-01-12T18:59:10+00:00\",\"dateModified\":\"2025-01-12T19:03:56+00:00\",\"description\":\"La questione della schiavit\u00f9 e della discriminazione sistemica rimane una piaga importante in Mauritania e in tutto il mondo arabo-musulmano. Quando ho\",\"breadcrumb\":{\"@id\":\"https:\/\/www.pressenza.com\/it\/2025\/01\/uscire-dalla-schiavitu-la-lotta-per-la-dignita-dei-neri-africani-nel-mondo-arabo\/#breadcrumb\"},\"inLanguage\":\"it-IT\",\"potentialAction\":[{\"@type\":\"ReadAction\",\"target\":[\"https:\/\/www.pressenza.com\/it\/2025\/01\/uscire-dalla-schiavitu-la-lotta-per-la-dignita-dei-neri-africani-nel-mondo-arabo\/\"]}]},{\"@type\":\"ImageObject\",\"inLanguage\":\"it-IT\",\"@id\":\"https:\/\/www.pressenza.com\/it\/2025\/01\/uscire-dalla-schiavitu-la-lotta-per-la-dignita-dei-neri-africani-nel-mondo-arabo\/#primaryimage\",\"url\":\"https:\/\/www.pressenza.com\/wp-content\/uploads\/2024\/12\/RencontreParis29dec24.jpg\",\"contentUrl\":\"https:\/\/www.pressenza.com\/wp-content\/uploads\/2024\/12\/RencontreParis29dec24.jpg\",\"width\":1726,\"height\":958,\"caption\":\"Rencontre IRA France autour de l'esclavage en Mauritanie\"},{\"@type\":\"BreadcrumbList\",\"@id\":\"https:\/\/www.pressenza.com\/it\/2025\/01\/uscire-dalla-schiavitu-la-lotta-per-la-dignita-dei-neri-africani-nel-mondo-arabo\/#breadcrumb\",\"itemListElement\":[{\"@type\":\"ListItem\",\"position\":1,\"name\":\"Accueil\",\"item\":\"https:\/\/www.pressenza.com\/it\/\"},{\"@type\":\"ListItem\",\"position\":2,\"name\":\"Uscire dalla schiavit\u00f9: la lotta per la dignit\u00e0 dei neri africani nel mondo arabo\"}]},{\"@type\":\"WebSite\",\"@id\":\"https:\/\/www.pressenza.com\/it\/#website\",\"url\":\"https:\/\/www.pressenza.com\/it\/\",\"name\":\"Pressenza\",\"description\":\"Agenzia di Stampa Internazionale\",\"publisher\":{\"@id\":\"https:\/\/www.pressenza.com\/it\/#organization\"},\"potentialAction\":[{\"@type\":\"SearchAction\",\"target\":{\"@type\":\"EntryPoint\",\"urlTemplate\":\"https:\/\/www.pressenza.com\/it\/?s={search_term_string}\"},\"query-input\":{\"@type\":\"PropertyValueSpecification\",\"valueRequired\":true,\"valueName\":\"search_term_string\"}}],\"inLanguage\":\"it-IT\"},{\"@type\":\"Organization\",\"@id\":\"https:\/\/www.pressenza.com\/it\/#organization\",\"name\":\"Pressenza\",\"url\":\"https:\/\/www.pressenza.com\/it\/\",\"logo\":{\"@type\":\"ImageObject\",\"inLanguage\":\"it-IT\",\"@id\":\"https:\/\/www.pressenza.com\/it\/#\/schema\/logo\/image\/\",\"url\":\"https:\/\/www.pressenza.com\/wp-content\/uploads\/2022\/10\/pressenza_logo_200x200.jpg\",\"contentUrl\":\"https:\/\/www.pressenza.com\/wp-content\/uploads\/2022\/10\/pressenza_logo_200x200.jpg\",\"width\":200,\"height\":200,\"caption\":\"Pressenza\"},\"image\":{\"@id\":\"https:\/\/www.pressenza.com\/it\/#\/schema\/logo\/image\/\"},\"sameAs\":[\"https:\/\/www.facebook.com\/PressenzaItalia\",\"https:\/\/x.com\/PressenzaIPA\"]},{\"@type\":\"Person\",\"@id\":\"https:\/\/www.pressenza.com\/it\/#\/schema\/person\/86412bf1f68934d02d03035e031f781f\",\"name\":\"R\u00e9daction Belgique\",\"description\":\"News published by the Pressenza bureau in Belgium\",\"url\":\"https:\/\/www.pressenza.com\/it\/author\/redaction-belgique\/\"}]}<\/script>\n<!-- \/ Yoast SEO plugin. -->","yoast_head_json":{"title":"Uscire dalla schiavit\u00f9: la lotta per la dignit\u00e0 dei neri africani nel mondo arabo","description":"La questione della schiavit\u00f9 e della discriminazione sistemica rimane una piaga importante in Mauritania e in tutto il mondo arabo-musulmano. Quando ho","robots":{"index":"index","follow":"follow","max-snippet":"max-snippet:-1","max-image-preview":"max-image-preview:large","max-video-preview":"max-video-preview:-1"},"canonical":"https:\/\/www.pressenza.com\/it\/2025\/01\/uscire-dalla-schiavitu-la-lotta-per-la-dignita-dei-neri-africani-nel-mondo-arabo\/","og_locale":"it_IT","og_type":"article","og_title":"Uscire dalla schiavit\u00f9: la lotta per la dignit\u00e0 dei neri africani nel mondo arabo","og_description":"La questione della schiavit\u00f9 e della discriminazione sistemica rimane una piaga importante in Mauritania e in tutto il mondo arabo-musulmano. Quando ho","og_url":"https:\/\/www.pressenza.com\/it\/2025\/01\/uscire-dalla-schiavitu-la-lotta-per-la-dignita-dei-neri-africani-nel-mondo-arabo\/","og_site_name":"Pressenza","article_publisher":"https:\/\/www.facebook.com\/PressenzaItalia","article_published_time":"2025-01-12T18:59:10+00:00","article_modified_time":"2025-01-12T19:03:56+00:00","og_image":[{"width":1726,"height":958,"url":"https:\/\/www.pressenza.com\/wp-content\/uploads\/2024\/12\/RencontreParis29dec24.jpg","type":"image\/jpeg"}],"author":"R\u00e9daction Belgique","twitter_card":"summary_large_image","twitter_creator":"@PressenzaIPA","twitter_site":"@PressenzaIPA","twitter_misc":{"Scritto da":"R\u00e9daction Belgique","Tempo di lettura stimato":"4 minuti"},"schema":{"@context":"https:\/\/schema.org","@graph":[{"@type":"Article","@id":"https:\/\/www.pressenza.com\/it\/2025\/01\/uscire-dalla-schiavitu-la-lotta-per-la-dignita-dei-neri-africani-nel-mondo-arabo\/#article","isPartOf":{"@id":"https:\/\/www.pressenza.com\/it\/2025\/01\/uscire-dalla-schiavitu-la-lotta-per-la-dignita-dei-neri-africani-nel-mondo-arabo\/"},"author":{"name":"R\u00e9daction Belgique","@id":"https:\/\/www.pressenza.com\/it\/#\/schema\/person\/86412bf1f68934d02d03035e031f781f"},"headline":"Uscire dalla schiavit\u00f9: la lotta per la dignit\u00e0 dei neri africani nel mondo arabo","datePublished":"2025-01-12T18:59:10+00:00","dateModified":"2025-01-12T19:03:56+00:00","mainEntityOfPage":{"@id":"https:\/\/www.pressenza.com\/it\/2025\/01\/uscire-dalla-schiavitu-la-lotta-per-la-dignita-dei-neri-africani-nel-mondo-arabo\/"},"wordCount":941,"publisher":{"@id":"https:\/\/www.pressenza.com\/it\/#organization"},"image":{"@id":"https:\/\/www.pressenza.com\/it\/2025\/01\/uscire-dalla-schiavitu-la-lotta-per-la-dignita-dei-neri-africani-nel-mondo-arabo\/#primaryimage"},"thumbnailUrl":"https:\/\/www.pressenza.com\/wp-content\/uploads\/2024\/12\/RencontreParis29dec24.jpg","keywords":["dignit\u00e0 umana","Mauritania","schiavit\u00f9"],"articleSection":["Africa","Diritti Umani"],"inLanguage":"it-IT"},{"@type":"WebPage","@id":"https:\/\/www.pressenza.com\/it\/2025\/01\/uscire-dalla-schiavitu-la-lotta-per-la-dignita-dei-neri-africani-nel-mondo-arabo\/","url":"https:\/\/www.pressenza.com\/it\/2025\/01\/uscire-dalla-schiavitu-la-lotta-per-la-dignita-dei-neri-africani-nel-mondo-arabo\/","name":"Uscire dalla schiavit\u00f9: la lotta per la dignit\u00e0 dei neri africani nel mondo arabo","isPartOf":{"@id":"https:\/\/www.pressenza.com\/it\/#website"},"primaryImageOfPage":{"@id":"https:\/\/www.pressenza.com\/it\/2025\/01\/uscire-dalla-schiavitu-la-lotta-per-la-dignita-dei-neri-africani-nel-mondo-arabo\/#primaryimage"},"image":{"@id":"https:\/\/www.pressenza.com\/it\/2025\/01\/uscire-dalla-schiavitu-la-lotta-per-la-dignita-dei-neri-africani-nel-mondo-arabo\/#primaryimage"},"thumbnailUrl":"https:\/\/www.pressenza.com\/wp-content\/uploads\/2024\/12\/RencontreParis29dec24.jpg","datePublished":"2025-01-12T18:59:10+00:00","dateModified":"2025-01-12T19:03:56+00:00","description":"La questione della schiavit\u00f9 e della discriminazione sistemica rimane una piaga importante in Mauritania e in tutto il mondo arabo-musulmano. Quando ho","breadcrumb":{"@id":"https:\/\/www.pressenza.com\/it\/2025\/01\/uscire-dalla-schiavitu-la-lotta-per-la-dignita-dei-neri-africani-nel-mondo-arabo\/#breadcrumb"},"inLanguage":"it-IT","potentialAction":[{"@type":"ReadAction","target":["https:\/\/www.pressenza.com\/it\/2025\/01\/uscire-dalla-schiavitu-la-lotta-per-la-dignita-dei-neri-africani-nel-mondo-arabo\/"]}]},{"@type":"ImageObject","inLanguage":"it-IT","@id":"https:\/\/www.pressenza.com\/it\/2025\/01\/uscire-dalla-schiavitu-la-lotta-per-la-dignita-dei-neri-africani-nel-mondo-arabo\/#primaryimage","url":"https:\/\/www.pressenza.com\/wp-content\/uploads\/2024\/12\/RencontreParis29dec24.jpg","contentUrl":"https:\/\/www.pressenza.com\/wp-content\/uploads\/2024\/12\/RencontreParis29dec24.jpg","width":1726,"height":958,"caption":"Rencontre IRA France autour de l'esclavage en Mauritanie"},{"@type":"BreadcrumbList","@id":"https:\/\/www.pressenza.com\/it\/2025\/01\/uscire-dalla-schiavitu-la-lotta-per-la-dignita-dei-neri-africani-nel-mondo-arabo\/#breadcrumb","itemListElement":[{"@type":"ListItem","position":1,"name":"Accueil","item":"https:\/\/www.pressenza.com\/it\/"},{"@type":"ListItem","position":2,"name":"Uscire dalla schiavit\u00f9: la lotta per la dignit\u00e0 dei neri africani nel mondo arabo"}]},{"@type":"WebSite","@id":"https:\/\/www.pressenza.com\/it\/#website","url":"https:\/\/www.pressenza.com\/it\/","name":"Pressenza","description":"Agenzia di Stampa Internazionale","publisher":{"@id":"https:\/\/www.pressenza.com\/it\/#organization"},"potentialAction":[{"@type":"SearchAction","target":{"@type":"EntryPoint","urlTemplate":"https:\/\/www.pressenza.com\/it\/?s={search_term_string}"},"query-input":{"@type":"PropertyValueSpecification","valueRequired":true,"valueName":"search_term_string"}}],"inLanguage":"it-IT"},{"@type":"Organization","@id":"https:\/\/www.pressenza.com\/it\/#organization","name":"Pressenza","url":"https:\/\/www.pressenza.com\/it\/","logo":{"@type":"ImageObject","inLanguage":"it-IT","@id":"https:\/\/www.pressenza.com\/it\/#\/schema\/logo\/image\/","url":"https:\/\/www.pressenza.com\/wp-content\/uploads\/2022\/10\/pressenza_logo_200x200.jpg","contentUrl":"https:\/\/www.pressenza.com\/wp-content\/uploads\/2022\/10\/pressenza_logo_200x200.jpg","width":200,"height":200,"caption":"Pressenza"},"image":{"@id":"https:\/\/www.pressenza.com\/it\/#\/schema\/logo\/image\/"},"sameAs":["https:\/\/www.facebook.com\/PressenzaItalia","https:\/\/x.com\/PressenzaIPA"]},{"@type":"Person","@id":"https:\/\/www.pressenza.com\/it\/#\/schema\/person\/86412bf1f68934d02d03035e031f781f","name":"R\u00e9daction Belgique","description":"News published by the Pressenza bureau in Belgium","url":"https:\/\/www.pressenza.com\/it\/author\/redaction-belgique\/"}]}},"place":"Parigi, Francia","original_article_url":"https:\/\/guidumakha.com\/2024\/12\/29\/sortir-de-lesclavage-une-lutte-pour-la-dignite-des-noirs-dans-le-monde-arabo-musulman\/","_links":{"self":[{"href":"https:\/\/www.pressenza.com\/it\/wp-json\/wp\/v2\/posts\/2575891","targetHints":{"allow":["GET"]}}],"collection":[{"href":"https:\/\/www.pressenza.com\/it\/wp-json\/wp\/v2\/posts"}],"about":[{"href":"https:\/\/www.pressenza.com\/it\/wp-json\/wp\/v2\/types\/post"}],"author":[{"embeddable":true,"href":"https:\/\/www.pressenza.com\/it\/wp-json\/wp\/v2\/users\/807"}],"replies":[{"embeddable":true,"href":"https:\/\/www.pressenza.com\/it\/wp-json\/wp\/v2\/comments?post=2575891"}],"version-history":[{"count":0,"href":"https:\/\/www.pressenza.com\/it\/wp-json\/wp\/v2\/posts\/2575891\/revisions"}],"wp:featuredmedia":[{"embeddable":true,"href":"https:\/\/www.pressenza.com\/it\/wp-json\/wp\/v2\/media\/2575894"}],"wp:attachment":[{"href":"https:\/\/www.pressenza.com\/it\/wp-json\/wp\/v2\/media?parent=2575891"}],"wp:term":[{"taxonomy":"category","embeddable":true,"href":"https:\/\/www.pressenza.com\/it\/wp-json\/wp\/v2\/categories?post=2575891"},{"taxonomy":"post_tag","embeddable":true,"href":"https:\/\/www.pressenza.com\/it\/wp-json\/wp\/v2\/tags?post=2575891"}],"curies":[{"name":"wp","href":"https:\/\/api.w.org\/{rel}","templated":true}]}}