{"id":2575674,"date":"2025-01-11T12:23:34","date_gmt":"2025-01-11T12:23:34","guid":{"rendered":"https:\/\/www.pressenza.com\/?p=2575674"},"modified":"2025-01-11T12:31:38","modified_gmt":"2025-01-11T12:31:38","slug":"val-di-susa-con-la-ripresa-dei-respingimenti-francesi-i-migranti-tornano-rischiare-la-vita-in-montagna","status":"publish","type":"post","link":"https:\/\/www.pressenza.com\/it\/2025\/01\/val-di-susa-con-la-ripresa-dei-respingimenti-francesi-i-migranti-tornano-rischiare-la-vita-in-montagna\/","title":{"rendered":"Val di Susa: con la ripresa dei respingimenti francesi, i migranti tornano a rischiare la vita in montagna"},"content":{"rendered":"<p><em>Isaia Invernizzi \u00e8 andato in Val di Susa a raccontare la situazione attuale. Noi di Famiglie Accoglienti abbiamo particolarmente a cuore la situazione e ne abbiamo parlato spesso con le nostre amiche sorelle di Oulx. Nel loro Foyer Shalom le Suore Francescane Missionarie di Susa hanno accolto negli anni numerose persone facendo uno straordinario lavoro di umanit\u00e0 l\u00ec dove l\u2019umanit\u00e0 delle istituzioni latita.<\/em><\/p>\n<p>A dicembre poco pi\u00f9 di 1.100 persone migranti sono state assistite da medici e mediche nell\u2019ambulatorio allestito al rifugio Fraternit\u00e0 Massi di Oulx, in Val di Susa, vicino al confine tra l\u2019Italia e la Francia. Alcune di loro avevano sintomi da ipotermia e congelamento, altre fratture e traumi dovuti alle cadute nel tentativo di oltrepassare la frontiera.<\/p>\n<p>Da novembre gli accessi all\u2019ambulatorio sono pi\u00f9 che raddoppiati rispetto ai primi dieci mesi dall\u2019anno, conseguenza dei nuovi respingimenti fatti dalla polizia francese. I controlli con i droni, le motoslitte e le telecamere termiche erano stati interrotti all\u2019inizio del 2024 in seguito a una sentenza della Corte di giustizia dell\u2019Unione Europea, e da allora i migranti non erano stati pi\u00f9 costretti a spostarsi di notte sui sentieri del colle del Monginevro, a quasi duemila metri. Le cose sono cambiate da novembre, quando la Francia ha sospeso di nuovo l\u2019accordo di Schengen e rafforzato i controlli alle frontiere, sostenendo che la sospensione \u00e8 motivata dalle minacce terroristiche e dall\u2019attivit\u00e0 delle \u00abreti criminali che facilitano l\u2019immigrazione irregolare e il contrabbando\u00bb.<\/p>\n<p>Con la ripresa dei respingimenti, le persone migranti sono tornate a rischiare la vita in montagna.<\/p>\n<p>Da oltre dieci anni Oulx (si pronuncia ulcs) \u00e8 uno dei punti di riferimento nel percorso seguito dai migranti provenienti dal Medio Oriente e dall\u2019Africa. Ogni anno migliaia di persone si fermano qui per qualche ora o alcuni giorni per prepararsi ad attraversare la frontiera in uno dei punti cruciali e pi\u00f9 pericolosi delle rotte migratorie. La maggior parte di loro \u00e8 diretta in Germania e nel Nord Europa.<\/p>\n<p>Fino al 2021 arrivavano soprattutto dai Balcani. Erano persone afghane, pakistane e iraniane che prima di entrare in Italia rimanevano bloccate per mesi nei campi tra la Bosnia e la Croazia, dove spesso venivano picchiate e maltrattate dalla polizia.<\/p>\n<p>Fino al marzo del 2021 molte persone venivano accolte anche nella casa cantoniera dell\u2019Anas occupata nel dicembre del 2018 e ribattezzata \u201cChez JesOulx\u201d, gestita da attivisti che fanno parte della rete internazionale chiamata \u201cNo Border\u201d legata ai movimenti anarchici e No TAV. Anche loro offrivano cibo, vestiti e assistenza medica in modo pi\u00f9 informale. In seguito allo sgombero del marzo del 2021, 19 persone sono state denunciate e processate, infine assolte in primo grado e in appello. I giudici hanno riconosciuto lo scopo sociale dell\u2019occupazione, che ha consentito di salvare delle vite.<\/p>\n<p>Dal 2015, quando la Francia ha sospeso per la prima volta gli accordi di Schengen, decine di persone sono morte nel tentativo di entrare in Francia dalla Val di Susa. Molte sono morte assiderate dopo essere cadute ed essersi ferite nei boschi, o dopo aver perso i sentieri. L\u2019inverno \u00e8 il periodo pi\u00f9 pericoloso, ma diversi migranti sono morti anche nei mesi estivi quando le temperature in montagna sono comunque basse, soprattutto di notte.<\/p>\n<p>Per anni il passaggio sui sentieri \u00e8 stato l\u2019unico modo per tentare di eludere i controlli della polizia francese, sofisticati e insistenti. I poliziotti di frontiera usano droni, visori notturni e telecamere per individuare le persone nei boschi. D\u2019inverno si spostano con le motoslitte. Anche dopo aver oltrepassato il confine, nessuno pu\u00f2 dire di avercela fatta prima di aver raggiunto il paese di Brian\u00e7on. In base all\u2019accordo di Chambery, firmato tra la Francia e l\u2019Italia nel 1997, tutti i migranti che vengono trovati in territorio francese tra il confine e Brian\u00e7on vengono riportati in Italia e affidati alla polizia italiana.<\/p>\n<p>Ci sono altri due modi per tentare di entrare in Francia. Il primo consiste nel salire sul treno che dalla Val di Susa porta in Francia, ma ogni carrozza viene controllata dai poliziotti che chiedono i documenti soprattutto in base al colore della pelle. I treni sono fermi dall\u2019agosto del 2023 a causa di una frana: le corse, e quindi i controlli, riprenderanno il prossimo marzo. Alcuni tentano con l\u2019autobus, anche in questo caso controllato prima di entrare nel tunnel del Frejus. Sul grande piazzale fuori dalla galleria c\u2019\u00e8 un container, una sorta di posto di blocco della polizia italiana e francese. Qui i respingimenti vengono fatti direttamente in territorio italiano, in modo piuttosto eccezionale per le leggi che regolano responsabilit\u00e0 e autorit\u00e0 delle frontiere.<\/p>\n<p>Durante i controlli la polizia francese consegna ai migranti irregolari un documento chiamato refus d\u2019entr\u00e9e, il divieto di ingresso. In seguito le persone vengono riportate in Italia e affidate alla polizia italiana che le invita a presentarsi in questura per formalizzare la domanda di asilo. Quasi tutte preferiscono tentare di passare di nuovo la frontiera.<\/p>\n<p>Alle frontiere tra l\u2019Italia e la Francia i controlli non dovrebbero esseri cos\u00ec rigidi, in virt\u00f9 dell\u2019accordo di Schengen che 30 anni fa istitu\u00ec una zona di libera circolazione di merci e persone in quasi tutti i paesi dell\u2019Unione Europea pi\u00f9 Islanda, Liechtenstein, Norvegia e Svizzera. Secondo le regole europee, per\u00f2, un paese ha il diritto di sospendere temporaneamente la libert\u00e0 di movimento prevista da Schengen \u00abcome misura di ultima istanza\u00bb e \u00abin situazioni eccezionali\u00bb, anche in occasione di grossi eventi sportivi o in altri casi straordinari, come fu per esempio la pandemia di Covid. Dal 2015 la Francia rende ordinaria questa straordinariet\u00e0: ha rinnovato la sospensione di sei mesi in sei mesi.<\/p>\n<p>Questa politica repressiva \u00e8 stata contestata per anni da molte associazioni italiane e francesi. Nel settembre 2023 la Corte di giustizia dell\u2019Unione Europea ha infine accolto un ricorso presentato da molte associazioni e ha imposto alla Francia di rispettare le regole sui rimpatri. Nella sentenza si legge che la Francia non pu\u00f2 respingere immediatamente i migranti che cercano di entrare nel paese attraverso le frontiere con i paesi vicini. Secondo la Corte, i migranti che arrivano in Francia illegalmente da paesi che fanno parte dell\u2019Unione Europea non possono essere respinti subito, ma devono poter \u00abbeneficiare di un certo termine per lasciare volontariamente il territorio\u00bb.<\/p>\n<p>Il Consiglio di Stato francese ha preso atto di questa sentenza il 2 febbraio del 2024. Da allora, fino a novembre, le persone hanno potuto superare la frontiera a piedi lungo le strade. La polizia francese faceva firmare loro un documento con cui dichiaravano di voler presentare domanda di asilo in Francia. A quel punto potevano passare.<\/p>\n<p>\u00abPer buona parte del 2024 le persone non hanno dovuto inerpicarsi sulle montagne, non sono state costrette a passare la notte fuori al freddo o a scappare dalla polizia\u00bb, dice Federica Tarenghi, coordinatrice medica dell\u2019associazione Medici per i diritti umani che opera al rifugio Massi di Oulx. \u00abAbbiamo assistito persone che avevano problemi di salute dovuti al viaggio fino a Oulx: nessuno rischiava pi\u00f9 la vita alla nostra frontiera\u00bb.<\/p>\n<p>Ma dall\u2019inizio di novembre la polizia \u00e8 tornata a controllare la frontiera come in passato, le persone sono tornate sui sentieri, e la libert\u00e0 di movimento prevista da Schengen \u00e8 stata sospesa ancora per sei mesi, fino alla fine di aprile.<\/p>\n<p>Nel 2024 inoltre non \u00e8 stato rinnovato il fondo del ministero che finanziava alcune organizzazioni come Talit\u00e0 Kum. Il rifugio Fraternit\u00e0 Massi dovr\u00e0 fare a meno di circa mezzo milione di euro, essenziale per sostenere l\u2019accoglienza. Nelle ultime settimane sono state organizzate raccolte fondi e concerti per aiutare le associazioni che lavorano nel rifugio. Se sar\u00e0 costretto a chiudere, migliaia di persone che arrivano a Oulx non avranno un posto dove dormire n\u00e9 assistenza sanitaria prima del rischioso passaggio del confine.<\/p>\n<p>leggi qui tutto l&#8217;articolo<\/p>\n<p><a href=\"https:\/\/www.ilpost.it\/2025\/01\/09\/migranti-controlli-val-di-susa-francia\/?homepagePosition=0&amp;fbclid=PAZXh0bgNhZW0CMTEAAaadrlKrC-8QnZPmyUCVFDrsoo3MSwZENe69i_T6ueQFf\">www.ilpost.it\/2025\/01\/09\/migranti-controlli-val-di-susa-francia<\/a><\/p>\n<p>&nbsp;<\/p>\n<p>&nbsp;<\/p>\n","protected":false},"excerpt":{"rendered":"<p>Isaia Invernizzi \u00e8 andato in Val di Susa a raccontare la situazione attuale. Noi di Famiglie Accoglienti abbiamo particolarmente a cuore la situazione e ne abbiamo parlato spesso con le nostre amiche sorelle di Oulx. Nel loro Foyer Shalom le&hellip;<\/p>\n","protected":false},"author":594,"featured_media":1737314,"comment_status":"closed","ping_status":"closed","sticky":false,"template":"","format":"standard","meta":{"footnotes":""},"categories":[60,54572],"tags":[131156,131154,131155,98231],"class_list":["post-2575674","post","type-post","status-publish","format-standard","has-post-thumbnail","hentry","category-diritti-umani","category-migranti","tag-foyer-shalom","tag-frontiera-italo-francese-in-val-di-susa","tag-respingimenti-francesi-alla-nostra-frontiera","tag-rifugio-fraternita-massi-di-oulx"],"yoast_head":"<!-- This site is optimized with the Yoast SEO plugin v27.1.1 - https:\/\/yoast.com\/product\/yoast-seo-wordpress\/ -->\n<title>Val di Susa: con la ripresa dei respingimenti francesi, i migranti tornano a rischiare la vita in montagna<\/title>\n<meta name=\"description\" content=\"Isaia Invernizzi \u00e8 andato in Val di Susa a raccontare la situazione attuale. Noi di Famiglie Accoglienti abbiamo particolarmente a cuore la situazione e\" \/>\n<meta name=\"robots\" content=\"index, follow, max-snippet:-1, max-image-preview:large, max-video-preview:-1\" \/>\n<link rel=\"canonical\" href=\"https:\/\/www.pressenza.com\/it\/2025\/01\/val-di-susa-con-la-ripresa-dei-respingimenti-francesi-i-migranti-tornano-rischiare-la-vita-in-montagna\/\" \/>\n<meta property=\"og:locale\" content=\"it_IT\" \/>\n<meta property=\"og:type\" content=\"article\" \/>\n<meta property=\"og:title\" content=\"Val di Susa: con la ripresa dei respingimenti francesi, i migranti tornano a rischiare la vita in montagna\" \/>\n<meta property=\"og:description\" content=\"Isaia Invernizzi \u00e8 andato in Val di Susa a raccontare la situazione attuale. Noi di Famiglie Accoglienti abbiamo particolarmente a cuore la situazione e\" \/>\n<meta property=\"og:url\" content=\"https:\/\/www.pressenza.com\/it\/2025\/01\/val-di-susa-con-la-ripresa-dei-respingimenti-francesi-i-migranti-tornano-rischiare-la-vita-in-montagna\/\" \/>\n<meta property=\"og:site_name\" content=\"Pressenza\" \/>\n<meta property=\"article:publisher\" content=\"https:\/\/www.facebook.com\/PressenzaItalia\" \/>\n<meta property=\"article:author\" content=\"https:\/\/www.facebook.com\/PressenzaItalia\" \/>\n<meta property=\"article:published_time\" content=\"2025-01-11T12:23:34+00:00\" \/>\n<meta property=\"article:modified_time\" content=\"2025-01-11T12:31:38+00:00\" \/>\n<meta property=\"og:image\" content=\"https:\/\/www.pressenza.com\/wp-content\/uploads\/2023\/05\/migranti-respinti-Lituania-e1736330589838.jpg\" \/>\n\t<meta property=\"og:image:width\" content=\"800\" \/>\n\t<meta property=\"og:image:height\" content=\"533\" \/>\n\t<meta property=\"og:image:type\" content=\"image\/jpeg\" \/>\n<meta name=\"author\" content=\"Redazione Italia\" \/>\n<meta name=\"twitter:card\" content=\"summary_large_image\" \/>\n<meta name=\"twitter:creator\" content=\"@pressenza_it\" \/>\n<meta name=\"twitter:site\" content=\"@PressenzaIPA\" \/>\n<meta name=\"twitter:label1\" content=\"Scritto da\" \/>\n\t<meta name=\"twitter:data1\" content=\"Redazione Italia\" \/>\n\t<meta name=\"twitter:label2\" content=\"Tempo di lettura stimato\" \/>\n\t<meta name=\"twitter:data2\" content=\"7 minuti\" \/>\n<script type=\"application\/ld+json\" class=\"yoast-schema-graph\">{\"@context\":\"https:\/\/schema.org\",\"@graph\":[{\"@type\":\"Article\",\"@id\":\"https:\/\/www.pressenza.com\/it\/2025\/01\/val-di-susa-con-la-ripresa-dei-respingimenti-francesi-i-migranti-tornano-rischiare-la-vita-in-montagna\/#article\",\"isPartOf\":{\"@id\":\"https:\/\/www.pressenza.com\/it\/2025\/01\/val-di-susa-con-la-ripresa-dei-respingimenti-francesi-i-migranti-tornano-rischiare-la-vita-in-montagna\/\"},\"author\":{\"name\":\"Redazione Italia\",\"@id\":\"https:\/\/www.pressenza.com\/it\/#\/schema\/person\/d983e81827ae24f2c7b1a2123d197f8d\"},\"headline\":\"Val di Susa: con la ripresa dei respingimenti francesi, i migranti tornano a rischiare la vita in montagna\",\"datePublished\":\"2025-01-11T12:23:34+00:00\",\"dateModified\":\"2025-01-11T12:31:38+00:00\",\"mainEntityOfPage\":{\"@id\":\"https:\/\/www.pressenza.com\/it\/2025\/01\/val-di-susa-con-la-ripresa-dei-respingimenti-francesi-i-migranti-tornano-rischiare-la-vita-in-montagna\/\"},\"wordCount\":1307,\"publisher\":{\"@id\":\"https:\/\/www.pressenza.com\/it\/#organization\"},\"image\":{\"@id\":\"https:\/\/www.pressenza.com\/it\/2025\/01\/val-di-susa-con-la-ripresa-dei-respingimenti-francesi-i-migranti-tornano-rischiare-la-vita-in-montagna\/#primaryimage\"},\"thumbnailUrl\":\"https:\/\/www.pressenza.com\/wp-content\/uploads\/2023\/05\/migranti-respinti-Lituania-e1736330589838.jpg\",\"keywords\":[\"Foyer Shalom\",\"frontiera italo-francese in Val di Susa\",\"respingimenti francesi alla nostra frontiera\",\"Rifugio Fraternit\u00e0 Massi di Oulx\"],\"articleSection\":[\"Diritti Umani\",\"Migranti\"],\"inLanguage\":\"it-IT\"},{\"@type\":\"WebPage\",\"@id\":\"https:\/\/www.pressenza.com\/it\/2025\/01\/val-di-susa-con-la-ripresa-dei-respingimenti-francesi-i-migranti-tornano-rischiare-la-vita-in-montagna\/\",\"url\":\"https:\/\/www.pressenza.com\/it\/2025\/01\/val-di-susa-con-la-ripresa-dei-respingimenti-francesi-i-migranti-tornano-rischiare-la-vita-in-montagna\/\",\"name\":\"Val di Susa: con la ripresa dei respingimenti francesi, i migranti tornano a rischiare la vita in montagna\",\"isPartOf\":{\"@id\":\"https:\/\/www.pressenza.com\/it\/#website\"},\"primaryImageOfPage\":{\"@id\":\"https:\/\/www.pressenza.com\/it\/2025\/01\/val-di-susa-con-la-ripresa-dei-respingimenti-francesi-i-migranti-tornano-rischiare-la-vita-in-montagna\/#primaryimage\"},\"image\":{\"@id\":\"https:\/\/www.pressenza.com\/it\/2025\/01\/val-di-susa-con-la-ripresa-dei-respingimenti-francesi-i-migranti-tornano-rischiare-la-vita-in-montagna\/#primaryimage\"},\"thumbnailUrl\":\"https:\/\/www.pressenza.com\/wp-content\/uploads\/2023\/05\/migranti-respinti-Lituania-e1736330589838.jpg\",\"datePublished\":\"2025-01-11T12:23:34+00:00\",\"dateModified\":\"2025-01-11T12:31:38+00:00\",\"description\":\"Isaia Invernizzi \u00e8 andato in Val di Susa a raccontare la situazione attuale. Noi di Famiglie Accoglienti abbiamo particolarmente a cuore la situazione e\",\"breadcrumb\":{\"@id\":\"https:\/\/www.pressenza.com\/it\/2025\/01\/val-di-susa-con-la-ripresa-dei-respingimenti-francesi-i-migranti-tornano-rischiare-la-vita-in-montagna\/#breadcrumb\"},\"inLanguage\":\"it-IT\",\"potentialAction\":[{\"@type\":\"ReadAction\",\"target\":[\"https:\/\/www.pressenza.com\/it\/2025\/01\/val-di-susa-con-la-ripresa-dei-respingimenti-francesi-i-migranti-tornano-rischiare-la-vita-in-montagna\/\"]}]},{\"@type\":\"ImageObject\",\"inLanguage\":\"it-IT\",\"@id\":\"https:\/\/www.pressenza.com\/it\/2025\/01\/val-di-susa-con-la-ripresa-dei-respingimenti-francesi-i-migranti-tornano-rischiare-la-vita-in-montagna\/#primaryimage\",\"url\":\"https:\/\/www.pressenza.com\/wp-content\/uploads\/2023\/05\/migranti-respinti-Lituania-e1736330589838.jpg\",\"contentUrl\":\"https:\/\/www.pressenza.com\/wp-content\/uploads\/2023\/05\/migranti-respinti-Lituania-e1736330589838.jpg\",\"width\":800,\"height\":533},{\"@type\":\"BreadcrumbList\",\"@id\":\"https:\/\/www.pressenza.com\/it\/2025\/01\/val-di-susa-con-la-ripresa-dei-respingimenti-francesi-i-migranti-tornano-rischiare-la-vita-in-montagna\/#breadcrumb\",\"itemListElement\":[{\"@type\":\"ListItem\",\"position\":1,\"name\":\"Accueil\",\"item\":\"https:\/\/www.pressenza.com\/it\/\"},{\"@type\":\"ListItem\",\"position\":2,\"name\":\"Val di Susa: con la ripresa dei respingimenti francesi, i migranti tornano a rischiare la vita in montagna\"}]},{\"@type\":\"WebSite\",\"@id\":\"https:\/\/www.pressenza.com\/it\/#website\",\"url\":\"https:\/\/www.pressenza.com\/it\/\",\"name\":\"Pressenza\",\"description\":\"Agenzia di Stampa Internazionale\",\"publisher\":{\"@id\":\"https:\/\/www.pressenza.com\/it\/#organization\"},\"potentialAction\":[{\"@type\":\"SearchAction\",\"target\":{\"@type\":\"EntryPoint\",\"urlTemplate\":\"https:\/\/www.pressenza.com\/it\/?s={search_term_string}\"},\"query-input\":{\"@type\":\"PropertyValueSpecification\",\"valueRequired\":true,\"valueName\":\"search_term_string\"}}],\"inLanguage\":\"it-IT\"},{\"@type\":\"Organization\",\"@id\":\"https:\/\/www.pressenza.com\/it\/#organization\",\"name\":\"Pressenza\",\"url\":\"https:\/\/www.pressenza.com\/it\/\",\"logo\":{\"@type\":\"ImageObject\",\"inLanguage\":\"it-IT\",\"@id\":\"https:\/\/www.pressenza.com\/it\/#\/schema\/logo\/image\/\",\"url\":\"https:\/\/www.pressenza.com\/wp-content\/uploads\/2022\/10\/pressenza_logo_200x200.jpg\",\"contentUrl\":\"https:\/\/www.pressenza.com\/wp-content\/uploads\/2022\/10\/pressenza_logo_200x200.jpg\",\"width\":200,\"height\":200,\"caption\":\"Pressenza\"},\"image\":{\"@id\":\"https:\/\/www.pressenza.com\/it\/#\/schema\/logo\/image\/\"},\"sameAs\":[\"https:\/\/www.facebook.com\/PressenzaItalia\",\"https:\/\/x.com\/PressenzaIPA\"]},{\"@type\":\"Person\",\"@id\":\"https:\/\/www.pressenza.com\/it\/#\/schema\/person\/d983e81827ae24f2c7b1a2123d197f8d\",\"name\":\"Redazione Italia\",\"description\":\"News from the Pressenza Bureau in Italy\",\"sameAs\":[\"https:\/\/www.pressenza.com\/it\/author\/redazione-italia\/\",\"https:\/\/www.facebook.com\/PressenzaItalia\",\"https:\/\/www.instagram.com\/pressenza_italia\/\",\"https:\/\/x.com\/pressenza_it\",\"https:\/\/www.youtube.com\/channel\/UCSalEIWjE1RSxkwjfftFuqg\"],\"url\":\"https:\/\/www.pressenza.com\/it\/author\/redazione-italia\/\"}]}<\/script>\n<!-- \/ Yoast SEO plugin. -->","yoast_head_json":{"title":"Val di Susa: con la ripresa dei respingimenti francesi, i migranti tornano a rischiare la vita in montagna","description":"Isaia Invernizzi \u00e8 andato in Val di Susa a raccontare la situazione attuale. Noi di Famiglie Accoglienti abbiamo particolarmente a cuore la situazione e","robots":{"index":"index","follow":"follow","max-snippet":"max-snippet:-1","max-image-preview":"max-image-preview:large","max-video-preview":"max-video-preview:-1"},"canonical":"https:\/\/www.pressenza.com\/it\/2025\/01\/val-di-susa-con-la-ripresa-dei-respingimenti-francesi-i-migranti-tornano-rischiare-la-vita-in-montagna\/","og_locale":"it_IT","og_type":"article","og_title":"Val di Susa: con la ripresa dei respingimenti francesi, i migranti tornano a rischiare la vita in montagna","og_description":"Isaia Invernizzi \u00e8 andato in Val di Susa a raccontare la situazione attuale. Noi di Famiglie Accoglienti abbiamo particolarmente a cuore la situazione e","og_url":"https:\/\/www.pressenza.com\/it\/2025\/01\/val-di-susa-con-la-ripresa-dei-respingimenti-francesi-i-migranti-tornano-rischiare-la-vita-in-montagna\/","og_site_name":"Pressenza","article_publisher":"https:\/\/www.facebook.com\/PressenzaItalia","article_author":"https:\/\/www.facebook.com\/PressenzaItalia","article_published_time":"2025-01-11T12:23:34+00:00","article_modified_time":"2025-01-11T12:31:38+00:00","og_image":[{"width":800,"height":533,"url":"https:\/\/www.pressenza.com\/wp-content\/uploads\/2023\/05\/migranti-respinti-Lituania-e1736330589838.jpg","type":"image\/jpeg"}],"author":"Redazione Italia","twitter_card":"summary_large_image","twitter_creator":"@pressenza_it","twitter_site":"@PressenzaIPA","twitter_misc":{"Scritto da":"Redazione Italia","Tempo di lettura stimato":"7 minuti"},"schema":{"@context":"https:\/\/schema.org","@graph":[{"@type":"Article","@id":"https:\/\/www.pressenza.com\/it\/2025\/01\/val-di-susa-con-la-ripresa-dei-respingimenti-francesi-i-migranti-tornano-rischiare-la-vita-in-montagna\/#article","isPartOf":{"@id":"https:\/\/www.pressenza.com\/it\/2025\/01\/val-di-susa-con-la-ripresa-dei-respingimenti-francesi-i-migranti-tornano-rischiare-la-vita-in-montagna\/"},"author":{"name":"Redazione Italia","@id":"https:\/\/www.pressenza.com\/it\/#\/schema\/person\/d983e81827ae24f2c7b1a2123d197f8d"},"headline":"Val di Susa: con la ripresa dei respingimenti francesi, i migranti tornano a rischiare la vita in montagna","datePublished":"2025-01-11T12:23:34+00:00","dateModified":"2025-01-11T12:31:38+00:00","mainEntityOfPage":{"@id":"https:\/\/www.pressenza.com\/it\/2025\/01\/val-di-susa-con-la-ripresa-dei-respingimenti-francesi-i-migranti-tornano-rischiare-la-vita-in-montagna\/"},"wordCount":1307,"publisher":{"@id":"https:\/\/www.pressenza.com\/it\/#organization"},"image":{"@id":"https:\/\/www.pressenza.com\/it\/2025\/01\/val-di-susa-con-la-ripresa-dei-respingimenti-francesi-i-migranti-tornano-rischiare-la-vita-in-montagna\/#primaryimage"},"thumbnailUrl":"https:\/\/www.pressenza.com\/wp-content\/uploads\/2023\/05\/migranti-respinti-Lituania-e1736330589838.jpg","keywords":["Foyer Shalom","frontiera italo-francese in Val di Susa","respingimenti francesi alla nostra frontiera","Rifugio Fraternit\u00e0 Massi di Oulx"],"articleSection":["Diritti Umani","Migranti"],"inLanguage":"it-IT"},{"@type":"WebPage","@id":"https:\/\/www.pressenza.com\/it\/2025\/01\/val-di-susa-con-la-ripresa-dei-respingimenti-francesi-i-migranti-tornano-rischiare-la-vita-in-montagna\/","url":"https:\/\/www.pressenza.com\/it\/2025\/01\/val-di-susa-con-la-ripresa-dei-respingimenti-francesi-i-migranti-tornano-rischiare-la-vita-in-montagna\/","name":"Val di Susa: con la ripresa dei respingimenti francesi, i migranti tornano a rischiare la vita in montagna","isPartOf":{"@id":"https:\/\/www.pressenza.com\/it\/#website"},"primaryImageOfPage":{"@id":"https:\/\/www.pressenza.com\/it\/2025\/01\/val-di-susa-con-la-ripresa-dei-respingimenti-francesi-i-migranti-tornano-rischiare-la-vita-in-montagna\/#primaryimage"},"image":{"@id":"https:\/\/www.pressenza.com\/it\/2025\/01\/val-di-susa-con-la-ripresa-dei-respingimenti-francesi-i-migranti-tornano-rischiare-la-vita-in-montagna\/#primaryimage"},"thumbnailUrl":"https:\/\/www.pressenza.com\/wp-content\/uploads\/2023\/05\/migranti-respinti-Lituania-e1736330589838.jpg","datePublished":"2025-01-11T12:23:34+00:00","dateModified":"2025-01-11T12:31:38+00:00","description":"Isaia Invernizzi \u00e8 andato in Val di Susa a raccontare la situazione attuale. Noi di Famiglie Accoglienti abbiamo particolarmente a cuore la situazione e","breadcrumb":{"@id":"https:\/\/www.pressenza.com\/it\/2025\/01\/val-di-susa-con-la-ripresa-dei-respingimenti-francesi-i-migranti-tornano-rischiare-la-vita-in-montagna\/#breadcrumb"},"inLanguage":"it-IT","potentialAction":[{"@type":"ReadAction","target":["https:\/\/www.pressenza.com\/it\/2025\/01\/val-di-susa-con-la-ripresa-dei-respingimenti-francesi-i-migranti-tornano-rischiare-la-vita-in-montagna\/"]}]},{"@type":"ImageObject","inLanguage":"it-IT","@id":"https:\/\/www.pressenza.com\/it\/2025\/01\/val-di-susa-con-la-ripresa-dei-respingimenti-francesi-i-migranti-tornano-rischiare-la-vita-in-montagna\/#primaryimage","url":"https:\/\/www.pressenza.com\/wp-content\/uploads\/2023\/05\/migranti-respinti-Lituania-e1736330589838.jpg","contentUrl":"https:\/\/www.pressenza.com\/wp-content\/uploads\/2023\/05\/migranti-respinti-Lituania-e1736330589838.jpg","width":800,"height":533},{"@type":"BreadcrumbList","@id":"https:\/\/www.pressenza.com\/it\/2025\/01\/val-di-susa-con-la-ripresa-dei-respingimenti-francesi-i-migranti-tornano-rischiare-la-vita-in-montagna\/#breadcrumb","itemListElement":[{"@type":"ListItem","position":1,"name":"Accueil","item":"https:\/\/www.pressenza.com\/it\/"},{"@type":"ListItem","position":2,"name":"Val di Susa: con la ripresa dei respingimenti francesi, i migranti tornano a rischiare la vita in montagna"}]},{"@type":"WebSite","@id":"https:\/\/www.pressenza.com\/it\/#website","url":"https:\/\/www.pressenza.com\/it\/","name":"Pressenza","description":"Agenzia di Stampa Internazionale","publisher":{"@id":"https:\/\/www.pressenza.com\/it\/#organization"},"potentialAction":[{"@type":"SearchAction","target":{"@type":"EntryPoint","urlTemplate":"https:\/\/www.pressenza.com\/it\/?s={search_term_string}"},"query-input":{"@type":"PropertyValueSpecification","valueRequired":true,"valueName":"search_term_string"}}],"inLanguage":"it-IT"},{"@type":"Organization","@id":"https:\/\/www.pressenza.com\/it\/#organization","name":"Pressenza","url":"https:\/\/www.pressenza.com\/it\/","logo":{"@type":"ImageObject","inLanguage":"it-IT","@id":"https:\/\/www.pressenza.com\/it\/#\/schema\/logo\/image\/","url":"https:\/\/www.pressenza.com\/wp-content\/uploads\/2022\/10\/pressenza_logo_200x200.jpg","contentUrl":"https:\/\/www.pressenza.com\/wp-content\/uploads\/2022\/10\/pressenza_logo_200x200.jpg","width":200,"height":200,"caption":"Pressenza"},"image":{"@id":"https:\/\/www.pressenza.com\/it\/#\/schema\/logo\/image\/"},"sameAs":["https:\/\/www.facebook.com\/PressenzaItalia","https:\/\/x.com\/PressenzaIPA"]},{"@type":"Person","@id":"https:\/\/www.pressenza.com\/it\/#\/schema\/person\/d983e81827ae24f2c7b1a2123d197f8d","name":"Redazione Italia","description":"News from the Pressenza Bureau in Italy","sameAs":["https:\/\/www.pressenza.com\/it\/author\/redazione-italia\/","https:\/\/www.facebook.com\/PressenzaItalia","https:\/\/www.instagram.com\/pressenza_italia\/","https:\/\/x.com\/pressenza_it","https:\/\/www.youtube.com\/channel\/UCSalEIWjE1RSxkwjfftFuqg"],"url":"https:\/\/www.pressenza.com\/it\/author\/redazione-italia\/"}]}},"place":"Famiglie Accoglienti","original_article_url":"","_links":{"self":[{"href":"https:\/\/www.pressenza.com\/it\/wp-json\/wp\/v2\/posts\/2575674","targetHints":{"allow":["GET"]}}],"collection":[{"href":"https:\/\/www.pressenza.com\/it\/wp-json\/wp\/v2\/posts"}],"about":[{"href":"https:\/\/www.pressenza.com\/it\/wp-json\/wp\/v2\/types\/post"}],"author":[{"embeddable":true,"href":"https:\/\/www.pressenza.com\/it\/wp-json\/wp\/v2\/users\/594"}],"replies":[{"embeddable":true,"href":"https:\/\/www.pressenza.com\/it\/wp-json\/wp\/v2\/comments?post=2575674"}],"version-history":[{"count":0,"href":"https:\/\/www.pressenza.com\/it\/wp-json\/wp\/v2\/posts\/2575674\/revisions"}],"wp:featuredmedia":[{"embeddable":true,"href":"https:\/\/www.pressenza.com\/it\/wp-json\/wp\/v2\/media\/1737314"}],"wp:attachment":[{"href":"https:\/\/www.pressenza.com\/it\/wp-json\/wp\/v2\/media?parent=2575674"}],"wp:term":[{"taxonomy":"category","embeddable":true,"href":"https:\/\/www.pressenza.com\/it\/wp-json\/wp\/v2\/categories?post=2575674"},{"taxonomy":"post_tag","embeddable":true,"href":"https:\/\/www.pressenza.com\/it\/wp-json\/wp\/v2\/tags?post=2575674"}],"curies":[{"name":"wp","href":"https:\/\/api.w.org\/{rel}","templated":true}]}}