{"id":2575284,"date":"2025-01-09T21:44:56","date_gmt":"2025-01-09T21:44:56","guid":{"rendered":"https:\/\/www.pressenza.com\/?p=2575284"},"modified":"2025-01-09T21:44:56","modified_gmt":"2025-01-09T21:44:56","slug":"brescia-collettivo-assenze-ingiustificate-solidarieta-al-nostro-collega-vittima-di-aggressione-fascista","status":"publish","type":"post","link":"https:\/\/www.pressenza.com\/it\/2025\/01\/brescia-collettivo-assenze-ingiustificate-solidarieta-al-nostro-collega-vittima-di-aggressione-fascista\/","title":{"rendered":"Brescia, Collettivo Assenze Ingiustificate: &#8220;Solidariet\u00e0 al nostro collega vittima di aggressione fascista&#8221;"},"content":{"rendered":"<p>&#8220;A Brescia si registra in questo periodo un brutto clima\u201d sono queste le parole del collega di 36 anni accerchiato e picchiato in pieno stile squadrista in centro, nel quartiere del Carmine, da un gruppetto di giovani nostalgici del fascio.<\/p>\n<p>Non si tratta di un caso isolato, nell\u2019ultimo periodo a Brescia abbiamo visto un\u2019escalation preoccupante e inaccettabile a stampo nazifascista. Episodi gravi che richiamano periodi bui di intolleranza, razzismo e violenza e che, chiaramente, ed \u00e8 importante esserne consapevoli, NON sono relegati ad un periodo passato.<\/p>\n<p>Come Collettivo di insegnanti \u201cAssenze Ingiustificate\u201d vogliamo innanzitutto esprimere la nostra totale solidariet\u00e0 a una persona e docente colpito violentemente (con 10 giorni di prognosi) per aver comprensibilmente criticato la figura del Duce e del ventennio.<\/p>\n<p>Se conoscere la storia non fosse gi\u00e0 di per s\u00e9 sufficiente, se non bastasse credere nei principi di uguaglianza, libert\u00e0 e solidariet\u00e0 sociale, se servisse apportare altre motivazioni per essere ANTIFASCISTI (!) ricordiamo che noi insegnanti lo siamo quasi per definizione: rappresentiamo lo Stato perch\u00e9 lavoriamo nella pubblica amministrazione, quindi difendiamo i principi della Repubblica italiana e della sua Carta Costituzionale, che \u00e8 (lo ripeteremo sempre) dichiaratamente antifascista. Non siamo in alcun modo galoppini di ideologie e propagande legate al governo di turno.<\/p>\n<p>Cent\u2019anni fa, la violenza del fascismo fece quello che fece perch\u00e9 era tollerata e supportata dalle istituzioni. Ma oggi le istituzioni e il governo devono essere dalla parte opposta. Nell\u2019attuale quadro politico \u00e8 pi\u00f9 che mai chiaro come ci sia invece terreno fertile per il neofascismo.<\/p>\n<p>Condanniamo quanto \u00e8 accaduto e sottolineiamo come siamo tutt* chiamat* a vigilare sullo stato della nostra democrazia. Chi la difender\u00e0 se non noi? Ci teniamo a menzionare il comunicato ufficiale dell IIS \u201cG. Antonietti\u201d, dove lavora il professore vittima dell\u2019aggressione, per dire che in particolare la comunit\u00e0 scolastica ha il ruolo di \u201csconfiggere narrazioni basate su rimozioni e falsificazioni che sembrano di<br \/>\nnuovo circolare nel nostro Paese ed in Europa, quasi a giustificare il ritorno a regimi ed a figure di politici \u201cforti\u201d, infatti i principi democratici dell\u2019antifascismo sono elementi imprescindibili e fondanti in un luogo educativo come la scuola.<\/p>\n<p>\u201cEducazione civica\u201d e \u201ccittadinanza attiva\u201d non devono restare slogan per riempirsi la bocca o peggio per riempire moduli burocratici, ma devono essere messi in pratica perch\u00e8 sono il senso ultimo della scuola: costruire insieme, insegnanti e alunn*, gli strumenti per essere cittadin* liber*, consapevol* e dotat* di spirito critico.<\/p>\n<p>Comprendere il passato per saper leggere il presente nella sua complessit\u00e0 ed esserne parte attiva, nell\u2019orizzonte della societ\u00e0 che vogliamo costruire, dove i rigurgiti fascisti non devono trovare pi\u00f9 spazio.<\/p>\n<p style=\"text-align: right;\"><strong>Collettivo Assenze Ingiustificate<\/strong><\/p>\n","protected":false},"excerpt":{"rendered":"<p>&#8220;A Brescia si registra in questo periodo un brutto clima\u201d sono queste le parole del collega di 36 anni accerchiato e picchiato in pieno stile squadrista in centro, nel quartiere del Carmine, da un gruppetto di giovani nostalgici del fascio.&hellip;<\/p>\n","protected":false},"author":1969,"featured_media":1584010,"comment_status":"closed","ping_status":"closed","sticky":false,"template":"","format":"standard","meta":{"footnotes":""},"categories":[150,55],"tags":[3467,6022],"class_list":["post-2575284","post","type-post","status-publish","format-standard","has-post-thumbnail","hentry","category-comunicati-stampa","category-politica","tag-antifascismo","tag-brescia"],"yoast_head":"<!-- This site is optimized with the Yoast SEO plugin v27.1.1 - https:\/\/yoast.com\/product\/yoast-seo-wordpress\/ -->\n<title>Brescia, Collettivo Assenze Ingiustificate: &quot;Solidariet\u00e0 al nostro collega vittima di aggressione fascista&quot;<\/title>\n<meta name=\"description\" content=\"&quot;A Brescia si registra in questo periodo un brutto clima\u201d sono queste le parole del collega di 36 anni accerchiato e picchiato in pieno stile squadrista\" \/>\n<meta name=\"robots\" content=\"index, follow, max-snippet:-1, max-image-preview:large, max-video-preview:-1\" \/>\n<link rel=\"canonical\" href=\"https:\/\/www.pressenza.com\/it\/2025\/01\/brescia-collettivo-assenze-ingiustificate-solidarieta-al-nostro-collega-vittima-di-aggressione-fascista\/\" \/>\n<meta property=\"og:locale\" content=\"it_IT\" \/>\n<meta property=\"og:type\" content=\"article\" \/>\n<meta property=\"og:title\" content=\"Brescia, Collettivo Assenze Ingiustificate: &quot;Solidariet\u00e0 al nostro collega vittima di aggressione fascista&quot;\" \/>\n<meta property=\"og:description\" content=\"&quot;A Brescia si registra in questo periodo un brutto clima\u201d sono queste le parole del collega di 36 anni accerchiato e picchiato in pieno stile squadrista\" \/>\n<meta property=\"og:url\" content=\"https:\/\/www.pressenza.com\/it\/2025\/01\/brescia-collettivo-assenze-ingiustificate-solidarieta-al-nostro-collega-vittima-di-aggressione-fascista\/\" \/>\n<meta property=\"og:site_name\" content=\"Pressenza\" \/>\n<meta property=\"article:publisher\" content=\"https:\/\/www.facebook.com\/PressenzaItalia\" \/>\n<meta property=\"article:published_time\" content=\"2025-01-09T21:44:56+00:00\" \/>\n<meta property=\"og:image\" content=\"https:\/\/www.pressenza.com\/wp-content\/uploads\/2022\/05\/uniti-contro-il-fascismo-rit.jpg\" \/>\n\t<meta property=\"og:image:width\" content=\"1920\" \/>\n\t<meta property=\"og:image:height\" content=\"1204\" \/>\n\t<meta property=\"og:image:type\" content=\"image\/jpeg\" \/>\n<meta name=\"author\" content=\"Redazione Sebino Franciacorta\" \/>\n<meta name=\"twitter:card\" content=\"summary_large_image\" \/>\n<meta name=\"twitter:creator\" content=\"@PressenzaIPA\" \/>\n<meta name=\"twitter:site\" content=\"@PressenzaIPA\" \/>\n<meta name=\"twitter:label1\" content=\"Scritto da\" \/>\n\t<meta name=\"twitter:data1\" content=\"Redazione Sebino Franciacorta\" \/>\n\t<meta name=\"twitter:label2\" content=\"Tempo di lettura stimato\" \/>\n\t<meta name=\"twitter:data2\" content=\"3 minuti\" \/>\n<script type=\"application\/ld+json\" class=\"yoast-schema-graph\">{\"@context\":\"https:\/\/schema.org\",\"@graph\":[{\"@type\":\"Article\",\"@id\":\"https:\/\/www.pressenza.com\/it\/2025\/01\/brescia-collettivo-assenze-ingiustificate-solidarieta-al-nostro-collega-vittima-di-aggressione-fascista\/#article\",\"isPartOf\":{\"@id\":\"https:\/\/www.pressenza.com\/it\/2025\/01\/brescia-collettivo-assenze-ingiustificate-solidarieta-al-nostro-collega-vittima-di-aggressione-fascista\/\"},\"author\":{\"name\":\"Redazione Sebino Franciacorta\",\"@id\":\"https:\/\/www.pressenza.com\/it\/#\/schema\/person\/9ec653259bb79d6ea2255fd80043dc9c\"},\"headline\":\"Brescia, Collettivo Assenze Ingiustificate: &#8220;Solidariet\u00e0 al nostro collega vittima di aggressione fascista&#8221;\",\"datePublished\":\"2025-01-09T21:44:56+00:00\",\"mainEntityOfPage\":{\"@id\":\"https:\/\/www.pressenza.com\/it\/2025\/01\/brescia-collettivo-assenze-ingiustificate-solidarieta-al-nostro-collega-vittima-di-aggressione-fascista\/\"},\"wordCount\":445,\"publisher\":{\"@id\":\"https:\/\/www.pressenza.com\/it\/#organization\"},\"image\":{\"@id\":\"https:\/\/www.pressenza.com\/it\/2025\/01\/brescia-collettivo-assenze-ingiustificate-solidarieta-al-nostro-collega-vittima-di-aggressione-fascista\/#primaryimage\"},\"thumbnailUrl\":\"https:\/\/www.pressenza.com\/wp-content\/uploads\/2022\/05\/uniti-contro-il-fascismo-rit.jpg\",\"keywords\":[\"antifascismo\",\"Brescia\"],\"articleSection\":[\"Comunicati Stampa\",\"Politica\"],\"inLanguage\":\"it-IT\"},{\"@type\":\"WebPage\",\"@id\":\"https:\/\/www.pressenza.com\/it\/2025\/01\/brescia-collettivo-assenze-ingiustificate-solidarieta-al-nostro-collega-vittima-di-aggressione-fascista\/\",\"url\":\"https:\/\/www.pressenza.com\/it\/2025\/01\/brescia-collettivo-assenze-ingiustificate-solidarieta-al-nostro-collega-vittima-di-aggressione-fascista\/\",\"name\":\"Brescia, Collettivo Assenze Ingiustificate: \\\"Solidariet\u00e0 al nostro collega vittima di aggressione fascista\\\"\",\"isPartOf\":{\"@id\":\"https:\/\/www.pressenza.com\/it\/#website\"},\"primaryImageOfPage\":{\"@id\":\"https:\/\/www.pressenza.com\/it\/2025\/01\/brescia-collettivo-assenze-ingiustificate-solidarieta-al-nostro-collega-vittima-di-aggressione-fascista\/#primaryimage\"},\"image\":{\"@id\":\"https:\/\/www.pressenza.com\/it\/2025\/01\/brescia-collettivo-assenze-ingiustificate-solidarieta-al-nostro-collega-vittima-di-aggressione-fascista\/#primaryimage\"},\"thumbnailUrl\":\"https:\/\/www.pressenza.com\/wp-content\/uploads\/2022\/05\/uniti-contro-il-fascismo-rit.jpg\",\"datePublished\":\"2025-01-09T21:44:56+00:00\",\"description\":\"\\\"A Brescia si registra in questo periodo un brutto clima\u201d sono queste le parole del collega di 36 anni accerchiato e picchiato in pieno stile squadrista\",\"breadcrumb\":{\"@id\":\"https:\/\/www.pressenza.com\/it\/2025\/01\/brescia-collettivo-assenze-ingiustificate-solidarieta-al-nostro-collega-vittima-di-aggressione-fascista\/#breadcrumb\"},\"inLanguage\":\"it-IT\",\"potentialAction\":[{\"@type\":\"ReadAction\",\"target\":[\"https:\/\/www.pressenza.com\/it\/2025\/01\/brescia-collettivo-assenze-ingiustificate-solidarieta-al-nostro-collega-vittima-di-aggressione-fascista\/\"]}]},{\"@type\":\"ImageObject\",\"inLanguage\":\"it-IT\",\"@id\":\"https:\/\/www.pressenza.com\/it\/2025\/01\/brescia-collettivo-assenze-ingiustificate-solidarieta-al-nostro-collega-vittima-di-aggressione-fascista\/#primaryimage\",\"url\":\"https:\/\/www.pressenza.com\/wp-content\/uploads\/2022\/05\/uniti-contro-il-fascismo-rit.jpg\",\"contentUrl\":\"https:\/\/www.pressenza.com\/wp-content\/uploads\/2022\/05\/uniti-contro-il-fascismo-rit.jpg\",\"width\":1920,\"height\":1204},{\"@type\":\"BreadcrumbList\",\"@id\":\"https:\/\/www.pressenza.com\/it\/2025\/01\/brescia-collettivo-assenze-ingiustificate-solidarieta-al-nostro-collega-vittima-di-aggressione-fascista\/#breadcrumb\",\"itemListElement\":[{\"@type\":\"ListItem\",\"position\":1,\"name\":\"Accueil\",\"item\":\"https:\/\/www.pressenza.com\/it\/\"},{\"@type\":\"ListItem\",\"position\":2,\"name\":\"Brescia, Collettivo Assenze Ingiustificate: &#8220;Solidariet\u00e0 al nostro collega vittima di aggressione fascista&#8221;\"}]},{\"@type\":\"WebSite\",\"@id\":\"https:\/\/www.pressenza.com\/it\/#website\",\"url\":\"https:\/\/www.pressenza.com\/it\/\",\"name\":\"Pressenza\",\"description\":\"Agenzia di Stampa Internazionale\",\"publisher\":{\"@id\":\"https:\/\/www.pressenza.com\/it\/#organization\"},\"potentialAction\":[{\"@type\":\"SearchAction\",\"target\":{\"@type\":\"EntryPoint\",\"urlTemplate\":\"https:\/\/www.pressenza.com\/it\/?s={search_term_string}\"},\"query-input\":{\"@type\":\"PropertyValueSpecification\",\"valueRequired\":true,\"valueName\":\"search_term_string\"}}],\"inLanguage\":\"it-IT\"},{\"@type\":\"Organization\",\"@id\":\"https:\/\/www.pressenza.com\/it\/#organization\",\"name\":\"Pressenza\",\"url\":\"https:\/\/www.pressenza.com\/it\/\",\"logo\":{\"@type\":\"ImageObject\",\"inLanguage\":\"it-IT\",\"@id\":\"https:\/\/www.pressenza.com\/it\/#\/schema\/logo\/image\/\",\"url\":\"https:\/\/www.pressenza.com\/wp-content\/uploads\/2022\/10\/pressenza_logo_200x200.jpg\",\"contentUrl\":\"https:\/\/www.pressenza.com\/wp-content\/uploads\/2022\/10\/pressenza_logo_200x200.jpg\",\"width\":200,\"height\":200,\"caption\":\"Pressenza\"},\"image\":{\"@id\":\"https:\/\/www.pressenza.com\/it\/#\/schema\/logo\/image\/\"},\"sameAs\":[\"https:\/\/www.facebook.com\/PressenzaItalia\",\"https:\/\/x.com\/PressenzaIPA\"]},{\"@type\":\"Person\",\"@id\":\"https:\/\/www.pressenza.com\/it\/#\/schema\/person\/9ec653259bb79d6ea2255fd80043dc9c\",\"name\":\"Redazione Sebino Franciacorta\",\"url\":\"https:\/\/www.pressenza.com\/it\/author\/redazione-sebino-franciacorta\/\"}]}<\/script>\n<!-- \/ Yoast SEO plugin. -->","yoast_head_json":{"title":"Brescia, Collettivo Assenze Ingiustificate: \"Solidariet\u00e0 al nostro collega vittima di aggressione fascista\"","description":"\"A Brescia si registra in questo periodo un brutto clima\u201d sono queste le parole del collega di 36 anni accerchiato e picchiato in pieno stile squadrista","robots":{"index":"index","follow":"follow","max-snippet":"max-snippet:-1","max-image-preview":"max-image-preview:large","max-video-preview":"max-video-preview:-1"},"canonical":"https:\/\/www.pressenza.com\/it\/2025\/01\/brescia-collettivo-assenze-ingiustificate-solidarieta-al-nostro-collega-vittima-di-aggressione-fascista\/","og_locale":"it_IT","og_type":"article","og_title":"Brescia, Collettivo Assenze Ingiustificate: \"Solidariet\u00e0 al nostro collega vittima di aggressione fascista\"","og_description":"\"A Brescia si registra in questo periodo un brutto clima\u201d sono queste le parole del collega di 36 anni accerchiato e picchiato in pieno stile squadrista","og_url":"https:\/\/www.pressenza.com\/it\/2025\/01\/brescia-collettivo-assenze-ingiustificate-solidarieta-al-nostro-collega-vittima-di-aggressione-fascista\/","og_site_name":"Pressenza","article_publisher":"https:\/\/www.facebook.com\/PressenzaItalia","article_published_time":"2025-01-09T21:44:56+00:00","og_image":[{"width":1920,"height":1204,"url":"https:\/\/www.pressenza.com\/wp-content\/uploads\/2022\/05\/uniti-contro-il-fascismo-rit.jpg","type":"image\/jpeg"}],"author":"Redazione Sebino Franciacorta","twitter_card":"summary_large_image","twitter_creator":"@PressenzaIPA","twitter_site":"@PressenzaIPA","twitter_misc":{"Scritto da":"Redazione Sebino Franciacorta","Tempo di lettura stimato":"3 minuti"},"schema":{"@context":"https:\/\/schema.org","@graph":[{"@type":"Article","@id":"https:\/\/www.pressenza.com\/it\/2025\/01\/brescia-collettivo-assenze-ingiustificate-solidarieta-al-nostro-collega-vittima-di-aggressione-fascista\/#article","isPartOf":{"@id":"https:\/\/www.pressenza.com\/it\/2025\/01\/brescia-collettivo-assenze-ingiustificate-solidarieta-al-nostro-collega-vittima-di-aggressione-fascista\/"},"author":{"name":"Redazione Sebino Franciacorta","@id":"https:\/\/www.pressenza.com\/it\/#\/schema\/person\/9ec653259bb79d6ea2255fd80043dc9c"},"headline":"Brescia, Collettivo Assenze Ingiustificate: &#8220;Solidariet\u00e0 al nostro collega vittima di aggressione fascista&#8221;","datePublished":"2025-01-09T21:44:56+00:00","mainEntityOfPage":{"@id":"https:\/\/www.pressenza.com\/it\/2025\/01\/brescia-collettivo-assenze-ingiustificate-solidarieta-al-nostro-collega-vittima-di-aggressione-fascista\/"},"wordCount":445,"publisher":{"@id":"https:\/\/www.pressenza.com\/it\/#organization"},"image":{"@id":"https:\/\/www.pressenza.com\/it\/2025\/01\/brescia-collettivo-assenze-ingiustificate-solidarieta-al-nostro-collega-vittima-di-aggressione-fascista\/#primaryimage"},"thumbnailUrl":"https:\/\/www.pressenza.com\/wp-content\/uploads\/2022\/05\/uniti-contro-il-fascismo-rit.jpg","keywords":["antifascismo","Brescia"],"articleSection":["Comunicati Stampa","Politica"],"inLanguage":"it-IT"},{"@type":"WebPage","@id":"https:\/\/www.pressenza.com\/it\/2025\/01\/brescia-collettivo-assenze-ingiustificate-solidarieta-al-nostro-collega-vittima-di-aggressione-fascista\/","url":"https:\/\/www.pressenza.com\/it\/2025\/01\/brescia-collettivo-assenze-ingiustificate-solidarieta-al-nostro-collega-vittima-di-aggressione-fascista\/","name":"Brescia, Collettivo Assenze Ingiustificate: \"Solidariet\u00e0 al nostro collega vittima di aggressione fascista\"","isPartOf":{"@id":"https:\/\/www.pressenza.com\/it\/#website"},"primaryImageOfPage":{"@id":"https:\/\/www.pressenza.com\/it\/2025\/01\/brescia-collettivo-assenze-ingiustificate-solidarieta-al-nostro-collega-vittima-di-aggressione-fascista\/#primaryimage"},"image":{"@id":"https:\/\/www.pressenza.com\/it\/2025\/01\/brescia-collettivo-assenze-ingiustificate-solidarieta-al-nostro-collega-vittima-di-aggressione-fascista\/#primaryimage"},"thumbnailUrl":"https:\/\/www.pressenza.com\/wp-content\/uploads\/2022\/05\/uniti-contro-il-fascismo-rit.jpg","datePublished":"2025-01-09T21:44:56+00:00","description":"\"A Brescia si registra in questo periodo un brutto clima\u201d sono queste le parole del collega di 36 anni accerchiato e picchiato in pieno stile squadrista","breadcrumb":{"@id":"https:\/\/www.pressenza.com\/it\/2025\/01\/brescia-collettivo-assenze-ingiustificate-solidarieta-al-nostro-collega-vittima-di-aggressione-fascista\/#breadcrumb"},"inLanguage":"it-IT","potentialAction":[{"@type":"ReadAction","target":["https:\/\/www.pressenza.com\/it\/2025\/01\/brescia-collettivo-assenze-ingiustificate-solidarieta-al-nostro-collega-vittima-di-aggressione-fascista\/"]}]},{"@type":"ImageObject","inLanguage":"it-IT","@id":"https:\/\/www.pressenza.com\/it\/2025\/01\/brescia-collettivo-assenze-ingiustificate-solidarieta-al-nostro-collega-vittima-di-aggressione-fascista\/#primaryimage","url":"https:\/\/www.pressenza.com\/wp-content\/uploads\/2022\/05\/uniti-contro-il-fascismo-rit.jpg","contentUrl":"https:\/\/www.pressenza.com\/wp-content\/uploads\/2022\/05\/uniti-contro-il-fascismo-rit.jpg","width":1920,"height":1204},{"@type":"BreadcrumbList","@id":"https:\/\/www.pressenza.com\/it\/2025\/01\/brescia-collettivo-assenze-ingiustificate-solidarieta-al-nostro-collega-vittima-di-aggressione-fascista\/#breadcrumb","itemListElement":[{"@type":"ListItem","position":1,"name":"Accueil","item":"https:\/\/www.pressenza.com\/it\/"},{"@type":"ListItem","position":2,"name":"Brescia, Collettivo Assenze Ingiustificate: &#8220;Solidariet\u00e0 al nostro collega vittima di aggressione fascista&#8221;"}]},{"@type":"WebSite","@id":"https:\/\/www.pressenza.com\/it\/#website","url":"https:\/\/www.pressenza.com\/it\/","name":"Pressenza","description":"Agenzia di Stampa Internazionale","publisher":{"@id":"https:\/\/www.pressenza.com\/it\/#organization"},"potentialAction":[{"@type":"SearchAction","target":{"@type":"EntryPoint","urlTemplate":"https:\/\/www.pressenza.com\/it\/?s={search_term_string}"},"query-input":{"@type":"PropertyValueSpecification","valueRequired":true,"valueName":"search_term_string"}}],"inLanguage":"it-IT"},{"@type":"Organization","@id":"https:\/\/www.pressenza.com\/it\/#organization","name":"Pressenza","url":"https:\/\/www.pressenza.com\/it\/","logo":{"@type":"ImageObject","inLanguage":"it-IT","@id":"https:\/\/www.pressenza.com\/it\/#\/schema\/logo\/image\/","url":"https:\/\/www.pressenza.com\/wp-content\/uploads\/2022\/10\/pressenza_logo_200x200.jpg","contentUrl":"https:\/\/www.pressenza.com\/wp-content\/uploads\/2022\/10\/pressenza_logo_200x200.jpg","width":200,"height":200,"caption":"Pressenza"},"image":{"@id":"https:\/\/www.pressenza.com\/it\/#\/schema\/logo\/image\/"},"sameAs":["https:\/\/www.facebook.com\/PressenzaItalia","https:\/\/x.com\/PressenzaIPA"]},{"@type":"Person","@id":"https:\/\/www.pressenza.com\/it\/#\/schema\/person\/9ec653259bb79d6ea2255fd80043dc9c","name":"Redazione Sebino Franciacorta","url":"https:\/\/www.pressenza.com\/it\/author\/redazione-sebino-franciacorta\/"}]}},"place":"","original_article_url":"","_links":{"self":[{"href":"https:\/\/www.pressenza.com\/it\/wp-json\/wp\/v2\/posts\/2575284","targetHints":{"allow":["GET"]}}],"collection":[{"href":"https:\/\/www.pressenza.com\/it\/wp-json\/wp\/v2\/posts"}],"about":[{"href":"https:\/\/www.pressenza.com\/it\/wp-json\/wp\/v2\/types\/post"}],"author":[{"embeddable":true,"href":"https:\/\/www.pressenza.com\/it\/wp-json\/wp\/v2\/users\/1969"}],"replies":[{"embeddable":true,"href":"https:\/\/www.pressenza.com\/it\/wp-json\/wp\/v2\/comments?post=2575284"}],"version-history":[{"count":0,"href":"https:\/\/www.pressenza.com\/it\/wp-json\/wp\/v2\/posts\/2575284\/revisions"}],"wp:featuredmedia":[{"embeddable":true,"href":"https:\/\/www.pressenza.com\/it\/wp-json\/wp\/v2\/media\/1584010"}],"wp:attachment":[{"href":"https:\/\/www.pressenza.com\/it\/wp-json\/wp\/v2\/media?parent=2575284"}],"wp:term":[{"taxonomy":"category","embeddable":true,"href":"https:\/\/www.pressenza.com\/it\/wp-json\/wp\/v2\/categories?post=2575284"},{"taxonomy":"post_tag","embeddable":true,"href":"https:\/\/www.pressenza.com\/it\/wp-json\/wp\/v2\/tags?post=2575284"}],"curies":[{"name":"wp","href":"https:\/\/api.w.org\/{rel}","templated":true}]}}