{"id":2574930,"date":"2025-01-08T08:54:46","date_gmt":"2025-01-08T08:54:46","guid":{"rendered":"https:\/\/www.pressenza.com\/?p=2574930"},"modified":"2025-01-08T08:54:46","modified_gmt":"2025-01-08T08:54:46","slug":"la-kiva-la-voce-delle-comunita-ancestrali","status":"publish","type":"post","link":"https:\/\/www.pressenza.com\/it\/2025\/01\/la-kiva-la-voce-delle-comunita-ancestrali\/","title":{"rendered":"La Kiva, la voce delle comunit\u00e0 ancestrali"},"content":{"rendered":"<p>Siamo Raices de La Tierra. Siamo una famiglia unita dalla via del cuore aperto, un movimento spirituale mondiale e un\u2019organizzazione globale senza scopo di lucro, dedicata alla salvaguardia e la condivisione della cultura e delle tradizioni indigene in tutti i territori del mondo, per una coscienza globale e attiva in armonia con la Madre Terra, gli elementi e tutte le relazioni.<\/p>\n<p>Da oltre 40 anni manteniamo questa preghiera nelle Americhe, estendendola all\u2019Europa e all\u2019Asia, riunendo pi\u00f9 di 700 leader delle comunit\u00e0 indigene.<\/p>\n<p>La nostra missione nasce dalla visione di collegare culture ancestrali provenienti da diversi territori del mondo. Espandiamo la saggezza dei portatori di conoscenza di varie tradizioni indigene attraverso quattro eredit\u00e0 principali: Temazcal, Visione della montagna, Danza del sole e Cerimonia della KIVA. Queste cerimonie viaggiano per il mondo offrendo servizio spirituale, creando collegamenti con le nostre societ\u00e0 attuali e formando ponti di accesso tra la visione del mondo indigena e la vita moderna.<\/p>\n<p><img loading=\"lazy\" decoding=\"async\" class=\"alignnone wp-image-2574932 size-full\" src=\"https:\/\/www.pressenza.com\/wp-content\/uploads\/2025\/01\/cerimonia-Kiva.jpg\" alt=\"\" width=\"900\" height=\"506\" srcset=\"https:\/\/www.pressenza.com\/wp-content\/uploads\/2025\/01\/cerimonia-Kiva.jpg 900w, https:\/\/www.pressenza.com\/wp-content\/uploads\/2025\/01\/cerimonia-Kiva-300x169.jpg 300w, https:\/\/www.pressenza.com\/wp-content\/uploads\/2025\/01\/cerimonia-Kiva-820x461.jpg 820w\" sizes=\"auto, (max-width: 900px) 100vw, 900px\" \/><\/p>\n<p><strong>La cerimonia della Kiva<\/strong><\/p>\n<p>La cerimonia della Kiva \u00e8 un evento sacro di quattro giorni che riunisce in un unico luogo saggi e portatori di conoscenze ancestrali provenienti da tutto il mondo.<\/p>\n<p>La Kiva rappresenta il <strong>cuore della Madre Terra<\/strong>, dove si concentrano il mistero e la magia dei nostri antenati, \u00e8 un luogo sacro usato dalle trib\u00f9 del Nord America, progettato dagli Anasazi.<\/p>\n<p><strong>Un cerchio con quattro altari<\/strong> collegati a un fuoco centrale, che riceve preghiere, canti e pensieri. La Kiva tesse un legame di comprensione che ci ricorda \u2013 nonostante le nostre differenze \u2013 la nostra unit\u00e0 come famiglia umana, profondamente legata al destino del nostro pianeta.<\/p>\n<p>Il recupero di questa cerimonia cominci\u00f2 negli anni Sessanta, grazie ad una visione di <strong>Raymundo Tigre Perez<\/strong>, che dedic\u00f2 la vita al recupero delle tradizioni spirituali dei Nativi Americani e alla difesa dei loro diritti.<\/p>\n<p>Vide una <strong>donna<\/strong> piangere: era la <strong>Madre Terra<\/strong>. All&#8217;improvviso la terra si apr\u00ec e form\u00f2 un cerchio con un fuoco al centro. Da diverse direzioni, esseri umani di provenienze e colori differenti entrarono in questo cerchio, parlando e pregando nelle loro lingue originali. Vedendo tutte queste persone nuovamente riunite la donna smise di piangere e inizi\u00f2 ad intonare canti di gioia, rinnovando una forte connessione tra di loro e con tutti gli esseri viventi.<\/p>\n<p>Da quel momento Raymundo Tigre Perez ha ricominciato a richiamare intorno al fuoco anziani da tutto il mondo. I suoi eredi, riuniti in <strong>Raices de la Tierra<\/strong>, continuano a diffondere questa medicina; tra questi <strong>Heriberto Villase\u00f1or<\/strong>, direttore di Ra\u00edces de la Tierra.<\/p>\n<p><strong>Il pellegrinaggio<\/strong><\/p>\n<p>Nel 2025 vogliamo chiudere questo cerchio speciale con il sostegno di tutti. <strong>Venticinque rappresentanti delle comunit\u00e0 ancestrali<\/strong> compiranno un viaggio sacro attraverso i <strong>cinque continenti<\/strong>, per unire persone di tutte le culture e quattro colori in una preghiera per la pace e l&#8217;armonia sul nostro pianeta.<\/p>\n<p><strong>\u00c8 giunta l\u2019ora che i popoli che fino ad ora hanno custodito in silenzio i saperi abbiano voce; per questo da sempre Raices de la Tierra si occupa di dare il giusto riconoscimento a tutte le comunit\u00e0 che nelle giungle, nelle montagne e nei deserti mantengono vivo il legame spirituale con la Madre Terra.<\/strong><\/p>\n<p><strong>Da febbraio a marzo 2025<\/strong> <strong>la cerimonia della Kiva toccher\u00e0 Europa (Italia), Asia (India), Oceania (Australia), Africa (Zimbabwe) e Americhe (Cile).<\/strong><\/p>\n<p><strong>La Kiva in Italia<\/strong><\/p>\n<p><strong>Il pellegrinaggio comincer\u00e0 in Italia dal 6 al 9 febbraio 2025<\/strong><strong><u>\u00a0<\/u><\/strong><strong>vicino ad Ischia di Castro (Viterbo).<\/strong><\/p>\n<p>Saremo ospiti del territorio degli antichi Etruschi, dove da circa dieci anni la Famiglia di Radici della Terra Italia custodisce Temazcal e Ricerche di Visione. Sono luoghi in cui l\u2019ascolto degli elementi \u00e8 sempre stato al centro della spiritualit\u00e0.<\/p>\n<p>Grazie alla medicina della Kiva sar\u00e0 possibile risvegliare e onorare la nostra saggezza, la memoria e le radici per alimentare un nuovo ritorno a una relazione di pace con la Terra e con le nostre relazioni.<\/p>\n<p>ll miracolo di riunire l\u2019umanit\u00e0 in una sana consapevolezza ha bisogno di me, di te e di tutti. Ti invitiamo a partecipare a questa cerimonia che trascende i confini e mette in risalto il valore della diversit\u00e0, dell\u2019unit\u00e0 e della generosit\u00e0. \u00c8 tempo di ristabilire l&#8217;equilibrio della Terra, camminando in armonia con lei come un&#8217;unica grande famiglia.<\/p>\n<p><strong>Cosa puoi fare?<\/strong><\/p>\n<p>Puoi iscriverti per partecipare qui <a href=\"https:\/\/roots-of-the-earth.eu\/kiva-2025\/\">https:\/\/roots-of-the-earth.eu\/kiva-2025\/<\/a><\/p>\n<p>Puoi donare nel crowdfunding: <a href=\"https:\/\/whydonate.com\/es\/fundraising\/kivafamily\">https:\/\/whydonate.com\/es\/fundraising\/kivafamily<\/a><\/p>\n<p>I contributi raccolti saranno usati per acquistare biglietti aerei, pagare le assicurazioni e le spese di vitto e alloggio di tutti gli uomini e donne che porteranno la loro preghiera alla Kiva.<\/p>\n<p>Puoi diffondere questo messaggio e unirti alle nostre preghiere anche tramite i social (fb e Instagram: Radici della Terra).<\/p>\n<p>Se desideri conoscere di pi\u00f9 il nostro lavoro o partecipare ad alcune delle nostre cerimonie, non esitare a metterti in contatto con noi. Saremo felici di accoglierti in uno dei nostri fuochi e condividere con te l\u2019esperienza della Kiva.<\/p>\n<p><a href=\"https:\/\/roots-of-the-earth.eu\/\">https:\/\/roots-of-the-earth.eu\/<\/a><\/p>\n<p>&nbsp;<\/p>\n<p>&nbsp;<\/p>\n<p>&nbsp;<\/p>\n","protected":false},"excerpt":{"rendered":"<p>Siamo Raices de La Tierra. Siamo una famiglia unita dalla via del cuore aperto, un movimento spirituale mondiale e un\u2019organizzazione globale senza scopo di lucro, dedicata alla salvaguardia e la condivisione della cultura e delle tradizioni indigene in tutti i&hellip;<\/p>\n","protected":false},"author":594,"featured_media":2574931,"comment_status":"closed","ping_status":"closed","sticky":false,"template":"","format":"standard","meta":{"footnotes":""},"categories":[150,38,61,1260],"tags":[130996,130998,8783,130997],"class_list":["post-2574930","post","type-post","status-publish","format-standard","has-post-thumbnail","hentry","category-comunicati-stampa","category-internazionale","category-popoli-aborigeni","category-umanesimo-spiritualita","tag-cerimonia-della-kiva","tag-comunita-ancestrali","tag-pellegrinaggio","tag-raices-de-la-tierra"],"yoast_head":"<!-- This site is optimized with the Yoast SEO plugin v27.1.1 - https:\/\/yoast.com\/product\/yoast-seo-wordpress\/ -->\n<title>La Kiva, la voce delle comunit\u00e0 ancestrali<\/title>\n<meta name=\"description\" content=\"Siamo Raices de La Tierra. Siamo una famiglia unita dalla via del cuore aperto, un movimento spirituale mondiale e un\u2019organizzazione globale senza scopo\" \/>\n<meta name=\"robots\" content=\"index, follow, max-snippet:-1, max-image-preview:large, max-video-preview:-1\" \/>\n<link rel=\"canonical\" href=\"https:\/\/www.pressenza.com\/it\/2025\/01\/la-kiva-la-voce-delle-comunita-ancestrali\/\" \/>\n<meta property=\"og:locale\" content=\"it_IT\" \/>\n<meta property=\"og:type\" content=\"article\" \/>\n<meta property=\"og:title\" content=\"La Kiva, la voce delle comunit\u00e0 ancestrali\" \/>\n<meta property=\"og:description\" content=\"Siamo Raices de La Tierra. Siamo una famiglia unita dalla via del cuore aperto, un movimento spirituale mondiale e un\u2019organizzazione globale senza scopo\" \/>\n<meta property=\"og:url\" content=\"https:\/\/www.pressenza.com\/it\/2025\/01\/la-kiva-la-voce-delle-comunita-ancestrali\/\" \/>\n<meta property=\"og:site_name\" content=\"Pressenza\" \/>\n<meta property=\"article:publisher\" content=\"https:\/\/www.facebook.com\/PressenzaItalia\" \/>\n<meta property=\"article:author\" content=\"https:\/\/www.facebook.com\/PressenzaItalia\" \/>\n<meta property=\"article:published_time\" content=\"2025-01-08T08:54:46+00:00\" \/>\n<meta property=\"og:image\" content=\"https:\/\/www.pressenza.com\/wp-content\/uploads\/2025\/01\/cerimonia-Kiva-1.jpg\" \/>\n\t<meta property=\"og:image:width\" content=\"2048\" \/>\n\t<meta property=\"og:image:height\" content=\"1365\" \/>\n\t<meta property=\"og:image:type\" content=\"image\/jpeg\" \/>\n<meta name=\"author\" content=\"Redazione Italia\" \/>\n<meta name=\"twitter:card\" content=\"summary_large_image\" \/>\n<meta name=\"twitter:creator\" content=\"@pressenza_it\" \/>\n<meta name=\"twitter:site\" content=\"@PressenzaIPA\" \/>\n<meta name=\"twitter:label1\" content=\"Scritto da\" \/>\n\t<meta name=\"twitter:data1\" content=\"Redazione Italia\" \/>\n\t<meta name=\"twitter:label2\" content=\"Tempo di lettura stimato\" \/>\n\t<meta name=\"twitter:data2\" content=\"5 minuti\" \/>\n<script type=\"application\/ld+json\" class=\"yoast-schema-graph\">{\"@context\":\"https:\/\/schema.org\",\"@graph\":[{\"@type\":\"Article\",\"@id\":\"https:\/\/www.pressenza.com\/it\/2025\/01\/la-kiva-la-voce-delle-comunita-ancestrali\/#article\",\"isPartOf\":{\"@id\":\"https:\/\/www.pressenza.com\/it\/2025\/01\/la-kiva-la-voce-delle-comunita-ancestrali\/\"},\"author\":{\"name\":\"Redazione Italia\",\"@id\":\"https:\/\/www.pressenza.com\/it\/#\/schema\/person\/d983e81827ae24f2c7b1a2123d197f8d\"},\"headline\":\"La Kiva, la voce delle comunit\u00e0 ancestrali\",\"datePublished\":\"2025-01-08T08:54:46+00:00\",\"mainEntityOfPage\":{\"@id\":\"https:\/\/www.pressenza.com\/it\/2025\/01\/la-kiva-la-voce-delle-comunita-ancestrali\/\"},\"wordCount\":816,\"publisher\":{\"@id\":\"https:\/\/www.pressenza.com\/it\/#organization\"},\"image\":{\"@id\":\"https:\/\/www.pressenza.com\/it\/2025\/01\/la-kiva-la-voce-delle-comunita-ancestrali\/#primaryimage\"},\"thumbnailUrl\":\"https:\/\/www.pressenza.com\/wp-content\/uploads\/2025\/01\/cerimonia-Kiva-1.jpg\",\"keywords\":[\"cerimonia della Kiva\",\"comunit\u00e0 ancestrali\",\"pellegrinaggio\",\"Raices de la Tierra\"],\"articleSection\":[\"Comunicati Stampa\",\"Internazionale\",\"Popoli originari\",\"Umanesimo e Spiritualit\u00e0\"],\"inLanguage\":\"it-IT\"},{\"@type\":\"WebPage\",\"@id\":\"https:\/\/www.pressenza.com\/it\/2025\/01\/la-kiva-la-voce-delle-comunita-ancestrali\/\",\"url\":\"https:\/\/www.pressenza.com\/it\/2025\/01\/la-kiva-la-voce-delle-comunita-ancestrali\/\",\"name\":\"La Kiva, la voce delle comunit\u00e0 ancestrali\",\"isPartOf\":{\"@id\":\"https:\/\/www.pressenza.com\/it\/#website\"},\"primaryImageOfPage\":{\"@id\":\"https:\/\/www.pressenza.com\/it\/2025\/01\/la-kiva-la-voce-delle-comunita-ancestrali\/#primaryimage\"},\"image\":{\"@id\":\"https:\/\/www.pressenza.com\/it\/2025\/01\/la-kiva-la-voce-delle-comunita-ancestrali\/#primaryimage\"},\"thumbnailUrl\":\"https:\/\/www.pressenza.com\/wp-content\/uploads\/2025\/01\/cerimonia-Kiva-1.jpg\",\"datePublished\":\"2025-01-08T08:54:46+00:00\",\"description\":\"Siamo Raices de La Tierra. Siamo una famiglia unita dalla via del cuore aperto, un movimento spirituale mondiale e un\u2019organizzazione globale senza scopo\",\"breadcrumb\":{\"@id\":\"https:\/\/www.pressenza.com\/it\/2025\/01\/la-kiva-la-voce-delle-comunita-ancestrali\/#breadcrumb\"},\"inLanguage\":\"it-IT\",\"potentialAction\":[{\"@type\":\"ReadAction\",\"target\":[\"https:\/\/www.pressenza.com\/it\/2025\/01\/la-kiva-la-voce-delle-comunita-ancestrali\/\"]}]},{\"@type\":\"ImageObject\",\"inLanguage\":\"it-IT\",\"@id\":\"https:\/\/www.pressenza.com\/it\/2025\/01\/la-kiva-la-voce-delle-comunita-ancestrali\/#primaryimage\",\"url\":\"https:\/\/www.pressenza.com\/wp-content\/uploads\/2025\/01\/cerimonia-Kiva-1.jpg\",\"contentUrl\":\"https:\/\/www.pressenza.com\/wp-content\/uploads\/2025\/01\/cerimonia-Kiva-1.jpg\",\"width\":2048,\"height\":1365},{\"@type\":\"BreadcrumbList\",\"@id\":\"https:\/\/www.pressenza.com\/it\/2025\/01\/la-kiva-la-voce-delle-comunita-ancestrali\/#breadcrumb\",\"itemListElement\":[{\"@type\":\"ListItem\",\"position\":1,\"name\":\"Accueil\",\"item\":\"https:\/\/www.pressenza.com\/it\/\"},{\"@type\":\"ListItem\",\"position\":2,\"name\":\"La Kiva, la voce delle comunit\u00e0 ancestrali\"}]},{\"@type\":\"WebSite\",\"@id\":\"https:\/\/www.pressenza.com\/it\/#website\",\"url\":\"https:\/\/www.pressenza.com\/it\/\",\"name\":\"Pressenza\",\"description\":\"Agenzia di Stampa Internazionale\",\"publisher\":{\"@id\":\"https:\/\/www.pressenza.com\/it\/#organization\"},\"potentialAction\":[{\"@type\":\"SearchAction\",\"target\":{\"@type\":\"EntryPoint\",\"urlTemplate\":\"https:\/\/www.pressenza.com\/it\/?s={search_term_string}\"},\"query-input\":{\"@type\":\"PropertyValueSpecification\",\"valueRequired\":true,\"valueName\":\"search_term_string\"}}],\"inLanguage\":\"it-IT\"},{\"@type\":\"Organization\",\"@id\":\"https:\/\/www.pressenza.com\/it\/#organization\",\"name\":\"Pressenza\",\"url\":\"https:\/\/www.pressenza.com\/it\/\",\"logo\":{\"@type\":\"ImageObject\",\"inLanguage\":\"it-IT\",\"@id\":\"https:\/\/www.pressenza.com\/it\/#\/schema\/logo\/image\/\",\"url\":\"https:\/\/www.pressenza.com\/wp-content\/uploads\/2022\/10\/pressenza_logo_200x200.jpg\",\"contentUrl\":\"https:\/\/www.pressenza.com\/wp-content\/uploads\/2022\/10\/pressenza_logo_200x200.jpg\",\"width\":200,\"height\":200,\"caption\":\"Pressenza\"},\"image\":{\"@id\":\"https:\/\/www.pressenza.com\/it\/#\/schema\/logo\/image\/\"},\"sameAs\":[\"https:\/\/www.facebook.com\/PressenzaItalia\",\"https:\/\/x.com\/PressenzaIPA\"]},{\"@type\":\"Person\",\"@id\":\"https:\/\/www.pressenza.com\/it\/#\/schema\/person\/d983e81827ae24f2c7b1a2123d197f8d\",\"name\":\"Redazione Italia\",\"description\":\"News from the Pressenza Bureau in Italy\",\"sameAs\":[\"https:\/\/www.pressenza.com\/it\/author\/redazione-italia\/\",\"https:\/\/www.facebook.com\/PressenzaItalia\",\"https:\/\/www.instagram.com\/pressenza_italia\/\",\"https:\/\/x.com\/pressenza_it\",\"https:\/\/www.youtube.com\/channel\/UCSalEIWjE1RSxkwjfftFuqg\"],\"url\":\"https:\/\/www.pressenza.com\/it\/author\/redazione-italia\/\"}]}<\/script>\n<!-- \/ Yoast SEO plugin. -->","yoast_head_json":{"title":"La Kiva, la voce delle comunit\u00e0 ancestrali","description":"Siamo Raices de La Tierra. Siamo una famiglia unita dalla via del cuore aperto, un movimento spirituale mondiale e un\u2019organizzazione globale senza scopo","robots":{"index":"index","follow":"follow","max-snippet":"max-snippet:-1","max-image-preview":"max-image-preview:large","max-video-preview":"max-video-preview:-1"},"canonical":"https:\/\/www.pressenza.com\/it\/2025\/01\/la-kiva-la-voce-delle-comunita-ancestrali\/","og_locale":"it_IT","og_type":"article","og_title":"La Kiva, la voce delle comunit\u00e0 ancestrali","og_description":"Siamo Raices de La Tierra. Siamo una famiglia unita dalla via del cuore aperto, un movimento spirituale mondiale e un\u2019organizzazione globale senza scopo","og_url":"https:\/\/www.pressenza.com\/it\/2025\/01\/la-kiva-la-voce-delle-comunita-ancestrali\/","og_site_name":"Pressenza","article_publisher":"https:\/\/www.facebook.com\/PressenzaItalia","article_author":"https:\/\/www.facebook.com\/PressenzaItalia","article_published_time":"2025-01-08T08:54:46+00:00","og_image":[{"width":2048,"height":1365,"url":"https:\/\/www.pressenza.com\/wp-content\/uploads\/2025\/01\/cerimonia-Kiva-1.jpg","type":"image\/jpeg"}],"author":"Redazione Italia","twitter_card":"summary_large_image","twitter_creator":"@pressenza_it","twitter_site":"@PressenzaIPA","twitter_misc":{"Scritto da":"Redazione Italia","Tempo di lettura stimato":"5 minuti"},"schema":{"@context":"https:\/\/schema.org","@graph":[{"@type":"Article","@id":"https:\/\/www.pressenza.com\/it\/2025\/01\/la-kiva-la-voce-delle-comunita-ancestrali\/#article","isPartOf":{"@id":"https:\/\/www.pressenza.com\/it\/2025\/01\/la-kiva-la-voce-delle-comunita-ancestrali\/"},"author":{"name":"Redazione Italia","@id":"https:\/\/www.pressenza.com\/it\/#\/schema\/person\/d983e81827ae24f2c7b1a2123d197f8d"},"headline":"La Kiva, la voce delle comunit\u00e0 ancestrali","datePublished":"2025-01-08T08:54:46+00:00","mainEntityOfPage":{"@id":"https:\/\/www.pressenza.com\/it\/2025\/01\/la-kiva-la-voce-delle-comunita-ancestrali\/"},"wordCount":816,"publisher":{"@id":"https:\/\/www.pressenza.com\/it\/#organization"},"image":{"@id":"https:\/\/www.pressenza.com\/it\/2025\/01\/la-kiva-la-voce-delle-comunita-ancestrali\/#primaryimage"},"thumbnailUrl":"https:\/\/www.pressenza.com\/wp-content\/uploads\/2025\/01\/cerimonia-Kiva-1.jpg","keywords":["cerimonia della Kiva","comunit\u00e0 ancestrali","pellegrinaggio","Raices de la Tierra"],"articleSection":["Comunicati Stampa","Internazionale","Popoli originari","Umanesimo e Spiritualit\u00e0"],"inLanguage":"it-IT"},{"@type":"WebPage","@id":"https:\/\/www.pressenza.com\/it\/2025\/01\/la-kiva-la-voce-delle-comunita-ancestrali\/","url":"https:\/\/www.pressenza.com\/it\/2025\/01\/la-kiva-la-voce-delle-comunita-ancestrali\/","name":"La Kiva, la voce delle comunit\u00e0 ancestrali","isPartOf":{"@id":"https:\/\/www.pressenza.com\/it\/#website"},"primaryImageOfPage":{"@id":"https:\/\/www.pressenza.com\/it\/2025\/01\/la-kiva-la-voce-delle-comunita-ancestrali\/#primaryimage"},"image":{"@id":"https:\/\/www.pressenza.com\/it\/2025\/01\/la-kiva-la-voce-delle-comunita-ancestrali\/#primaryimage"},"thumbnailUrl":"https:\/\/www.pressenza.com\/wp-content\/uploads\/2025\/01\/cerimonia-Kiva-1.jpg","datePublished":"2025-01-08T08:54:46+00:00","description":"Siamo Raices de La Tierra. Siamo una famiglia unita dalla via del cuore aperto, un movimento spirituale mondiale e un\u2019organizzazione globale senza scopo","breadcrumb":{"@id":"https:\/\/www.pressenza.com\/it\/2025\/01\/la-kiva-la-voce-delle-comunita-ancestrali\/#breadcrumb"},"inLanguage":"it-IT","potentialAction":[{"@type":"ReadAction","target":["https:\/\/www.pressenza.com\/it\/2025\/01\/la-kiva-la-voce-delle-comunita-ancestrali\/"]}]},{"@type":"ImageObject","inLanguage":"it-IT","@id":"https:\/\/www.pressenza.com\/it\/2025\/01\/la-kiva-la-voce-delle-comunita-ancestrali\/#primaryimage","url":"https:\/\/www.pressenza.com\/wp-content\/uploads\/2025\/01\/cerimonia-Kiva-1.jpg","contentUrl":"https:\/\/www.pressenza.com\/wp-content\/uploads\/2025\/01\/cerimonia-Kiva-1.jpg","width":2048,"height":1365},{"@type":"BreadcrumbList","@id":"https:\/\/www.pressenza.com\/it\/2025\/01\/la-kiva-la-voce-delle-comunita-ancestrali\/#breadcrumb","itemListElement":[{"@type":"ListItem","position":1,"name":"Accueil","item":"https:\/\/www.pressenza.com\/it\/"},{"@type":"ListItem","position":2,"name":"La Kiva, la voce delle comunit\u00e0 ancestrali"}]},{"@type":"WebSite","@id":"https:\/\/www.pressenza.com\/it\/#website","url":"https:\/\/www.pressenza.com\/it\/","name":"Pressenza","description":"Agenzia di Stampa Internazionale","publisher":{"@id":"https:\/\/www.pressenza.com\/it\/#organization"},"potentialAction":[{"@type":"SearchAction","target":{"@type":"EntryPoint","urlTemplate":"https:\/\/www.pressenza.com\/it\/?s={search_term_string}"},"query-input":{"@type":"PropertyValueSpecification","valueRequired":true,"valueName":"search_term_string"}}],"inLanguage":"it-IT"},{"@type":"Organization","@id":"https:\/\/www.pressenza.com\/it\/#organization","name":"Pressenza","url":"https:\/\/www.pressenza.com\/it\/","logo":{"@type":"ImageObject","inLanguage":"it-IT","@id":"https:\/\/www.pressenza.com\/it\/#\/schema\/logo\/image\/","url":"https:\/\/www.pressenza.com\/wp-content\/uploads\/2022\/10\/pressenza_logo_200x200.jpg","contentUrl":"https:\/\/www.pressenza.com\/wp-content\/uploads\/2022\/10\/pressenza_logo_200x200.jpg","width":200,"height":200,"caption":"Pressenza"},"image":{"@id":"https:\/\/www.pressenza.com\/it\/#\/schema\/logo\/image\/"},"sameAs":["https:\/\/www.facebook.com\/PressenzaItalia","https:\/\/x.com\/PressenzaIPA"]},{"@type":"Person","@id":"https:\/\/www.pressenza.com\/it\/#\/schema\/person\/d983e81827ae24f2c7b1a2123d197f8d","name":"Redazione Italia","description":"News from the Pressenza Bureau in Italy","sameAs":["https:\/\/www.pressenza.com\/it\/author\/redazione-italia\/","https:\/\/www.facebook.com\/PressenzaItalia","https:\/\/www.instagram.com\/pressenza_italia\/","https:\/\/x.com\/pressenza_it","https:\/\/www.youtube.com\/channel\/UCSalEIWjE1RSxkwjfftFuqg"],"url":"https:\/\/www.pressenza.com\/it\/author\/redazione-italia\/"}]}},"place":"","original_article_url":"","_links":{"self":[{"href":"https:\/\/www.pressenza.com\/it\/wp-json\/wp\/v2\/posts\/2574930","targetHints":{"allow":["GET"]}}],"collection":[{"href":"https:\/\/www.pressenza.com\/it\/wp-json\/wp\/v2\/posts"}],"about":[{"href":"https:\/\/www.pressenza.com\/it\/wp-json\/wp\/v2\/types\/post"}],"author":[{"embeddable":true,"href":"https:\/\/www.pressenza.com\/it\/wp-json\/wp\/v2\/users\/594"}],"replies":[{"embeddable":true,"href":"https:\/\/www.pressenza.com\/it\/wp-json\/wp\/v2\/comments?post=2574930"}],"version-history":[{"count":0,"href":"https:\/\/www.pressenza.com\/it\/wp-json\/wp\/v2\/posts\/2574930\/revisions"}],"wp:featuredmedia":[{"embeddable":true,"href":"https:\/\/www.pressenza.com\/it\/wp-json\/wp\/v2\/media\/2574931"}],"wp:attachment":[{"href":"https:\/\/www.pressenza.com\/it\/wp-json\/wp\/v2\/media?parent=2574930"}],"wp:term":[{"taxonomy":"category","embeddable":true,"href":"https:\/\/www.pressenza.com\/it\/wp-json\/wp\/v2\/categories?post=2574930"},{"taxonomy":"post_tag","embeddable":true,"href":"https:\/\/www.pressenza.com\/it\/wp-json\/wp\/v2\/tags?post=2574930"}],"curies":[{"name":"wp","href":"https:\/\/api.w.org\/{rel}","templated":true}]}}