{"id":2574713,"date":"2025-01-06T22:42:50","date_gmt":"2025-01-06T22:42:50","guid":{"rendered":"https:\/\/www.pressenza.com\/?p=2574713"},"modified":"2025-01-07T09:00:00","modified_gmt":"2025-01-07T09:00:00","slug":"contro-tutte-le-guerre-di-ieri-di-oggi-di-domani-video","status":"publish","type":"post","link":"https:\/\/www.pressenza.com\/it\/2025\/01\/contro-tutte-le-guerre-di-ieri-di-oggi-di-domani-video\/","title":{"rendered":"Contro tutte le guerre: di ieri, di oggi, di domani &#8211; VIDEO"},"content":{"rendered":"<p>Estate 2024: al termine di un intenso viaggio in Armenia, proprio l&#8217;ultimo giorno, mi reco a Yerablur, il cimitero militare di Erevan, capitale dell&#8217;Armenia. Nei giorni precedenti parecchie persone mi avevano parlato delle difficili guerre con l&#8217;Azerbaigian, che alla fine ha conquistato il Nagorno Karabakh con un esercito molto meglio armato. A seguito di quella conquista oltre centomila armenti sono stati espulsi da quella regione verso Erevan e dintorni.<\/p>\n<div>Camminando per quei vialetti assolati salta subito all&#8217;occhio la gran quantit\u00e0 di giovani che l\u00ec sono stati seppelliti: sono tantissimi, ventenni, a volte anche pi\u00f9 giovani. Le loro foto fanno piangere: vite spezzate, famiglie distrutte. Mi perdo in quel labirinto di dolore.<\/div>\n<p>Mi viene in mente una canzone che conosco da pi\u00f9 di 40 anni: &#8220;The green fields of France&#8221;. Parla di un giovane morto a 19 anni, nel 1916, durante la prima guerra mondiale. Il compositore si trova davanti alla sua tomba e comincia a cercare un dialogo con lui, chiedendosi come sia andata.<\/p>\n<div>Decido di sistemare la videocamera e di cantare quella canzone, che conosco a memoria, davanti a una di quelle tombe. Dopo poco arriva un soldato, mi dice che non si possono fare video nel cimitero, cos\u00ec mi scuso e spengo tutto. Ma l&#8217;idea rimane, e una volta tornato a casa propongo alla mia amica cantante Silvia Zaru di reinterpretare quella canzone per poterla pubblicare. Ci lavora sodo e la registra. L&#8217;amico Dario Lo Scalzo fa il montaggio.<\/div>\n<div><\/div>\n<p><iframe loading=\"lazy\" title=\"Cimitero militare di Yerablur, Armenia - &quot;The green fields of France&quot;, canzone antimilitarista\" width=\"500\" height=\"281\" src=\"https:\/\/www.youtube.com\/embed\/hOcMhLjGBU0?feature=oembed\" frameborder=\"0\" allow=\"accelerometer; autoplay; clipboard-write; encrypted-media; gyroscope; picture-in-picture; web-share\" referrerpolicy=\"strict-origin-when-cross-origin\" allowfullscreen><\/iframe><\/p>\n<p>Con questo video parliamo di Armenia, certo, ma il discorso si allarga a TUTTE le guerre, dove chi combatte sono spesso giovanissimi soldati.<\/p>\n<div>Sappiamo che rispetto alla prima guerra mondiale ora i civili che muoiono a causa delle guerre sono molti di pi\u00f9, ma i volti di quei soldati, chiamati alle armi per uccidere o esser ammazzati, fanno impressione.<\/div>\n<p><a href=\"https:\/\/www.pressenza.com\/wp-content\/uploads\/2025\/01\/Autista.jpg\"><img loading=\"lazy\" decoding=\"async\" class=\" wp-image-2574715 alignleft\" src=\"https:\/\/www.pressenza.com\/wp-content\/uploads\/2025\/01\/Autista.jpg\" alt=\"\" width=\"418\" height=\"280\" srcset=\"https:\/\/www.pressenza.com\/wp-content\/uploads\/2025\/01\/Autista.jpg 820w, https:\/\/www.pressenza.com\/wp-content\/uploads\/2025\/01\/Autista-300x201.jpg 300w\" sizes=\"auto, (max-width: 418px) 100vw, 418px\" \/><\/a>Per rientrare in citt\u00e0 faccio autostop. Mi carica un uomo di una certa et\u00e0, non abbiamo una lingua da usare per parlare, ma lui intuisce che vengo da quel cimitero. Quando confermo, mentre guida, apre il cassetto del cruscotto ed estrae un passaporto: \u00e8 quello di suo figlio, morto in guerra.<\/p>\n<p>Sono senza parole.<\/p>\n<p>Ma dopo viene da gridare ancora pi\u00f9 forte, ovunque: &#8220;Disertate!&#8221;<\/p>\n<div class=\"post-gallery\">\n\t\t\t<figure class=\"post-gallery-item\">\n\t\t\t\t<img decoding=\"async\" src=\"https:\/\/www.pressenza.com\/wp-content\/uploads\/2025\/01\/Passaporto-2.jpg\" loading=\"lazy\">\n\t\t\t\t<figcaption>\n\t\t\t\t\t\n\t\t\t\t<\/figcaption>\n\t\t\t<\/figure>\n\t\t\t<figure class=\"post-gallery-item\">\n\t\t\t\t<img decoding=\"async\" src=\"https:\/\/www.pressenza.com\/wp-content\/uploads\/2025\/01\/Lapide-1.jpg\" loading=\"lazy\">\n\t\t\t\t<figcaption>\n\t\t\t\t\t\n\t\t\t\t<\/figcaption>\n\t\t\t<\/figure>\n\t\t\t<figure class=\"post-gallery-item\">\n\t\t\t\t<img decoding=\"async\" src=\"https:\/\/www.pressenza.com\/wp-content\/uploads\/2025\/01\/Lapide-2.jpg\" loading=\"lazy\">\n\t\t\t\t<figcaption>\n\t\t\t\t\t\n\t\t\t\t<\/figcaption>\n\t\t\t<\/figure>\n\t\t\t<figure class=\"post-gallery-item\">\n\t\t\t\t<img decoding=\"async\" src=\"https:\/\/www.pressenza.com\/wp-content\/uploads\/2025\/01\/Lapide-3.jpg\" loading=\"lazy\">\n\t\t\t\t<figcaption>\n\t\t\t\t\t\n\t\t\t\t<\/figcaption>\n\t\t\t<\/figure>\n\t\t\t<figure class=\"post-gallery-item\">\n\t\t\t\t<img decoding=\"async\" src=\"https:\/\/www.pressenza.com\/wp-content\/uploads\/2025\/01\/Lapide-4.jpg\" loading=\"lazy\">\n\t\t\t\t<figcaption>\n\t\t\t\t\t\n\t\t\t\t<\/figcaption>\n\t\t\t<\/figure><\/div>\n","protected":false},"excerpt":{"rendered":"<p>Estate 2024: al termine di un intenso viaggio in Armenia, proprio l&#8217;ultimo giorno, mi reco a Yerablur, il cimitero militare di Erevan, capitale dell&#8217;Armenia. Nei giorni precedenti parecchie persone mi avevano parlato delle difficili guerre con l&#8217;Azerbaigian, che alla fine&hellip;<\/p>\n","protected":false},"author":1537,"featured_media":2574714,"comment_status":"closed","ping_status":"closed","sticky":false,"template":"","format":"standard","meta":{"footnotes":""},"categories":[11388,47,1263,27065],"tags":[10180,130956,130955],"class_list":["post-2574713","post","type-post","status-publish","format-standard","has-post-thumbnail","hentry","category-contenuti-originali","category-europa","category-pace-disarmo","category-video-it","tag-armenia","tag-basta-guerra","tag-yerevan"],"yoast_head":"<!-- This site is optimized with the Yoast SEO plugin v27.1.1 - https:\/\/yoast.com\/product\/yoast-seo-wordpress\/ -->\n<title>Contro tutte le guerre: di ieri, di oggi, di domani - VIDEO<\/title>\n<meta name=\"description\" content=\"Al termine di un intenso viaggio in Armenia mi reco a Yerablur, il cimitero militare di Erevan. Salta subito all&#039;occhio la gran quantit\u00e0 di giovani che l\u00ec sono stati seppelliti: sono tantissimi, ventenni, le loro foto fanno piangere\" \/>\n<meta name=\"robots\" content=\"index, follow, max-snippet:-1, max-image-preview:large, max-video-preview:-1\" \/>\n<link rel=\"canonical\" href=\"https:\/\/www.pressenza.com\/it\/2025\/01\/contro-tutte-le-guerre-di-ieri-di-oggi-di-domani-video\/\" \/>\n<meta property=\"og:locale\" content=\"it_IT\" \/>\n<meta property=\"og:type\" content=\"article\" \/>\n<meta property=\"og:title\" content=\"Contro tutte le guerre: di ieri, di oggi, di domani - VIDEO\" \/>\n<meta property=\"og:description\" content=\"Al termine di un intenso viaggio in Armenia mi reco a Yerablur, il cimitero militare di Erevan. Salta subito all&#039;occhio la gran quantit\u00e0 di giovani che l\u00ec sono stati seppelliti: sono tantissimi, ventenni, le loro foto fanno piangere\" \/>\n<meta property=\"og:url\" content=\"https:\/\/www.pressenza.com\/it\/2025\/01\/contro-tutte-le-guerre-di-ieri-di-oggi-di-domani-video\/\" \/>\n<meta property=\"og:site_name\" content=\"Pressenza\" \/>\n<meta property=\"article:publisher\" content=\"https:\/\/www.facebook.com\/PressenzaItalia\" \/>\n<meta property=\"article:published_time\" content=\"2025-01-06T22:42:50+00:00\" \/>\n<meta property=\"article:modified_time\" content=\"2025-01-07T09:00:00+00:00\" \/>\n<meta property=\"og:image\" content=\"https:\/\/www.pressenza.com\/wp-content\/uploads\/2025\/01\/Yerablur.jpg\" \/>\n\t<meta property=\"og:image:width\" content=\"820\" \/>\n\t<meta property=\"og:image:height\" content=\"540\" \/>\n\t<meta property=\"og:image:type\" content=\"image\/jpeg\" \/>\n<meta name=\"author\" content=\"Andrea De Lotto\" \/>\n<meta name=\"twitter:card\" content=\"summary_large_image\" \/>\n<meta name=\"twitter:creator\" content=\"@PressenzaIPA\" \/>\n<meta name=\"twitter:site\" content=\"@PressenzaIPA\" \/>\n<meta name=\"twitter:label1\" content=\"Scritto da\" \/>\n\t<meta name=\"twitter:data1\" content=\"Andrea De Lotto\" \/>\n\t<meta name=\"twitter:label2\" content=\"Tempo di lettura stimato\" \/>\n\t<meta name=\"twitter:data2\" content=\"3 minuti\" \/>\n<script type=\"application\/ld+json\" class=\"yoast-schema-graph\">{\"@context\":\"https:\/\/schema.org\",\"@graph\":[{\"@type\":\"Article\",\"@id\":\"https:\/\/www.pressenza.com\/it\/2025\/01\/contro-tutte-le-guerre-di-ieri-di-oggi-di-domani-video\/#article\",\"isPartOf\":{\"@id\":\"https:\/\/www.pressenza.com\/it\/2025\/01\/contro-tutte-le-guerre-di-ieri-di-oggi-di-domani-video\/\"},\"author\":{\"name\":\"Andrea De Lotto\",\"@id\":\"https:\/\/www.pressenza.com\/it\/#\/schema\/person\/6388dc0281afd7eeb72a1763aca696a4\"},\"headline\":\"Contro tutte le guerre: di ieri, di oggi, di domani &#8211; VIDEO\",\"datePublished\":\"2025-01-06T22:42:50+00:00\",\"dateModified\":\"2025-01-07T09:00:00+00:00\",\"mainEntityOfPage\":{\"@id\":\"https:\/\/www.pressenza.com\/it\/2025\/01\/contro-tutte-le-guerre-di-ieri-di-oggi-di-domani-video\/\"},\"wordCount\":390,\"publisher\":{\"@id\":\"https:\/\/www.pressenza.com\/it\/#organization\"},\"image\":{\"@id\":\"https:\/\/www.pressenza.com\/it\/2025\/01\/contro-tutte-le-guerre-di-ieri-di-oggi-di-domani-video\/#primaryimage\"},\"thumbnailUrl\":\"https:\/\/www.pressenza.com\/wp-content\/uploads\/2025\/01\/Yerablur.jpg\",\"keywords\":[\"Armenia\",\"basta guerra\",\"Yerevan\"],\"articleSection\":[\"contenuti originali\",\"Europa\",\"Pace e Disarmo\",\"Video\"],\"inLanguage\":\"it-IT\"},{\"@type\":\"WebPage\",\"@id\":\"https:\/\/www.pressenza.com\/it\/2025\/01\/contro-tutte-le-guerre-di-ieri-di-oggi-di-domani-video\/\",\"url\":\"https:\/\/www.pressenza.com\/it\/2025\/01\/contro-tutte-le-guerre-di-ieri-di-oggi-di-domani-video\/\",\"name\":\"Contro tutte le guerre: di ieri, di oggi, di domani - VIDEO\",\"isPartOf\":{\"@id\":\"https:\/\/www.pressenza.com\/it\/#website\"},\"primaryImageOfPage\":{\"@id\":\"https:\/\/www.pressenza.com\/it\/2025\/01\/contro-tutte-le-guerre-di-ieri-di-oggi-di-domani-video\/#primaryimage\"},\"image\":{\"@id\":\"https:\/\/www.pressenza.com\/it\/2025\/01\/contro-tutte-le-guerre-di-ieri-di-oggi-di-domani-video\/#primaryimage\"},\"thumbnailUrl\":\"https:\/\/www.pressenza.com\/wp-content\/uploads\/2025\/01\/Yerablur.jpg\",\"datePublished\":\"2025-01-06T22:42:50+00:00\",\"dateModified\":\"2025-01-07T09:00:00+00:00\",\"description\":\"Al termine di un intenso viaggio in Armenia mi reco a Yerablur, il cimitero militare di Erevan. Salta subito all'occhio la gran quantit\u00e0 di giovani che l\u00ec sono stati seppelliti: sono tantissimi, ventenni, le loro foto fanno piangere\",\"breadcrumb\":{\"@id\":\"https:\/\/www.pressenza.com\/it\/2025\/01\/contro-tutte-le-guerre-di-ieri-di-oggi-di-domani-video\/#breadcrumb\"},\"inLanguage\":\"it-IT\",\"potentialAction\":[{\"@type\":\"ReadAction\",\"target\":[\"https:\/\/www.pressenza.com\/it\/2025\/01\/contro-tutte-le-guerre-di-ieri-di-oggi-di-domani-video\/\"]}]},{\"@type\":\"ImageObject\",\"inLanguage\":\"it-IT\",\"@id\":\"https:\/\/www.pressenza.com\/it\/2025\/01\/contro-tutte-le-guerre-di-ieri-di-oggi-di-domani-video\/#primaryimage\",\"url\":\"https:\/\/www.pressenza.com\/wp-content\/uploads\/2025\/01\/Yerablur.jpg\",\"contentUrl\":\"https:\/\/www.pressenza.com\/wp-content\/uploads\/2025\/01\/Yerablur.jpg\",\"width\":820,\"height\":540},{\"@type\":\"BreadcrumbList\",\"@id\":\"https:\/\/www.pressenza.com\/it\/2025\/01\/contro-tutte-le-guerre-di-ieri-di-oggi-di-domani-video\/#breadcrumb\",\"itemListElement\":[{\"@type\":\"ListItem\",\"position\":1,\"name\":\"Accueil\",\"item\":\"https:\/\/www.pressenza.com\/it\/\"},{\"@type\":\"ListItem\",\"position\":2,\"name\":\"Contro tutte le guerre: di ieri, di oggi, di domani &#8211; VIDEO\"}]},{\"@type\":\"WebSite\",\"@id\":\"https:\/\/www.pressenza.com\/it\/#website\",\"url\":\"https:\/\/www.pressenza.com\/it\/\",\"name\":\"Pressenza\",\"description\":\"Agenzia di Stampa Internazionale\",\"publisher\":{\"@id\":\"https:\/\/www.pressenza.com\/it\/#organization\"},\"potentialAction\":[{\"@type\":\"SearchAction\",\"target\":{\"@type\":\"EntryPoint\",\"urlTemplate\":\"https:\/\/www.pressenza.com\/it\/?s={search_term_string}\"},\"query-input\":{\"@type\":\"PropertyValueSpecification\",\"valueRequired\":true,\"valueName\":\"search_term_string\"}}],\"inLanguage\":\"it-IT\"},{\"@type\":\"Organization\",\"@id\":\"https:\/\/www.pressenza.com\/it\/#organization\",\"name\":\"Pressenza\",\"url\":\"https:\/\/www.pressenza.com\/it\/\",\"logo\":{\"@type\":\"ImageObject\",\"inLanguage\":\"it-IT\",\"@id\":\"https:\/\/www.pressenza.com\/it\/#\/schema\/logo\/image\/\",\"url\":\"https:\/\/www.pressenza.com\/wp-content\/uploads\/2022\/10\/pressenza_logo_200x200.jpg\",\"contentUrl\":\"https:\/\/www.pressenza.com\/wp-content\/uploads\/2022\/10\/pressenza_logo_200x200.jpg\",\"width\":200,\"height\":200,\"caption\":\"Pressenza\"},\"image\":{\"@id\":\"https:\/\/www.pressenza.com\/it\/#\/schema\/logo\/image\/\"},\"sameAs\":[\"https:\/\/www.facebook.com\/PressenzaItalia\",\"https:\/\/x.com\/PressenzaIPA\"]},{\"@type\":\"Person\",\"@id\":\"https:\/\/www.pressenza.com\/it\/#\/schema\/person\/6388dc0281afd7eeb72a1763aca696a4\",\"name\":\"Andrea De Lotto\",\"url\":\"https:\/\/www.pressenza.com\/it\/author\/andrea-de-lotto\/\"}]}<\/script>\n<!-- \/ Yoast SEO plugin. -->","yoast_head_json":{"title":"Contro tutte le guerre: di ieri, di oggi, di domani - VIDEO","description":"Al termine di un intenso viaggio in Armenia mi reco a Yerablur, il cimitero militare di Erevan. Salta subito all'occhio la gran quantit\u00e0 di giovani che l\u00ec sono stati seppelliti: sono tantissimi, ventenni, le loro foto fanno piangere","robots":{"index":"index","follow":"follow","max-snippet":"max-snippet:-1","max-image-preview":"max-image-preview:large","max-video-preview":"max-video-preview:-1"},"canonical":"https:\/\/www.pressenza.com\/it\/2025\/01\/contro-tutte-le-guerre-di-ieri-di-oggi-di-domani-video\/","og_locale":"it_IT","og_type":"article","og_title":"Contro tutte le guerre: di ieri, di oggi, di domani - VIDEO","og_description":"Al termine di un intenso viaggio in Armenia mi reco a Yerablur, il cimitero militare di Erevan. Salta subito all'occhio la gran quantit\u00e0 di giovani che l\u00ec sono stati seppelliti: sono tantissimi, ventenni, le loro foto fanno piangere","og_url":"https:\/\/www.pressenza.com\/it\/2025\/01\/contro-tutte-le-guerre-di-ieri-di-oggi-di-domani-video\/","og_site_name":"Pressenza","article_publisher":"https:\/\/www.facebook.com\/PressenzaItalia","article_published_time":"2025-01-06T22:42:50+00:00","article_modified_time":"2025-01-07T09:00:00+00:00","og_image":[{"width":820,"height":540,"url":"https:\/\/www.pressenza.com\/wp-content\/uploads\/2025\/01\/Yerablur.jpg","type":"image\/jpeg"}],"author":"Andrea De Lotto","twitter_card":"summary_large_image","twitter_creator":"@PressenzaIPA","twitter_site":"@PressenzaIPA","twitter_misc":{"Scritto da":"Andrea De Lotto","Tempo di lettura stimato":"3 minuti"},"schema":{"@context":"https:\/\/schema.org","@graph":[{"@type":"Article","@id":"https:\/\/www.pressenza.com\/it\/2025\/01\/contro-tutte-le-guerre-di-ieri-di-oggi-di-domani-video\/#article","isPartOf":{"@id":"https:\/\/www.pressenza.com\/it\/2025\/01\/contro-tutte-le-guerre-di-ieri-di-oggi-di-domani-video\/"},"author":{"name":"Andrea De Lotto","@id":"https:\/\/www.pressenza.com\/it\/#\/schema\/person\/6388dc0281afd7eeb72a1763aca696a4"},"headline":"Contro tutte le guerre: di ieri, di oggi, di domani &#8211; VIDEO","datePublished":"2025-01-06T22:42:50+00:00","dateModified":"2025-01-07T09:00:00+00:00","mainEntityOfPage":{"@id":"https:\/\/www.pressenza.com\/it\/2025\/01\/contro-tutte-le-guerre-di-ieri-di-oggi-di-domani-video\/"},"wordCount":390,"publisher":{"@id":"https:\/\/www.pressenza.com\/it\/#organization"},"image":{"@id":"https:\/\/www.pressenza.com\/it\/2025\/01\/contro-tutte-le-guerre-di-ieri-di-oggi-di-domani-video\/#primaryimage"},"thumbnailUrl":"https:\/\/www.pressenza.com\/wp-content\/uploads\/2025\/01\/Yerablur.jpg","keywords":["Armenia","basta guerra","Yerevan"],"articleSection":["contenuti originali","Europa","Pace e Disarmo","Video"],"inLanguage":"it-IT"},{"@type":"WebPage","@id":"https:\/\/www.pressenza.com\/it\/2025\/01\/contro-tutte-le-guerre-di-ieri-di-oggi-di-domani-video\/","url":"https:\/\/www.pressenza.com\/it\/2025\/01\/contro-tutte-le-guerre-di-ieri-di-oggi-di-domani-video\/","name":"Contro tutte le guerre: di ieri, di oggi, di domani - VIDEO","isPartOf":{"@id":"https:\/\/www.pressenza.com\/it\/#website"},"primaryImageOfPage":{"@id":"https:\/\/www.pressenza.com\/it\/2025\/01\/contro-tutte-le-guerre-di-ieri-di-oggi-di-domani-video\/#primaryimage"},"image":{"@id":"https:\/\/www.pressenza.com\/it\/2025\/01\/contro-tutte-le-guerre-di-ieri-di-oggi-di-domani-video\/#primaryimage"},"thumbnailUrl":"https:\/\/www.pressenza.com\/wp-content\/uploads\/2025\/01\/Yerablur.jpg","datePublished":"2025-01-06T22:42:50+00:00","dateModified":"2025-01-07T09:00:00+00:00","description":"Al termine di un intenso viaggio in Armenia mi reco a Yerablur, il cimitero militare di Erevan. Salta subito all'occhio la gran quantit\u00e0 di giovani che l\u00ec sono stati seppelliti: sono tantissimi, ventenni, le loro foto fanno piangere","breadcrumb":{"@id":"https:\/\/www.pressenza.com\/it\/2025\/01\/contro-tutte-le-guerre-di-ieri-di-oggi-di-domani-video\/#breadcrumb"},"inLanguage":"it-IT","potentialAction":[{"@type":"ReadAction","target":["https:\/\/www.pressenza.com\/it\/2025\/01\/contro-tutte-le-guerre-di-ieri-di-oggi-di-domani-video\/"]}]},{"@type":"ImageObject","inLanguage":"it-IT","@id":"https:\/\/www.pressenza.com\/it\/2025\/01\/contro-tutte-le-guerre-di-ieri-di-oggi-di-domani-video\/#primaryimage","url":"https:\/\/www.pressenza.com\/wp-content\/uploads\/2025\/01\/Yerablur.jpg","contentUrl":"https:\/\/www.pressenza.com\/wp-content\/uploads\/2025\/01\/Yerablur.jpg","width":820,"height":540},{"@type":"BreadcrumbList","@id":"https:\/\/www.pressenza.com\/it\/2025\/01\/contro-tutte-le-guerre-di-ieri-di-oggi-di-domani-video\/#breadcrumb","itemListElement":[{"@type":"ListItem","position":1,"name":"Accueil","item":"https:\/\/www.pressenza.com\/it\/"},{"@type":"ListItem","position":2,"name":"Contro tutte le guerre: di ieri, di oggi, di domani &#8211; VIDEO"}]},{"@type":"WebSite","@id":"https:\/\/www.pressenza.com\/it\/#website","url":"https:\/\/www.pressenza.com\/it\/","name":"Pressenza","description":"Agenzia di Stampa Internazionale","publisher":{"@id":"https:\/\/www.pressenza.com\/it\/#organization"},"potentialAction":[{"@type":"SearchAction","target":{"@type":"EntryPoint","urlTemplate":"https:\/\/www.pressenza.com\/it\/?s={search_term_string}"},"query-input":{"@type":"PropertyValueSpecification","valueRequired":true,"valueName":"search_term_string"}}],"inLanguage":"it-IT"},{"@type":"Organization","@id":"https:\/\/www.pressenza.com\/it\/#organization","name":"Pressenza","url":"https:\/\/www.pressenza.com\/it\/","logo":{"@type":"ImageObject","inLanguage":"it-IT","@id":"https:\/\/www.pressenza.com\/it\/#\/schema\/logo\/image\/","url":"https:\/\/www.pressenza.com\/wp-content\/uploads\/2022\/10\/pressenza_logo_200x200.jpg","contentUrl":"https:\/\/www.pressenza.com\/wp-content\/uploads\/2022\/10\/pressenza_logo_200x200.jpg","width":200,"height":200,"caption":"Pressenza"},"image":{"@id":"https:\/\/www.pressenza.com\/it\/#\/schema\/logo\/image\/"},"sameAs":["https:\/\/www.facebook.com\/PressenzaItalia","https:\/\/x.com\/PressenzaIPA"]},{"@type":"Person","@id":"https:\/\/www.pressenza.com\/it\/#\/schema\/person\/6388dc0281afd7eeb72a1763aca696a4","name":"Andrea De Lotto","url":"https:\/\/www.pressenza.com\/it\/author\/andrea-de-lotto\/"}]}},"place":"","original_article_url":"","_links":{"self":[{"href":"https:\/\/www.pressenza.com\/it\/wp-json\/wp\/v2\/posts\/2574713","targetHints":{"allow":["GET"]}}],"collection":[{"href":"https:\/\/www.pressenza.com\/it\/wp-json\/wp\/v2\/posts"}],"about":[{"href":"https:\/\/www.pressenza.com\/it\/wp-json\/wp\/v2\/types\/post"}],"author":[{"embeddable":true,"href":"https:\/\/www.pressenza.com\/it\/wp-json\/wp\/v2\/users\/1537"}],"replies":[{"embeddable":true,"href":"https:\/\/www.pressenza.com\/it\/wp-json\/wp\/v2\/comments?post=2574713"}],"version-history":[{"count":0,"href":"https:\/\/www.pressenza.com\/it\/wp-json\/wp\/v2\/posts\/2574713\/revisions"}],"wp:featuredmedia":[{"embeddable":true,"href":"https:\/\/www.pressenza.com\/it\/wp-json\/wp\/v2\/media\/2574714"}],"wp:attachment":[{"href":"https:\/\/www.pressenza.com\/it\/wp-json\/wp\/v2\/media?parent=2574713"}],"wp:term":[{"taxonomy":"category","embeddable":true,"href":"https:\/\/www.pressenza.com\/it\/wp-json\/wp\/v2\/categories?post=2574713"},{"taxonomy":"post_tag","embeddable":true,"href":"https:\/\/www.pressenza.com\/it\/wp-json\/wp\/v2\/tags?post=2574713"}],"curies":[{"name":"wp","href":"https:\/\/api.w.org\/{rel}","templated":true}]}}