{"id":2574694,"date":"2025-01-06T20:03:47","date_gmt":"2025-01-06T20:03:47","guid":{"rendered":"https:\/\/www.pressenza.com\/?p=2574694"},"modified":"2025-01-06T20:03:47","modified_gmt":"2025-01-06T20:03:47","slug":"lettera-aperta-per-la-pace","status":"publish","type":"post","link":"https:\/\/www.pressenza.com\/it\/2025\/01\/lettera-aperta-per-la-pace\/","title":{"rendered":"Lettera aperta per la pace"},"content":{"rendered":"<p><span style=\"font-weight: 400;\">&#8211; Alla Sindaca di Firenze<\/span><\/p>\n<p><span style=\"font-weight: 400;\">&#8211; Ai Sindaci dell\u2019area metropolitana fiorentina<\/span><\/p>\n<p><span style=\"font-weight: 400;\">&#8211; Al Presidente del Consiglio Comunale di Firenze<\/span><\/p>\n<p><span style=\"font-weight: 400;\">&#8211; Al Presidente della Giunta Regionale Toscana<\/span><\/p>\n<p><span style=\"font-weight: 400;\">&#8211; Al Presidente del Consiglio Regionale della Toscana<\/span><\/p>\n<p><span style=\"font-weight: 400;\">&#8211; Al Segretario Generale della CGIL di Firenze<\/span><\/p>\n<p><span style=\"font-weight: 400;\">&#8211; Alla Presidente dell\u2019ANPI di Firenze<\/span><\/p>\n<p><span style=\"font-weight: 400;\">&#8211; Alla Presidente dell\u2019ARCI di Firenze<\/span><\/p>\n<p><span style=\"font-weight: 400;\">&#8211; Alle realt\u00e0 impegnate per la causa della Pace<\/span><\/p>\n<p>&nbsp;<\/p>\n<p><span style=\"font-weight: 400;\">Carissimi\/e,<\/span><\/p>\n<p><span style=\"font-weight: 400;\">Avvertiamo con angoscia la drammaticit\u00e0 di questo momento e l\u2019esigenza di una risposta straordinaria, che parta dal basso, dalle realt\u00e0 locali, e che riesca a coinvolgere i diversi livelli politico-istituzionali.<\/span><\/p>\n<p><span style=\"font-weight: 400;\">Occorre che le iniziative per la pace, l\u2019accoglienza, la solidariet\u00e0 e la cooperazione fra le persone e fra i popoli si diano l\u2019obiettivo di divenire trainanti per l\u2019insieme della cittadinanza.<\/span><\/p>\n<p><span style=\"font-weight: 400;\">In un periodo in cui\u00a0<\/span><\/p>\n<p><span style=\"font-weight: 400;\">&#8211; le guerre si moltiplicano in varie parti del mondo,<\/span><\/p>\n<p><span style=\"font-weight: 400;\">&#8211; continua il genocidio attuato da Israele sulla popolazione palestinese di Gaza,<\/span><\/p>\n<p><span style=\"font-weight: 400;\">&#8211; viene attaccata dalla Turchia l\u2019esperienza democratica del Rojava &#8211; centrata sulla parit\u00e0 di genere, il rispetto dell\u2019ambiente, l\u2019interculturalit\u00e0 -,<\/span><span style=\"font-weight: 400;\">\u00e8 indispensabile, ed urgentissima, una mobilitazione di tutte le energie positive \u2013 sociali, culturali, politico\/istituzionali &#8211; che hanno come obiettivo \u201cla pace prima di tutto\u201d (perch\u00e9 soltanto se non vi sono conflitti armati, \u00e8 possibile sviluppare la necessaria conflittualit\u00e0 &#8211; elemento essenziale della democrazia &#8211; da portare avanti con metodi nonviolenti, nella societ\u00e0, nelle e con le istituzioni, a livello nazionale e internazionale).<\/span><\/p>\n<p><span style=\"font-weight: 400;\">Come sosteneva Gino Strada \u201csolo dei cervelli poco sviluppati, nel terzo millennio, possono pensare alla guerra come uno strumento accettabile per la risoluzione dei conflitti\u201d.<\/span><\/p>\n<p><span style=\"font-weight: 400;\">Alcuni mesi fa alcuni soggetti, sia a titolo individuale che come rappresentanti di realt\u00e0 associative, avevano chiesto all\u2019Amministrazione di Palazzo Vecchio, con una \u201clettera aperta\u201d, di riprendere il cammino avviato negli anni \u201850 da Giorgio La Pira e ripreso poi quando Firenze, negli anni \u201880, era stata dichiarata dal Consiglio Comunale, con voto unanime (su ispirazione di Padre Ernesto Balducci) \u201ccitt\u00e0 operatrice di pace\u201d.<\/span><\/p>\n<p><span style=\"font-weight: 400;\">Si chiedeva in particolare, in tale lettera, di costituire nella sede municipale uno spazio d\u2019incontro per le associazioni e i movimenti pacifisti, per le universit\u00e0, italiane e straniere, per i Consolati, per i mondi della cultura, umanistica e scientifica, e delle autonomie locali, con la prospettiva di farlo divenire un Forum Permanente per la Pace in grado di:<\/span><\/p>\n<p><span style=\"font-weight: 400;\">&#8211; prendere posizione e di intervenire nelle varie situazioni di conflitto armato,<\/span><\/p>\n<p><span style=\"font-weight: 400;\">&#8211; di mandare \u201cambasciatori di pace\u201d nei diversi consessi internazionali (l\u2019ONU, il Consiglio d\u2019Europa \u2026),<\/span><\/p>\n<p><span style=\"font-weight: 400;\">&#8211; inviare delegazioni dove la guerra \u00e8 in atto al fine di sollecitare il \u201ccessate il fuoco\u201d e l\u2019avvio di trattative,<\/span><\/p>\n<p><span style=\"font-weight: 400;\">&#8211; promuovere in tempi brevi un incontro internazionale a Firenze che riproponga con forza l\u2019obiettivo di porre la guerra \u201cfuori dalla storia\u201d.<\/span><\/p>\n<p><span style=\"font-weight: 400;\">Queste richieste sono rimaste in gran parte senza risposta, ma non dobbiamo smettere di farle, perch\u00e9 non sono certo diminuite la loro validit\u00e0 e attualit\u00e0. Anzi, ogni giorno che passa si dimostrano sempre pi\u00f9 urgentemente indispensabili.<\/span><\/p>\n<p><span style=\"font-weight: 400;\">Occorrono azioni continue, che abbiano una notevole visibilit\u00e0, volte\u00a0<\/span><\/p>\n<p><span style=\"font-weight: 400;\">&#8211; a dare centralit\u00e0, e priorit\u00e0 rispetto ad altri importanti temi, alla questione della pace,<\/span><\/p>\n<p><span style=\"font-weight: 400;\">&#8211; a dare risposte adeguate che tengano conto dell\u2019insostenibilit\u00e0, per le coscienze individuali e collettive, dei crimini che vengono compiuti giornalmente dall\u2019esercito israeliano nella striscia di Gaza (non \u00e8 ammissibile rispondere al fondamentalismo criminale di Hamas con stragi di decine di migliaia di persone, fra cui un altissimo numero di bambini\/e),<\/span><\/p>\n<p><span style=\"font-weight: 400;\">&#8211; ad impedire che la Turchia (stato membro della NATO) attacchi e annienti l\u2019esperienza cos\u00ec significativa ed esemplare delle curde e dei curdi del Rojava.<\/span><\/p>\n<p><span style=\"font-weight: 400;\">Sono in atto importanti iniziative pacifiste, a livello nazionale (ad esempio, \u201cPace in movimento\u201d, portale dei pacifisti italiani realizzato da ARCI, \u201cUn Ponte per\u2026\u201d, \u201cSbilanciamoci\u201d \u2013 quest\u2019ultima organizzazione ha anche prodotto una finanziaria alternativa a quella del Governo, una finanziaria in cui una parte dei finanziamenti destinati all\u2019esercito ed alle armi viene dirottata nei settori della sanit\u00e0, dell\u2019istruzione, della tutela ambientale -) ed a livello locale (a Firenze, fra l\u2019altro, \u00e8 in programma domenica 12\/1 all\u2019Instabile, in via della Funga, con il sostegno di ARCI, ANPI, CGIL, \u201cUna goccia per Gaza &#8211; Un momento d\u2019incontro, scambio e approfondimento sul Medioriente per una cultura che metta al centro la pace\u201d e sta proseguendo la sua azione il movimento che intende contrastare la collocazione sul territorio fiorentino di una sede del Comando NATO).<\/span><\/p>\n<p><span style=\"font-weight: 400;\">Si tratta indubbiamente di interventi importanti, ma credo che nel momento attuale, vista la gravit\u00e0 e la pericolosit\u00e0 di quanto sta accadendo,<\/span><b><i> sia estremamente necessario compiere un salto di qualit\u00e0<\/i><\/b><span style=\"font-weight: 400;\">, da un lato compiendo un grande sforzo sul terreno dell\u2019informazione \u2013 per cercare di far capire come ormai si sia sull\u2019orlo del baratro, per quanto riguarda sia la guerra che la questione ambientale -, riuscendo a sconfiggere l\u2019indifferenza di un gran numero, attualmente in crescita, di \u201cindifferenti\u201d (quelle persone che Gramsci ancora studente sosteneva di\u00a0 odiare -\u201dOdio gli indifferenti\u201d affermava in un suo componimento \u2013 e che noi, pur senza arrivare ad odiarle, dovremmo smuovere dalla loro ignoranza\/indifferenza, che \u00e8 di ostacolo ad ogni possibilit\u00e0 di incidere davvero sui comportamenti dei governanti). Dall\u2019altro, riproponendo una serie di obiettivi che in passato il movimento pacifista ha portato avanti con convinzione e che poi sono stati abbandonati (o, comunque, sono passati in secondo piano). Ne indichiamo alcuni:<\/span><\/p>\n<p><span style=\"font-weight: 400;\">&#8211; sul finire del secolo scorso era stato avviato un confronto, a livello sindacale, sui percorsi che avrebbero portato alla riconversione delle fabbriche d\u2019armi (sarebbe il momento di riprenderlo, visto, fra l\u2019altro, che l\u2019Italia \u00e8 fra i primi 10 produttori di armi al mondo);<\/span><\/p>\n<p><span style=\"font-weight: 400;\">&#8211; nello stesso periodo una rete di enti locali, oltre a rifiutare la collocazione di armi atomiche sul proprio territorio, aveva cominciato a discutere della prospettiva di mettere in atto forme di difesa nonviolente;<\/span><\/p>\n<p><span style=\"font-weight: 400;\">&#8211; contemporaneamente si erano sviluppati movimenti per l\u2019adesione dell\u2019Italia al al TPAN (Trattato di Interdizione delle Armi Nucleari) e per l\u2019obiezione di coscienza alle spese militari.<\/span><\/p>\n<p><span style=\"font-weight: 400;\">Pensiamo che sia il caso di rilanciare questi temi e questi obiettivi, perch\u00e9, in Italia ed in molti altri Paesi, vengono aumentati i finanziamenti alle Forze Armate e si fa sempre pi\u00f9 probabile l\u2019uso, nelle guerre in atto, di armi atomiche (qualche teorico sostiene la positivit\u00e0 di una deterrenza provocata da \u201cmulticulturalismo\u201d nucleare).<\/span><\/p>\n<p><span style=\"font-weight: 400;\">Nel corso del tempo, negli anni \u201880 e \u201890, hanno dato un notevole contributo alla causa della pace persone come Padre Balducci, Alberto L\u2019Abate, del Movimento di Azione Nonviolenta fondato da Aldo Capitini, Gigi Ontanetti, della Fucina della Nonviolenza, Fioretta Mazzei, consigliera comunale sulle orme di Giorgio La Pira \u2013 solo per citarne alcune -).<\/span><\/p>\n<p><span style=\"font-weight: 400;\">Andrebbe ripresa l\u2019idea di mettere in piedi un punto di riferimento cittadino per tutti\/e coloro che intendono impegnarsi per la pace: negli anni \u201880 fu alzata una Tenda in Piazza San Giovanni, una Tenda che divenne spazio per interventi e dibattiti (a cui parteciparono alcune delle persone citate in precedenza). Magari oggi si potrebbe pensare ad una Tenda mobile, su un furgone, in grado di spostarsi anche in periferia.<\/span><\/p>\n<p><span style=\"font-weight: 400;\">Importante sarebbe costituire immediatamente un Coordinamento fra tutte le energie\u00a0 (associative e individuali) che intendono mobilitarsi per la pace, un Coordinamento in grado di fare pressione sulle istituzioni, di costruire interventi informativi e di approfondimento, di promuovere, in primo luogo nelle scuole, l\u2019educazione alla pace (che dovrebbe diventare una vera e propria materia scolastica), contrastando l\u2019educazione militare che sta portando avanti in diverse realt\u00e0 l\u2019Esercito.<\/span><\/p>\n<p><span style=\"font-weight: 400;\">Sarebbe un chiaro segnale della drammaticit\u00e0 e della pericolosit\u00e0 del momento che stiamo vivendo, come accennavamo all\u2019inizio, e il possibile avvio di un percorso che, partendo dai territori, cerchi di cambiare gli attuali orientamenti, che individuano ancora nella guerra una possibile soluzione dei conflitti (facendo diventare tale parola improponibile, al pari del termine \u201cschiavit\u00f9\u201d \u2013 divenuto, appunto, ufficialmente improponibile, anche se forme di schiavit\u00f9, purtroppo, esistono ancora -).<\/span><\/p>\n<p><span style=\"font-weight: 400;\">L\u2019augurio di un impegno pi\u00f9 incisivo per la pace \u00e8 l\u2019unico che possiamo farci in questo avvio, non certo festivo, del nuovo Anno.<\/span><\/p>\n<p>&nbsp;<\/p>\n<p style=\"text-align: right;\"><strong>Moreno Biagioni\u00a0<\/strong><\/p>\n<p style=\"text-align: right;\"><strong>Eros Cruccolini<\/strong><\/p>\n<p>&nbsp;<\/p>\n","protected":false},"excerpt":{"rendered":"<p>&#8211; Alla Sindaca di Firenze &#8211; Ai Sindaci dell\u2019area metropolitana fiorentina &#8211; Al Presidente del Consiglio Comunale di Firenze &#8211; Al Presidente della Giunta Regionale Toscana &#8211; Al Presidente del Consiglio Regionale della Toscana &#8211; Al Segretario Generale della CGIL&hellip;<\/p>\n","protected":false},"author":1712,"featured_media":2557840,"comment_status":"closed","ping_status":"closed","sticky":false,"template":"","format":"standard","meta":{"footnotes":""},"categories":[150,1263],"tags":[130953,3066,130952,121427,294],"class_list":["post-2574694","post","type-post","status-publish","format-standard","has-post-thumbnail","hentry","category-comunicati-stampa","category-pace-disarmo","tag-eros-cruccolini","tag-firenze","tag-firenze-per-la-pace","tag-moreno-biagioni","tag-pace"],"yoast_head":"<!-- This site is optimized with the Yoast SEO plugin v27.1.1 - https:\/\/yoast.com\/product\/yoast-seo-wordpress\/ -->\n<title>Lettera aperta per la pace<\/title>\n<meta name=\"description\" content=\"- Alla Sindaca di Firenze - Ai Sindaci dell\u2019area metropolitana fiorentina - Al Presidente del Consiglio Comunale di Firenze - Al Presidente della Giunta\" \/>\n<meta name=\"robots\" content=\"index, follow, max-snippet:-1, max-image-preview:large, max-video-preview:-1\" \/>\n<link rel=\"canonical\" href=\"https:\/\/www.pressenza.com\/it\/2025\/01\/lettera-aperta-per-la-pace\/\" \/>\n<meta property=\"og:locale\" content=\"it_IT\" \/>\n<meta property=\"og:type\" content=\"article\" \/>\n<meta property=\"og:title\" content=\"Lettera aperta per la pace\" \/>\n<meta property=\"og:description\" content=\"- Alla Sindaca di Firenze - Ai Sindaci dell\u2019area metropolitana fiorentina - Al Presidente del Consiglio Comunale di Firenze - Al Presidente della Giunta\" \/>\n<meta property=\"og:url\" content=\"https:\/\/www.pressenza.com\/it\/2025\/01\/lettera-aperta-per-la-pace\/\" \/>\n<meta property=\"og:site_name\" content=\"Pressenza\" \/>\n<meta property=\"article:publisher\" content=\"https:\/\/www.facebook.com\/PressenzaItalia\" \/>\n<meta property=\"article:published_time\" content=\"2025-01-06T20:03:47+00:00\" \/>\n<meta property=\"og:image\" content=\"https:\/\/www.pressenza.com\/wp-content\/uploads\/2024\/10\/Firenze-26Ottobre-CesareDagliana06.jpg\" \/>\n\t<meta property=\"og:image:width\" content=\"850\" \/>\n\t<meta property=\"og:image:height\" content=\"567\" \/>\n\t<meta property=\"og:image:type\" content=\"image\/jpeg\" \/>\n<meta name=\"author\" content=\"Redazione Toscana\" \/>\n<meta name=\"twitter:card\" content=\"summary_large_image\" \/>\n<meta name=\"twitter:creator\" content=\"@PressenzaIPA\" \/>\n<meta name=\"twitter:site\" content=\"@PressenzaIPA\" \/>\n<meta name=\"twitter:label1\" content=\"Scritto da\" \/>\n\t<meta name=\"twitter:data1\" content=\"Redazione Toscana\" \/>\n\t<meta name=\"twitter:label2\" content=\"Tempo di lettura stimato\" \/>\n\t<meta name=\"twitter:data2\" content=\"7 minuti\" \/>\n<script type=\"application\/ld+json\" class=\"yoast-schema-graph\">{\"@context\":\"https:\/\/schema.org\",\"@graph\":[{\"@type\":\"Article\",\"@id\":\"https:\/\/www.pressenza.com\/it\/2025\/01\/lettera-aperta-per-la-pace\/#article\",\"isPartOf\":{\"@id\":\"https:\/\/www.pressenza.com\/it\/2025\/01\/lettera-aperta-per-la-pace\/\"},\"author\":{\"name\":\"Redazione Toscana\",\"@id\":\"https:\/\/www.pressenza.com\/it\/#\/schema\/person\/4e3dce4e18e03345dd2deb3148d621d1\"},\"headline\":\"Lettera aperta per la pace\",\"datePublished\":\"2025-01-06T20:03:47+00:00\",\"mainEntityOfPage\":{\"@id\":\"https:\/\/www.pressenza.com\/it\/2025\/01\/lettera-aperta-per-la-pace\/\"},\"wordCount\":1350,\"publisher\":{\"@id\":\"https:\/\/www.pressenza.com\/it\/#organization\"},\"image\":{\"@id\":\"https:\/\/www.pressenza.com\/it\/2025\/01\/lettera-aperta-per-la-pace\/#primaryimage\"},\"thumbnailUrl\":\"https:\/\/www.pressenza.com\/wp-content\/uploads\/2024\/10\/Firenze-26Ottobre-CesareDagliana06.jpg\",\"keywords\":[\"Eros Cruccolini\",\"Firenze\",\"Firenze per la Pace\",\"Moreno Biagioni\",\"Pace\"],\"articleSection\":[\"Comunicati Stampa\",\"Pace e Disarmo\"],\"inLanguage\":\"it-IT\"},{\"@type\":\"WebPage\",\"@id\":\"https:\/\/www.pressenza.com\/it\/2025\/01\/lettera-aperta-per-la-pace\/\",\"url\":\"https:\/\/www.pressenza.com\/it\/2025\/01\/lettera-aperta-per-la-pace\/\",\"name\":\"Lettera aperta per la pace\",\"isPartOf\":{\"@id\":\"https:\/\/www.pressenza.com\/it\/#website\"},\"primaryImageOfPage\":{\"@id\":\"https:\/\/www.pressenza.com\/it\/2025\/01\/lettera-aperta-per-la-pace\/#primaryimage\"},\"image\":{\"@id\":\"https:\/\/www.pressenza.com\/it\/2025\/01\/lettera-aperta-per-la-pace\/#primaryimage\"},\"thumbnailUrl\":\"https:\/\/www.pressenza.com\/wp-content\/uploads\/2024\/10\/Firenze-26Ottobre-CesareDagliana06.jpg\",\"datePublished\":\"2025-01-06T20:03:47+00:00\",\"description\":\"- Alla Sindaca di Firenze - Ai Sindaci dell\u2019area metropolitana fiorentina - Al Presidente del Consiglio Comunale di Firenze - Al Presidente della Giunta\",\"breadcrumb\":{\"@id\":\"https:\/\/www.pressenza.com\/it\/2025\/01\/lettera-aperta-per-la-pace\/#breadcrumb\"},\"inLanguage\":\"it-IT\",\"potentialAction\":[{\"@type\":\"ReadAction\",\"target\":[\"https:\/\/www.pressenza.com\/it\/2025\/01\/lettera-aperta-per-la-pace\/\"]}]},{\"@type\":\"ImageObject\",\"inLanguage\":\"it-IT\",\"@id\":\"https:\/\/www.pressenza.com\/it\/2025\/01\/lettera-aperta-per-la-pace\/#primaryimage\",\"url\":\"https:\/\/www.pressenza.com\/wp-content\/uploads\/2024\/10\/Firenze-26Ottobre-CesareDagliana06.jpg\",\"contentUrl\":\"https:\/\/www.pressenza.com\/wp-content\/uploads\/2024\/10\/Firenze-26Ottobre-CesareDagliana06.jpg\",\"width\":850,\"height\":567},{\"@type\":\"BreadcrumbList\",\"@id\":\"https:\/\/www.pressenza.com\/it\/2025\/01\/lettera-aperta-per-la-pace\/#breadcrumb\",\"itemListElement\":[{\"@type\":\"ListItem\",\"position\":1,\"name\":\"Accueil\",\"item\":\"https:\/\/www.pressenza.com\/it\/\"},{\"@type\":\"ListItem\",\"position\":2,\"name\":\"Lettera aperta per la pace\"}]},{\"@type\":\"WebSite\",\"@id\":\"https:\/\/www.pressenza.com\/it\/#website\",\"url\":\"https:\/\/www.pressenza.com\/it\/\",\"name\":\"Pressenza\",\"description\":\"Agenzia di Stampa Internazionale\",\"publisher\":{\"@id\":\"https:\/\/www.pressenza.com\/it\/#organization\"},\"potentialAction\":[{\"@type\":\"SearchAction\",\"target\":{\"@type\":\"EntryPoint\",\"urlTemplate\":\"https:\/\/www.pressenza.com\/it\/?s={search_term_string}\"},\"query-input\":{\"@type\":\"PropertyValueSpecification\",\"valueRequired\":true,\"valueName\":\"search_term_string\"}}],\"inLanguage\":\"it-IT\"},{\"@type\":\"Organization\",\"@id\":\"https:\/\/www.pressenza.com\/it\/#organization\",\"name\":\"Pressenza\",\"url\":\"https:\/\/www.pressenza.com\/it\/\",\"logo\":{\"@type\":\"ImageObject\",\"inLanguage\":\"it-IT\",\"@id\":\"https:\/\/www.pressenza.com\/it\/#\/schema\/logo\/image\/\",\"url\":\"https:\/\/www.pressenza.com\/wp-content\/uploads\/2022\/10\/pressenza_logo_200x200.jpg\",\"contentUrl\":\"https:\/\/www.pressenza.com\/wp-content\/uploads\/2022\/10\/pressenza_logo_200x200.jpg\",\"width\":200,\"height\":200,\"caption\":\"Pressenza\"},\"image\":{\"@id\":\"https:\/\/www.pressenza.com\/it\/#\/schema\/logo\/image\/\"},\"sameAs\":[\"https:\/\/www.facebook.com\/PressenzaItalia\",\"https:\/\/x.com\/PressenzaIPA\"]},{\"@type\":\"Person\",\"@id\":\"https:\/\/www.pressenza.com\/it\/#\/schema\/person\/4e3dce4e18e03345dd2deb3148d621d1\",\"name\":\"Redazione Toscana\",\"description\":\"News from the Pressenza Bureau in Tuscany, Italy\",\"url\":\"https:\/\/www.pressenza.com\/it\/author\/redazione-toscana\/\"}]}<\/script>\n<!-- \/ Yoast SEO plugin. -->","yoast_head_json":{"title":"Lettera aperta per la pace","description":"- Alla Sindaca di Firenze - Ai Sindaci dell\u2019area metropolitana fiorentina - Al Presidente del Consiglio Comunale di Firenze - Al Presidente della Giunta","robots":{"index":"index","follow":"follow","max-snippet":"max-snippet:-1","max-image-preview":"max-image-preview:large","max-video-preview":"max-video-preview:-1"},"canonical":"https:\/\/www.pressenza.com\/it\/2025\/01\/lettera-aperta-per-la-pace\/","og_locale":"it_IT","og_type":"article","og_title":"Lettera aperta per la pace","og_description":"- Alla Sindaca di Firenze - Ai Sindaci dell\u2019area metropolitana fiorentina - Al Presidente del Consiglio Comunale di Firenze - Al Presidente della Giunta","og_url":"https:\/\/www.pressenza.com\/it\/2025\/01\/lettera-aperta-per-la-pace\/","og_site_name":"Pressenza","article_publisher":"https:\/\/www.facebook.com\/PressenzaItalia","article_published_time":"2025-01-06T20:03:47+00:00","og_image":[{"width":850,"height":567,"url":"https:\/\/www.pressenza.com\/wp-content\/uploads\/2024\/10\/Firenze-26Ottobre-CesareDagliana06.jpg","type":"image\/jpeg"}],"author":"Redazione Toscana","twitter_card":"summary_large_image","twitter_creator":"@PressenzaIPA","twitter_site":"@PressenzaIPA","twitter_misc":{"Scritto da":"Redazione Toscana","Tempo di lettura stimato":"7 minuti"},"schema":{"@context":"https:\/\/schema.org","@graph":[{"@type":"Article","@id":"https:\/\/www.pressenza.com\/it\/2025\/01\/lettera-aperta-per-la-pace\/#article","isPartOf":{"@id":"https:\/\/www.pressenza.com\/it\/2025\/01\/lettera-aperta-per-la-pace\/"},"author":{"name":"Redazione Toscana","@id":"https:\/\/www.pressenza.com\/it\/#\/schema\/person\/4e3dce4e18e03345dd2deb3148d621d1"},"headline":"Lettera aperta per la pace","datePublished":"2025-01-06T20:03:47+00:00","mainEntityOfPage":{"@id":"https:\/\/www.pressenza.com\/it\/2025\/01\/lettera-aperta-per-la-pace\/"},"wordCount":1350,"publisher":{"@id":"https:\/\/www.pressenza.com\/it\/#organization"},"image":{"@id":"https:\/\/www.pressenza.com\/it\/2025\/01\/lettera-aperta-per-la-pace\/#primaryimage"},"thumbnailUrl":"https:\/\/www.pressenza.com\/wp-content\/uploads\/2024\/10\/Firenze-26Ottobre-CesareDagliana06.jpg","keywords":["Eros Cruccolini","Firenze","Firenze per la Pace","Moreno Biagioni","Pace"],"articleSection":["Comunicati Stampa","Pace e Disarmo"],"inLanguage":"it-IT"},{"@type":"WebPage","@id":"https:\/\/www.pressenza.com\/it\/2025\/01\/lettera-aperta-per-la-pace\/","url":"https:\/\/www.pressenza.com\/it\/2025\/01\/lettera-aperta-per-la-pace\/","name":"Lettera aperta per la pace","isPartOf":{"@id":"https:\/\/www.pressenza.com\/it\/#website"},"primaryImageOfPage":{"@id":"https:\/\/www.pressenza.com\/it\/2025\/01\/lettera-aperta-per-la-pace\/#primaryimage"},"image":{"@id":"https:\/\/www.pressenza.com\/it\/2025\/01\/lettera-aperta-per-la-pace\/#primaryimage"},"thumbnailUrl":"https:\/\/www.pressenza.com\/wp-content\/uploads\/2024\/10\/Firenze-26Ottobre-CesareDagliana06.jpg","datePublished":"2025-01-06T20:03:47+00:00","description":"- Alla Sindaca di Firenze - Ai Sindaci dell\u2019area metropolitana fiorentina - Al Presidente del Consiglio Comunale di Firenze - Al Presidente della Giunta","breadcrumb":{"@id":"https:\/\/www.pressenza.com\/it\/2025\/01\/lettera-aperta-per-la-pace\/#breadcrumb"},"inLanguage":"it-IT","potentialAction":[{"@type":"ReadAction","target":["https:\/\/www.pressenza.com\/it\/2025\/01\/lettera-aperta-per-la-pace\/"]}]},{"@type":"ImageObject","inLanguage":"it-IT","@id":"https:\/\/www.pressenza.com\/it\/2025\/01\/lettera-aperta-per-la-pace\/#primaryimage","url":"https:\/\/www.pressenza.com\/wp-content\/uploads\/2024\/10\/Firenze-26Ottobre-CesareDagliana06.jpg","contentUrl":"https:\/\/www.pressenza.com\/wp-content\/uploads\/2024\/10\/Firenze-26Ottobre-CesareDagliana06.jpg","width":850,"height":567},{"@type":"BreadcrumbList","@id":"https:\/\/www.pressenza.com\/it\/2025\/01\/lettera-aperta-per-la-pace\/#breadcrumb","itemListElement":[{"@type":"ListItem","position":1,"name":"Accueil","item":"https:\/\/www.pressenza.com\/it\/"},{"@type":"ListItem","position":2,"name":"Lettera aperta per la pace"}]},{"@type":"WebSite","@id":"https:\/\/www.pressenza.com\/it\/#website","url":"https:\/\/www.pressenza.com\/it\/","name":"Pressenza","description":"Agenzia di Stampa Internazionale","publisher":{"@id":"https:\/\/www.pressenza.com\/it\/#organization"},"potentialAction":[{"@type":"SearchAction","target":{"@type":"EntryPoint","urlTemplate":"https:\/\/www.pressenza.com\/it\/?s={search_term_string}"},"query-input":{"@type":"PropertyValueSpecification","valueRequired":true,"valueName":"search_term_string"}}],"inLanguage":"it-IT"},{"@type":"Organization","@id":"https:\/\/www.pressenza.com\/it\/#organization","name":"Pressenza","url":"https:\/\/www.pressenza.com\/it\/","logo":{"@type":"ImageObject","inLanguage":"it-IT","@id":"https:\/\/www.pressenza.com\/it\/#\/schema\/logo\/image\/","url":"https:\/\/www.pressenza.com\/wp-content\/uploads\/2022\/10\/pressenza_logo_200x200.jpg","contentUrl":"https:\/\/www.pressenza.com\/wp-content\/uploads\/2022\/10\/pressenza_logo_200x200.jpg","width":200,"height":200,"caption":"Pressenza"},"image":{"@id":"https:\/\/www.pressenza.com\/it\/#\/schema\/logo\/image\/"},"sameAs":["https:\/\/www.facebook.com\/PressenzaItalia","https:\/\/x.com\/PressenzaIPA"]},{"@type":"Person","@id":"https:\/\/www.pressenza.com\/it\/#\/schema\/person\/4e3dce4e18e03345dd2deb3148d621d1","name":"Redazione Toscana","description":"News from the Pressenza Bureau in Tuscany, Italy","url":"https:\/\/www.pressenza.com\/it\/author\/redazione-toscana\/"}]}},"place":"Firenze","original_article_url":"","_links":{"self":[{"href":"https:\/\/www.pressenza.com\/it\/wp-json\/wp\/v2\/posts\/2574694","targetHints":{"allow":["GET"]}}],"collection":[{"href":"https:\/\/www.pressenza.com\/it\/wp-json\/wp\/v2\/posts"}],"about":[{"href":"https:\/\/www.pressenza.com\/it\/wp-json\/wp\/v2\/types\/post"}],"author":[{"embeddable":true,"href":"https:\/\/www.pressenza.com\/it\/wp-json\/wp\/v2\/users\/1712"}],"replies":[{"embeddable":true,"href":"https:\/\/www.pressenza.com\/it\/wp-json\/wp\/v2\/comments?post=2574694"}],"version-history":[{"count":0,"href":"https:\/\/www.pressenza.com\/it\/wp-json\/wp\/v2\/posts\/2574694\/revisions"}],"wp:featuredmedia":[{"embeddable":true,"href":"https:\/\/www.pressenza.com\/it\/wp-json\/wp\/v2\/media\/2557840"}],"wp:attachment":[{"href":"https:\/\/www.pressenza.com\/it\/wp-json\/wp\/v2\/media?parent=2574694"}],"wp:term":[{"taxonomy":"category","embeddable":true,"href":"https:\/\/www.pressenza.com\/it\/wp-json\/wp\/v2\/categories?post=2574694"},{"taxonomy":"post_tag","embeddable":true,"href":"https:\/\/www.pressenza.com\/it\/wp-json\/wp\/v2\/tags?post=2574694"}],"curies":[{"name":"wp","href":"https:\/\/api.w.org\/{rel}","templated":true}]}}