{"id":2573632,"date":"2025-01-02T08:58:05","date_gmt":"2025-01-02T08:58:05","guid":{"rendered":"https:\/\/www.pressenza.com\/?p=2573632"},"modified":"2025-01-02T10:16:12","modified_gmt":"2025-01-02T10:16:12","slug":"perche-siamo-scesi-in-piazza-a-brescia-appunti-a-cavallo-del-solstizio-dinverno","status":"publish","type":"post","link":"https:\/\/www.pressenza.com\/it\/2025\/01\/perche-siamo-scesi-in-piazza-a-brescia-appunti-a-cavallo-del-solstizio-dinverno\/","title":{"rendered":"Perch\u00e9 siamo scesi in piazza a Brescia. \u201cAppunti a cavallo del solstizio d\u2019inverno\u201d"},"content":{"rendered":"<p>Il susseguirsi di comunicati sulla giornata bresciana del 28 dicembre impone di fare un breve riepilogo dei fatti, a partire dalla serata di santa Lucia, che &#8211; contrariamente al detto popolare &#8211; non \u00e8 &#8220;la notte pi\u00f9 lunga che ci sia&#8221;. La notte conduce al sonno, ma in alcuni casi al sonno della ragione, che genera i mostri che si sono palesati in citt\u00e0 nelle ultime due settimane.<\/p>\n<p>Partiamo dal 13 dicembre, santa Lucia: diverse sigle dei gruppuscoli fascisti indicono una manifestazione con corteo. La parola d&#8217;ordine \u00e8: &#8221; Difendi Brescia!&#8221;. Da chi? ovviamente, &#8220;dall&#8217;immigrazione di massa, non pi\u00f9 sopportabile&#8221;.<\/p>\n<p>La manifestazione \u00e8 un flop: sono solo in trecento, in maggioranza provenienti dalle province limitrofe, a lanciare slogan razzisti e suprematisti. Comunque troppi, ma la citt\u00e0 non sembra nemmeno accorgersene.<\/p>\n<p>La notizia, per\u00f2, non resta confinata ai media locali e assurge alla ribalta della cronaca nazionale, che le d\u00e0 un rilievo sproporzionato. Nelle notti successive, il centro di Brescia viene imbrattato da svastiche, anche a pochi metri dalla stele che ricorda la Strage del 28 maggio 1974.<\/p>\n<p>A questo punto, la parte democratica e antifascista della citt\u00e0 &#8211; nelle sue diverse anime &#8211; ha uno scatto d&#8217;orgoglio: viene indetta una manifestazione antifascista per il 20 dicembre. Vi partecipano oltre 4.000 persone, in una Piazza Loggia gremita come da tanto non la si vedeva (anche perch\u00e9 le autorit\u00e0 cittadine da anni la vietano alle manifestazioni non &#8220;istituzionali&#8221;).<\/p>\n<p>Dalla Piazza poi si muove un corteo spontaneo: almeno un migliaio di persone muove verso i quartieri percorsi una settimana prima dai fascisti. In Piazza Loggia restano ANPI, sindacati, la sindaca Castelletti e i partiti di centro-sinistra che amministrano la citt\u00e0. A muoversi per simboleggiare la &#8220;bonifica&#8221; antifascista della zona intorno alla stazione, toccata il 13 dicembre dal corteino dei fascisti, sono in prevalenza giovani, che fanno riferimento a gruppi, associazioni, realt\u00e0 di base che nel corso degli anni hanno monitorato e arginato la presenza dei fascisti a Brescia.<\/p>\n<p>La bella giornata del 20 dicembre ha comunque reso evidente la convivenza di due modi di intendere e praticare l&#8217;antifascismo. Da un lato c&#8217;\u00e8 l&#8217;antifascismo &#8220;istituzionale&#8221;, che si palesa nelle scadenze comandate, avviluppato in un rituale che non si traduce in pratica politica. Dall&#8217;altro lato c&#8217;\u00e8 l&#8217;antifascismo &#8220;militante&#8221;, che cerca di porre un argine a neofascisti e razzisti nei quartieri, nelle scuole, con una presenza pronta ad attivarsi all&#8217;occorrenza, e non solo il 25 aprile o il 28 maggio.<\/p>\n<p>Andiamo avanti col calendario: gli stessi gruppuscoli di fascisti che avevano organizzato la manifestazione del 13 dicembre hanno pensato di promuovere un raduno &#8211; mascherato da aperitivo &#8211; per il 28 dicembre in piazza Vittoria, luogo per loro simbolico a partire dal nome e dall&#8217;architettura tipica del ventennio, e al contempo adiacente a Piazza della Loggia.<\/p>\n<p>Evidente, anche dai toni del manifesto d&#8217;indizione, la provocazione inscenata; necessaria quindi la risposta dell&#8217;assemblea permanente antifascista, che ha indetto per la stessa data e nella stessa piazza un presidio antifascista.<\/p>\n<p>Ed ecco il corto circuito: la questura vieta piazza Vittoria ai fascisti e agli antifascisti, prescrivendo di svolgere le loro iniziative a qualche centinaio di metri. Il questore, che firma le prescrizioni, mette sullo stesso piano fascisti e antifascisti. Normale?!?<\/p>\n<p>Le realt\u00e0 antifasciste ritengono inaccettabili le prescrizioni della questura e comunicano che saranno comunque presenti in piazza Vittoria, dove terranno una conferenza stampa.<\/p>\n<p>L&#8217;ANPI provinciale e la segreteria della CGIL, soddisfatte per il provvedimento del questore (che non ha vietato il raduno fascista, ma lo ha solo un po&#8217; decentrato), invitano a non partecipare al presidio antifascista! Una scelta codarda e irresponsabile, che mira a isolare e delegittimare gli antifascisti &#8220;militanti&#8221;. E la questura capisce bene il messaggio&#8230;<\/p>\n<p>Veniamo al 28 dicembre. I fascisti si trovano in una trentina. Contrastarli, impedire loro l&#8217;agibilit\u00e0 degli spazi pubblici della citt\u00e0 serve a vanificare il loro tentativo di radicarsi, di fare proseliti.<\/p>\n<p>In piazza Vittoria, nonostante il divieto del questore e nonostante la scomunica di ANPI Provinciale e CGIL, si trovano in pi\u00f9 di un migliaio.<\/p>\n<p>Sta per iniziare la conferenza stampa e vengono srotolati due striscioni, con le scritte: &#8220;La vera sicurezza \u00e8 questa qua &#8211; fuori i fascisti dalle citt\u00e0&#8221; e &#8220;Guerre e fascismi: la Costituzione dice no!&#8221;.<\/p>\n<p>Poliziotti cercano di strappare dalle mani di chi li teneva i due striscioni &#8211; che certamente non avevano un contenuto &#8220;sovversivo&#8221; &#8211; e non riuscendoci partono le cariche di polizia verso manifestanti inermi e pacifici.<\/p>\n<p>Poi i media parlano di scontri tra antifascisti e polizia, quando pi\u00f9 correttamente avrebbero dovuto titolare: &#8220;Cariche di polizia contro pacifici manifestanti antifascisti&#8221; (per chi avesse dubbi, basta guardare i diversi filmati in rete).<\/p>\n<p>Ma il peggio doveva ancora venire. Senza essere stati presenti in piazza, senza aver visionato con attenzione i video (o senza averci capito niente), ieri sono arrivati i vergognosi comunicati della sindaca Castelletti e dell&#8217;assessore Muchetti. Ce li si poteva aspettare, conoscendo\u00a0 il navigato opportunismo politico della prima e l&#8217;abituale argomentare grossolano del secondo, per\u00f2 si spera sempre che chi ricopre importanti ruoli istituzionali e amministra la citt\u00e0 in rappresentanza di tutti i cittadini e le cittadine sia all&#8217;altezza del compito che gli \u00e8 stato affidato. Aspettativa in questo caso mal riposta. Oggi, poi, la ciliegina sulla torta: il penoso comunicato a firma dei segretari comunale e provinciale del PD, che facendo equilibrismi difendono l&#8217;indifendibile.<\/p>\n<p>Ne traggo le mie personali conclusioni: sindaca, ANPI Provinciale, CGIL e PD continuino pure a celebrare le loro feste comandate, ma l&#8217;antifascismo praticato quotidianamente \u00e8 altra cosa da loro e quindi non pretendano di impartire lezioni e ricordino che disobbedire a leggi ingiuste e a divieti arbitrari \u00e8 un dovere, prima ancora che un diritto.<\/p>\n<p>Quanto al questore, dovrebbe andarsene da Brescia, perch\u00e9 di questa citt\u00e0 ha capito poco o nulla. Oppure perch\u00e9 ha capito fin troppo bene quali sono i poteri a cui deve rispondere.<\/p>\n<div dir=\"auto\" style=\"text-align: right;\">\n<p><strong>Manlio Vicini<\/strong><\/p>\n<\/div>\n","protected":false},"excerpt":{"rendered":"<p>Il susseguirsi di comunicati sulla giornata bresciana del 28 dicembre impone di fare un breve riepilogo dei fatti, a partire dalla serata di santa Lucia, che &#8211; contrariamente al detto popolare &#8211; non \u00e8 &#8220;la notte pi\u00f9 lunga che ci&hellip;<\/p>\n","protected":false},"author":1969,"featured_media":2573633,"comment_status":"closed","ping_status":"closed","sticky":false,"template":"","format":"standard","meta":{"footnotes":""},"categories":[55],"tags":[3467,6022],"class_list":["post-2573632","post","type-post","status-publish","format-standard","has-post-thumbnail","hentry","category-politica","tag-antifascismo","tag-brescia"],"yoast_head":"<!-- This site is optimized with the Yoast SEO plugin v27.1.1 - https:\/\/yoast.com\/product\/yoast-seo-wordpress\/ -->\n<title>Perch\u00e9 siamo scesi in piazza a Brescia. \u201cAppunti a cavallo del solstizio d\u2019inverno\u201d<\/title>\n<meta name=\"description\" content=\"Il susseguirsi di comunicati sulla giornata bresciana del 28 dicembre impone di fare un breve riepilogo dei fatti, a partire dalla serata di santa Lucia,\" \/>\n<meta name=\"robots\" content=\"index, follow, max-snippet:-1, max-image-preview:large, max-video-preview:-1\" \/>\n<link rel=\"canonical\" href=\"https:\/\/www.pressenza.com\/it\/2025\/01\/perche-siamo-scesi-in-piazza-a-brescia-appunti-a-cavallo-del-solstizio-dinverno\/\" \/>\n<meta property=\"og:locale\" content=\"it_IT\" \/>\n<meta property=\"og:type\" content=\"article\" \/>\n<meta property=\"og:title\" content=\"Perch\u00e9 siamo scesi in piazza a Brescia. \u201cAppunti a cavallo del solstizio d\u2019inverno\u201d\" \/>\n<meta property=\"og:description\" content=\"Il susseguirsi di comunicati sulla giornata bresciana del 28 dicembre impone di fare un breve riepilogo dei fatti, a partire dalla serata di santa Lucia,\" \/>\n<meta property=\"og:url\" content=\"https:\/\/www.pressenza.com\/it\/2025\/01\/perche-siamo-scesi-in-piazza-a-brescia-appunti-a-cavallo-del-solstizio-dinverno\/\" \/>\n<meta property=\"og:site_name\" content=\"Pressenza\" \/>\n<meta property=\"article:publisher\" content=\"https:\/\/www.facebook.com\/PressenzaItalia\" \/>\n<meta property=\"article:published_time\" content=\"2025-01-02T08:58:05+00:00\" \/>\n<meta property=\"article:modified_time\" content=\"2025-01-02T10:16:12+00:00\" \/>\n<meta property=\"og:image\" content=\"https:\/\/www.pressenza.com\/wp-content\/uploads\/2025\/01\/brescia-antifascista.jpg\" \/>\n\t<meta property=\"og:image:width\" content=\"966\" \/>\n\t<meta property=\"og:image:height\" content=\"590\" \/>\n\t<meta property=\"og:image:type\" content=\"image\/jpeg\" \/>\n<meta name=\"author\" content=\"Redazione Sebino Franciacorta\" \/>\n<meta name=\"twitter:card\" content=\"summary_large_image\" \/>\n<meta name=\"twitter:creator\" content=\"@PressenzaIPA\" \/>\n<meta name=\"twitter:site\" content=\"@PressenzaIPA\" \/>\n<meta name=\"twitter:label1\" content=\"Scritto da\" \/>\n\t<meta name=\"twitter:data1\" content=\"Redazione Sebino Franciacorta\" \/>\n\t<meta name=\"twitter:label2\" content=\"Tempo di lettura stimato\" \/>\n\t<meta name=\"twitter:data2\" content=\"6 minuti\" \/>\n<script type=\"application\/ld+json\" class=\"yoast-schema-graph\">{\"@context\":\"https:\/\/schema.org\",\"@graph\":[{\"@type\":\"Article\",\"@id\":\"https:\/\/www.pressenza.com\/it\/2025\/01\/perche-siamo-scesi-in-piazza-a-brescia-appunti-a-cavallo-del-solstizio-dinverno\/#article\",\"isPartOf\":{\"@id\":\"https:\/\/www.pressenza.com\/it\/2025\/01\/perche-siamo-scesi-in-piazza-a-brescia-appunti-a-cavallo-del-solstizio-dinverno\/\"},\"author\":{\"name\":\"Redazione Sebino Franciacorta\",\"@id\":\"https:\/\/www.pressenza.com\/it\/#\/schema\/person\/9ec653259bb79d6ea2255fd80043dc9c\"},\"headline\":\"Perch\u00e9 siamo scesi in piazza a Brescia. \u201cAppunti a cavallo del solstizio d\u2019inverno\u201d\",\"datePublished\":\"2025-01-02T08:58:05+00:00\",\"dateModified\":\"2025-01-02T10:16:12+00:00\",\"mainEntityOfPage\":{\"@id\":\"https:\/\/www.pressenza.com\/it\/2025\/01\/perche-siamo-scesi-in-piazza-a-brescia-appunti-a-cavallo-del-solstizio-dinverno\/\"},\"wordCount\":981,\"publisher\":{\"@id\":\"https:\/\/www.pressenza.com\/it\/#organization\"},\"image\":{\"@id\":\"https:\/\/www.pressenza.com\/it\/2025\/01\/perche-siamo-scesi-in-piazza-a-brescia-appunti-a-cavallo-del-solstizio-dinverno\/#primaryimage\"},\"thumbnailUrl\":\"https:\/\/www.pressenza.com\/wp-content\/uploads\/2025\/01\/brescia-antifascista.jpg\",\"keywords\":[\"antifascismo\",\"Brescia\"],\"articleSection\":[\"Politica\"],\"inLanguage\":\"it-IT\"},{\"@type\":\"WebPage\",\"@id\":\"https:\/\/www.pressenza.com\/it\/2025\/01\/perche-siamo-scesi-in-piazza-a-brescia-appunti-a-cavallo-del-solstizio-dinverno\/\",\"url\":\"https:\/\/www.pressenza.com\/it\/2025\/01\/perche-siamo-scesi-in-piazza-a-brescia-appunti-a-cavallo-del-solstizio-dinverno\/\",\"name\":\"Perch\u00e9 siamo scesi in piazza a Brescia. \u201cAppunti a cavallo del solstizio d\u2019inverno\u201d\",\"isPartOf\":{\"@id\":\"https:\/\/www.pressenza.com\/it\/#website\"},\"primaryImageOfPage\":{\"@id\":\"https:\/\/www.pressenza.com\/it\/2025\/01\/perche-siamo-scesi-in-piazza-a-brescia-appunti-a-cavallo-del-solstizio-dinverno\/#primaryimage\"},\"image\":{\"@id\":\"https:\/\/www.pressenza.com\/it\/2025\/01\/perche-siamo-scesi-in-piazza-a-brescia-appunti-a-cavallo-del-solstizio-dinverno\/#primaryimage\"},\"thumbnailUrl\":\"https:\/\/www.pressenza.com\/wp-content\/uploads\/2025\/01\/brescia-antifascista.jpg\",\"datePublished\":\"2025-01-02T08:58:05+00:00\",\"dateModified\":\"2025-01-02T10:16:12+00:00\",\"description\":\"Il susseguirsi di comunicati sulla giornata bresciana del 28 dicembre impone di fare un breve riepilogo dei fatti, a partire dalla serata di santa Lucia,\",\"breadcrumb\":{\"@id\":\"https:\/\/www.pressenza.com\/it\/2025\/01\/perche-siamo-scesi-in-piazza-a-brescia-appunti-a-cavallo-del-solstizio-dinverno\/#breadcrumb\"},\"inLanguage\":\"it-IT\",\"potentialAction\":[{\"@type\":\"ReadAction\",\"target\":[\"https:\/\/www.pressenza.com\/it\/2025\/01\/perche-siamo-scesi-in-piazza-a-brescia-appunti-a-cavallo-del-solstizio-dinverno\/\"]}]},{\"@type\":\"ImageObject\",\"inLanguage\":\"it-IT\",\"@id\":\"https:\/\/www.pressenza.com\/it\/2025\/01\/perche-siamo-scesi-in-piazza-a-brescia-appunti-a-cavallo-del-solstizio-dinverno\/#primaryimage\",\"url\":\"https:\/\/www.pressenza.com\/wp-content\/uploads\/2025\/01\/brescia-antifascista.jpg\",\"contentUrl\":\"https:\/\/www.pressenza.com\/wp-content\/uploads\/2025\/01\/brescia-antifascista.jpg\",\"width\":966,\"height\":590},{\"@type\":\"BreadcrumbList\",\"@id\":\"https:\/\/www.pressenza.com\/it\/2025\/01\/perche-siamo-scesi-in-piazza-a-brescia-appunti-a-cavallo-del-solstizio-dinverno\/#breadcrumb\",\"itemListElement\":[{\"@type\":\"ListItem\",\"position\":1,\"name\":\"Accueil\",\"item\":\"https:\/\/www.pressenza.com\/it\/\"},{\"@type\":\"ListItem\",\"position\":2,\"name\":\"Perch\u00e9 siamo scesi in piazza a Brescia. \u201cAppunti a cavallo del solstizio d\u2019inverno\u201d\"}]},{\"@type\":\"WebSite\",\"@id\":\"https:\/\/www.pressenza.com\/it\/#website\",\"url\":\"https:\/\/www.pressenza.com\/it\/\",\"name\":\"Pressenza\",\"description\":\"Agenzia di Stampa Internazionale\",\"publisher\":{\"@id\":\"https:\/\/www.pressenza.com\/it\/#organization\"},\"potentialAction\":[{\"@type\":\"SearchAction\",\"target\":{\"@type\":\"EntryPoint\",\"urlTemplate\":\"https:\/\/www.pressenza.com\/it\/?s={search_term_string}\"},\"query-input\":{\"@type\":\"PropertyValueSpecification\",\"valueRequired\":true,\"valueName\":\"search_term_string\"}}],\"inLanguage\":\"it-IT\"},{\"@type\":\"Organization\",\"@id\":\"https:\/\/www.pressenza.com\/it\/#organization\",\"name\":\"Pressenza\",\"url\":\"https:\/\/www.pressenza.com\/it\/\",\"logo\":{\"@type\":\"ImageObject\",\"inLanguage\":\"it-IT\",\"@id\":\"https:\/\/www.pressenza.com\/it\/#\/schema\/logo\/image\/\",\"url\":\"https:\/\/www.pressenza.com\/wp-content\/uploads\/2022\/10\/pressenza_logo_200x200.jpg\",\"contentUrl\":\"https:\/\/www.pressenza.com\/wp-content\/uploads\/2022\/10\/pressenza_logo_200x200.jpg\",\"width\":200,\"height\":200,\"caption\":\"Pressenza\"},\"image\":{\"@id\":\"https:\/\/www.pressenza.com\/it\/#\/schema\/logo\/image\/\"},\"sameAs\":[\"https:\/\/www.facebook.com\/PressenzaItalia\",\"https:\/\/x.com\/PressenzaIPA\"]},{\"@type\":\"Person\",\"@id\":\"https:\/\/www.pressenza.com\/it\/#\/schema\/person\/9ec653259bb79d6ea2255fd80043dc9c\",\"name\":\"Redazione Sebino Franciacorta\",\"url\":\"https:\/\/www.pressenza.com\/it\/author\/redazione-sebino-franciacorta\/\"}]}<\/script>\n<!-- \/ Yoast SEO plugin. -->","yoast_head_json":{"title":"Perch\u00e9 siamo scesi in piazza a Brescia. \u201cAppunti a cavallo del solstizio d\u2019inverno\u201d","description":"Il susseguirsi di comunicati sulla giornata bresciana del 28 dicembre impone di fare un breve riepilogo dei fatti, a partire dalla serata di santa Lucia,","robots":{"index":"index","follow":"follow","max-snippet":"max-snippet:-1","max-image-preview":"max-image-preview:large","max-video-preview":"max-video-preview:-1"},"canonical":"https:\/\/www.pressenza.com\/it\/2025\/01\/perche-siamo-scesi-in-piazza-a-brescia-appunti-a-cavallo-del-solstizio-dinverno\/","og_locale":"it_IT","og_type":"article","og_title":"Perch\u00e9 siamo scesi in piazza a Brescia. \u201cAppunti a cavallo del solstizio d\u2019inverno\u201d","og_description":"Il susseguirsi di comunicati sulla giornata bresciana del 28 dicembre impone di fare un breve riepilogo dei fatti, a partire dalla serata di santa Lucia,","og_url":"https:\/\/www.pressenza.com\/it\/2025\/01\/perche-siamo-scesi-in-piazza-a-brescia-appunti-a-cavallo-del-solstizio-dinverno\/","og_site_name":"Pressenza","article_publisher":"https:\/\/www.facebook.com\/PressenzaItalia","article_published_time":"2025-01-02T08:58:05+00:00","article_modified_time":"2025-01-02T10:16:12+00:00","og_image":[{"width":966,"height":590,"url":"https:\/\/www.pressenza.com\/wp-content\/uploads\/2025\/01\/brescia-antifascista.jpg","type":"image\/jpeg"}],"author":"Redazione Sebino Franciacorta","twitter_card":"summary_large_image","twitter_creator":"@PressenzaIPA","twitter_site":"@PressenzaIPA","twitter_misc":{"Scritto da":"Redazione Sebino Franciacorta","Tempo di lettura stimato":"6 minuti"},"schema":{"@context":"https:\/\/schema.org","@graph":[{"@type":"Article","@id":"https:\/\/www.pressenza.com\/it\/2025\/01\/perche-siamo-scesi-in-piazza-a-brescia-appunti-a-cavallo-del-solstizio-dinverno\/#article","isPartOf":{"@id":"https:\/\/www.pressenza.com\/it\/2025\/01\/perche-siamo-scesi-in-piazza-a-brescia-appunti-a-cavallo-del-solstizio-dinverno\/"},"author":{"name":"Redazione Sebino Franciacorta","@id":"https:\/\/www.pressenza.com\/it\/#\/schema\/person\/9ec653259bb79d6ea2255fd80043dc9c"},"headline":"Perch\u00e9 siamo scesi in piazza a Brescia. \u201cAppunti a cavallo del solstizio d\u2019inverno\u201d","datePublished":"2025-01-02T08:58:05+00:00","dateModified":"2025-01-02T10:16:12+00:00","mainEntityOfPage":{"@id":"https:\/\/www.pressenza.com\/it\/2025\/01\/perche-siamo-scesi-in-piazza-a-brescia-appunti-a-cavallo-del-solstizio-dinverno\/"},"wordCount":981,"publisher":{"@id":"https:\/\/www.pressenza.com\/it\/#organization"},"image":{"@id":"https:\/\/www.pressenza.com\/it\/2025\/01\/perche-siamo-scesi-in-piazza-a-brescia-appunti-a-cavallo-del-solstizio-dinverno\/#primaryimage"},"thumbnailUrl":"https:\/\/www.pressenza.com\/wp-content\/uploads\/2025\/01\/brescia-antifascista.jpg","keywords":["antifascismo","Brescia"],"articleSection":["Politica"],"inLanguage":"it-IT"},{"@type":"WebPage","@id":"https:\/\/www.pressenza.com\/it\/2025\/01\/perche-siamo-scesi-in-piazza-a-brescia-appunti-a-cavallo-del-solstizio-dinverno\/","url":"https:\/\/www.pressenza.com\/it\/2025\/01\/perche-siamo-scesi-in-piazza-a-brescia-appunti-a-cavallo-del-solstizio-dinverno\/","name":"Perch\u00e9 siamo scesi in piazza a Brescia. \u201cAppunti a cavallo del solstizio d\u2019inverno\u201d","isPartOf":{"@id":"https:\/\/www.pressenza.com\/it\/#website"},"primaryImageOfPage":{"@id":"https:\/\/www.pressenza.com\/it\/2025\/01\/perche-siamo-scesi-in-piazza-a-brescia-appunti-a-cavallo-del-solstizio-dinverno\/#primaryimage"},"image":{"@id":"https:\/\/www.pressenza.com\/it\/2025\/01\/perche-siamo-scesi-in-piazza-a-brescia-appunti-a-cavallo-del-solstizio-dinverno\/#primaryimage"},"thumbnailUrl":"https:\/\/www.pressenza.com\/wp-content\/uploads\/2025\/01\/brescia-antifascista.jpg","datePublished":"2025-01-02T08:58:05+00:00","dateModified":"2025-01-02T10:16:12+00:00","description":"Il susseguirsi di comunicati sulla giornata bresciana del 28 dicembre impone di fare un breve riepilogo dei fatti, a partire dalla serata di santa Lucia,","breadcrumb":{"@id":"https:\/\/www.pressenza.com\/it\/2025\/01\/perche-siamo-scesi-in-piazza-a-brescia-appunti-a-cavallo-del-solstizio-dinverno\/#breadcrumb"},"inLanguage":"it-IT","potentialAction":[{"@type":"ReadAction","target":["https:\/\/www.pressenza.com\/it\/2025\/01\/perche-siamo-scesi-in-piazza-a-brescia-appunti-a-cavallo-del-solstizio-dinverno\/"]}]},{"@type":"ImageObject","inLanguage":"it-IT","@id":"https:\/\/www.pressenza.com\/it\/2025\/01\/perche-siamo-scesi-in-piazza-a-brescia-appunti-a-cavallo-del-solstizio-dinverno\/#primaryimage","url":"https:\/\/www.pressenza.com\/wp-content\/uploads\/2025\/01\/brescia-antifascista.jpg","contentUrl":"https:\/\/www.pressenza.com\/wp-content\/uploads\/2025\/01\/brescia-antifascista.jpg","width":966,"height":590},{"@type":"BreadcrumbList","@id":"https:\/\/www.pressenza.com\/it\/2025\/01\/perche-siamo-scesi-in-piazza-a-brescia-appunti-a-cavallo-del-solstizio-dinverno\/#breadcrumb","itemListElement":[{"@type":"ListItem","position":1,"name":"Accueil","item":"https:\/\/www.pressenza.com\/it\/"},{"@type":"ListItem","position":2,"name":"Perch\u00e9 siamo scesi in piazza a Brescia. \u201cAppunti a cavallo del solstizio d\u2019inverno\u201d"}]},{"@type":"WebSite","@id":"https:\/\/www.pressenza.com\/it\/#website","url":"https:\/\/www.pressenza.com\/it\/","name":"Pressenza","description":"Agenzia di Stampa Internazionale","publisher":{"@id":"https:\/\/www.pressenza.com\/it\/#organization"},"potentialAction":[{"@type":"SearchAction","target":{"@type":"EntryPoint","urlTemplate":"https:\/\/www.pressenza.com\/it\/?s={search_term_string}"},"query-input":{"@type":"PropertyValueSpecification","valueRequired":true,"valueName":"search_term_string"}}],"inLanguage":"it-IT"},{"@type":"Organization","@id":"https:\/\/www.pressenza.com\/it\/#organization","name":"Pressenza","url":"https:\/\/www.pressenza.com\/it\/","logo":{"@type":"ImageObject","inLanguage":"it-IT","@id":"https:\/\/www.pressenza.com\/it\/#\/schema\/logo\/image\/","url":"https:\/\/www.pressenza.com\/wp-content\/uploads\/2022\/10\/pressenza_logo_200x200.jpg","contentUrl":"https:\/\/www.pressenza.com\/wp-content\/uploads\/2022\/10\/pressenza_logo_200x200.jpg","width":200,"height":200,"caption":"Pressenza"},"image":{"@id":"https:\/\/www.pressenza.com\/it\/#\/schema\/logo\/image\/"},"sameAs":["https:\/\/www.facebook.com\/PressenzaItalia","https:\/\/x.com\/PressenzaIPA"]},{"@type":"Person","@id":"https:\/\/www.pressenza.com\/it\/#\/schema\/person\/9ec653259bb79d6ea2255fd80043dc9c","name":"Redazione Sebino Franciacorta","url":"https:\/\/www.pressenza.com\/it\/author\/redazione-sebino-franciacorta\/"}]}},"place":"Brescia","original_article_url":"","_links":{"self":[{"href":"https:\/\/www.pressenza.com\/it\/wp-json\/wp\/v2\/posts\/2573632","targetHints":{"allow":["GET"]}}],"collection":[{"href":"https:\/\/www.pressenza.com\/it\/wp-json\/wp\/v2\/posts"}],"about":[{"href":"https:\/\/www.pressenza.com\/it\/wp-json\/wp\/v2\/types\/post"}],"author":[{"embeddable":true,"href":"https:\/\/www.pressenza.com\/it\/wp-json\/wp\/v2\/users\/1969"}],"replies":[{"embeddable":true,"href":"https:\/\/www.pressenza.com\/it\/wp-json\/wp\/v2\/comments?post=2573632"}],"version-history":[{"count":0,"href":"https:\/\/www.pressenza.com\/it\/wp-json\/wp\/v2\/posts\/2573632\/revisions"}],"wp:featuredmedia":[{"embeddable":true,"href":"https:\/\/www.pressenza.com\/it\/wp-json\/wp\/v2\/media\/2573633"}],"wp:attachment":[{"href":"https:\/\/www.pressenza.com\/it\/wp-json\/wp\/v2\/media?parent=2573632"}],"wp:term":[{"taxonomy":"category","embeddable":true,"href":"https:\/\/www.pressenza.com\/it\/wp-json\/wp\/v2\/categories?post=2573632"},{"taxonomy":"post_tag","embeddable":true,"href":"https:\/\/www.pressenza.com\/it\/wp-json\/wp\/v2\/tags?post=2573632"}],"curies":[{"name":"wp","href":"https:\/\/api.w.org\/{rel}","templated":true}]}}