{"id":2570874,"date":"2024-12-17T15:49:57","date_gmt":"2024-12-17T15:49:57","guid":{"rendered":"https:\/\/www.pressenza.com\/?p=2570874"},"modified":"2024-12-17T15:49:57","modified_gmt":"2024-12-17T15:49:57","slug":"ravenna-si-ascoltino-5-000-cittadini-e-si-salvi-lalberata-di-pini","status":"publish","type":"post","link":"https:\/\/www.pressenza.com\/it\/2024\/12\/ravenna-si-ascoltino-5-000-cittadini-e-si-salvi-lalberata-di-pini\/","title":{"rendered":"Ravenna, si ascoltino 5.000 cittadini e si salvi l\u2019alberata di pini"},"content":{"rendered":"<p>\u201c<em>Non mancheranno mai gli alberi in via Maggiore, perch\u00e9 noi siamo pronti con una piantumazione gi\u00e0 da diversi mesi. Tuttavia, sembrava una mancanza di rispetto verso i cittadini che hanno raccolto queste firme&#8230;<\/em>\u201d. Queste le testuali parole dell&#8217;Assessore Gallonetto durante la Commissione dell\u201911 dicembre scorso, dove sono state discusse le 2.000 firme per la tutela dell\u2019alberata storica di via Maggiore, che si aggiungono alle 3000 per i pini di Lido di Savio. Subito dopo la commissione, i cittadini, avendo in mente il progetto, per fortuna non finanziato, che sostituisce i pini di via Maggiore con fossati di raccolta acque \u201crain garden\u201d, e dopo aver letto pi\u00f9 volte nelle interviste all\u2019assessore che i pini non verranno pi\u00f9 ripiantati, ma sostituiti con lecci o aceri, hanno chiesto di vedere questo progetto di piantumazione pronto da mesi e, tramite il consigliere Ancisi, la risposta del Comune \u00e8 stata sorprendente: non esiste nessun progetto di ripiantumazione di via Maggiore.<\/p>\n<p>Dunque, da un lato gli abbattimenti proseguono ormai da anni, ma il ripristino del viale sembra in alto mare, dall\u2019altro, invece, vogliamo sperare che anche la seconda parte dell\u2019intervento dell\u2019assessore in Commissione non sia costituita da parole al vento. Cos\u00ec egli diceva: <em>\u201c\u2026Noi rispettiamo sempre il Consiglio Comunale, ritenendo che sia questo il giusto posto di discussione, e aspettando questa Commissione, prima ed eventualmente di procedere alla ripiantumazione, perch\u00e9 non lo facciamo d\u2019imperio, lo facciamo con una discussione ben improntata\u2026<\/em>\u201d. Al contempo, egli rimarcava che il criterio di economicit\u00e0 deve guidare ogni scelta dell\u2019Amministrazione pubblica.<\/p>\n<p>Ebbene, come ampiamente analizzato e dimostrato in commissione dal dottor Cantiani, tecnico noto in tutta Italia ed esperto in particolare di pino domestico, tutelare l\u2019alberata con tutte le moderne tecniche di arboricoltura e mettere a dimora giovani pini, preparando opportunamente il terreno e predisponendo tutti gli accorgimenti per risolvere possibili conflitti degli apparati radicali con i marciapiedi, \u00e8 la scelta pi\u00f9 economica. Al contempo, l\u2019ingresso monumentale alla citt\u00e0 di Ravenna verrebbe preservato, come splendido biglietto da visita che ne rispetta la storicit\u00e0 e l\u2019aspetto paesaggistico.<\/p>\n<p>In sostanza, si tratta di fare manutenzione ordinaria al viale, con la cura costante che gli alberi richiedono (e che ampiamente ricambiano, con salute, ombra, ossigeno, biodiversit\u00e0, bellezza), programmando magari per stralci gli interventi di ripristino, specie nelle aiuole pi\u00f9 ampie, lasciate desolatamente vuote ormai da anni. Diversa \u00e8 la manutenzione straordinaria, ovvero una spesa stratosferica (quasi 2 milioni di euro per il progetto dei fossati non finanziato), avente l\u2019obiettivo di eliminare via via tutti gli alberi storici e di stravolgere completamente il viale di accesso a Ravenna.<\/p>\n<p>Confidiamo in un\u2019attenta riflessione da parte del Comune e in una decisione di buonsenso, economica e ampiamente condivisa con i cittadini e con i tecnici. Analogamente, ad esempio, con quanto sta facendo Milano Marittima, che ripianta i pini domestici al posto di quelli abbattuti. La discussione dell&#8217;atto di indirizzo presentato in Consiglio Comunale oggi, 17 dicembre, da Lista per Ravenna, potrebbe essere l&#8217;occasione per andare in questa direzione.<\/p>\n<p>Il gruppo di cittadini &#8220;Salviamo i pini di Lido di Savio e Ravenna&#8221;<\/p>\n","protected":false},"excerpt":{"rendered":"<p>\u201cNon mancheranno mai gli alberi in via Maggiore, perch\u00e9 noi siamo pronti con una piantumazione gi\u00e0 da diversi mesi. Tuttavia, sembrava una mancanza di rispetto verso i cittadini che hanno raccolto queste firme&#8230;\u201d. Queste le testuali parole dell&#8217;Assessore Gallonetto durante&hellip;<\/p>\n","protected":false},"author":594,"featured_media":2570901,"comment_status":"closed","ping_status":"closed","sticky":false,"template":"","format":"standard","meta":{"footnotes":""},"categories":[150,59,47],"tags":[5489,130377,130376,4147],"class_list":["post-2570874","post","type-post","status-publish","format-standard","has-post-thumbnail","hentry","category-comunicati-stampa","category-ambiente-ecologia","category-europa","tag-consiglio-comunale","tag-lido-di-savio","tag-pini","tag-ravenna"],"yoast_head":"<!-- This site is optimized with the Yoast SEO plugin v27.1.1 - https:\/\/yoast.com\/product\/yoast-seo-wordpress\/ -->\n<title>Ravenna, si ascoltino 5.000 cittadini e si salvi l\u2019alberata di pini<\/title>\n<meta name=\"description\" content=\"\u201cNon mancheranno mai gli alberi in via Maggiore, perch\u00e9 noi siamo pronti con una piantumazione gi\u00e0 da diversi mesi. Tuttavia, sembrava una mancanza di\" \/>\n<meta name=\"robots\" content=\"index, follow, max-snippet:-1, max-image-preview:large, max-video-preview:-1\" \/>\n<link rel=\"canonical\" href=\"https:\/\/www.pressenza.com\/it\/2024\/12\/ravenna-si-ascoltino-5-000-cittadini-e-si-salvi-lalberata-di-pini\/\" \/>\n<meta property=\"og:locale\" content=\"it_IT\" \/>\n<meta property=\"og:type\" content=\"article\" \/>\n<meta property=\"og:title\" content=\"Ravenna, si ascoltino 5.000 cittadini e si salvi l\u2019alberata di pini\" \/>\n<meta property=\"og:description\" content=\"\u201cNon mancheranno mai gli alberi in via Maggiore, perch\u00e9 noi siamo pronti con una piantumazione gi\u00e0 da diversi mesi. Tuttavia, sembrava una mancanza di\" \/>\n<meta property=\"og:url\" content=\"https:\/\/www.pressenza.com\/it\/2024\/12\/ravenna-si-ascoltino-5-000-cittadini-e-si-salvi-lalberata-di-pini\/\" \/>\n<meta property=\"og:site_name\" content=\"Pressenza\" \/>\n<meta property=\"article:publisher\" content=\"https:\/\/www.facebook.com\/PressenzaItalia\" \/>\n<meta property=\"article:author\" content=\"https:\/\/www.facebook.com\/PressenzaItalia\" \/>\n<meta property=\"article:published_time\" content=\"2024-12-17T15:49:57+00:00\" \/>\n<meta property=\"og:image\" content=\"https:\/\/www.pressenza.com\/wp-content\/uploads\/2024\/12\/pini-di-via-Maggiore-Eros-Antonellini.jpg\" \/>\n\t<meta property=\"og:image:width\" content=\"1920\" \/>\n\t<meta property=\"og:image:height\" content=\"1440\" \/>\n\t<meta property=\"og:image:type\" content=\"image\/jpeg\" \/>\n<meta name=\"author\" content=\"Redazione Italia\" \/>\n<meta name=\"twitter:card\" content=\"summary_large_image\" \/>\n<meta name=\"twitter:creator\" content=\"@pressenza_it\" \/>\n<meta name=\"twitter:site\" content=\"@PressenzaIPA\" \/>\n<meta name=\"twitter:label1\" content=\"Scritto da\" \/>\n\t<meta name=\"twitter:data1\" content=\"Redazione Italia\" \/>\n\t<meta name=\"twitter:label2\" content=\"Tempo di lettura stimato\" \/>\n\t<meta name=\"twitter:data2\" content=\"3 minuti\" \/>\n<script type=\"application\/ld+json\" class=\"yoast-schema-graph\">{\"@context\":\"https:\/\/schema.org\",\"@graph\":[{\"@type\":\"Article\",\"@id\":\"https:\/\/www.pressenza.com\/it\/2024\/12\/ravenna-si-ascoltino-5-000-cittadini-e-si-salvi-lalberata-di-pini\/#article\",\"isPartOf\":{\"@id\":\"https:\/\/www.pressenza.com\/it\/2024\/12\/ravenna-si-ascoltino-5-000-cittadini-e-si-salvi-lalberata-di-pini\/\"},\"author\":{\"name\":\"Redazione Italia\",\"@id\":\"https:\/\/www.pressenza.com\/it\/#\/schema\/person\/d983e81827ae24f2c7b1a2123d197f8d\"},\"headline\":\"Ravenna, si ascoltino 5.000 cittadini e si salvi l\u2019alberata di pini\",\"datePublished\":\"2024-12-17T15:49:57+00:00\",\"mainEntityOfPage\":{\"@id\":\"https:\/\/www.pressenza.com\/it\/2024\/12\/ravenna-si-ascoltino-5-000-cittadini-e-si-salvi-lalberata-di-pini\/\"},\"wordCount\":523,\"publisher\":{\"@id\":\"https:\/\/www.pressenza.com\/it\/#organization\"},\"image\":{\"@id\":\"https:\/\/www.pressenza.com\/it\/2024\/12\/ravenna-si-ascoltino-5-000-cittadini-e-si-salvi-lalberata-di-pini\/#primaryimage\"},\"thumbnailUrl\":\"https:\/\/www.pressenza.com\/wp-content\/uploads\/2024\/12\/pini-di-via-Maggiore-Eros-Antonellini.jpg\",\"keywords\":[\"Consiglio Comunale\",\"Lido di Savio\",\"pini\",\"Ravenna\"],\"articleSection\":[\"Comunicati Stampa\",\"Ecologia ed Ambiente\",\"Europa\"],\"inLanguage\":\"it-IT\"},{\"@type\":\"WebPage\",\"@id\":\"https:\/\/www.pressenza.com\/it\/2024\/12\/ravenna-si-ascoltino-5-000-cittadini-e-si-salvi-lalberata-di-pini\/\",\"url\":\"https:\/\/www.pressenza.com\/it\/2024\/12\/ravenna-si-ascoltino-5-000-cittadini-e-si-salvi-lalberata-di-pini\/\",\"name\":\"Ravenna, si ascoltino 5.000 cittadini e si salvi l\u2019alberata di pini\",\"isPartOf\":{\"@id\":\"https:\/\/www.pressenza.com\/it\/#website\"},\"primaryImageOfPage\":{\"@id\":\"https:\/\/www.pressenza.com\/it\/2024\/12\/ravenna-si-ascoltino-5-000-cittadini-e-si-salvi-lalberata-di-pini\/#primaryimage\"},\"image\":{\"@id\":\"https:\/\/www.pressenza.com\/it\/2024\/12\/ravenna-si-ascoltino-5-000-cittadini-e-si-salvi-lalberata-di-pini\/#primaryimage\"},\"thumbnailUrl\":\"https:\/\/www.pressenza.com\/wp-content\/uploads\/2024\/12\/pini-di-via-Maggiore-Eros-Antonellini.jpg\",\"datePublished\":\"2024-12-17T15:49:57+00:00\",\"description\":\"\u201cNon mancheranno mai gli alberi in via Maggiore, perch\u00e9 noi siamo pronti con una piantumazione gi\u00e0 da diversi mesi. Tuttavia, sembrava una mancanza di\",\"breadcrumb\":{\"@id\":\"https:\/\/www.pressenza.com\/it\/2024\/12\/ravenna-si-ascoltino-5-000-cittadini-e-si-salvi-lalberata-di-pini\/#breadcrumb\"},\"inLanguage\":\"it-IT\",\"potentialAction\":[{\"@type\":\"ReadAction\",\"target\":[\"https:\/\/www.pressenza.com\/it\/2024\/12\/ravenna-si-ascoltino-5-000-cittadini-e-si-salvi-lalberata-di-pini\/\"]}]},{\"@type\":\"ImageObject\",\"inLanguage\":\"it-IT\",\"@id\":\"https:\/\/www.pressenza.com\/it\/2024\/12\/ravenna-si-ascoltino-5-000-cittadini-e-si-salvi-lalberata-di-pini\/#primaryimage\",\"url\":\"https:\/\/www.pressenza.com\/wp-content\/uploads\/2024\/12\/pini-di-via-Maggiore-Eros-Antonellini.jpg\",\"contentUrl\":\"https:\/\/www.pressenza.com\/wp-content\/uploads\/2024\/12\/pini-di-via-Maggiore-Eros-Antonellini.jpg\",\"width\":1920,\"height\":1440},{\"@type\":\"BreadcrumbList\",\"@id\":\"https:\/\/www.pressenza.com\/it\/2024\/12\/ravenna-si-ascoltino-5-000-cittadini-e-si-salvi-lalberata-di-pini\/#breadcrumb\",\"itemListElement\":[{\"@type\":\"ListItem\",\"position\":1,\"name\":\"Accueil\",\"item\":\"https:\/\/www.pressenza.com\/it\/\"},{\"@type\":\"ListItem\",\"position\":2,\"name\":\"Ravenna, si ascoltino 5.000 cittadini e si salvi l\u2019alberata di pini\"}]},{\"@type\":\"WebSite\",\"@id\":\"https:\/\/www.pressenza.com\/it\/#website\",\"url\":\"https:\/\/www.pressenza.com\/it\/\",\"name\":\"Pressenza\",\"description\":\"Agenzia di Stampa Internazionale\",\"publisher\":{\"@id\":\"https:\/\/www.pressenza.com\/it\/#organization\"},\"potentialAction\":[{\"@type\":\"SearchAction\",\"target\":{\"@type\":\"EntryPoint\",\"urlTemplate\":\"https:\/\/www.pressenza.com\/it\/?s={search_term_string}\"},\"query-input\":{\"@type\":\"PropertyValueSpecification\",\"valueRequired\":true,\"valueName\":\"search_term_string\"}}],\"inLanguage\":\"it-IT\"},{\"@type\":\"Organization\",\"@id\":\"https:\/\/www.pressenza.com\/it\/#organization\",\"name\":\"Pressenza\",\"url\":\"https:\/\/www.pressenza.com\/it\/\",\"logo\":{\"@type\":\"ImageObject\",\"inLanguage\":\"it-IT\",\"@id\":\"https:\/\/www.pressenza.com\/it\/#\/schema\/logo\/image\/\",\"url\":\"https:\/\/www.pressenza.com\/wp-content\/uploads\/2022\/10\/pressenza_logo_200x200.jpg\",\"contentUrl\":\"https:\/\/www.pressenza.com\/wp-content\/uploads\/2022\/10\/pressenza_logo_200x200.jpg\",\"width\":200,\"height\":200,\"caption\":\"Pressenza\"},\"image\":{\"@id\":\"https:\/\/www.pressenza.com\/it\/#\/schema\/logo\/image\/\"},\"sameAs\":[\"https:\/\/www.facebook.com\/PressenzaItalia\",\"https:\/\/x.com\/PressenzaIPA\"]},{\"@type\":\"Person\",\"@id\":\"https:\/\/www.pressenza.com\/it\/#\/schema\/person\/d983e81827ae24f2c7b1a2123d197f8d\",\"name\":\"Redazione Italia\",\"description\":\"News from the Pressenza Bureau in Italy\",\"sameAs\":[\"https:\/\/www.pressenza.com\/it\/author\/redazione-italia\/\",\"https:\/\/www.facebook.com\/PressenzaItalia\",\"https:\/\/www.instagram.com\/pressenza_italia\/\",\"https:\/\/x.com\/pressenza_it\",\"https:\/\/www.youtube.com\/channel\/UCSalEIWjE1RSxkwjfftFuqg\"],\"url\":\"https:\/\/www.pressenza.com\/it\/author\/redazione-italia\/\"}]}<\/script>\n<!-- \/ Yoast SEO plugin. -->","yoast_head_json":{"title":"Ravenna, si ascoltino 5.000 cittadini e si salvi l\u2019alberata di pini","description":"\u201cNon mancheranno mai gli alberi in via Maggiore, perch\u00e9 noi siamo pronti con una piantumazione gi\u00e0 da diversi mesi. Tuttavia, sembrava una mancanza di","robots":{"index":"index","follow":"follow","max-snippet":"max-snippet:-1","max-image-preview":"max-image-preview:large","max-video-preview":"max-video-preview:-1"},"canonical":"https:\/\/www.pressenza.com\/it\/2024\/12\/ravenna-si-ascoltino-5-000-cittadini-e-si-salvi-lalberata-di-pini\/","og_locale":"it_IT","og_type":"article","og_title":"Ravenna, si ascoltino 5.000 cittadini e si salvi l\u2019alberata di pini","og_description":"\u201cNon mancheranno mai gli alberi in via Maggiore, perch\u00e9 noi siamo pronti con una piantumazione gi\u00e0 da diversi mesi. Tuttavia, sembrava una mancanza di","og_url":"https:\/\/www.pressenza.com\/it\/2024\/12\/ravenna-si-ascoltino-5-000-cittadini-e-si-salvi-lalberata-di-pini\/","og_site_name":"Pressenza","article_publisher":"https:\/\/www.facebook.com\/PressenzaItalia","article_author":"https:\/\/www.facebook.com\/PressenzaItalia","article_published_time":"2024-12-17T15:49:57+00:00","og_image":[{"width":1920,"height":1440,"url":"https:\/\/www.pressenza.com\/wp-content\/uploads\/2024\/12\/pini-di-via-Maggiore-Eros-Antonellini.jpg","type":"image\/jpeg"}],"author":"Redazione Italia","twitter_card":"summary_large_image","twitter_creator":"@pressenza_it","twitter_site":"@PressenzaIPA","twitter_misc":{"Scritto da":"Redazione Italia","Tempo di lettura stimato":"3 minuti"},"schema":{"@context":"https:\/\/schema.org","@graph":[{"@type":"Article","@id":"https:\/\/www.pressenza.com\/it\/2024\/12\/ravenna-si-ascoltino-5-000-cittadini-e-si-salvi-lalberata-di-pini\/#article","isPartOf":{"@id":"https:\/\/www.pressenza.com\/it\/2024\/12\/ravenna-si-ascoltino-5-000-cittadini-e-si-salvi-lalberata-di-pini\/"},"author":{"name":"Redazione Italia","@id":"https:\/\/www.pressenza.com\/it\/#\/schema\/person\/d983e81827ae24f2c7b1a2123d197f8d"},"headline":"Ravenna, si ascoltino 5.000 cittadini e si salvi l\u2019alberata di pini","datePublished":"2024-12-17T15:49:57+00:00","mainEntityOfPage":{"@id":"https:\/\/www.pressenza.com\/it\/2024\/12\/ravenna-si-ascoltino-5-000-cittadini-e-si-salvi-lalberata-di-pini\/"},"wordCount":523,"publisher":{"@id":"https:\/\/www.pressenza.com\/it\/#organization"},"image":{"@id":"https:\/\/www.pressenza.com\/it\/2024\/12\/ravenna-si-ascoltino-5-000-cittadini-e-si-salvi-lalberata-di-pini\/#primaryimage"},"thumbnailUrl":"https:\/\/www.pressenza.com\/wp-content\/uploads\/2024\/12\/pini-di-via-Maggiore-Eros-Antonellini.jpg","keywords":["Consiglio Comunale","Lido di Savio","pini","Ravenna"],"articleSection":["Comunicati Stampa","Ecologia ed Ambiente","Europa"],"inLanguage":"it-IT"},{"@type":"WebPage","@id":"https:\/\/www.pressenza.com\/it\/2024\/12\/ravenna-si-ascoltino-5-000-cittadini-e-si-salvi-lalberata-di-pini\/","url":"https:\/\/www.pressenza.com\/it\/2024\/12\/ravenna-si-ascoltino-5-000-cittadini-e-si-salvi-lalberata-di-pini\/","name":"Ravenna, si ascoltino 5.000 cittadini e si salvi l\u2019alberata di pini","isPartOf":{"@id":"https:\/\/www.pressenza.com\/it\/#website"},"primaryImageOfPage":{"@id":"https:\/\/www.pressenza.com\/it\/2024\/12\/ravenna-si-ascoltino-5-000-cittadini-e-si-salvi-lalberata-di-pini\/#primaryimage"},"image":{"@id":"https:\/\/www.pressenza.com\/it\/2024\/12\/ravenna-si-ascoltino-5-000-cittadini-e-si-salvi-lalberata-di-pini\/#primaryimage"},"thumbnailUrl":"https:\/\/www.pressenza.com\/wp-content\/uploads\/2024\/12\/pini-di-via-Maggiore-Eros-Antonellini.jpg","datePublished":"2024-12-17T15:49:57+00:00","description":"\u201cNon mancheranno mai gli alberi in via Maggiore, perch\u00e9 noi siamo pronti con una piantumazione gi\u00e0 da diversi mesi. Tuttavia, sembrava una mancanza di","breadcrumb":{"@id":"https:\/\/www.pressenza.com\/it\/2024\/12\/ravenna-si-ascoltino-5-000-cittadini-e-si-salvi-lalberata-di-pini\/#breadcrumb"},"inLanguage":"it-IT","potentialAction":[{"@type":"ReadAction","target":["https:\/\/www.pressenza.com\/it\/2024\/12\/ravenna-si-ascoltino-5-000-cittadini-e-si-salvi-lalberata-di-pini\/"]}]},{"@type":"ImageObject","inLanguage":"it-IT","@id":"https:\/\/www.pressenza.com\/it\/2024\/12\/ravenna-si-ascoltino-5-000-cittadini-e-si-salvi-lalberata-di-pini\/#primaryimage","url":"https:\/\/www.pressenza.com\/wp-content\/uploads\/2024\/12\/pini-di-via-Maggiore-Eros-Antonellini.jpg","contentUrl":"https:\/\/www.pressenza.com\/wp-content\/uploads\/2024\/12\/pini-di-via-Maggiore-Eros-Antonellini.jpg","width":1920,"height":1440},{"@type":"BreadcrumbList","@id":"https:\/\/www.pressenza.com\/it\/2024\/12\/ravenna-si-ascoltino-5-000-cittadini-e-si-salvi-lalberata-di-pini\/#breadcrumb","itemListElement":[{"@type":"ListItem","position":1,"name":"Accueil","item":"https:\/\/www.pressenza.com\/it\/"},{"@type":"ListItem","position":2,"name":"Ravenna, si ascoltino 5.000 cittadini e si salvi l\u2019alberata di pini"}]},{"@type":"WebSite","@id":"https:\/\/www.pressenza.com\/it\/#website","url":"https:\/\/www.pressenza.com\/it\/","name":"Pressenza","description":"Agenzia di Stampa Internazionale","publisher":{"@id":"https:\/\/www.pressenza.com\/it\/#organization"},"potentialAction":[{"@type":"SearchAction","target":{"@type":"EntryPoint","urlTemplate":"https:\/\/www.pressenza.com\/it\/?s={search_term_string}"},"query-input":{"@type":"PropertyValueSpecification","valueRequired":true,"valueName":"search_term_string"}}],"inLanguage":"it-IT"},{"@type":"Organization","@id":"https:\/\/www.pressenza.com\/it\/#organization","name":"Pressenza","url":"https:\/\/www.pressenza.com\/it\/","logo":{"@type":"ImageObject","inLanguage":"it-IT","@id":"https:\/\/www.pressenza.com\/it\/#\/schema\/logo\/image\/","url":"https:\/\/www.pressenza.com\/wp-content\/uploads\/2022\/10\/pressenza_logo_200x200.jpg","contentUrl":"https:\/\/www.pressenza.com\/wp-content\/uploads\/2022\/10\/pressenza_logo_200x200.jpg","width":200,"height":200,"caption":"Pressenza"},"image":{"@id":"https:\/\/www.pressenza.com\/it\/#\/schema\/logo\/image\/"},"sameAs":["https:\/\/www.facebook.com\/PressenzaItalia","https:\/\/x.com\/PressenzaIPA"]},{"@type":"Person","@id":"https:\/\/www.pressenza.com\/it\/#\/schema\/person\/d983e81827ae24f2c7b1a2123d197f8d","name":"Redazione Italia","description":"News from the Pressenza Bureau in Italy","sameAs":["https:\/\/www.pressenza.com\/it\/author\/redazione-italia\/","https:\/\/www.facebook.com\/PressenzaItalia","https:\/\/www.instagram.com\/pressenza_italia\/","https:\/\/x.com\/pressenza_it","https:\/\/www.youtube.com\/channel\/UCSalEIWjE1RSxkwjfftFuqg"],"url":"https:\/\/www.pressenza.com\/it\/author\/redazione-italia\/"}]}},"place":"","original_article_url":"","_links":{"self":[{"href":"https:\/\/www.pressenza.com\/it\/wp-json\/wp\/v2\/posts\/2570874","targetHints":{"allow":["GET"]}}],"collection":[{"href":"https:\/\/www.pressenza.com\/it\/wp-json\/wp\/v2\/posts"}],"about":[{"href":"https:\/\/www.pressenza.com\/it\/wp-json\/wp\/v2\/types\/post"}],"author":[{"embeddable":true,"href":"https:\/\/www.pressenza.com\/it\/wp-json\/wp\/v2\/users\/594"}],"replies":[{"embeddable":true,"href":"https:\/\/www.pressenza.com\/it\/wp-json\/wp\/v2\/comments?post=2570874"}],"version-history":[{"count":0,"href":"https:\/\/www.pressenza.com\/it\/wp-json\/wp\/v2\/posts\/2570874\/revisions"}],"wp:featuredmedia":[{"embeddable":true,"href":"https:\/\/www.pressenza.com\/it\/wp-json\/wp\/v2\/media\/2570901"}],"wp:attachment":[{"href":"https:\/\/www.pressenza.com\/it\/wp-json\/wp\/v2\/media?parent=2570874"}],"wp:term":[{"taxonomy":"category","embeddable":true,"href":"https:\/\/www.pressenza.com\/it\/wp-json\/wp\/v2\/categories?post=2570874"},{"taxonomy":"post_tag","embeddable":true,"href":"https:\/\/www.pressenza.com\/it\/wp-json\/wp\/v2\/tags?post=2570874"}],"curies":[{"name":"wp","href":"https:\/\/api.w.org\/{rel}","templated":true}]}}