{"id":2568817,"date":"2024-12-09T08:08:46","date_gmt":"2024-12-09T08:08:46","guid":{"rendered":"https:\/\/www.pressenza.com\/?p=2568817"},"modified":"2024-12-09T11:39:11","modified_gmt":"2024-12-09T11:39:11","slug":"una-conferenza-su-nucleare-e-genere-liniziativa-di-wilpf-italia-per-la-terza-marcia-mondiale-per-la-pace-e-la-nonviolenza","status":"publish","type":"post","link":"https:\/\/www.pressenza.com\/it\/2024\/12\/una-conferenza-su-nucleare-e-genere-liniziativa-di-wilpf-italia-per-la-terza-marcia-mondiale-per-la-pace-e-la-nonviolenza\/","title":{"rendered":"Una conferenza su nucleare e genere. L\u2019iniziativa di WILPF Italia per la Terza Marcia Mondiale per la Pace e la Nonviolenza"},"content":{"rendered":"<p><em>Riceviamo e pubblichiamo da Patrizia Sterpetti, WILPF ITALIA APS.<\/em><\/p>\n<p>Il 23 novembre 2024 presso la Casa Internazionale delle donne di Roma si \u00e8 svolto, in coincidenza con il passaggio della Terza Marcia Mondiale per la Pace e la Nonviolenza, il 2\u00b0 incontro dedicato a nucleare e genere del Progetto: \u201cAbolire il nucleare con i Saperi, la Memoria, le Reti, i Territori\u201d finanziato dall\u2019Unione Cristiana Evangelica Battista d\u2019Italia (U.C.E.B.I.).<\/p>\n<p>Giulia Rodano del Direttivo della Casa ha dato il benvenuto e Patrizia Sterpetti ha presentato il progetto e le relatrici: Bruna Bianchi, storica, Universit\u00e0 di Venezia, direttrice della rivista DEP (Deportate, Esuli, Profughe); Daniela Padoan, scrittrice, ambientalista, direttrice dell\u2019associazione Libert\u00e0 e Giustizia; Mary Olson, biologa, direttrice del GRIP \u201cGender Radiation Impact Project\u201d; Laura Varella, esperta di disarmo, del Programma Reaching Critical Will WILPF; Angie Zelter, attivista storica di LAP Lakenheath Alliance for Peace.<\/p>\n<p>Prima di dare loro la parola ha sottolineato gli obiettivi della Terza Marcia Mondiale e la facilit\u00e0 nel trovare il consenso delle relatrici a partecipare, che ha definito come \u201cun abbraccio di volont\u00e0\u201d parafrasando il nome del programma per il disarmo WILPF \u201creaching critical will\u201d \u201craggiungendo una volont\u00e0 critica\u201d.<\/p>\n<p>Bruna Bianchi ha presentato un intervento intitolato: \u201cPer una scienza femminista, decoloniale, dei cittadini e delle cittadine\u201d nel quale ha illustrato l\u2019apporto differenziale delle donne scienziate come la genetista Charlotte Auerbach e le epidemiologhe Alice Stewart e Rosalie Bertell.<\/p>\n<p>Diversamente dagli uomini queste hanno puntato sulla divulgazione, usando un linguaggio semplice, rivolgendosi in particolare alle cittadine, per stimolare la partecipazione civica e la responsabilit\u00e0 collettiva.<\/p>\n<p>Hanno sfidato la segretezza dei programmi atomici militari e civili che stimolavano la crescita dell\u2019industria atomica. Hanno perso per questo i fondi per la ricerca, hanno subito l\u2019occultamento dei risultati delle loro indagini sui danni alle vittime.<\/p>\n<p>Nel caso di Alice Stewart questa sorte \u00e8 stata condivisa con l\u2019epidemiologo Thomas Mancuso (mandato prematuramente in pensione), insieme al quale, con lo statistico George Kneale, avevano studiato negli USA gli effetti della radioattivit\u00e0 sui lavoratori di Hanford, il pi\u00f9 grande e antico complesso per la produzione di nucleare.<\/p>\n<p>Rosalie Bertell fu critica rispetto alla ricerca di solo laboratorio, che non tiene conto di tutte le variabili. Questo tipo di scienza femminista, anti-coloniale, dei cittadini, si \u00e8 legato al movimento femminista anti-nucleare. Alice Steward e Rosalie Bertell a Newbury hanno difeso, come esperte, le attiviste del Greenham Common.<\/p>\n<p>Daniela Padoan ha presentato la riedizione con una sua prefazione del libro di Robert Junk \u201cLo Stato atomico\u201d (2024, Castelvecchi, Roma, per la collana da lei diretta Lupicattivi). Jungk, scampato alle persecuzioni naziste, visit\u00f2 il Giappone, non credette alla retorica del \u201cmai pi\u00f9\u201d, divent\u00f2 attivista per la pace collaborando con G\u00fcnther Anders, partecip\u00f2 ad azioni nonviolente davanti a siti nucleari contro gli euromissili nucleari Cruise a Mutlangen in Germania, a Common in UK, a Comiso in Sicilia (dove difese l\u2019attivista Giorgio Nebbia).<\/p>\n<p>Si schier\u00f2 contro lo sfruttamento industriale dell\u2019energia atomica e al \u201cnucleare di pace\u201d.<br \/>\nAssoci\u00f2 il disastro di Hiroshima alla catastrofe industriale e consider\u00f2 il potere nucleare l\u2019antitesi della democrazia e della pace. Consider\u00f2 i nuovi promotori del nucleare \u201cgiocatori d\u2019azzardo scientificamente preparati\u201d. Per l\u2019attualit\u00e0 del suo pensiero Padoan intende pubblicare in italiano tutti i libri di Jungk.<\/p>\n<p>Mary Olson \u2013 che avevamo conosciuto a Vienna in occasione della Conferenza Umanitaria durante il 2MSP del TPNW nel 2022 \u2013 con la sua relazione e poi con i suoi commenti ha spiegato perch\u00e9 le armi atomiche e le centrali nucleari sono nocivi alla salute e al pianeta.<br \/>\nCome recita il suo intervento: \u201cLa radiazioni atomiche sono pi\u00f9 dannose per le ragazze e per le donne che per i ragazzi e gli uomini\u201d.<\/p>\n<p>Ha messo a disposizione la sua presentazione e i suoi contatti, che alleghiamo. Ha sottolineato di essere in pensione ma di contare molto sul proseguimento delle ricerche da parte dei giovani.<\/p>\n<p>Ha ricordato in relazione al documentario della regista Heidi Hutner \u201cRadioactive: The Women of Three Mile Island\u201d (2022) come la nocivit\u00e0 della centrale nucleare di Three Mile Island \u00e8 attestata anche prima dell\u2019incidente verificatosi nel 1979. Le donne hanno trovato il coraggio di parlare perch\u00e9 erano amiche e si sono sostenute a vicenda.<\/p>\n<p>Laura Varella ha illustrato in un intervento intitolato: \u201cCostruire connessioni tra i movimenti anti-nucleare e per il clima\u201d alcuni aspetti emersi nello studio: \u201cPetrobromance, Nuclear Preisthood &amp; Police Repression. Confronti femministi con industrie violente e movimenti per abolirle\u201d.<\/p>\n<p>Questa ricerca basata anche su numerose interviste ad attivisti negli USA, in Brasile, in Australia, nelle Filippine, in Pakistan, in Zimbabwe evidenzia le minacce all\u2019umanit\u00e0 della crisi climatica e delle armi nucleari.<\/p>\n<p>Tutta la catena del nucleare dalla estrazione dalle miniere di uranio, la produzione, i test, fino alle scorie causano un indicibile danno per la salute e l\u2019ambiente.<\/p>\n<p>Il colonialismo nucleare ha un impatto sulle popolazioni indigene e sulle comunit\u00e0 marginalizzate.<\/p>\n<p>I combustibili fossili hanno un impatto sul cambiamento climatico con una dinamica coloniale simile: i benefici vanno al Nord Globale mentre la distruzione di comunit\u00e0 e di territori avviene nel Sud Globale.<\/p>\n<p>Altro punto in comune ad entrambe le industrie sono il patriarcato e la mascolinit\u00e0, sia rispetto al controllo che al modo in cui vengono viste queste tecnologie e affrontate le persone che le criticano. La mascolinit\u00e0 \u00e8 associata agli armamenti nucleari e ai combustibili fossili.<\/p>\n<p>In Norvegia il 70% degli uomini non crede al cambiamento climatico; l\u2019attaccamento ai combustibili fossili coincide con quello che l\u2019uomo bianco rappresenta. Entrambi i settori sono dominati in maggioranza dagli uomini, le donne sono minoranza e percepiscono salari pi\u00f9 bassi.<\/p>\n<p>Un altro aspetto \u00e8 l\u2019impatto misogino, ad esempio nel corso delle trattative per l\u2019adozione del TPNW; coloro che si stavano esponendo per la ratifica venivano ridicolizzati come troppo emotivi e venivano colpevolizzati. Quindi nell\u2019ottica di WILPF per affrontare il nucleare bisogna comprendere la mascolinit\u00e0 e il patriarcato.<\/p>\n<p>Entrambe le industrie adottano la cattura dello Stato, esercitando potere sui governi, usando strategie per influenzare la narrazione, facendo donazioni ai partiti politici e alle lobbies.<\/p>\n<p>\u00c8 radicato il sistema delle \u201cporte girevoli\u201d tra le industrie e i funzionari di governo: chi lavorava per l\u2019industria nucleare o per i combustibili fossili passa a lavorare per il governo.<br \/>\nNegli USA il 64% dei lobbisti dei combustibili fossili lavorava per il governo.<\/p>\n<p>La violenza di Stato \u00e8 la stessa contro i movimenti contrari ai combustibili fossili come al nucleare. Viene attuata per mano di militari, polizie o sicurezza privata. La pratica pi\u00f9 frequente \u00e8 quella di considerare terroristi gli attivisti. \u00c8 necessario condividere informazioni e strategie di resistenza, coordinarsi, fare ulteriori ricerche e imparare gli uni dagli altri.<\/p>\n<p>Bisogna sfidare e trasformare non solo l\u2019industria nucleare, ma anche i sistemi di oppressione: Militarismo, Capitalismo, Patriarcato, Colonialismo. Per contrastare la cattura degli Stati occorre il disinvestimento, il boicottaggio, la controinformazione.<br \/>\nI movimenti abolizionisti devono coinvolgere i popoli indigeni. Bisogna fermare la macchina nucleare e universalizzare il TPNW.<\/p>\n<p>Angie Zelter ha esortato gli Europei ad unirsi ad aprile Nel regno Unito. Le donne devono organizzarsi e sostenersi reciprocamente.<\/p>\n<p>Gli USA causano devastazione e guerre, stracciano trattati internazionali e la seconda Presidenza di Trump aggrava la situazione. Hanno 800 basi militari, le basi sono sotto il loro controllo e in UE c\u2019\u00e8 lo stoccaggio delle bombe nucleari, quindi l\u2019UE \u00e8 il primo fronte della guerra nucleare.<\/p>\n<p>La base US Air Force nel Suffolk nel 2008 aveva visto la riduzione delle armi atomiche grazie alla resistenza popolare. \u00c9 la pi\u00f9 grande base aerea USA in Europa, collegata ad Europa, Africa e Asia, con intervento immediato. Da questa base sono partiti aerei diretti in Kuwait, Iraq, Afghanistan, Serbia, Libia.<\/p>\n<p>Le armi nucleari che stanno tornando rendono la base ancora pi\u00f9 pericolosa. Un video documenta il campo tenuto a luglio sostenuto da 42 associazioni, compresa la WILPF Italia. Anche l\u2019Italia ha basi militari internazionali che operano in Medio Oriente, per questo chiede di partecipare ad aprile, per imparare reciprocamente e creare piani comuni, trascorrere del tempo insieme facilita le nostre campagne.<\/p>\n<p>Il campo durer\u00e0 dal 15 al 24 aprile, il 26 ci sar\u00e0 il primo blocco della base dopo una conferenza di pace alla quale sono invitati tutti gli internazionalisti. L\u2019ospitalit\u00e0 e il cibo saranno gratuiti, avverranno vari workshop \u2013 sono aperti a proposte \u2013 vi sar\u00e0 un servizio di vigilanza multireligioso e multiculturale, si potranno fare interviste alle persone che abitano a ridosso della base militare.<\/p>\n<p>Dal pubblico domande da parte di Noemi Colombo, docente, Pilar Castel, poeta e attrice pacifista; da parte di un giovane stupito di sentir parlare in termini negativi del nucleare civile.<\/p>\n<p>Spontaneo l\u2019intervento di Giorgio Ferrari, fisico nucleare ravveduto. Ex responsabile del combustibile nucleare per tutte le centrali nucleari dell\u2019ENEL, \u00e8 stato un ispiratore della campagna contro la centrale nucleare di Montalto di Castro, continuando a lavorare per l\u2019ENEL per occuparsi di persona della supervisione.<\/p>\n<p>Dal 1986 con l\u2019incidente di \u010cernobyl ha dato le dimissioni all\u2019ENEL e ha fatto obiezione di coscienza senza ricevere alcuna solidariet\u00e0. Non esiste un nucleare \u201cdi pace\u201d, esiste forse un nucleare civile. Il progetto di Fermi era bellico e lo \u00e8 stato per undici anni, dal 1942 al 1952, quando Eisenhower pronunci\u00f2 il discorso su \u201cl\u2019atomo di pace\u201d per la produzione di energia elettrica.<\/p>\n<p>Si parla infatti di dual use, di doppio uso, la via pi\u00f9 semplice per fare bombe nucleari \u00e8 la produzione di plutonio, l\u2019altra \u00e8 l\u2019arricchimento dell\u2019uranio 235, estremamente costoso.<br \/>\nQuesta \u00e8 la strada intrapresa da Israele, India e Pakistan che ricavano 40-50 chili di plutonio all\u2019anno. Se si considera che per fabbricare una bomba ci vogliono 5-6 chili di plutonio \u00e8 facile rendersi conto di quante se ne possano produrre.<\/p>\n<p>Ci sono i controlli da parte dell\u2019AIEA, ma gli ammanchi di materiali fissili nel corso degli anni sono stati tanti, sia per l\u2019uranio che per il plutonio.<\/p>\n<p>\u00c8 fazioso cercare di separare il nucleare civile dal militare. Si parla di life cycle assessment: non bisogna solo considerare il momento della generazione elettrica rispetto all\u2019impatto ambientale del nucleare, la valutazione va fatta su tutto il ciclo, dall\u2019estrazione a quando diventa rifiuto. L\u2019impatto del nucleare, dei rifiuti \u2013 ancora non risolto \u2013 \u00e8 molto pi\u00f9 grave di quello dei combustibili fossili.<\/p>\n<p>Mary Olson si inserisce precisando che dividendo gli atomi si produce calore, il reattore nucleare fa bollire l\u2019acqua e il vapore fa girare le turbine che generano energia. Il 90% di quel che rimane sono scorie, i costi per lo stoccaggio delle scorie nucleari sono molto maggiori del profitto ottenuto (vedi la centrale di Onkalo in Finlandia), e questi costi non comprendono la spesa sanitaria necessaria per curare le malattie arrecate dagli incidenti di Three Mile Island o di Fukushima. Per raffreddare il vapore ci vuole energia, che impatta la crisi climatica. Grandi o piccoli i reattori sono comunque pericolosi. L\u2019unica soluzione \u00e8 quella di ridurre il consumo di energia.<\/p>\n<p>Giorgio Ferrari sulla pericolosit\u00e0 delle radiazioni ricorda come dalla met\u00e0 degli Anni Settanta si \u00e8 interessato agli studi di Thomas Mancuso da cui \u00e8 nato l\u2019interrogativo sulle piccole dosi del nucleare. Generalmente si definisce una soglia sotto la quale non c\u2019\u00e8 nocivit\u00e0 ma questa \u00e8 un\u2019affermazione apodittica perch\u00e9 non si studia cosa fanno le piccole dosi.<\/p>\n<p>Il video sul campo antinucleare di Lakenheath svoltosi nel luglio 2024 ha concluso l\u2019evento. Chi vuole unirsi ad aprile 2025 contro il ritorno di bombe nucleari in UK compili il format:<br \/>\n<a href=\"https:\/\/lakenheathallianceforpeace.org.uk\/sign-up\/\">https:\/\/lakenheathallianceforpeace.org.uk\/sign-up\/<\/a><\/p>\n<p>L&#8217;ultimo libro di Angie Zelter pu\u00f2 essere visto su <a href=\"http:\/\/tridentploughshares.org\/activism-for-life-a-new-book-by-angie-zelter\/\">http:\/\/tridentploughshares.org\/activism-for-life-a-new-book-by-angie-zelter\/<\/a><\/p>\n","protected":false},"excerpt":{"rendered":"<p>Riceviamo e pubblichiamo da Patrizia Sterpetti, WILPF ITALIA APS. Il 23 novembre 2024 presso la Casa Internazionale delle donne di Roma si \u00e8 svolto, in coincidenza con il passaggio della Terza Marcia Mondiale per la Pace e la Nonviolenza, il&hellip;<\/p>\n","protected":false},"author":594,"featured_media":2568818,"comment_status":"closed","ping_status":"closed","sticky":false,"template":"","format":"standard","meta":{"footnotes":""},"categories":[11388,59,54513,1263],"tags":[459,16580,331,104474],"class_list":["post-2568817","post","type-post","status-publish","format-standard","has-post-thumbnail","hentry","category-contenuti-originali","category-ambiente-ecologia","category-genere-e-femminismi","category-pace-disarmo","tag-afghanistan-it","tag-femminismo","tag-nucleare","tag-terza-marcia-mondiale-per-la-pace-e-la-nonviolenza"],"yoast_head":"<!-- This site is optimized with the Yoast SEO plugin v27.1.1 - https:\/\/yoast.com\/product\/yoast-seo-wordpress\/ -->\n<title>Una conferenza su nucleare e genere. L\u2019iniziativa di WILPF Italia per la Terza Marcia Mondiale per la Pace e la Nonviolenza<\/title>\n<meta name=\"description\" content=\"Riceviamo e pubblichiamo da Patrizia Sterpetti, WILPF ITALIA APS. Il 23 novembre 2024 presso la Casa Internazionale delle donne di Roma si \u00e8 svolto, in\" \/>\n<meta name=\"robots\" content=\"index, follow, max-snippet:-1, max-image-preview:large, max-video-preview:-1\" \/>\n<link rel=\"canonical\" href=\"https:\/\/www.pressenza.com\/it\/2024\/12\/una-conferenza-su-nucleare-e-genere-liniziativa-di-wilpf-italia-per-la-terza-marcia-mondiale-per-la-pace-e-la-nonviolenza\/\" \/>\n<meta property=\"og:locale\" content=\"it_IT\" \/>\n<meta property=\"og:type\" content=\"article\" \/>\n<meta property=\"og:title\" content=\"Una conferenza su nucleare e genere. L\u2019iniziativa di WILPF Italia per la Terza Marcia Mondiale per la Pace e la Nonviolenza\" \/>\n<meta property=\"og:description\" content=\"Riceviamo e pubblichiamo da Patrizia Sterpetti, WILPF ITALIA APS. Il 23 novembre 2024 presso la Casa Internazionale delle donne di Roma si \u00e8 svolto, in\" \/>\n<meta property=\"og:url\" content=\"https:\/\/www.pressenza.com\/it\/2024\/12\/una-conferenza-su-nucleare-e-genere-liniziativa-di-wilpf-italia-per-la-terza-marcia-mondiale-per-la-pace-e-la-nonviolenza\/\" \/>\n<meta property=\"og:site_name\" content=\"Pressenza\" \/>\n<meta property=\"article:publisher\" content=\"https:\/\/www.facebook.com\/PressenzaItalia\" \/>\n<meta property=\"article:author\" content=\"https:\/\/www.facebook.com\/PressenzaItalia\" \/>\n<meta property=\"article:published_time\" content=\"2024-12-09T08:08:46+00:00\" \/>\n<meta property=\"article:modified_time\" content=\"2024-12-09T11:39:11+00:00\" \/>\n<meta property=\"og:image\" content=\"https:\/\/www.pressenza.com\/wp-content\/uploads\/2024\/12\/Bruna-Bianchi-photo.jpg\" \/>\n\t<meta property=\"og:image:width\" content=\"1080\" \/>\n\t<meta property=\"og:image:height\" content=\"1920\" \/>\n\t<meta property=\"og:image:type\" content=\"image\/jpeg\" \/>\n<meta name=\"author\" content=\"Redazione Italia\" \/>\n<meta name=\"twitter:card\" content=\"summary_large_image\" \/>\n<meta name=\"twitter:creator\" content=\"@pressenza_it\" \/>\n<meta name=\"twitter:site\" content=\"@PressenzaIPA\" \/>\n<meta name=\"twitter:label1\" content=\"Scritto da\" \/>\n\t<meta name=\"twitter:data1\" content=\"Redazione Italia\" \/>\n\t<meta name=\"twitter:label2\" content=\"Tempo di lettura stimato\" \/>\n\t<meta name=\"twitter:data2\" content=\"10 minuti\" \/>\n<script type=\"application\/ld+json\" class=\"yoast-schema-graph\">{\"@context\":\"https:\/\/schema.org\",\"@graph\":[{\"@type\":\"Article\",\"@id\":\"https:\/\/www.pressenza.com\/it\/2024\/12\/una-conferenza-su-nucleare-e-genere-liniziativa-di-wilpf-italia-per-la-terza-marcia-mondiale-per-la-pace-e-la-nonviolenza\/#article\",\"isPartOf\":{\"@id\":\"https:\/\/www.pressenza.com\/it\/2024\/12\/una-conferenza-su-nucleare-e-genere-liniziativa-di-wilpf-italia-per-la-terza-marcia-mondiale-per-la-pace-e-la-nonviolenza\/\"},\"author\":{\"name\":\"Redazione Italia\",\"@id\":\"https:\/\/www.pressenza.com\/it\/#\/schema\/person\/d983e81827ae24f2c7b1a2123d197f8d\"},\"headline\":\"Una conferenza su nucleare e genere. L\u2019iniziativa di WILPF Italia per la Terza Marcia Mondiale per la Pace e la Nonviolenza\",\"datePublished\":\"2024-12-09T08:08:46+00:00\",\"dateModified\":\"2024-12-09T11:39:11+00:00\",\"mainEntityOfPage\":{\"@id\":\"https:\/\/www.pressenza.com\/it\/2024\/12\/una-conferenza-su-nucleare-e-genere-liniziativa-di-wilpf-italia-per-la-terza-marcia-mondiale-per-la-pace-e-la-nonviolenza\/\"},\"wordCount\":1912,\"publisher\":{\"@id\":\"https:\/\/www.pressenza.com\/it\/#organization\"},\"image\":{\"@id\":\"https:\/\/www.pressenza.com\/it\/2024\/12\/una-conferenza-su-nucleare-e-genere-liniziativa-di-wilpf-italia-per-la-terza-marcia-mondiale-per-la-pace-e-la-nonviolenza\/#primaryimage\"},\"thumbnailUrl\":\"https:\/\/www.pressenza.com\/wp-content\/uploads\/2024\/12\/Bruna-Bianchi-photo.jpg\",\"keywords\":[\"Afghanistan\",\"femminismo\",\"nucleare\",\"Terza Marcia Mondiale per la Pace e la Nonviolenza\"],\"articleSection\":[\"contenuti originali\",\"Ecologia ed Ambiente\",\"Genere e femminismi\",\"Pace e Disarmo\"],\"inLanguage\":\"it-IT\"},{\"@type\":\"WebPage\",\"@id\":\"https:\/\/www.pressenza.com\/it\/2024\/12\/una-conferenza-su-nucleare-e-genere-liniziativa-di-wilpf-italia-per-la-terza-marcia-mondiale-per-la-pace-e-la-nonviolenza\/\",\"url\":\"https:\/\/www.pressenza.com\/it\/2024\/12\/una-conferenza-su-nucleare-e-genere-liniziativa-di-wilpf-italia-per-la-terza-marcia-mondiale-per-la-pace-e-la-nonviolenza\/\",\"name\":\"Una conferenza su nucleare e genere. L\u2019iniziativa di WILPF Italia per la Terza Marcia Mondiale per la Pace e la Nonviolenza\",\"isPartOf\":{\"@id\":\"https:\/\/www.pressenza.com\/it\/#website\"},\"primaryImageOfPage\":{\"@id\":\"https:\/\/www.pressenza.com\/it\/2024\/12\/una-conferenza-su-nucleare-e-genere-liniziativa-di-wilpf-italia-per-la-terza-marcia-mondiale-per-la-pace-e-la-nonviolenza\/#primaryimage\"},\"image\":{\"@id\":\"https:\/\/www.pressenza.com\/it\/2024\/12\/una-conferenza-su-nucleare-e-genere-liniziativa-di-wilpf-italia-per-la-terza-marcia-mondiale-per-la-pace-e-la-nonviolenza\/#primaryimage\"},\"thumbnailUrl\":\"https:\/\/www.pressenza.com\/wp-content\/uploads\/2024\/12\/Bruna-Bianchi-photo.jpg\",\"datePublished\":\"2024-12-09T08:08:46+00:00\",\"dateModified\":\"2024-12-09T11:39:11+00:00\",\"description\":\"Riceviamo e pubblichiamo da Patrizia Sterpetti, WILPF ITALIA APS. Il 23 novembre 2024 presso la Casa Internazionale delle donne di Roma si \u00e8 svolto, in\",\"breadcrumb\":{\"@id\":\"https:\/\/www.pressenza.com\/it\/2024\/12\/una-conferenza-su-nucleare-e-genere-liniziativa-di-wilpf-italia-per-la-terza-marcia-mondiale-per-la-pace-e-la-nonviolenza\/#breadcrumb\"},\"inLanguage\":\"it-IT\",\"potentialAction\":[{\"@type\":\"ReadAction\",\"target\":[\"https:\/\/www.pressenza.com\/it\/2024\/12\/una-conferenza-su-nucleare-e-genere-liniziativa-di-wilpf-italia-per-la-terza-marcia-mondiale-per-la-pace-e-la-nonviolenza\/\"]}]},{\"@type\":\"ImageObject\",\"inLanguage\":\"it-IT\",\"@id\":\"https:\/\/www.pressenza.com\/it\/2024\/12\/una-conferenza-su-nucleare-e-genere-liniziativa-di-wilpf-italia-per-la-terza-marcia-mondiale-per-la-pace-e-la-nonviolenza\/#primaryimage\",\"url\":\"https:\/\/www.pressenza.com\/wp-content\/uploads\/2024\/12\/Bruna-Bianchi-photo.jpg\",\"contentUrl\":\"https:\/\/www.pressenza.com\/wp-content\/uploads\/2024\/12\/Bruna-Bianchi-photo.jpg\",\"width\":1080,\"height\":1920},{\"@type\":\"BreadcrumbList\",\"@id\":\"https:\/\/www.pressenza.com\/it\/2024\/12\/una-conferenza-su-nucleare-e-genere-liniziativa-di-wilpf-italia-per-la-terza-marcia-mondiale-per-la-pace-e-la-nonviolenza\/#breadcrumb\",\"itemListElement\":[{\"@type\":\"ListItem\",\"position\":1,\"name\":\"Accueil\",\"item\":\"https:\/\/www.pressenza.com\/it\/\"},{\"@type\":\"ListItem\",\"position\":2,\"name\":\"Una conferenza su nucleare e genere. L\u2019iniziativa di WILPF Italia per la Terza Marcia Mondiale per la Pace e la Nonviolenza\"}]},{\"@type\":\"WebSite\",\"@id\":\"https:\/\/www.pressenza.com\/it\/#website\",\"url\":\"https:\/\/www.pressenza.com\/it\/\",\"name\":\"Pressenza\",\"description\":\"Agenzia di Stampa Internazionale\",\"publisher\":{\"@id\":\"https:\/\/www.pressenza.com\/it\/#organization\"},\"potentialAction\":[{\"@type\":\"SearchAction\",\"target\":{\"@type\":\"EntryPoint\",\"urlTemplate\":\"https:\/\/www.pressenza.com\/it\/?s={search_term_string}\"},\"query-input\":{\"@type\":\"PropertyValueSpecification\",\"valueRequired\":true,\"valueName\":\"search_term_string\"}}],\"inLanguage\":\"it-IT\"},{\"@type\":\"Organization\",\"@id\":\"https:\/\/www.pressenza.com\/it\/#organization\",\"name\":\"Pressenza\",\"url\":\"https:\/\/www.pressenza.com\/it\/\",\"logo\":{\"@type\":\"ImageObject\",\"inLanguage\":\"it-IT\",\"@id\":\"https:\/\/www.pressenza.com\/it\/#\/schema\/logo\/image\/\",\"url\":\"https:\/\/www.pressenza.com\/wp-content\/uploads\/2022\/10\/pressenza_logo_200x200.jpg\",\"contentUrl\":\"https:\/\/www.pressenza.com\/wp-content\/uploads\/2022\/10\/pressenza_logo_200x200.jpg\",\"width\":200,\"height\":200,\"caption\":\"Pressenza\"},\"image\":{\"@id\":\"https:\/\/www.pressenza.com\/it\/#\/schema\/logo\/image\/\"},\"sameAs\":[\"https:\/\/www.facebook.com\/PressenzaItalia\",\"https:\/\/x.com\/PressenzaIPA\"]},{\"@type\":\"Person\",\"@id\":\"https:\/\/www.pressenza.com\/it\/#\/schema\/person\/d983e81827ae24f2c7b1a2123d197f8d\",\"name\":\"Redazione Italia\",\"description\":\"News from the Pressenza Bureau in Italy\",\"sameAs\":[\"https:\/\/www.pressenza.com\/it\/author\/redazione-italia\/\",\"https:\/\/www.facebook.com\/PressenzaItalia\",\"https:\/\/www.instagram.com\/pressenza_italia\/\",\"https:\/\/x.com\/pressenza_it\",\"https:\/\/www.youtube.com\/channel\/UCSalEIWjE1RSxkwjfftFuqg\"],\"url\":\"https:\/\/www.pressenza.com\/it\/author\/redazione-italia\/\"}]}<\/script>\n<!-- \/ Yoast SEO plugin. -->","yoast_head_json":{"title":"Una conferenza su nucleare e genere. L\u2019iniziativa di WILPF Italia per la Terza Marcia Mondiale per la Pace e la Nonviolenza","description":"Riceviamo e pubblichiamo da Patrizia Sterpetti, WILPF ITALIA APS. Il 23 novembre 2024 presso la Casa Internazionale delle donne di Roma si \u00e8 svolto, in","robots":{"index":"index","follow":"follow","max-snippet":"max-snippet:-1","max-image-preview":"max-image-preview:large","max-video-preview":"max-video-preview:-1"},"canonical":"https:\/\/www.pressenza.com\/it\/2024\/12\/una-conferenza-su-nucleare-e-genere-liniziativa-di-wilpf-italia-per-la-terza-marcia-mondiale-per-la-pace-e-la-nonviolenza\/","og_locale":"it_IT","og_type":"article","og_title":"Una conferenza su nucleare e genere. L\u2019iniziativa di WILPF Italia per la Terza Marcia Mondiale per la Pace e la Nonviolenza","og_description":"Riceviamo e pubblichiamo da Patrizia Sterpetti, WILPF ITALIA APS. Il 23 novembre 2024 presso la Casa Internazionale delle donne di Roma si \u00e8 svolto, in","og_url":"https:\/\/www.pressenza.com\/it\/2024\/12\/una-conferenza-su-nucleare-e-genere-liniziativa-di-wilpf-italia-per-la-terza-marcia-mondiale-per-la-pace-e-la-nonviolenza\/","og_site_name":"Pressenza","article_publisher":"https:\/\/www.facebook.com\/PressenzaItalia","article_author":"https:\/\/www.facebook.com\/PressenzaItalia","article_published_time":"2024-12-09T08:08:46+00:00","article_modified_time":"2024-12-09T11:39:11+00:00","og_image":[{"width":1080,"height":1920,"url":"https:\/\/www.pressenza.com\/wp-content\/uploads\/2024\/12\/Bruna-Bianchi-photo.jpg","type":"image\/jpeg"}],"author":"Redazione Italia","twitter_card":"summary_large_image","twitter_creator":"@pressenza_it","twitter_site":"@PressenzaIPA","twitter_misc":{"Scritto da":"Redazione Italia","Tempo di lettura stimato":"10 minuti"},"schema":{"@context":"https:\/\/schema.org","@graph":[{"@type":"Article","@id":"https:\/\/www.pressenza.com\/it\/2024\/12\/una-conferenza-su-nucleare-e-genere-liniziativa-di-wilpf-italia-per-la-terza-marcia-mondiale-per-la-pace-e-la-nonviolenza\/#article","isPartOf":{"@id":"https:\/\/www.pressenza.com\/it\/2024\/12\/una-conferenza-su-nucleare-e-genere-liniziativa-di-wilpf-italia-per-la-terza-marcia-mondiale-per-la-pace-e-la-nonviolenza\/"},"author":{"name":"Redazione Italia","@id":"https:\/\/www.pressenza.com\/it\/#\/schema\/person\/d983e81827ae24f2c7b1a2123d197f8d"},"headline":"Una conferenza su nucleare e genere. L\u2019iniziativa di WILPF Italia per la Terza Marcia Mondiale per la Pace e la Nonviolenza","datePublished":"2024-12-09T08:08:46+00:00","dateModified":"2024-12-09T11:39:11+00:00","mainEntityOfPage":{"@id":"https:\/\/www.pressenza.com\/it\/2024\/12\/una-conferenza-su-nucleare-e-genere-liniziativa-di-wilpf-italia-per-la-terza-marcia-mondiale-per-la-pace-e-la-nonviolenza\/"},"wordCount":1912,"publisher":{"@id":"https:\/\/www.pressenza.com\/it\/#organization"},"image":{"@id":"https:\/\/www.pressenza.com\/it\/2024\/12\/una-conferenza-su-nucleare-e-genere-liniziativa-di-wilpf-italia-per-la-terza-marcia-mondiale-per-la-pace-e-la-nonviolenza\/#primaryimage"},"thumbnailUrl":"https:\/\/www.pressenza.com\/wp-content\/uploads\/2024\/12\/Bruna-Bianchi-photo.jpg","keywords":["Afghanistan","femminismo","nucleare","Terza Marcia Mondiale per la Pace e la Nonviolenza"],"articleSection":["contenuti originali","Ecologia ed Ambiente","Genere e femminismi","Pace e Disarmo"],"inLanguage":"it-IT"},{"@type":"WebPage","@id":"https:\/\/www.pressenza.com\/it\/2024\/12\/una-conferenza-su-nucleare-e-genere-liniziativa-di-wilpf-italia-per-la-terza-marcia-mondiale-per-la-pace-e-la-nonviolenza\/","url":"https:\/\/www.pressenza.com\/it\/2024\/12\/una-conferenza-su-nucleare-e-genere-liniziativa-di-wilpf-italia-per-la-terza-marcia-mondiale-per-la-pace-e-la-nonviolenza\/","name":"Una conferenza su nucleare e genere. L\u2019iniziativa di WILPF Italia per la Terza Marcia Mondiale per la Pace e la Nonviolenza","isPartOf":{"@id":"https:\/\/www.pressenza.com\/it\/#website"},"primaryImageOfPage":{"@id":"https:\/\/www.pressenza.com\/it\/2024\/12\/una-conferenza-su-nucleare-e-genere-liniziativa-di-wilpf-italia-per-la-terza-marcia-mondiale-per-la-pace-e-la-nonviolenza\/#primaryimage"},"image":{"@id":"https:\/\/www.pressenza.com\/it\/2024\/12\/una-conferenza-su-nucleare-e-genere-liniziativa-di-wilpf-italia-per-la-terza-marcia-mondiale-per-la-pace-e-la-nonviolenza\/#primaryimage"},"thumbnailUrl":"https:\/\/www.pressenza.com\/wp-content\/uploads\/2024\/12\/Bruna-Bianchi-photo.jpg","datePublished":"2024-12-09T08:08:46+00:00","dateModified":"2024-12-09T11:39:11+00:00","description":"Riceviamo e pubblichiamo da Patrizia Sterpetti, WILPF ITALIA APS. Il 23 novembre 2024 presso la Casa Internazionale delle donne di Roma si \u00e8 svolto, in","breadcrumb":{"@id":"https:\/\/www.pressenza.com\/it\/2024\/12\/una-conferenza-su-nucleare-e-genere-liniziativa-di-wilpf-italia-per-la-terza-marcia-mondiale-per-la-pace-e-la-nonviolenza\/#breadcrumb"},"inLanguage":"it-IT","potentialAction":[{"@type":"ReadAction","target":["https:\/\/www.pressenza.com\/it\/2024\/12\/una-conferenza-su-nucleare-e-genere-liniziativa-di-wilpf-italia-per-la-terza-marcia-mondiale-per-la-pace-e-la-nonviolenza\/"]}]},{"@type":"ImageObject","inLanguage":"it-IT","@id":"https:\/\/www.pressenza.com\/it\/2024\/12\/una-conferenza-su-nucleare-e-genere-liniziativa-di-wilpf-italia-per-la-terza-marcia-mondiale-per-la-pace-e-la-nonviolenza\/#primaryimage","url":"https:\/\/www.pressenza.com\/wp-content\/uploads\/2024\/12\/Bruna-Bianchi-photo.jpg","contentUrl":"https:\/\/www.pressenza.com\/wp-content\/uploads\/2024\/12\/Bruna-Bianchi-photo.jpg","width":1080,"height":1920},{"@type":"BreadcrumbList","@id":"https:\/\/www.pressenza.com\/it\/2024\/12\/una-conferenza-su-nucleare-e-genere-liniziativa-di-wilpf-italia-per-la-terza-marcia-mondiale-per-la-pace-e-la-nonviolenza\/#breadcrumb","itemListElement":[{"@type":"ListItem","position":1,"name":"Accueil","item":"https:\/\/www.pressenza.com\/it\/"},{"@type":"ListItem","position":2,"name":"Una conferenza su nucleare e genere. L\u2019iniziativa di WILPF Italia per la Terza Marcia Mondiale per la Pace e la Nonviolenza"}]},{"@type":"WebSite","@id":"https:\/\/www.pressenza.com\/it\/#website","url":"https:\/\/www.pressenza.com\/it\/","name":"Pressenza","description":"Agenzia di Stampa Internazionale","publisher":{"@id":"https:\/\/www.pressenza.com\/it\/#organization"},"potentialAction":[{"@type":"SearchAction","target":{"@type":"EntryPoint","urlTemplate":"https:\/\/www.pressenza.com\/it\/?s={search_term_string}"},"query-input":{"@type":"PropertyValueSpecification","valueRequired":true,"valueName":"search_term_string"}}],"inLanguage":"it-IT"},{"@type":"Organization","@id":"https:\/\/www.pressenza.com\/it\/#organization","name":"Pressenza","url":"https:\/\/www.pressenza.com\/it\/","logo":{"@type":"ImageObject","inLanguage":"it-IT","@id":"https:\/\/www.pressenza.com\/it\/#\/schema\/logo\/image\/","url":"https:\/\/www.pressenza.com\/wp-content\/uploads\/2022\/10\/pressenza_logo_200x200.jpg","contentUrl":"https:\/\/www.pressenza.com\/wp-content\/uploads\/2022\/10\/pressenza_logo_200x200.jpg","width":200,"height":200,"caption":"Pressenza"},"image":{"@id":"https:\/\/www.pressenza.com\/it\/#\/schema\/logo\/image\/"},"sameAs":["https:\/\/www.facebook.com\/PressenzaItalia","https:\/\/x.com\/PressenzaIPA"]},{"@type":"Person","@id":"https:\/\/www.pressenza.com\/it\/#\/schema\/person\/d983e81827ae24f2c7b1a2123d197f8d","name":"Redazione Italia","description":"News from the Pressenza Bureau in Italy","sameAs":["https:\/\/www.pressenza.com\/it\/author\/redazione-italia\/","https:\/\/www.facebook.com\/PressenzaItalia","https:\/\/www.instagram.com\/pressenza_italia\/","https:\/\/x.com\/pressenza_it","https:\/\/www.youtube.com\/channel\/UCSalEIWjE1RSxkwjfftFuqg"],"url":"https:\/\/www.pressenza.com\/it\/author\/redazione-italia\/"}]}},"place":"","original_article_url":"","_links":{"self":[{"href":"https:\/\/www.pressenza.com\/it\/wp-json\/wp\/v2\/posts\/2568817","targetHints":{"allow":["GET"]}}],"collection":[{"href":"https:\/\/www.pressenza.com\/it\/wp-json\/wp\/v2\/posts"}],"about":[{"href":"https:\/\/www.pressenza.com\/it\/wp-json\/wp\/v2\/types\/post"}],"author":[{"embeddable":true,"href":"https:\/\/www.pressenza.com\/it\/wp-json\/wp\/v2\/users\/594"}],"replies":[{"embeddable":true,"href":"https:\/\/www.pressenza.com\/it\/wp-json\/wp\/v2\/comments?post=2568817"}],"version-history":[{"count":0,"href":"https:\/\/www.pressenza.com\/it\/wp-json\/wp\/v2\/posts\/2568817\/revisions"}],"wp:featuredmedia":[{"embeddable":true,"href":"https:\/\/www.pressenza.com\/it\/wp-json\/wp\/v2\/media\/2568818"}],"wp:attachment":[{"href":"https:\/\/www.pressenza.com\/it\/wp-json\/wp\/v2\/media?parent=2568817"}],"wp:term":[{"taxonomy":"category","embeddable":true,"href":"https:\/\/www.pressenza.com\/it\/wp-json\/wp\/v2\/categories?post=2568817"},{"taxonomy":"post_tag","embeddable":true,"href":"https:\/\/www.pressenza.com\/it\/wp-json\/wp\/v2\/tags?post=2568817"}],"curies":[{"name":"wp","href":"https:\/\/api.w.org\/{rel}","templated":true}]}}