{"id":2567844,"date":"2024-12-04T15:14:35","date_gmt":"2024-12-04T15:14:35","guid":{"rendered":"https:\/\/www.pressenza.com\/?p=2567844"},"modified":"2024-12-04T15:16:01","modified_gmt":"2024-12-04T15:16:01","slug":"wikileaks-e-caso-assange-due-eventi-con-stefania-maurizi-a-brescia","status":"publish","type":"post","link":"https:\/\/www.pressenza.com\/it\/2024\/12\/wikileaks-e-caso-assange-due-eventi-con-stefania-maurizi-a-brescia\/","title":{"rendered":"&#8220;Wikileaks e Caso Assange&#8221;, due eventi con Stefania Maurizi a Brescia"},"content":{"rendered":"<p dir=\"auto\">Il 13 gennaio 2025, presso il Teatro della Parrocchia Sant&#8217;Angela Merici di Brescia, e il 14 gennaio 2025, presso l&#8217;auditorium del Liceo Leonardo di Brescia si terranno due incontri con la giornalista d&#8217;inchiesta Stefania Maurizi che si \u00e8 occupata a fondo del caso di Julian Assange.<\/p>\n<div dir=\"auto\">Laureata in Matematica, grazie ai suoi studi Stefania Maurizi acquisisce le nozioni di base di crittografia che le permetteranno di contribuire alla ricerca di modi innovativi di reperire le fonti. Consapevole della necessit\u00e0 di innovare il suo modus operandi, ha fatto varie ricerche in tal senso fino a che Wikileaks decise di entrare in contatto con lei, chiedendole di verificare la veridicit\u00e0 di un file inerente alla crisi dei rifiuti in Campania (bienno 2007-2008), iniziando, da quel momento, la collaborazione con gli hacker-giornalisti. Ha lavorato per il quotidiano la Repubblica e al settimanale L&#8217;Espresso, mentre attualmente scrive per il Fatto Quotidiano.<\/div>\n<p>Tra le sue inchieste pi\u00f9 importanti, vi \u00e8 quella sull&#8217;accordo tra il governo americano e la famiglia di Giovanni Lo Porto, il cooperante italiano ucciso in Pakistan da un drone americano. Di rilievo anche l&#8217;indagine sulle terribili condizioni di lavoro degli operai pakistani in una importante azienda tessile italiana a Karachi e l&#8217;intervista a Abdul Qadeer Khan, il padre della bomba atomica pakistana.<\/p>\n<div dir=\"auto\">\n<p>\u00c8 l&#8217;unica giornalista italiana cui Julian Assange ha consegnato tutti i documenti segreti di WikiLeaks, grazie ai quali, lavorando con Glenn Greenwald ha rivelato i file di Edward Snowden riguardanti l&#8217;Italia. Stefania Maurizi ha intrapreso un&#8217;azione legale su pi\u00f9 giurisdizioni per difendere il diritto della stampa di accedere tramite il Freedom of Information Act a tutti i documenti del caso Julian Assange e WikiLeaks, pubblicando nel 2021 un libro in cui ricostruisce l&#8217;intera vicenda.<\/p>\n<div dir=\"auto\">Prendendo spunto dal suo libro dell&#8217;autrice, &#8220;Il Potere Segreto&#8221;, nell&#8217;incontro di martedi 14 al Liceo Leonardo si parler\u00e0 del caso Assange e della libert\u00e0 di stampa; mentre nell&#8217;evento di luned\u00ec 13 gennaio sera, organizzato dal gruppo Animatamente, ci si chieder\u00e0 se esiste ancora la libert\u00e0 di stampa, se i giornalisti hanno dei valori, se c&#8217;\u00e8 una coscienza nel fare giornalismo.<\/div>\n<p>Gli incontri sono aperti a tutti.<\/p>\n<p dir=\"auto\">Necessaria prenotazione.<\/p>\n<\/div>\n","protected":false},"excerpt":{"rendered":"<p>Il 13 gennaio 2025, presso il Teatro della Parrocchia Sant&#8217;Angela Merici di Brescia, e il 14 gennaio 2025, presso l&#8217;auditorium del Liceo Leonardo di Brescia si terranno due incontri con la giornalista d&#8217;inchiesta Stefania Maurizi che si \u00e8 occupata a&hellip;<\/p>\n","protected":false},"author":1969,"featured_media":2567852,"comment_status":"closed","ping_status":"closed","sticky":false,"template":"","format":"standard","meta":{"footnotes":""},"categories":[150,56,60,47],"tags":[6022,4339,2599,102516],"class_list":["post-2567844","post","type-post","status-publish","format-standard","has-post-thumbnail","hentry","category-comunicati-stampa","category-cultura","category-diritti-umani","category-europa","tag-brescia","tag-eventi","tag-julian-assange-it","tag-stefania-maurizi-it"],"yoast_head":"<!-- This site is optimized with the Yoast SEO plugin v27.1.1 - https:\/\/yoast.com\/product\/yoast-seo-wordpress\/ -->\n<title>&quot;Wikileaks e Caso Assange&quot;, due eventi con Stefania Maurizi a Brescia<\/title>\n<meta name=\"description\" content=\"Il 13 gennaio 2025, presso il Teatro della Parrocchia Sant&#039;Angela Merici di Brescia, e il 14 gennaio 2025, presso l&#039;auditorium del Liceo Leonardo di Brescia si terranno due incontri con la giornalista d&#039;inchiesta Stefania Maurizi che si \u00e8 occupata a fondo del caso di Julian Assange\" \/>\n<meta name=\"robots\" content=\"index, follow, max-snippet:-1, max-image-preview:large, max-video-preview:-1\" \/>\n<link rel=\"canonical\" href=\"https:\/\/www.pressenza.com\/it\/2024\/12\/wikileaks-e-caso-assange-due-eventi-con-stefania-maurizi-a-brescia\/\" \/>\n<meta property=\"og:locale\" content=\"it_IT\" \/>\n<meta property=\"og:type\" content=\"article\" \/>\n<meta property=\"og:title\" content=\"&quot;Wikileaks e Caso Assange&quot;, due eventi con Stefania Maurizi a Brescia\" \/>\n<meta property=\"og:description\" content=\"Il 13 gennaio 2025, presso il Teatro della Parrocchia Sant&#039;Angela Merici di Brescia, e il 14 gennaio 2025, presso l&#039;auditorium del Liceo Leonardo di Brescia si terranno due incontri con la giornalista d&#039;inchiesta Stefania Maurizi che si \u00e8 occupata a fondo del caso di Julian Assange\" \/>\n<meta property=\"og:url\" content=\"https:\/\/www.pressenza.com\/it\/2024\/12\/wikileaks-e-caso-assange-due-eventi-con-stefania-maurizi-a-brescia\/\" \/>\n<meta property=\"og:site_name\" content=\"Pressenza\" \/>\n<meta property=\"article:publisher\" content=\"https:\/\/www.facebook.com\/PressenzaItalia\" \/>\n<meta property=\"article:published_time\" content=\"2024-12-04T15:14:35+00:00\" \/>\n<meta property=\"article:modified_time\" content=\"2024-12-04T15:16:01+00:00\" \/>\n<meta property=\"og:image\" content=\"https:\/\/www.pressenza.com\/wp-content\/uploads\/2024\/12\/Stefania-Maurizi.jpg\" \/>\n\t<meta property=\"og:image:width\" content=\"820\" \/>\n\t<meta property=\"og:image:height\" content=\"540\" \/>\n\t<meta property=\"og:image:type\" content=\"image\/jpeg\" \/>\n<meta name=\"author\" content=\"Redazione Sebino Franciacorta\" \/>\n<meta name=\"twitter:card\" content=\"summary_large_image\" \/>\n<meta name=\"twitter:creator\" content=\"@PressenzaIPA\" \/>\n<meta name=\"twitter:site\" content=\"@PressenzaIPA\" \/>\n<meta name=\"twitter:label1\" content=\"Scritto da\" \/>\n\t<meta name=\"twitter:data1\" content=\"Redazione Sebino Franciacorta\" \/>\n\t<meta name=\"twitter:label2\" content=\"Tempo di lettura stimato\" \/>\n\t<meta name=\"twitter:data2\" content=\"2 minuti\" \/>\n<script type=\"application\/ld+json\" class=\"yoast-schema-graph\">{\"@context\":\"https:\/\/schema.org\",\"@graph\":[{\"@type\":\"Article\",\"@id\":\"https:\/\/www.pressenza.com\/it\/2024\/12\/wikileaks-e-caso-assange-due-eventi-con-stefania-maurizi-a-brescia\/#article\",\"isPartOf\":{\"@id\":\"https:\/\/www.pressenza.com\/it\/2024\/12\/wikileaks-e-caso-assange-due-eventi-con-stefania-maurizi-a-brescia\/\"},\"author\":{\"name\":\"Redazione Sebino Franciacorta\",\"@id\":\"https:\/\/www.pressenza.com\/it\/#\/schema\/person\/9ec653259bb79d6ea2255fd80043dc9c\"},\"headline\":\"&#8220;Wikileaks e Caso Assange&#8221;, due eventi con Stefania Maurizi a Brescia\",\"datePublished\":\"2024-12-04T15:14:35+00:00\",\"dateModified\":\"2024-12-04T15:16:01+00:00\",\"mainEntityOfPage\":{\"@id\":\"https:\/\/www.pressenza.com\/it\/2024\/12\/wikileaks-e-caso-assange-due-eventi-con-stefania-maurizi-a-brescia\/\"},\"wordCount\":367,\"publisher\":{\"@id\":\"https:\/\/www.pressenza.com\/it\/#organization\"},\"image\":{\"@id\":\"https:\/\/www.pressenza.com\/it\/2024\/12\/wikileaks-e-caso-assange-due-eventi-con-stefania-maurizi-a-brescia\/#primaryimage\"},\"thumbnailUrl\":\"https:\/\/www.pressenza.com\/wp-content\/uploads\/2024\/12\/Stefania-Maurizi.jpg\",\"keywords\":[\"Brescia\",\"eventi\",\"Julian Assange\",\"Stefania Maurizi\"],\"articleSection\":[\"Comunicati Stampa\",\"Cultura e Media\",\"Diritti Umani\",\"Europa\"],\"inLanguage\":\"it-IT\"},{\"@type\":\"WebPage\",\"@id\":\"https:\/\/www.pressenza.com\/it\/2024\/12\/wikileaks-e-caso-assange-due-eventi-con-stefania-maurizi-a-brescia\/\",\"url\":\"https:\/\/www.pressenza.com\/it\/2024\/12\/wikileaks-e-caso-assange-due-eventi-con-stefania-maurizi-a-brescia\/\",\"name\":\"\\\"Wikileaks e Caso Assange\\\", due eventi con Stefania Maurizi a Brescia\",\"isPartOf\":{\"@id\":\"https:\/\/www.pressenza.com\/it\/#website\"},\"primaryImageOfPage\":{\"@id\":\"https:\/\/www.pressenza.com\/it\/2024\/12\/wikileaks-e-caso-assange-due-eventi-con-stefania-maurizi-a-brescia\/#primaryimage\"},\"image\":{\"@id\":\"https:\/\/www.pressenza.com\/it\/2024\/12\/wikileaks-e-caso-assange-due-eventi-con-stefania-maurizi-a-brescia\/#primaryimage\"},\"thumbnailUrl\":\"https:\/\/www.pressenza.com\/wp-content\/uploads\/2024\/12\/Stefania-Maurizi.jpg\",\"datePublished\":\"2024-12-04T15:14:35+00:00\",\"dateModified\":\"2024-12-04T15:16:01+00:00\",\"description\":\"Il 13 gennaio 2025, presso il Teatro della Parrocchia Sant'Angela Merici di Brescia, e il 14 gennaio 2025, presso l'auditorium del Liceo Leonardo di Brescia si terranno due incontri con la giornalista d'inchiesta Stefania Maurizi che si \u00e8 occupata a fondo del caso di Julian Assange\",\"breadcrumb\":{\"@id\":\"https:\/\/www.pressenza.com\/it\/2024\/12\/wikileaks-e-caso-assange-due-eventi-con-stefania-maurizi-a-brescia\/#breadcrumb\"},\"inLanguage\":\"it-IT\",\"potentialAction\":[{\"@type\":\"ReadAction\",\"target\":[\"https:\/\/www.pressenza.com\/it\/2024\/12\/wikileaks-e-caso-assange-due-eventi-con-stefania-maurizi-a-brescia\/\"]}]},{\"@type\":\"ImageObject\",\"inLanguage\":\"it-IT\",\"@id\":\"https:\/\/www.pressenza.com\/it\/2024\/12\/wikileaks-e-caso-assange-due-eventi-con-stefania-maurizi-a-brescia\/#primaryimage\",\"url\":\"https:\/\/www.pressenza.com\/wp-content\/uploads\/2024\/12\/Stefania-Maurizi.jpg\",\"contentUrl\":\"https:\/\/www.pressenza.com\/wp-content\/uploads\/2024\/12\/Stefania-Maurizi.jpg\",\"width\":820,\"height\":540},{\"@type\":\"BreadcrumbList\",\"@id\":\"https:\/\/www.pressenza.com\/it\/2024\/12\/wikileaks-e-caso-assange-due-eventi-con-stefania-maurizi-a-brescia\/#breadcrumb\",\"itemListElement\":[{\"@type\":\"ListItem\",\"position\":1,\"name\":\"Accueil\",\"item\":\"https:\/\/www.pressenza.com\/it\/\"},{\"@type\":\"ListItem\",\"position\":2,\"name\":\"&#8220;Wikileaks e Caso Assange&#8221;, due eventi con Stefania Maurizi a Brescia\"}]},{\"@type\":\"WebSite\",\"@id\":\"https:\/\/www.pressenza.com\/it\/#website\",\"url\":\"https:\/\/www.pressenza.com\/it\/\",\"name\":\"Pressenza\",\"description\":\"Agenzia di Stampa Internazionale\",\"publisher\":{\"@id\":\"https:\/\/www.pressenza.com\/it\/#organization\"},\"potentialAction\":[{\"@type\":\"SearchAction\",\"target\":{\"@type\":\"EntryPoint\",\"urlTemplate\":\"https:\/\/www.pressenza.com\/it\/?s={search_term_string}\"},\"query-input\":{\"@type\":\"PropertyValueSpecification\",\"valueRequired\":true,\"valueName\":\"search_term_string\"}}],\"inLanguage\":\"it-IT\"},{\"@type\":\"Organization\",\"@id\":\"https:\/\/www.pressenza.com\/it\/#organization\",\"name\":\"Pressenza\",\"url\":\"https:\/\/www.pressenza.com\/it\/\",\"logo\":{\"@type\":\"ImageObject\",\"inLanguage\":\"it-IT\",\"@id\":\"https:\/\/www.pressenza.com\/it\/#\/schema\/logo\/image\/\",\"url\":\"https:\/\/www.pressenza.com\/wp-content\/uploads\/2022\/10\/pressenza_logo_200x200.jpg\",\"contentUrl\":\"https:\/\/www.pressenza.com\/wp-content\/uploads\/2022\/10\/pressenza_logo_200x200.jpg\",\"width\":200,\"height\":200,\"caption\":\"Pressenza\"},\"image\":{\"@id\":\"https:\/\/www.pressenza.com\/it\/#\/schema\/logo\/image\/\"},\"sameAs\":[\"https:\/\/www.facebook.com\/PressenzaItalia\",\"https:\/\/x.com\/PressenzaIPA\"]},{\"@type\":\"Person\",\"@id\":\"https:\/\/www.pressenza.com\/it\/#\/schema\/person\/9ec653259bb79d6ea2255fd80043dc9c\",\"name\":\"Redazione Sebino Franciacorta\",\"url\":\"https:\/\/www.pressenza.com\/it\/author\/redazione-sebino-franciacorta\/\"}]}<\/script>\n<!-- \/ Yoast SEO plugin. -->","yoast_head_json":{"title":"\"Wikileaks e Caso Assange\", due eventi con Stefania Maurizi a Brescia","description":"Il 13 gennaio 2025, presso il Teatro della Parrocchia Sant'Angela Merici di Brescia, e il 14 gennaio 2025, presso l'auditorium del Liceo Leonardo di Brescia si terranno due incontri con la giornalista d'inchiesta Stefania Maurizi che si \u00e8 occupata a fondo del caso di Julian Assange","robots":{"index":"index","follow":"follow","max-snippet":"max-snippet:-1","max-image-preview":"max-image-preview:large","max-video-preview":"max-video-preview:-1"},"canonical":"https:\/\/www.pressenza.com\/it\/2024\/12\/wikileaks-e-caso-assange-due-eventi-con-stefania-maurizi-a-brescia\/","og_locale":"it_IT","og_type":"article","og_title":"\"Wikileaks e Caso Assange\", due eventi con Stefania Maurizi a Brescia","og_description":"Il 13 gennaio 2025, presso il Teatro della Parrocchia Sant'Angela Merici di Brescia, e il 14 gennaio 2025, presso l'auditorium del Liceo Leonardo di Brescia si terranno due incontri con la giornalista d'inchiesta Stefania Maurizi che si \u00e8 occupata a fondo del caso di Julian Assange","og_url":"https:\/\/www.pressenza.com\/it\/2024\/12\/wikileaks-e-caso-assange-due-eventi-con-stefania-maurizi-a-brescia\/","og_site_name":"Pressenza","article_publisher":"https:\/\/www.facebook.com\/PressenzaItalia","article_published_time":"2024-12-04T15:14:35+00:00","article_modified_time":"2024-12-04T15:16:01+00:00","og_image":[{"width":820,"height":540,"url":"https:\/\/www.pressenza.com\/wp-content\/uploads\/2024\/12\/Stefania-Maurizi.jpg","type":"image\/jpeg"}],"author":"Redazione Sebino Franciacorta","twitter_card":"summary_large_image","twitter_creator":"@PressenzaIPA","twitter_site":"@PressenzaIPA","twitter_misc":{"Scritto da":"Redazione Sebino Franciacorta","Tempo di lettura stimato":"2 minuti"},"schema":{"@context":"https:\/\/schema.org","@graph":[{"@type":"Article","@id":"https:\/\/www.pressenza.com\/it\/2024\/12\/wikileaks-e-caso-assange-due-eventi-con-stefania-maurizi-a-brescia\/#article","isPartOf":{"@id":"https:\/\/www.pressenza.com\/it\/2024\/12\/wikileaks-e-caso-assange-due-eventi-con-stefania-maurizi-a-brescia\/"},"author":{"name":"Redazione Sebino Franciacorta","@id":"https:\/\/www.pressenza.com\/it\/#\/schema\/person\/9ec653259bb79d6ea2255fd80043dc9c"},"headline":"&#8220;Wikileaks e Caso Assange&#8221;, due eventi con Stefania Maurizi a Brescia","datePublished":"2024-12-04T15:14:35+00:00","dateModified":"2024-12-04T15:16:01+00:00","mainEntityOfPage":{"@id":"https:\/\/www.pressenza.com\/it\/2024\/12\/wikileaks-e-caso-assange-due-eventi-con-stefania-maurizi-a-brescia\/"},"wordCount":367,"publisher":{"@id":"https:\/\/www.pressenza.com\/it\/#organization"},"image":{"@id":"https:\/\/www.pressenza.com\/it\/2024\/12\/wikileaks-e-caso-assange-due-eventi-con-stefania-maurizi-a-brescia\/#primaryimage"},"thumbnailUrl":"https:\/\/www.pressenza.com\/wp-content\/uploads\/2024\/12\/Stefania-Maurizi.jpg","keywords":["Brescia","eventi","Julian Assange","Stefania Maurizi"],"articleSection":["Comunicati Stampa","Cultura e Media","Diritti Umani","Europa"],"inLanguage":"it-IT"},{"@type":"WebPage","@id":"https:\/\/www.pressenza.com\/it\/2024\/12\/wikileaks-e-caso-assange-due-eventi-con-stefania-maurizi-a-brescia\/","url":"https:\/\/www.pressenza.com\/it\/2024\/12\/wikileaks-e-caso-assange-due-eventi-con-stefania-maurizi-a-brescia\/","name":"\"Wikileaks e Caso Assange\", due eventi con Stefania Maurizi a Brescia","isPartOf":{"@id":"https:\/\/www.pressenza.com\/it\/#website"},"primaryImageOfPage":{"@id":"https:\/\/www.pressenza.com\/it\/2024\/12\/wikileaks-e-caso-assange-due-eventi-con-stefania-maurizi-a-brescia\/#primaryimage"},"image":{"@id":"https:\/\/www.pressenza.com\/it\/2024\/12\/wikileaks-e-caso-assange-due-eventi-con-stefania-maurizi-a-brescia\/#primaryimage"},"thumbnailUrl":"https:\/\/www.pressenza.com\/wp-content\/uploads\/2024\/12\/Stefania-Maurizi.jpg","datePublished":"2024-12-04T15:14:35+00:00","dateModified":"2024-12-04T15:16:01+00:00","description":"Il 13 gennaio 2025, presso il Teatro della Parrocchia Sant'Angela Merici di Brescia, e il 14 gennaio 2025, presso l'auditorium del Liceo Leonardo di Brescia si terranno due incontri con la giornalista d'inchiesta Stefania Maurizi che si \u00e8 occupata a fondo del caso di Julian Assange","breadcrumb":{"@id":"https:\/\/www.pressenza.com\/it\/2024\/12\/wikileaks-e-caso-assange-due-eventi-con-stefania-maurizi-a-brescia\/#breadcrumb"},"inLanguage":"it-IT","potentialAction":[{"@type":"ReadAction","target":["https:\/\/www.pressenza.com\/it\/2024\/12\/wikileaks-e-caso-assange-due-eventi-con-stefania-maurizi-a-brescia\/"]}]},{"@type":"ImageObject","inLanguage":"it-IT","@id":"https:\/\/www.pressenza.com\/it\/2024\/12\/wikileaks-e-caso-assange-due-eventi-con-stefania-maurizi-a-brescia\/#primaryimage","url":"https:\/\/www.pressenza.com\/wp-content\/uploads\/2024\/12\/Stefania-Maurizi.jpg","contentUrl":"https:\/\/www.pressenza.com\/wp-content\/uploads\/2024\/12\/Stefania-Maurizi.jpg","width":820,"height":540},{"@type":"BreadcrumbList","@id":"https:\/\/www.pressenza.com\/it\/2024\/12\/wikileaks-e-caso-assange-due-eventi-con-stefania-maurizi-a-brescia\/#breadcrumb","itemListElement":[{"@type":"ListItem","position":1,"name":"Accueil","item":"https:\/\/www.pressenza.com\/it\/"},{"@type":"ListItem","position":2,"name":"&#8220;Wikileaks e Caso Assange&#8221;, due eventi con Stefania Maurizi a Brescia"}]},{"@type":"WebSite","@id":"https:\/\/www.pressenza.com\/it\/#website","url":"https:\/\/www.pressenza.com\/it\/","name":"Pressenza","description":"Agenzia di Stampa Internazionale","publisher":{"@id":"https:\/\/www.pressenza.com\/it\/#organization"},"potentialAction":[{"@type":"SearchAction","target":{"@type":"EntryPoint","urlTemplate":"https:\/\/www.pressenza.com\/it\/?s={search_term_string}"},"query-input":{"@type":"PropertyValueSpecification","valueRequired":true,"valueName":"search_term_string"}}],"inLanguage":"it-IT"},{"@type":"Organization","@id":"https:\/\/www.pressenza.com\/it\/#organization","name":"Pressenza","url":"https:\/\/www.pressenza.com\/it\/","logo":{"@type":"ImageObject","inLanguage":"it-IT","@id":"https:\/\/www.pressenza.com\/it\/#\/schema\/logo\/image\/","url":"https:\/\/www.pressenza.com\/wp-content\/uploads\/2022\/10\/pressenza_logo_200x200.jpg","contentUrl":"https:\/\/www.pressenza.com\/wp-content\/uploads\/2022\/10\/pressenza_logo_200x200.jpg","width":200,"height":200,"caption":"Pressenza"},"image":{"@id":"https:\/\/www.pressenza.com\/it\/#\/schema\/logo\/image\/"},"sameAs":["https:\/\/www.facebook.com\/PressenzaItalia","https:\/\/x.com\/PressenzaIPA"]},{"@type":"Person","@id":"https:\/\/www.pressenza.com\/it\/#\/schema\/person\/9ec653259bb79d6ea2255fd80043dc9c","name":"Redazione Sebino Franciacorta","url":"https:\/\/www.pressenza.com\/it\/author\/redazione-sebino-franciacorta\/"}]}},"place":"","original_article_url":"","_links":{"self":[{"href":"https:\/\/www.pressenza.com\/it\/wp-json\/wp\/v2\/posts\/2567844","targetHints":{"allow":["GET"]}}],"collection":[{"href":"https:\/\/www.pressenza.com\/it\/wp-json\/wp\/v2\/posts"}],"about":[{"href":"https:\/\/www.pressenza.com\/it\/wp-json\/wp\/v2\/types\/post"}],"author":[{"embeddable":true,"href":"https:\/\/www.pressenza.com\/it\/wp-json\/wp\/v2\/users\/1969"}],"replies":[{"embeddable":true,"href":"https:\/\/www.pressenza.com\/it\/wp-json\/wp\/v2\/comments?post=2567844"}],"version-history":[{"count":0,"href":"https:\/\/www.pressenza.com\/it\/wp-json\/wp\/v2\/posts\/2567844\/revisions"}],"wp:featuredmedia":[{"embeddable":true,"href":"https:\/\/www.pressenza.com\/it\/wp-json\/wp\/v2\/media\/2567852"}],"wp:attachment":[{"href":"https:\/\/www.pressenza.com\/it\/wp-json\/wp\/v2\/media?parent=2567844"}],"wp:term":[{"taxonomy":"category","embeddable":true,"href":"https:\/\/www.pressenza.com\/it\/wp-json\/wp\/v2\/categories?post=2567844"},{"taxonomy":"post_tag","embeddable":true,"href":"https:\/\/www.pressenza.com\/it\/wp-json\/wp\/v2\/tags?post=2567844"}],"curies":[{"name":"wp","href":"https:\/\/api.w.org\/{rel}","templated":true}]}}