{"id":2567742,"date":"2024-12-04T08:01:29","date_gmt":"2024-12-04T08:01:29","guid":{"rendered":"https:\/\/www.pressenza.com\/?p=2567742"},"modified":"2024-12-04T09:33:05","modified_gmt":"2024-12-04T09:33:05","slug":"palermo-serve-davvero-la-pedemontana","status":"publish","type":"post","link":"https:\/\/www.pressenza.com\/it\/2024\/12\/palermo-serve-davvero-la-pedemontana\/","title":{"rendered":"Incontro pubblico a Palermo: \u201cServe davvero la Pedemontana?\u201d"},"content":{"rendered":"<p>Ieri, soggetti istituzionali, cittadini, docenti universitari e rappresentanti di formazioni sociali hanno partecipato ad un incontro pubblico presso il Migrateatro all&#8217;ex Caserma Falletta dal titolo \u201cServe davvero la Pedemontana?\u201d.<\/p>\n<p>All&#8217;incontro, coordinato da Franco Miceli e Ramon La Torre, hanno preso parte attiva rappresentanti del wwf, del circolo Mesogeo di Legambiente, del Forum dell&#8217;Oreto, della CGIL FILLEA, e dei gruppi consiliari Partito Democratico, Alleanza Verdi Sinistra e del Movimento 5 Stelle, il consigliere indipendente Massimo Giaconia, la parlamentare regionale Valentina Chinnici e rappresentanti di Rifondazione Comunista ma anche cittadini.<\/p>\n<p>Gli interventi hanno raccontato e spiegato il progetto della Pedemontana redatto dall&#8217;ANAS, sottolineando che il costo dell\u2019opera \u00e8 compreso dai 2.738.819.887,80 di euro relativi \u201call\u2019Alternativa 3\u201d, ai 3.031.271.555,17 \u201cdell\u2019Alternativa 1\u201d, ed evidenziando quali implicazioni ha per la citt\u00e0 costruita e per quei terreni ancora liberi, quali guasti potrebbe portare alle riserve idriche che dissetano l&#8217;area metropolitana di Palermo.<\/p>\n<p>Il progetto \u00e8 stato analizzato anche in rapporto a quello che dovrebbe essere uno sviluppo altro della mobilit\u00e0 nell&#8217;area metropolitana palermitana, che vedrebbe in un piano integrato della mobilit\u00e0 e quindi nel trasporto pubblico di massa, la migliore via verso quelle che sono le politiche di decarbonizzazione e mitigazione dei cambiamenti climatici.<\/p>\n<p>Diversi interventi hanno infatti ribadito che il Comune di Palermo a tutela della viabilit\u00e0, sostenibilit\u00e0 e vivibilit\u00e0 debba attuare la progressiva riduzione del trasporto privato, garantendo il diritto alla mobilit\u00e0 attraverso i servizi offerti dal Sistema Integrato del Trasporto Pubblico di Massa nelle sue attuali articolazioni e in corso di progressiva attuazione: Passante ferroviario, Chiusura anello ferroviario, Completamento linee tram, Metropolitana leggera, Parcheggi interscambio, Espansione significativa dei servizi di AMAT nell\u2019hinterland palermitano e Completamento della \u201cCirconvallazione di Palermo\u201d.<\/p>\n<p>Inoltre, \u00e8 stato rilevato dai soggetti istituzionali come il Consiglio comunale non sia stato minimamente coinvolto nel procedimento, e inoltre, come l\u2019amministrazione attiva non abbia sentito la necessit\u00e0 istituzionale &#8211; a tutela della Comunit\u00e0 &#8211; di pronunciarsi sulle interferenze presenti nel tracciato della \u201cPedemontana\u201d con il Piano di Assetto Idrogeologico, sulla coerenza dell\u2019Opera con il sistema di \u201cmobilit\u00e0\u201d nella sua dimensione comunale e metropolitana, e sulla sostenibilit\u00e0 con particolare riferimento al \u201cPiano Ambientale per l\u2019Energia Sostenibile e il Clima\u201d (PAESC) del Comune di Palermo e al \u201cPiano Urbano per la Mobilit\u00e0 Sostenibile della Citt\u00e0 di Palermo\u201d.<\/p>\n<p>Unanime \u00e8 stato il dissenso verso un&#8217;opera che sembra rappresentare modalit\u00e0 di intervento tipiche di quell&#8217;era che \u00e8 causa dei guasti ambientali, infrastrutturali e sociali con cui facciamo i conti oggi.<\/p>\n<p>Il dibattito si \u00e8 concluso con una consapevolezza condivisa da tutti: \u00e8 necessario dare continuit\u00e0 all\u2019incontro sviluppando un processo che costruisca un luogo immateriale permanente di scambio di informazioni e saperi, dove soggetti istituzionali, liberi professionisti, cittadini, docenti universitari e rappresentanti di formazioni sociali come sindacati associazioni di scopo e partiti si incontrano per tradurre e comprendere gli strumenti che determinano le grandi e piccole trasformazioni e per elaborare indirizzi, azioni e pratiche politiche capaci di trovare attuazione nel livello istituzionale.<\/p>\n<h6>report dei lavori<\/h6>\n","protected":false},"excerpt":{"rendered":"<p>Ieri, soggetti istituzionali, cittadini, docenti universitari e rappresentanti di formazioni sociali hanno partecipato ad un incontro pubblico presso il Migrateatro all&#8217;ex Caserma Falletta dal titolo \u201cServe davvero la Pedemontana?\u201d. All&#8217;incontro, coordinato da Franco Miceli e Ramon La Torre, hanno preso&hellip;<\/p>\n","protected":false},"author":1860,"featured_media":1177726,"comment_status":"closed","ping_status":"closed","sticky":false,"template":"","format":"standard","meta":{"footnotes":""},"categories":[150,59,55],"tags":[58747,129927,129928],"class_list":["post-2567742","post","type-post","status-publish","format-standard","has-post-thumbnail","hentry","category-comunicati-stampa","category-ambiente-ecologia","category-politica","tag-decarbonizzazione","tag-pedemontana-palermo","tag-trasporti-pubblici-di-massa"],"yoast_head":"<!-- This site is optimized with the Yoast SEO plugin v27.1.1 - https:\/\/yoast.com\/product\/yoast-seo-wordpress\/ -->\n<title>Incontro pubblico a Palermo: \u201cServe davvero la Pedemontana?\u201d<\/title>\n<meta name=\"description\" content=\"Ieri, soggetti istituzionali, cittadini, docenti universitari e rappresentanti di formazioni sociali hanno partecipato ad un incontro pubblico presso il\" \/>\n<meta name=\"robots\" content=\"index, follow, max-snippet:-1, max-image-preview:large, max-video-preview:-1\" \/>\n<link rel=\"canonical\" href=\"https:\/\/www.pressenza.com\/it\/2024\/12\/palermo-serve-davvero-la-pedemontana\/\" \/>\n<meta property=\"og:locale\" content=\"it_IT\" \/>\n<meta property=\"og:type\" content=\"article\" \/>\n<meta property=\"og:title\" content=\"Incontro pubblico a Palermo: \u201cServe davvero la Pedemontana?\u201d\" \/>\n<meta property=\"og:description\" content=\"Ieri, soggetti istituzionali, cittadini, docenti universitari e rappresentanti di formazioni sociali hanno partecipato ad un incontro pubblico presso il\" \/>\n<meta property=\"og:url\" content=\"https:\/\/www.pressenza.com\/it\/2024\/12\/palermo-serve-davvero-la-pedemontana\/\" \/>\n<meta property=\"og:site_name\" content=\"Pressenza\" \/>\n<meta property=\"article:publisher\" content=\"https:\/\/www.facebook.com\/PressenzaItalia\" \/>\n<meta property=\"article:published_time\" content=\"2024-12-04T08:01:29+00:00\" \/>\n<meta property=\"article:modified_time\" content=\"2024-12-04T09:33:05+00:00\" \/>\n<meta property=\"og:image\" content=\"https:\/\/www.pressenza.com\/wp-content\/uploads\/2020\/08\/traffico-auto-Pixabay.jpg\" \/>\n\t<meta property=\"og:image:width\" content=\"960\" \/>\n\t<meta property=\"og:image:height\" content=\"640\" \/>\n\t<meta property=\"og:image:type\" content=\"image\/jpeg\" \/>\n<meta name=\"author\" content=\"Redazione Palermo\" \/>\n<meta name=\"twitter:card\" content=\"summary_large_image\" \/>\n<meta name=\"twitter:creator\" content=\"@PressenzaIPA\" \/>\n<meta name=\"twitter:site\" content=\"@PressenzaIPA\" \/>\n<meta name=\"twitter:label1\" content=\"Scritto da\" \/>\n\t<meta name=\"twitter:data1\" content=\"Redazione Palermo\" \/>\n\t<meta name=\"twitter:label2\" content=\"Tempo di lettura stimato\" \/>\n\t<meta name=\"twitter:data2\" content=\"3 minuti\" \/>\n<script type=\"application\/ld+json\" class=\"yoast-schema-graph\">{\"@context\":\"https:\/\/schema.org\",\"@graph\":[{\"@type\":\"Article\",\"@id\":\"https:\/\/www.pressenza.com\/it\/2024\/12\/palermo-serve-davvero-la-pedemontana\/#article\",\"isPartOf\":{\"@id\":\"https:\/\/www.pressenza.com\/it\/2024\/12\/palermo-serve-davvero-la-pedemontana\/\"},\"author\":{\"name\":\"Redazione Palermo\",\"@id\":\"https:\/\/www.pressenza.com\/it\/#\/schema\/person\/dd233b73788fa2d4f797777f9b6c1100\"},\"headline\":\"Incontro pubblico a Palermo: \u201cServe davvero la Pedemontana?\u201d\",\"datePublished\":\"2024-12-04T08:01:29+00:00\",\"dateModified\":\"2024-12-04T09:33:05+00:00\",\"mainEntityOfPage\":{\"@id\":\"https:\/\/www.pressenza.com\/it\/2024\/12\/palermo-serve-davvero-la-pedemontana\/\"},\"wordCount\":499,\"publisher\":{\"@id\":\"https:\/\/www.pressenza.com\/it\/#organization\"},\"image\":{\"@id\":\"https:\/\/www.pressenza.com\/it\/2024\/12\/palermo-serve-davvero-la-pedemontana\/#primaryimage\"},\"thumbnailUrl\":\"https:\/\/www.pressenza.com\/wp-content\/uploads\/2020\/08\/traffico-auto-Pixabay.jpg\",\"keywords\":[\"decarbonizzazione\",\"Pedemontana Palermo\",\"trasporti pubblici di massa\"],\"articleSection\":[\"Comunicati Stampa\",\"Ecologia ed Ambiente\",\"Politica\"],\"inLanguage\":\"it-IT\"},{\"@type\":\"WebPage\",\"@id\":\"https:\/\/www.pressenza.com\/it\/2024\/12\/palermo-serve-davvero-la-pedemontana\/\",\"url\":\"https:\/\/www.pressenza.com\/it\/2024\/12\/palermo-serve-davvero-la-pedemontana\/\",\"name\":\"Incontro pubblico a Palermo: \u201cServe davvero la Pedemontana?\u201d\",\"isPartOf\":{\"@id\":\"https:\/\/www.pressenza.com\/it\/#website\"},\"primaryImageOfPage\":{\"@id\":\"https:\/\/www.pressenza.com\/it\/2024\/12\/palermo-serve-davvero-la-pedemontana\/#primaryimage\"},\"image\":{\"@id\":\"https:\/\/www.pressenza.com\/it\/2024\/12\/palermo-serve-davvero-la-pedemontana\/#primaryimage\"},\"thumbnailUrl\":\"https:\/\/www.pressenza.com\/wp-content\/uploads\/2020\/08\/traffico-auto-Pixabay.jpg\",\"datePublished\":\"2024-12-04T08:01:29+00:00\",\"dateModified\":\"2024-12-04T09:33:05+00:00\",\"description\":\"Ieri, soggetti istituzionali, cittadini, docenti universitari e rappresentanti di formazioni sociali hanno partecipato ad un incontro pubblico presso il\",\"breadcrumb\":{\"@id\":\"https:\/\/www.pressenza.com\/it\/2024\/12\/palermo-serve-davvero-la-pedemontana\/#breadcrumb\"},\"inLanguage\":\"it-IT\",\"potentialAction\":[{\"@type\":\"ReadAction\",\"target\":[\"https:\/\/www.pressenza.com\/it\/2024\/12\/palermo-serve-davvero-la-pedemontana\/\"]}]},{\"@type\":\"ImageObject\",\"inLanguage\":\"it-IT\",\"@id\":\"https:\/\/www.pressenza.com\/it\/2024\/12\/palermo-serve-davvero-la-pedemontana\/#primaryimage\",\"url\":\"https:\/\/www.pressenza.com\/wp-content\/uploads\/2020\/08\/traffico-auto-Pixabay.jpg\",\"contentUrl\":\"https:\/\/www.pressenza.com\/wp-content\/uploads\/2020\/08\/traffico-auto-Pixabay.jpg\",\"width\":960,\"height\":640},{\"@type\":\"BreadcrumbList\",\"@id\":\"https:\/\/www.pressenza.com\/it\/2024\/12\/palermo-serve-davvero-la-pedemontana\/#breadcrumb\",\"itemListElement\":[{\"@type\":\"ListItem\",\"position\":1,\"name\":\"Accueil\",\"item\":\"https:\/\/www.pressenza.com\/it\/\"},{\"@type\":\"ListItem\",\"position\":2,\"name\":\"Incontro pubblico a Palermo: \u201cServe davvero la Pedemontana?\u201d\"}]},{\"@type\":\"WebSite\",\"@id\":\"https:\/\/www.pressenza.com\/it\/#website\",\"url\":\"https:\/\/www.pressenza.com\/it\/\",\"name\":\"Pressenza\",\"description\":\"Agenzia di Stampa Internazionale\",\"publisher\":{\"@id\":\"https:\/\/www.pressenza.com\/it\/#organization\"},\"potentialAction\":[{\"@type\":\"SearchAction\",\"target\":{\"@type\":\"EntryPoint\",\"urlTemplate\":\"https:\/\/www.pressenza.com\/it\/?s={search_term_string}\"},\"query-input\":{\"@type\":\"PropertyValueSpecification\",\"valueRequired\":true,\"valueName\":\"search_term_string\"}}],\"inLanguage\":\"it-IT\"},{\"@type\":\"Organization\",\"@id\":\"https:\/\/www.pressenza.com\/it\/#organization\",\"name\":\"Pressenza\",\"url\":\"https:\/\/www.pressenza.com\/it\/\",\"logo\":{\"@type\":\"ImageObject\",\"inLanguage\":\"it-IT\",\"@id\":\"https:\/\/www.pressenza.com\/it\/#\/schema\/logo\/image\/\",\"url\":\"https:\/\/www.pressenza.com\/wp-content\/uploads\/2022\/10\/pressenza_logo_200x200.jpg\",\"contentUrl\":\"https:\/\/www.pressenza.com\/wp-content\/uploads\/2022\/10\/pressenza_logo_200x200.jpg\",\"width\":200,\"height\":200,\"caption\":\"Pressenza\"},\"image\":{\"@id\":\"https:\/\/www.pressenza.com\/it\/#\/schema\/logo\/image\/\"},\"sameAs\":[\"https:\/\/www.facebook.com\/PressenzaItalia\",\"https:\/\/x.com\/PressenzaIPA\"]},{\"@type\":\"Person\",\"@id\":\"https:\/\/www.pressenza.com\/it\/#\/schema\/person\/dd233b73788fa2d4f797777f9b6c1100\",\"name\":\"Redazione Palermo\",\"description\":\"News from the Pressenza Bureau in Palermo, Italy\",\"url\":\"https:\/\/www.pressenza.com\/it\/author\/redazione-palermo\/\"}]}<\/script>\n<!-- \/ Yoast SEO plugin. -->","yoast_head_json":{"title":"Incontro pubblico a Palermo: \u201cServe davvero la Pedemontana?\u201d","description":"Ieri, soggetti istituzionali, cittadini, docenti universitari e rappresentanti di formazioni sociali hanno partecipato ad un incontro pubblico presso il","robots":{"index":"index","follow":"follow","max-snippet":"max-snippet:-1","max-image-preview":"max-image-preview:large","max-video-preview":"max-video-preview:-1"},"canonical":"https:\/\/www.pressenza.com\/it\/2024\/12\/palermo-serve-davvero-la-pedemontana\/","og_locale":"it_IT","og_type":"article","og_title":"Incontro pubblico a Palermo: \u201cServe davvero la Pedemontana?\u201d","og_description":"Ieri, soggetti istituzionali, cittadini, docenti universitari e rappresentanti di formazioni sociali hanno partecipato ad un incontro pubblico presso il","og_url":"https:\/\/www.pressenza.com\/it\/2024\/12\/palermo-serve-davvero-la-pedemontana\/","og_site_name":"Pressenza","article_publisher":"https:\/\/www.facebook.com\/PressenzaItalia","article_published_time":"2024-12-04T08:01:29+00:00","article_modified_time":"2024-12-04T09:33:05+00:00","og_image":[{"width":960,"height":640,"url":"https:\/\/www.pressenza.com\/wp-content\/uploads\/2020\/08\/traffico-auto-Pixabay.jpg","type":"image\/jpeg"}],"author":"Redazione Palermo","twitter_card":"summary_large_image","twitter_creator":"@PressenzaIPA","twitter_site":"@PressenzaIPA","twitter_misc":{"Scritto da":"Redazione Palermo","Tempo di lettura stimato":"3 minuti"},"schema":{"@context":"https:\/\/schema.org","@graph":[{"@type":"Article","@id":"https:\/\/www.pressenza.com\/it\/2024\/12\/palermo-serve-davvero-la-pedemontana\/#article","isPartOf":{"@id":"https:\/\/www.pressenza.com\/it\/2024\/12\/palermo-serve-davvero-la-pedemontana\/"},"author":{"name":"Redazione Palermo","@id":"https:\/\/www.pressenza.com\/it\/#\/schema\/person\/dd233b73788fa2d4f797777f9b6c1100"},"headline":"Incontro pubblico a Palermo: \u201cServe davvero la Pedemontana?\u201d","datePublished":"2024-12-04T08:01:29+00:00","dateModified":"2024-12-04T09:33:05+00:00","mainEntityOfPage":{"@id":"https:\/\/www.pressenza.com\/it\/2024\/12\/palermo-serve-davvero-la-pedemontana\/"},"wordCount":499,"publisher":{"@id":"https:\/\/www.pressenza.com\/it\/#organization"},"image":{"@id":"https:\/\/www.pressenza.com\/it\/2024\/12\/palermo-serve-davvero-la-pedemontana\/#primaryimage"},"thumbnailUrl":"https:\/\/www.pressenza.com\/wp-content\/uploads\/2020\/08\/traffico-auto-Pixabay.jpg","keywords":["decarbonizzazione","Pedemontana Palermo","trasporti pubblici di massa"],"articleSection":["Comunicati Stampa","Ecologia ed Ambiente","Politica"],"inLanguage":"it-IT"},{"@type":"WebPage","@id":"https:\/\/www.pressenza.com\/it\/2024\/12\/palermo-serve-davvero-la-pedemontana\/","url":"https:\/\/www.pressenza.com\/it\/2024\/12\/palermo-serve-davvero-la-pedemontana\/","name":"Incontro pubblico a Palermo: \u201cServe davvero la Pedemontana?\u201d","isPartOf":{"@id":"https:\/\/www.pressenza.com\/it\/#website"},"primaryImageOfPage":{"@id":"https:\/\/www.pressenza.com\/it\/2024\/12\/palermo-serve-davvero-la-pedemontana\/#primaryimage"},"image":{"@id":"https:\/\/www.pressenza.com\/it\/2024\/12\/palermo-serve-davvero-la-pedemontana\/#primaryimage"},"thumbnailUrl":"https:\/\/www.pressenza.com\/wp-content\/uploads\/2020\/08\/traffico-auto-Pixabay.jpg","datePublished":"2024-12-04T08:01:29+00:00","dateModified":"2024-12-04T09:33:05+00:00","description":"Ieri, soggetti istituzionali, cittadini, docenti universitari e rappresentanti di formazioni sociali hanno partecipato ad un incontro pubblico presso il","breadcrumb":{"@id":"https:\/\/www.pressenza.com\/it\/2024\/12\/palermo-serve-davvero-la-pedemontana\/#breadcrumb"},"inLanguage":"it-IT","potentialAction":[{"@type":"ReadAction","target":["https:\/\/www.pressenza.com\/it\/2024\/12\/palermo-serve-davvero-la-pedemontana\/"]}]},{"@type":"ImageObject","inLanguage":"it-IT","@id":"https:\/\/www.pressenza.com\/it\/2024\/12\/palermo-serve-davvero-la-pedemontana\/#primaryimage","url":"https:\/\/www.pressenza.com\/wp-content\/uploads\/2020\/08\/traffico-auto-Pixabay.jpg","contentUrl":"https:\/\/www.pressenza.com\/wp-content\/uploads\/2020\/08\/traffico-auto-Pixabay.jpg","width":960,"height":640},{"@type":"BreadcrumbList","@id":"https:\/\/www.pressenza.com\/it\/2024\/12\/palermo-serve-davvero-la-pedemontana\/#breadcrumb","itemListElement":[{"@type":"ListItem","position":1,"name":"Accueil","item":"https:\/\/www.pressenza.com\/it\/"},{"@type":"ListItem","position":2,"name":"Incontro pubblico a Palermo: \u201cServe davvero la Pedemontana?\u201d"}]},{"@type":"WebSite","@id":"https:\/\/www.pressenza.com\/it\/#website","url":"https:\/\/www.pressenza.com\/it\/","name":"Pressenza","description":"Agenzia di Stampa Internazionale","publisher":{"@id":"https:\/\/www.pressenza.com\/it\/#organization"},"potentialAction":[{"@type":"SearchAction","target":{"@type":"EntryPoint","urlTemplate":"https:\/\/www.pressenza.com\/it\/?s={search_term_string}"},"query-input":{"@type":"PropertyValueSpecification","valueRequired":true,"valueName":"search_term_string"}}],"inLanguage":"it-IT"},{"@type":"Organization","@id":"https:\/\/www.pressenza.com\/it\/#organization","name":"Pressenza","url":"https:\/\/www.pressenza.com\/it\/","logo":{"@type":"ImageObject","inLanguage":"it-IT","@id":"https:\/\/www.pressenza.com\/it\/#\/schema\/logo\/image\/","url":"https:\/\/www.pressenza.com\/wp-content\/uploads\/2022\/10\/pressenza_logo_200x200.jpg","contentUrl":"https:\/\/www.pressenza.com\/wp-content\/uploads\/2022\/10\/pressenza_logo_200x200.jpg","width":200,"height":200,"caption":"Pressenza"},"image":{"@id":"https:\/\/www.pressenza.com\/it\/#\/schema\/logo\/image\/"},"sameAs":["https:\/\/www.facebook.com\/PressenzaItalia","https:\/\/x.com\/PressenzaIPA"]},{"@type":"Person","@id":"https:\/\/www.pressenza.com\/it\/#\/schema\/person\/dd233b73788fa2d4f797777f9b6c1100","name":"Redazione Palermo","description":"News from the Pressenza Bureau in Palermo, Italy","url":"https:\/\/www.pressenza.com\/it\/author\/redazione-palermo\/"}]}},"place":"","original_article_url":"","_links":{"self":[{"href":"https:\/\/www.pressenza.com\/it\/wp-json\/wp\/v2\/posts\/2567742","targetHints":{"allow":["GET"]}}],"collection":[{"href":"https:\/\/www.pressenza.com\/it\/wp-json\/wp\/v2\/posts"}],"about":[{"href":"https:\/\/www.pressenza.com\/it\/wp-json\/wp\/v2\/types\/post"}],"author":[{"embeddable":true,"href":"https:\/\/www.pressenza.com\/it\/wp-json\/wp\/v2\/users\/1860"}],"replies":[{"embeddable":true,"href":"https:\/\/www.pressenza.com\/it\/wp-json\/wp\/v2\/comments?post=2567742"}],"version-history":[{"count":0,"href":"https:\/\/www.pressenza.com\/it\/wp-json\/wp\/v2\/posts\/2567742\/revisions"}],"wp:featuredmedia":[{"embeddable":true,"href":"https:\/\/www.pressenza.com\/it\/wp-json\/wp\/v2\/media\/1177726"}],"wp:attachment":[{"href":"https:\/\/www.pressenza.com\/it\/wp-json\/wp\/v2\/media?parent=2567742"}],"wp:term":[{"taxonomy":"category","embeddable":true,"href":"https:\/\/www.pressenza.com\/it\/wp-json\/wp\/v2\/categories?post=2567742"},{"taxonomy":"post_tag","embeddable":true,"href":"https:\/\/www.pressenza.com\/it\/wp-json\/wp\/v2\/tags?post=2567742"}],"curies":[{"name":"wp","href":"https:\/\/api.w.org\/{rel}","templated":true}]}}