{"id":2567508,"date":"2024-12-03T08:52:38","date_gmt":"2024-12-03T08:52:38","guid":{"rendered":"https:\/\/www.pressenza.com\/?p=2567508"},"modified":"2024-12-03T08:58:29","modified_gmt":"2024-12-03T08:58:29","slug":"crimini-contro-lumanita-tribunale-del-belgio-condanna-il-passato-coloniale","status":"publish","type":"post","link":"https:\/\/www.pressenza.com\/it\/2024\/12\/crimini-contro-lumanita-tribunale-del-belgio-condanna-il-passato-coloniale\/","title":{"rendered":"\u201cCrimini contro l\u2019umanit\u00e0\u201d: tribunale del Belgio condanna il passato coloniale"},"content":{"rendered":"<p>Il 2 dicembre la Corte d&#8217;Appello di Bruxelles ha riconosciuto la responsabilit\u00e0 del Belgio per i crimini contro l\u2019umanit\u00e0 di rapimento e di sistematica segregazione razziale dei bambini e delle bambine\u00a0<em>met\u00ecs<\/em>\u00a0(nate da madre congolese e padre belga) durante la colonizzazione del Congo.<\/p>\n<p>Il procedimento era stato avviato da cinque donne\u00a0<em>met\u00ecs<\/em>, nate nel Congo Belga tra il 1948 e il 1952. Come molte altre bambine nella loro stessa condizione, Marie-Jos\u00e9e Loshi, No\u00eblle Verbeken, L\u00e9a Tavares Mujinga, Simone Ngalula e Monique Bintu Bingi erano state rapite e collocate in istituti religiosi cattolici, dopo che le loro madri congolesi erano state costrette a firmare fogli incomprensibili in cui c\u2019era scritto che davano il consenso a consegnare le \u201cfiglie del peccato\u201d.<\/p>\n<p>In quegli istituti le bambine erano state forzatamente private delle loro radici e della loro identit\u00e0, per poi essere abbandonate a se stesse dopo l\u2019indipendenza del Congo.<\/p>\n<p>Nel 2018 l\u2019allora Primo Ministro belga Charles Michel aveva chiesto ufficialmente scusa e un anno dopo il Parlamento federale aveva approvato la cosiddetta \u201crisoluzione\u00a0<em>met\u00ecs<\/em>\u201d.<\/p>\n","protected":false},"excerpt":{"rendered":"<p>Il 2 dicembre la Corte d&#8217;Appello di Bruxelles ha riconosciuto la responsabilit\u00e0 del Belgio per i crimini contro l\u2019umanit\u00e0 di rapimento e di sistematica segregazione razziale dei bambini e delle bambine\u00a0met\u00ecs\u00a0(nate da madre congolese e padre belga) durante la colonizzazione&hellip;<\/p>\n","protected":false},"author":1334,"featured_media":2567512,"comment_status":"closed","ping_status":"closed","sticky":false,"template":"","format":"standard","meta":{"footnotes":""},"categories":[45,11388,60,47],"tags":[20877,98287,468,3465,9771,28571],"class_list":["post-2567508","post","type-post","status-publish","format-standard","has-post-thumbnail","hentry","category-africa-it","category-contenuti-originali","category-diritti-umani","category-europa","tag-belgio","tag-buone-nuove","tag-colonialismo","tag-congo-it","tag-crimini-contro-lumanita","tag-segregazione-razziale"],"yoast_head":"<!-- This site is optimized with the Yoast SEO plugin v27.1.1 - https:\/\/yoast.com\/product\/yoast-seo-wordpress\/ -->\n<title>\u201cCrimini contro l\u2019umanit\u00e0\u201d: tribunale del Belgio condanna il passato coloniale<\/title>\n<meta name=\"description\" content=\"Il 2 dicembre la Corte d&#039;Appello di Bruxelles ha riconosciuto la responsabilit\u00e0 del Belgio per i crimini contro l\u2019umanit\u00e0 di rapimento e di sistematica\" \/>\n<meta name=\"robots\" content=\"index, follow, max-snippet:-1, max-image-preview:large, max-video-preview:-1\" \/>\n<link rel=\"canonical\" href=\"https:\/\/www.pressenza.com\/it\/2024\/12\/crimini-contro-lumanita-tribunale-del-belgio-condanna-il-passato-coloniale\/\" \/>\n<meta property=\"og:locale\" content=\"it_IT\" \/>\n<meta property=\"og:type\" content=\"article\" \/>\n<meta property=\"og:title\" content=\"\u201cCrimini contro l\u2019umanit\u00e0\u201d: tribunale del Belgio condanna il passato coloniale\" \/>\n<meta property=\"og:description\" content=\"Il 2 dicembre la Corte d&#039;Appello di Bruxelles ha riconosciuto la responsabilit\u00e0 del Belgio per i crimini contro l\u2019umanit\u00e0 di rapimento e di sistematica\" \/>\n<meta property=\"og:url\" content=\"https:\/\/www.pressenza.com\/it\/2024\/12\/crimini-contro-lumanita-tribunale-del-belgio-condanna-il-passato-coloniale\/\" \/>\n<meta property=\"og:site_name\" content=\"Pressenza\" \/>\n<meta property=\"article:publisher\" content=\"https:\/\/www.facebook.com\/PressenzaItalia\" \/>\n<meta property=\"article:author\" content=\"https:\/\/www.facebook.com\/p\/Riccardo-Noury-100041166531808\/\" \/>\n<meta property=\"article:published_time\" content=\"2024-12-03T08:52:38+00:00\" \/>\n<meta property=\"article:modified_time\" content=\"2024-12-03T08:58:29+00:00\" \/>\n<meta property=\"og:image\" content=\"https:\/\/www.pressenza.com\/wp-content\/uploads\/2024\/12\/Leopold_II_Bruxelles-rit-1.jpg\" \/>\n\t<meta property=\"og:image:width\" content=\"1640\" \/>\n\t<meta property=\"og:image:height\" content=\"1399\" \/>\n\t<meta property=\"og:image:type\" content=\"image\/jpeg\" \/>\n<meta name=\"author\" content=\"Riccardo Noury\" \/>\n<meta name=\"twitter:card\" content=\"summary_large_image\" \/>\n<meta name=\"twitter:creator\" content=\"@riccardonoury\" \/>\n<meta name=\"twitter:site\" content=\"@PressenzaIPA\" \/>\n<meta name=\"twitter:label1\" content=\"Scritto da\" \/>\n\t<meta name=\"twitter:data1\" content=\"Riccardo Noury\" \/>\n\t<meta name=\"twitter:label2\" content=\"Tempo di lettura stimato\" \/>\n\t<meta name=\"twitter:data2\" content=\"1 minuto\" \/>\n<script type=\"application\/ld+json\" class=\"yoast-schema-graph\">{\"@context\":\"https:\/\/schema.org\",\"@graph\":[{\"@type\":\"Article\",\"@id\":\"https:\/\/www.pressenza.com\/it\/2024\/12\/crimini-contro-lumanita-tribunale-del-belgio-condanna-il-passato-coloniale\/#article\",\"isPartOf\":{\"@id\":\"https:\/\/www.pressenza.com\/it\/2024\/12\/crimini-contro-lumanita-tribunale-del-belgio-condanna-il-passato-coloniale\/\"},\"author\":{\"name\":\"Riccardo Noury\",\"@id\":\"https:\/\/www.pressenza.com\/it\/#\/schema\/person\/8f342cd59f9d5aae911255240684f81e\"},\"headline\":\"\u201cCrimini contro l\u2019umanit\u00e0\u201d: tribunale del Belgio condanna il passato coloniale\",\"datePublished\":\"2024-12-03T08:52:38+00:00\",\"dateModified\":\"2024-12-03T08:58:29+00:00\",\"mainEntityOfPage\":{\"@id\":\"https:\/\/www.pressenza.com\/it\/2024\/12\/crimini-contro-lumanita-tribunale-del-belgio-condanna-il-passato-coloniale\/\"},\"wordCount\":190,\"publisher\":{\"@id\":\"https:\/\/www.pressenza.com\/it\/#organization\"},\"image\":{\"@id\":\"https:\/\/www.pressenza.com\/it\/2024\/12\/crimini-contro-lumanita-tribunale-del-belgio-condanna-il-passato-coloniale\/#primaryimage\"},\"thumbnailUrl\":\"https:\/\/www.pressenza.com\/wp-content\/uploads\/2024\/12\/Leopold_II_Bruxelles-rit-1.jpg\",\"keywords\":[\"Belgio\",\"buone nuove\",\"colonialismo\",\"Congo\",\"crimini contro l'umanit\u00e0\",\"segregazione razziale\"],\"articleSection\":[\"Africa\",\"contenuti originali\",\"Diritti Umani\",\"Europa\"],\"inLanguage\":\"it-IT\"},{\"@type\":\"WebPage\",\"@id\":\"https:\/\/www.pressenza.com\/it\/2024\/12\/crimini-contro-lumanita-tribunale-del-belgio-condanna-il-passato-coloniale\/\",\"url\":\"https:\/\/www.pressenza.com\/it\/2024\/12\/crimini-contro-lumanita-tribunale-del-belgio-condanna-il-passato-coloniale\/\",\"name\":\"\u201cCrimini contro l\u2019umanit\u00e0\u201d: tribunale del Belgio condanna il passato coloniale\",\"isPartOf\":{\"@id\":\"https:\/\/www.pressenza.com\/it\/#website\"},\"primaryImageOfPage\":{\"@id\":\"https:\/\/www.pressenza.com\/it\/2024\/12\/crimini-contro-lumanita-tribunale-del-belgio-condanna-il-passato-coloniale\/#primaryimage\"},\"image\":{\"@id\":\"https:\/\/www.pressenza.com\/it\/2024\/12\/crimini-contro-lumanita-tribunale-del-belgio-condanna-il-passato-coloniale\/#primaryimage\"},\"thumbnailUrl\":\"https:\/\/www.pressenza.com\/wp-content\/uploads\/2024\/12\/Leopold_II_Bruxelles-rit-1.jpg\",\"datePublished\":\"2024-12-03T08:52:38+00:00\",\"dateModified\":\"2024-12-03T08:58:29+00:00\",\"description\":\"Il 2 dicembre la Corte d'Appello di Bruxelles ha riconosciuto la responsabilit\u00e0 del Belgio per i crimini contro l\u2019umanit\u00e0 di rapimento e di sistematica\",\"breadcrumb\":{\"@id\":\"https:\/\/www.pressenza.com\/it\/2024\/12\/crimini-contro-lumanita-tribunale-del-belgio-condanna-il-passato-coloniale\/#breadcrumb\"},\"inLanguage\":\"it-IT\",\"potentialAction\":[{\"@type\":\"ReadAction\",\"target\":[\"https:\/\/www.pressenza.com\/it\/2024\/12\/crimini-contro-lumanita-tribunale-del-belgio-condanna-il-passato-coloniale\/\"]}]},{\"@type\":\"ImageObject\",\"inLanguage\":\"it-IT\",\"@id\":\"https:\/\/www.pressenza.com\/it\/2024\/12\/crimini-contro-lumanita-tribunale-del-belgio-condanna-il-passato-coloniale\/#primaryimage\",\"url\":\"https:\/\/www.pressenza.com\/wp-content\/uploads\/2024\/12\/Leopold_II_Bruxelles-rit-1.jpg\",\"contentUrl\":\"https:\/\/www.pressenza.com\/wp-content\/uploads\/2024\/12\/Leopold_II_Bruxelles-rit-1.jpg\",\"width\":1640,\"height\":1399},{\"@type\":\"BreadcrumbList\",\"@id\":\"https:\/\/www.pressenza.com\/it\/2024\/12\/crimini-contro-lumanita-tribunale-del-belgio-condanna-il-passato-coloniale\/#breadcrumb\",\"itemListElement\":[{\"@type\":\"ListItem\",\"position\":1,\"name\":\"Accueil\",\"item\":\"https:\/\/www.pressenza.com\/it\/\"},{\"@type\":\"ListItem\",\"position\":2,\"name\":\"\u201cCrimini contro l\u2019umanit\u00e0\u201d: tribunale del Belgio condanna il passato coloniale\"}]},{\"@type\":\"WebSite\",\"@id\":\"https:\/\/www.pressenza.com\/it\/#website\",\"url\":\"https:\/\/www.pressenza.com\/it\/\",\"name\":\"Pressenza\",\"description\":\"Agenzia di Stampa Internazionale\",\"publisher\":{\"@id\":\"https:\/\/www.pressenza.com\/it\/#organization\"},\"potentialAction\":[{\"@type\":\"SearchAction\",\"target\":{\"@type\":\"EntryPoint\",\"urlTemplate\":\"https:\/\/www.pressenza.com\/it\/?s={search_term_string}\"},\"query-input\":{\"@type\":\"PropertyValueSpecification\",\"valueRequired\":true,\"valueName\":\"search_term_string\"}}],\"inLanguage\":\"it-IT\"},{\"@type\":\"Organization\",\"@id\":\"https:\/\/www.pressenza.com\/it\/#organization\",\"name\":\"Pressenza\",\"url\":\"https:\/\/www.pressenza.com\/it\/\",\"logo\":{\"@type\":\"ImageObject\",\"inLanguage\":\"it-IT\",\"@id\":\"https:\/\/www.pressenza.com\/it\/#\/schema\/logo\/image\/\",\"url\":\"https:\/\/www.pressenza.com\/wp-content\/uploads\/2022\/10\/pressenza_logo_200x200.jpg\",\"contentUrl\":\"https:\/\/www.pressenza.com\/wp-content\/uploads\/2022\/10\/pressenza_logo_200x200.jpg\",\"width\":200,\"height\":200,\"caption\":\"Pressenza\"},\"image\":{\"@id\":\"https:\/\/www.pressenza.com\/it\/#\/schema\/logo\/image\/\"},\"sameAs\":[\"https:\/\/www.facebook.com\/PressenzaItalia\",\"https:\/\/x.com\/PressenzaIPA\"]},{\"@type\":\"Person\",\"@id\":\"https:\/\/www.pressenza.com\/it\/#\/schema\/person\/8f342cd59f9d5aae911255240684f81e\",\"name\":\"Riccardo Noury\",\"sameAs\":[\"http:\/\/www.amnesty.it\/\",\"https:\/\/www.facebook.com\/p\/Riccardo-Noury-100041166531808\/\",\"https:\/\/www.instagram.com\/riccardonoury9241\",\"https:\/\/x.com\/riccardonoury\"],\"url\":\"https:\/\/www.pressenza.com\/it\/author\/riccardo-noury\/\"}]}<\/script>\n<!-- \/ Yoast SEO plugin. -->","yoast_head_json":{"title":"\u201cCrimini contro l\u2019umanit\u00e0\u201d: tribunale del Belgio condanna il passato coloniale","description":"Il 2 dicembre la Corte d'Appello di Bruxelles ha riconosciuto la responsabilit\u00e0 del Belgio per i crimini contro l\u2019umanit\u00e0 di rapimento e di sistematica","robots":{"index":"index","follow":"follow","max-snippet":"max-snippet:-1","max-image-preview":"max-image-preview:large","max-video-preview":"max-video-preview:-1"},"canonical":"https:\/\/www.pressenza.com\/it\/2024\/12\/crimini-contro-lumanita-tribunale-del-belgio-condanna-il-passato-coloniale\/","og_locale":"it_IT","og_type":"article","og_title":"\u201cCrimini contro l\u2019umanit\u00e0\u201d: tribunale del Belgio condanna il passato coloniale","og_description":"Il 2 dicembre la Corte d'Appello di Bruxelles ha riconosciuto la responsabilit\u00e0 del Belgio per i crimini contro l\u2019umanit\u00e0 di rapimento e di sistematica","og_url":"https:\/\/www.pressenza.com\/it\/2024\/12\/crimini-contro-lumanita-tribunale-del-belgio-condanna-il-passato-coloniale\/","og_site_name":"Pressenza","article_publisher":"https:\/\/www.facebook.com\/PressenzaItalia","article_author":"https:\/\/www.facebook.com\/p\/Riccardo-Noury-100041166531808\/","article_published_time":"2024-12-03T08:52:38+00:00","article_modified_time":"2024-12-03T08:58:29+00:00","og_image":[{"width":1640,"height":1399,"url":"https:\/\/www.pressenza.com\/wp-content\/uploads\/2024\/12\/Leopold_II_Bruxelles-rit-1.jpg","type":"image\/jpeg"}],"author":"Riccardo Noury","twitter_card":"summary_large_image","twitter_creator":"@riccardonoury","twitter_site":"@PressenzaIPA","twitter_misc":{"Scritto da":"Riccardo Noury","Tempo di lettura stimato":"1 minuto"},"schema":{"@context":"https:\/\/schema.org","@graph":[{"@type":"Article","@id":"https:\/\/www.pressenza.com\/it\/2024\/12\/crimini-contro-lumanita-tribunale-del-belgio-condanna-il-passato-coloniale\/#article","isPartOf":{"@id":"https:\/\/www.pressenza.com\/it\/2024\/12\/crimini-contro-lumanita-tribunale-del-belgio-condanna-il-passato-coloniale\/"},"author":{"name":"Riccardo Noury","@id":"https:\/\/www.pressenza.com\/it\/#\/schema\/person\/8f342cd59f9d5aae911255240684f81e"},"headline":"\u201cCrimini contro l\u2019umanit\u00e0\u201d: tribunale del Belgio condanna il passato coloniale","datePublished":"2024-12-03T08:52:38+00:00","dateModified":"2024-12-03T08:58:29+00:00","mainEntityOfPage":{"@id":"https:\/\/www.pressenza.com\/it\/2024\/12\/crimini-contro-lumanita-tribunale-del-belgio-condanna-il-passato-coloniale\/"},"wordCount":190,"publisher":{"@id":"https:\/\/www.pressenza.com\/it\/#organization"},"image":{"@id":"https:\/\/www.pressenza.com\/it\/2024\/12\/crimini-contro-lumanita-tribunale-del-belgio-condanna-il-passato-coloniale\/#primaryimage"},"thumbnailUrl":"https:\/\/www.pressenza.com\/wp-content\/uploads\/2024\/12\/Leopold_II_Bruxelles-rit-1.jpg","keywords":["Belgio","buone nuove","colonialismo","Congo","crimini contro l'umanit\u00e0","segregazione razziale"],"articleSection":["Africa","contenuti originali","Diritti Umani","Europa"],"inLanguage":"it-IT"},{"@type":"WebPage","@id":"https:\/\/www.pressenza.com\/it\/2024\/12\/crimini-contro-lumanita-tribunale-del-belgio-condanna-il-passato-coloniale\/","url":"https:\/\/www.pressenza.com\/it\/2024\/12\/crimini-contro-lumanita-tribunale-del-belgio-condanna-il-passato-coloniale\/","name":"\u201cCrimini contro l\u2019umanit\u00e0\u201d: tribunale del Belgio condanna il passato coloniale","isPartOf":{"@id":"https:\/\/www.pressenza.com\/it\/#website"},"primaryImageOfPage":{"@id":"https:\/\/www.pressenza.com\/it\/2024\/12\/crimini-contro-lumanita-tribunale-del-belgio-condanna-il-passato-coloniale\/#primaryimage"},"image":{"@id":"https:\/\/www.pressenza.com\/it\/2024\/12\/crimini-contro-lumanita-tribunale-del-belgio-condanna-il-passato-coloniale\/#primaryimage"},"thumbnailUrl":"https:\/\/www.pressenza.com\/wp-content\/uploads\/2024\/12\/Leopold_II_Bruxelles-rit-1.jpg","datePublished":"2024-12-03T08:52:38+00:00","dateModified":"2024-12-03T08:58:29+00:00","description":"Il 2 dicembre la Corte d'Appello di Bruxelles ha riconosciuto la responsabilit\u00e0 del Belgio per i crimini contro l\u2019umanit\u00e0 di rapimento e di sistematica","breadcrumb":{"@id":"https:\/\/www.pressenza.com\/it\/2024\/12\/crimini-contro-lumanita-tribunale-del-belgio-condanna-il-passato-coloniale\/#breadcrumb"},"inLanguage":"it-IT","potentialAction":[{"@type":"ReadAction","target":["https:\/\/www.pressenza.com\/it\/2024\/12\/crimini-contro-lumanita-tribunale-del-belgio-condanna-il-passato-coloniale\/"]}]},{"@type":"ImageObject","inLanguage":"it-IT","@id":"https:\/\/www.pressenza.com\/it\/2024\/12\/crimini-contro-lumanita-tribunale-del-belgio-condanna-il-passato-coloniale\/#primaryimage","url":"https:\/\/www.pressenza.com\/wp-content\/uploads\/2024\/12\/Leopold_II_Bruxelles-rit-1.jpg","contentUrl":"https:\/\/www.pressenza.com\/wp-content\/uploads\/2024\/12\/Leopold_II_Bruxelles-rit-1.jpg","width":1640,"height":1399},{"@type":"BreadcrumbList","@id":"https:\/\/www.pressenza.com\/it\/2024\/12\/crimini-contro-lumanita-tribunale-del-belgio-condanna-il-passato-coloniale\/#breadcrumb","itemListElement":[{"@type":"ListItem","position":1,"name":"Accueil","item":"https:\/\/www.pressenza.com\/it\/"},{"@type":"ListItem","position":2,"name":"\u201cCrimini contro l\u2019umanit\u00e0\u201d: tribunale del Belgio condanna il passato coloniale"}]},{"@type":"WebSite","@id":"https:\/\/www.pressenza.com\/it\/#website","url":"https:\/\/www.pressenza.com\/it\/","name":"Pressenza","description":"Agenzia di Stampa Internazionale","publisher":{"@id":"https:\/\/www.pressenza.com\/it\/#organization"},"potentialAction":[{"@type":"SearchAction","target":{"@type":"EntryPoint","urlTemplate":"https:\/\/www.pressenza.com\/it\/?s={search_term_string}"},"query-input":{"@type":"PropertyValueSpecification","valueRequired":true,"valueName":"search_term_string"}}],"inLanguage":"it-IT"},{"@type":"Organization","@id":"https:\/\/www.pressenza.com\/it\/#organization","name":"Pressenza","url":"https:\/\/www.pressenza.com\/it\/","logo":{"@type":"ImageObject","inLanguage":"it-IT","@id":"https:\/\/www.pressenza.com\/it\/#\/schema\/logo\/image\/","url":"https:\/\/www.pressenza.com\/wp-content\/uploads\/2022\/10\/pressenza_logo_200x200.jpg","contentUrl":"https:\/\/www.pressenza.com\/wp-content\/uploads\/2022\/10\/pressenza_logo_200x200.jpg","width":200,"height":200,"caption":"Pressenza"},"image":{"@id":"https:\/\/www.pressenza.com\/it\/#\/schema\/logo\/image\/"},"sameAs":["https:\/\/www.facebook.com\/PressenzaItalia","https:\/\/x.com\/PressenzaIPA"]},{"@type":"Person","@id":"https:\/\/www.pressenza.com\/it\/#\/schema\/person\/8f342cd59f9d5aae911255240684f81e","name":"Riccardo Noury","sameAs":["http:\/\/www.amnesty.it\/","https:\/\/www.facebook.com\/p\/Riccardo-Noury-100041166531808\/","https:\/\/www.instagram.com\/riccardonoury9241","https:\/\/x.com\/riccardonoury"],"url":"https:\/\/www.pressenza.com\/it\/author\/riccardo-noury\/"}]}},"place":"","original_article_url":"","_links":{"self":[{"href":"https:\/\/www.pressenza.com\/it\/wp-json\/wp\/v2\/posts\/2567508","targetHints":{"allow":["GET"]}}],"collection":[{"href":"https:\/\/www.pressenza.com\/it\/wp-json\/wp\/v2\/posts"}],"about":[{"href":"https:\/\/www.pressenza.com\/it\/wp-json\/wp\/v2\/types\/post"}],"author":[{"embeddable":true,"href":"https:\/\/www.pressenza.com\/it\/wp-json\/wp\/v2\/users\/1334"}],"replies":[{"embeddable":true,"href":"https:\/\/www.pressenza.com\/it\/wp-json\/wp\/v2\/comments?post=2567508"}],"version-history":[{"count":0,"href":"https:\/\/www.pressenza.com\/it\/wp-json\/wp\/v2\/posts\/2567508\/revisions"}],"wp:featuredmedia":[{"embeddable":true,"href":"https:\/\/www.pressenza.com\/it\/wp-json\/wp\/v2\/media\/2567512"}],"wp:attachment":[{"href":"https:\/\/www.pressenza.com\/it\/wp-json\/wp\/v2\/media?parent=2567508"}],"wp:term":[{"taxonomy":"category","embeddable":true,"href":"https:\/\/www.pressenza.com\/it\/wp-json\/wp\/v2\/categories?post=2567508"},{"taxonomy":"post_tag","embeddable":true,"href":"https:\/\/www.pressenza.com\/it\/wp-json\/wp\/v2\/tags?post=2567508"}],"curies":[{"name":"wp","href":"https:\/\/api.w.org\/{rel}","templated":true}]}}