{"id":2567304,"date":"2024-12-02T07:27:51","date_gmt":"2024-12-02T07:27:51","guid":{"rendered":"https:\/\/www.pressenza.com\/?p=2567304"},"modified":"2024-12-03T16:33:40","modified_gmt":"2024-12-03T16:33:40","slug":"contro-elon-mask","status":"publish","type":"post","link":"https:\/\/www.pressenza.com\/it\/2024\/12\/contro-elon-mask\/","title":{"rendered":"Contro Elon Mask"},"content":{"rendered":"<p>Un approfondimento tratto dal blog di Giancarla Codrignani<\/p>\n<p><a href=\"https:\/\/vorreicapire.it\/\">https:\/\/vorreicapire.it\/<\/a><\/p>\n<p>CONTRO ELON MASK<\/p>\n<p>Un\u2019analisi condotta in nove Paesi, tra cui l\u2019Italia, rivela che le dinamiche politiche su X (gi\u00e0 Twitter) sono strutturalmente polarizzate.<\/p>\n<p>Walter Quattrociocchi, coautore dello studio, spiega come la tossicit\u00e0 nelle interazioni tra opposti e la struttura comune delle reti politiche riflettano modelli universali.<\/p>\n<p>Strategia e consapevolezza possono mitigare questi effetti<\/p>\n<p>In termini di interazione sui social \u201cnon ci sono differenze sostanziali\u201d tra diversi Paesi: \u201cla polarizzazione \u00e8 il motore del dibattito in un ambiente che punta all\u2019intrattenimento\u201d.<\/p>\n<p>A parlare a Formiche.net \u00e8 Walter Quattrociocchi, professore di informatica all\u2019Universit\u00e0 Sapienza di Roma, dove dirige il Center for Data Science and Complexity for Society.<\/p>\n<p>\u00c8 coautore di un recente studio pubblicato su Nature Communications, intitolato \u201cPatterns of partisan toxicity and engagement reveal the common structure of online political communication across countries\u201d.<\/p>\n<p>L\u2019analisi si sofferma sulle dinamiche di polarizzazione politica su Twitter (ora X) in nove Paesi: Canada, Francia, Germania, Italia, Polonia, Spagna, Turchia, Regno Unito e Stati Uniti.<\/p>\n<p>Quattro i risultati principali.<\/p>\n<p>Il primo riguarda la polarizzazione strutturale dei network: le interazioni politiche, infatti, sono strutturalmente polarizzate, con una chiara divisione tra i gruppi politici di sinistra e destra.<\/p>\n<p>La seconda \u00e8 rappresentata dalla maggiore tossicit\u00e0 nelle interazioni fuori gruppo: le interazioni tra utenti di ideologie opposte risultano essere significativamente pi\u00f9 tossiche rispetto a quelle tra utenti dello stesso schieramento, un segno di \u201cpolarizzazione affettiva\u201d che si manifesta in tutti i Paesi esaminati.<\/p>\n<p>La terza riguarda un fenomeno particolare, ovvero il minor engagement per le interazioni tossiche e fuori gruppo: le interazioni tossiche o con utenti \u201cfuori gruppo\u201d ricevono meno interazioni rispetto a quelle pi\u00f9 moderate o \u201cin gruppo\u201d, suggerendo che, nonostante il focus mediatico sui conflitti, le conversazioni civili tendono ad avere un impatto maggiore.<\/p>\n<p>La quarta e ultima vede uno schema comune di alleanze e opposizioni: gli autori hanno identificato, infatti, una struttura comune tra gli utenti politicamente impegnati, che si ripete nei diversi Paesi; una sorta di schema alleato-nemico che evidenzia come le dinamiche della polarizzazione politica abbiano tratti universali.<\/p>\n<p>\u201cLa nostra ricerca sottolinea l\u2019importanza di affrontare la polarizzazione con strategie basate sui dati, che possano supportare un dialogo pi\u00f9 costruttivo e inclusivo\u201d, spiega Quattrociocchi indicando nel \u201cprebunking\u201d una possibile soluzione, senza la pretesa di disporre di una bacchetta magica.<\/p>\n<p>\u201cServe creare consapevolezza sugli utenti sul nuovo sistema informativo che viviamo\u201d, dice.<\/p>\n<p>In un ambiente \u201ctalmente tanto entropico\u201d Quattrociocchi non crede possibile l\u2019esistenza di un deus ex machina in grado di ingegnerizzare la disinformazione.<\/p>\n<p>Attori come la Russia possono provarci, ma \u201cl\u2019outreach rimane limitato alla loro bolla\u201d e anche le minoranze rumorose hanno un \u201cimpatto limitato\u201d, spiega.<\/p>\n","protected":false},"excerpt":{"rendered":"<p>Un approfondimento tratto dal blog di Giancarla Codrignani https:\/\/vorreicapire.it\/ CONTRO ELON MASK Un\u2019analisi condotta in nove Paesi, tra cui l\u2019Italia, rivela che le dinamiche politiche su X (gi\u00e0 Twitter) sono strutturalmente polarizzate. Walter Quattrociocchi, coautore dello studio, spiega come la&hellip;<\/p>\n","protected":false},"author":594,"featured_media":2567620,"comment_status":"closed","ping_status":"closed","sticky":false,"template":"","format":"standard","meta":{"footnotes":""},"categories":[150,56,496],"tags":[3115,129856,129857],"class_list":["post-2567304","post","type-post","status-publish","format-standard","has-post-thumbnail","hentry","category-comunicati-stampa","category-cultura","category-scienza-tecnologia","tag-disinformazione","tag-elon-mask","tag-x-it"],"yoast_head":"<!-- This site is optimized with the Yoast SEO plugin v27.1.1 - https:\/\/yoast.com\/product\/yoast-seo-wordpress\/ -->\n<title>Contro Elon Mask<\/title>\n<meta name=\"description\" content=\"Un approfondimento tratto dal blog di Giancarla Codrignani https:\/\/vorreicapire.it\/ CONTRO ELON MASK Un\u2019analisi condotta in nove Paesi, tra cui l\u2019Italia,\" \/>\n<meta name=\"robots\" content=\"index, follow, max-snippet:-1, max-image-preview:large, max-video-preview:-1\" \/>\n<link rel=\"canonical\" href=\"https:\/\/www.pressenza.com\/it\/2024\/12\/contro-elon-mask\/\" \/>\n<meta property=\"og:locale\" content=\"it_IT\" \/>\n<meta property=\"og:type\" content=\"article\" \/>\n<meta property=\"og:title\" content=\"Contro Elon Mask\" \/>\n<meta property=\"og:description\" content=\"Un approfondimento tratto dal blog di Giancarla Codrignani https:\/\/vorreicapire.it\/ CONTRO ELON MASK Un\u2019analisi condotta in nove Paesi, tra cui l\u2019Italia,\" \/>\n<meta property=\"og:url\" content=\"https:\/\/www.pressenza.com\/it\/2024\/12\/contro-elon-mask\/\" \/>\n<meta property=\"og:site_name\" content=\"Pressenza\" \/>\n<meta property=\"article:publisher\" content=\"https:\/\/www.facebook.com\/PressenzaItalia\" \/>\n<meta property=\"article:author\" content=\"https:\/\/www.facebook.com\/PressenzaItalia\" \/>\n<meta property=\"article:published_time\" content=\"2024-12-02T07:27:51+00:00\" \/>\n<meta property=\"article:modified_time\" content=\"2024-12-03T16:33:40+00:00\" \/>\n<meta property=\"og:image\" content=\"https:\/\/www.pressenza.com\/wp-content\/uploads\/2024\/12\/mask_rit2.jpg\" \/>\n\t<meta property=\"og:image:width\" content=\"430\" \/>\n\t<meta property=\"og:image:height\" content=\"446\" \/>\n\t<meta property=\"og:image:type\" content=\"image\/jpeg\" \/>\n<meta name=\"author\" content=\"Redazione Italia\" \/>\n<meta name=\"twitter:card\" content=\"summary_large_image\" \/>\n<meta name=\"twitter:creator\" content=\"@pressenza_it\" \/>\n<meta name=\"twitter:site\" content=\"@PressenzaIPA\" \/>\n<meta name=\"twitter:label1\" content=\"Scritto da\" \/>\n\t<meta name=\"twitter:data1\" content=\"Redazione Italia\" \/>\n\t<meta name=\"twitter:label2\" content=\"Tempo di lettura stimato\" \/>\n\t<meta name=\"twitter:data2\" content=\"3 minuti\" \/>\n<script type=\"application\/ld+json\" class=\"yoast-schema-graph\">{\"@context\":\"https:\/\/schema.org\",\"@graph\":[{\"@type\":\"Article\",\"@id\":\"https:\/\/www.pressenza.com\/it\/2024\/12\/contro-elon-mask\/#article\",\"isPartOf\":{\"@id\":\"https:\/\/www.pressenza.com\/it\/2024\/12\/contro-elon-mask\/\"},\"author\":{\"name\":\"Redazione Italia\",\"@id\":\"https:\/\/www.pressenza.com\/it\/#\/schema\/person\/d983e81827ae24f2c7b1a2123d197f8d\"},\"headline\":\"Contro Elon Mask\",\"datePublished\":\"2024-12-02T07:27:51+00:00\",\"dateModified\":\"2024-12-03T16:33:40+00:00\",\"mainEntityOfPage\":{\"@id\":\"https:\/\/www.pressenza.com\/it\/2024\/12\/contro-elon-mask\/\"},\"wordCount\":450,\"publisher\":{\"@id\":\"https:\/\/www.pressenza.com\/it\/#organization\"},\"image\":{\"@id\":\"https:\/\/www.pressenza.com\/it\/2024\/12\/contro-elon-mask\/#primaryimage\"},\"thumbnailUrl\":\"https:\/\/www.pressenza.com\/wp-content\/uploads\/2024\/12\/mask_rit2.jpg\",\"keywords\":[\"disinformazione\",\"Elon Mask\",\"x\"],\"articleSection\":[\"Comunicati Stampa\",\"Cultura e Media\",\"Scienza e Tecnologia\"],\"inLanguage\":\"it-IT\"},{\"@type\":\"WebPage\",\"@id\":\"https:\/\/www.pressenza.com\/it\/2024\/12\/contro-elon-mask\/\",\"url\":\"https:\/\/www.pressenza.com\/it\/2024\/12\/contro-elon-mask\/\",\"name\":\"Contro Elon Mask\",\"isPartOf\":{\"@id\":\"https:\/\/www.pressenza.com\/it\/#website\"},\"primaryImageOfPage\":{\"@id\":\"https:\/\/www.pressenza.com\/it\/2024\/12\/contro-elon-mask\/#primaryimage\"},\"image\":{\"@id\":\"https:\/\/www.pressenza.com\/it\/2024\/12\/contro-elon-mask\/#primaryimage\"},\"thumbnailUrl\":\"https:\/\/www.pressenza.com\/wp-content\/uploads\/2024\/12\/mask_rit2.jpg\",\"datePublished\":\"2024-12-02T07:27:51+00:00\",\"dateModified\":\"2024-12-03T16:33:40+00:00\",\"description\":\"Un approfondimento tratto dal blog di Giancarla Codrignani https:\/\/vorreicapire.it\/ CONTRO ELON MASK Un\u2019analisi condotta in nove Paesi, tra cui l\u2019Italia,\",\"breadcrumb\":{\"@id\":\"https:\/\/www.pressenza.com\/it\/2024\/12\/contro-elon-mask\/#breadcrumb\"},\"inLanguage\":\"it-IT\",\"potentialAction\":[{\"@type\":\"ReadAction\",\"target\":[\"https:\/\/www.pressenza.com\/it\/2024\/12\/contro-elon-mask\/\"]}]},{\"@type\":\"ImageObject\",\"inLanguage\":\"it-IT\",\"@id\":\"https:\/\/www.pressenza.com\/it\/2024\/12\/contro-elon-mask\/#primaryimage\",\"url\":\"https:\/\/www.pressenza.com\/wp-content\/uploads\/2024\/12\/mask_rit2.jpg\",\"contentUrl\":\"https:\/\/www.pressenza.com\/wp-content\/uploads\/2024\/12\/mask_rit2.jpg\",\"width\":430,\"height\":446},{\"@type\":\"BreadcrumbList\",\"@id\":\"https:\/\/www.pressenza.com\/it\/2024\/12\/contro-elon-mask\/#breadcrumb\",\"itemListElement\":[{\"@type\":\"ListItem\",\"position\":1,\"name\":\"Accueil\",\"item\":\"https:\/\/www.pressenza.com\/it\/\"},{\"@type\":\"ListItem\",\"position\":2,\"name\":\"Contro Elon Mask\"}]},{\"@type\":\"WebSite\",\"@id\":\"https:\/\/www.pressenza.com\/it\/#website\",\"url\":\"https:\/\/www.pressenza.com\/it\/\",\"name\":\"Pressenza\",\"description\":\"Agenzia di Stampa Internazionale\",\"publisher\":{\"@id\":\"https:\/\/www.pressenza.com\/it\/#organization\"},\"potentialAction\":[{\"@type\":\"SearchAction\",\"target\":{\"@type\":\"EntryPoint\",\"urlTemplate\":\"https:\/\/www.pressenza.com\/it\/?s={search_term_string}\"},\"query-input\":{\"@type\":\"PropertyValueSpecification\",\"valueRequired\":true,\"valueName\":\"search_term_string\"}}],\"inLanguage\":\"it-IT\"},{\"@type\":\"Organization\",\"@id\":\"https:\/\/www.pressenza.com\/it\/#organization\",\"name\":\"Pressenza\",\"url\":\"https:\/\/www.pressenza.com\/it\/\",\"logo\":{\"@type\":\"ImageObject\",\"inLanguage\":\"it-IT\",\"@id\":\"https:\/\/www.pressenza.com\/it\/#\/schema\/logo\/image\/\",\"url\":\"https:\/\/www.pressenza.com\/wp-content\/uploads\/2022\/10\/pressenza_logo_200x200.jpg\",\"contentUrl\":\"https:\/\/www.pressenza.com\/wp-content\/uploads\/2022\/10\/pressenza_logo_200x200.jpg\",\"width\":200,\"height\":200,\"caption\":\"Pressenza\"},\"image\":{\"@id\":\"https:\/\/www.pressenza.com\/it\/#\/schema\/logo\/image\/\"},\"sameAs\":[\"https:\/\/www.facebook.com\/PressenzaItalia\",\"https:\/\/x.com\/PressenzaIPA\"]},{\"@type\":\"Person\",\"@id\":\"https:\/\/www.pressenza.com\/it\/#\/schema\/person\/d983e81827ae24f2c7b1a2123d197f8d\",\"name\":\"Redazione Italia\",\"description\":\"News from the Pressenza Bureau in Italy\",\"sameAs\":[\"https:\/\/www.pressenza.com\/it\/author\/redazione-italia\/\",\"https:\/\/www.facebook.com\/PressenzaItalia\",\"https:\/\/www.instagram.com\/pressenza_italia\/\",\"https:\/\/x.com\/pressenza_it\",\"https:\/\/www.youtube.com\/channel\/UCSalEIWjE1RSxkwjfftFuqg\"],\"url\":\"https:\/\/www.pressenza.com\/it\/author\/redazione-italia\/\"}]}<\/script>\n<!-- \/ Yoast SEO plugin. -->","yoast_head_json":{"title":"Contro Elon Mask","description":"Un approfondimento tratto dal blog di Giancarla Codrignani https:\/\/vorreicapire.it\/ CONTRO ELON MASK Un\u2019analisi condotta in nove Paesi, tra cui l\u2019Italia,","robots":{"index":"index","follow":"follow","max-snippet":"max-snippet:-1","max-image-preview":"max-image-preview:large","max-video-preview":"max-video-preview:-1"},"canonical":"https:\/\/www.pressenza.com\/it\/2024\/12\/contro-elon-mask\/","og_locale":"it_IT","og_type":"article","og_title":"Contro Elon Mask","og_description":"Un approfondimento tratto dal blog di Giancarla Codrignani https:\/\/vorreicapire.it\/ CONTRO ELON MASK Un\u2019analisi condotta in nove Paesi, tra cui l\u2019Italia,","og_url":"https:\/\/www.pressenza.com\/it\/2024\/12\/contro-elon-mask\/","og_site_name":"Pressenza","article_publisher":"https:\/\/www.facebook.com\/PressenzaItalia","article_author":"https:\/\/www.facebook.com\/PressenzaItalia","article_published_time":"2024-12-02T07:27:51+00:00","article_modified_time":"2024-12-03T16:33:40+00:00","og_image":[{"width":430,"height":446,"url":"https:\/\/www.pressenza.com\/wp-content\/uploads\/2024\/12\/mask_rit2.jpg","type":"image\/jpeg"}],"author":"Redazione Italia","twitter_card":"summary_large_image","twitter_creator":"@pressenza_it","twitter_site":"@PressenzaIPA","twitter_misc":{"Scritto da":"Redazione Italia","Tempo di lettura stimato":"3 minuti"},"schema":{"@context":"https:\/\/schema.org","@graph":[{"@type":"Article","@id":"https:\/\/www.pressenza.com\/it\/2024\/12\/contro-elon-mask\/#article","isPartOf":{"@id":"https:\/\/www.pressenza.com\/it\/2024\/12\/contro-elon-mask\/"},"author":{"name":"Redazione Italia","@id":"https:\/\/www.pressenza.com\/it\/#\/schema\/person\/d983e81827ae24f2c7b1a2123d197f8d"},"headline":"Contro Elon Mask","datePublished":"2024-12-02T07:27:51+00:00","dateModified":"2024-12-03T16:33:40+00:00","mainEntityOfPage":{"@id":"https:\/\/www.pressenza.com\/it\/2024\/12\/contro-elon-mask\/"},"wordCount":450,"publisher":{"@id":"https:\/\/www.pressenza.com\/it\/#organization"},"image":{"@id":"https:\/\/www.pressenza.com\/it\/2024\/12\/contro-elon-mask\/#primaryimage"},"thumbnailUrl":"https:\/\/www.pressenza.com\/wp-content\/uploads\/2024\/12\/mask_rit2.jpg","keywords":["disinformazione","Elon Mask","x"],"articleSection":["Comunicati Stampa","Cultura e Media","Scienza e Tecnologia"],"inLanguage":"it-IT"},{"@type":"WebPage","@id":"https:\/\/www.pressenza.com\/it\/2024\/12\/contro-elon-mask\/","url":"https:\/\/www.pressenza.com\/it\/2024\/12\/contro-elon-mask\/","name":"Contro Elon Mask","isPartOf":{"@id":"https:\/\/www.pressenza.com\/it\/#website"},"primaryImageOfPage":{"@id":"https:\/\/www.pressenza.com\/it\/2024\/12\/contro-elon-mask\/#primaryimage"},"image":{"@id":"https:\/\/www.pressenza.com\/it\/2024\/12\/contro-elon-mask\/#primaryimage"},"thumbnailUrl":"https:\/\/www.pressenza.com\/wp-content\/uploads\/2024\/12\/mask_rit2.jpg","datePublished":"2024-12-02T07:27:51+00:00","dateModified":"2024-12-03T16:33:40+00:00","description":"Un approfondimento tratto dal blog di Giancarla Codrignani https:\/\/vorreicapire.it\/ CONTRO ELON MASK Un\u2019analisi condotta in nove Paesi, tra cui l\u2019Italia,","breadcrumb":{"@id":"https:\/\/www.pressenza.com\/it\/2024\/12\/contro-elon-mask\/#breadcrumb"},"inLanguage":"it-IT","potentialAction":[{"@type":"ReadAction","target":["https:\/\/www.pressenza.com\/it\/2024\/12\/contro-elon-mask\/"]}]},{"@type":"ImageObject","inLanguage":"it-IT","@id":"https:\/\/www.pressenza.com\/it\/2024\/12\/contro-elon-mask\/#primaryimage","url":"https:\/\/www.pressenza.com\/wp-content\/uploads\/2024\/12\/mask_rit2.jpg","contentUrl":"https:\/\/www.pressenza.com\/wp-content\/uploads\/2024\/12\/mask_rit2.jpg","width":430,"height":446},{"@type":"BreadcrumbList","@id":"https:\/\/www.pressenza.com\/it\/2024\/12\/contro-elon-mask\/#breadcrumb","itemListElement":[{"@type":"ListItem","position":1,"name":"Accueil","item":"https:\/\/www.pressenza.com\/it\/"},{"@type":"ListItem","position":2,"name":"Contro Elon Mask"}]},{"@type":"WebSite","@id":"https:\/\/www.pressenza.com\/it\/#website","url":"https:\/\/www.pressenza.com\/it\/","name":"Pressenza","description":"Agenzia di Stampa Internazionale","publisher":{"@id":"https:\/\/www.pressenza.com\/it\/#organization"},"potentialAction":[{"@type":"SearchAction","target":{"@type":"EntryPoint","urlTemplate":"https:\/\/www.pressenza.com\/it\/?s={search_term_string}"},"query-input":{"@type":"PropertyValueSpecification","valueRequired":true,"valueName":"search_term_string"}}],"inLanguage":"it-IT"},{"@type":"Organization","@id":"https:\/\/www.pressenza.com\/it\/#organization","name":"Pressenza","url":"https:\/\/www.pressenza.com\/it\/","logo":{"@type":"ImageObject","inLanguage":"it-IT","@id":"https:\/\/www.pressenza.com\/it\/#\/schema\/logo\/image\/","url":"https:\/\/www.pressenza.com\/wp-content\/uploads\/2022\/10\/pressenza_logo_200x200.jpg","contentUrl":"https:\/\/www.pressenza.com\/wp-content\/uploads\/2022\/10\/pressenza_logo_200x200.jpg","width":200,"height":200,"caption":"Pressenza"},"image":{"@id":"https:\/\/www.pressenza.com\/it\/#\/schema\/logo\/image\/"},"sameAs":["https:\/\/www.facebook.com\/PressenzaItalia","https:\/\/x.com\/PressenzaIPA"]},{"@type":"Person","@id":"https:\/\/www.pressenza.com\/it\/#\/schema\/person\/d983e81827ae24f2c7b1a2123d197f8d","name":"Redazione Italia","description":"News from the Pressenza Bureau in Italy","sameAs":["https:\/\/www.pressenza.com\/it\/author\/redazione-italia\/","https:\/\/www.facebook.com\/PressenzaItalia","https:\/\/www.instagram.com\/pressenza_italia\/","https:\/\/x.com\/pressenza_it","https:\/\/www.youtube.com\/channel\/UCSalEIWjE1RSxkwjfftFuqg"],"url":"https:\/\/www.pressenza.com\/it\/author\/redazione-italia\/"}]}},"place":"","original_article_url":"","_links":{"self":[{"href":"https:\/\/www.pressenza.com\/it\/wp-json\/wp\/v2\/posts\/2567304","targetHints":{"allow":["GET"]}}],"collection":[{"href":"https:\/\/www.pressenza.com\/it\/wp-json\/wp\/v2\/posts"}],"about":[{"href":"https:\/\/www.pressenza.com\/it\/wp-json\/wp\/v2\/types\/post"}],"author":[{"embeddable":true,"href":"https:\/\/www.pressenza.com\/it\/wp-json\/wp\/v2\/users\/594"}],"replies":[{"embeddable":true,"href":"https:\/\/www.pressenza.com\/it\/wp-json\/wp\/v2\/comments?post=2567304"}],"version-history":[{"count":0,"href":"https:\/\/www.pressenza.com\/it\/wp-json\/wp\/v2\/posts\/2567304\/revisions"}],"wp:featuredmedia":[{"embeddable":true,"href":"https:\/\/www.pressenza.com\/it\/wp-json\/wp\/v2\/media\/2567620"}],"wp:attachment":[{"href":"https:\/\/www.pressenza.com\/it\/wp-json\/wp\/v2\/media?parent=2567304"}],"wp:term":[{"taxonomy":"category","embeddable":true,"href":"https:\/\/www.pressenza.com\/it\/wp-json\/wp\/v2\/categories?post=2567304"},{"taxonomy":"post_tag","embeddable":true,"href":"https:\/\/www.pressenza.com\/it\/wp-json\/wp\/v2\/tags?post=2567304"}],"curies":[{"name":"wp","href":"https:\/\/api.w.org\/{rel}","templated":true}]}}