{"id":2564989,"date":"2024-11-23T20:11:31","date_gmt":"2024-11-23T20:11:31","guid":{"rendered":"https:\/\/www.pressenza.com\/?p=2564989"},"modified":"2024-11-24T11:23:08","modified_gmt":"2024-11-24T11:23:08","slug":"pace-e-nonviolenza-testimonianze-comunicazione-e-meditazione","status":"publish","type":"post","link":"https:\/\/www.pressenza.com\/it\/2024\/11\/pace-e-nonviolenza-testimonianze-comunicazione-e-meditazione\/","title":{"rendered":"Pace e Nonviolenza: testimonianze, comunicazione e meditazione"},"content":{"rendered":"<p>Si \u00e8 svolto a Roma in Via Giuseppe Lazzati 213 bis un evento promosso dalle associazioni Tutti per la Terra e Roma Zen Center dedicato alla Terza Marcia Mondiale per la Pace e la Nonviolenza, un\u2019occasione unica per riunire voci e testimonianze da varie parti del mondo, in nome della pace e della consapevolezza.<\/p>\n<p>L\u2019evento, che ha visto la partecipazione di numerosi ospiti e un pubblico attento, ha offerto momenti di riflessione e condivisione attraverso racconti e testimonianze trasmessi online sul canale YouTube del Roma Zen Center e interventi dal vivo. A simboleggiare l\u2019impegno per la pace, \u00e8 stato piantato un ulivo, gesto carico di speranza e significato.<\/p>\n<p>Tra gli ospiti presenti, Giuseppe Miccoli dell&#8217;associazione Il Piccolo Principe &#8211; Yoga Armonia ha condiviso spunti sulla Marcia Mondiale e sulle difficolt\u00e0 nel panorama cittadino. Alice Baglini di Baobab Experience ha portato una testimonianza toccante sull\u2019importanza della solidariet\u00e0 e dell\u2019accoglienza. Marco Inglessis, membro dell\u2019equipe base della Terza Marcia Mondiale per la Pace e la Nonviolenza, ha invece offerto un quadro del movimento globale e delle sue iniziative.<\/p>\n<p>Paola Russo e Arianna Petrocchi hanno proposto \u201cPillole di conoscenza pratica e teorica\u201d, offrendo strumenti per favorire consapevolezza, benessere ed empatia. Hanno esplorato temi legati all\u2019uso di linguaggi inclusivi e nonviolenti, come la Comunicazione Nonviolenta (CNV).<\/p>\n<p>L\u2019incontro si \u00e8 concluso con una riflessione di Chiara Di Stefano su mudita e meditazione condividendo la sua esperienza raccontata in un testo poetico e profondo:<\/p>\n<p>&#8221; Il muro bianco. Ecco quel muro bianco che per me \u00e8 guerra e pace. Io che mi chiedo sempre se si possa vivere nella pace o se il mio muro, spesso, sia solo devoto alla guerra. Mudit\u0101: la gioia empatia, la gioia per lo stare bene degli altri. Una cosa che non \u00e8 poi cos\u00ec rara se non ci fermiamo al regno di noi umani, dove invidia e gelosia, desiderio di supremazia e di appropriazione tagliano lo sguardo.<\/p>\n<p>Quando vediamo qualcosa che sentiamo come bello, spesso stiamo sentendo la gioia di gioia di essere. La gioia del nostro essere nell\u2019altro.<\/p>\n<p>Essere: come l\u2019aprirsi di un fiore ma anche il suo volersi mostrare alla luce del sole: una forma non contenibile di energia e possibilit\u00e0. Cos\u00ec le foglie che cadono in quel momento in cui si staccano dal ramo: un momento completamente dipendente dalle condizioni esterne, eppure solo quel momento, preparato da giorni di assottigliamento e fragilit\u00e0, solo quel momento \u00e8 prontezza al volo, alla morte.<\/p>\n<p>Gli animali stanno tranquilli nel non conosciuto con occhi enigmatici e il mistero scritto sulla pelliccia o sulle piume, come gli alberi, che hanno gesti dettati dal vento e sanno aspettare senza discussioni che le condizioni cambino, forse sono visibili forme di gioia: la gioia di conoscere la via per incontrare il non conosciuto.<\/p>\n<p>In un libro leggevo di Lao Tzu che dice: \u201cQuello che tocchi senza afferrare si chiama sottile\u201d. Probabilmente \u00e8 cos\u00ed che ci si educa a vedere la linea sottile della gioia. Semplicemente non afferrandola e riconoscendola anche dove \u00e8 grazia dell\u2019abbandono. Allora forse dalla gioia impersonale degli esseri abbandonati alla legge naturale si pu\u00f2 passare alla gioia umana, e anzich\u00e9 scattare immediatamente nel giudizio, nell\u2019invidia o nella gelosia, augurare loro semplicemente che duri. Si sa che \u00e8 effimera, fragile, si sa che \u00e8 cos\u00ec spesso illusoria, legata all\u2019io, alle sue appropriazioni e affermazioni, ma si sente anche che un essere e che prova gioia si sta abbandonando, sta cedendo. \u00c8 a quel luogo tenero e delicato che si invia l\u2019augurio: \u201cChe la tua gioia possa durare\u201d.<\/p>\n<p>Questo mi ha insegnato il muro: trasformare la rabbia in gioia e disarmarsi.&#8221;<\/p>\n","protected":false},"excerpt":{"rendered":"<p>Si \u00e8 svolto a Roma in Via Giuseppe Lazzati 213 bis un evento promosso dalle associazioni Tutti per la Terra e Roma Zen Center dedicato alla Terza Marcia Mondiale per la Pace e la Nonviolenza, un\u2019occasione unica per riunire voci&hellip;<\/p>\n","protected":false},"author":1565,"featured_media":2564990,"comment_status":"closed","ping_status":"closed","sticky":false,"template":"","format":"standard","meta":{"footnotes":""},"categories":[11388,107392,1262,1263],"tags":[24290,129538,3873,129537,104474,129536],"class_list":["post-2564989","post","type-post","status-publish","format-standard","has-post-thumbnail","hentry","category-contenuti-originali","category-noticia-it","category-nonviolenza-argomento","category-pace-disarmo","tag-meditazione","tag-mudita","tag-roma","tag-roma-zen-center","tag-terza-marcia-mondiale-per-la-pace-e-la-nonviolenza","tag-tutti-per-la-terra"],"yoast_head":"<!-- This site is optimized with the Yoast SEO plugin v27.1.1 - https:\/\/yoast.com\/product\/yoast-seo-wordpress\/ -->\n<title>Pace e Nonviolenza: testimonianze, comunicazione e meditazione<\/title>\n<meta name=\"description\" content=\"Si \u00e8 svolto a Roma in Via Giuseppe Lazzati 213 bis un evento promosso dalle associazioni Tutti per la Terra e Roma Zen Center dedicato alla Terza Marcia\" \/>\n<meta name=\"robots\" content=\"index, follow, max-snippet:-1, max-image-preview:large, max-video-preview:-1\" \/>\n<link rel=\"canonical\" href=\"https:\/\/www.pressenza.com\/it\/2024\/11\/pace-e-nonviolenza-testimonianze-comunicazione-e-meditazione\/\" \/>\n<meta property=\"og:locale\" content=\"it_IT\" \/>\n<meta property=\"og:type\" content=\"article\" \/>\n<meta property=\"og:title\" content=\"Pace e Nonviolenza: testimonianze, comunicazione e meditazione\" \/>\n<meta property=\"og:description\" content=\"Si \u00e8 svolto a Roma in Via Giuseppe Lazzati 213 bis un evento promosso dalle associazioni Tutti per la Terra e Roma Zen Center dedicato alla Terza Marcia\" \/>\n<meta property=\"og:url\" content=\"https:\/\/www.pressenza.com\/it\/2024\/11\/pace-e-nonviolenza-testimonianze-comunicazione-e-meditazione\/\" \/>\n<meta property=\"og:site_name\" content=\"Pressenza\" \/>\n<meta property=\"article:publisher\" content=\"https:\/\/www.facebook.com\/PressenzaItalia\" \/>\n<meta property=\"article:published_time\" content=\"2024-11-23T20:11:31+00:00\" \/>\n<meta property=\"article:modified_time\" content=\"2024-11-24T11:23:08+00:00\" \/>\n<meta property=\"og:image\" content=\"https:\/\/www.pressenza.com\/wp-content\/uploads\/2024\/11\/mm3-Roma-meditazione.jpg\" \/>\n\t<meta property=\"og:image:width\" content=\"850\" \/>\n\t<meta property=\"og:image:height\" content=\"587\" \/>\n\t<meta property=\"og:image:type\" content=\"image\/jpeg\" \/>\n<meta name=\"author\" content=\"Marcia Mondiale per la Pace e la Nonviolenza\" \/>\n<meta name=\"twitter:card\" content=\"summary_large_image\" \/>\n<meta name=\"twitter:creator\" content=\"@PressenzaIPA\" \/>\n<meta name=\"twitter:site\" content=\"@PressenzaIPA\" \/>\n<meta name=\"twitter:label1\" content=\"Scritto da\" \/>\n\t<meta name=\"twitter:data1\" content=\"Marcia Mondiale per la Pace e la Nonviolenza\" \/>\n\t<meta name=\"twitter:label2\" content=\"Tempo di lettura stimato\" \/>\n\t<meta name=\"twitter:data2\" content=\"4 minuti\" \/>\n<script type=\"application\/ld+json\" class=\"yoast-schema-graph\">{\"@context\":\"https:\/\/schema.org\",\"@graph\":[{\"@type\":\"Article\",\"@id\":\"https:\/\/www.pressenza.com\/it\/2024\/11\/pace-e-nonviolenza-testimonianze-comunicazione-e-meditazione\/#article\",\"isPartOf\":{\"@id\":\"https:\/\/www.pressenza.com\/it\/2024\/11\/pace-e-nonviolenza-testimonianze-comunicazione-e-meditazione\/\"},\"author\":{\"name\":\"Marcia Mondiale per la Pace e la Nonviolenza\",\"@id\":\"https:\/\/www.pressenza.com\/it\/#\/schema\/person\/7695876a0aa9e0602a5de3babecd54ff\"},\"headline\":\"Pace e Nonviolenza: testimonianze, comunicazione e meditazione\",\"datePublished\":\"2024-11-23T20:11:31+00:00\",\"dateModified\":\"2024-11-24T11:23:08+00:00\",\"mainEntityOfPage\":{\"@id\":\"https:\/\/www.pressenza.com\/it\/2024\/11\/pace-e-nonviolenza-testimonianze-comunicazione-e-meditazione\/\"},\"wordCount\":605,\"publisher\":{\"@id\":\"https:\/\/www.pressenza.com\/it\/#organization\"},\"image\":{\"@id\":\"https:\/\/www.pressenza.com\/it\/2024\/11\/pace-e-nonviolenza-testimonianze-comunicazione-e-meditazione\/#primaryimage\"},\"thumbnailUrl\":\"https:\/\/www.pressenza.com\/wp-content\/uploads\/2024\/11\/mm3-Roma-meditazione.jpg\",\"keywords\":[\"Meditazione\",\"mudita\",\"Roma\",\"Roma Zen Center\",\"Terza Marcia Mondiale per la Pace e la Nonviolenza\",\"Tutti per la Terra\"],\"articleSection\":[\"contenuti originali\",\"Cronaca\",\"Nonviolenza\",\"Pace e Disarmo\"],\"inLanguage\":\"it-IT\"},{\"@type\":\"WebPage\",\"@id\":\"https:\/\/www.pressenza.com\/it\/2024\/11\/pace-e-nonviolenza-testimonianze-comunicazione-e-meditazione\/\",\"url\":\"https:\/\/www.pressenza.com\/it\/2024\/11\/pace-e-nonviolenza-testimonianze-comunicazione-e-meditazione\/\",\"name\":\"Pace e Nonviolenza: testimonianze, comunicazione e meditazione\",\"isPartOf\":{\"@id\":\"https:\/\/www.pressenza.com\/it\/#website\"},\"primaryImageOfPage\":{\"@id\":\"https:\/\/www.pressenza.com\/it\/2024\/11\/pace-e-nonviolenza-testimonianze-comunicazione-e-meditazione\/#primaryimage\"},\"image\":{\"@id\":\"https:\/\/www.pressenza.com\/it\/2024\/11\/pace-e-nonviolenza-testimonianze-comunicazione-e-meditazione\/#primaryimage\"},\"thumbnailUrl\":\"https:\/\/www.pressenza.com\/wp-content\/uploads\/2024\/11\/mm3-Roma-meditazione.jpg\",\"datePublished\":\"2024-11-23T20:11:31+00:00\",\"dateModified\":\"2024-11-24T11:23:08+00:00\",\"description\":\"Si \u00e8 svolto a Roma in Via Giuseppe Lazzati 213 bis un evento promosso dalle associazioni Tutti per la Terra e Roma Zen Center dedicato alla Terza Marcia\",\"breadcrumb\":{\"@id\":\"https:\/\/www.pressenza.com\/it\/2024\/11\/pace-e-nonviolenza-testimonianze-comunicazione-e-meditazione\/#breadcrumb\"},\"inLanguage\":\"it-IT\",\"potentialAction\":[{\"@type\":\"ReadAction\",\"target\":[\"https:\/\/www.pressenza.com\/it\/2024\/11\/pace-e-nonviolenza-testimonianze-comunicazione-e-meditazione\/\"]}]},{\"@type\":\"ImageObject\",\"inLanguage\":\"it-IT\",\"@id\":\"https:\/\/www.pressenza.com\/it\/2024\/11\/pace-e-nonviolenza-testimonianze-comunicazione-e-meditazione\/#primaryimage\",\"url\":\"https:\/\/www.pressenza.com\/wp-content\/uploads\/2024\/11\/mm3-Roma-meditazione.jpg\",\"contentUrl\":\"https:\/\/www.pressenza.com\/wp-content\/uploads\/2024\/11\/mm3-Roma-meditazione.jpg\",\"width\":850,\"height\":587},{\"@type\":\"BreadcrumbList\",\"@id\":\"https:\/\/www.pressenza.com\/it\/2024\/11\/pace-e-nonviolenza-testimonianze-comunicazione-e-meditazione\/#breadcrumb\",\"itemListElement\":[{\"@type\":\"ListItem\",\"position\":1,\"name\":\"Accueil\",\"item\":\"https:\/\/www.pressenza.com\/it\/\"},{\"@type\":\"ListItem\",\"position\":2,\"name\":\"Pace e Nonviolenza: testimonianze, comunicazione e meditazione\"}]},{\"@type\":\"WebSite\",\"@id\":\"https:\/\/www.pressenza.com\/it\/#website\",\"url\":\"https:\/\/www.pressenza.com\/it\/\",\"name\":\"Pressenza\",\"description\":\"Agenzia di Stampa Internazionale\",\"publisher\":{\"@id\":\"https:\/\/www.pressenza.com\/it\/#organization\"},\"potentialAction\":[{\"@type\":\"SearchAction\",\"target\":{\"@type\":\"EntryPoint\",\"urlTemplate\":\"https:\/\/www.pressenza.com\/it\/?s={search_term_string}\"},\"query-input\":{\"@type\":\"PropertyValueSpecification\",\"valueRequired\":true,\"valueName\":\"search_term_string\"}}],\"inLanguage\":\"it-IT\"},{\"@type\":\"Organization\",\"@id\":\"https:\/\/www.pressenza.com\/it\/#organization\",\"name\":\"Pressenza\",\"url\":\"https:\/\/www.pressenza.com\/it\/\",\"logo\":{\"@type\":\"ImageObject\",\"inLanguage\":\"it-IT\",\"@id\":\"https:\/\/www.pressenza.com\/it\/#\/schema\/logo\/image\/\",\"url\":\"https:\/\/www.pressenza.com\/wp-content\/uploads\/2022\/10\/pressenza_logo_200x200.jpg\",\"contentUrl\":\"https:\/\/www.pressenza.com\/wp-content\/uploads\/2022\/10\/pressenza_logo_200x200.jpg\",\"width\":200,\"height\":200,\"caption\":\"Pressenza\"},\"image\":{\"@id\":\"https:\/\/www.pressenza.com\/it\/#\/schema\/logo\/image\/\"},\"sameAs\":[\"https:\/\/www.facebook.com\/PressenzaItalia\",\"https:\/\/x.com\/PressenzaIPA\"]},{\"@type\":\"Person\",\"@id\":\"https:\/\/www.pressenza.com\/it\/#\/schema\/person\/7695876a0aa9e0602a5de3babecd54ff\",\"name\":\"Marcia Mondiale per la Pace e la Nonviolenza\",\"sameAs\":[\"https:\/\/theworldmarch.org\"],\"url\":\"https:\/\/www.pressenza.com\/it\/author\/marcia-mondiale-per-la-pace-e-la-nonviolenza\/\"}]}<\/script>\n<!-- \/ Yoast SEO plugin. -->","yoast_head_json":{"title":"Pace e Nonviolenza: testimonianze, comunicazione e meditazione","description":"Si \u00e8 svolto a Roma in Via Giuseppe Lazzati 213 bis un evento promosso dalle associazioni Tutti per la Terra e Roma Zen Center dedicato alla Terza Marcia","robots":{"index":"index","follow":"follow","max-snippet":"max-snippet:-1","max-image-preview":"max-image-preview:large","max-video-preview":"max-video-preview:-1"},"canonical":"https:\/\/www.pressenza.com\/it\/2024\/11\/pace-e-nonviolenza-testimonianze-comunicazione-e-meditazione\/","og_locale":"it_IT","og_type":"article","og_title":"Pace e Nonviolenza: testimonianze, comunicazione e meditazione","og_description":"Si \u00e8 svolto a Roma in Via Giuseppe Lazzati 213 bis un evento promosso dalle associazioni Tutti per la Terra e Roma Zen Center dedicato alla Terza Marcia","og_url":"https:\/\/www.pressenza.com\/it\/2024\/11\/pace-e-nonviolenza-testimonianze-comunicazione-e-meditazione\/","og_site_name":"Pressenza","article_publisher":"https:\/\/www.facebook.com\/PressenzaItalia","article_published_time":"2024-11-23T20:11:31+00:00","article_modified_time":"2024-11-24T11:23:08+00:00","og_image":[{"width":850,"height":587,"url":"https:\/\/www.pressenza.com\/wp-content\/uploads\/2024\/11\/mm3-Roma-meditazione.jpg","type":"image\/jpeg"}],"author":"Marcia Mondiale per la Pace e la Nonviolenza","twitter_card":"summary_large_image","twitter_creator":"@PressenzaIPA","twitter_site":"@PressenzaIPA","twitter_misc":{"Scritto da":"Marcia Mondiale per la Pace e la Nonviolenza","Tempo di lettura stimato":"4 minuti"},"schema":{"@context":"https:\/\/schema.org","@graph":[{"@type":"Article","@id":"https:\/\/www.pressenza.com\/it\/2024\/11\/pace-e-nonviolenza-testimonianze-comunicazione-e-meditazione\/#article","isPartOf":{"@id":"https:\/\/www.pressenza.com\/it\/2024\/11\/pace-e-nonviolenza-testimonianze-comunicazione-e-meditazione\/"},"author":{"name":"Marcia Mondiale per la Pace e la Nonviolenza","@id":"https:\/\/www.pressenza.com\/it\/#\/schema\/person\/7695876a0aa9e0602a5de3babecd54ff"},"headline":"Pace e Nonviolenza: testimonianze, comunicazione e meditazione","datePublished":"2024-11-23T20:11:31+00:00","dateModified":"2024-11-24T11:23:08+00:00","mainEntityOfPage":{"@id":"https:\/\/www.pressenza.com\/it\/2024\/11\/pace-e-nonviolenza-testimonianze-comunicazione-e-meditazione\/"},"wordCount":605,"publisher":{"@id":"https:\/\/www.pressenza.com\/it\/#organization"},"image":{"@id":"https:\/\/www.pressenza.com\/it\/2024\/11\/pace-e-nonviolenza-testimonianze-comunicazione-e-meditazione\/#primaryimage"},"thumbnailUrl":"https:\/\/www.pressenza.com\/wp-content\/uploads\/2024\/11\/mm3-Roma-meditazione.jpg","keywords":["Meditazione","mudita","Roma","Roma Zen Center","Terza Marcia Mondiale per la Pace e la Nonviolenza","Tutti per la Terra"],"articleSection":["contenuti originali","Cronaca","Nonviolenza","Pace e Disarmo"],"inLanguage":"it-IT"},{"@type":"WebPage","@id":"https:\/\/www.pressenza.com\/it\/2024\/11\/pace-e-nonviolenza-testimonianze-comunicazione-e-meditazione\/","url":"https:\/\/www.pressenza.com\/it\/2024\/11\/pace-e-nonviolenza-testimonianze-comunicazione-e-meditazione\/","name":"Pace e Nonviolenza: testimonianze, comunicazione e meditazione","isPartOf":{"@id":"https:\/\/www.pressenza.com\/it\/#website"},"primaryImageOfPage":{"@id":"https:\/\/www.pressenza.com\/it\/2024\/11\/pace-e-nonviolenza-testimonianze-comunicazione-e-meditazione\/#primaryimage"},"image":{"@id":"https:\/\/www.pressenza.com\/it\/2024\/11\/pace-e-nonviolenza-testimonianze-comunicazione-e-meditazione\/#primaryimage"},"thumbnailUrl":"https:\/\/www.pressenza.com\/wp-content\/uploads\/2024\/11\/mm3-Roma-meditazione.jpg","datePublished":"2024-11-23T20:11:31+00:00","dateModified":"2024-11-24T11:23:08+00:00","description":"Si \u00e8 svolto a Roma in Via Giuseppe Lazzati 213 bis un evento promosso dalle associazioni Tutti per la Terra e Roma Zen Center dedicato alla Terza Marcia","breadcrumb":{"@id":"https:\/\/www.pressenza.com\/it\/2024\/11\/pace-e-nonviolenza-testimonianze-comunicazione-e-meditazione\/#breadcrumb"},"inLanguage":"it-IT","potentialAction":[{"@type":"ReadAction","target":["https:\/\/www.pressenza.com\/it\/2024\/11\/pace-e-nonviolenza-testimonianze-comunicazione-e-meditazione\/"]}]},{"@type":"ImageObject","inLanguage":"it-IT","@id":"https:\/\/www.pressenza.com\/it\/2024\/11\/pace-e-nonviolenza-testimonianze-comunicazione-e-meditazione\/#primaryimage","url":"https:\/\/www.pressenza.com\/wp-content\/uploads\/2024\/11\/mm3-Roma-meditazione.jpg","contentUrl":"https:\/\/www.pressenza.com\/wp-content\/uploads\/2024\/11\/mm3-Roma-meditazione.jpg","width":850,"height":587},{"@type":"BreadcrumbList","@id":"https:\/\/www.pressenza.com\/it\/2024\/11\/pace-e-nonviolenza-testimonianze-comunicazione-e-meditazione\/#breadcrumb","itemListElement":[{"@type":"ListItem","position":1,"name":"Accueil","item":"https:\/\/www.pressenza.com\/it\/"},{"@type":"ListItem","position":2,"name":"Pace e Nonviolenza: testimonianze, comunicazione e meditazione"}]},{"@type":"WebSite","@id":"https:\/\/www.pressenza.com\/it\/#website","url":"https:\/\/www.pressenza.com\/it\/","name":"Pressenza","description":"Agenzia di Stampa Internazionale","publisher":{"@id":"https:\/\/www.pressenza.com\/it\/#organization"},"potentialAction":[{"@type":"SearchAction","target":{"@type":"EntryPoint","urlTemplate":"https:\/\/www.pressenza.com\/it\/?s={search_term_string}"},"query-input":{"@type":"PropertyValueSpecification","valueRequired":true,"valueName":"search_term_string"}}],"inLanguage":"it-IT"},{"@type":"Organization","@id":"https:\/\/www.pressenza.com\/it\/#organization","name":"Pressenza","url":"https:\/\/www.pressenza.com\/it\/","logo":{"@type":"ImageObject","inLanguage":"it-IT","@id":"https:\/\/www.pressenza.com\/it\/#\/schema\/logo\/image\/","url":"https:\/\/www.pressenza.com\/wp-content\/uploads\/2022\/10\/pressenza_logo_200x200.jpg","contentUrl":"https:\/\/www.pressenza.com\/wp-content\/uploads\/2022\/10\/pressenza_logo_200x200.jpg","width":200,"height":200,"caption":"Pressenza"},"image":{"@id":"https:\/\/www.pressenza.com\/it\/#\/schema\/logo\/image\/"},"sameAs":["https:\/\/www.facebook.com\/PressenzaItalia","https:\/\/x.com\/PressenzaIPA"]},{"@type":"Person","@id":"https:\/\/www.pressenza.com\/it\/#\/schema\/person\/7695876a0aa9e0602a5de3babecd54ff","name":"Marcia Mondiale per la Pace e la Nonviolenza","sameAs":["https:\/\/theworldmarch.org"],"url":"https:\/\/www.pressenza.com\/it\/author\/marcia-mondiale-per-la-pace-e-la-nonviolenza\/"}]}},"place":"Roma","original_article_url":"","_links":{"self":[{"href":"https:\/\/www.pressenza.com\/it\/wp-json\/wp\/v2\/posts\/2564989","targetHints":{"allow":["GET"]}}],"collection":[{"href":"https:\/\/www.pressenza.com\/it\/wp-json\/wp\/v2\/posts"}],"about":[{"href":"https:\/\/www.pressenza.com\/it\/wp-json\/wp\/v2\/types\/post"}],"author":[{"embeddable":true,"href":"https:\/\/www.pressenza.com\/it\/wp-json\/wp\/v2\/users\/1565"}],"replies":[{"embeddable":true,"href":"https:\/\/www.pressenza.com\/it\/wp-json\/wp\/v2\/comments?post=2564989"}],"version-history":[{"count":0,"href":"https:\/\/www.pressenza.com\/it\/wp-json\/wp\/v2\/posts\/2564989\/revisions"}],"wp:featuredmedia":[{"embeddable":true,"href":"https:\/\/www.pressenza.com\/it\/wp-json\/wp\/v2\/media\/2564990"}],"wp:attachment":[{"href":"https:\/\/www.pressenza.com\/it\/wp-json\/wp\/v2\/media?parent=2564989"}],"wp:term":[{"taxonomy":"category","embeddable":true,"href":"https:\/\/www.pressenza.com\/it\/wp-json\/wp\/v2\/categories?post=2564989"},{"taxonomy":"post_tag","embeddable":true,"href":"https:\/\/www.pressenza.com\/it\/wp-json\/wp\/v2\/tags?post=2564989"}],"curies":[{"name":"wp","href":"https:\/\/api.w.org\/{rel}","templated":true}]}}