{"id":2564534,"date":"2024-11-21T21:20:24","date_gmt":"2024-11-21T21:20:24","guid":{"rendered":"https:\/\/www.pressenza.com\/?p=2564534"},"modified":"2024-11-21T21:20:24","modified_gmt":"2024-11-21T21:20:24","slug":"solidarieta-e-giustizia-un-legame-essenziale-per-la-pace","status":"publish","type":"post","link":"https:\/\/www.pressenza.com\/it\/2024\/11\/solidarieta-e-giustizia-un-legame-essenziale-per-la-pace\/","title":{"rendered":"Solidariet\u00e0 e giustizia: un legame essenziale per la Pace"},"content":{"rendered":"<p>In un momento storico di grande tensione internazionale, oggi, 21 novembre 2024, la Corte Penale Internazionale (CPI) ha emesso una sentenza significativa, rigettando le sfide lanciate dallo Stato di Israele sulla giurisdizione della Corte, e ha emesso mandati di arresto per il Primo Ministro Benjamin Netanyahu e il Ministro della Difesa Yoav Gallant, accusati di crimini contro l&#8217;umanit\u00e0 e crimini di guerra in Palestina. Questo evento giuridico, che sottolinea la responsabilit\u00e0 internazionale di chi ricopre alte cariche politiche e militari, si inserisce in un quadro di crescente mobilitazione per i diritti umani e la giustizia.<\/p>\n<p>Proprio in questo contesto, domani , alle ore 15:00, i medici palestinesi incontrano le organizzazioni sindacali, i partiti e le associazioni presso la CGIL, in un evento di solidariet\u00e0 e di azione concreta per la promozione dei diritti umani e della giustizia sociale. Questo incontro assume un\u2019importanza fondamentale, in quanto offre un\u2019opportunit\u00e0 di riflessione e azione sulle difficili condizioni in cui i professionisti della sanit\u00e0 palestinese operano, sotto costante minaccia e privazione Solidariet\u00e0 e Giustizia per la Pace: Un Impegno per i Diritti Umani<\/p>\n<p>Unisciti al Festival della Pace di Brescia per un futuro di giustizia e solidariet\u00e0<\/p>\n<p>Oggi, 21 novembre 2024, la Corte Penale Internazionale (CPI) ha preso una decisione storica rigettando le sfide lanciate dallo Stato di Israele sulla giurisdizione della Corte e ha emesso mandati di arresto per Benjamin Netanyahu, Primo Ministro di Israele, e Yoav Gallant, Ministro della Difesa. Entrambi sono accusati di crimini contro l&#8217;umanit\u00e0 e crimini di guerra legati agli eventi in Palestina, in particolare la Striscia di Gaza. Questa sentenza segna un passo decisivo nella lotta contro l\u2019impunit\u00e0, sottolineando la responsabilit\u00e0 internazionale di chi ricopre alte cariche politiche e militari.<\/p>\n<p>Un Raggio di Speranza in un Momento di Escalation: La Corte Penale Internazionale Come Faro per la Pace e i Diritti Umani<\/p>\n<p>In un periodo in cui sembra prevalere la violenza e l&#8217;escalation militare, con le atrocit\u00e0 che colpiscono i civili e le sofferenze che sembrano non finire mai, la sentenza della CPI rappresenta una luce di speranza per la pace e per la difesa dei diritti umani. Mentre il mondo assiste a conflitti devastanti e a gravi violazioni dei diritti fondamentali, la CPI ci ricorda che la giustizia internazionale \u00e8 possibile e che i responsabili dei crimini non sono al di sopra della legge.<\/p>\n<p>Proprio in questo contesto di crescente mobilitazione per i diritti umani, domani, 22 novembre 2024, alle ore 15:00, i medici palestinesi incontreranno le organizzazioni sindacali, i partiti e le associazioni presso la CGIL di Brescia (Corso Garibaldi 25). Questo incontro non \u00e8 solo un atto simbolico di solidariet\u00e0, ma un\u2019opportunit\u00e0 fondamentale per riflettere sulle gravi condizioni in cui operano i professionisti della sanit\u00e0 palestinese, quotidianamente sotto minaccia e con risorse vitali scarse. Sar\u00e0 l\u2019occasione per discutere azioni concrete a sostegno dei diritti umani, per promuovere il diritto alla salute e garantire l\u2019assistenza a chi \u00e8 stato privato delle necessit\u00e0 fondamentali.<\/p>\n<p>La sentenza della CPI, unita alla partecipazione della societ\u00e0 civile a questo evento, rappresenta un segnale forte di unit\u00e0 e speranza. Quando la violenza sembra avere il sopravvento, la nostra presenza diventa un atto di coraggio: un segnale che la societ\u00e0 civile \u00e8 pronta a manifestare con forza la propria posizione e a non rimanere in silenzio. La nostra partecipazione \u00e8 essenziale, non solo per fare sentire la nostra solidariet\u00e0, ma per dare visibilit\u00e0 a chi lotta ogni giorno per la giustizia.<\/p>\n<p>Alle 18:00, presso l\u2019Auditorium San Barnaba (Corso Magenta 44), si terr\u00e0 il convegno dal titolo &#8220;Il medico in tempo di pace e in tempo di guerra&#8221;, un evento di riflessione sulle storie di medici che, anche in contesti di guerra, continuano a lottare per la vita e la dignit\u00e0 dei pazienti. Questo evento \u00e8 un\u2019opportunit\u00e0 per conoscere da vicino le esperienze dei medici palestinesi e internazionali e per discutere su come possiamo agire insieme per promuovere un cambiamento reale.<\/p>\n<p>Essere presenti e impegnarsi attivamente \u00e8 oggi pi\u00f9 che mai fondamentale. La sentenza della CPI e gli eventi organizzati nel contesto del Festival della Pace a Brescia rappresentano occasioni importanti per contribuire a costruire una rete di solidariet\u00e0 e giustizia. Non si tratta solo di esprimere solidariet\u00e0, ma di impegnarsi per azioni concrete che possano migliorare le condizioni di vita e di salute di chi vive sotto il fuoco e la privazione.<\/p>\n<p>Dettagli degli eventi del Festival della Pace di Brescia:<\/p>\n<p>Ore 15:00 \u2013 Incontro con i medici palestinesi, le organizzazioni sindacali, i partiti e le associazioni<\/p>\n<p>Luogo: CGIL, Corso Garibaldi 25, Brescia<br \/>\nOre 18:00 \u2013 Convegno &#8220;Il medico in tempo di pace e in tempo di guerra&#8221;<\/p>\n<p>Luogo: Auditorium San Barnaba, Corso Magenta 44, Brescia<br \/>\nIngresso libero<br \/>\nLa solidariet\u00e0 deve tradursi in azioni concrete, perch\u00e9 solo insieme possiamo costruire un futuro di pace, giustizia e dignit\u00e0.<\/p>\n","protected":false},"excerpt":{"rendered":"<p>In un momento storico di grande tensione internazionale, oggi, 21 novembre 2024, la Corte Penale Internazionale (CPI) ha emesso una sentenza significativa, rigettando le sfide lanciate dallo Stato di Israele sulla giurisdizione della Corte, e ha emesso mandati di arresto&hellip;<\/p>\n","protected":false},"author":594,"featured_media":2558925,"comment_status":"closed","ping_status":"closed","sticky":false,"template":"","format":"standard","meta":{"footnotes":""},"categories":[150,60,1263],"tags":[6022,17928,1227],"class_list":["post-2564534","post","type-post","status-publish","format-standard","has-post-thumbnail","hentry","category-comunicati-stampa","category-diritti-umani","category-pace-disarmo","tag-brescia","tag-evento","tag-palestina-it"],"yoast_head":"<!-- This site is optimized with the Yoast SEO plugin v27.1.1 - https:\/\/yoast.com\/product\/yoast-seo-wordpress\/ -->\n<title>Solidariet\u00e0 e giustizia: un legame essenziale per la Pace<\/title>\n<meta name=\"description\" content=\"In un momento storico di grande tensione internazionale, oggi, 21 novembre 2024, la Corte Penale Internazionale (CPI) ha emesso una sentenza\" \/>\n<meta name=\"robots\" content=\"index, follow, max-snippet:-1, max-image-preview:large, max-video-preview:-1\" \/>\n<link rel=\"canonical\" href=\"https:\/\/www.pressenza.com\/it\/2024\/11\/solidarieta-e-giustizia-un-legame-essenziale-per-la-pace\/\" \/>\n<meta property=\"og:locale\" content=\"it_IT\" \/>\n<meta property=\"og:type\" content=\"article\" \/>\n<meta property=\"og:title\" content=\"Solidariet\u00e0 e giustizia: un legame essenziale per la Pace\" \/>\n<meta property=\"og:description\" content=\"In un momento storico di grande tensione internazionale, oggi, 21 novembre 2024, la Corte Penale Internazionale (CPI) ha emesso una sentenza\" \/>\n<meta property=\"og:url\" content=\"https:\/\/www.pressenza.com\/it\/2024\/11\/solidarieta-e-giustizia-un-legame-essenziale-per-la-pace\/\" \/>\n<meta property=\"og:site_name\" content=\"Pressenza\" \/>\n<meta property=\"article:publisher\" content=\"https:\/\/www.facebook.com\/PressenzaItalia\" \/>\n<meta property=\"article:author\" content=\"https:\/\/www.facebook.com\/PressenzaItalia\" \/>\n<meta property=\"article:published_time\" content=\"2024-11-21T21:20:24+00:00\" \/>\n<meta property=\"og:image\" content=\"https:\/\/www.pressenza.com\/wp-content\/uploads\/2024\/10\/Palestina-bambino.jpg\" \/>\n\t<meta property=\"og:image:width\" content=\"570\" \/>\n\t<meta property=\"og:image:height\" content=\"570\" \/>\n\t<meta property=\"og:image:type\" content=\"image\/jpeg\" \/>\n<meta name=\"author\" content=\"Redazione Italia\" \/>\n<meta name=\"twitter:card\" content=\"summary_large_image\" \/>\n<meta name=\"twitter:creator\" content=\"@pressenza_it\" \/>\n<meta name=\"twitter:site\" content=\"@PressenzaIPA\" \/>\n<meta name=\"twitter:label1\" content=\"Scritto da\" \/>\n\t<meta name=\"twitter:data1\" content=\"Redazione Italia\" \/>\n\t<meta name=\"twitter:label2\" content=\"Tempo di lettura stimato\" \/>\n\t<meta name=\"twitter:data2\" content=\"5 minuti\" \/>\n<script type=\"application\/ld+json\" class=\"yoast-schema-graph\">{\"@context\":\"https:\/\/schema.org\",\"@graph\":[{\"@type\":\"Article\",\"@id\":\"https:\/\/www.pressenza.com\/it\/2024\/11\/solidarieta-e-giustizia-un-legame-essenziale-per-la-pace\/#article\",\"isPartOf\":{\"@id\":\"https:\/\/www.pressenza.com\/it\/2024\/11\/solidarieta-e-giustizia-un-legame-essenziale-per-la-pace\/\"},\"author\":{\"name\":\"Redazione Italia\",\"@id\":\"https:\/\/www.pressenza.com\/it\/#\/schema\/person\/d983e81827ae24f2c7b1a2123d197f8d\"},\"headline\":\"Solidariet\u00e0 e giustizia: un legame essenziale per la Pace\",\"datePublished\":\"2024-11-21T21:20:24+00:00\",\"mainEntityOfPage\":{\"@id\":\"https:\/\/www.pressenza.com\/it\/2024\/11\/solidarieta-e-giustizia-un-legame-essenziale-per-la-pace\/\"},\"wordCount\":790,\"publisher\":{\"@id\":\"https:\/\/www.pressenza.com\/it\/#organization\"},\"image\":{\"@id\":\"https:\/\/www.pressenza.com\/it\/2024\/11\/solidarieta-e-giustizia-un-legame-essenziale-per-la-pace\/#primaryimage\"},\"thumbnailUrl\":\"https:\/\/www.pressenza.com\/wp-content\/uploads\/2024\/10\/Palestina-bambino.jpg\",\"keywords\":[\"Brescia\",\"evento\",\"Palestina\"],\"articleSection\":[\"Comunicati Stampa\",\"Diritti Umani\",\"Pace e Disarmo\"],\"inLanguage\":\"it-IT\"},{\"@type\":\"WebPage\",\"@id\":\"https:\/\/www.pressenza.com\/it\/2024\/11\/solidarieta-e-giustizia-un-legame-essenziale-per-la-pace\/\",\"url\":\"https:\/\/www.pressenza.com\/it\/2024\/11\/solidarieta-e-giustizia-un-legame-essenziale-per-la-pace\/\",\"name\":\"Solidariet\u00e0 e giustizia: un legame essenziale per la Pace\",\"isPartOf\":{\"@id\":\"https:\/\/www.pressenza.com\/it\/#website\"},\"primaryImageOfPage\":{\"@id\":\"https:\/\/www.pressenza.com\/it\/2024\/11\/solidarieta-e-giustizia-un-legame-essenziale-per-la-pace\/#primaryimage\"},\"image\":{\"@id\":\"https:\/\/www.pressenza.com\/it\/2024\/11\/solidarieta-e-giustizia-un-legame-essenziale-per-la-pace\/#primaryimage\"},\"thumbnailUrl\":\"https:\/\/www.pressenza.com\/wp-content\/uploads\/2024\/10\/Palestina-bambino.jpg\",\"datePublished\":\"2024-11-21T21:20:24+00:00\",\"description\":\"In un momento storico di grande tensione internazionale, oggi, 21 novembre 2024, la Corte Penale Internazionale (CPI) ha emesso una sentenza\",\"breadcrumb\":{\"@id\":\"https:\/\/www.pressenza.com\/it\/2024\/11\/solidarieta-e-giustizia-un-legame-essenziale-per-la-pace\/#breadcrumb\"},\"inLanguage\":\"it-IT\",\"potentialAction\":[{\"@type\":\"ReadAction\",\"target\":[\"https:\/\/www.pressenza.com\/it\/2024\/11\/solidarieta-e-giustizia-un-legame-essenziale-per-la-pace\/\"]}]},{\"@type\":\"ImageObject\",\"inLanguage\":\"it-IT\",\"@id\":\"https:\/\/www.pressenza.com\/it\/2024\/11\/solidarieta-e-giustizia-un-legame-essenziale-per-la-pace\/#primaryimage\",\"url\":\"https:\/\/www.pressenza.com\/wp-content\/uploads\/2024\/10\/Palestina-bambino.jpg\",\"contentUrl\":\"https:\/\/www.pressenza.com\/wp-content\/uploads\/2024\/10\/Palestina-bambino.jpg\",\"width\":570,\"height\":570},{\"@type\":\"BreadcrumbList\",\"@id\":\"https:\/\/www.pressenza.com\/it\/2024\/11\/solidarieta-e-giustizia-un-legame-essenziale-per-la-pace\/#breadcrumb\",\"itemListElement\":[{\"@type\":\"ListItem\",\"position\":1,\"name\":\"Accueil\",\"item\":\"https:\/\/www.pressenza.com\/it\/\"},{\"@type\":\"ListItem\",\"position\":2,\"name\":\"Solidariet\u00e0 e giustizia: un legame essenziale per la Pace\"}]},{\"@type\":\"WebSite\",\"@id\":\"https:\/\/www.pressenza.com\/it\/#website\",\"url\":\"https:\/\/www.pressenza.com\/it\/\",\"name\":\"Pressenza\",\"description\":\"Agenzia di Stampa Internazionale\",\"publisher\":{\"@id\":\"https:\/\/www.pressenza.com\/it\/#organization\"},\"potentialAction\":[{\"@type\":\"SearchAction\",\"target\":{\"@type\":\"EntryPoint\",\"urlTemplate\":\"https:\/\/www.pressenza.com\/it\/?s={search_term_string}\"},\"query-input\":{\"@type\":\"PropertyValueSpecification\",\"valueRequired\":true,\"valueName\":\"search_term_string\"}}],\"inLanguage\":\"it-IT\"},{\"@type\":\"Organization\",\"@id\":\"https:\/\/www.pressenza.com\/it\/#organization\",\"name\":\"Pressenza\",\"url\":\"https:\/\/www.pressenza.com\/it\/\",\"logo\":{\"@type\":\"ImageObject\",\"inLanguage\":\"it-IT\",\"@id\":\"https:\/\/www.pressenza.com\/it\/#\/schema\/logo\/image\/\",\"url\":\"https:\/\/www.pressenza.com\/wp-content\/uploads\/2022\/10\/pressenza_logo_200x200.jpg\",\"contentUrl\":\"https:\/\/www.pressenza.com\/wp-content\/uploads\/2022\/10\/pressenza_logo_200x200.jpg\",\"width\":200,\"height\":200,\"caption\":\"Pressenza\"},\"image\":{\"@id\":\"https:\/\/www.pressenza.com\/it\/#\/schema\/logo\/image\/\"},\"sameAs\":[\"https:\/\/www.facebook.com\/PressenzaItalia\",\"https:\/\/x.com\/PressenzaIPA\"]},{\"@type\":\"Person\",\"@id\":\"https:\/\/www.pressenza.com\/it\/#\/schema\/person\/d983e81827ae24f2c7b1a2123d197f8d\",\"name\":\"Redazione Italia\",\"description\":\"News from the Pressenza Bureau in Italy\",\"sameAs\":[\"https:\/\/www.pressenza.com\/it\/author\/redazione-italia\/\",\"https:\/\/www.facebook.com\/PressenzaItalia\",\"https:\/\/www.instagram.com\/pressenza_italia\/\",\"https:\/\/x.com\/pressenza_it\",\"https:\/\/www.youtube.com\/channel\/UCSalEIWjE1RSxkwjfftFuqg\"],\"url\":\"https:\/\/www.pressenza.com\/it\/author\/redazione-italia\/\"}]}<\/script>\n<!-- \/ Yoast SEO plugin. -->","yoast_head_json":{"title":"Solidariet\u00e0 e giustizia: un legame essenziale per la Pace","description":"In un momento storico di grande tensione internazionale, oggi, 21 novembre 2024, la Corte Penale Internazionale (CPI) ha emesso una sentenza","robots":{"index":"index","follow":"follow","max-snippet":"max-snippet:-1","max-image-preview":"max-image-preview:large","max-video-preview":"max-video-preview:-1"},"canonical":"https:\/\/www.pressenza.com\/it\/2024\/11\/solidarieta-e-giustizia-un-legame-essenziale-per-la-pace\/","og_locale":"it_IT","og_type":"article","og_title":"Solidariet\u00e0 e giustizia: un legame essenziale per la Pace","og_description":"In un momento storico di grande tensione internazionale, oggi, 21 novembre 2024, la Corte Penale Internazionale (CPI) ha emesso una sentenza","og_url":"https:\/\/www.pressenza.com\/it\/2024\/11\/solidarieta-e-giustizia-un-legame-essenziale-per-la-pace\/","og_site_name":"Pressenza","article_publisher":"https:\/\/www.facebook.com\/PressenzaItalia","article_author":"https:\/\/www.facebook.com\/PressenzaItalia","article_published_time":"2024-11-21T21:20:24+00:00","og_image":[{"width":570,"height":570,"url":"https:\/\/www.pressenza.com\/wp-content\/uploads\/2024\/10\/Palestina-bambino.jpg","type":"image\/jpeg"}],"author":"Redazione Italia","twitter_card":"summary_large_image","twitter_creator":"@pressenza_it","twitter_site":"@PressenzaIPA","twitter_misc":{"Scritto da":"Redazione Italia","Tempo di lettura stimato":"5 minuti"},"schema":{"@context":"https:\/\/schema.org","@graph":[{"@type":"Article","@id":"https:\/\/www.pressenza.com\/it\/2024\/11\/solidarieta-e-giustizia-un-legame-essenziale-per-la-pace\/#article","isPartOf":{"@id":"https:\/\/www.pressenza.com\/it\/2024\/11\/solidarieta-e-giustizia-un-legame-essenziale-per-la-pace\/"},"author":{"name":"Redazione Italia","@id":"https:\/\/www.pressenza.com\/it\/#\/schema\/person\/d983e81827ae24f2c7b1a2123d197f8d"},"headline":"Solidariet\u00e0 e giustizia: un legame essenziale per la Pace","datePublished":"2024-11-21T21:20:24+00:00","mainEntityOfPage":{"@id":"https:\/\/www.pressenza.com\/it\/2024\/11\/solidarieta-e-giustizia-un-legame-essenziale-per-la-pace\/"},"wordCount":790,"publisher":{"@id":"https:\/\/www.pressenza.com\/it\/#organization"},"image":{"@id":"https:\/\/www.pressenza.com\/it\/2024\/11\/solidarieta-e-giustizia-un-legame-essenziale-per-la-pace\/#primaryimage"},"thumbnailUrl":"https:\/\/www.pressenza.com\/wp-content\/uploads\/2024\/10\/Palestina-bambino.jpg","keywords":["Brescia","evento","Palestina"],"articleSection":["Comunicati Stampa","Diritti Umani","Pace e Disarmo"],"inLanguage":"it-IT"},{"@type":"WebPage","@id":"https:\/\/www.pressenza.com\/it\/2024\/11\/solidarieta-e-giustizia-un-legame-essenziale-per-la-pace\/","url":"https:\/\/www.pressenza.com\/it\/2024\/11\/solidarieta-e-giustizia-un-legame-essenziale-per-la-pace\/","name":"Solidariet\u00e0 e giustizia: un legame essenziale per la Pace","isPartOf":{"@id":"https:\/\/www.pressenza.com\/it\/#website"},"primaryImageOfPage":{"@id":"https:\/\/www.pressenza.com\/it\/2024\/11\/solidarieta-e-giustizia-un-legame-essenziale-per-la-pace\/#primaryimage"},"image":{"@id":"https:\/\/www.pressenza.com\/it\/2024\/11\/solidarieta-e-giustizia-un-legame-essenziale-per-la-pace\/#primaryimage"},"thumbnailUrl":"https:\/\/www.pressenza.com\/wp-content\/uploads\/2024\/10\/Palestina-bambino.jpg","datePublished":"2024-11-21T21:20:24+00:00","description":"In un momento storico di grande tensione internazionale, oggi, 21 novembre 2024, la Corte Penale Internazionale (CPI) ha emesso una sentenza","breadcrumb":{"@id":"https:\/\/www.pressenza.com\/it\/2024\/11\/solidarieta-e-giustizia-un-legame-essenziale-per-la-pace\/#breadcrumb"},"inLanguage":"it-IT","potentialAction":[{"@type":"ReadAction","target":["https:\/\/www.pressenza.com\/it\/2024\/11\/solidarieta-e-giustizia-un-legame-essenziale-per-la-pace\/"]}]},{"@type":"ImageObject","inLanguage":"it-IT","@id":"https:\/\/www.pressenza.com\/it\/2024\/11\/solidarieta-e-giustizia-un-legame-essenziale-per-la-pace\/#primaryimage","url":"https:\/\/www.pressenza.com\/wp-content\/uploads\/2024\/10\/Palestina-bambino.jpg","contentUrl":"https:\/\/www.pressenza.com\/wp-content\/uploads\/2024\/10\/Palestina-bambino.jpg","width":570,"height":570},{"@type":"BreadcrumbList","@id":"https:\/\/www.pressenza.com\/it\/2024\/11\/solidarieta-e-giustizia-un-legame-essenziale-per-la-pace\/#breadcrumb","itemListElement":[{"@type":"ListItem","position":1,"name":"Accueil","item":"https:\/\/www.pressenza.com\/it\/"},{"@type":"ListItem","position":2,"name":"Solidariet\u00e0 e giustizia: un legame essenziale per la Pace"}]},{"@type":"WebSite","@id":"https:\/\/www.pressenza.com\/it\/#website","url":"https:\/\/www.pressenza.com\/it\/","name":"Pressenza","description":"Agenzia di Stampa Internazionale","publisher":{"@id":"https:\/\/www.pressenza.com\/it\/#organization"},"potentialAction":[{"@type":"SearchAction","target":{"@type":"EntryPoint","urlTemplate":"https:\/\/www.pressenza.com\/it\/?s={search_term_string}"},"query-input":{"@type":"PropertyValueSpecification","valueRequired":true,"valueName":"search_term_string"}}],"inLanguage":"it-IT"},{"@type":"Organization","@id":"https:\/\/www.pressenza.com\/it\/#organization","name":"Pressenza","url":"https:\/\/www.pressenza.com\/it\/","logo":{"@type":"ImageObject","inLanguage":"it-IT","@id":"https:\/\/www.pressenza.com\/it\/#\/schema\/logo\/image\/","url":"https:\/\/www.pressenza.com\/wp-content\/uploads\/2022\/10\/pressenza_logo_200x200.jpg","contentUrl":"https:\/\/www.pressenza.com\/wp-content\/uploads\/2022\/10\/pressenza_logo_200x200.jpg","width":200,"height":200,"caption":"Pressenza"},"image":{"@id":"https:\/\/www.pressenza.com\/it\/#\/schema\/logo\/image\/"},"sameAs":["https:\/\/www.facebook.com\/PressenzaItalia","https:\/\/x.com\/PressenzaIPA"]},{"@type":"Person","@id":"https:\/\/www.pressenza.com\/it\/#\/schema\/person\/d983e81827ae24f2c7b1a2123d197f8d","name":"Redazione Italia","description":"News from the Pressenza Bureau in Italy","sameAs":["https:\/\/www.pressenza.com\/it\/author\/redazione-italia\/","https:\/\/www.facebook.com\/PressenzaItalia","https:\/\/www.instagram.com\/pressenza_italia\/","https:\/\/x.com\/pressenza_it","https:\/\/www.youtube.com\/channel\/UCSalEIWjE1RSxkwjfftFuqg"],"url":"https:\/\/www.pressenza.com\/it\/author\/redazione-italia\/"}]}},"place":"Brescia","original_article_url":"","_links":{"self":[{"href":"https:\/\/www.pressenza.com\/it\/wp-json\/wp\/v2\/posts\/2564534","targetHints":{"allow":["GET"]}}],"collection":[{"href":"https:\/\/www.pressenza.com\/it\/wp-json\/wp\/v2\/posts"}],"about":[{"href":"https:\/\/www.pressenza.com\/it\/wp-json\/wp\/v2\/types\/post"}],"author":[{"embeddable":true,"href":"https:\/\/www.pressenza.com\/it\/wp-json\/wp\/v2\/users\/594"}],"replies":[{"embeddable":true,"href":"https:\/\/www.pressenza.com\/it\/wp-json\/wp\/v2\/comments?post=2564534"}],"version-history":[{"count":0,"href":"https:\/\/www.pressenza.com\/it\/wp-json\/wp\/v2\/posts\/2564534\/revisions"}],"wp:featuredmedia":[{"embeddable":true,"href":"https:\/\/www.pressenza.com\/it\/wp-json\/wp\/v2\/media\/2558925"}],"wp:attachment":[{"href":"https:\/\/www.pressenza.com\/it\/wp-json\/wp\/v2\/media?parent=2564534"}],"wp:term":[{"taxonomy":"category","embeddable":true,"href":"https:\/\/www.pressenza.com\/it\/wp-json\/wp\/v2\/categories?post=2564534"},{"taxonomy":"post_tag","embeddable":true,"href":"https:\/\/www.pressenza.com\/it\/wp-json\/wp\/v2\/tags?post=2564534"}],"curies":[{"name":"wp","href":"https:\/\/api.w.org\/{rel}","templated":true}]}}