{"id":2563227,"date":"2024-11-16T16:33:36","date_gmt":"2024-11-16T16:33:36","guid":{"rendered":"https:\/\/www.pressenza.com\/?p=2563227"},"modified":"2024-11-17T13:35:15","modified_gmt":"2024-11-17T13:35:15","slug":"scuole-in-marcia-per-la-pace-e-la-nonviolenza","status":"publish","type":"post","link":"https:\/\/www.pressenza.com\/it\/2024\/11\/scuole-in-marcia-per-la-pace-e-la-nonviolenza\/","title":{"rendered":"Scuole in Marcia per la Pace e la Nonviolenza"},"content":{"rendered":"<p><em>Si \u00e8 tenuta a Roma, il 15 Novembre 2024, a Palazzo Valentini, la Conferenza Stampa di presentazione della III Marcia Mondiale per la Pace e la Nonviolenza. A seguito dei Saluti istituzionali dell\u2019On. Mariano Angelucci -Presidente Commissione Turismo, Moda e Relazioni Internazionali di Roma Capitale e Consigliere Metropolitano, della Cons. Carla Consuelo Fermariello &#8211; Presidente Commissione Permanente XI Scuola di Roma Capitale e Cons. Capitolina e del Cons. Pierluigi Sanna &#8211; Cons. Metropolitano e Sindaco di Colleferro; <\/em><em>ha parlato per il Comitato Promotore di <strong>Scuole in Marcia<\/strong> Federica Fratini, volontaria dell\u2019Organizzazione Internazionale Umanista La Comunit\u00e0 per lo Sviluppo Umano.<\/em><\/p>\n<p>&nbsp;<\/p>\n<p>Buongiorno, ringrazio la Citt\u00e0 Metropolitana per il Patrocinio e l\u2019ospitalit\u00e0.<\/p>\n<p>Siamo Scuole in Marcia.<\/p>\n<p>Siamo bambini, ragazze, alunne, studenti, genitori, insegnanti, volontari del III settore, educatrici\/ori, siamo una nuova generazione con una sensibilit\u00e0 crescente verso la prima civilt\u00e0 planetaria della storia umana.<\/p>\n<p>Viviamo in un pianeta che sta esplodendo in una spirale di violenza crescente: non solo l\u2019orrore delle guerre, lo sterminio di popoli, le catastrofi climatiche e ambientali, ma la violenza, la militarizzazione e la corsa agli armamenti abitano le nostre istituzioni, le nostre scuole, le nostre case e strade, le nostre relazioni sociali, personali e intime.<\/p>\n<p>Sempre pi\u00f9 allarmante \u00e8 la crescita dei casi di disturbi mentali-emotivi-sociali che si contano nelle classi e tra i giovani: ansia, depressione, autolesionismo, isolamento, abbandono scolastico, bullismo\/cyber-bullismo, diseducazione emotiva, problemi di integrazione sociale o di apprendimento. Sempre pi\u00f9 numerose sono le manifestazioni di comportamenti violenti \u2013 auto-inflitti, subiti o inflitti ad altre persone o all\u2019ambiente- che bambine\/i e adolescenti si trovano ad affrontare in prima persona o in forma assistita.<\/p>\n<p>Il problema \u00e8 serio e colpisce a prescindere da una specifica situazione sociale, economica o culturale.<\/p>\n<p>La Scuola \u00e8 il luogo dove \u00e8 maggiormente riconoscibile il problema, ma \u00e8 anche il luogo in cui \u00e8 concretamente possibile e DOVEROSO educare e trasmettere gli strumenti opportuni per affrontarlo e prevenirlo.<\/p>\n<p>Riteniamo che ci sia un unico vero cammino possibile per la Pace, per garantire a tutte e tutti nel futuro una vita personale e sociale sana, equilibrata, coerente, serena e gioiosa: EDUCARE ALLA METODOLOGIA DELLA NONVIOLENZA ATTIVA.<\/p>\n<p>ABBIAMO SPEDITO QUESTA MATTINA UNA RICHIESTA FORMALE AL MINISTRO DELL\u2019ISTRUZIONE GIUSEPPE VALDITARA, AFFINCHE\u2019 L\u2019EDUCAZIONE ALLA NONVIOLENZA DIVENGA MATERIA CURRICULARE IN OGNI SCUOLA DI ORDINE E GRADO.<\/p>\n<p>D\u2019altra parte la stessa indicazione \u00e8 riportata nella Raccomandazione del Consiglio Europeo sulle competenze chiave per l\u2019apprendimento permanente (2018), in particolare nelle competenze in materia di cittadinanza (n.6):<\/p>\n<p>\u201c<em>garantire che tutti gli studenti acquisiscano le conoscenze e le competenze necessarie per promuovere lo sviluppo sostenibile, tra cui, tra le altre, l\u2019educazione allo sviluppo sostenibile e agli stili di vita sostenibili, i diritti umani, l\u2019uguaglianza di genere, la promozione di una cultura di pace e nonviolenza, la cittadinanza globale e l\u2019apprezzamento della diversit\u00e0 culturale e del contributo della cultura allo sviluppo sostenibile<\/em>.\u201d<\/p>\n<p>Riconosciamo l\u2019urgenza e la necessit\u00e0 di imparare a rifiutare a priori qualsiasi uso della violenza, sia essa fisica, di genere, economica, etnica, religiosa, culturale, sessuale, psicologica e morale o una qualsiasi forma di discriminazione.<\/p>\n<p>Riconosciamo l\u2019uguaglianza di diritti e di opportunit\u00e0 per tutti gli esseri umani, in primis il diritto a nutrirsi, ripararsi, istruirsi, curarsi e realizzarsi contribuendo al benessere di tutte, tutti e tutto l\u2019esistente, condividendo le proprie virt\u00f9 e responsabilit\u00e0.<\/p>\n<p>\u00c8 per questo che la Marcia intende soprattutto sensibilizzare il mondo della Scuola, cui riconosciamo un ruolo cruciale nel promuovere e alimentare una nuova sensibilit\u00e0 e un nuovo paradigma culturale, affinch\u00e9 a partire dalle nuove generazioni possa diffondersi una coscienza nonviolenta in tutto il mondo.<\/p>\n<p><strong>Siamo Scuole in Marcia, siamo una nuova generazione e una nuova sensibilit\u00e0 che alimenta un NUOVO MITO: quello di una NAZIONE UMANA UNIVERSALE<\/strong>, che mi piace descrivere con le parole del propulsore dell\u2019Umanesimo Universalista, Mario Rodriguez Cobos, conosciuto come Silo (Punta de Vacas, 2004):<\/p>\n<p>\u201cSiamo alla fine di un oscuro periodo storico e ormai nulla sar\u00e0 come prima. Poco a poco comincer\u00e0 a scorgersi il chiarore dell\u2019alba di un giorno nuovo; le culture cominceranno a capirsi, le nuove generazioni cominceranno ad insegnare a quelle adulte con un nuovo affetto e una nuova comprensione, i popoli sperimenteranno un\u2019ansia crescente di progresso per tutti comprendendo che il progresso di pochi finisce per essere il progresso di nessuno. S\u00ec, ci sar\u00e0 pace e per necessit\u00e0 si comprender\u00e0 che comincia a profilarsi una Nazione Umana Universale\u201d.<\/p>\n<p>In tutto il mondo sono centinaia le Scuole e Universit\u00e0 che hanno aderito a questa III Marcia Mondiale per la Pace e la Nonviolenza.<\/p>\n<p>A Roma, venerd\u00ec prossimo, 22 novembre, oltre al IC Villaggio Prenestino \u2013 che ha coinvolto tutte le classi (circa 1000 partecipanti) in una breve marcia nel giardino della scuola che terminer\u00e0 con la realizzazione dei simboli della Pace e della Nonviolenza \u2013 nella Piazza del Campidoglio a partire dalle 10,00 si svolger\u00e0 l\u2019evento <strong>LA VOCE DI CHI GUARDA AL FUTURO<\/strong>.<\/p>\n<p>Sar\u00e0 l\u2019Assessora per la Scuola, Formazione e Lavoro del Comune di Roma, Claudia Pratelli, che ha assicurato il Patrocinio a tutti gli eventi della Marcia nei giorni 22-24 novembre, ad accogliere e salutare alunne e studenti. Ci tengo a ringraziare e a sottolineare il supporto dell\u2019Assessorato alla Scuola, ma anche la Presidente della Commissione Scuola del Comune di Roma, Carla Fermariello, che da anni sostiene tutte le nostre iniziative volte alla diffusione della Cultura della Nonviolenza, e la Presidente dell\u2019Assemblea Capitolina Svetlana Celli, per il sostegno all\u2019evento che si terr\u00e0 il prossimo venerd\u00ec nella Piazza del Campidoglio.<\/p>\n<p>Pi\u00f9 di 300 tra alunne e studenti provenienti da diversi istituti comprensivi e superiori di Roma, insieme con una rappresentanza del Parlamento delle Ragazze e dei Ragazzi dell\u2019IC Piersanti-Mattarella e alla Formazione Cor-O-rchestra dell\u2019Istituto Midossi di Civita Castellana, si riuniranno per realizzare il simbolo della Nonviolenza.<\/p>\n<p>Un simbolo che richiama alla coerenza interna \u2013 ovvero mettere in accordo il nostro pensare, sentire e agire \u2013 e alla coerenza sociale, ovvero mettere in pratica quel principio di saggezza millenaria e universale che invita a <strong>TRATTARE LE ALTRE PERSONE COME VORREMMO ESSERE TRATTATE\/I<\/strong>.<\/p>\n<p>Saranno bambine e ragazzi a dar voce alla Lettera inviata al Ministro dal comitato promotore di Scuole in Marcia, e saranno sempre loro a dar voce alle loro elaborazioni sulla Pace e la Nonviolenza: pensieri, parole, disegni, prima di chiudere con le canzoni del Cor-O-rchestra Midossi, tutte e tutti insieme faremo una richiesta dal profondo del cuore per un mondo di pace senza pi\u00f9 guerre, senza pi\u00f9 armi, senza pi\u00f9 confini, senza pi\u00f9 discriminazioni, senza pi\u00f9 violenza in cui il valore centrale sia la nostra umanit\u00e0 e la poesia dell\u2019esistenza.<\/p>\n<p>info@scuoleinmarcia.it\u00a0\u00a0\u00a0\u00a0\u00a0\u00a0\u00a0 www.scuoleinmarcia.it<\/p>\n<p>www.theworldmarch.org<\/p>\n<p>&nbsp;<\/p>\n","protected":false},"excerpt":{"rendered":"<p>Si \u00e8 tenuta a Roma, il 15 Novembre 2024, a Palazzo Valentini, la Conferenza Stampa di presentazione della III Marcia Mondiale per la Pace e la Nonviolenza. A seguito dei Saluti istituzionali dell\u2019On. Mariano Angelucci -Presidente Commissione Turismo, Moda e&hellip;<\/p>\n","protected":false},"author":594,"featured_media":2563242,"comment_status":"closed","ping_status":"closed","sticky":false,"template":"","format":"standard","meta":{"footnotes":""},"categories":[150,1258,46975,1263],"tags":[4247,129208,129207,104474],"class_list":["post-2563227","post","type-post","status-publish","format-standard","has-post-thumbnail","hentry","category-comunicati-stampa","category-educazione","category-giovani","category-pace-disarmo","tag-la-comunita-per-lo-sviluppo-umano","tag-organizzazione-internazionale-umanista","tag-scuole-in-marcia","tag-terza-marcia-mondiale-per-la-pace-e-la-nonviolenza"],"yoast_head":"<!-- This site is optimized with the Yoast SEO plugin v27.1.1 - https:\/\/yoast.com\/product\/yoast-seo-wordpress\/ -->\n<title>Scuole in Marcia per la Pace e la Nonviolenza<\/title>\n<meta name=\"description\" content=\"Si \u00e8 tenuta a Roma, il 15 Novembre 2024, a Palazzo Valentini, la Conferenza Stampa di presentazione della III Marcia Mondiale per la Pace e la\" \/>\n<meta name=\"robots\" content=\"index, follow, max-snippet:-1, max-image-preview:large, max-video-preview:-1\" \/>\n<link rel=\"canonical\" href=\"https:\/\/www.pressenza.com\/it\/2024\/11\/scuole-in-marcia-per-la-pace-e-la-nonviolenza\/\" \/>\n<meta property=\"og:locale\" content=\"it_IT\" \/>\n<meta property=\"og:type\" content=\"article\" \/>\n<meta property=\"og:title\" content=\"Scuole in Marcia per la Pace e la Nonviolenza\" \/>\n<meta property=\"og:description\" content=\"Si \u00e8 tenuta a Roma, il 15 Novembre 2024, a Palazzo Valentini, la Conferenza Stampa di presentazione della III Marcia Mondiale per la Pace e la\" \/>\n<meta property=\"og:url\" content=\"https:\/\/www.pressenza.com\/it\/2024\/11\/scuole-in-marcia-per-la-pace-e-la-nonviolenza\/\" \/>\n<meta property=\"og:site_name\" content=\"Pressenza\" \/>\n<meta property=\"article:publisher\" content=\"https:\/\/www.facebook.com\/PressenzaItalia\" \/>\n<meta property=\"article:author\" content=\"https:\/\/www.facebook.com\/PressenzaItalia\" \/>\n<meta property=\"article:published_time\" content=\"2024-11-16T16:33:36+00:00\" \/>\n<meta property=\"article:modified_time\" content=\"2024-11-17T13:35:15+00:00\" \/>\n<meta property=\"og:image\" content=\"https:\/\/www.pressenza.com\/wp-content\/uploads\/2024\/11\/marcia-mondiale-a-Roma-e1731774668947.jpg\" \/>\n\t<meta property=\"og:image:width\" content=\"800\" \/>\n\t<meta property=\"og:image:height\" content=\"450\" \/>\n\t<meta property=\"og:image:type\" content=\"image\/jpeg\" \/>\n<meta name=\"author\" content=\"Redazione Italia\" \/>\n<meta name=\"twitter:card\" content=\"summary_large_image\" \/>\n<meta name=\"twitter:creator\" content=\"@pressenza_it\" \/>\n<meta name=\"twitter:site\" content=\"@PressenzaIPA\" \/>\n<meta name=\"twitter:label1\" content=\"Scritto da\" \/>\n\t<meta name=\"twitter:data1\" content=\"Redazione Italia\" \/>\n\t<meta name=\"twitter:label2\" content=\"Tempo di lettura stimato\" \/>\n\t<meta name=\"twitter:data2\" content=\"6 minuti\" \/>\n<script type=\"application\/ld+json\" class=\"yoast-schema-graph\">{\"@context\":\"https:\/\/schema.org\",\"@graph\":[{\"@type\":\"Article\",\"@id\":\"https:\/\/www.pressenza.com\/it\/2024\/11\/scuole-in-marcia-per-la-pace-e-la-nonviolenza\/#article\",\"isPartOf\":{\"@id\":\"https:\/\/www.pressenza.com\/it\/2024\/11\/scuole-in-marcia-per-la-pace-e-la-nonviolenza\/\"},\"author\":{\"name\":\"Redazione Italia\",\"@id\":\"https:\/\/www.pressenza.com\/it\/#\/schema\/person\/d983e81827ae24f2c7b1a2123d197f8d\"},\"headline\":\"Scuole in Marcia per la Pace e la Nonviolenza\",\"datePublished\":\"2024-11-16T16:33:36+00:00\",\"dateModified\":\"2024-11-17T13:35:15+00:00\",\"mainEntityOfPage\":{\"@id\":\"https:\/\/www.pressenza.com\/it\/2024\/11\/scuole-in-marcia-per-la-pace-e-la-nonviolenza\/\"},\"wordCount\":1109,\"publisher\":{\"@id\":\"https:\/\/www.pressenza.com\/it\/#organization\"},\"image\":{\"@id\":\"https:\/\/www.pressenza.com\/it\/2024\/11\/scuole-in-marcia-per-la-pace-e-la-nonviolenza\/#primaryimage\"},\"thumbnailUrl\":\"https:\/\/www.pressenza.com\/wp-content\/uploads\/2024\/11\/marcia-mondiale-a-Roma-e1731774668947.jpg\",\"keywords\":[\"La Comunit\u00e0 per lo Sviluppo Umano\",\"Organizzazione Internazionale Umanista\",\"Scuole in marcia\",\"Terza Marcia Mondiale per la Pace e la Nonviolenza\"],\"articleSection\":[\"Comunicati Stampa\",\"Educazione\",\"Giovani\",\"Pace e Disarmo\"],\"inLanguage\":\"it-IT\"},{\"@type\":\"WebPage\",\"@id\":\"https:\/\/www.pressenza.com\/it\/2024\/11\/scuole-in-marcia-per-la-pace-e-la-nonviolenza\/\",\"url\":\"https:\/\/www.pressenza.com\/it\/2024\/11\/scuole-in-marcia-per-la-pace-e-la-nonviolenza\/\",\"name\":\"Scuole in Marcia per la Pace e la Nonviolenza\",\"isPartOf\":{\"@id\":\"https:\/\/www.pressenza.com\/it\/#website\"},\"primaryImageOfPage\":{\"@id\":\"https:\/\/www.pressenza.com\/it\/2024\/11\/scuole-in-marcia-per-la-pace-e-la-nonviolenza\/#primaryimage\"},\"image\":{\"@id\":\"https:\/\/www.pressenza.com\/it\/2024\/11\/scuole-in-marcia-per-la-pace-e-la-nonviolenza\/#primaryimage\"},\"thumbnailUrl\":\"https:\/\/www.pressenza.com\/wp-content\/uploads\/2024\/11\/marcia-mondiale-a-Roma-e1731774668947.jpg\",\"datePublished\":\"2024-11-16T16:33:36+00:00\",\"dateModified\":\"2024-11-17T13:35:15+00:00\",\"description\":\"Si \u00e8 tenuta a Roma, il 15 Novembre 2024, a Palazzo Valentini, la Conferenza Stampa di presentazione della III Marcia Mondiale per la Pace e la\",\"breadcrumb\":{\"@id\":\"https:\/\/www.pressenza.com\/it\/2024\/11\/scuole-in-marcia-per-la-pace-e-la-nonviolenza\/#breadcrumb\"},\"inLanguage\":\"it-IT\",\"potentialAction\":[{\"@type\":\"ReadAction\",\"target\":[\"https:\/\/www.pressenza.com\/it\/2024\/11\/scuole-in-marcia-per-la-pace-e-la-nonviolenza\/\"]}]},{\"@type\":\"ImageObject\",\"inLanguage\":\"it-IT\",\"@id\":\"https:\/\/www.pressenza.com\/it\/2024\/11\/scuole-in-marcia-per-la-pace-e-la-nonviolenza\/#primaryimage\",\"url\":\"https:\/\/www.pressenza.com\/wp-content\/uploads\/2024\/11\/marcia-mondiale-a-Roma-e1731774668947.jpg\",\"contentUrl\":\"https:\/\/www.pressenza.com\/wp-content\/uploads\/2024\/11\/marcia-mondiale-a-Roma-e1731774668947.jpg\",\"width\":800,\"height\":450},{\"@type\":\"BreadcrumbList\",\"@id\":\"https:\/\/www.pressenza.com\/it\/2024\/11\/scuole-in-marcia-per-la-pace-e-la-nonviolenza\/#breadcrumb\",\"itemListElement\":[{\"@type\":\"ListItem\",\"position\":1,\"name\":\"Accueil\",\"item\":\"https:\/\/www.pressenza.com\/it\/\"},{\"@type\":\"ListItem\",\"position\":2,\"name\":\"Scuole in Marcia per la Pace e la Nonviolenza\"}]},{\"@type\":\"WebSite\",\"@id\":\"https:\/\/www.pressenza.com\/it\/#website\",\"url\":\"https:\/\/www.pressenza.com\/it\/\",\"name\":\"Pressenza\",\"description\":\"Agenzia di Stampa Internazionale\",\"publisher\":{\"@id\":\"https:\/\/www.pressenza.com\/it\/#organization\"},\"potentialAction\":[{\"@type\":\"SearchAction\",\"target\":{\"@type\":\"EntryPoint\",\"urlTemplate\":\"https:\/\/www.pressenza.com\/it\/?s={search_term_string}\"},\"query-input\":{\"@type\":\"PropertyValueSpecification\",\"valueRequired\":true,\"valueName\":\"search_term_string\"}}],\"inLanguage\":\"it-IT\"},{\"@type\":\"Organization\",\"@id\":\"https:\/\/www.pressenza.com\/it\/#organization\",\"name\":\"Pressenza\",\"url\":\"https:\/\/www.pressenza.com\/it\/\",\"logo\":{\"@type\":\"ImageObject\",\"inLanguage\":\"it-IT\",\"@id\":\"https:\/\/www.pressenza.com\/it\/#\/schema\/logo\/image\/\",\"url\":\"https:\/\/www.pressenza.com\/wp-content\/uploads\/2022\/10\/pressenza_logo_200x200.jpg\",\"contentUrl\":\"https:\/\/www.pressenza.com\/wp-content\/uploads\/2022\/10\/pressenza_logo_200x200.jpg\",\"width\":200,\"height\":200,\"caption\":\"Pressenza\"},\"image\":{\"@id\":\"https:\/\/www.pressenza.com\/it\/#\/schema\/logo\/image\/\"},\"sameAs\":[\"https:\/\/www.facebook.com\/PressenzaItalia\",\"https:\/\/x.com\/PressenzaIPA\"]},{\"@type\":\"Person\",\"@id\":\"https:\/\/www.pressenza.com\/it\/#\/schema\/person\/d983e81827ae24f2c7b1a2123d197f8d\",\"name\":\"Redazione Italia\",\"description\":\"News from the Pressenza Bureau in Italy\",\"sameAs\":[\"https:\/\/www.pressenza.com\/it\/author\/redazione-italia\/\",\"https:\/\/www.facebook.com\/PressenzaItalia\",\"https:\/\/www.instagram.com\/pressenza_italia\/\",\"https:\/\/x.com\/pressenza_it\",\"https:\/\/www.youtube.com\/channel\/UCSalEIWjE1RSxkwjfftFuqg\"],\"url\":\"https:\/\/www.pressenza.com\/it\/author\/redazione-italia\/\"}]}<\/script>\n<!-- \/ Yoast SEO plugin. -->","yoast_head_json":{"title":"Scuole in Marcia per la Pace e la Nonviolenza","description":"Si \u00e8 tenuta a Roma, il 15 Novembre 2024, a Palazzo Valentini, la Conferenza Stampa di presentazione della III Marcia Mondiale per la Pace e la","robots":{"index":"index","follow":"follow","max-snippet":"max-snippet:-1","max-image-preview":"max-image-preview:large","max-video-preview":"max-video-preview:-1"},"canonical":"https:\/\/www.pressenza.com\/it\/2024\/11\/scuole-in-marcia-per-la-pace-e-la-nonviolenza\/","og_locale":"it_IT","og_type":"article","og_title":"Scuole in Marcia per la Pace e la Nonviolenza","og_description":"Si \u00e8 tenuta a Roma, il 15 Novembre 2024, a Palazzo Valentini, la Conferenza Stampa di presentazione della III Marcia Mondiale per la Pace e la","og_url":"https:\/\/www.pressenza.com\/it\/2024\/11\/scuole-in-marcia-per-la-pace-e-la-nonviolenza\/","og_site_name":"Pressenza","article_publisher":"https:\/\/www.facebook.com\/PressenzaItalia","article_author":"https:\/\/www.facebook.com\/PressenzaItalia","article_published_time":"2024-11-16T16:33:36+00:00","article_modified_time":"2024-11-17T13:35:15+00:00","og_image":[{"width":800,"height":450,"url":"https:\/\/www.pressenza.com\/wp-content\/uploads\/2024\/11\/marcia-mondiale-a-Roma-e1731774668947.jpg","type":"image\/jpeg"}],"author":"Redazione Italia","twitter_card":"summary_large_image","twitter_creator":"@pressenza_it","twitter_site":"@PressenzaIPA","twitter_misc":{"Scritto da":"Redazione Italia","Tempo di lettura stimato":"6 minuti"},"schema":{"@context":"https:\/\/schema.org","@graph":[{"@type":"Article","@id":"https:\/\/www.pressenza.com\/it\/2024\/11\/scuole-in-marcia-per-la-pace-e-la-nonviolenza\/#article","isPartOf":{"@id":"https:\/\/www.pressenza.com\/it\/2024\/11\/scuole-in-marcia-per-la-pace-e-la-nonviolenza\/"},"author":{"name":"Redazione Italia","@id":"https:\/\/www.pressenza.com\/it\/#\/schema\/person\/d983e81827ae24f2c7b1a2123d197f8d"},"headline":"Scuole in Marcia per la Pace e la Nonviolenza","datePublished":"2024-11-16T16:33:36+00:00","dateModified":"2024-11-17T13:35:15+00:00","mainEntityOfPage":{"@id":"https:\/\/www.pressenza.com\/it\/2024\/11\/scuole-in-marcia-per-la-pace-e-la-nonviolenza\/"},"wordCount":1109,"publisher":{"@id":"https:\/\/www.pressenza.com\/it\/#organization"},"image":{"@id":"https:\/\/www.pressenza.com\/it\/2024\/11\/scuole-in-marcia-per-la-pace-e-la-nonviolenza\/#primaryimage"},"thumbnailUrl":"https:\/\/www.pressenza.com\/wp-content\/uploads\/2024\/11\/marcia-mondiale-a-Roma-e1731774668947.jpg","keywords":["La Comunit\u00e0 per lo Sviluppo Umano","Organizzazione Internazionale Umanista","Scuole in marcia","Terza Marcia Mondiale per la Pace e la Nonviolenza"],"articleSection":["Comunicati Stampa","Educazione","Giovani","Pace e Disarmo"],"inLanguage":"it-IT"},{"@type":"WebPage","@id":"https:\/\/www.pressenza.com\/it\/2024\/11\/scuole-in-marcia-per-la-pace-e-la-nonviolenza\/","url":"https:\/\/www.pressenza.com\/it\/2024\/11\/scuole-in-marcia-per-la-pace-e-la-nonviolenza\/","name":"Scuole in Marcia per la Pace e la Nonviolenza","isPartOf":{"@id":"https:\/\/www.pressenza.com\/it\/#website"},"primaryImageOfPage":{"@id":"https:\/\/www.pressenza.com\/it\/2024\/11\/scuole-in-marcia-per-la-pace-e-la-nonviolenza\/#primaryimage"},"image":{"@id":"https:\/\/www.pressenza.com\/it\/2024\/11\/scuole-in-marcia-per-la-pace-e-la-nonviolenza\/#primaryimage"},"thumbnailUrl":"https:\/\/www.pressenza.com\/wp-content\/uploads\/2024\/11\/marcia-mondiale-a-Roma-e1731774668947.jpg","datePublished":"2024-11-16T16:33:36+00:00","dateModified":"2024-11-17T13:35:15+00:00","description":"Si \u00e8 tenuta a Roma, il 15 Novembre 2024, a Palazzo Valentini, la Conferenza Stampa di presentazione della III Marcia Mondiale per la Pace e la","breadcrumb":{"@id":"https:\/\/www.pressenza.com\/it\/2024\/11\/scuole-in-marcia-per-la-pace-e-la-nonviolenza\/#breadcrumb"},"inLanguage":"it-IT","potentialAction":[{"@type":"ReadAction","target":["https:\/\/www.pressenza.com\/it\/2024\/11\/scuole-in-marcia-per-la-pace-e-la-nonviolenza\/"]}]},{"@type":"ImageObject","inLanguage":"it-IT","@id":"https:\/\/www.pressenza.com\/it\/2024\/11\/scuole-in-marcia-per-la-pace-e-la-nonviolenza\/#primaryimage","url":"https:\/\/www.pressenza.com\/wp-content\/uploads\/2024\/11\/marcia-mondiale-a-Roma-e1731774668947.jpg","contentUrl":"https:\/\/www.pressenza.com\/wp-content\/uploads\/2024\/11\/marcia-mondiale-a-Roma-e1731774668947.jpg","width":800,"height":450},{"@type":"BreadcrumbList","@id":"https:\/\/www.pressenza.com\/it\/2024\/11\/scuole-in-marcia-per-la-pace-e-la-nonviolenza\/#breadcrumb","itemListElement":[{"@type":"ListItem","position":1,"name":"Accueil","item":"https:\/\/www.pressenza.com\/it\/"},{"@type":"ListItem","position":2,"name":"Scuole in Marcia per la Pace e la Nonviolenza"}]},{"@type":"WebSite","@id":"https:\/\/www.pressenza.com\/it\/#website","url":"https:\/\/www.pressenza.com\/it\/","name":"Pressenza","description":"Agenzia di Stampa Internazionale","publisher":{"@id":"https:\/\/www.pressenza.com\/it\/#organization"},"potentialAction":[{"@type":"SearchAction","target":{"@type":"EntryPoint","urlTemplate":"https:\/\/www.pressenza.com\/it\/?s={search_term_string}"},"query-input":{"@type":"PropertyValueSpecification","valueRequired":true,"valueName":"search_term_string"}}],"inLanguage":"it-IT"},{"@type":"Organization","@id":"https:\/\/www.pressenza.com\/it\/#organization","name":"Pressenza","url":"https:\/\/www.pressenza.com\/it\/","logo":{"@type":"ImageObject","inLanguage":"it-IT","@id":"https:\/\/www.pressenza.com\/it\/#\/schema\/logo\/image\/","url":"https:\/\/www.pressenza.com\/wp-content\/uploads\/2022\/10\/pressenza_logo_200x200.jpg","contentUrl":"https:\/\/www.pressenza.com\/wp-content\/uploads\/2022\/10\/pressenza_logo_200x200.jpg","width":200,"height":200,"caption":"Pressenza"},"image":{"@id":"https:\/\/www.pressenza.com\/it\/#\/schema\/logo\/image\/"},"sameAs":["https:\/\/www.facebook.com\/PressenzaItalia","https:\/\/x.com\/PressenzaIPA"]},{"@type":"Person","@id":"https:\/\/www.pressenza.com\/it\/#\/schema\/person\/d983e81827ae24f2c7b1a2123d197f8d","name":"Redazione Italia","description":"News from the Pressenza Bureau in Italy","sameAs":["https:\/\/www.pressenza.com\/it\/author\/redazione-italia\/","https:\/\/www.facebook.com\/PressenzaItalia","https:\/\/www.instagram.com\/pressenza_italia\/","https:\/\/x.com\/pressenza_it","https:\/\/www.youtube.com\/channel\/UCSalEIWjE1RSxkwjfftFuqg"],"url":"https:\/\/www.pressenza.com\/it\/author\/redazione-italia\/"}]}},"place":"","original_article_url":"","_links":{"self":[{"href":"https:\/\/www.pressenza.com\/it\/wp-json\/wp\/v2\/posts\/2563227","targetHints":{"allow":["GET"]}}],"collection":[{"href":"https:\/\/www.pressenza.com\/it\/wp-json\/wp\/v2\/posts"}],"about":[{"href":"https:\/\/www.pressenza.com\/it\/wp-json\/wp\/v2\/types\/post"}],"author":[{"embeddable":true,"href":"https:\/\/www.pressenza.com\/it\/wp-json\/wp\/v2\/users\/594"}],"replies":[{"embeddable":true,"href":"https:\/\/www.pressenza.com\/it\/wp-json\/wp\/v2\/comments?post=2563227"}],"version-history":[{"count":0,"href":"https:\/\/www.pressenza.com\/it\/wp-json\/wp\/v2\/posts\/2563227\/revisions"}],"wp:featuredmedia":[{"embeddable":true,"href":"https:\/\/www.pressenza.com\/it\/wp-json\/wp\/v2\/media\/2563242"}],"wp:attachment":[{"href":"https:\/\/www.pressenza.com\/it\/wp-json\/wp\/v2\/media?parent=2563227"}],"wp:term":[{"taxonomy":"category","embeddable":true,"href":"https:\/\/www.pressenza.com\/it\/wp-json\/wp\/v2\/categories?post=2563227"},{"taxonomy":"post_tag","embeddable":true,"href":"https:\/\/www.pressenza.com\/it\/wp-json\/wp\/v2\/tags?post=2563227"}],"curies":[{"name":"wp","href":"https:\/\/api.w.org\/{rel}","templated":true}]}}