{"id":2562809,"date":"2024-11-14T22:49:44","date_gmt":"2024-11-14T22:49:44","guid":{"rendered":"https:\/\/www.pressenza.com\/?p=2562809"},"modified":"2024-11-20T13:53:22","modified_gmt":"2024-11-20T13:53:22","slug":"prossimo-futuro-numero-speciale-per-il-passaggio-in-italia-della-terza-marcia-mondiale-per-la-pace-e-la-nonviolenza","status":"publish","type":"post","link":"https:\/\/www.pressenza.com\/it\/2024\/11\/prossimo-futuro-numero-speciale-per-il-passaggio-in-italia-della-terza-marcia-mondiale-per-la-pace-e-la-nonviolenza\/","title":{"rendered":"Prossimo Futuro: numero speciale per il passaggio in Italia della Terza Marcia Mondiale per la Pace e la Nonviolenza"},"content":{"rendered":"<p><em>Questo il calendario completo, in aggiornamento, del passaggio in Italia della Terza Marcia Mondiale per la Pace e la Nonviolenza di cui Pressenza \u00e8 media partner.<\/em> \u00a0 <b>Attigliano 16 Novembre<\/b> <span style=\"font-weight: 400;\">Parco di Studio e Riflessione, Via S. Eugenia, 3<\/span> <span style=\"font-weight: 400;\">ore 11:15\u00a0 -Saluti Istituzionali<\/span> <span style=\"font-weight: 400;\">Parole di benvenuto e saluti da parte del sindaco di Attigliano Leonardo Vincenzo Fazio<\/span> <span style=\"font-weight: 400;\">\u00a0Ore 11:30 \u2013 Presentazione della 3\u00aa Marcia Mondiale<\/span> <span style=\"font-weight: 400;\">Il senso della Marcia e i suoi obiettivi! Condivideremo foto, racconti ed eventi dai paesi attraversati fino ad ora. Testimonianze dei marciatori.<\/span> <span style=\"font-weight: 400;\">\u00a0Ore 13:00 \u2013 Pranzo condiviso<\/span> <span style=\"font-weight: 400;\">Porta qualcosa da condividere e pranziamo insieme in un clima di amicizia e solidariet\u00e0!\u00a0<\/span> <span style=\"font-weight: 400;\">\u00a0Ore 15:30 \u2013 Cerimonia per la Pace<\/span> <span style=\"font-weight: 400;\">Un momento per portare la pace dentro di noi, nelle relazioni e nel mondo.\u00a0 Meditazione sul significato della pace e diffusione della non violenza.<\/span> <span style=\"font-weight: 400;\">\u00a0Ore 16:00 \u2013 Seconda presentazione della Marcia Mondiale<\/span> <span style=\"font-weight: 400;\">Presentazione della 3MM, testimonianze\u00a0 e idee e progetti per la diffusione degli ideali della nonviolenza.\u00a0<\/span> <span style=\"font-weight: 400;\">\u00a0Nel Parco ci sar\u00e0:<\/span><\/p>\r\n<ul>\r\n<li style=\"font-weight: 400;\" aria-level=\"1\"><span style=\"font-weight: 400;\">Esposizione artistica dal titolo: L&#8217;arte come strumento di trasformazione nella risoluzione dei conflitti a cura di:Tiziana Salvatici, Luigi Romani, Tommaso Pancaldi, Daniel Alvarez<\/span><\/li>\r\n<li style=\"font-weight: 400;\" aria-level=\"1\"><span style=\"font-weight: 400;\">\u00a0Mostra Fotografica dedicata alla Prima Marcia Mondiale ad Attigliano.<\/span><\/li>\r\n<li style=\"font-weight: 400;\" aria-level=\"1\"><span style=\"font-weight: 400;\">Area Disegno per Bambini (Multiuso): uno spazio speciale in cui i pi\u00f9 piccoli possono condividere attraverso i loro disegni il messaggio di pace e nonviolenza. Un\u2019occasione per celebrare la creativit\u00e0, l&#8217;arte e l&#8217;armonia!\u00a0<\/span><\/li>\r\n<\/ul>\r\n<p>\u00a0 <b>Trieste 18 &#8211; 19 Novembre<\/b> <b>18 Novembre<\/b> <span style=\"font-weight: 400;\">Trieste Flute Festival 2024 \u201cPeace bring the world together<\/span> <span style=\"font-weight: 400;\">La Pace unisce il mondo\u201d<\/span> <b>ore 11:00<\/b> <span style=\"font-weight: 400;\">Teatro Miela &#8211; Trieste<\/span> <span style=\"font-weight: 400;\">nell\u2019ambito del Progetto \u201cSette note per la Pace\u201d<\/span> <span style=\"font-weight: 400;\">con la presenza dell\u2019ideatore della Marcia Mondiale per la Pace e la Nonviolenza, Rafael De La Rubia; modera Ettore Michelazzi<\/span> <span style=\"font-weight: 400;\">interventi musicali a cura di Liceo Musicale Carducci Dante, I.C. Bartol,\u00a0<\/span> <span style=\"font-weight: 400;\">I.C. Campi Elisi<\/span> <span style=\"font-weight: 400;\">Organizzatori: Amici Giovent\u00f9 Musicale Trieste OdV e Trieste Flute Associaton<\/span> <b>ore 17:30<\/b> Sala Unicusano &#8211; via Fabio Severo 14\/b<\/p>\r\n<p class=\"xmprfx_default-style\">Assemblea intitolata &#8220;Trieste, Laboratorio di Pace in Alpe Adria&#8221; alla presenza del Team internazionale della 3a Marcia Mondiale e del suo fondatore lo spagnolo Rafael De La Rubia. Coordina Alessandro Capuzzo.<\/p>\r\n<p class=\"xmprfx_default-style\">Durante l&#8217;Assemblea verranno distribuite al pubblico copie del Manifesto di promozione della 3a Marcia Mondiale e dell&#8217;Appello per un&#8217;Alpe Adria Neutrale di fronte all&#8217;escalation bellica in corso.<\/p>\r\n<p><b>19 novembre\u00a0<\/b> <b>ore 16.00<\/b> <span style=\"font-weight: 400;\">Accendiamo insieme &#8211; Fari di pace<\/span> <span style=\"font-weight: 400;\">In occasione del passaggio della marcia mondiale per la pace e la <\/span><span style=\"font-weight: 400;\">nonviolenza, un momento di riflessione e confronto sulla Pace a sostegno <\/span><span style=\"font-weight: 400;\">art. 11 della Costituzione e della legge 185\/90<\/span> <span style=\"font-weight: 400;\">Sala Luttazzi &#8211; Magazzino 26 &#8211; Porto Vecchio &#8211; Trieste<\/span> <span style=\"font-weight: 400;\">Intervengono:<\/span> <span style=\"font-weight: 400;\">Norberto Julini, don Paolo Iannacone, Carlo Tombola, Carlo Cefaloni, <\/span><span style=\"font-weight: 400;\">Jos\u00e8 Nivoi, Antonio Pinelli, Mons. Enrico Trevisi<\/span> <span style=\"font-weight: 400;\">Introduzione<\/span> <span style=\"font-weight: 400;\">Norberto Julini &#8211; Coordinatore nazionale di Pax Christi<\/span> <span style=\"font-weight: 400;\">Accoglienza staffette della terza marcia mondiale della pace<\/span> <span style=\"font-weight: 400;\">a cura di Alessandro Capuzzo con video-saluto di Rafael De La Rubia<\/span> <span style=\"font-weight: 400;\">Perch\u00e8 fari di pace nella chiesa? L&#8217;ecclesialit\u00e0 dell&#8217;iniziativa sulla <\/span><span style=\"font-weight: 400;\">base di Pacem in Terris<\/span> <span style=\"font-weight: 400;\">Don Paolo Iannacone &#8211; Presidente del Centro Balducci<\/span> <span style=\"font-weight: 400;\">Guerra e logistica dei porti dell&#8217;Adriatico<\/span> <span style=\"font-weight: 400;\">Carlo Tombola &#8211; Weapon Watch<\/span> <span style=\"font-weight: 400;\">La sfida di un laboratorio permanente di riconversione industriale oggi<\/span> <span style=\"font-weight: 400;\">in Italia per andare al cuore della democrazia economica<\/span> <span style=\"font-weight: 400;\">Carlo Cefaloni &#8211; Movimento dei Focolari &#8211; Giornalista di Citt\u00e0 Nuova<\/span> <span style=\"font-weight: 400;\">I portuali genovesi contro la guerra<\/span> <span style=\"font-weight: 400;\">Jos\u00e8 Nivoi &#8211; Rappresentante e Portavoce del Calp di Genova<\/span> <span style=\"font-weight: 400;\">Verso la pace: tra ideali e realt\u00e0, la sfida di costruire un futuro giusto<\/span> <span style=\"font-weight: 400;\">Antonio Pittelli &#8211; Segretario Generale FIT CISL Friuli Venezia Giulia<\/span> \u00a0 <span style=\"font-weight: 400;\">Consegna della lettera sul rispetto della legge 185\/1990 all&#8217;autorit\u00e0 <\/span><span style=\"font-weight: 400;\">portuale e intervento dell&#8217;autorit\u00e0 portuale<\/span> <span style=\"font-weight: 400;\">Conclusioni<\/span> <span style=\"font-weight: 400;\">Mons. Enrico Trevisi &#8211; Vescovo di Trieste<\/span> <span style=\"font-weight: 400;\">Reading letterario-musicale: simulazione di un incidente nucleare alla <\/span><span style=\"font-weight: 400;\">base di Aviano<\/span> <span style=\"font-weight: 400;\">Nicol\u00f2 Spanghero<\/span> \u00a0 <b>Perugia 19 Novembre<\/b> <span style=\"font-weight: 400;\">Universit\u00e0 degli Studi, Aula Magna-Palazzo Florenzi (Piazza Ermini 1)<\/span> <span style=\"font-weight: 400;\">Saluti istituzionali con Maurizio Oliviero (Rettore UNIPG), Vittoria Ferdinandi (Sindaca Comune di Perugia) e Massimiliano Marianelli (Direttore FISSUF)<\/span> <span style=\"font-weight: 400;\">Incontro dal titolo \u201cSentire di Pace, raccontare l\u2019umanit\u00e0 oltre i conflitti\u201d<\/span> <span style=\"font-weight: 400;\">Con due momenti distinti\u00a0<\/span> <span style=\"font-weight: 400;\">*) \u201cCostruire la pace\u201d introduce Elisa Delvecchio (professore associato Psicologia, referente progetti per la Pace UNIPG- con Rafael de la Rubia e Tiziana Volta (Terza Marcia Mondiale per la Pace e la Nonviolenza) e il gruppo di lavoro UNIPG per la Pace (Studentesse e studenti)<\/span> <span style=\"font-weight: 400;\">*) Narrare l\u2019umano oltre il conflitto, interventi di Malek Twail (Ambasciatore, Capo Missione della Lega degli Stati Arabi a Madrid), Monika Bulaj \u00a0(fotografa<\/span> <span style=\"font-weight: 400;\">Reporter, documentarista), Elisa Testi (Giornalista e inviata di La7), Fr. Ibrahim Faltas (Vicario della Custodia di Terra Santa).<\/span> \u00a0 <b>Alto Verbano 17 &#8211; 19 Novembre\u00a0<\/b> \u00a0 <b>Domenica 17 novembre 2024<\/b> <b>ore 12:00 &#8211; Partenza da Luino<\/b><span style=\"font-weight: 400;\">\u00a0 con destinazione aeroporto della Malpensa di un Comitato di Accoglienza\u00a0 per dare il benvenuto in Italia alla marciatrice dell&#8217;equipe\u00a0 base 3MM Angelika Klatte, proveniente dalla Germania<\/span> <b>ore 15:30 &#8211; Arrivo all&#8217;Ekon\u00e8 <\/b><span style=\"font-weight: 400;\">per un\u00a0 incontro conviviale con i membri del Comitato Promotore 3MM Alto Verbano, i Rappresentanti pubblici e dei collaboratori.<\/span> \u00a0 <b>Luned\u00ec 18 novembre 2024<\/b> <b>In mattinata: Germignaga\/Castelveccana<\/b> <b>ore 8:30\/12:30<\/b><span style=\"font-weight: 400;\"> Incontri di\u00a0 Angelika klatte con alcune classi della scuola media di Germignaga e di Castelveccana sulla<\/span><b> \u201c<\/b><b><i>Impegno personale per un mondo Nonviolento<\/i><\/b><b>\u201d<\/b> <b>Primo pomeriggio: Luino<\/b> <b>ore 13:00 <\/b><span style=\"font-weight: 400;\">pranzo presso l&#8217;Ekone<\/span> <b>ore 17:20<\/b><span style=\"font-weight: 400;\"> Il Comitato Promotore 3MM ed Angelika Klatte\u00a0 accoglieremo il marciatore dell&#8217;equipe base 3MM <\/span><b><i>\u00a0Sandro Ciani, <\/i><\/b><span style=\"font-weight: 400;\">proveniente da Roma<\/span><i><span style=\"font-weight: 400;\">,<\/span><\/i> <span style=\"font-weight: 400;\">\u00a0alla <\/span><b>Stazione di Luino<\/b> <b>In serata: \u00a0 Portovaltravaglia<\/b> <b>ore 20:00\/22:00\u00a0 Centro SCAMBIO<\/b><span style=\"font-weight: 400;\"> (coworking- corsi \u2013 sale riunioni- eventi) \u00a0 Incontro pubblico in tedesco con Sandro Ciani Angelika Klatte su <\/span><b>\u201c<\/b><i><span style=\"font-weight: 400;\">T<\/span><\/i><b><i>rattato per la Proibizione delle Armi<\/i><\/b> <b><i>Nucleari<\/i><\/b><i><span style=\"font-weight: 400;\">\u201d<\/span><\/i><span style=\"font-weight: 400;\"> e <\/span><b>\u201c<\/b><b><i>Impegno personale per un\u00a0 mondo nonviolento<\/i><\/b><b>\u201d<\/b> \u00a0 <b>Marted\u00ec 19 novembre 2024<\/b> \u00a0 <b>In mattinata: Luino<\/b> <b>ore 10:00\/10:20 <\/b><span style=\"font-weight: 400;\">Ingresso scaglionato di alcune classi delle scuole che hanno aderito alla 3MM<\/span> <b>ore 10:30\/12:30<\/b> <b><i>\u00a0\u201cIl\u00a0 Trattato per la proibizione delle Armi nucleari\u201d e \u201cImpegno personale per un\u00a0 mondo nonviolento\u201d:<\/i><\/b> <span style=\"font-weight: 400;\">Interfaccia tra Sandro Ciani ed Angelika Klatte, marciatori dell&#8217;equipe base internazionale 3MM, e gli studenti.<\/span> <b>Ore 13:00 <\/b><span style=\"font-weight: 400;\">pranzo all&#8217;Ekon\u00e8<\/span> <b>Pomeriggio: Luino<\/b> <b>ore 15:00 Esterno sede AVIS<\/b><span style=\"font-weight: 400;\"> di Luino: incontro di un gruppo di ciclisti del G-Team Un aiuto per Aiutare i Bambini onlus \u201cInsieme per Crescere Sani\u201d\u00a0 con dei\u00a0 Ciclisti di\u00a0 Luino<\/span> <b>ore 15:15 Esterno Palazzo Verbania:<\/b><span style=\"font-weight: 400;\"> arrivo del gruppo misto dei ciclisti, delle autorit\u00e0, dei membri del Comitato Promotore 3MM Alto Verbano, delle associazioni aderenti alla 3MM per la Pace e la Nonviolenza per realizzare il Simbolo Umano della Nonviolenza<\/span> <b>ore 15:30<\/b> <b><i>In cammino per Germignaga<\/i><\/b> <span style=\"font-weight: 400;\">con sosta a <\/span><b>Piazza Chirola<\/b><span style=\"font-weight: 400;\"> per L<\/span><b>&#8216;Impegno Etico<\/b><span style=\"font-weight: 400;\"> individuale e collettivo.<\/span> \u00a0 <b>Tardo pomeriggio e serata: Germignaga<\/b> <b>Ore 16:00 <\/b><span style=\"font-weight: 400;\">\u00a0<\/span><b>Boschetto di Germignaga<\/b><span style=\"font-weight: 400;\">\u00a0<\/span> <span style=\"font-weight: 400;\">\u201c<\/span><b><i>Cerimonia della Pace<\/i><\/b><span style=\"font-weight: 400;\">\u201d ed \u201c<\/span><b><i>Inno ufficiale della 3MM<\/i><\/b><span style=\"font-weight: 400;\">\u201d \u00a0 attorno al Palo della Pace &#8211;\u00a0<\/span> <b><i>Labirinto<\/i><\/b> <b>ore 18:30 ex Colonia Elioterapica \u00a0 <\/b><span style=\"font-weight: 400;\">Apericena condivisa<\/span> <b>ore 20:30\/22:30 <\/b><span style=\"font-weight: 400;\">Incontro pubblico su: <\/span><b>\u201c<\/b><b><i>Trattato ONU per la Proibizione delle Armi Nucleari e Impegno personale per un\u00a0 mondo nonviolento<\/i><\/b><b>\u201d\u00a0 <\/b><span style=\"font-weight: 400;\">a cura di Sandro Ciani ed Angelika Klatte<\/span> \u00a0 <b>Mercoled\u00ec 20 novembre 2024<\/b> \u00a0 <b>In mattinata: Luino<\/b> <b>ore\u00a0 \u00a0 9:00 \u00a0 \u00a0 Visita del mercato di Luino<\/b> <b>ore 10:25 \u00a0 Partenza <\/b><span style=\"font-weight: 400;\">con l&#8217;autolinea <\/span><b>\u00a0per Varese\u00a0 <\/b><span style=\"font-weight: 400;\">per incontrarci alle ore <\/span><b>11:30<\/b><span style=\"font-weight: 400;\"> presso Largo Martiri della Libert\u00e0 (Ippodromo) con il Comitato Territoriale Varesino 3MM\u00a0 e\u00a0 le\u00a0 loro associazioni.\u00a0<\/span> \u00a0 <span style=\"font-weight: 400;\">\u00a0\u00a0\u00a0\u00a0\u00a0\u00a0\u00a0\u00a0\u00a0\u00a0\u00a0\u00a0\u00a0\u00a0\u00a0\u00a0\u00a0\u00a0\u00a0\u00a0\u00a0\u00a0\u00a0\u00a0\u00a0\u00a0\u00a0\u00a0\u00a0\u00a0\u00a0\u00a0\u00a0\u00a0\u00a0\u00a0\u00a0\u00a0\u00a0\u00a0\u00a0\u00a0\u00a0\u00a0\u00a0\u00a0\u00a0\u00a0\u00a0\u00a0\u00a0\u00a0\u00a0\u00a0\u00a0\u00a0\u00a0\u00a0\u00a0\u00a0\u00a0\u00a0\u00a0\u00a0<\/span> <b>20 novembre, Nova Gorica\/Gorizia<\/b> <span style=\"font-weight: 400;\">Bar libreria MaKs &#8211; Delpinova ulica Nova Gorica<\/span> <span style=\"font-weight: 400;\">Ore 18,00 Presentazione del libro atti del convegno del 30 dicembre 2023 &#8220;Negoziare la Pace\u201d<\/span> \u00a0 <strong>Varese \u00a020 novembre<\/strong> LE INIZIATIVE DEL GIORNO BICICLETTATA SUI LUOGHI DELLA MILITARIZZAZIONE della provincia di Varese <strong>ore 8:30<\/strong> partenza da Saronno <strong>ore 8:45<\/strong> partenza dalla Base NATO di Solbiate Olona <strong>ore 10:30<\/strong> tappa alla Leonardo di Venegono Superiore <strong>ore 11:30<\/strong> arrivo all\u2019Ippodromo di Varese Per organizzare la propria partecipazione: Alessandra: Saronno e Venegono 3772654541 Mauro: Solbiate Olona Varese &#8211; 3311221695 CORTEO E MOMENTI DI INCONTRO A VARESE <strong>ore 11:30<\/strong> accoglienza della delegazione internazionale, gi\u00e0 ospite del Comitato 3^MM Alto Verbano, e partenza del corteo da Largo Martiri della Libert\u00e0 (Ippodromo) <strong>ore 12:30<\/strong> sosta in Piazza della Repubblica con comunicazioni: &#8211; della delegazione internazionale dei Marciatori &#8211; del Sindaco di Varese Davide Galimberti e dell&#8217;assessore alla cultura Enzo Laforgia &#8211; del Vicario Episcopale don Franco Gallivanone &#8211; del Comitato varesino per la 3^ Marcia Mondiale <strong>ore 13:00<\/strong> realizzazione del simbolo della Pace e del simbolo della Nonviolenza grazie alla partecipazione dei presenti, con i loro corpi. Dichiarazione di impegno etico. <strong>ore 13:30<\/strong> conclusione del corteo davanti all&#8217;Oratorio San Vittore martire in via San Francesco, 15. Nella sala allestita, un delegato di ciascuna associazione presente nel Comitato Varesino, i ciclisti e lo staff internazionale consumeranno un pranzo al sacco in un clima di convivialit\u00e0. <strong>ore 15:00<\/strong> conclusione della manifestazione <strong>ore 16:30<\/strong> preghiera interreligiosa per la Pace, la Nonviolenza, la Salvaguardia del Creato presso la Chiesa Battista di Varese, via Verdi 14 \u00a0 <b>Cant\u00f9 (Como) 20 Novembre<\/b> <span style=\"font-weight: 400;\">Liceo Enrico Fermi, Via Giovanni XXIII- 22063 Cant\u00f9 (CO)\u00a0<\/span> <span style=\"font-weight: 400;\">ore 14:15\u00a0 -Saluti e presentazione dei partecipanti alla marcia a studenti e docenti<\/span> <span style=\"font-weight: 400;\">ore 14:30 \u2013 Presentazione della 3\u00aa Marcia Mondiale<\/span> <span style=\"font-weight: 400;\">Cos\u2019\u00e8 la Marcia e i suoi obiettivi. Condivideremo il manifesto, foto, racconti ed eventi dai paesi attraversati fino ad ora. Testimonianze dei marciatori Nira e Andrea membri di Mondo senza Guerre e senza Violenza organismo del Nuovo\u00a0Umanesimo e membri dell&#8217;Equipe Itinerante\u00a0della\u00a03MM.<\/span> <span style=\"font-weight: 400;\">ore 14:50 \u2013 breve laboratorio coi ragazzi: \u201ccos\u2019\u00e8 la violenza\u201d<\/span> <span style=\"font-weight: 400;\">ore 15:10 \u2013 video \u201cla non violenza attiva\u201d<\/span> <span style=\"font-weight: 400;\">\u00a0Ore 15:50 \u2013 formazione del simbolo della pace nell\u2019atrio della scuola o, se il tempo lo permette nel cortile, e lettura impegno etico degli studenti.<\/span> \u00a0 <b>Napoli 21 Novembre<\/b> <span style=\"font-weight: 400;\">All\u2019interno della programmazione del XVI edizione del Festival dei Cinema dei Diritti Umani ci saranno due eventi<\/span> <span style=\"font-weight: 400;\">&#8211; Ore 10.00 Cinema Vittoria (via Maurizio De Vito Piscicelli 8\/12))<\/span> <span style=\"font-weight: 400;\">\u201cLe scuole accolgono la Terza Marcia Mondiale per la Pace e la Nonviolenza\u201d<\/span> <span style=\"font-weight: 400;\">partecipano\u00a0Lorena Orozco e Cristina Santoro\u00a0<\/span><i><span style=\"font-weight: 400;\">(<\/span><\/i><span style=\"font-weight: 400;\">Terza Marcia per la Pace<\/span><i><span style=\"font-weight: 400;\">).\u00a0<\/span><\/i><span style=\"font-weight: 400;\">coordinano\u00a0Alice Pistolesi\u00a0<\/span><i><span style=\"font-weight: 400;\">(<\/span><\/i><span style=\"font-weight: 400;\">Atlante delle Guerre e dei Conflitti del mondo<\/span><i><span style=\"font-weight: 400;\">)\u00a0<\/span><\/i><span style=\"font-weight: 400;\">e Rita Vittori\u00a0<\/span><i><span style=\"font-weight: 400;\">(<\/span><\/i><span style=\"font-weight: 400;\">Centro Studi Sereno Regis<\/span><i><span style=\"font-weight: 400;\">).<\/span><\/i><i> <\/i><span style=\"font-weight: 400;\">intervento di\u00a0Luigi Ferrajoli\u00a0<\/span><i><span style=\"font-weight: 400;\">(<\/span><\/i><span style=\"font-weight: 400;\">gia\u0300 docente di Filosofia del Diritto<\/span><i><span style=\"font-weight: 400;\">).<\/span><\/i> <span style=\"font-weight: 400;\">&#8211;\u00a0 Ore 16.00 <\/span><span style=\"font-weight: 400;\">L\u2019Orientale | Palazzo Corigliano | Aula Conferenze<\/span> <span style=\"font-weight: 400;\">&#8220;Confronto tra i delegati della Terza Marcia Mondiale per la pace e la nonviolenza\u201d<\/span> <span style=\"font-weight: 400;\">Interventi\u00a0di Lorena Orozco, Cristina Santoro e Rita Vittoria<\/span><i><span style=\"font-weight: 400;\">(<\/span><\/i><span style=\"font-weight: 400;\">Centro Studi Sereno Regi<\/span><i><span style=\"font-weight: 400;\">s)<\/span><\/i><span style=\"font-weight: 400;\">,\u00a0Alice Pistolesi\u00a0<\/span><i><span style=\"font-weight: 400;\">(<\/span><\/i><span style=\"font-weight: 400;\">Atlante delle guerre e dei conflitti del mond<\/span><i><span style=\"font-weight: 400;\">o)\u00a0<\/span><\/i><span style=\"font-weight: 400;\">Coordina\u00a0Angelica Romano\u00a0<\/span><i><span style=\"font-weight: 400;\">(<\/span><\/i><span style=\"font-weight: 400;\">Un Ponte per<\/span><i><span style=\"font-weight: 400;\">)<\/span><\/i><i> <\/i><span style=\"font-weight: 400;\">Conclusioni di\u00a0Luigi Ferraioli\u00a0<\/span><i><span style=\"font-weight: 400;\">(<\/span><\/i><span style=\"font-weight: 400;\">professore emerito di Filosofia del Diritto<\/span><i><span style=\"font-weight: 400;\">)\u00a0sulla\u00a0<\/span><\/i><span style=\"font-weight: 400;\">\u201cCostituzione della Terra\u201d\u00a0<\/span> \u00a0 <b>Fiumicello Villa Vicentina 21-22 Novembre<\/b> <strong>GIOVED\u00cc 21 NOVEMBRE 2024<\/strong> <strong>Ore 8 \u2013 9 Singole sedi scolastiche<\/strong> Incontro di alcuni Marciatori con gli alunni delle Scuole Primarie e Secondaria del Comune <strong>Ore 10 &#8211; Piazzale Falcone e Borsellino<\/strong> Raduno di tutti gli alunni coinvolti nella Marcia e partenza del corteo per una <strong>Marcia lungo le Vie dei Diritti<\/strong> <strong>Ore 10.45 &#8211; Piazzale dei Tigli<\/strong> Arrivo della Marcia e preparazione del flashmob da parte dei partecipanti (rappresentazione fisica del simbolo della Nonviolenza) Saluto delle Autorit\u00e0 e del Comitato Promotore Flashmob e minuto di silenzio Intervento di rappresentanti del Governo dei Giovani e dei Marciatori presenti <strong>Ore 12 &#8211; Sala Consiliare del Municipio<\/strong> Firma ufficiale da parte del Sindaco dell\u2019Appello di ICAN, Premio Nobel per la Pace nel 2017: <em>LE CITT\u00c0 APPOGGIANO IL TPAN \u2013 TRATTATO DI PROIBIZIONE DELLE ARMI NUCLEARI<\/em>. <strong>Ore 13 &#8211; Sede Comitato Gemellaggi Papariano<\/strong> &#8220;i marciatori incontrano il comitato dei gemellaggi, momento conviviale, scambio di esperienze, obiettivi comuni&#8221; <strong>Ore 18.00 \u2013 Sala Consiliare <\/strong> <strong>AMMINISTRATORI LOCALI: AGIRE INSIEME PER LA PACE<\/strong> <strong>Incontro dei Sindaci del Coordinamento Regionale Enti Locali per la Pace del FVG con Flavio Lotti, Coordinatore della Tavola della Pace e Direttore del CNELP (Coordinamento Nazionale Enti Locali per la Pace e i Diritti Umani) <\/strong> <strong>Ore 20.15 \u2013 Sala \u201cBison\u201d<\/strong> <strong>ITINERARI DI PACE<\/strong> <strong>Incontro pubblico<\/strong> con:<\/p>\r\n<ul>\r\n<li>La delegazione internazionale dei marciatori della 3<sup>a<\/sup> Marcia Mondiale per la Pace e la Nonviolenza<\/li>\r\n<li><strong>Flavio Lotti<\/strong>, presidente CNELP<\/li>\r\n<li><strong>Andrea Bellavite<\/strong>, teologo e giornalista<\/li>\r\n<li><strong>Nicola Pieri<\/strong>, sindaco di Turriaco<\/li>\r\n<\/ul>\r\n<p>Accompagneranno lo svolgimento della serata l\u2019<strong>Associazione Voci di Donne<\/strong> con la lettura di un brano significativo e il <strong>CoroCos\u00ec<\/strong> di Ruda diretto dalla M<sup>a<\/sup> <strong>Delia Stabile<\/strong>. <strong>VENERD\u00cc 22 NOVEMBRE 2024<\/strong> <strong>LA PACE MARCIA SULLE GAMBE DEI BAMBINI<\/strong> <strong>Ore 10.30 &#8211; Scuola dell\u2019Infanzia di Fiumicello<\/strong> Raduno degli alunni delle due Scuole dell\u2019Infanzia del Comune e partenza della Marcia dei bambini <strong>Ore 11 &#8211; Piazzale dei Tigli<\/strong><\/p>\r\n<ul>\r\n<li>Arrivo del corteo<\/li>\r\n<li>Accoglienza delle autorit\u00e0 e del Comitato Promotore della 3<sup>a<\/sup> Marcia Mondiale<\/li>\r\n<li>Esposizione dei lavori sulla Pace realizzati dai bambini<\/li>\r\n<li>Canti dei bambini ed esecuzione di un \u201cflash mob\u201d<\/li>\r\n<\/ul>\r\n<p><strong>Ore 11.30 \u2013<\/strong> Conclusione della manifestazione \u00a0 <b>Brescia 21 Novembre<\/b> <span style=\"font-weight: 400;\">Pedalata di impegno civile alla base militare di Ghedi\u00a0<\/span> <b>ore 8.45<\/b><span style=\"font-weight: 400;\"> ritrovo agli alberi della pace di Nagasaki e Hiroshima nel Corridoio Unesco in Santa Giulia &#8211; via Piamarta, 4 Brescia\u00a0<\/span> <b>ore 9<\/b><span style=\"font-weight: 400;\"> partenza della pedalata di impegno civile (50 km) ore 9.30 passaggio al kaki tree di Nagasaki dell&#8217;Istituto Comprensivo di Roncadelle.\u00a0<\/span> <b>ore 10.00<\/b><span style=\"font-weight: 400;\"> Auditorium &#8220;Balestrieri&#8221; &#8211; via Federico Balestrieri, 6 Brescia\u00a0 Incontro dei delegati della 3\u00b0 Marcia Mondiale con gli studenti del Liceo &#8220;Leonardo&#8221;\u00a0<\/span> <b>ore 12 <\/b><span style=\"font-weight: 400;\">piazzale ingresso base militare di Ghedi conferenza stampa<\/span> <b>ore 14<\/b><span style=\"font-weight: 400;\"> Incontro dei delegati della 3\u00b0 Marcia Mondiale con i rappresentanti dell&#8217;Amministrazione Comunale di Brescia a Palazzo Loggia<\/span> \u00a0 <b>Prato 22 Novembre<\/b> <span style=\"font-weight: 400;\">ore 10 Parco Guado Sud in Via dei Maliseti &#8211; Prato.\u00a0<\/span> <span style=\"font-weight: 400;\">Il progetto di istruzione parentale Solaris insieme all&#8217;istituto comprensivo Puddu di Prato organizza attivit\u00e0 di educazione alla nonviolenza: un grande simbolo di pace e canzoni per un futuro di pace e amore fra gli uomini.<\/span> \u00a0 <b>Firenze 22 Novembre<\/b> <b>h.16.30 Piazza SS Annunziata<\/b> <span style=\"font-weight: 400;\">arrivo biciclettata pacifista dai quartieri dell\u2019Isolotto e delle Piagge<\/span> <span style=\"font-weight: 400;\">Letture e realizzazione dell\u2019Impegno Etico<\/span> <b>h.17<\/b><span style=\"font-weight: 400;\"> Simbolo umano della nonviolenza<\/span> \u00a0<\/p>\r\n\r\n<p><strong>Avellino\u00a022 novembre<\/strong><\/p>\r\n\r\n\r\n\r\n<p>\u201cTempi di guerra, Parole di Pace\u201d<\/p>\r\n\r\n\r\n\r\n<p>intervengono<\/p>\r\n\r\n\r\n\r\n<p>Padre Alex Zanotelli, Emergency, la marciatrice Lorena Orozco, Ilaria di Gaeta, Zia Lidia Social Club,i Lumanera.<\/p>\r\n\r\n\r\n\r\n<p>Proiezione video \u201cAvellino e i bombardamenti del &#8217;43.<\/p>\r\n\r\n\r\n\r\n<p>Letture di Paolo Capozzo, Teatro 99 posti.<\/p>\r\n\r\n<p><strong>Milano 22 Novembre<\/strong><\/p>\r\n<ul>\r\n<li>\r\n<div>18,00 Minicorteo con le marciatrici dell&#8217;equipe base Tanja Borovac e Marilena (accompagnate da musica e percussioni) in un piccolo tratto nelle vie del centro, per arrivare in Piazza Mercanti (nei pressi di piazza Duomo).<\/div>\r\n<\/li>\r\n<li>\r\n<div>18,30 Piazza dei Mercanti &#8211; Accoglienza della marciatrice dell&#8217;equipe base<\/div>\r\n<div>\r\n<div>A seguire:<\/div>\r\n<\/div>\r\n<\/li>\r\n<li>\r\n<div>Intermezzo musicale con Mercedes e la sua fisa<\/div>\r\n<\/li>\r\n<li>\r\n<div>Saluto della marciatrice<\/div>\r\n<\/li>\r\n<li>\r\n<div>Intermezzo musicale con il gruppo Piano Quarto<\/div>\r\n<\/li>\r\n<li>\r\n<div>lettura manifesto della marcia<\/div>\r\n<\/li>\r\n<li>\r\n<div>Interventi delle associazioni del comitato<\/div>\r\n<\/li>\r\n<li>\r\n<div>Intermezzo musicale con Dual Band<\/div>\r\n<\/li>\r\n<li>\r\n<div>Costruzione simbolo della pace umano<\/div>\r\n<\/li>\r\n<li>\r\n<div>Lettura collettiva dell&#8217;impegno etico<\/div>\r\n<\/li>\r\n<\/ul>\r\n<p>\u00a0 <strong>Torino-Ivrea 22-23 Novembre<\/strong> <i><span style=\"font-weight: 400;\">Venerd\u00ec 22:<\/span><\/i> <span style=\"font-weight: 400;\">Ore 11: Conferenza stampa ed eventuali incontri istituzionali<\/span> <i><span style=\"font-weight: 400;\">Sabato 23:<\/span><\/i> <span style=\"font-weight: 400;\">Ore 11: Simbolo della pace umano alla presenza di pace in piazza Castello &#8211; Torino<\/span> <span style=\"font-weight: 400;\">Ore 16: Ivrea &#8211; corteo nel centro citt\u00e0, da Piazza Balla a Piazza Ferruccio Nazionale, dove si concluder\u00e0 la manifestazione davanti al Municipio, con letture e canzoni di pace<\/span> \u00a0 <strong>Vicenza 23 Novembre<\/strong> <img loading=\"lazy\" decoding=\"async\" class=\"aligncenter size-large wp-image-2562827\" src=\"https:\/\/www.pressenza.com\/wp-content\/uploads\/2024\/11\/vicenza-724x1024.jpg\" alt=\"\" width=\"724\" height=\"1024\" srcset=\"https:\/\/www.pressenza.com\/wp-content\/uploads\/2024\/11\/vicenza-724x1024.jpg 724w, https:\/\/www.pressenza.com\/wp-content\/uploads\/2024\/11\/vicenza-212x300.jpg 212w, https:\/\/www.pressenza.com\/wp-content\/uploads\/2024\/11\/vicenza.jpg 1132w\" sizes=\"auto, (max-width: 724px) 100vw, 724px\" \/> <b>Cuneo 23 Novembre<\/b> <span style=\"font-weight: 400;\">Si realizzer\u00e0 una catena umana che, dopo una breve introduzione, si muover\u00e0 lungo una via centrale a Cuneo (dalla met\u00e0 di via Roma fino al Municipio). Saranno distribuiti volantini con brevi frasi e scanditi slogan alternati alla diffusione dei rumori della guerra.<\/span> \u00a0 <strong>Bologna 23 Novembre<\/strong><\/p>\r\n<div dir=\"auto\">Una Due Giorni degli artigiani di pace a Bologna:<\/div>\r\n<div dir=\"auto\">&#8211; oltre 40 Organizzazioni emiliano-romagnole coinvolte (vedi elenco in calce)<\/div>\r\n<div dir=\"auto\">&#8211; le Scuole di pace in festa a Bologna e Marzabotto -venerd\u00ec mattina- con 50 classi, 1000 student* e 100 insegnanti<\/div>\r\n<div dir=\"auto\">&#8211; un Convegno a Palazzo D&#8217;Accursio -venerd\u00ec pomeriggio- con Losana, La Valle, De Monticelli, Bolini, Bonaiuti, Strazzari e Combatants for Peace (organizzazione nonviolenta israelo-palestinese di ex militari contro l&#8217;occupazione e le violenze in Israele e Territori palestinesi)<\/div>\r\n<div dir=\"auto\">&#8211; la Marcia cittadina -sabato mattina- con la chiusura di MAURIZIO LANDINI (Segretario generale CGIL) dopo gli interventi di Rafael De La Rubia (Fondatore Marcia mondiale), Tiziana Volta (Coordinamento Marcia mondiale), Giulia Torrini (Un Ponte Per) e don Mattia Ferrari (Mediterranea Saving Humans)<\/div>\r\n<p><img loading=\"lazy\" decoding=\"async\" class=\"aligncenter size-large wp-image-2562830\" src=\"https:\/\/www.pressenza.com\/wp-content\/uploads\/2024\/11\/WhatsApp-Image-2024-11-07-at-22.41.05-719x1024.jpeg\" alt=\"\" width=\"719\" height=\"1024\" srcset=\"https:\/\/www.pressenza.com\/wp-content\/uploads\/2024\/11\/WhatsApp-Image-2024-11-07-at-22.41.05-719x1024.jpeg 719w, https:\/\/www.pressenza.com\/wp-content\/uploads\/2024\/11\/WhatsApp-Image-2024-11-07-at-22.41.05-211x300.jpeg 211w, https:\/\/www.pressenza.com\/wp-content\/uploads\/2024\/11\/WhatsApp-Image-2024-11-07-at-22.41.05.jpeg 735w\" sizes=\"auto, (max-width: 719px) 100vw, 719px\" \/> <b>Roma 22-24 Novembre<\/b> \u00a0 <b>22 novembre\u00a0<\/b><\/p>\r\n<ul>\r\n<li style=\"font-weight: 400;\" aria-level=\"1\"><b>LA VOCE DI CHI GUARDA AL FUTURO<\/b><span style=\"font-weight: 400;\">, l\u2019evento delle <\/span><b>Scuole in Marcia,dalle 10,00 alle 12,00 <\/b><span style=\"font-weight: 400;\">in <\/span><b>Piazza del Campidoglio <\/b><span style=\"font-weight: 400;\">con la partecipazione di centinaia di studenti e studentesse, che disposti a formare il Simbolo della Nonviolenza presenteranno alcuni elaborati e inneggeranno alla Pace accompagnate\/i dal gruppo vocale e strumentale &#8220;Cor-O-rchestraMidossi&#8221; di Civita Castellana.\u00a0<\/span><\/li>\r\n<li style=\"font-weight: 400;\" aria-level=\"1\"><span style=\"font-weight: 400;\">A partire <\/span><b>dalle 13<\/b><span style=\"font-weight: 400;\"> presso l\u2019Ass. Tutti per la Terra in via Giuseppe Lazzati 213 bis, a seguito di un pranzo sociale, si terranno varie attivit\u00e0 in cui si alterneranno <\/span><b>momenti di riflessione, racconti di pace e laboratori<\/b><span style=\"font-weight: 400;\">.<\/span><\/li>\r\n<\/ul>\r\n<p><b>23 novembre<\/b><\/p>\r\n<ul>\r\n<li style=\"font-weight: 400;\" aria-level=\"1\"><b>dalle 9,30 alle 17.30 a Palazzo Valentini<\/b><span style=\"font-weight: 400;\">, nella <\/span><span style=\"font-weight: 400;\">Sala consiliare G. Fregosi<\/span><b>,<\/b><span style=\"font-weight: 400;\"> in\u00a0 via IV Novembre, 119\/a si terr\u00e0 il <\/span><b>&#8220;world caf\u00e8&#8221; &#8211; Le Vie per Fare la pace<\/b><span style=\"font-weight: 400;\"> a cura di ABC &#8211; Associazione Beni Comuni Stefano Rodot\u00e0, che appartiene alla rete dei \u201cCostruttori di Pace\u201d e del think tank Pensare Insieme. L&#8217;iniziativa, co-progettata, \u00e8 rivolta a 50 giovani e circa 30 rappresentanti del Terzo settore, che svilupperanno un esercizio di democrazia partecipativa su <\/span><b>6 filoni tematici:<\/b><span style=\"font-weight: 400;\"> Dialogo Interreligioso e interculturale; Diplomazia e diritto umanitario internazionale; Diversit\u00e0 e orientamento femminista al ripudio alla guerra; Decolonizzazione dei rapporti internazionali; Disarmare la terra e l\u2019economia; Diritto alla pace e alla prosperit\u00e0 sostenibile. Si prosegue nel pomeriggio con <\/span><b>una tavola rotonda con esperte ed esperti<\/b><span style=\"font-weight: 400;\"> (Barbara Gallo, Domenico Gallo, Luisa Morgantini e i due Ambasciatori Patrizio Fondi e Alberto Bradanini e in collegamento con Jeffrey Sachs) sulle medesime tematiche. La giornata ha il patrocinio e la partecipazione della Fondazione Communia, di GIO Osservatorio Interuniversitario di Genere, Parit\u00e0 e Pari\u00a0 Opportunit\u00e0 e del Vice Sindaco della Citt\u00e0 Metropolitana di Roma, Dott. Pierluigi Sanna.\u00a0<\/span><\/li>\r\n<li style=\"font-weight: 400;\" aria-level=\"1\"><b>dalle 15 alle 19<\/b><span style=\"font-weight: 400;\"> si terr\u00e0 l\u2019evento dedicato al tema <\/span><b>DONNE E NUCLEARE<\/b><span style=\"font-weight: 400;\"> presso la <\/span><b>Casa Internazionale delle Donne <\/b><span style=\"font-weight: 400;\">nella Sala Simonetta Tosi, in via della Lungara 19,\u00a0 organizzato da WILPF Italia &#8211; Lega Internazionale Donne per la Pace e la Libert\u00e0, nell&#8217;ambito del Progetto <\/span><b>&#8220;Abolire il nucleare con I Saperi, la Memoria, le Reti, I Territori&#8221;<\/b><span style=\"font-weight: 400;\">. Dopo i saluti di Giulia Rodano del direttivo della Casa Internazionale e la presentazione dell\u2019iniziativa da parte di Patrizia Sterpetti (WILPF Italia APS), interverranno la storica <\/span><b>Bruna Bianchi<\/b><span style=\"font-weight: 400;\"> \u201cPer una scienza femminista, decoloniale, dei cittadini e delle cittadine\u201d, \u201cL&#8217;impegno delle epidemiologiche contro il nucleare (1958-2010)&#8221;; <\/span><b>Daniela Padoan<\/b><span style=\"font-weight: 400;\">, scrittrice, presidente di Libert\u00e0 e Giustizia (in presenza) con: &#8220;Lo Stato atomico ieri e oggi&#8221;; <\/span><b>Mary Olson<\/b><span style=\"font-weight: 400;\">, biologa, direttrice del G.R.I.P. (<\/span><a href=\"http:\/\/www.genderandradiation.org\/\"><b>www.genderandradiation.org<\/b><\/a><span style=\"font-weight: 400;\">) si collegher\u00e0 da remoto per presentare il progetto sull&#8217;impatto delle radiazioni e sul genere:&#8221;Le radiazioni atomiche sono pi\u00f9 dannose per le ragazze e le donne che per i ragazzi e gli uomini&#8221;; si collegheranno da remoto anche: <\/span><b>Laura Varella<\/b><span style=\"font-weight: 400;\">, esperta del programma disarmo di WILPF International &#8220;Reaching Critical Will&#8221;, che parler\u00e0 nell\u2019ambito &#8220;Costruire connessioni tra i movimenti anti-nucleare e per il clima&#8221;; <\/span><b>Angie Zelter<\/b><span style=\"font-weight: 400;\">, attivista di L.A.P. : \u201cL&#8217;esperienza di Lakenheath Alliance for Peace in UK&#8221;, e per finire <\/span><b>Orto dei Sogni<\/b><span style=\"font-weight: 400;\"> (da confermare): &#8220;L&#8217;esperienza dei soggiorni di decontaminazione in Italia per le giovani vittime di Fukushima&#8221;.\u00a0<\/span><\/li>\r\n<li style=\"font-weight: 400;\" aria-level=\"1\"><span style=\"font-weight: 400;\">Dopo ogni intervento sono previste domande e risposte e a conclusione una discussione.Sar\u00e0 possibile acquistare alcuni testi di Bruna Bianchi e il libro: &#8220;Lo stato atomico&#8221; di Robert Jungk, con la prefazione di Daniela Padoan.\u00a0<\/span><\/li>\r\n<\/ul>\r\n<p><b>24 novembre<\/b> <span style=\"font-weight: 400;\">Giornata di chiusura ricca di eventi che vede il connubio di iniziative sportive e artistiche.<\/span><\/p>\r\n<ul>\r\n<li style=\"font-weight: 400;\" aria-level=\"1\"><b>dalle ore 9,30<\/b><span style=\"font-weight: 400;\"> si parte con una discesa sul Fiume Tevere (partenza dallo scalo de Pinedo del gruppo di canoisti, SUP e gommoni) organizzato dall&#8217;ASD DIT (Discesa internazionale del Tevere). Per i ciclisti, coordinati da Fiab Biciliberatutti, l\u2019appuntamento \u00e8 <\/span><b>alle 10<\/b><span style=\"font-weight: 400;\"> sotto l\u2019Arco di Costantino (Colosseo) mentre i camminatori, coordinati dall\u2019Ass. Il Piccolo Principe, partiranno da Ponte Milvio.<\/span><\/li>\r\n<li style=\"font-weight: 400;\" aria-level=\"1\"><b>ore 12<\/b><span style=\"font-weight: 400;\"> tappa a Ponte Cestio lungotevere degli Anguillara, in cui si raggrupperanno tutti i marciatori per raggiungere il &#8220;traguardo&#8221;,<\/span><b> previsto per la Citt\u00e0 dell&#8217;Altra Economia (CAE);<\/b><\/li>\r\n<li style=\"font-weight: 400;\" aria-level=\"1\"><b>dalle ore 13<\/b><span style=\"font-weight: 400;\"> previsti una serie di eventi alla CAE, dove saranno allestiti gli stand delle associazioni del Comitato Promotore e dove si terr\u00e0 la conferenza stampa finale con ospiti del mondo dell\u2019associazionismo e diritti umani come <\/span><b>Ginevra Bompiani e Luisa Morgantini.<\/b><span style=\"font-weight: 400;\"> Si avvicenderanno bande musicali, artisti, musicisti fino a sera, con un ricco programma. In scaletta, in via di definizione troviamo: CORI-BANDE, \u201cI canti di lotta\u201d di Giovanna Marini e Banda di Testaccio, Storytelling a cura degli Accentrica, I \u201cMaschira\u201d e Piccola Compagnia Teatrale Il Cantastorie nello spettacolo teatrale \u201cUn uomo scomodo\u201d. Musica dal vivo con\u00a0 Sandro Curatolo dei Pura Utopia e a seguire <\/span><b>Enrico Capuano<\/b><span style=\"font-weight: 400;\">. Durante gli eventi saranno allestiti mostre fotografiche e stand tra cui la mostra fotografica di Stefano Radice \u201cI primi passi della 3MM in America centrale\u201d, la mostra delle opere realizzate dalle scuole di Roma, lo stand della Biblioteca della Nonviolenza e si terranno le attivit\u00e0 per bambini\/e.<\/span><\/li>\r\n<\/ul>\r\n<p>\u00a0 <b>Cagliari 23 Novembre<\/b> <img loading=\"lazy\" decoding=\"async\" class=\"aligncenter size-large wp-image-2564123\" src=\"https:\/\/www.pressenza.com\/wp-content\/uploads\/2024\/11\/WhatsApp-Image-2024-11-19-at-18.34.35-726x1024.jpeg\" alt=\"\" width=\"726\" height=\"1024\" srcset=\"https:\/\/www.pressenza.com\/wp-content\/uploads\/2024\/11\/WhatsApp-Image-2024-11-19-at-18.34.35-726x1024.jpeg 726w, https:\/\/www.pressenza.com\/wp-content\/uploads\/2024\/11\/WhatsApp-Image-2024-11-19-at-18.34.35-213x300.jpeg 213w, https:\/\/www.pressenza.com\/wp-content\/uploads\/2024\/11\/WhatsApp-Image-2024-11-19-at-18.34.35.jpeg 1242w\" sizes=\"auto, (max-width: 726px) 100vw, 726px\" \/> <b>Mercato Saraceno (Forl\u00ec-Cesena) 24 Novembre<\/b><\/p>\r\n<p><span style=\"font-weight: 400;\">Nel maggio \u201823, questo Comune sulle colline romagnole ha subito la violenza dei cambiamenti climatici: alluvioni e centinaia di frane hanno fatto crollare strade, case e isolato decine di piccole aziende agricole. La mancanza di tutela dell\u2019ambiente imposta da questo modello di sviluppo minaccia il suo futuro. I cittadini in marcia credono nella necessit\u00e0 di un cambiamento.<\/span> \u00a0<\/p>\r\n<p><b>Conselice (Ravenna) 24 Novembre<\/b><\/p>\r\n<p><span style=\"font-weight: 400;\">La libert\u00e0 di stampa vigila sul rispetto della giustizia sociale, alla base della nonviolenza.\u00a0<\/span> <span style=\"font-weight: 400;\">Nei sanguinosi anni della resistenza partigiana, qui si stampavano giornali e riviste clandestine che contribuirono alla vittoria sulla dittatura nazi fascista.\u00a0<\/span> <span style=\"font-weight: 400;\">Conselice \u00e8 ora il simbolo dell\u2019informazione libera e dei suoi valori. La marcia mondiale non poteva non passare da qui.<\/span> \u00a0<\/p>\r\n<p><b>Empoli 24 Novembre<\/b><\/p>\r\n<p><span style=\"font-weight: 400;\">Alle ore 18.30\u00a0si terr\u00e0 un flash mob \u00a0alla Tenda della Pace in piazza della Vittoria.<\/span> \u00a0 <b>\u00a0<\/b><\/p>\r\n<p><b>Palermo 24 Novembre<\/b> <strong>\u00a0<\/strong><\/p>\r\n<p><strong>Sagrato della Cattedrale ore 9<\/strong> Dopo numerosi incontri svolti nelle scuole durante le settimane precedenti con Amico Dolci, sui temi della nonviolenza e della maieutica reciproca di Danilo Dolci, il 24 Novembre alle ore 09,00 davanti alla cattedrale interverranno Pax Christi, MIR, Acli Palermo, gruppi sportivi US Acli, Consulta della Pace, Azione Cattolica, Agesci ed altre associazioni di ecclesiali, in una mattinata di giochi sportivi, gioia e riflessione sulla pace. Sar\u00e0 presente Lorena Orozco, portavoce internazionale della Marcia.<\/p>\r\n<p><strong>Piazza Verdi ore 10.30<\/strong> <span style=\"font-weight: 400;\">&#8211; Tutti i cori diretti da Francesca Martino: &#8220;We shall overcome&#8221;<\/span> <span style=\"font-weight: 400;\">&#8211; Francesco lo Cascio (Consulta per la Pace) e Daniela Musumeci (Redazione Pressenza): &#8221; Il racconto della marcia&#8221;<\/span> <span style=\"font-weight: 400;\">&#8211; Intervento ritmico di \u201cVoci Vicine e Cuori Battenti\u201d diretto da Lucina Lanzara<\/span> <span style=\"font-weight: 400;\">&#8211; intervento di Fateh Hamdan, portavoce del coordinamento \u201cPalestina nel cuore\u201d<\/span> <span style=\"font-weight: 400;\">&#8211; Coro Cantarei diretto da Antonina Terzo: &#8220;Evening rise&#8221;<\/span> <span style=\"font-weight: 400;\">&#8211; Intervento del Movimento Nonviolento di Palermo<\/span> <span style=\"font-weight: 400;\">&#8211; Goethe Chor diretto da Serena Pant\u00e8: &#8220;Canto Africano&#8221;<\/span> <span style=\"font-weight: 400;\">&#8211; Finella Giordano introduce Quarta e Quinta Fila: &#8220;Lamento per la guerra&#8221;<\/span> <span style=\"font-weight: 400;\">&#8211; Coro Magione diretto da Francesca Martino: &#8220;Girotondo intorno al Mondo&#8221;<\/span> <span style=\"font-weight: 400;\">&#8211; Daniela Musumeci: &#8220;Lettera contro i venditori di armi&#8221; di Maria Occhipinti<\/span> <span style=\"font-weight: 400;\">&#8211; Intervento di Daniela Dioguardi del Presidio di Donne per la Pace<\/span> <span style=\"font-weight: 400;\">&#8211; Palermo Coropop diretto da Francesca Martino: &#8220;La preghiera delle madri&#8221;<\/span> <span style=\"font-weight: 400;\">&#8211; Intervento di Renato Franzitta per il Laboratorio Andrea Ballar\u00f2<\/span> <span style=\"font-weight: 400;\">&#8211; Maria La Bianca: &#8220;Ode Alla Diserzione\u201d<\/span> <span style=\"font-weight: 400;\">&#8211; Maria Teresa De Santis: monologo da <\/span><i><span style=\"font-weight: 400;\">Cassandra <\/span><\/i><span style=\"font-weight: 400;\">di Christa Wolf<\/span> <span style=\"font-weight: 400;\">&#8211; Maurizio Spicuzza e Lucina Lanzara &#8220;Masters Of War&#8221; di Bob Dylan<\/span> <span style=\"font-weight: 400;\">&#8211; Voci Vicine e Cuori Battenti diretti da Lucina Lanzara: &#8220;Lu cuntu di li surci&#8221; (con Ninni Motisi)<\/span> <span style=\"font-weight: 400;\">&#8211; A chiusura, tutti i cori e i manifestanti: &#8220;We shall overcome&#8221;<\/span> Sar\u00e0 presente Alessandro Capuzzo, portavoce internazionale della Marcia <strong>Palermo 25 novembre<\/strong> Cortile della scuola Nicol\u00f2 Turrisi ICS Luigi Capuana, Piazza Vittorio Emanuele Orlando 3, ore 9:30 Raduno delle Classi terze E F G Passeggiata per le vie del quartiere con sosta a Piazza della Memoria, per ricordare le vittime della violenza mafiosa, al Tempio Munito Fortezza Mistica, per ricordare le vittime di tutte le guerre, alla panchina rossa di Via Dante, per ricordare le vittime della violenza maschile sulle donne, e visita ai diversi plessi dell&#8217;Istituto con cartelli recanti frasi di Gandhi, per invitare alunni e docenti alla nonviolenza e alla costruzione disarmata della pace<\/p>\r\n<p><strong>24 Novembre Riace<\/strong> <img loading=\"lazy\" decoding=\"async\" class=\"aligncenter size-large wp-image-2564121\" src=\"https:\/\/www.pressenza.com\/wp-content\/uploads\/2024\/11\/WhatsApp-Image-2024-11-19-at-11.04.49-820x580.jpeg\" alt=\"\" width=\"820\" height=\"580\" srcset=\"https:\/\/www.pressenza.com\/wp-content\/uploads\/2024\/11\/WhatsApp-Image-2024-11-19-at-11.04.49-820x580.jpeg 820w, https:\/\/www.pressenza.com\/wp-content\/uploads\/2024\/11\/WhatsApp-Image-2024-11-19-at-11.04.49-300x212.jpeg 300w, https:\/\/www.pressenza.com\/wp-content\/uploads\/2024\/11\/WhatsApp-Image-2024-11-19-at-11.04.49.jpeg 1600w\" sizes=\"auto, (max-width: 820px) 100vw, 820px\" \/> <span style=\"font-weight: 400;\">\u00a0<\/span><b>25 novembre Pisa &#8211; Cecina<\/b><\/p>\r\n<p><span style=\"font-weight: 400;\">Il Centro Interdisciplinare \u201cScienze per la Pace\u201d (CISP) dell\u2019Universit\u00e0 di Pisa accoglie la Marcia Mondiale per la Pace nella Giornata Internazionale per l\u2019eliminazione della violenza sulle donne e di genere<\/span> <span style=\"font-weight: 400;\">ore 10 \u2013 Accoglienza dei marcianti nel piazzale della stazione Pisa Centrale<\/span> <span style=\"font-weight: 400;\">ore 10.15-10.45 &#8211; Marcia dalla stazione al Palazzo della Sapienza<\/span> <span style=\"font-weight: 400;\">ore 11 \u2013 Introduzione (Federico Oliveri, Universit\u00e0 di Pisa) e presentazione della 3a Marcia mondiale per la Pace e la Nonviolenza (Marco Inglessis, Energia per i diritti umani)<\/span> <span style=\"font-weight: 400;\">ore 11.15 &#8211; Tavola rotonda \u201cGenere, violenza e pace\u201d. Partecipano: Chiara Magneschi e Valentina Bartolucci (CISP), Francesca Pecori (Ufficio Eguaglianza e Differenze dell\u2019Universit\u00e0 di Pisa), Francesca De Vito (Energia per i diritti umani), Ketty De Pasquale (Casa della Donna), Non Una di Meno (da confermare), Adriana Nannicini (Associazione Nazionale Partigiani Italiani Sezione di Pisa) e Bianca Farsetti (Un Ponte Per). Modera: Valentina Mangano (vicedirettrice CISP).<\/span> <span style=\"font-weight: 400;\">16:00 &#8211; Accoglienza della delegazione della 3MM presso il Comune di Cecina\u00a0<\/span> <span style=\"font-weight: 400;\">16:30 &#8211; Partenza della Marcia da Piazza Carducci\u00a0<\/span> <span style=\"font-weight: 400;\">17:00 &#8211; Arrivo al Palazzetto dei Congressi<\/span> <span style=\"font-weight: 400;\">All\u2019arrivo sar\u00e0 presente un gruppo musicale<\/span> <span style=\"font-weight: 400;\">Nella hall del palazzetto allestimento progetto Matrioska\u00a0<\/span> <span style=\"font-weight: 400;\">Materiale informativo degli Sportelli Antiviolenza del territorio<\/span> <span style=\"font-weight: 400;\">17:15 &#8211; Inizio evento<\/span> <span style=\"font-weight: 400;\">Proiezione video su violenza di genere<\/span> <span style=\"font-weight: 400;\">Saluti istituzionali: Lia Burgalassi, Sindaca del Comune di Cecina, Emma Gaglio, Consigliera Comune di Cecina con delega alle Politiche Giovanili<\/span> <span style=\"font-weight: 400;\">17:35 &#8211; Viviana Russo presenter\u00e0 il progetto Matrioska della Scuola Media L. Da Vinci S.P. Palazzi e associazione \u201cLe Stanze del S\u00e9&#8221;<\/span> <span style=\"font-weight: 400;\">17:45 &#8211; Collegamento con il Kenya per \u201cSolidarity Run Against Gender-Based-Violence\u201d<\/span> <span style=\"font-weight: 400;\">Collegamento con Filippine\u00a0<\/span> <span style=\"font-weight: 400;\">18:00 &#8211; Racconti e testimonianze della Pace e della nonviolenza in movimento a cura della delegazione della terza marcia mondiale della pace, Marco Inglesiss (Energia per i diritti Umani), Francesca De Vito (Energia per i diritti umani), Tanja Borac (Cactus Fiori nel Deserto) e Silvio Vadal\u00e0<\/span> <span style=\"font-weight: 400;\">18:30 &#8211; Intervento di Federico Oliveri (Centro Interdisciplinare Scienze per la Pace, Universit\u00e0 di Pisa) \u201cGenere, violenza e pace\u201d<\/span> <span style=\"font-weight: 400;\">19:00 &#8211; Coro di canti popolari<\/span> <span style=\"font-weight: 400;\">19:10 &#8211; Conclusioni a cura di Michele Bianchi, Assessore alla Cultura del Comune di Cecina\u00a0<\/span> <span style=\"font-weight: 400;\">Graziano Pacini, Sindaco di Pomarance e Coordinatore Tavolo per la Pace Val di Cecina<\/span> \u00a0 \u00a0<\/p>\r\n<p><\/p>\r\n<p><strong>Genova 25 novembre<\/strong><\/p>\r\n<p>\r\n\r\n<\/p>\r\n<p>dalle 9.30 alle 17.00<\/p>\r\n<p>\r\n\r\n<\/p>\r\n<p>\u201cLeggiamo la pace in Valpolcevera\u201d<\/p>\r\n<p>\r\n\r\n<\/p>\r\n<p>ore 9.30 saluti da parte del Presidente del Municipio V Valpolcevera<\/p>\r\n<p>\r\n\r\n<\/p>\r\n<p>seguiranno fino alle 17.00\u00a0 letture, canti, progetti, esperienze accolti dai cittadini e le cittadine del progetto \u201cUn Albero a Bolzaneto\u201d<\/p>\r\n<p><\/p>\r\n<p><b>Mirabella Imbaccari (Catania) 30 Novembre<\/b><\/p>\r\n<p><span style=\"font-weight: 400;\">Marcia di 7 km\u00a0<\/span> <span style=\"font-weight: 400;\">10 partenza da San Michele di Ganzaria (un tratto del Cammino di San Giacomo di Sicilia)<\/span> <span style=\"font-weight: 400;\">11,30\u00a0 arrivo Mirabella in piazza A.Moro (La Rotonda) e interventi<\/span> <span style=\"font-weight: 400;\">12 corteo in direzione del cortile della scuola elementare &#8216;De Amicis&#8217; che ospita il kaki giapponese della pace e arrivo\u00a0 in piazza Vespri dove ci sar\u00e0 un flash mob<\/span> \u00a0<\/p>","protected":false},"excerpt":{"rendered":"<p>Questo il calendario completo, in aggiornamento, del passaggio in Italia della Terza Marcia Mondiale per la Pace e la Nonviolenza di cui Pressenza \u00e8 media partner. \u00a0 Attigliano 16 Novembre Parco di Studio e Riflessione, Via S. Eugenia, 3 ore&hellip;<\/p>\n","protected":false},"author":594,"featured_media":2548761,"comment_status":"closed","ping_status":"closed","sticky":false,"template":"","format":"standard","meta":{"footnotes":""},"categories":[11388,1262,1263],"tags":[4339,104474],"class_list":["post-2562809","post","type-post","status-publish","format-standard","has-post-thumbnail","hentry","category-contenuti-originali","category-nonviolenza-argomento","category-pace-disarmo","tag-eventi","tag-terza-marcia-mondiale-per-la-pace-e-la-nonviolenza"],"yoast_head":"<!-- This site is optimized with the Yoast SEO plugin v27.1.1 - https:\/\/yoast.com\/product\/yoast-seo-wordpress\/ -->\n<title>Prossimo Futuro: numero speciale per il passaggio in Italia della Terza Marcia Mondiale per la Pace e la Nonviolenza<\/title>\n<meta name=\"description\" content=\"Questo il calendario completo, in aggiornamento, del passaggio in Italia della Terza Marcia Mondiale per la Pace e la Nonviolenza di cui Pressenza \u00e8 media\" \/>\n<meta name=\"robots\" content=\"index, follow, max-snippet:-1, max-image-preview:large, max-video-preview:-1\" \/>\n<link rel=\"canonical\" href=\"https:\/\/www.pressenza.com\/it\/2024\/11\/prossimo-futuro-numero-speciale-per-il-passaggio-in-italia-della-terza-marcia-mondiale-per-la-pace-e-la-nonviolenza\/\" \/>\n<meta property=\"og:locale\" content=\"it_IT\" \/>\n<meta property=\"og:type\" content=\"article\" \/>\n<meta property=\"og:title\" content=\"Prossimo Futuro: numero speciale per il passaggio in Italia della Terza Marcia Mondiale per la Pace e la Nonviolenza\" \/>\n<meta property=\"og:description\" content=\"Questo il calendario completo, in aggiornamento, del passaggio in Italia della Terza Marcia Mondiale per la Pace e la Nonviolenza di cui Pressenza \u00e8 media\" \/>\n<meta property=\"og:url\" content=\"https:\/\/www.pressenza.com\/it\/2024\/11\/prossimo-futuro-numero-speciale-per-il-passaggio-in-italia-della-terza-marcia-mondiale-per-la-pace-e-la-nonviolenza\/\" \/>\n<meta property=\"og:site_name\" content=\"Pressenza\" \/>\n<meta property=\"article:publisher\" content=\"https:\/\/www.facebook.com\/PressenzaItalia\" \/>\n<meta property=\"article:author\" content=\"https:\/\/www.facebook.com\/PressenzaItalia\" \/>\n<meta property=\"article:published_time\" content=\"2024-11-14T22:49:44+00:00\" \/>\n<meta property=\"article:modified_time\" content=\"2024-11-20T13:53:22+00:00\" \/>\n<meta property=\"og:image\" content=\"https:\/\/www.pressenza.com\/wp-content\/uploads\/2024\/09\/MM3-ITALIANO-2048x2048-1.png\" \/>\n\t<meta property=\"og:image:width\" content=\"1024\" \/>\n\t<meta property=\"og:image:height\" content=\"1024\" \/>\n\t<meta property=\"og:image:type\" content=\"image\/png\" \/>\n<meta name=\"author\" content=\"Redazione Italia\" \/>\n<meta name=\"twitter:card\" content=\"summary_large_image\" \/>\n<meta name=\"twitter:creator\" content=\"@pressenza_it\" \/>\n<meta name=\"twitter:site\" content=\"@PressenzaIPA\" \/>\n<meta name=\"twitter:label1\" content=\"Scritto da\" \/>\n\t<meta name=\"twitter:data1\" content=\"Redazione Italia\" \/>\n\t<meta name=\"twitter:label2\" content=\"Tempo di lettura stimato\" \/>\n\t<meta name=\"twitter:data2\" content=\"24 minuti\" \/>\n<script type=\"application\/ld+json\" class=\"yoast-schema-graph\">{\"@context\":\"https:\/\/schema.org\",\"@graph\":[{\"@type\":\"Article\",\"@id\":\"https:\/\/www.pressenza.com\/it\/2024\/11\/prossimo-futuro-numero-speciale-per-il-passaggio-in-italia-della-terza-marcia-mondiale-per-la-pace-e-la-nonviolenza\/#article\",\"isPartOf\":{\"@id\":\"https:\/\/www.pressenza.com\/it\/2024\/11\/prossimo-futuro-numero-speciale-per-il-passaggio-in-italia-della-terza-marcia-mondiale-per-la-pace-e-la-nonviolenza\/\"},\"author\":{\"name\":\"Redazione Italia\",\"@id\":\"https:\/\/www.pressenza.com\/it\/#\/schema\/person\/d983e81827ae24f2c7b1a2123d197f8d\"},\"headline\":\"Prossimo Futuro: numero speciale per il passaggio in Italia della Terza Marcia Mondiale per la Pace e la Nonviolenza\",\"datePublished\":\"2024-11-14T22:49:44+00:00\",\"dateModified\":\"2024-11-20T13:53:22+00:00\",\"mainEntityOfPage\":{\"@id\":\"https:\/\/www.pressenza.com\/it\/2024\/11\/prossimo-futuro-numero-speciale-per-il-passaggio-in-italia-della-terza-marcia-mondiale-per-la-pace-e-la-nonviolenza\/\"},\"wordCount\":4277,\"publisher\":{\"@id\":\"https:\/\/www.pressenza.com\/it\/#organization\"},\"image\":{\"@id\":\"https:\/\/www.pressenza.com\/it\/2024\/11\/prossimo-futuro-numero-speciale-per-il-passaggio-in-italia-della-terza-marcia-mondiale-per-la-pace-e-la-nonviolenza\/#primaryimage\"},\"thumbnailUrl\":\"https:\/\/www.pressenza.com\/wp-content\/uploads\/2024\/09\/MM3-ITALIANO-2048x2048-1.png\",\"keywords\":[\"eventi\",\"Terza Marcia Mondiale per la Pace e la Nonviolenza\"],\"articleSection\":[\"contenuti originali\",\"Nonviolenza\",\"Pace e Disarmo\"],\"inLanguage\":\"it-IT\"},{\"@type\":\"WebPage\",\"@id\":\"https:\/\/www.pressenza.com\/it\/2024\/11\/prossimo-futuro-numero-speciale-per-il-passaggio-in-italia-della-terza-marcia-mondiale-per-la-pace-e-la-nonviolenza\/\",\"url\":\"https:\/\/www.pressenza.com\/it\/2024\/11\/prossimo-futuro-numero-speciale-per-il-passaggio-in-italia-della-terza-marcia-mondiale-per-la-pace-e-la-nonviolenza\/\",\"name\":\"Prossimo Futuro: numero speciale per il passaggio in Italia della Terza Marcia Mondiale per la Pace e la Nonviolenza\",\"isPartOf\":{\"@id\":\"https:\/\/www.pressenza.com\/it\/#website\"},\"primaryImageOfPage\":{\"@id\":\"https:\/\/www.pressenza.com\/it\/2024\/11\/prossimo-futuro-numero-speciale-per-il-passaggio-in-italia-della-terza-marcia-mondiale-per-la-pace-e-la-nonviolenza\/#primaryimage\"},\"image\":{\"@id\":\"https:\/\/www.pressenza.com\/it\/2024\/11\/prossimo-futuro-numero-speciale-per-il-passaggio-in-italia-della-terza-marcia-mondiale-per-la-pace-e-la-nonviolenza\/#primaryimage\"},\"thumbnailUrl\":\"https:\/\/www.pressenza.com\/wp-content\/uploads\/2024\/09\/MM3-ITALIANO-2048x2048-1.png\",\"datePublished\":\"2024-11-14T22:49:44+00:00\",\"dateModified\":\"2024-11-20T13:53:22+00:00\",\"description\":\"Questo il calendario completo, in aggiornamento, del passaggio in Italia della Terza Marcia Mondiale per la Pace e la Nonviolenza di cui Pressenza \u00e8 media\",\"breadcrumb\":{\"@id\":\"https:\/\/www.pressenza.com\/it\/2024\/11\/prossimo-futuro-numero-speciale-per-il-passaggio-in-italia-della-terza-marcia-mondiale-per-la-pace-e-la-nonviolenza\/#breadcrumb\"},\"inLanguage\":\"it-IT\",\"potentialAction\":[{\"@type\":\"ReadAction\",\"target\":[\"https:\/\/www.pressenza.com\/it\/2024\/11\/prossimo-futuro-numero-speciale-per-il-passaggio-in-italia-della-terza-marcia-mondiale-per-la-pace-e-la-nonviolenza\/\"]}]},{\"@type\":\"ImageObject\",\"inLanguage\":\"it-IT\",\"@id\":\"https:\/\/www.pressenza.com\/it\/2024\/11\/prossimo-futuro-numero-speciale-per-il-passaggio-in-italia-della-terza-marcia-mondiale-per-la-pace-e-la-nonviolenza\/#primaryimage\",\"url\":\"https:\/\/www.pressenza.com\/wp-content\/uploads\/2024\/09\/MM3-ITALIANO-2048x2048-1.png\",\"contentUrl\":\"https:\/\/www.pressenza.com\/wp-content\/uploads\/2024\/09\/MM3-ITALIANO-2048x2048-1.png\",\"width\":1024,\"height\":1024},{\"@type\":\"BreadcrumbList\",\"@id\":\"https:\/\/www.pressenza.com\/it\/2024\/11\/prossimo-futuro-numero-speciale-per-il-passaggio-in-italia-della-terza-marcia-mondiale-per-la-pace-e-la-nonviolenza\/#breadcrumb\",\"itemListElement\":[{\"@type\":\"ListItem\",\"position\":1,\"name\":\"Accueil\",\"item\":\"https:\/\/www.pressenza.com\/it\/\"},{\"@type\":\"ListItem\",\"position\":2,\"name\":\"Prossimo Futuro: numero speciale per il passaggio in Italia della Terza Marcia Mondiale per la Pace e la Nonviolenza\"}]},{\"@type\":\"WebSite\",\"@id\":\"https:\/\/www.pressenza.com\/it\/#website\",\"url\":\"https:\/\/www.pressenza.com\/it\/\",\"name\":\"Pressenza\",\"description\":\"Agenzia di Stampa Internazionale\",\"publisher\":{\"@id\":\"https:\/\/www.pressenza.com\/it\/#organization\"},\"potentialAction\":[{\"@type\":\"SearchAction\",\"target\":{\"@type\":\"EntryPoint\",\"urlTemplate\":\"https:\/\/www.pressenza.com\/it\/?s={search_term_string}\"},\"query-input\":{\"@type\":\"PropertyValueSpecification\",\"valueRequired\":true,\"valueName\":\"search_term_string\"}}],\"inLanguage\":\"it-IT\"},{\"@type\":\"Organization\",\"@id\":\"https:\/\/www.pressenza.com\/it\/#organization\",\"name\":\"Pressenza\",\"url\":\"https:\/\/www.pressenza.com\/it\/\",\"logo\":{\"@type\":\"ImageObject\",\"inLanguage\":\"it-IT\",\"@id\":\"https:\/\/www.pressenza.com\/it\/#\/schema\/logo\/image\/\",\"url\":\"https:\/\/www.pressenza.com\/wp-content\/uploads\/2022\/10\/pressenza_logo_200x200.jpg\",\"contentUrl\":\"https:\/\/www.pressenza.com\/wp-content\/uploads\/2022\/10\/pressenza_logo_200x200.jpg\",\"width\":200,\"height\":200,\"caption\":\"Pressenza\"},\"image\":{\"@id\":\"https:\/\/www.pressenza.com\/it\/#\/schema\/logo\/image\/\"},\"sameAs\":[\"https:\/\/www.facebook.com\/PressenzaItalia\",\"https:\/\/x.com\/PressenzaIPA\"]},{\"@type\":\"Person\",\"@id\":\"https:\/\/www.pressenza.com\/it\/#\/schema\/person\/d983e81827ae24f2c7b1a2123d197f8d\",\"name\":\"Redazione Italia\",\"description\":\"News from the Pressenza Bureau in Italy\",\"sameAs\":[\"https:\/\/www.pressenza.com\/it\/author\/redazione-italia\/\",\"https:\/\/www.facebook.com\/PressenzaItalia\",\"https:\/\/www.instagram.com\/pressenza_italia\/\",\"https:\/\/x.com\/pressenza_it\",\"https:\/\/www.youtube.com\/channel\/UCSalEIWjE1RSxkwjfftFuqg\"],\"url\":\"https:\/\/www.pressenza.com\/it\/author\/redazione-italia\/\"}]}<\/script>\n<!-- \/ Yoast SEO plugin. -->","yoast_head_json":{"title":"Prossimo Futuro: numero speciale per il passaggio in Italia della Terza Marcia Mondiale per la Pace e la Nonviolenza","description":"Questo il calendario completo, in aggiornamento, del passaggio in Italia della Terza Marcia Mondiale per la Pace e la Nonviolenza di cui Pressenza \u00e8 media","robots":{"index":"index","follow":"follow","max-snippet":"max-snippet:-1","max-image-preview":"max-image-preview:large","max-video-preview":"max-video-preview:-1"},"canonical":"https:\/\/www.pressenza.com\/it\/2024\/11\/prossimo-futuro-numero-speciale-per-il-passaggio-in-italia-della-terza-marcia-mondiale-per-la-pace-e-la-nonviolenza\/","og_locale":"it_IT","og_type":"article","og_title":"Prossimo Futuro: numero speciale per il passaggio in Italia della Terza Marcia Mondiale per la Pace e la Nonviolenza","og_description":"Questo il calendario completo, in aggiornamento, del passaggio in Italia della Terza Marcia Mondiale per la Pace e la Nonviolenza di cui Pressenza \u00e8 media","og_url":"https:\/\/www.pressenza.com\/it\/2024\/11\/prossimo-futuro-numero-speciale-per-il-passaggio-in-italia-della-terza-marcia-mondiale-per-la-pace-e-la-nonviolenza\/","og_site_name":"Pressenza","article_publisher":"https:\/\/www.facebook.com\/PressenzaItalia","article_author":"https:\/\/www.facebook.com\/PressenzaItalia","article_published_time":"2024-11-14T22:49:44+00:00","article_modified_time":"2024-11-20T13:53:22+00:00","og_image":[{"width":1024,"height":1024,"url":"https:\/\/www.pressenza.com\/wp-content\/uploads\/2024\/09\/MM3-ITALIANO-2048x2048-1.png","type":"image\/png"}],"author":"Redazione Italia","twitter_card":"summary_large_image","twitter_creator":"@pressenza_it","twitter_site":"@PressenzaIPA","twitter_misc":{"Scritto da":"Redazione Italia","Tempo di lettura stimato":"24 minuti"},"schema":{"@context":"https:\/\/schema.org","@graph":[{"@type":"Article","@id":"https:\/\/www.pressenza.com\/it\/2024\/11\/prossimo-futuro-numero-speciale-per-il-passaggio-in-italia-della-terza-marcia-mondiale-per-la-pace-e-la-nonviolenza\/#article","isPartOf":{"@id":"https:\/\/www.pressenza.com\/it\/2024\/11\/prossimo-futuro-numero-speciale-per-il-passaggio-in-italia-della-terza-marcia-mondiale-per-la-pace-e-la-nonviolenza\/"},"author":{"name":"Redazione Italia","@id":"https:\/\/www.pressenza.com\/it\/#\/schema\/person\/d983e81827ae24f2c7b1a2123d197f8d"},"headline":"Prossimo Futuro: numero speciale per il passaggio in Italia della Terza Marcia Mondiale per la Pace e la Nonviolenza","datePublished":"2024-11-14T22:49:44+00:00","dateModified":"2024-11-20T13:53:22+00:00","mainEntityOfPage":{"@id":"https:\/\/www.pressenza.com\/it\/2024\/11\/prossimo-futuro-numero-speciale-per-il-passaggio-in-italia-della-terza-marcia-mondiale-per-la-pace-e-la-nonviolenza\/"},"wordCount":4277,"publisher":{"@id":"https:\/\/www.pressenza.com\/it\/#organization"},"image":{"@id":"https:\/\/www.pressenza.com\/it\/2024\/11\/prossimo-futuro-numero-speciale-per-il-passaggio-in-italia-della-terza-marcia-mondiale-per-la-pace-e-la-nonviolenza\/#primaryimage"},"thumbnailUrl":"https:\/\/www.pressenza.com\/wp-content\/uploads\/2024\/09\/MM3-ITALIANO-2048x2048-1.png","keywords":["eventi","Terza Marcia Mondiale per la Pace e la Nonviolenza"],"articleSection":["contenuti originali","Nonviolenza","Pace e Disarmo"],"inLanguage":"it-IT"},{"@type":"WebPage","@id":"https:\/\/www.pressenza.com\/it\/2024\/11\/prossimo-futuro-numero-speciale-per-il-passaggio-in-italia-della-terza-marcia-mondiale-per-la-pace-e-la-nonviolenza\/","url":"https:\/\/www.pressenza.com\/it\/2024\/11\/prossimo-futuro-numero-speciale-per-il-passaggio-in-italia-della-terza-marcia-mondiale-per-la-pace-e-la-nonviolenza\/","name":"Prossimo Futuro: numero speciale per il passaggio in Italia della Terza Marcia Mondiale per la Pace e la Nonviolenza","isPartOf":{"@id":"https:\/\/www.pressenza.com\/it\/#website"},"primaryImageOfPage":{"@id":"https:\/\/www.pressenza.com\/it\/2024\/11\/prossimo-futuro-numero-speciale-per-il-passaggio-in-italia-della-terza-marcia-mondiale-per-la-pace-e-la-nonviolenza\/#primaryimage"},"image":{"@id":"https:\/\/www.pressenza.com\/it\/2024\/11\/prossimo-futuro-numero-speciale-per-il-passaggio-in-italia-della-terza-marcia-mondiale-per-la-pace-e-la-nonviolenza\/#primaryimage"},"thumbnailUrl":"https:\/\/www.pressenza.com\/wp-content\/uploads\/2024\/09\/MM3-ITALIANO-2048x2048-1.png","datePublished":"2024-11-14T22:49:44+00:00","dateModified":"2024-11-20T13:53:22+00:00","description":"Questo il calendario completo, in aggiornamento, del passaggio in Italia della Terza Marcia Mondiale per la Pace e la Nonviolenza di cui Pressenza \u00e8 media","breadcrumb":{"@id":"https:\/\/www.pressenza.com\/it\/2024\/11\/prossimo-futuro-numero-speciale-per-il-passaggio-in-italia-della-terza-marcia-mondiale-per-la-pace-e-la-nonviolenza\/#breadcrumb"},"inLanguage":"it-IT","potentialAction":[{"@type":"ReadAction","target":["https:\/\/www.pressenza.com\/it\/2024\/11\/prossimo-futuro-numero-speciale-per-il-passaggio-in-italia-della-terza-marcia-mondiale-per-la-pace-e-la-nonviolenza\/"]}]},{"@type":"ImageObject","inLanguage":"it-IT","@id":"https:\/\/www.pressenza.com\/it\/2024\/11\/prossimo-futuro-numero-speciale-per-il-passaggio-in-italia-della-terza-marcia-mondiale-per-la-pace-e-la-nonviolenza\/#primaryimage","url":"https:\/\/www.pressenza.com\/wp-content\/uploads\/2024\/09\/MM3-ITALIANO-2048x2048-1.png","contentUrl":"https:\/\/www.pressenza.com\/wp-content\/uploads\/2024\/09\/MM3-ITALIANO-2048x2048-1.png","width":1024,"height":1024},{"@type":"BreadcrumbList","@id":"https:\/\/www.pressenza.com\/it\/2024\/11\/prossimo-futuro-numero-speciale-per-il-passaggio-in-italia-della-terza-marcia-mondiale-per-la-pace-e-la-nonviolenza\/#breadcrumb","itemListElement":[{"@type":"ListItem","position":1,"name":"Accueil","item":"https:\/\/www.pressenza.com\/it\/"},{"@type":"ListItem","position":2,"name":"Prossimo Futuro: numero speciale per il passaggio in Italia della Terza Marcia Mondiale per la Pace e la Nonviolenza"}]},{"@type":"WebSite","@id":"https:\/\/www.pressenza.com\/it\/#website","url":"https:\/\/www.pressenza.com\/it\/","name":"Pressenza","description":"Agenzia di Stampa Internazionale","publisher":{"@id":"https:\/\/www.pressenza.com\/it\/#organization"},"potentialAction":[{"@type":"SearchAction","target":{"@type":"EntryPoint","urlTemplate":"https:\/\/www.pressenza.com\/it\/?s={search_term_string}"},"query-input":{"@type":"PropertyValueSpecification","valueRequired":true,"valueName":"search_term_string"}}],"inLanguage":"it-IT"},{"@type":"Organization","@id":"https:\/\/www.pressenza.com\/it\/#organization","name":"Pressenza","url":"https:\/\/www.pressenza.com\/it\/","logo":{"@type":"ImageObject","inLanguage":"it-IT","@id":"https:\/\/www.pressenza.com\/it\/#\/schema\/logo\/image\/","url":"https:\/\/www.pressenza.com\/wp-content\/uploads\/2022\/10\/pressenza_logo_200x200.jpg","contentUrl":"https:\/\/www.pressenza.com\/wp-content\/uploads\/2022\/10\/pressenza_logo_200x200.jpg","width":200,"height":200,"caption":"Pressenza"},"image":{"@id":"https:\/\/www.pressenza.com\/it\/#\/schema\/logo\/image\/"},"sameAs":["https:\/\/www.facebook.com\/PressenzaItalia","https:\/\/x.com\/PressenzaIPA"]},{"@type":"Person","@id":"https:\/\/www.pressenza.com\/it\/#\/schema\/person\/d983e81827ae24f2c7b1a2123d197f8d","name":"Redazione Italia","description":"News from the Pressenza Bureau in Italy","sameAs":["https:\/\/www.pressenza.com\/it\/author\/redazione-italia\/","https:\/\/www.facebook.com\/PressenzaItalia","https:\/\/www.instagram.com\/pressenza_italia\/","https:\/\/x.com\/pressenza_it","https:\/\/www.youtube.com\/channel\/UCSalEIWjE1RSxkwjfftFuqg"],"url":"https:\/\/www.pressenza.com\/it\/author\/redazione-italia\/"}]}},"place":"italia","original_article_url":"","_links":{"self":[{"href":"https:\/\/www.pressenza.com\/it\/wp-json\/wp\/v2\/posts\/2562809","targetHints":{"allow":["GET"]}}],"collection":[{"href":"https:\/\/www.pressenza.com\/it\/wp-json\/wp\/v2\/posts"}],"about":[{"href":"https:\/\/www.pressenza.com\/it\/wp-json\/wp\/v2\/types\/post"}],"author":[{"embeddable":true,"href":"https:\/\/www.pressenza.com\/it\/wp-json\/wp\/v2\/users\/594"}],"replies":[{"embeddable":true,"href":"https:\/\/www.pressenza.com\/it\/wp-json\/wp\/v2\/comments?post=2562809"}],"version-history":[{"count":0,"href":"https:\/\/www.pressenza.com\/it\/wp-json\/wp\/v2\/posts\/2562809\/revisions"}],"wp:featuredmedia":[{"embeddable":true,"href":"https:\/\/www.pressenza.com\/it\/wp-json\/wp\/v2\/media\/2548761"}],"wp:attachment":[{"href":"https:\/\/www.pressenza.com\/it\/wp-json\/wp\/v2\/media?parent=2562809"}],"wp:term":[{"taxonomy":"category","embeddable":true,"href":"https:\/\/www.pressenza.com\/it\/wp-json\/wp\/v2\/categories?post=2562809"},{"taxonomy":"post_tag","embeddable":true,"href":"https:\/\/www.pressenza.com\/it\/wp-json\/wp\/v2\/tags?post=2562809"}],"curies":[{"name":"wp","href":"https:\/\/api.w.org\/{rel}","templated":true}]}}