{"id":2561931,"date":"2024-11-11T22:28:12","date_gmt":"2024-11-11T22:28:12","guid":{"rendered":"https:\/\/www.pressenza.com\/?p=2561931"},"modified":"2024-11-11T22:31:22","modified_gmt":"2024-11-11T22:31:22","slug":"la-fiaccola-della-pace-a-castel-volturno-il-volo-delle-colombe-bianche-per-ricordare-che-il-tempo-della-pace-e-ora","status":"publish","type":"post","link":"https:\/\/www.pressenza.com\/it\/2024\/11\/la-fiaccola-della-pace-a-castel-volturno-il-volo-delle-colombe-bianche-per-ricordare-che-il-tempo-della-pace-e-ora\/","title":{"rendered":"La Fiaccola della Pace a Castel Volturno, Il volo delle colombe bianche per ricordare che il tempo della Pace \u00e8 ORA!"},"content":{"rendered":"<p>Le colombe bianche simbolo di Pace, librate al cielo presso il Plesso di Villaggio del Sole, \u00a0hanno inaugurato il decennale dello storico evento, giunto per la quanta volta nella citt\u00e0 del mare grazie all\u2019adesione dell\u2019Istituto Garibaldi alla guida della grande Dirigente Elisabetta Corvino.<\/p>\n<p>Castel Volturno (Caserta), una splendida giornata di sole ha accolto per la quarta volta la \u201cFiaccola della Pace\u201d, lo storico evento partito dall\u2019anno 2014 in collegamento con il centenario della fine del primo conflitto mondiale che quest\u2019anno ha celebrato il decennale del suo percorso. L\u2019Istituto Comprensivo \u201cGaribaldi \u201c guidato dalla grande Dirigente scolastica Elisabetta Corvino, Donna super impegnata nel campo sociale, del volontariato e politico, si \u00e8 riconfermata ancora una volta a pieno titolo \u201cScuola di Pace\u201d.<\/p>\n<p>La Dirigente ha firmato il \u201cPatto d\u2019impegno per la Pace\u201d, rinnovando il sodalizio con il Movimento Internazionale per la Pace III Millennio, ricevendo dalle mani della Presidente Agnese Ginocchio lo speciale \u201cPassaporto della Fiaccola della Pace\u201d sul quale \u00e8 stato riportato il timbro celebrativo dello storico evento che quest\u2019anno celebra il decennale. Lo slogan \u201cPace, vogliamo la Pace!\u201d elevato dalle voci degli alunni, ha scandito il ritmo della marcia lungo il percorso. La manifestazione, patrocinata dal Comune di Castel Volturno, si \u00e8 svolta in due tappe, la prima presso il \u00a0Plesso di Villaggio del Sole e la seconda presso la sede centrale in via Rocco. E\u2019 stato ufficialmente presente il Sindaco della Citt\u00e0 del Litorale Domizio, Pasquale Marrandino, insieme alla consigliera Roberta Letizia, l\u2019assessore allo Sport e l\u2019assessore alla Pubblica Istruzione Vincenzo Gatta, nonch\u00e9 Presidente del Consiglio d\u2019Istiituto. Il volo delle colombe bianche simbolo di Pace presso Villaggio del Sole, ha inaugurato il decennale della Fiaccola della Pace ricordando l\u2019importanza del \u201ctempo della Pace!\u201d.<\/p>\n<p>La Dirigente scolastica, dopo avere salutato il Sindaco, gli alunni, i genitori e i docenti che hanno lavorato con grande passione per la manifestazione, \u00a0ha ricordato l\u2019importanza del valore educativo attraverso queste manifestazioni. \u201cQueste esperienze vanno fatte sin da piccoli, vanno portate nel nostro cuore e alimentate in tutte le persone che incontriamo sul nostro cammino. L\u2019educazione alla Pace non deve essere solo verbale, \u00a0ma la dobbiamo testimoniare ogni giorno con le azioni affinch\u00e8 questi bambini possano incardinarla nella loro mente e nella loro coscienza\u201d. Quindi ha ricordato che la giornata odierna, non scelta a caso, \u00e8 coincisa con la festa di una grande figura, San Martino, un tempo soldato e che convertitosi alla fede divenne un obiettore di coscienza rifiutandosi di imbracciare le armi. La storia di San martino in particolare \u00e8 conosciuta per avere condiviso il suo mantello con un povero durante una fredda giornata invernale. Il miracolo di San Martino si \u00e8 ripetuto anche quest\u2019anno attraverso la cosiddetta Estate di San Martino regalandoci una bellissima giornata di sole.<\/p>\n<p>La Dirigente scolastica ha passato la parola al Sindaco\u00a0 Marrandino che nel salutare tutti ha ricordato l\u2019importanza di questa giornata dedicata alla Pace, evidenziandone il senso attraverso una riflessione \u201cE\u2019 una giornata bellissima in cui faremo capire al mondo che noi siamo contro la guerra perch\u00e9 la guerra \u00e8 una cosa brutta. In questo momento dall\u2019altra parte del mondo ci sono tanti bambini come voi che non hanno la fortuna di avere una scuola, di avere un paio di scarpe\u00a0 e forse questa mattina, ma gi\u00e0 da tanti giorni, questi bambini non hanno fatto nemmeno colazione. Questo succede perch\u00e9 vivono nei paesi dove c\u2019\u00e8 la guerra. Noi qui invece siamo pi\u00f9 fortunati di quei bambini per questo dobbiamo far sentire la nostra voce in questa\u00a0 passeggiata dimostrando al mondo che siamo diversi, che noi sappiamo che la guerra \u00e8 una cosa bruttissima. Noi le guerre non le vogliamo\u201d.\u00a0 Ha concluso. Al Plesso di Via San Rocco durante la seconda tappa, \u00e8 intervenuto \u00a0anche l\u2019Assessore allo Sport Andrea Scalzone e a seguire l\u2019Assessore alla Pubblica Istruzione Vincenzo Gatta, nonch\u00e9 Presidente del Consiglio d\u2019Istituto dell\u2019IC Garibaldi, che ha ricordato un po\u2019 la storia della Citta di Castel Volturno impegnata da anni sul percorso della Pace, quindi ha evidenziato l\u2019importanza di promuovere nei giovanissimi il seme della Pace affinch\u00e8 si possa sperare in un futuro migliore.<\/p>\n<p>La Fiaccola della Pace \u00e8 stata dedicata a tutte le vittime delle guerre a tutti i bambini \u00a0vittime dei bombardamenti sulla Striscia di Gaza, ai bambini Ucraini e africani in particolare, a cui \u00e8 stato negato il diritto di manifestare, di vivere in Pace e di studiare, ha ricordato Agnese Ginocchio.<\/p>\n<p>Gli alunni, moderato dal vice Preside prof. Alfonso Caprio e dalle responsabili di plesso di Villaggio del Sole, hanno declamato poesie ed invocazioni di Pace ed inoltre con tutte le altre docenti dell\u2019Istituto hanno realizzato cartelloni che hanno mostrato durante la manifestazione. La Fiaccola della Pace \u00e8 stata collegata anche alla terza Marcia mondiale per la Pace e la Nonviolenza partita lo scorso 2 Ottobre da an Jos\u00e8 de Costa Rica. Alla Dirigente scolastica il Movimento per la Pace ha consegnato l\u2019appello della Marcia mondiale che terminer\u00e0 il 5 gennaio sempre a San Jos\u00e8 de Costa Rica. Presente anche Emilio, fratello del compianto don Peppe Diana al quale \u00e8 stato dedicato un momento nel finale attraverso la consegna dell\u2019Attestato alle Majorettes e ai docenti che hanno collaborato per la realizzazione di alcune scene inserite nel video dell\u2019 Opera rock Ama il prossimo, a lui dedicata. Consegna degli Attestati speciali infine, anche al prof. Alfonso Caprio e alle docenti responsabili dei plessi, per l\u2019impegno profuso per la buona riuscita della manifestazione.<\/p>\n<div class=\"post-gallery\">\n\t\t\t<figure class=\"post-gallery-item\">\n\t\t\t\t<img decoding=\"async\" src=\"https:\/\/www.pressenza.com\/wp-content\/uploads\/2024\/11\/giornale-5-820x615.jpeg\" loading=\"lazy\">\n\t\t\t\t<figcaption>\n\t\t\t\t\t\n\t\t\t\t<\/figcaption>\n\t\t\t<\/figure>\n\t\t\t<figure class=\"post-gallery-item\">\n\t\t\t\t<img decoding=\"async\" src=\"https:\/\/www.pressenza.com\/wp-content\/uploads\/2024\/11\/giornale-4-820x615.jpeg\" loading=\"lazy\">\n\t\t\t\t<figcaption>\n\t\t\t\t\t\n\t\t\t\t<\/figcaption>\n\t\t\t<\/figure>\n\t\t\t<figure class=\"post-gallery-item\">\n\t\t\t\t<img decoding=\"async\" src=\"https:\/\/www.pressenza.com\/wp-content\/uploads\/2024\/11\/giornale-2-820x461.jpeg\" loading=\"lazy\">\n\t\t\t\t<figcaption>\n\t\t\t\t\t\n\t\t\t\t<\/figcaption>\n\t\t\t<\/figure>\n\t\t\t<figure class=\"post-gallery-item\">\n\t\t\t\t<img decoding=\"async\" src=\"https:\/\/www.pressenza.com\/wp-content\/uploads\/2024\/11\/giornale-1-820x461.jpeg\" loading=\"lazy\">\n\t\t\t\t<figcaption>\n\t\t\t\t\t\n\t\t\t\t<\/figcaption>\n\t\t\t<\/figure>\n\t\t\t<figure class=\"post-gallery-item\">\n\t\t\t\t<img decoding=\"async\" src=\"https:\/\/www.pressenza.com\/wp-content\/uploads\/2024\/11\/466374429_580639767951809_8242468370030331946_n-820x728.jpg\" loading=\"lazy\">\n\t\t\t\t<figcaption>\n\t\t\t\t\t\n\t\t\t\t<\/figcaption>\n\t\t\t<\/figure>\n\t\t\t<figure class=\"post-gallery-item\">\n\t\t\t\t<img decoding=\"async\" src=\"https:\/\/www.pressenza.com\/wp-content\/uploads\/2024\/11\/giornale-820x615.jpg\" loading=\"lazy\">\n\t\t\t\t<figcaption>\n\t\t\t\t\t\n\t\t\t\t<\/figcaption>\n\t\t\t<\/figure><\/div>\n","protected":false},"excerpt":{"rendered":"<p>Le colombe bianche simbolo di Pace, librate al cielo presso il Plesso di Villaggio del Sole, \u00a0hanno inaugurato il decennale dello storico evento, giunto per la quanta volta nella citt\u00e0 del mare grazie all\u2019adesione dell\u2019Istituto Garibaldi alla guida della grande&hellip;<\/p>\n","protected":false},"author":594,"featured_media":2561941,"comment_status":"closed","ping_status":"closed","sticky":false,"template":"","format":"standard","meta":{"footnotes":""},"categories":[11388,107392,5677,1263],"tags":[100270,92473,119333,104474],"class_list":["post-2561931","post","type-post","status-publish","format-standard","has-post-thumbnail","hentry","category-contenuti-originali","category-noticia-it","category-fotoreportages","category-pace-disarmo","tag-agnese-ginocchio","tag-castel-volturno","tag-fiaccola-della-pace","tag-terza-marcia-mondiale-per-la-pace-e-la-nonviolenza"],"yoast_head":"<!-- This site is optimized with the Yoast SEO plugin v27.1.1 - https:\/\/yoast.com\/product\/yoast-seo-wordpress\/ -->\n<title>La Fiaccola della Pace a Castel Volturno, Il volo delle colombe bianche per ricordare che il tempo della Pace \u00e8 ORA!<\/title>\n<meta name=\"description\" content=\"Le colombe bianche simbolo di Pace, librate al cielo presso il Plesso di Villaggio del Sole, \u00a0hanno inaugurato il decennale dello storico evento, giunto\" \/>\n<meta name=\"robots\" content=\"index, follow, max-snippet:-1, max-image-preview:large, max-video-preview:-1\" \/>\n<link rel=\"canonical\" href=\"https:\/\/www.pressenza.com\/it\/2024\/11\/la-fiaccola-della-pace-a-castel-volturno-il-volo-delle-colombe-bianche-per-ricordare-che-il-tempo-della-pace-e-ora\/\" \/>\n<meta property=\"og:locale\" content=\"it_IT\" \/>\n<meta property=\"og:type\" content=\"article\" \/>\n<meta property=\"og:title\" content=\"La Fiaccola della Pace a Castel Volturno, Il volo delle colombe bianche per ricordare che il tempo della Pace \u00e8 ORA!\" \/>\n<meta property=\"og:description\" content=\"Le colombe bianche simbolo di Pace, librate al cielo presso il Plesso di Villaggio del Sole, \u00a0hanno inaugurato il decennale dello storico evento, giunto\" \/>\n<meta property=\"og:url\" content=\"https:\/\/www.pressenza.com\/it\/2024\/11\/la-fiaccola-della-pace-a-castel-volturno-il-volo-delle-colombe-bianche-per-ricordare-che-il-tempo-della-pace-e-ora\/\" \/>\n<meta property=\"og:site_name\" content=\"Pressenza\" \/>\n<meta property=\"article:publisher\" content=\"https:\/\/www.facebook.com\/PressenzaItalia\" \/>\n<meta property=\"article:author\" content=\"https:\/\/www.facebook.com\/PressenzaItalia\" \/>\n<meta property=\"article:published_time\" content=\"2024-11-11T22:28:12+00:00\" \/>\n<meta property=\"article:modified_time\" content=\"2024-11-11T22:31:22+00:00\" \/>\n<meta property=\"og:image\" content=\"https:\/\/www.pressenza.com\/wp-content\/uploads\/2024\/11\/giornale-4.jpeg\" \/>\n\t<meta property=\"og:image:width\" content=\"2000\" \/>\n\t<meta property=\"og:image:height\" content=\"1500\" \/>\n\t<meta property=\"og:image:type\" content=\"image\/jpeg\" \/>\n<meta name=\"author\" content=\"Redazione Italia\" \/>\n<meta name=\"twitter:card\" content=\"summary_large_image\" \/>\n<meta name=\"twitter:creator\" content=\"@pressenza_it\" \/>\n<meta name=\"twitter:site\" content=\"@PressenzaIPA\" \/>\n<meta name=\"twitter:label1\" content=\"Scritto da\" \/>\n\t<meta name=\"twitter:data1\" content=\"Redazione Italia\" \/>\n\t<meta name=\"twitter:label2\" content=\"Tempo di lettura stimato\" \/>\n\t<meta name=\"twitter:data2\" content=\"5 minuti\" \/>\n<script type=\"application\/ld+json\" class=\"yoast-schema-graph\">{\"@context\":\"https:\/\/schema.org\",\"@graph\":[{\"@type\":\"Article\",\"@id\":\"https:\/\/www.pressenza.com\/it\/2024\/11\/la-fiaccola-della-pace-a-castel-volturno-il-volo-delle-colombe-bianche-per-ricordare-che-il-tempo-della-pace-e-ora\/#article\",\"isPartOf\":{\"@id\":\"https:\/\/www.pressenza.com\/it\/2024\/11\/la-fiaccola-della-pace-a-castel-volturno-il-volo-delle-colombe-bianche-per-ricordare-che-il-tempo-della-pace-e-ora\/\"},\"author\":{\"name\":\"Redazione Italia\",\"@id\":\"https:\/\/www.pressenza.com\/it\/#\/schema\/person\/d983e81827ae24f2c7b1a2123d197f8d\"},\"headline\":\"La Fiaccola della Pace a Castel Volturno, Il volo delle colombe bianche per ricordare che il tempo della Pace \u00e8 ORA!\",\"datePublished\":\"2024-11-11T22:28:12+00:00\",\"dateModified\":\"2024-11-11T22:31:22+00:00\",\"mainEntityOfPage\":{\"@id\":\"https:\/\/www.pressenza.com\/it\/2024\/11\/la-fiaccola-della-pace-a-castel-volturno-il-volo-delle-colombe-bianche-per-ricordare-che-il-tempo-della-pace-e-ora\/\"},\"wordCount\":929,\"publisher\":{\"@id\":\"https:\/\/www.pressenza.com\/it\/#organization\"},\"image\":{\"@id\":\"https:\/\/www.pressenza.com\/it\/2024\/11\/la-fiaccola-della-pace-a-castel-volturno-il-volo-delle-colombe-bianche-per-ricordare-che-il-tempo-della-pace-e-ora\/#primaryimage\"},\"thumbnailUrl\":\"https:\/\/www.pressenza.com\/wp-content\/uploads\/2024\/11\/giornale-4.jpeg\",\"keywords\":[\"Agnese Ginocchio\",\"Castel Volturno\",\"Fiaccola della Pace\",\"Terza Marcia Mondiale per la Pace e la Nonviolenza\"],\"articleSection\":[\"contenuti originali\",\"Cronaca\",\"Fotoreportages\",\"Pace e Disarmo\"],\"inLanguage\":\"it-IT\"},{\"@type\":\"WebPage\",\"@id\":\"https:\/\/www.pressenza.com\/it\/2024\/11\/la-fiaccola-della-pace-a-castel-volturno-il-volo-delle-colombe-bianche-per-ricordare-che-il-tempo-della-pace-e-ora\/\",\"url\":\"https:\/\/www.pressenza.com\/it\/2024\/11\/la-fiaccola-della-pace-a-castel-volturno-il-volo-delle-colombe-bianche-per-ricordare-che-il-tempo-della-pace-e-ora\/\",\"name\":\"La Fiaccola della Pace a Castel Volturno, Il volo delle colombe bianche per ricordare che il tempo della Pace \u00e8 ORA!\",\"isPartOf\":{\"@id\":\"https:\/\/www.pressenza.com\/it\/#website\"},\"primaryImageOfPage\":{\"@id\":\"https:\/\/www.pressenza.com\/it\/2024\/11\/la-fiaccola-della-pace-a-castel-volturno-il-volo-delle-colombe-bianche-per-ricordare-che-il-tempo-della-pace-e-ora\/#primaryimage\"},\"image\":{\"@id\":\"https:\/\/www.pressenza.com\/it\/2024\/11\/la-fiaccola-della-pace-a-castel-volturno-il-volo-delle-colombe-bianche-per-ricordare-che-il-tempo-della-pace-e-ora\/#primaryimage\"},\"thumbnailUrl\":\"https:\/\/www.pressenza.com\/wp-content\/uploads\/2024\/11\/giornale-4.jpeg\",\"datePublished\":\"2024-11-11T22:28:12+00:00\",\"dateModified\":\"2024-11-11T22:31:22+00:00\",\"description\":\"Le colombe bianche simbolo di Pace, librate al cielo presso il Plesso di Villaggio del Sole, \u00a0hanno inaugurato il decennale dello storico evento, giunto\",\"breadcrumb\":{\"@id\":\"https:\/\/www.pressenza.com\/it\/2024\/11\/la-fiaccola-della-pace-a-castel-volturno-il-volo-delle-colombe-bianche-per-ricordare-che-il-tempo-della-pace-e-ora\/#breadcrumb\"},\"inLanguage\":\"it-IT\",\"potentialAction\":[{\"@type\":\"ReadAction\",\"target\":[\"https:\/\/www.pressenza.com\/it\/2024\/11\/la-fiaccola-della-pace-a-castel-volturno-il-volo-delle-colombe-bianche-per-ricordare-che-il-tempo-della-pace-e-ora\/\"]}]},{\"@type\":\"ImageObject\",\"inLanguage\":\"it-IT\",\"@id\":\"https:\/\/www.pressenza.com\/it\/2024\/11\/la-fiaccola-della-pace-a-castel-volturno-il-volo-delle-colombe-bianche-per-ricordare-che-il-tempo-della-pace-e-ora\/#primaryimage\",\"url\":\"https:\/\/www.pressenza.com\/wp-content\/uploads\/2024\/11\/giornale-4.jpeg\",\"contentUrl\":\"https:\/\/www.pressenza.com\/wp-content\/uploads\/2024\/11\/giornale-4.jpeg\",\"width\":2000,\"height\":1500},{\"@type\":\"BreadcrumbList\",\"@id\":\"https:\/\/www.pressenza.com\/it\/2024\/11\/la-fiaccola-della-pace-a-castel-volturno-il-volo-delle-colombe-bianche-per-ricordare-che-il-tempo-della-pace-e-ora\/#breadcrumb\",\"itemListElement\":[{\"@type\":\"ListItem\",\"position\":1,\"name\":\"Accueil\",\"item\":\"https:\/\/www.pressenza.com\/it\/\"},{\"@type\":\"ListItem\",\"position\":2,\"name\":\"La Fiaccola della Pace a Castel Volturno, Il volo delle colombe bianche per ricordare che il tempo della Pace \u00e8 ORA!\"}]},{\"@type\":\"WebSite\",\"@id\":\"https:\/\/www.pressenza.com\/it\/#website\",\"url\":\"https:\/\/www.pressenza.com\/it\/\",\"name\":\"Pressenza\",\"description\":\"Agenzia di Stampa Internazionale\",\"publisher\":{\"@id\":\"https:\/\/www.pressenza.com\/it\/#organization\"},\"potentialAction\":[{\"@type\":\"SearchAction\",\"target\":{\"@type\":\"EntryPoint\",\"urlTemplate\":\"https:\/\/www.pressenza.com\/it\/?s={search_term_string}\"},\"query-input\":{\"@type\":\"PropertyValueSpecification\",\"valueRequired\":true,\"valueName\":\"search_term_string\"}}],\"inLanguage\":\"it-IT\"},{\"@type\":\"Organization\",\"@id\":\"https:\/\/www.pressenza.com\/it\/#organization\",\"name\":\"Pressenza\",\"url\":\"https:\/\/www.pressenza.com\/it\/\",\"logo\":{\"@type\":\"ImageObject\",\"inLanguage\":\"it-IT\",\"@id\":\"https:\/\/www.pressenza.com\/it\/#\/schema\/logo\/image\/\",\"url\":\"https:\/\/www.pressenza.com\/wp-content\/uploads\/2022\/10\/pressenza_logo_200x200.jpg\",\"contentUrl\":\"https:\/\/www.pressenza.com\/wp-content\/uploads\/2022\/10\/pressenza_logo_200x200.jpg\",\"width\":200,\"height\":200,\"caption\":\"Pressenza\"},\"image\":{\"@id\":\"https:\/\/www.pressenza.com\/it\/#\/schema\/logo\/image\/\"},\"sameAs\":[\"https:\/\/www.facebook.com\/PressenzaItalia\",\"https:\/\/x.com\/PressenzaIPA\"]},{\"@type\":\"Person\",\"@id\":\"https:\/\/www.pressenza.com\/it\/#\/schema\/person\/d983e81827ae24f2c7b1a2123d197f8d\",\"name\":\"Redazione Italia\",\"description\":\"News from the Pressenza Bureau in Italy\",\"sameAs\":[\"https:\/\/www.pressenza.com\/it\/author\/redazione-italia\/\",\"https:\/\/www.facebook.com\/PressenzaItalia\",\"https:\/\/www.instagram.com\/pressenza_italia\/\",\"https:\/\/x.com\/pressenza_it\",\"https:\/\/www.youtube.com\/channel\/UCSalEIWjE1RSxkwjfftFuqg\"],\"url\":\"https:\/\/www.pressenza.com\/it\/author\/redazione-italia\/\"}]}<\/script>\n<!-- \/ Yoast SEO plugin. -->","yoast_head_json":{"title":"La Fiaccola della Pace a Castel Volturno, Il volo delle colombe bianche per ricordare che il tempo della Pace \u00e8 ORA!","description":"Le colombe bianche simbolo di Pace, librate al cielo presso il Plesso di Villaggio del Sole, \u00a0hanno inaugurato il decennale dello storico evento, giunto","robots":{"index":"index","follow":"follow","max-snippet":"max-snippet:-1","max-image-preview":"max-image-preview:large","max-video-preview":"max-video-preview:-1"},"canonical":"https:\/\/www.pressenza.com\/it\/2024\/11\/la-fiaccola-della-pace-a-castel-volturno-il-volo-delle-colombe-bianche-per-ricordare-che-il-tempo-della-pace-e-ora\/","og_locale":"it_IT","og_type":"article","og_title":"La Fiaccola della Pace a Castel Volturno, Il volo delle colombe bianche per ricordare che il tempo della Pace \u00e8 ORA!","og_description":"Le colombe bianche simbolo di Pace, librate al cielo presso il Plesso di Villaggio del Sole, \u00a0hanno inaugurato il decennale dello storico evento, giunto","og_url":"https:\/\/www.pressenza.com\/it\/2024\/11\/la-fiaccola-della-pace-a-castel-volturno-il-volo-delle-colombe-bianche-per-ricordare-che-il-tempo-della-pace-e-ora\/","og_site_name":"Pressenza","article_publisher":"https:\/\/www.facebook.com\/PressenzaItalia","article_author":"https:\/\/www.facebook.com\/PressenzaItalia","article_published_time":"2024-11-11T22:28:12+00:00","article_modified_time":"2024-11-11T22:31:22+00:00","og_image":[{"width":2000,"height":1500,"url":"https:\/\/www.pressenza.com\/wp-content\/uploads\/2024\/11\/giornale-4.jpeg","type":"image\/jpeg"}],"author":"Redazione Italia","twitter_card":"summary_large_image","twitter_creator":"@pressenza_it","twitter_site":"@PressenzaIPA","twitter_misc":{"Scritto da":"Redazione Italia","Tempo di lettura stimato":"5 minuti"},"schema":{"@context":"https:\/\/schema.org","@graph":[{"@type":"Article","@id":"https:\/\/www.pressenza.com\/it\/2024\/11\/la-fiaccola-della-pace-a-castel-volturno-il-volo-delle-colombe-bianche-per-ricordare-che-il-tempo-della-pace-e-ora\/#article","isPartOf":{"@id":"https:\/\/www.pressenza.com\/it\/2024\/11\/la-fiaccola-della-pace-a-castel-volturno-il-volo-delle-colombe-bianche-per-ricordare-che-il-tempo-della-pace-e-ora\/"},"author":{"name":"Redazione Italia","@id":"https:\/\/www.pressenza.com\/it\/#\/schema\/person\/d983e81827ae24f2c7b1a2123d197f8d"},"headline":"La Fiaccola della Pace a Castel Volturno, Il volo delle colombe bianche per ricordare che il tempo della Pace \u00e8 ORA!","datePublished":"2024-11-11T22:28:12+00:00","dateModified":"2024-11-11T22:31:22+00:00","mainEntityOfPage":{"@id":"https:\/\/www.pressenza.com\/it\/2024\/11\/la-fiaccola-della-pace-a-castel-volturno-il-volo-delle-colombe-bianche-per-ricordare-che-il-tempo-della-pace-e-ora\/"},"wordCount":929,"publisher":{"@id":"https:\/\/www.pressenza.com\/it\/#organization"},"image":{"@id":"https:\/\/www.pressenza.com\/it\/2024\/11\/la-fiaccola-della-pace-a-castel-volturno-il-volo-delle-colombe-bianche-per-ricordare-che-il-tempo-della-pace-e-ora\/#primaryimage"},"thumbnailUrl":"https:\/\/www.pressenza.com\/wp-content\/uploads\/2024\/11\/giornale-4.jpeg","keywords":["Agnese Ginocchio","Castel Volturno","Fiaccola della Pace","Terza Marcia Mondiale per la Pace e la Nonviolenza"],"articleSection":["contenuti originali","Cronaca","Fotoreportages","Pace e Disarmo"],"inLanguage":"it-IT"},{"@type":"WebPage","@id":"https:\/\/www.pressenza.com\/it\/2024\/11\/la-fiaccola-della-pace-a-castel-volturno-il-volo-delle-colombe-bianche-per-ricordare-che-il-tempo-della-pace-e-ora\/","url":"https:\/\/www.pressenza.com\/it\/2024\/11\/la-fiaccola-della-pace-a-castel-volturno-il-volo-delle-colombe-bianche-per-ricordare-che-il-tempo-della-pace-e-ora\/","name":"La Fiaccola della Pace a Castel Volturno, Il volo delle colombe bianche per ricordare che il tempo della Pace \u00e8 ORA!","isPartOf":{"@id":"https:\/\/www.pressenza.com\/it\/#website"},"primaryImageOfPage":{"@id":"https:\/\/www.pressenza.com\/it\/2024\/11\/la-fiaccola-della-pace-a-castel-volturno-il-volo-delle-colombe-bianche-per-ricordare-che-il-tempo-della-pace-e-ora\/#primaryimage"},"image":{"@id":"https:\/\/www.pressenza.com\/it\/2024\/11\/la-fiaccola-della-pace-a-castel-volturno-il-volo-delle-colombe-bianche-per-ricordare-che-il-tempo-della-pace-e-ora\/#primaryimage"},"thumbnailUrl":"https:\/\/www.pressenza.com\/wp-content\/uploads\/2024\/11\/giornale-4.jpeg","datePublished":"2024-11-11T22:28:12+00:00","dateModified":"2024-11-11T22:31:22+00:00","description":"Le colombe bianche simbolo di Pace, librate al cielo presso il Plesso di Villaggio del Sole, \u00a0hanno inaugurato il decennale dello storico evento, giunto","breadcrumb":{"@id":"https:\/\/www.pressenza.com\/it\/2024\/11\/la-fiaccola-della-pace-a-castel-volturno-il-volo-delle-colombe-bianche-per-ricordare-che-il-tempo-della-pace-e-ora\/#breadcrumb"},"inLanguage":"it-IT","potentialAction":[{"@type":"ReadAction","target":["https:\/\/www.pressenza.com\/it\/2024\/11\/la-fiaccola-della-pace-a-castel-volturno-il-volo-delle-colombe-bianche-per-ricordare-che-il-tempo-della-pace-e-ora\/"]}]},{"@type":"ImageObject","inLanguage":"it-IT","@id":"https:\/\/www.pressenza.com\/it\/2024\/11\/la-fiaccola-della-pace-a-castel-volturno-il-volo-delle-colombe-bianche-per-ricordare-che-il-tempo-della-pace-e-ora\/#primaryimage","url":"https:\/\/www.pressenza.com\/wp-content\/uploads\/2024\/11\/giornale-4.jpeg","contentUrl":"https:\/\/www.pressenza.com\/wp-content\/uploads\/2024\/11\/giornale-4.jpeg","width":2000,"height":1500},{"@type":"BreadcrumbList","@id":"https:\/\/www.pressenza.com\/it\/2024\/11\/la-fiaccola-della-pace-a-castel-volturno-il-volo-delle-colombe-bianche-per-ricordare-che-il-tempo-della-pace-e-ora\/#breadcrumb","itemListElement":[{"@type":"ListItem","position":1,"name":"Accueil","item":"https:\/\/www.pressenza.com\/it\/"},{"@type":"ListItem","position":2,"name":"La Fiaccola della Pace a Castel Volturno, Il volo delle colombe bianche per ricordare che il tempo della Pace \u00e8 ORA!"}]},{"@type":"WebSite","@id":"https:\/\/www.pressenza.com\/it\/#website","url":"https:\/\/www.pressenza.com\/it\/","name":"Pressenza","description":"Agenzia di Stampa Internazionale","publisher":{"@id":"https:\/\/www.pressenza.com\/it\/#organization"},"potentialAction":[{"@type":"SearchAction","target":{"@type":"EntryPoint","urlTemplate":"https:\/\/www.pressenza.com\/it\/?s={search_term_string}"},"query-input":{"@type":"PropertyValueSpecification","valueRequired":true,"valueName":"search_term_string"}}],"inLanguage":"it-IT"},{"@type":"Organization","@id":"https:\/\/www.pressenza.com\/it\/#organization","name":"Pressenza","url":"https:\/\/www.pressenza.com\/it\/","logo":{"@type":"ImageObject","inLanguage":"it-IT","@id":"https:\/\/www.pressenza.com\/it\/#\/schema\/logo\/image\/","url":"https:\/\/www.pressenza.com\/wp-content\/uploads\/2022\/10\/pressenza_logo_200x200.jpg","contentUrl":"https:\/\/www.pressenza.com\/wp-content\/uploads\/2022\/10\/pressenza_logo_200x200.jpg","width":200,"height":200,"caption":"Pressenza"},"image":{"@id":"https:\/\/www.pressenza.com\/it\/#\/schema\/logo\/image\/"},"sameAs":["https:\/\/www.facebook.com\/PressenzaItalia","https:\/\/x.com\/PressenzaIPA"]},{"@type":"Person","@id":"https:\/\/www.pressenza.com\/it\/#\/schema\/person\/d983e81827ae24f2c7b1a2123d197f8d","name":"Redazione Italia","description":"News from the Pressenza Bureau in Italy","sameAs":["https:\/\/www.pressenza.com\/it\/author\/redazione-italia\/","https:\/\/www.facebook.com\/PressenzaItalia","https:\/\/www.instagram.com\/pressenza_italia\/","https:\/\/x.com\/pressenza_it","https:\/\/www.youtube.com\/channel\/UCSalEIWjE1RSxkwjfftFuqg"],"url":"https:\/\/www.pressenza.com\/it\/author\/redazione-italia\/"}]}},"place":"Castel Volturno","original_article_url":"","_links":{"self":[{"href":"https:\/\/www.pressenza.com\/it\/wp-json\/wp\/v2\/posts\/2561931","targetHints":{"allow":["GET"]}}],"collection":[{"href":"https:\/\/www.pressenza.com\/it\/wp-json\/wp\/v2\/posts"}],"about":[{"href":"https:\/\/www.pressenza.com\/it\/wp-json\/wp\/v2\/types\/post"}],"author":[{"embeddable":true,"href":"https:\/\/www.pressenza.com\/it\/wp-json\/wp\/v2\/users\/594"}],"replies":[{"embeddable":true,"href":"https:\/\/www.pressenza.com\/it\/wp-json\/wp\/v2\/comments?post=2561931"}],"version-history":[{"count":0,"href":"https:\/\/www.pressenza.com\/it\/wp-json\/wp\/v2\/posts\/2561931\/revisions"}],"wp:featuredmedia":[{"embeddable":true,"href":"https:\/\/www.pressenza.com\/it\/wp-json\/wp\/v2\/media\/2561941"}],"wp:attachment":[{"href":"https:\/\/www.pressenza.com\/it\/wp-json\/wp\/v2\/media?parent=2561931"}],"wp:term":[{"taxonomy":"category","embeddable":true,"href":"https:\/\/www.pressenza.com\/it\/wp-json\/wp\/v2\/categories?post=2561931"},{"taxonomy":"post_tag","embeddable":true,"href":"https:\/\/www.pressenza.com\/it\/wp-json\/wp\/v2\/tags?post=2561931"}],"curies":[{"name":"wp","href":"https:\/\/api.w.org\/{rel}","templated":true}]}}