{"id":2561393,"date":"2024-11-09T17:45:31","date_gmt":"2024-11-09T17:45:31","guid":{"rendered":"https:\/\/www.pressenza.com\/?p=2561393"},"modified":"2024-11-09T18:34:59","modified_gmt":"2024-11-09T18:34:59","slug":"i-crimini-contro-i-giornalisti-non-restino-impuniti","status":"publish","type":"post","link":"https:\/\/www.pressenza.com\/it\/2024\/11\/i-crimini-contro-i-giornalisti-non-restino-impuniti\/","title":{"rendered":"I crimini contro i giornalisti non restino impuniti"},"content":{"rendered":"<p>Si \u00e8 tenuta ad Addis Abeba una Conferenza internazionale sulla libert\u00e0 d\u2019informazione. Sotto l\u2019Egida dell\u2019Unesco e dell\u2019Unione Africana: centinaia di giornalisti provenienti da 400 nazioni hanno discusso dei pericoli della professione in tempo di guerra.<\/p>\n<p>L\u2019iniziativa \u00e8 stata intrapresa nel decimo anniversario della dichiarazione di Strasburgo sulla \u2018Giornata internazionale per porre fine all\u2019impunit\u00e0 per i crimini contro i giornalisti\u2019 decisa nel 2014 con la risoluzione dell\u2019Assemblea generale A\/RES\/68\/163.<\/p>\n<p>La data era stata scelta per commemorare l\u2019assassinio di due giornalisti francesi in Mali il 2 novembre 2013.<\/p>\n<p>Nel messaggio rivolto ai presenti, il segretario generale dell\u2019ONU ha sottolineato: \u201cSi stima che, globalmente, 9 su 10 omicidi di giornalisti restino impuniti. L\u2019impunit\u00e0 genera ulteriore violenza. Questo deve cambiare. L\u2019impunit\u00e0 per i crimini contro i giornalisti \u00e8 una delle sfide pi\u00f9 urgenti del nostro tempo, particolarmente nei contesti di conflitto e crisi. Garantire la sicurezza di chi riporta i fatti \u00e8 essenziale per il rispetto della libert\u00e0 di espressione e per l\u2019accesso ad informazioni corrette, diritti umani fondamentali che poggiano sulla protezione dei giornalisti\u201d.<\/p>\n<p>Nel panel dedicato al mondo arabo, la giornalista palestinese Shorouq Asaad ha sottolineato la determinazione degli occupanti israeliani di Gaza a cancellare qualsiasi altra narrazione sul genocidio in corso da oltre un anno, prendendo di mira deliberatamente i giornalisti e gli operatori media.<\/p>\n<p>\u00c8 stato ucciso il 10% dei 1700 giornalisti circa registrati nel sindacato, sono state bombardate 73 sedi di redazioni, 21 stazioni radio e tv sono state distrutte e fatte cessare le loro trasmissioni. Centinaia di giornalisti sono stati costretti allo sfollamento con le loro famiglie per sette-otto volte almeno.<\/p>\n<p>Venerd\u00ec 8 novembre, \u00e8 stato assassinato il 184esimo giornalista a Gaza. Khaled Abu-Zir di radio Saawt Shaab \u00e8 stato ucciso mentre stava adempiendo al suo lavoro di informare il pubblico sul genocidio in corso nel nord di Gaza.<\/p>\n<p>Abdul Muniem Abu-Idris, presidente del sindacato dei giornalisti sudanesi, ha disegnato a tratti foschi la situazione nel suo paese: \u201cfino allo scorso settembre sono stati uccisi 13 giornalisti e il 90% delle redazioni sono state saccheggiate. Circa 500 giornalisti sono stati costretti a fuggire all\u2019estero. Altri 1000 si sono ritrovati praticamente senza lavoro e al momento attuale nelle zone di conflitto ci sono soltanto 260 giornalisti che operano in condizioni difficilissime; molte volte presentare la tessera di giornalista, invece di garantire protezione, causa angherie e persecuzioni. Le due parti militari belligeranti non rispettano il diritto internazionale\u201d.<\/p>\n<p>Lo stesso si pu\u00f2 affermare per la situazione dello Yemen. Yussif Hazeb, presidente dell\u2019associazione dei giornalisti yemeniti (SADA) ha comunicato che 63 giornalisti sono stati assassinati in 10 anni di guerra nel suo paese. \u201cAltri 520 hanno subito sparizioni coercitive. 150 redazioni sono state chiuse per mano dei due governi che controllano il paese. Un\u2019altra sfida che i giornalisti yemeniti vivono con terrore \u00e8 la minaccia dei processi penali. 25 giornalisti sono sottoposti attualmente a procedimenti penali per denunce pretestuose di diffamazione. Contro un giornalista \u00e8 stata pronunciata una condanna a morte da un tribunale delle milizie Houthi\u201d.<\/p>\n<p><em>Comunicare \u00e8 necessario come respirare, scriveva il filosofo Spinoza; sostenere la libert\u00e0 dei giornalisti \u00e8 sostenere la nostra libert\u00e0 di esistere e pensare.<\/em><\/p>\n","protected":false},"excerpt":{"rendered":"<p>Si \u00e8 tenuta ad Addis Abeba una Conferenza internazionale sulla libert\u00e0 d\u2019informazione. Sotto l\u2019Egida dell\u2019Unesco e dell\u2019Unione Africana: centinaia di giornalisti provenienti da 400 nazioni hanno discusso dei pericoli della professione in tempo di guerra. L\u2019iniziativa \u00e8 stata intrapresa nel&hellip;<\/p>\n","protected":false},"author":2080,"featured_media":1754082,"comment_status":"closed","ping_status":"closed","sticky":false,"template":"","format":"standard","meta":{"footnotes":""},"categories":[150,56,60],"tags":[37616,666,128943],"class_list":["post-2561393","post","type-post","status-publish","format-standard","has-post-thumbnail","hentry","category-comunicati-stampa","category-cultura","category-diritti-umani","tag-giornalismo-nonviolento","tag-liberta-di-stampa","tag-repressione-della-liberta-di-coscienza"],"yoast_head":"<!-- This site is optimized with the Yoast SEO plugin v27.1.1 - https:\/\/yoast.com\/product\/yoast-seo-wordpress\/ -->\n<title>I crimini contro i giornalisti non restino impuniti<\/title>\n<meta name=\"description\" content=\"Si \u00e8 tenuta ad Addis Abeba una Conferenza internazionale sulla libert\u00e0 d\u2019informazione. Sotto l\u2019Egida dell\u2019Unesco e dell\u2019Unione Africana: centinaia di\" \/>\n<meta name=\"robots\" content=\"index, follow, max-snippet:-1, max-image-preview:large, max-video-preview:-1\" \/>\n<link rel=\"canonical\" href=\"https:\/\/www.pressenza.com\/it\/2024\/11\/i-crimini-contro-i-giornalisti-non-restino-impuniti\/\" \/>\n<meta property=\"og:locale\" content=\"it_IT\" \/>\n<meta property=\"og:type\" content=\"article\" \/>\n<meta property=\"og:title\" content=\"I crimini contro i giornalisti non restino impuniti\" \/>\n<meta property=\"og:description\" content=\"Si \u00e8 tenuta ad Addis Abeba una Conferenza internazionale sulla libert\u00e0 d\u2019informazione. Sotto l\u2019Egida dell\u2019Unesco e dell\u2019Unione Africana: centinaia di\" \/>\n<meta property=\"og:url\" content=\"https:\/\/www.pressenza.com\/it\/2024\/11\/i-crimini-contro-i-giornalisti-non-restino-impuniti\/\" \/>\n<meta property=\"og:site_name\" content=\"Pressenza\" \/>\n<meta property=\"article:publisher\" content=\"https:\/\/www.facebook.com\/PressenzaItalia\" \/>\n<meta property=\"article:published_time\" content=\"2024-11-09T17:45:31+00:00\" \/>\n<meta property=\"article:modified_time\" content=\"2024-11-09T18:34:59+00:00\" \/>\n<meta property=\"og:image\" content=\"https:\/\/www.pressenza.com\/wp-content\/uploads\/2023\/07\/giornalismo-nonviolento-roppolo02-2.jpg\" \/>\n\t<meta property=\"og:image:width\" content=\"850\" \/>\n\t<meta property=\"og:image:height\" content=\"681\" \/>\n\t<meta property=\"og:image:type\" content=\"image\/jpeg\" \/>\n<meta name=\"author\" content=\"ANBAMED\" \/>\n<meta name=\"twitter:card\" content=\"summary_large_image\" \/>\n<meta name=\"twitter:creator\" content=\"@PressenzaIPA\" \/>\n<meta name=\"twitter:site\" content=\"@PressenzaIPA\" \/>\n<meta name=\"twitter:label1\" content=\"Scritto da\" \/>\n\t<meta name=\"twitter:data1\" content=\"ANBAMED\" \/>\n\t<meta name=\"twitter:label2\" content=\"Tempo di lettura stimato\" \/>\n\t<meta name=\"twitter:data2\" content=\"3 minuti\" \/>\n<script type=\"application\/ld+json\" class=\"yoast-schema-graph\">{\"@context\":\"https:\/\/schema.org\",\"@graph\":[{\"@type\":\"Article\",\"@id\":\"https:\/\/www.pressenza.com\/it\/2024\/11\/i-crimini-contro-i-giornalisti-non-restino-impuniti\/#article\",\"isPartOf\":{\"@id\":\"https:\/\/www.pressenza.com\/it\/2024\/11\/i-crimini-contro-i-giornalisti-non-restino-impuniti\/\"},\"author\":{\"name\":\"ANBAMED\",\"@id\":\"https:\/\/www.pressenza.com\/it\/#\/schema\/person\/9f05db79ca2872d8e94cb459a93831e4\"},\"headline\":\"I crimini contro i giornalisti non restino impuniti\",\"datePublished\":\"2024-11-09T17:45:31+00:00\",\"dateModified\":\"2024-11-09T18:34:59+00:00\",\"mainEntityOfPage\":{\"@id\":\"https:\/\/www.pressenza.com\/it\/2024\/11\/i-crimini-contro-i-giornalisti-non-restino-impuniti\/\"},\"wordCount\":510,\"publisher\":{\"@id\":\"https:\/\/www.pressenza.com\/it\/#organization\"},\"image\":{\"@id\":\"https:\/\/www.pressenza.com\/it\/2024\/11\/i-crimini-contro-i-giornalisti-non-restino-impuniti\/#primaryimage\"},\"thumbnailUrl\":\"https:\/\/www.pressenza.com\/wp-content\/uploads\/2023\/07\/giornalismo-nonviolento-roppolo02-2.jpg\",\"keywords\":[\"giornalismo nonviolento\",\"libert\u00e0 di stampa\",\"repressione della libert\u00e0 di coscienza\"],\"articleSection\":[\"Comunicati Stampa\",\"Cultura e Media\",\"Diritti Umani\"],\"inLanguage\":\"it-IT\"},{\"@type\":\"WebPage\",\"@id\":\"https:\/\/www.pressenza.com\/it\/2024\/11\/i-crimini-contro-i-giornalisti-non-restino-impuniti\/\",\"url\":\"https:\/\/www.pressenza.com\/it\/2024\/11\/i-crimini-contro-i-giornalisti-non-restino-impuniti\/\",\"name\":\"I crimini contro i giornalisti non restino impuniti\",\"isPartOf\":{\"@id\":\"https:\/\/www.pressenza.com\/it\/#website\"},\"primaryImageOfPage\":{\"@id\":\"https:\/\/www.pressenza.com\/it\/2024\/11\/i-crimini-contro-i-giornalisti-non-restino-impuniti\/#primaryimage\"},\"image\":{\"@id\":\"https:\/\/www.pressenza.com\/it\/2024\/11\/i-crimini-contro-i-giornalisti-non-restino-impuniti\/#primaryimage\"},\"thumbnailUrl\":\"https:\/\/www.pressenza.com\/wp-content\/uploads\/2023\/07\/giornalismo-nonviolento-roppolo02-2.jpg\",\"datePublished\":\"2024-11-09T17:45:31+00:00\",\"dateModified\":\"2024-11-09T18:34:59+00:00\",\"description\":\"Si \u00e8 tenuta ad Addis Abeba una Conferenza internazionale sulla libert\u00e0 d\u2019informazione. Sotto l\u2019Egida dell\u2019Unesco e dell\u2019Unione Africana: centinaia di\",\"breadcrumb\":{\"@id\":\"https:\/\/www.pressenza.com\/it\/2024\/11\/i-crimini-contro-i-giornalisti-non-restino-impuniti\/#breadcrumb\"},\"inLanguage\":\"it-IT\",\"potentialAction\":[{\"@type\":\"ReadAction\",\"target\":[\"https:\/\/www.pressenza.com\/it\/2024\/11\/i-crimini-contro-i-giornalisti-non-restino-impuniti\/\"]}]},{\"@type\":\"ImageObject\",\"inLanguage\":\"it-IT\",\"@id\":\"https:\/\/www.pressenza.com\/it\/2024\/11\/i-crimini-contro-i-giornalisti-non-restino-impuniti\/#primaryimage\",\"url\":\"https:\/\/www.pressenza.com\/wp-content\/uploads\/2023\/07\/giornalismo-nonviolento-roppolo02-2.jpg\",\"contentUrl\":\"https:\/\/www.pressenza.com\/wp-content\/uploads\/2023\/07\/giornalismo-nonviolento-roppolo02-2.jpg\",\"width\":850,\"height\":681},{\"@type\":\"BreadcrumbList\",\"@id\":\"https:\/\/www.pressenza.com\/it\/2024\/11\/i-crimini-contro-i-giornalisti-non-restino-impuniti\/#breadcrumb\",\"itemListElement\":[{\"@type\":\"ListItem\",\"position\":1,\"name\":\"Accueil\",\"item\":\"https:\/\/www.pressenza.com\/it\/\"},{\"@type\":\"ListItem\",\"position\":2,\"name\":\"I crimini contro i giornalisti non restino impuniti\"}]},{\"@type\":\"WebSite\",\"@id\":\"https:\/\/www.pressenza.com\/it\/#website\",\"url\":\"https:\/\/www.pressenza.com\/it\/\",\"name\":\"Pressenza\",\"description\":\"Agenzia di Stampa Internazionale\",\"publisher\":{\"@id\":\"https:\/\/www.pressenza.com\/it\/#organization\"},\"potentialAction\":[{\"@type\":\"SearchAction\",\"target\":{\"@type\":\"EntryPoint\",\"urlTemplate\":\"https:\/\/www.pressenza.com\/it\/?s={search_term_string}\"},\"query-input\":{\"@type\":\"PropertyValueSpecification\",\"valueRequired\":true,\"valueName\":\"search_term_string\"}}],\"inLanguage\":\"it-IT\"},{\"@type\":\"Organization\",\"@id\":\"https:\/\/www.pressenza.com\/it\/#organization\",\"name\":\"Pressenza\",\"url\":\"https:\/\/www.pressenza.com\/it\/\",\"logo\":{\"@type\":\"ImageObject\",\"inLanguage\":\"it-IT\",\"@id\":\"https:\/\/www.pressenza.com\/it\/#\/schema\/logo\/image\/\",\"url\":\"https:\/\/www.pressenza.com\/wp-content\/uploads\/2022\/10\/pressenza_logo_200x200.jpg\",\"contentUrl\":\"https:\/\/www.pressenza.com\/wp-content\/uploads\/2022\/10\/pressenza_logo_200x200.jpg\",\"width\":200,\"height\":200,\"caption\":\"Pressenza\"},\"image\":{\"@id\":\"https:\/\/www.pressenza.com\/it\/#\/schema\/logo\/image\/\"},\"sameAs\":[\"https:\/\/www.facebook.com\/PressenzaItalia\",\"https:\/\/x.com\/PressenzaIPA\"]},{\"@type\":\"Person\",\"@id\":\"https:\/\/www.pressenza.com\/it\/#\/schema\/person\/9f05db79ca2872d8e94cb459a93831e4\",\"name\":\"ANBAMED\",\"description\":\"Notizie dal Sud Est del Mediterraneo\",\"sameAs\":[\"https:\/\/www.anbamed.it\/\"],\"url\":\"https:\/\/www.pressenza.com\/it\/author\/anbamed\/\"}]}<\/script>\n<!-- \/ Yoast SEO plugin. -->","yoast_head_json":{"title":"I crimini contro i giornalisti non restino impuniti","description":"Si \u00e8 tenuta ad Addis Abeba una Conferenza internazionale sulla libert\u00e0 d\u2019informazione. Sotto l\u2019Egida dell\u2019Unesco e dell\u2019Unione Africana: centinaia di","robots":{"index":"index","follow":"follow","max-snippet":"max-snippet:-1","max-image-preview":"max-image-preview:large","max-video-preview":"max-video-preview:-1"},"canonical":"https:\/\/www.pressenza.com\/it\/2024\/11\/i-crimini-contro-i-giornalisti-non-restino-impuniti\/","og_locale":"it_IT","og_type":"article","og_title":"I crimini contro i giornalisti non restino impuniti","og_description":"Si \u00e8 tenuta ad Addis Abeba una Conferenza internazionale sulla libert\u00e0 d\u2019informazione. Sotto l\u2019Egida dell\u2019Unesco e dell\u2019Unione Africana: centinaia di","og_url":"https:\/\/www.pressenza.com\/it\/2024\/11\/i-crimini-contro-i-giornalisti-non-restino-impuniti\/","og_site_name":"Pressenza","article_publisher":"https:\/\/www.facebook.com\/PressenzaItalia","article_published_time":"2024-11-09T17:45:31+00:00","article_modified_time":"2024-11-09T18:34:59+00:00","og_image":[{"width":850,"height":681,"url":"https:\/\/www.pressenza.com\/wp-content\/uploads\/2023\/07\/giornalismo-nonviolento-roppolo02-2.jpg","type":"image\/jpeg"}],"author":"ANBAMED","twitter_card":"summary_large_image","twitter_creator":"@PressenzaIPA","twitter_site":"@PressenzaIPA","twitter_misc":{"Scritto da":"ANBAMED","Tempo di lettura stimato":"3 minuti"},"schema":{"@context":"https:\/\/schema.org","@graph":[{"@type":"Article","@id":"https:\/\/www.pressenza.com\/it\/2024\/11\/i-crimini-contro-i-giornalisti-non-restino-impuniti\/#article","isPartOf":{"@id":"https:\/\/www.pressenza.com\/it\/2024\/11\/i-crimini-contro-i-giornalisti-non-restino-impuniti\/"},"author":{"name":"ANBAMED","@id":"https:\/\/www.pressenza.com\/it\/#\/schema\/person\/9f05db79ca2872d8e94cb459a93831e4"},"headline":"I crimini contro i giornalisti non restino impuniti","datePublished":"2024-11-09T17:45:31+00:00","dateModified":"2024-11-09T18:34:59+00:00","mainEntityOfPage":{"@id":"https:\/\/www.pressenza.com\/it\/2024\/11\/i-crimini-contro-i-giornalisti-non-restino-impuniti\/"},"wordCount":510,"publisher":{"@id":"https:\/\/www.pressenza.com\/it\/#organization"},"image":{"@id":"https:\/\/www.pressenza.com\/it\/2024\/11\/i-crimini-contro-i-giornalisti-non-restino-impuniti\/#primaryimage"},"thumbnailUrl":"https:\/\/www.pressenza.com\/wp-content\/uploads\/2023\/07\/giornalismo-nonviolento-roppolo02-2.jpg","keywords":["giornalismo nonviolento","libert\u00e0 di stampa","repressione della libert\u00e0 di coscienza"],"articleSection":["Comunicati Stampa","Cultura e Media","Diritti Umani"],"inLanguage":"it-IT"},{"@type":"WebPage","@id":"https:\/\/www.pressenza.com\/it\/2024\/11\/i-crimini-contro-i-giornalisti-non-restino-impuniti\/","url":"https:\/\/www.pressenza.com\/it\/2024\/11\/i-crimini-contro-i-giornalisti-non-restino-impuniti\/","name":"I crimini contro i giornalisti non restino impuniti","isPartOf":{"@id":"https:\/\/www.pressenza.com\/it\/#website"},"primaryImageOfPage":{"@id":"https:\/\/www.pressenza.com\/it\/2024\/11\/i-crimini-contro-i-giornalisti-non-restino-impuniti\/#primaryimage"},"image":{"@id":"https:\/\/www.pressenza.com\/it\/2024\/11\/i-crimini-contro-i-giornalisti-non-restino-impuniti\/#primaryimage"},"thumbnailUrl":"https:\/\/www.pressenza.com\/wp-content\/uploads\/2023\/07\/giornalismo-nonviolento-roppolo02-2.jpg","datePublished":"2024-11-09T17:45:31+00:00","dateModified":"2024-11-09T18:34:59+00:00","description":"Si \u00e8 tenuta ad Addis Abeba una Conferenza internazionale sulla libert\u00e0 d\u2019informazione. Sotto l\u2019Egida dell\u2019Unesco e dell\u2019Unione Africana: centinaia di","breadcrumb":{"@id":"https:\/\/www.pressenza.com\/it\/2024\/11\/i-crimini-contro-i-giornalisti-non-restino-impuniti\/#breadcrumb"},"inLanguage":"it-IT","potentialAction":[{"@type":"ReadAction","target":["https:\/\/www.pressenza.com\/it\/2024\/11\/i-crimini-contro-i-giornalisti-non-restino-impuniti\/"]}]},{"@type":"ImageObject","inLanguage":"it-IT","@id":"https:\/\/www.pressenza.com\/it\/2024\/11\/i-crimini-contro-i-giornalisti-non-restino-impuniti\/#primaryimage","url":"https:\/\/www.pressenza.com\/wp-content\/uploads\/2023\/07\/giornalismo-nonviolento-roppolo02-2.jpg","contentUrl":"https:\/\/www.pressenza.com\/wp-content\/uploads\/2023\/07\/giornalismo-nonviolento-roppolo02-2.jpg","width":850,"height":681},{"@type":"BreadcrumbList","@id":"https:\/\/www.pressenza.com\/it\/2024\/11\/i-crimini-contro-i-giornalisti-non-restino-impuniti\/#breadcrumb","itemListElement":[{"@type":"ListItem","position":1,"name":"Accueil","item":"https:\/\/www.pressenza.com\/it\/"},{"@type":"ListItem","position":2,"name":"I crimini contro i giornalisti non restino impuniti"}]},{"@type":"WebSite","@id":"https:\/\/www.pressenza.com\/it\/#website","url":"https:\/\/www.pressenza.com\/it\/","name":"Pressenza","description":"Agenzia di Stampa Internazionale","publisher":{"@id":"https:\/\/www.pressenza.com\/it\/#organization"},"potentialAction":[{"@type":"SearchAction","target":{"@type":"EntryPoint","urlTemplate":"https:\/\/www.pressenza.com\/it\/?s={search_term_string}"},"query-input":{"@type":"PropertyValueSpecification","valueRequired":true,"valueName":"search_term_string"}}],"inLanguage":"it-IT"},{"@type":"Organization","@id":"https:\/\/www.pressenza.com\/it\/#organization","name":"Pressenza","url":"https:\/\/www.pressenza.com\/it\/","logo":{"@type":"ImageObject","inLanguage":"it-IT","@id":"https:\/\/www.pressenza.com\/it\/#\/schema\/logo\/image\/","url":"https:\/\/www.pressenza.com\/wp-content\/uploads\/2022\/10\/pressenza_logo_200x200.jpg","contentUrl":"https:\/\/www.pressenza.com\/wp-content\/uploads\/2022\/10\/pressenza_logo_200x200.jpg","width":200,"height":200,"caption":"Pressenza"},"image":{"@id":"https:\/\/www.pressenza.com\/it\/#\/schema\/logo\/image\/"},"sameAs":["https:\/\/www.facebook.com\/PressenzaItalia","https:\/\/x.com\/PressenzaIPA"]},{"@type":"Person","@id":"https:\/\/www.pressenza.com\/it\/#\/schema\/person\/9f05db79ca2872d8e94cb459a93831e4","name":"ANBAMED","description":"Notizie dal Sud Est del Mediterraneo","sameAs":["https:\/\/www.anbamed.it\/"],"url":"https:\/\/www.pressenza.com\/it\/author\/anbamed\/"}]}},"place":"","original_article_url":"","_links":{"self":[{"href":"https:\/\/www.pressenza.com\/it\/wp-json\/wp\/v2\/posts\/2561393","targetHints":{"allow":["GET"]}}],"collection":[{"href":"https:\/\/www.pressenza.com\/it\/wp-json\/wp\/v2\/posts"}],"about":[{"href":"https:\/\/www.pressenza.com\/it\/wp-json\/wp\/v2\/types\/post"}],"author":[{"embeddable":true,"href":"https:\/\/www.pressenza.com\/it\/wp-json\/wp\/v2\/users\/2080"}],"replies":[{"embeddable":true,"href":"https:\/\/www.pressenza.com\/it\/wp-json\/wp\/v2\/comments?post=2561393"}],"version-history":[{"count":0,"href":"https:\/\/www.pressenza.com\/it\/wp-json\/wp\/v2\/posts\/2561393\/revisions"}],"wp:featuredmedia":[{"embeddable":true,"href":"https:\/\/www.pressenza.com\/it\/wp-json\/wp\/v2\/media\/1754082"}],"wp:attachment":[{"href":"https:\/\/www.pressenza.com\/it\/wp-json\/wp\/v2\/media?parent=2561393"}],"wp:term":[{"taxonomy":"category","embeddable":true,"href":"https:\/\/www.pressenza.com\/it\/wp-json\/wp\/v2\/categories?post=2561393"},{"taxonomy":"post_tag","embeddable":true,"href":"https:\/\/www.pressenza.com\/it\/wp-json\/wp\/v2\/tags?post=2561393"}],"curies":[{"name":"wp","href":"https:\/\/api.w.org\/{rel}","templated":true}]}}