{"id":2561041,"date":"2024-11-07T16:01:38","date_gmt":"2024-11-07T16:01:38","guid":{"rendered":"https:\/\/www.pressenza.com\/?p=2561041"},"modified":"2024-11-07T16:01:38","modified_gmt":"2024-11-07T16:01:38","slug":"censura-a-christian-raimo-solidarieta-dalla-rete-no-bavaglio","status":"publish","type":"post","link":"https:\/\/www.pressenza.com\/it\/2024\/11\/censura-a-christian-raimo-solidarieta-dalla-rete-no-bavaglio\/","title":{"rendered":"Censura a Christian Raimo, solidariet\u00e0 dalla Rete No Bavaglio"},"content":{"rendered":"<p>La RETE NOBAVAGLIO \u00e8 al fianco di Christian Raimo: non \u00e8 accettabile la decisione dell&#8217;Ufficio scolastico regionale del Lazio, che ha sospeso dal servizio per tre mesi con dimezzamento dello stipendio il professor Christian Raimo unicamente per aver espresso critiche alle politiche del Ministro dell&#8217;Istruzione Valditara.<\/p>\n<p>Un provvedimento disciplinare inaccettabile.\u00a0 Una decisione non giustificata che la dice lunga sul clima intimidatorio che sta instaurando il governo Meloni nel nostro Paese, finalizzato a reprimere ogni forma di dissenso e di contestazione, in piena sintonia con le norme autoritarie che rischiano di essere introdotte dal ddl Sicurezza. Esprimere una critica \u00e8 un diritto e non pu\u00f2 essere una colpa.<\/p>\n","protected":false},"excerpt":{"rendered":"<p>La RETE NOBAVAGLIO \u00e8 al fianco di Christian Raimo: non \u00e8 accettabile la decisione dell&#8217;Ufficio scolastico regionale del Lazio, che ha sospeso dal servizio per tre mesi con dimezzamento dello stipendio il professor Christian Raimo unicamente per aver espresso critiche&hellip;<\/p>\n","protected":false},"author":2380,"featured_media":2551354,"comment_status":"closed","ping_status":"closed","sticky":false,"template":"","format":"standard","meta":{"footnotes":""},"categories":[150,47,55],"tags":[127296,66516,52254,110388,102921,1634,27683],"class_list":["post-2561041","post","type-post","status-publish","format-standard","has-post-thumbnail","hentry","category-comunicati-stampa","category-europa","category-politica","tag-christian-raimo","tag-critiche","tag-ddl-sicurezza","tag-ministro-valditara","tag-rete-no-bavaglio","tag-solidarieta","tag-sospensione"],"yoast_head":"<!-- This site is optimized with the Yoast SEO plugin v27.1.1 - https:\/\/yoast.com\/product\/yoast-seo-wordpress\/ -->\n<title>Censura a Christian Raimo, solidariet\u00e0 dalla Rete No Bavaglio<\/title>\n<meta name=\"description\" content=\"La RETE NOBAVAGLIO \u00e8 al fianco di Christian Raimo: non \u00e8 accettabile la decisione dell&#039;Ufficio scolastico regionale del Lazio, che ha sospeso dal servizio\" \/>\n<meta name=\"robots\" content=\"index, follow, max-snippet:-1, max-image-preview:large, max-video-preview:-1\" \/>\n<link rel=\"canonical\" href=\"https:\/\/www.pressenza.com\/it\/2024\/11\/censura-a-christian-raimo-solidarieta-dalla-rete-no-bavaglio\/\" \/>\n<meta property=\"og:locale\" content=\"it_IT\" \/>\n<meta property=\"og:type\" content=\"article\" \/>\n<meta property=\"og:title\" content=\"Censura a Christian Raimo, solidariet\u00e0 dalla Rete No Bavaglio\" \/>\n<meta property=\"og:description\" content=\"La RETE NOBAVAGLIO \u00e8 al fianco di Christian Raimo: non \u00e8 accettabile la decisione dell&#039;Ufficio scolastico regionale del Lazio, che ha sospeso dal servizio\" \/>\n<meta property=\"og:url\" content=\"https:\/\/www.pressenza.com\/it\/2024\/11\/censura-a-christian-raimo-solidarieta-dalla-rete-no-bavaglio\/\" \/>\n<meta property=\"og:site_name\" content=\"Pressenza\" \/>\n<meta property=\"article:publisher\" content=\"https:\/\/www.facebook.com\/PressenzaItalia\" \/>\n<meta property=\"article:published_time\" content=\"2024-11-07T16:01:38+00:00\" \/>\n<meta property=\"og:image\" content=\"https:\/\/www.pressenza.com\/wp-content\/uploads\/2024\/10\/Christian-Raimo.jpg\" \/>\n\t<meta property=\"og:image:width\" content=\"600\" \/>\n\t<meta property=\"og:image:height\" content=\"400\" \/>\n\t<meta property=\"og:image:type\" content=\"image\/jpeg\" \/>\n<meta name=\"author\" content=\"Rete #NOBAVAGLIO\" \/>\n<meta name=\"twitter:card\" content=\"summary_large_image\" \/>\n<meta name=\"twitter:creator\" content=\"@PressenzaIPA\" \/>\n<meta name=\"twitter:site\" content=\"@PressenzaIPA\" \/>\n<meta name=\"twitter:label1\" content=\"Scritto da\" \/>\n\t<meta name=\"twitter:data1\" content=\"Rete #NOBAVAGLIO\" \/>\n\t<meta name=\"twitter:label2\" content=\"Tempo di lettura stimato\" \/>\n\t<meta name=\"twitter:data2\" content=\"1 minuto\" \/>\n<script type=\"application\/ld+json\" class=\"yoast-schema-graph\">{\"@context\":\"https:\/\/schema.org\",\"@graph\":[{\"@type\":\"Article\",\"@id\":\"https:\/\/www.pressenza.com\/it\/2024\/11\/censura-a-christian-raimo-solidarieta-dalla-rete-no-bavaglio\/#article\",\"isPartOf\":{\"@id\":\"https:\/\/www.pressenza.com\/it\/2024\/11\/censura-a-christian-raimo-solidarieta-dalla-rete-no-bavaglio\/\"},\"author\":{\"name\":\"Rete #NOBAVAGLIO\",\"@id\":\"https:\/\/www.pressenza.com\/it\/#\/schema\/person\/b67628350fdfa460aee80d2609d961a2\"},\"headline\":\"Censura a Christian Raimo, solidariet\u00e0 dalla Rete No Bavaglio\",\"datePublished\":\"2024-11-07T16:01:38+00:00\",\"mainEntityOfPage\":{\"@id\":\"https:\/\/www.pressenza.com\/it\/2024\/11\/censura-a-christian-raimo-solidarieta-dalla-rete-no-bavaglio\/\"},\"wordCount\":115,\"publisher\":{\"@id\":\"https:\/\/www.pressenza.com\/it\/#organization\"},\"image\":{\"@id\":\"https:\/\/www.pressenza.com\/it\/2024\/11\/censura-a-christian-raimo-solidarieta-dalla-rete-no-bavaglio\/#primaryimage\"},\"thumbnailUrl\":\"https:\/\/www.pressenza.com\/wp-content\/uploads\/2024\/10\/Christian-Raimo.jpg\",\"keywords\":[\"Christian Raimo\",\"critiche\",\"ddl sicurezza\",\"ministro Valditara\",\"Rete No Bavaglio\",\"solidariet\u00e0\",\"sospensione\"],\"articleSection\":[\"Comunicati Stampa\",\"Europa\",\"Politica\"],\"inLanguage\":\"it-IT\"},{\"@type\":\"WebPage\",\"@id\":\"https:\/\/www.pressenza.com\/it\/2024\/11\/censura-a-christian-raimo-solidarieta-dalla-rete-no-bavaglio\/\",\"url\":\"https:\/\/www.pressenza.com\/it\/2024\/11\/censura-a-christian-raimo-solidarieta-dalla-rete-no-bavaglio\/\",\"name\":\"Censura a Christian Raimo, solidariet\u00e0 dalla Rete No Bavaglio\",\"isPartOf\":{\"@id\":\"https:\/\/www.pressenza.com\/it\/#website\"},\"primaryImageOfPage\":{\"@id\":\"https:\/\/www.pressenza.com\/it\/2024\/11\/censura-a-christian-raimo-solidarieta-dalla-rete-no-bavaglio\/#primaryimage\"},\"image\":{\"@id\":\"https:\/\/www.pressenza.com\/it\/2024\/11\/censura-a-christian-raimo-solidarieta-dalla-rete-no-bavaglio\/#primaryimage\"},\"thumbnailUrl\":\"https:\/\/www.pressenza.com\/wp-content\/uploads\/2024\/10\/Christian-Raimo.jpg\",\"datePublished\":\"2024-11-07T16:01:38+00:00\",\"description\":\"La RETE NOBAVAGLIO \u00e8 al fianco di Christian Raimo: non \u00e8 accettabile la decisione dell'Ufficio scolastico regionale del Lazio, che ha sospeso dal servizio\",\"breadcrumb\":{\"@id\":\"https:\/\/www.pressenza.com\/it\/2024\/11\/censura-a-christian-raimo-solidarieta-dalla-rete-no-bavaglio\/#breadcrumb\"},\"inLanguage\":\"it-IT\",\"potentialAction\":[{\"@type\":\"ReadAction\",\"target\":[\"https:\/\/www.pressenza.com\/it\/2024\/11\/censura-a-christian-raimo-solidarieta-dalla-rete-no-bavaglio\/\"]}]},{\"@type\":\"ImageObject\",\"inLanguage\":\"it-IT\",\"@id\":\"https:\/\/www.pressenza.com\/it\/2024\/11\/censura-a-christian-raimo-solidarieta-dalla-rete-no-bavaglio\/#primaryimage\",\"url\":\"https:\/\/www.pressenza.com\/wp-content\/uploads\/2024\/10\/Christian-Raimo.jpg\",\"contentUrl\":\"https:\/\/www.pressenza.com\/wp-content\/uploads\/2024\/10\/Christian-Raimo.jpg\",\"width\":600,\"height\":400},{\"@type\":\"BreadcrumbList\",\"@id\":\"https:\/\/www.pressenza.com\/it\/2024\/11\/censura-a-christian-raimo-solidarieta-dalla-rete-no-bavaglio\/#breadcrumb\",\"itemListElement\":[{\"@type\":\"ListItem\",\"position\":1,\"name\":\"Accueil\",\"item\":\"https:\/\/www.pressenza.com\/it\/\"},{\"@type\":\"ListItem\",\"position\":2,\"name\":\"Censura a Christian Raimo, solidariet\u00e0 dalla Rete No Bavaglio\"}]},{\"@type\":\"WebSite\",\"@id\":\"https:\/\/www.pressenza.com\/it\/#website\",\"url\":\"https:\/\/www.pressenza.com\/it\/\",\"name\":\"Pressenza\",\"description\":\"Agenzia di Stampa Internazionale\",\"publisher\":{\"@id\":\"https:\/\/www.pressenza.com\/it\/#organization\"},\"potentialAction\":[{\"@type\":\"SearchAction\",\"target\":{\"@type\":\"EntryPoint\",\"urlTemplate\":\"https:\/\/www.pressenza.com\/it\/?s={search_term_string}\"},\"query-input\":{\"@type\":\"PropertyValueSpecification\",\"valueRequired\":true,\"valueName\":\"search_term_string\"}}],\"inLanguage\":\"it-IT\"},{\"@type\":\"Organization\",\"@id\":\"https:\/\/www.pressenza.com\/it\/#organization\",\"name\":\"Pressenza\",\"url\":\"https:\/\/www.pressenza.com\/it\/\",\"logo\":{\"@type\":\"ImageObject\",\"inLanguage\":\"it-IT\",\"@id\":\"https:\/\/www.pressenza.com\/it\/#\/schema\/logo\/image\/\",\"url\":\"https:\/\/www.pressenza.com\/wp-content\/uploads\/2022\/10\/pressenza_logo_200x200.jpg\",\"contentUrl\":\"https:\/\/www.pressenza.com\/wp-content\/uploads\/2022\/10\/pressenza_logo_200x200.jpg\",\"width\":200,\"height\":200,\"caption\":\"Pressenza\"},\"image\":{\"@id\":\"https:\/\/www.pressenza.com\/it\/#\/schema\/logo\/image\/\"},\"sameAs\":[\"https:\/\/www.facebook.com\/PressenzaItalia\",\"https:\/\/x.com\/PressenzaIPA\"]},{\"@type\":\"Person\",\"@id\":\"https:\/\/www.pressenza.com\/it\/#\/schema\/person\/b67628350fdfa460aee80d2609d961a2\",\"name\":\"Rete #NOBAVAGLIO\",\"url\":\"https:\/\/www.pressenza.com\/it\/author\/rete-nobavaglio\/\"}]}<\/script>\n<!-- \/ Yoast SEO plugin. -->","yoast_head_json":{"title":"Censura a Christian Raimo, solidariet\u00e0 dalla Rete No Bavaglio","description":"La RETE NOBAVAGLIO \u00e8 al fianco di Christian Raimo: non \u00e8 accettabile la decisione dell'Ufficio scolastico regionale del Lazio, che ha sospeso dal servizio","robots":{"index":"index","follow":"follow","max-snippet":"max-snippet:-1","max-image-preview":"max-image-preview:large","max-video-preview":"max-video-preview:-1"},"canonical":"https:\/\/www.pressenza.com\/it\/2024\/11\/censura-a-christian-raimo-solidarieta-dalla-rete-no-bavaglio\/","og_locale":"it_IT","og_type":"article","og_title":"Censura a Christian Raimo, solidariet\u00e0 dalla Rete No Bavaglio","og_description":"La RETE NOBAVAGLIO \u00e8 al fianco di Christian Raimo: non \u00e8 accettabile la decisione dell'Ufficio scolastico regionale del Lazio, che ha sospeso dal servizio","og_url":"https:\/\/www.pressenza.com\/it\/2024\/11\/censura-a-christian-raimo-solidarieta-dalla-rete-no-bavaglio\/","og_site_name":"Pressenza","article_publisher":"https:\/\/www.facebook.com\/PressenzaItalia","article_published_time":"2024-11-07T16:01:38+00:00","og_image":[{"width":600,"height":400,"url":"https:\/\/www.pressenza.com\/wp-content\/uploads\/2024\/10\/Christian-Raimo.jpg","type":"image\/jpeg"}],"author":"Rete #NOBAVAGLIO","twitter_card":"summary_large_image","twitter_creator":"@PressenzaIPA","twitter_site":"@PressenzaIPA","twitter_misc":{"Scritto da":"Rete #NOBAVAGLIO","Tempo di lettura stimato":"1 minuto"},"schema":{"@context":"https:\/\/schema.org","@graph":[{"@type":"Article","@id":"https:\/\/www.pressenza.com\/it\/2024\/11\/censura-a-christian-raimo-solidarieta-dalla-rete-no-bavaglio\/#article","isPartOf":{"@id":"https:\/\/www.pressenza.com\/it\/2024\/11\/censura-a-christian-raimo-solidarieta-dalla-rete-no-bavaglio\/"},"author":{"name":"Rete #NOBAVAGLIO","@id":"https:\/\/www.pressenza.com\/it\/#\/schema\/person\/b67628350fdfa460aee80d2609d961a2"},"headline":"Censura a Christian Raimo, solidariet\u00e0 dalla Rete No Bavaglio","datePublished":"2024-11-07T16:01:38+00:00","mainEntityOfPage":{"@id":"https:\/\/www.pressenza.com\/it\/2024\/11\/censura-a-christian-raimo-solidarieta-dalla-rete-no-bavaglio\/"},"wordCount":115,"publisher":{"@id":"https:\/\/www.pressenza.com\/it\/#organization"},"image":{"@id":"https:\/\/www.pressenza.com\/it\/2024\/11\/censura-a-christian-raimo-solidarieta-dalla-rete-no-bavaglio\/#primaryimage"},"thumbnailUrl":"https:\/\/www.pressenza.com\/wp-content\/uploads\/2024\/10\/Christian-Raimo.jpg","keywords":["Christian Raimo","critiche","ddl sicurezza","ministro Valditara","Rete No Bavaglio","solidariet\u00e0","sospensione"],"articleSection":["Comunicati Stampa","Europa","Politica"],"inLanguage":"it-IT"},{"@type":"WebPage","@id":"https:\/\/www.pressenza.com\/it\/2024\/11\/censura-a-christian-raimo-solidarieta-dalla-rete-no-bavaglio\/","url":"https:\/\/www.pressenza.com\/it\/2024\/11\/censura-a-christian-raimo-solidarieta-dalla-rete-no-bavaglio\/","name":"Censura a Christian Raimo, solidariet\u00e0 dalla Rete No Bavaglio","isPartOf":{"@id":"https:\/\/www.pressenza.com\/it\/#website"},"primaryImageOfPage":{"@id":"https:\/\/www.pressenza.com\/it\/2024\/11\/censura-a-christian-raimo-solidarieta-dalla-rete-no-bavaglio\/#primaryimage"},"image":{"@id":"https:\/\/www.pressenza.com\/it\/2024\/11\/censura-a-christian-raimo-solidarieta-dalla-rete-no-bavaglio\/#primaryimage"},"thumbnailUrl":"https:\/\/www.pressenza.com\/wp-content\/uploads\/2024\/10\/Christian-Raimo.jpg","datePublished":"2024-11-07T16:01:38+00:00","description":"La RETE NOBAVAGLIO \u00e8 al fianco di Christian Raimo: non \u00e8 accettabile la decisione dell'Ufficio scolastico regionale del Lazio, che ha sospeso dal servizio","breadcrumb":{"@id":"https:\/\/www.pressenza.com\/it\/2024\/11\/censura-a-christian-raimo-solidarieta-dalla-rete-no-bavaglio\/#breadcrumb"},"inLanguage":"it-IT","potentialAction":[{"@type":"ReadAction","target":["https:\/\/www.pressenza.com\/it\/2024\/11\/censura-a-christian-raimo-solidarieta-dalla-rete-no-bavaglio\/"]}]},{"@type":"ImageObject","inLanguage":"it-IT","@id":"https:\/\/www.pressenza.com\/it\/2024\/11\/censura-a-christian-raimo-solidarieta-dalla-rete-no-bavaglio\/#primaryimage","url":"https:\/\/www.pressenza.com\/wp-content\/uploads\/2024\/10\/Christian-Raimo.jpg","contentUrl":"https:\/\/www.pressenza.com\/wp-content\/uploads\/2024\/10\/Christian-Raimo.jpg","width":600,"height":400},{"@type":"BreadcrumbList","@id":"https:\/\/www.pressenza.com\/it\/2024\/11\/censura-a-christian-raimo-solidarieta-dalla-rete-no-bavaglio\/#breadcrumb","itemListElement":[{"@type":"ListItem","position":1,"name":"Accueil","item":"https:\/\/www.pressenza.com\/it\/"},{"@type":"ListItem","position":2,"name":"Censura a Christian Raimo, solidariet\u00e0 dalla Rete No Bavaglio"}]},{"@type":"WebSite","@id":"https:\/\/www.pressenza.com\/it\/#website","url":"https:\/\/www.pressenza.com\/it\/","name":"Pressenza","description":"Agenzia di Stampa Internazionale","publisher":{"@id":"https:\/\/www.pressenza.com\/it\/#organization"},"potentialAction":[{"@type":"SearchAction","target":{"@type":"EntryPoint","urlTemplate":"https:\/\/www.pressenza.com\/it\/?s={search_term_string}"},"query-input":{"@type":"PropertyValueSpecification","valueRequired":true,"valueName":"search_term_string"}}],"inLanguage":"it-IT"},{"@type":"Organization","@id":"https:\/\/www.pressenza.com\/it\/#organization","name":"Pressenza","url":"https:\/\/www.pressenza.com\/it\/","logo":{"@type":"ImageObject","inLanguage":"it-IT","@id":"https:\/\/www.pressenza.com\/it\/#\/schema\/logo\/image\/","url":"https:\/\/www.pressenza.com\/wp-content\/uploads\/2022\/10\/pressenza_logo_200x200.jpg","contentUrl":"https:\/\/www.pressenza.com\/wp-content\/uploads\/2022\/10\/pressenza_logo_200x200.jpg","width":200,"height":200,"caption":"Pressenza"},"image":{"@id":"https:\/\/www.pressenza.com\/it\/#\/schema\/logo\/image\/"},"sameAs":["https:\/\/www.facebook.com\/PressenzaItalia","https:\/\/x.com\/PressenzaIPA"]},{"@type":"Person","@id":"https:\/\/www.pressenza.com\/it\/#\/schema\/person\/b67628350fdfa460aee80d2609d961a2","name":"Rete #NOBAVAGLIO","url":"https:\/\/www.pressenza.com\/it\/author\/rete-nobavaglio\/"}]}},"place":"Roma","original_article_url":"","_links":{"self":[{"href":"https:\/\/www.pressenza.com\/it\/wp-json\/wp\/v2\/posts\/2561041","targetHints":{"allow":["GET"]}}],"collection":[{"href":"https:\/\/www.pressenza.com\/it\/wp-json\/wp\/v2\/posts"}],"about":[{"href":"https:\/\/www.pressenza.com\/it\/wp-json\/wp\/v2\/types\/post"}],"author":[{"embeddable":true,"href":"https:\/\/www.pressenza.com\/it\/wp-json\/wp\/v2\/users\/2380"}],"replies":[{"embeddable":true,"href":"https:\/\/www.pressenza.com\/it\/wp-json\/wp\/v2\/comments?post=2561041"}],"version-history":[{"count":0,"href":"https:\/\/www.pressenza.com\/it\/wp-json\/wp\/v2\/posts\/2561041\/revisions"}],"wp:featuredmedia":[{"embeddable":true,"href":"https:\/\/www.pressenza.com\/it\/wp-json\/wp\/v2\/media\/2551354"}],"wp:attachment":[{"href":"https:\/\/www.pressenza.com\/it\/wp-json\/wp\/v2\/media?parent=2561041"}],"wp:term":[{"taxonomy":"category","embeddable":true,"href":"https:\/\/www.pressenza.com\/it\/wp-json\/wp\/v2\/categories?post=2561041"},{"taxonomy":"post_tag","embeddable":true,"href":"https:\/\/www.pressenza.com\/it\/wp-json\/wp\/v2\/tags?post=2561041"}],"curies":[{"name":"wp","href":"https:\/\/api.w.org\/{rel}","templated":true}]}}