{"id":2560722,"date":"2024-11-06T09:37:31","date_gmt":"2024-11-06T09:37:31","guid":{"rendered":"https:\/\/www.pressenza.com\/?p=2560722"},"modified":"2024-11-06T09:39:47","modified_gmt":"2024-11-06T09:39:47","slug":"al-via-il-primo-forum-nazionale-per-leducazione-nonviolenta-nella-scuola","status":"publish","type":"post","link":"https:\/\/www.pressenza.com\/it\/2024\/11\/al-via-il-primo-forum-nazionale-per-leducazione-nonviolenta-nella-scuola\/","title":{"rendered":"Al via il primo Forum nazionale per l&#8217;educazione nonviolenta nella scuola"},"content":{"rendered":"<p class=\"xmprfx_MsoNormal\" style=\"text-align: left;\" align=\"center\"><i>Contro la cultura della prevaricazione, il grido di speranza della scuola sull\u2019importanza cruciale dell\u2019educazione\u00a0<\/i><i>per evitare la violenza, la guerra, le derive prevaricanti, mettendo al centro le\u00a0<\/i><b><i>relazioni sociali nonviolente<\/i><\/b><i>. <\/i><i>Una giornata di confronto e azione, indirizzata e aperta all&#8217;intera comunit\u00e0 scolastica: docenti, genitori, educatori, educatrici, studenti e studentesse.\u00a0<\/i><i>E a ogni persona che abbia a cuore questa tematica. <s><\/s><\/i><\/p>\n<p class=\"xmprfx_MsoNormal\" align=\"center\"><strong><u>Sabato 23 novembre &#8211; Partecipazione gratuita con <a href=\"https:\/\/forms.gle\/D5d8yvojC2Ezgbko8\">iscrizione<\/a>, fino ad esaurimento posti<br \/>\n<\/u><br \/>\n<\/strong><\/p>\n<p class=\"xmprfx_MsoNormal\">L&#8217;assemblea docenti-genitori, il gruppo whatsapp di classe, i contrasti tra insegnanti e tra alunni, la difficolt\u00e0 nella gestione di alcune classi, gli atteggiamenti autoritari da parte di alcuni adulti: alzi la mano chi non si \u00e8 trovato coinvolto &#8211; da docente, da genitore o da studente &#8211; in una o pi\u00f9 di queste situazioni. <b>Dove spesso le relazioni sono sofferenti, generate da una comunicazione prevaricante &#8211; io vinco e tu perdi &#8211; invece che da una comunicazione relazionale dialogica che sia costruttiva per tutte le parti<\/b>. Spesso, infatti, si sottovaluta che la qualit\u00e0 delle relazioni \u00e8 alla base di un buon apprendimento e uno dei pi\u00f9 importanti fattori di protezione per la salute psico-fisica di ogni persona.<\/p>\n<p class=\"xmprfx_MsoNormal\">Oltre a queste dinamiche interne, che spesso costringono i discenti a vivere sulla propria pelle il riflesso del comportamento poco consapevole degli adulti, sempre pi\u00f9 di frequente accade che rappresentanti delle forze armate siano chiamati in classe, o si propongano, a tenere corsi su diverse tematiche &#8211; bullismo, abuso di droghe, sicurezza &#8211; affrontate per lo pi\u00f9 attraverso la prospettiva del controllo e della repressione, tralasciando i fondamentali aspetti psicologici e sociali.<\/p>\n<p class=\"xmprfx_MsoNormal\">Accade anche che le scolaresche siano coinvolte in percorsi di PCTO presso istituzioni e basi militari, malgrado l&#8217;articolo 11 della Costituzione Italiana che recita &#8220;L&#8217;Italia ripudia la guerra&#8221;. La crescente e subdola presenza degli apparati militari all&#8217;interno delle scuole sembra portare in tutt&#8217;altra direzione, oltretutto in un contesto storico e geopolitico cos\u00ec delicato come quello attuale, nel quale, invece, <b>la pace e la democrazia dovrebbero essere al centro di ogni azione educativa<\/b> per<b> <\/b>crescere persone consapevoli, empatiche e pacifiche<i>.<\/i><\/p>\n<p class=\"xmprfx_MsoNormal\">Questo approccio, che riguarda ogni aspetto della vita scolastica, dalle modalit\u00e0 di insegnamento alla gestione dei rapporti tra insegnanti, genitori, alunni ed alunne, vede la scuola come un microcosmo della societ\u00e0, capace di riflettere e trasformare dinamiche sociali pi\u00f9 ampie per prevenire le varie forme di violenza e di autoritarismo, dalla prevaricazione interpersonale alla guerra.<\/p>\n<p class=\"xmprfx_MsoNormal\">Il Forum nasce su impulso di <b>EDUMANA<\/b> &#8211; rete di scuole e associazioni attiva dal 2017 sul tema dell&#8217;educazione nonviolenta &#8211; che ha coinvolto nel Comitato Promotore altre realt\u00e0 educative &#8211; soprattutto scuole e reti di scuole &#8211; impegnate in questo ambito, ognuna chiamata a portare la propria concreta esperienza su uno specifico tema. L&#8217;iniziativa \u00e8 finanziata dal <b>Polo Europeo della Conoscenza &#8211; I.C. Bosco Chiesanuova<\/b> (VR), nell&#8217;ambito delle attivit\u00e0 del\u00a0progetto Europeo\u00a0<a href=\"http:\/\/www.letscareproject.eu\/\" target=\"_blank\" rel=\"noopener noreferrer\">Horizon Europe Let\u2019s Care<\/a>. &#8220;<i>Una scuola che sa gestire i conflitti \u00e8 una scuola di\u00a0principi e valori, dove la collaborazione e il rispetto delle identit\u00e0 e\u00a0potenzialit\u00e0 personali diventano un elemento chiave\u00a0dell\u2019educazione per la costruzione di un futuro migliore per tutti&#8221; &#8211; <\/i>spiega <b>Stefano Cobello, coordinatore del Polo<\/b>.<\/p>\n<p class=\"xmprfx_MsoNormal\">&#8220;<i>L&#8217;obiettivo<\/i> &#8211; continua<b> Annabella Coiro, responsabile formazione della rete EDUMANA<\/b> <i>&#8211; \u00e8 che il Forum diventi un appuntamento annuale per condividere le esperienze sviluppate nelle scuole italiane e metterle a fattore comune, fornendo all&#8217;intera comunit\u00e0 scolastica strumenti e pratiche concreti per sconfinare i muri che spesso si riscontrano nei rapporti umani, non solo all&#8217;interno del mondo scuola, e per arginare il disagio e il malessere di giovani e adulti. L\u2019educare nonviolento significa infatti creare un ambiente in cui le persone, piccole e grandi, possano sperimentare direttamente le dinamiche di una comunit\u00e0 nonviolenta in cui la collaborazione, il dialogo e l\u2019ascolto reciproco siano valori fondamentali e siano praticati quotidianamente.&#8221;<\/i>\u00a0<i><\/i><\/p>\n<p class=\"xmprfx_MsoNormal\">La giornata di <b>sabato 23<\/b> novembre si apre, nel centenario della sua nascita, con un<b> tributo a Danilo Dolci <\/b>&#8211; sociologo, poeta, educatore e attivista della nonviolenza &#8211; a cura della sua collaboratrice Tiziana Morgante e del figlio Amico Dolci, alle ore 9.<\/p>\n<p class=\"xmprfx_MsoNormal\">La mattinata prosegue con la formazione di <b>cinque tavoli di lavoro interattivi<\/b> dove i partecipanti, in modalit\u00e0 worldcaf\u00e8, sono sollecitati a confrontarsi su diverse tematiche legate alla nonviolenza e l\u2019educazione, condividendo pratiche in atto e progetti per il futuro. Si parler\u00e0, guidati da un rappresentante di ognuna delle realt\u00e0 promotrici, di <i>comunicazione generativa e relazioni nonviolente<\/i> e delle relative <i>pratiche didattiche<\/i>; di <i>giustizia rigenerativa e mediazione tra pari<\/i>; del <i>pericolo di militarizzazione della scuola<\/i> e del <i>binomio salute e nonviolenza<\/i>.<\/p>\n<p class=\"xmprfx_MsoNormal\">Nel pomeriggio <b>cinque laboratori esperienziali<\/b> &#8211; uno per ogni tematica discussa la mattina &#8211; permetteranno ai partecipanti di sperimentare prassi gi\u00e0 adottate nelle scuole promotrici del forum attraverso <b>simulazioni pratiche <\/b>e<b> veri e propri giochi di ruolo<\/b>, per mettersi nei panni dei diversi attori del mondo scuola: come comunicare tra colleghi; il potere della maieutica reciproca nella didattica; favorire contesti dialoganti, come opporsi alla presenza dei militari a scuola e come incentivare la mediazione tra pari. L&#8217;obiettivo \u00e8 fornire modalit\u00e0 operative e concrete per un approccio educativo nonviolento integrato nella didattica quotidiana.<\/p>\n<p class=\"xmprfx_MsoNormal\"><span style=\"font-family: arial, sans-serif;\">&#8220;<i>All&#8217;incontro, aperto a tutti, si stanno iscrivendo oltre ai docenti diversi genitori, figure professionali socio-pedagogiche, alcuni studenti e anche privati cittadini<\/i> &#8211;<i> <\/i>conclude <b>Dorotea Russo, Dirigente Scolastica I.C. Calvino di Milano<\/b>, scuola capofila della rete EDUMANA<i>.<b> <\/b>Questo forum rappresenta un\u2019importante opportunit\u00e0 per unire le forze delle scuole pubbliche e della societ\u00e0 civile per diffondere pratiche concrete, basate su approcci pedagogici che mirano a una societ\u00e0 pacifica, dialogante, democratica e nonviolenta, in linea con le richieste dell\u2019Agenda ONU, dell\u2019UNESCO e della nostra costituzione<\/i><i>&#8220;.<\/i><\/span><s><\/s><\/p>\n<p class=\"xmprfx_MsoNormal\"><b><span style=\"color: #0b5394;\">COME PARTECIPARE<\/span><\/b><\/p>\n<p class=\"xmprfx_MsoNormal\">Partecipazione gratuita previa iscrizione, fino ad esaurimento posti. <b><a href=\"https:\/\/www.edumana.it\/scuoleperuneducazionenonviolenta\/\">Qui informazioni e programma<\/a> dettagliato<\/b><\/p>\n<p class=\"xmprfx_MsoNormal\"><b>Streaming <\/b>dalle 9 alle 11<\/p>\n<p class=\"xmprfx_MsoNormal\"><b><a href=\"https:\/\/forms.gle\/D5d8yvojC2Ezgbko8\">Link<\/a> diretto al form di iscrizione<\/b><\/p>\n<p class=\"xmprfx_MsoNormal\">La giornata costituisce <b>iniziativa di formazione ai sensi della Direttiva n. 170 del 2016.<\/b> I docenti partecipanti hanno diritto all\u2019esonero dal servizio e all\u2019attestato di partecipazione che sar\u00e0 consegnato a fine giornata.<\/p>\n<p class=\"xmprfx_MsoNormal\"><b><span style=\"color: #0b5394;\">IL COMITATO PROMOTORE<\/span><\/b><\/p>\n<p class=\"xmprfx_MsoNormal\"><a href=\"https:\/\/www.edumana.it\/\" target=\"_blank\" rel=\"noopener noreferrer\">Rete Scuole EDUMANA<\/a> &#8211; Educazione Umanista alla Nonviolenza Attiva con IC Calvino, IC Cardarelli- Massaua, IC Pini<br \/>\n<a href=\"https:\/\/www.europole.org\/una-scuola-che-educa-alla-nonviolenza-con-la-nonviolenza\/\" target=\"_blank\" rel=\"noopener noreferrer\">Rete Polo Europeo della Conoscenza<\/a><br \/>\n<a href=\"https:\/\/icnazariosauro.edu.it\/\" target=\"_blank\" rel=\"noopener noreferrer\">IC Nazario Sauro<\/a><br \/>\n<a href=\"https:\/\/www.promozionesalute.regione.lombardia.it\/wps\/portal\/site\/promozione-salute\/dettaglioredazionale\/setting\/scuola\/rete-sps-lombardia\" target=\"_blank\" rel=\"noopener noreferrer\">Rete Scuole che Promuovono Salute<\/a><br \/>\nRete Nazionale per la diffusione di comunit\u00e0 e scuole amiche della mediazione<br \/>\n<a href=\"https:\/\/osservatorionomilscuola.com\/\" target=\"_blank\" rel=\"noopener noreferrer\">Osservatorio contro militarizzazione delle scuole<\/a><\/p>\n<p class=\"xmprfx_MsoNormal\">Per contrastare questa allarmante deriva,<b> sabato 23 novembre<\/b> rappresentanti di scuole e istituzioni educative di tutta Italia si incontrano al CAM Garibaldi di Milano per il <b>Primo Forum Nazionale delle &#8216;Scuole per un&#8217;educazione nonviolenta&#8217;<\/b>, una giornata di confronto e di scambio pratico su come <u>favorire esperienze relazionali nonviolente nella quotidianit\u00e0 scolastica<\/u>.<\/p>\n","protected":false},"excerpt":{"rendered":"<p>Contro la cultura della prevaricazione, il grido di speranza della scuola sull\u2019importanza cruciale dell\u2019educazione\u00a0per evitare la violenza, la guerra, le derive prevaricanti, mettendo al centro le\u00a0relazioni sociali nonviolente. Una giornata di confronto e azione, indirizzata e aperta all&#8217;intera comunit\u00e0 scolastica:&hellip;<\/p>\n","protected":false},"author":594,"featured_media":2560733,"comment_status":"closed","ping_status":"closed","sticky":false,"template":"","format":"standard","meta":{"footnotes":""},"categories":[150,1258,47,46975,1262],"tags":[128837,460,3011],"class_list":["post-2560722","post","type-post","status-publish","format-standard","has-post-thumbnail","hentry","category-comunicati-stampa","category-educazione","category-europa","category-giovani","category-nonviolenza-argomento","tag-forum-nazionale-per-leducazione-nonviolenta-nella-scuola","tag-nonviolenza","tag-scuola"],"yoast_head":"<!-- This site is optimized with the Yoast SEO plugin v27.1.1 - https:\/\/yoast.com\/product\/yoast-seo-wordpress\/ -->\n<title>Al via il primo Forum nazionale per l&#039;educazione nonviolenta nella scuola<\/title>\n<meta name=\"description\" content=\"Contro la cultura della prevaricazione, il grido di speranza della scuola sull\u2019importanza cruciale dell\u2019educazione\u00a0per evitare la violenza, la guerra, le derive prevaricanti, mettendo al centro le\u00a0relazioni sociali nonviolente. Una giornata di confronto e azione\" \/>\n<meta name=\"robots\" content=\"index, follow, max-snippet:-1, max-image-preview:large, max-video-preview:-1\" \/>\n<link rel=\"canonical\" href=\"https:\/\/www.pressenza.com\/it\/2024\/11\/al-via-il-primo-forum-nazionale-per-leducazione-nonviolenta-nella-scuola\/\" \/>\n<meta property=\"og:locale\" content=\"it_IT\" \/>\n<meta property=\"og:type\" content=\"article\" \/>\n<meta property=\"og:title\" content=\"Al via il primo Forum nazionale per l&#039;educazione nonviolenta nella scuola\" \/>\n<meta property=\"og:description\" content=\"Contro la cultura della prevaricazione, il grido di speranza della scuola sull\u2019importanza cruciale dell\u2019educazione\u00a0per evitare la violenza, la guerra, le derive prevaricanti, mettendo al centro le\u00a0relazioni sociali nonviolente. Una giornata di confronto e azione\" \/>\n<meta property=\"og:url\" content=\"https:\/\/www.pressenza.com\/it\/2024\/11\/al-via-il-primo-forum-nazionale-per-leducazione-nonviolenta-nella-scuola\/\" \/>\n<meta property=\"og:site_name\" content=\"Pressenza\" \/>\n<meta property=\"article:publisher\" content=\"https:\/\/www.facebook.com\/PressenzaItalia\" \/>\n<meta property=\"article:author\" content=\"https:\/\/www.facebook.com\/PressenzaItalia\" \/>\n<meta property=\"article:published_time\" content=\"2024-11-06T09:37:31+00:00\" \/>\n<meta property=\"article:modified_time\" content=\"2024-11-06T09:39:47+00:00\" \/>\n<meta property=\"og:image\" content=\"https:\/\/www.pressenza.com\/wp-content\/uploads\/2024\/11\/Genitori_tavoli-lavoro.jpg\" \/>\n\t<meta property=\"og:image:width\" content=\"820\" \/>\n\t<meta property=\"og:image:height\" content=\"540\" \/>\n\t<meta property=\"og:image:type\" content=\"image\/jpeg\" \/>\n<meta name=\"author\" content=\"Redazione Italia\" \/>\n<meta name=\"twitter:card\" content=\"summary_large_image\" \/>\n<meta name=\"twitter:creator\" content=\"@pressenza_it\" \/>\n<meta name=\"twitter:site\" content=\"@PressenzaIPA\" \/>\n<meta name=\"twitter:label1\" content=\"Scritto da\" \/>\n\t<meta name=\"twitter:data1\" content=\"Redazione Italia\" \/>\n\t<meta name=\"twitter:label2\" content=\"Tempo di lettura stimato\" \/>\n\t<meta name=\"twitter:data2\" content=\"6 minuti\" \/>\n<script type=\"application\/ld+json\" class=\"yoast-schema-graph\">{\"@context\":\"https:\/\/schema.org\",\"@graph\":[{\"@type\":\"Article\",\"@id\":\"https:\/\/www.pressenza.com\/it\/2024\/11\/al-via-il-primo-forum-nazionale-per-leducazione-nonviolenta-nella-scuola\/#article\",\"isPartOf\":{\"@id\":\"https:\/\/www.pressenza.com\/it\/2024\/11\/al-via-il-primo-forum-nazionale-per-leducazione-nonviolenta-nella-scuola\/\"},\"author\":{\"name\":\"Redazione Italia\",\"@id\":\"https:\/\/www.pressenza.com\/it\/#\/schema\/person\/d983e81827ae24f2c7b1a2123d197f8d\"},\"headline\":\"Al via il primo Forum nazionale per l&#8217;educazione nonviolenta nella scuola\",\"datePublished\":\"2024-11-06T09:37:31+00:00\",\"dateModified\":\"2024-11-06T09:39:47+00:00\",\"mainEntityOfPage\":{\"@id\":\"https:\/\/www.pressenza.com\/it\/2024\/11\/al-via-il-primo-forum-nazionale-per-leducazione-nonviolenta-nella-scuola\/\"},\"wordCount\":1106,\"publisher\":{\"@id\":\"https:\/\/www.pressenza.com\/it\/#organization\"},\"image\":{\"@id\":\"https:\/\/www.pressenza.com\/it\/2024\/11\/al-via-il-primo-forum-nazionale-per-leducazione-nonviolenta-nella-scuola\/#primaryimage\"},\"thumbnailUrl\":\"https:\/\/www.pressenza.com\/wp-content\/uploads\/2024\/11\/Genitori_tavoli-lavoro.jpg\",\"keywords\":[\"Forum. nazionale per l'educazione nonviolenta nella scuola\",\"nonviolenza\",\"scuola\"],\"articleSection\":[\"Comunicati Stampa\",\"Educazione\",\"Europa\",\"Giovani\",\"Nonviolenza\"],\"inLanguage\":\"it-IT\"},{\"@type\":\"WebPage\",\"@id\":\"https:\/\/www.pressenza.com\/it\/2024\/11\/al-via-il-primo-forum-nazionale-per-leducazione-nonviolenta-nella-scuola\/\",\"url\":\"https:\/\/www.pressenza.com\/it\/2024\/11\/al-via-il-primo-forum-nazionale-per-leducazione-nonviolenta-nella-scuola\/\",\"name\":\"Al via il primo Forum nazionale per l'educazione nonviolenta nella scuola\",\"isPartOf\":{\"@id\":\"https:\/\/www.pressenza.com\/it\/#website\"},\"primaryImageOfPage\":{\"@id\":\"https:\/\/www.pressenza.com\/it\/2024\/11\/al-via-il-primo-forum-nazionale-per-leducazione-nonviolenta-nella-scuola\/#primaryimage\"},\"image\":{\"@id\":\"https:\/\/www.pressenza.com\/it\/2024\/11\/al-via-il-primo-forum-nazionale-per-leducazione-nonviolenta-nella-scuola\/#primaryimage\"},\"thumbnailUrl\":\"https:\/\/www.pressenza.com\/wp-content\/uploads\/2024\/11\/Genitori_tavoli-lavoro.jpg\",\"datePublished\":\"2024-11-06T09:37:31+00:00\",\"dateModified\":\"2024-11-06T09:39:47+00:00\",\"description\":\"Contro la cultura della prevaricazione, il grido di speranza della scuola sull\u2019importanza cruciale dell\u2019educazione\u00a0per evitare la violenza, la guerra, le derive prevaricanti, mettendo al centro le\u00a0relazioni sociali nonviolente. Una giornata di confronto e azione\",\"breadcrumb\":{\"@id\":\"https:\/\/www.pressenza.com\/it\/2024\/11\/al-via-il-primo-forum-nazionale-per-leducazione-nonviolenta-nella-scuola\/#breadcrumb\"},\"inLanguage\":\"it-IT\",\"potentialAction\":[{\"@type\":\"ReadAction\",\"target\":[\"https:\/\/www.pressenza.com\/it\/2024\/11\/al-via-il-primo-forum-nazionale-per-leducazione-nonviolenta-nella-scuola\/\"]}]},{\"@type\":\"ImageObject\",\"inLanguage\":\"it-IT\",\"@id\":\"https:\/\/www.pressenza.com\/it\/2024\/11\/al-via-il-primo-forum-nazionale-per-leducazione-nonviolenta-nella-scuola\/#primaryimage\",\"url\":\"https:\/\/www.pressenza.com\/wp-content\/uploads\/2024\/11\/Genitori_tavoli-lavoro.jpg\",\"contentUrl\":\"https:\/\/www.pressenza.com\/wp-content\/uploads\/2024\/11\/Genitori_tavoli-lavoro.jpg\",\"width\":820,\"height\":540},{\"@type\":\"BreadcrumbList\",\"@id\":\"https:\/\/www.pressenza.com\/it\/2024\/11\/al-via-il-primo-forum-nazionale-per-leducazione-nonviolenta-nella-scuola\/#breadcrumb\",\"itemListElement\":[{\"@type\":\"ListItem\",\"position\":1,\"name\":\"Accueil\",\"item\":\"https:\/\/www.pressenza.com\/it\/\"},{\"@type\":\"ListItem\",\"position\":2,\"name\":\"Al via il primo Forum nazionale per l&#8217;educazione nonviolenta nella scuola\"}]},{\"@type\":\"WebSite\",\"@id\":\"https:\/\/www.pressenza.com\/it\/#website\",\"url\":\"https:\/\/www.pressenza.com\/it\/\",\"name\":\"Pressenza\",\"description\":\"Agenzia di Stampa Internazionale\",\"publisher\":{\"@id\":\"https:\/\/www.pressenza.com\/it\/#organization\"},\"potentialAction\":[{\"@type\":\"SearchAction\",\"target\":{\"@type\":\"EntryPoint\",\"urlTemplate\":\"https:\/\/www.pressenza.com\/it\/?s={search_term_string}\"},\"query-input\":{\"@type\":\"PropertyValueSpecification\",\"valueRequired\":true,\"valueName\":\"search_term_string\"}}],\"inLanguage\":\"it-IT\"},{\"@type\":\"Organization\",\"@id\":\"https:\/\/www.pressenza.com\/it\/#organization\",\"name\":\"Pressenza\",\"url\":\"https:\/\/www.pressenza.com\/it\/\",\"logo\":{\"@type\":\"ImageObject\",\"inLanguage\":\"it-IT\",\"@id\":\"https:\/\/www.pressenza.com\/it\/#\/schema\/logo\/image\/\",\"url\":\"https:\/\/www.pressenza.com\/wp-content\/uploads\/2022\/10\/pressenza_logo_200x200.jpg\",\"contentUrl\":\"https:\/\/www.pressenza.com\/wp-content\/uploads\/2022\/10\/pressenza_logo_200x200.jpg\",\"width\":200,\"height\":200,\"caption\":\"Pressenza\"},\"image\":{\"@id\":\"https:\/\/www.pressenza.com\/it\/#\/schema\/logo\/image\/\"},\"sameAs\":[\"https:\/\/www.facebook.com\/PressenzaItalia\",\"https:\/\/x.com\/PressenzaIPA\"]},{\"@type\":\"Person\",\"@id\":\"https:\/\/www.pressenza.com\/it\/#\/schema\/person\/d983e81827ae24f2c7b1a2123d197f8d\",\"name\":\"Redazione Italia\",\"description\":\"News from the Pressenza Bureau in Italy\",\"sameAs\":[\"https:\/\/www.pressenza.com\/it\/author\/redazione-italia\/\",\"https:\/\/www.facebook.com\/PressenzaItalia\",\"https:\/\/www.instagram.com\/pressenza_italia\/\",\"https:\/\/x.com\/pressenza_it\",\"https:\/\/www.youtube.com\/channel\/UCSalEIWjE1RSxkwjfftFuqg\"],\"url\":\"https:\/\/www.pressenza.com\/it\/author\/redazione-italia\/\"}]}<\/script>\n<!-- \/ Yoast SEO plugin. -->","yoast_head_json":{"title":"Al via il primo Forum nazionale per l'educazione nonviolenta nella scuola","description":"Contro la cultura della prevaricazione, il grido di speranza della scuola sull\u2019importanza cruciale dell\u2019educazione\u00a0per evitare la violenza, la guerra, le derive prevaricanti, mettendo al centro le\u00a0relazioni sociali nonviolente. Una giornata di confronto e azione","robots":{"index":"index","follow":"follow","max-snippet":"max-snippet:-1","max-image-preview":"max-image-preview:large","max-video-preview":"max-video-preview:-1"},"canonical":"https:\/\/www.pressenza.com\/it\/2024\/11\/al-via-il-primo-forum-nazionale-per-leducazione-nonviolenta-nella-scuola\/","og_locale":"it_IT","og_type":"article","og_title":"Al via il primo Forum nazionale per l'educazione nonviolenta nella scuola","og_description":"Contro la cultura della prevaricazione, il grido di speranza della scuola sull\u2019importanza cruciale dell\u2019educazione\u00a0per evitare la violenza, la guerra, le derive prevaricanti, mettendo al centro le\u00a0relazioni sociali nonviolente. Una giornata di confronto e azione","og_url":"https:\/\/www.pressenza.com\/it\/2024\/11\/al-via-il-primo-forum-nazionale-per-leducazione-nonviolenta-nella-scuola\/","og_site_name":"Pressenza","article_publisher":"https:\/\/www.facebook.com\/PressenzaItalia","article_author":"https:\/\/www.facebook.com\/PressenzaItalia","article_published_time":"2024-11-06T09:37:31+00:00","article_modified_time":"2024-11-06T09:39:47+00:00","og_image":[{"width":820,"height":540,"url":"https:\/\/www.pressenza.com\/wp-content\/uploads\/2024\/11\/Genitori_tavoli-lavoro.jpg","type":"image\/jpeg"}],"author":"Redazione Italia","twitter_card":"summary_large_image","twitter_creator":"@pressenza_it","twitter_site":"@PressenzaIPA","twitter_misc":{"Scritto da":"Redazione Italia","Tempo di lettura stimato":"6 minuti"},"schema":{"@context":"https:\/\/schema.org","@graph":[{"@type":"Article","@id":"https:\/\/www.pressenza.com\/it\/2024\/11\/al-via-il-primo-forum-nazionale-per-leducazione-nonviolenta-nella-scuola\/#article","isPartOf":{"@id":"https:\/\/www.pressenza.com\/it\/2024\/11\/al-via-il-primo-forum-nazionale-per-leducazione-nonviolenta-nella-scuola\/"},"author":{"name":"Redazione Italia","@id":"https:\/\/www.pressenza.com\/it\/#\/schema\/person\/d983e81827ae24f2c7b1a2123d197f8d"},"headline":"Al via il primo Forum nazionale per l&#8217;educazione nonviolenta nella scuola","datePublished":"2024-11-06T09:37:31+00:00","dateModified":"2024-11-06T09:39:47+00:00","mainEntityOfPage":{"@id":"https:\/\/www.pressenza.com\/it\/2024\/11\/al-via-il-primo-forum-nazionale-per-leducazione-nonviolenta-nella-scuola\/"},"wordCount":1106,"publisher":{"@id":"https:\/\/www.pressenza.com\/it\/#organization"},"image":{"@id":"https:\/\/www.pressenza.com\/it\/2024\/11\/al-via-il-primo-forum-nazionale-per-leducazione-nonviolenta-nella-scuola\/#primaryimage"},"thumbnailUrl":"https:\/\/www.pressenza.com\/wp-content\/uploads\/2024\/11\/Genitori_tavoli-lavoro.jpg","keywords":["Forum. nazionale per l'educazione nonviolenta nella scuola","nonviolenza","scuola"],"articleSection":["Comunicati Stampa","Educazione","Europa","Giovani","Nonviolenza"],"inLanguage":"it-IT"},{"@type":"WebPage","@id":"https:\/\/www.pressenza.com\/it\/2024\/11\/al-via-il-primo-forum-nazionale-per-leducazione-nonviolenta-nella-scuola\/","url":"https:\/\/www.pressenza.com\/it\/2024\/11\/al-via-il-primo-forum-nazionale-per-leducazione-nonviolenta-nella-scuola\/","name":"Al via il primo Forum nazionale per l'educazione nonviolenta nella scuola","isPartOf":{"@id":"https:\/\/www.pressenza.com\/it\/#website"},"primaryImageOfPage":{"@id":"https:\/\/www.pressenza.com\/it\/2024\/11\/al-via-il-primo-forum-nazionale-per-leducazione-nonviolenta-nella-scuola\/#primaryimage"},"image":{"@id":"https:\/\/www.pressenza.com\/it\/2024\/11\/al-via-il-primo-forum-nazionale-per-leducazione-nonviolenta-nella-scuola\/#primaryimage"},"thumbnailUrl":"https:\/\/www.pressenza.com\/wp-content\/uploads\/2024\/11\/Genitori_tavoli-lavoro.jpg","datePublished":"2024-11-06T09:37:31+00:00","dateModified":"2024-11-06T09:39:47+00:00","description":"Contro la cultura della prevaricazione, il grido di speranza della scuola sull\u2019importanza cruciale dell\u2019educazione\u00a0per evitare la violenza, la guerra, le derive prevaricanti, mettendo al centro le\u00a0relazioni sociali nonviolente. Una giornata di confronto e azione","breadcrumb":{"@id":"https:\/\/www.pressenza.com\/it\/2024\/11\/al-via-il-primo-forum-nazionale-per-leducazione-nonviolenta-nella-scuola\/#breadcrumb"},"inLanguage":"it-IT","potentialAction":[{"@type":"ReadAction","target":["https:\/\/www.pressenza.com\/it\/2024\/11\/al-via-il-primo-forum-nazionale-per-leducazione-nonviolenta-nella-scuola\/"]}]},{"@type":"ImageObject","inLanguage":"it-IT","@id":"https:\/\/www.pressenza.com\/it\/2024\/11\/al-via-il-primo-forum-nazionale-per-leducazione-nonviolenta-nella-scuola\/#primaryimage","url":"https:\/\/www.pressenza.com\/wp-content\/uploads\/2024\/11\/Genitori_tavoli-lavoro.jpg","contentUrl":"https:\/\/www.pressenza.com\/wp-content\/uploads\/2024\/11\/Genitori_tavoli-lavoro.jpg","width":820,"height":540},{"@type":"BreadcrumbList","@id":"https:\/\/www.pressenza.com\/it\/2024\/11\/al-via-il-primo-forum-nazionale-per-leducazione-nonviolenta-nella-scuola\/#breadcrumb","itemListElement":[{"@type":"ListItem","position":1,"name":"Accueil","item":"https:\/\/www.pressenza.com\/it\/"},{"@type":"ListItem","position":2,"name":"Al via il primo Forum nazionale per l&#8217;educazione nonviolenta nella scuola"}]},{"@type":"WebSite","@id":"https:\/\/www.pressenza.com\/it\/#website","url":"https:\/\/www.pressenza.com\/it\/","name":"Pressenza","description":"Agenzia di Stampa Internazionale","publisher":{"@id":"https:\/\/www.pressenza.com\/it\/#organization"},"potentialAction":[{"@type":"SearchAction","target":{"@type":"EntryPoint","urlTemplate":"https:\/\/www.pressenza.com\/it\/?s={search_term_string}"},"query-input":{"@type":"PropertyValueSpecification","valueRequired":true,"valueName":"search_term_string"}}],"inLanguage":"it-IT"},{"@type":"Organization","@id":"https:\/\/www.pressenza.com\/it\/#organization","name":"Pressenza","url":"https:\/\/www.pressenza.com\/it\/","logo":{"@type":"ImageObject","inLanguage":"it-IT","@id":"https:\/\/www.pressenza.com\/it\/#\/schema\/logo\/image\/","url":"https:\/\/www.pressenza.com\/wp-content\/uploads\/2022\/10\/pressenza_logo_200x200.jpg","contentUrl":"https:\/\/www.pressenza.com\/wp-content\/uploads\/2022\/10\/pressenza_logo_200x200.jpg","width":200,"height":200,"caption":"Pressenza"},"image":{"@id":"https:\/\/www.pressenza.com\/it\/#\/schema\/logo\/image\/"},"sameAs":["https:\/\/www.facebook.com\/PressenzaItalia","https:\/\/x.com\/PressenzaIPA"]},{"@type":"Person","@id":"https:\/\/www.pressenza.com\/it\/#\/schema\/person\/d983e81827ae24f2c7b1a2123d197f8d","name":"Redazione Italia","description":"News from the Pressenza Bureau in Italy","sameAs":["https:\/\/www.pressenza.com\/it\/author\/redazione-italia\/","https:\/\/www.facebook.com\/PressenzaItalia","https:\/\/www.instagram.com\/pressenza_italia\/","https:\/\/x.com\/pressenza_it","https:\/\/www.youtube.com\/channel\/UCSalEIWjE1RSxkwjfftFuqg"],"url":"https:\/\/www.pressenza.com\/it\/author\/redazione-italia\/"}]}},"place":"","original_article_url":"","_links":{"self":[{"href":"https:\/\/www.pressenza.com\/it\/wp-json\/wp\/v2\/posts\/2560722","targetHints":{"allow":["GET"]}}],"collection":[{"href":"https:\/\/www.pressenza.com\/it\/wp-json\/wp\/v2\/posts"}],"about":[{"href":"https:\/\/www.pressenza.com\/it\/wp-json\/wp\/v2\/types\/post"}],"author":[{"embeddable":true,"href":"https:\/\/www.pressenza.com\/it\/wp-json\/wp\/v2\/users\/594"}],"replies":[{"embeddable":true,"href":"https:\/\/www.pressenza.com\/it\/wp-json\/wp\/v2\/comments?post=2560722"}],"version-history":[{"count":0,"href":"https:\/\/www.pressenza.com\/it\/wp-json\/wp\/v2\/posts\/2560722\/revisions"}],"wp:featuredmedia":[{"embeddable":true,"href":"https:\/\/www.pressenza.com\/it\/wp-json\/wp\/v2\/media\/2560733"}],"wp:attachment":[{"href":"https:\/\/www.pressenza.com\/it\/wp-json\/wp\/v2\/media?parent=2560722"}],"wp:term":[{"taxonomy":"category","embeddable":true,"href":"https:\/\/www.pressenza.com\/it\/wp-json\/wp\/v2\/categories?post=2560722"},{"taxonomy":"post_tag","embeddable":true,"href":"https:\/\/www.pressenza.com\/it\/wp-json\/wp\/v2\/tags?post=2560722"}],"curies":[{"name":"wp","href":"https:\/\/api.w.org\/{rel}","templated":true}]}}