{"id":2559338,"date":"2024-11-01T10:44:05","date_gmt":"2024-11-01T10:44:05","guid":{"rendered":"https:\/\/www.pressenza.com\/?p=2559338"},"modified":"2024-11-01T10:44:05","modified_gmt":"2024-11-01T10:44:05","slug":"la-terza-marcia-mondiale-arriva-in-pakistan","status":"publish","type":"post","link":"https:\/\/www.pressenza.com\/it\/2024\/11\/la-terza-marcia-mondiale-arriva-in-pakistan\/","title":{"rendered":"La Terza Marcia Mondiale arriva in Pakistan"},"content":{"rendered":"<p>Nella giornata del 30 Ottobre 2024 la Terza Marcia Mondiale per la Pace e la Nonviolenza \u00e8 arrivata a Lahore, Pakistan. Quattro gli incontri in diversi dipartimenti delle numerose universit\u00e0 locali (Institute of Education Research e facolt\u00e0 di Scienze Politiche &#8211; Punjab Univeristy, University of Management and Technology, Minhaj University).<\/p>\n<p>Il tema della nonviolenza \u00e8 stato affrontato a tutto tondo, in un dialogo stimolante che ha coinvolto decine di studenti e studentesse, evidenziando una rilevante sensibilit\u00e0 sul punto. In un Paese afflitto da anni dalle tensioni interne dovute al terrorismo e al conflitto nella regione del Kashmir, parlare di nonviolenza \u00e8 ormai diventata un\u2019urgenza e una necessit\u00e0 sociale sentita in tutti gli strati della popolazione, in particolare quella pi\u00f9 giovane, che in Pakistan sta studiando per costruirsi una prospettiva di futuro.<\/p>\n<p>Molti gli spunti emersi sul ruolo della comunit\u00e0 internazionale rispetto alla necessit\u00e0 di porre l\u2019essere umano come valore centrale, nonch\u00e9 sulla molteplicit\u00e0 delle discriminazioni e delle forme di violenza che, a livello sociale, affliggono l\u2019umanit\u00e0 in modo strutturale e trasversale.<br \/>\nIn un contesto delicato come quello pakistano, la sfida pi\u00f9 grande nel dialogo sulla costruzione di processi di pace \u00e8 quella di evitare una fisiologica polarizzazione del dibattito, estremamente sensibile alle dinamiche geo-politiche che impattano sulla popolazione dal punto di vista sociale ed economico.<\/p>\n<p>Il riferimento alla violenza interna e alla resistenza da opporle per sfuggire ad un\u2019escalation con effetti tangibili sul piano interpersonale e comunitario ha costituito il fil rouge degli interventi dei membri dell\u2019\u00e9quipe di base della Terza Marcia Mondiale. Questi ultimi hanno rimarcato in vario modo l\u2019importanza di riconoscere la violenza non solo come qualcosa di altro da s\u00e9, ma in primo luogo come una tendenza radicata nella coscienza che pu\u00f2 per\u00f2 essere destrutturata, trasformata e direzionata su una via evolutiva di cooperazione e solidariet\u00e0 per la costituzione di un modello alternativo (o quantomeno complementare) alle proposte istituzionali, finalizzato al superamento dei conflitti.<\/p>\n<p>Ci\u00f2 non toglie evidentemente l\u2019interdipendenza con alcuni dei principali aspetti sistemici della regolamentazione dei rapporti sociali, non da ultimo quello costituito dall\u2019apparato legislativo, che pu\u00f2 per\u00f2 rappresentare un valido spunto di riflessione anche dalla prospettiva umanista.<\/p>\n<p>Studiare il fenomeno discriminatorio da una prospettiva giuridica, infatti, costituisce una modalit\u00e0 piuttosto immediata di individuazione della natura intersezionale della violenza, richiamata da varie fonti giuridiche di carattere internazionale. La stessa definizione di discriminazione come \u201cdiretta\u201d e \u201cindiretta\u201d, coniata in primis dal diritto dell\u2019Unione Europea, suggerisce come l\u2019espletamento della violenza pu\u00f2 fondarsi sia su un pregiudizio (che porta ad attuare una disparit\u00e0 o iniquit\u00e0 di trattamento basandosi su una caratteristica dell\u2019individuo\/del gruppo umano discriminato), ma anche sulla costruzione di prassi apparentemente neutre che per\u00f2 determinano, di fatto, esclusione o disparit\u00e0 di trattamento nei confronti di chi, proprio in quanto detentore di una determinata caratteristica, ne viene di fatto negativamente impattato.<\/p>\n<p>Quale donna, ad esempio, non si \u00e8 sentita direttamente pregiudicata dal proprio sesso di appartenenza subendo catcalling in strada, piuttosto che indirettamente e negativamente impattata nel proprio percorso di carriera a causa dell\u2019intrinseca possibilit\u00e0 attribuibile (unicamente) al suo sesso di rimanere incinta e, conseguentemente, di ottenere meno offerte di lavoro o avanzamento di carriera?<\/p>\n<p>Soltanto uno sguardo profondamente umanizzatore sull\u2019Altro da noi potr\u00e0 portare al superamento di queste pi\u00f9 o meno esplicite esclusioni, basate su un concetto utilitaristico della vita e della relazione umana. Allora s\u00ec che il superamento della violenza potr\u00e0 dirsi attuato, nel tentativo di abolizione di una regola non scritta di supremazia in ambito economico e sociale. Abolizione che non potr\u00e0 che contribuire alla costruzione di una societ\u00e0 non solo pi\u00f9 giusta, ma anche pi\u00f9 sviluppata, proprio in virt\u00f9 dell\u2019inclusione delle diversit\u00e0 e del conseguente incremento di una diversificazione che conduca alla (sana) produttivit\u00e0 economica su scala mondiale.<\/p>\n<p>Con la consapevolezza di fondo che la pace sar\u00e0 davvero effettiva solo quando sar\u00e0 tale per tutti e per tutte, oppure non sar\u00e0.<\/p>\n<p style=\"text-align: right;\"><strong>Federica De Luca<\/strong><br \/>\n<strong>\u00c9quipe di base Terza Marcia Mondiale per la pace e la nonviolenza, Pakistan<\/strong><\/p>\n","protected":false},"excerpt":{"rendered":"<p>Nella giornata del 30 Ottobre 2024 la Terza Marcia Mondiale per la Pace e la Nonviolenza \u00e8 arrivata a Lahore, Pakistan. Quattro gli incontri in diversi dipartimenti delle numerose universit\u00e0 locali (Institute of Education Research e facolt\u00e0 di Scienze Politiche&hellip;<\/p>\n","protected":false},"author":1565,"featured_media":2559340,"comment_status":"closed","ping_status":"closed","sticky":false,"template":"","format":"standard","meta":{"footnotes":""},"categories":[11388,107392,1262,1263],"tags":[9123,104474],"class_list":["post-2559338","post","type-post","status-publish","format-standard","has-post-thumbnail","hentry","category-contenuti-originali","category-noticia-it","category-nonviolenza-argomento","category-pace-disarmo","tag-pakistan-it","tag-terza-marcia-mondiale-per-la-pace-e-la-nonviolenza"],"yoast_head":"<!-- This site is optimized with the Yoast SEO plugin v27.1.1 - https:\/\/yoast.com\/product\/yoast-seo-wordpress\/ -->\n<title>La Terza Marcia Mondiale arriva in Pakistan<\/title>\n<meta name=\"description\" content=\"Nella giornata del 30 Ottobre 2024 la Terza Marcia Mondiale per la Pace e la Nonviolenza \u00e8 arrivata a Lahore, Pakistan. Quattro gli incontri in diversi\" \/>\n<meta name=\"robots\" content=\"index, follow, max-snippet:-1, max-image-preview:large, max-video-preview:-1\" \/>\n<link rel=\"canonical\" href=\"https:\/\/www.pressenza.com\/it\/2024\/11\/la-terza-marcia-mondiale-arriva-in-pakistan\/\" \/>\n<meta property=\"og:locale\" content=\"it_IT\" \/>\n<meta property=\"og:type\" content=\"article\" \/>\n<meta property=\"og:title\" content=\"La Terza Marcia Mondiale arriva in Pakistan\" \/>\n<meta property=\"og:description\" content=\"Nella giornata del 30 Ottobre 2024 la Terza Marcia Mondiale per la Pace e la Nonviolenza \u00e8 arrivata a Lahore, Pakistan. Quattro gli incontri in diversi\" \/>\n<meta property=\"og:url\" content=\"https:\/\/www.pressenza.com\/it\/2024\/11\/la-terza-marcia-mondiale-arriva-in-pakistan\/\" \/>\n<meta property=\"og:site_name\" content=\"Pressenza\" \/>\n<meta property=\"article:publisher\" content=\"https:\/\/www.facebook.com\/PressenzaItalia\" \/>\n<meta property=\"article:published_time\" content=\"2024-11-01T10:44:05+00:00\" \/>\n<meta property=\"og:image\" content=\"https:\/\/www.pressenza.com\/wp-content\/uploads\/2024\/11\/WhatsApp-Image-2024-10-30-at-23.29.03.jpeg\" \/>\n\t<meta property=\"og:image:width\" content=\"1600\" \/>\n\t<meta property=\"og:image:height\" content=\"1200\" \/>\n\t<meta property=\"og:image:type\" content=\"image\/jpeg\" \/>\n<meta name=\"author\" content=\"Marcia Mondiale per la Pace e la Nonviolenza\" \/>\n<meta name=\"twitter:card\" content=\"summary_large_image\" \/>\n<meta name=\"twitter:creator\" content=\"@PressenzaIPA\" \/>\n<meta name=\"twitter:site\" content=\"@PressenzaIPA\" \/>\n<meta name=\"twitter:label1\" content=\"Scritto da\" \/>\n\t<meta name=\"twitter:data1\" content=\"Marcia Mondiale per la Pace e la Nonviolenza\" \/>\n\t<meta name=\"twitter:label2\" content=\"Tempo di lettura stimato\" \/>\n\t<meta name=\"twitter:data2\" content=\"4 minuti\" \/>\n<script type=\"application\/ld+json\" class=\"yoast-schema-graph\">{\"@context\":\"https:\/\/schema.org\",\"@graph\":[{\"@type\":\"Article\",\"@id\":\"https:\/\/www.pressenza.com\/it\/2024\/11\/la-terza-marcia-mondiale-arriva-in-pakistan\/#article\",\"isPartOf\":{\"@id\":\"https:\/\/www.pressenza.com\/it\/2024\/11\/la-terza-marcia-mondiale-arriva-in-pakistan\/\"},\"author\":{\"name\":\"Marcia Mondiale per la Pace e la Nonviolenza\",\"@id\":\"https:\/\/www.pressenza.com\/it\/#\/schema\/person\/7695876a0aa9e0602a5de3babecd54ff\"},\"headline\":\"La Terza Marcia Mondiale arriva in Pakistan\",\"datePublished\":\"2024-11-01T10:44:05+00:00\",\"mainEntityOfPage\":{\"@id\":\"https:\/\/www.pressenza.com\/it\/2024\/11\/la-terza-marcia-mondiale-arriva-in-pakistan\/\"},\"wordCount\":668,\"publisher\":{\"@id\":\"https:\/\/www.pressenza.com\/it\/#organization\"},\"image\":{\"@id\":\"https:\/\/www.pressenza.com\/it\/2024\/11\/la-terza-marcia-mondiale-arriva-in-pakistan\/#primaryimage\"},\"thumbnailUrl\":\"https:\/\/www.pressenza.com\/wp-content\/uploads\/2024\/11\/WhatsApp-Image-2024-10-30-at-23.29.03.jpeg\",\"keywords\":[\"Pakistan\",\"Terza Marcia Mondiale per la Pace e la Nonviolenza\"],\"articleSection\":[\"contenuti originali\",\"Cronaca\",\"Nonviolenza\",\"Pace e Disarmo\"],\"inLanguage\":\"it-IT\"},{\"@type\":\"WebPage\",\"@id\":\"https:\/\/www.pressenza.com\/it\/2024\/11\/la-terza-marcia-mondiale-arriva-in-pakistan\/\",\"url\":\"https:\/\/www.pressenza.com\/it\/2024\/11\/la-terza-marcia-mondiale-arriva-in-pakistan\/\",\"name\":\"La Terza Marcia Mondiale arriva in Pakistan\",\"isPartOf\":{\"@id\":\"https:\/\/www.pressenza.com\/it\/#website\"},\"primaryImageOfPage\":{\"@id\":\"https:\/\/www.pressenza.com\/it\/2024\/11\/la-terza-marcia-mondiale-arriva-in-pakistan\/#primaryimage\"},\"image\":{\"@id\":\"https:\/\/www.pressenza.com\/it\/2024\/11\/la-terza-marcia-mondiale-arriva-in-pakistan\/#primaryimage\"},\"thumbnailUrl\":\"https:\/\/www.pressenza.com\/wp-content\/uploads\/2024\/11\/WhatsApp-Image-2024-10-30-at-23.29.03.jpeg\",\"datePublished\":\"2024-11-01T10:44:05+00:00\",\"description\":\"Nella giornata del 30 Ottobre 2024 la Terza Marcia Mondiale per la Pace e la Nonviolenza \u00e8 arrivata a Lahore, Pakistan. Quattro gli incontri in diversi\",\"breadcrumb\":{\"@id\":\"https:\/\/www.pressenza.com\/it\/2024\/11\/la-terza-marcia-mondiale-arriva-in-pakistan\/#breadcrumb\"},\"inLanguage\":\"it-IT\",\"potentialAction\":[{\"@type\":\"ReadAction\",\"target\":[\"https:\/\/www.pressenza.com\/it\/2024\/11\/la-terza-marcia-mondiale-arriva-in-pakistan\/\"]}]},{\"@type\":\"ImageObject\",\"inLanguage\":\"it-IT\",\"@id\":\"https:\/\/www.pressenza.com\/it\/2024\/11\/la-terza-marcia-mondiale-arriva-in-pakistan\/#primaryimage\",\"url\":\"https:\/\/www.pressenza.com\/wp-content\/uploads\/2024\/11\/WhatsApp-Image-2024-10-30-at-23.29.03.jpeg\",\"contentUrl\":\"https:\/\/www.pressenza.com\/wp-content\/uploads\/2024\/11\/WhatsApp-Image-2024-10-30-at-23.29.03.jpeg\",\"width\":1600,\"height\":1200},{\"@type\":\"BreadcrumbList\",\"@id\":\"https:\/\/www.pressenza.com\/it\/2024\/11\/la-terza-marcia-mondiale-arriva-in-pakistan\/#breadcrumb\",\"itemListElement\":[{\"@type\":\"ListItem\",\"position\":1,\"name\":\"Accueil\",\"item\":\"https:\/\/www.pressenza.com\/it\/\"},{\"@type\":\"ListItem\",\"position\":2,\"name\":\"La Terza Marcia Mondiale arriva in Pakistan\"}]},{\"@type\":\"WebSite\",\"@id\":\"https:\/\/www.pressenza.com\/it\/#website\",\"url\":\"https:\/\/www.pressenza.com\/it\/\",\"name\":\"Pressenza\",\"description\":\"Agenzia di Stampa Internazionale\",\"publisher\":{\"@id\":\"https:\/\/www.pressenza.com\/it\/#organization\"},\"potentialAction\":[{\"@type\":\"SearchAction\",\"target\":{\"@type\":\"EntryPoint\",\"urlTemplate\":\"https:\/\/www.pressenza.com\/it\/?s={search_term_string}\"},\"query-input\":{\"@type\":\"PropertyValueSpecification\",\"valueRequired\":true,\"valueName\":\"search_term_string\"}}],\"inLanguage\":\"it-IT\"},{\"@type\":\"Organization\",\"@id\":\"https:\/\/www.pressenza.com\/it\/#organization\",\"name\":\"Pressenza\",\"url\":\"https:\/\/www.pressenza.com\/it\/\",\"logo\":{\"@type\":\"ImageObject\",\"inLanguage\":\"it-IT\",\"@id\":\"https:\/\/www.pressenza.com\/it\/#\/schema\/logo\/image\/\",\"url\":\"https:\/\/www.pressenza.com\/wp-content\/uploads\/2022\/10\/pressenza_logo_200x200.jpg\",\"contentUrl\":\"https:\/\/www.pressenza.com\/wp-content\/uploads\/2022\/10\/pressenza_logo_200x200.jpg\",\"width\":200,\"height\":200,\"caption\":\"Pressenza\"},\"image\":{\"@id\":\"https:\/\/www.pressenza.com\/it\/#\/schema\/logo\/image\/\"},\"sameAs\":[\"https:\/\/www.facebook.com\/PressenzaItalia\",\"https:\/\/x.com\/PressenzaIPA\"]},{\"@type\":\"Person\",\"@id\":\"https:\/\/www.pressenza.com\/it\/#\/schema\/person\/7695876a0aa9e0602a5de3babecd54ff\",\"name\":\"Marcia Mondiale per la Pace e la Nonviolenza\",\"sameAs\":[\"https:\/\/theworldmarch.org\"],\"url\":\"https:\/\/www.pressenza.com\/it\/author\/marcia-mondiale-per-la-pace-e-la-nonviolenza\/\"}]}<\/script>\n<!-- \/ Yoast SEO plugin. -->","yoast_head_json":{"title":"La Terza Marcia Mondiale arriva in Pakistan","description":"Nella giornata del 30 Ottobre 2024 la Terza Marcia Mondiale per la Pace e la Nonviolenza \u00e8 arrivata a Lahore, Pakistan. Quattro gli incontri in diversi","robots":{"index":"index","follow":"follow","max-snippet":"max-snippet:-1","max-image-preview":"max-image-preview:large","max-video-preview":"max-video-preview:-1"},"canonical":"https:\/\/www.pressenza.com\/it\/2024\/11\/la-terza-marcia-mondiale-arriva-in-pakistan\/","og_locale":"it_IT","og_type":"article","og_title":"La Terza Marcia Mondiale arriva in Pakistan","og_description":"Nella giornata del 30 Ottobre 2024 la Terza Marcia Mondiale per la Pace e la Nonviolenza \u00e8 arrivata a Lahore, Pakistan. Quattro gli incontri in diversi","og_url":"https:\/\/www.pressenza.com\/it\/2024\/11\/la-terza-marcia-mondiale-arriva-in-pakistan\/","og_site_name":"Pressenza","article_publisher":"https:\/\/www.facebook.com\/PressenzaItalia","article_published_time":"2024-11-01T10:44:05+00:00","og_image":[{"width":1600,"height":1200,"url":"https:\/\/www.pressenza.com\/wp-content\/uploads\/2024\/11\/WhatsApp-Image-2024-10-30-at-23.29.03.jpeg","type":"image\/jpeg"}],"author":"Marcia Mondiale per la Pace e la Nonviolenza","twitter_card":"summary_large_image","twitter_creator":"@PressenzaIPA","twitter_site":"@PressenzaIPA","twitter_misc":{"Scritto da":"Marcia Mondiale per la Pace e la Nonviolenza","Tempo di lettura stimato":"4 minuti"},"schema":{"@context":"https:\/\/schema.org","@graph":[{"@type":"Article","@id":"https:\/\/www.pressenza.com\/it\/2024\/11\/la-terza-marcia-mondiale-arriva-in-pakistan\/#article","isPartOf":{"@id":"https:\/\/www.pressenza.com\/it\/2024\/11\/la-terza-marcia-mondiale-arriva-in-pakistan\/"},"author":{"name":"Marcia Mondiale per la Pace e la Nonviolenza","@id":"https:\/\/www.pressenza.com\/it\/#\/schema\/person\/7695876a0aa9e0602a5de3babecd54ff"},"headline":"La Terza Marcia Mondiale arriva in Pakistan","datePublished":"2024-11-01T10:44:05+00:00","mainEntityOfPage":{"@id":"https:\/\/www.pressenza.com\/it\/2024\/11\/la-terza-marcia-mondiale-arriva-in-pakistan\/"},"wordCount":668,"publisher":{"@id":"https:\/\/www.pressenza.com\/it\/#organization"},"image":{"@id":"https:\/\/www.pressenza.com\/it\/2024\/11\/la-terza-marcia-mondiale-arriva-in-pakistan\/#primaryimage"},"thumbnailUrl":"https:\/\/www.pressenza.com\/wp-content\/uploads\/2024\/11\/WhatsApp-Image-2024-10-30-at-23.29.03.jpeg","keywords":["Pakistan","Terza Marcia Mondiale per la Pace e la Nonviolenza"],"articleSection":["contenuti originali","Cronaca","Nonviolenza","Pace e Disarmo"],"inLanguage":"it-IT"},{"@type":"WebPage","@id":"https:\/\/www.pressenza.com\/it\/2024\/11\/la-terza-marcia-mondiale-arriva-in-pakistan\/","url":"https:\/\/www.pressenza.com\/it\/2024\/11\/la-terza-marcia-mondiale-arriva-in-pakistan\/","name":"La Terza Marcia Mondiale arriva in Pakistan","isPartOf":{"@id":"https:\/\/www.pressenza.com\/it\/#website"},"primaryImageOfPage":{"@id":"https:\/\/www.pressenza.com\/it\/2024\/11\/la-terza-marcia-mondiale-arriva-in-pakistan\/#primaryimage"},"image":{"@id":"https:\/\/www.pressenza.com\/it\/2024\/11\/la-terza-marcia-mondiale-arriva-in-pakistan\/#primaryimage"},"thumbnailUrl":"https:\/\/www.pressenza.com\/wp-content\/uploads\/2024\/11\/WhatsApp-Image-2024-10-30-at-23.29.03.jpeg","datePublished":"2024-11-01T10:44:05+00:00","description":"Nella giornata del 30 Ottobre 2024 la Terza Marcia Mondiale per la Pace e la Nonviolenza \u00e8 arrivata a Lahore, Pakistan. Quattro gli incontri in diversi","breadcrumb":{"@id":"https:\/\/www.pressenza.com\/it\/2024\/11\/la-terza-marcia-mondiale-arriva-in-pakistan\/#breadcrumb"},"inLanguage":"it-IT","potentialAction":[{"@type":"ReadAction","target":["https:\/\/www.pressenza.com\/it\/2024\/11\/la-terza-marcia-mondiale-arriva-in-pakistan\/"]}]},{"@type":"ImageObject","inLanguage":"it-IT","@id":"https:\/\/www.pressenza.com\/it\/2024\/11\/la-terza-marcia-mondiale-arriva-in-pakistan\/#primaryimage","url":"https:\/\/www.pressenza.com\/wp-content\/uploads\/2024\/11\/WhatsApp-Image-2024-10-30-at-23.29.03.jpeg","contentUrl":"https:\/\/www.pressenza.com\/wp-content\/uploads\/2024\/11\/WhatsApp-Image-2024-10-30-at-23.29.03.jpeg","width":1600,"height":1200},{"@type":"BreadcrumbList","@id":"https:\/\/www.pressenza.com\/it\/2024\/11\/la-terza-marcia-mondiale-arriva-in-pakistan\/#breadcrumb","itemListElement":[{"@type":"ListItem","position":1,"name":"Accueil","item":"https:\/\/www.pressenza.com\/it\/"},{"@type":"ListItem","position":2,"name":"La Terza Marcia Mondiale arriva in Pakistan"}]},{"@type":"WebSite","@id":"https:\/\/www.pressenza.com\/it\/#website","url":"https:\/\/www.pressenza.com\/it\/","name":"Pressenza","description":"Agenzia di Stampa Internazionale","publisher":{"@id":"https:\/\/www.pressenza.com\/it\/#organization"},"potentialAction":[{"@type":"SearchAction","target":{"@type":"EntryPoint","urlTemplate":"https:\/\/www.pressenza.com\/it\/?s={search_term_string}"},"query-input":{"@type":"PropertyValueSpecification","valueRequired":true,"valueName":"search_term_string"}}],"inLanguage":"it-IT"},{"@type":"Organization","@id":"https:\/\/www.pressenza.com\/it\/#organization","name":"Pressenza","url":"https:\/\/www.pressenza.com\/it\/","logo":{"@type":"ImageObject","inLanguage":"it-IT","@id":"https:\/\/www.pressenza.com\/it\/#\/schema\/logo\/image\/","url":"https:\/\/www.pressenza.com\/wp-content\/uploads\/2022\/10\/pressenza_logo_200x200.jpg","contentUrl":"https:\/\/www.pressenza.com\/wp-content\/uploads\/2022\/10\/pressenza_logo_200x200.jpg","width":200,"height":200,"caption":"Pressenza"},"image":{"@id":"https:\/\/www.pressenza.com\/it\/#\/schema\/logo\/image\/"},"sameAs":["https:\/\/www.facebook.com\/PressenzaItalia","https:\/\/x.com\/PressenzaIPA"]},{"@type":"Person","@id":"https:\/\/www.pressenza.com\/it\/#\/schema\/person\/7695876a0aa9e0602a5de3babecd54ff","name":"Marcia Mondiale per la Pace e la Nonviolenza","sameAs":["https:\/\/theworldmarch.org"],"url":"https:\/\/www.pressenza.com\/it\/author\/marcia-mondiale-per-la-pace-e-la-nonviolenza\/"}]}},"place":"Lahore","original_article_url":"","_links":{"self":[{"href":"https:\/\/www.pressenza.com\/it\/wp-json\/wp\/v2\/posts\/2559338","targetHints":{"allow":["GET"]}}],"collection":[{"href":"https:\/\/www.pressenza.com\/it\/wp-json\/wp\/v2\/posts"}],"about":[{"href":"https:\/\/www.pressenza.com\/it\/wp-json\/wp\/v2\/types\/post"}],"author":[{"embeddable":true,"href":"https:\/\/www.pressenza.com\/it\/wp-json\/wp\/v2\/users\/1565"}],"replies":[{"embeddable":true,"href":"https:\/\/www.pressenza.com\/it\/wp-json\/wp\/v2\/comments?post=2559338"}],"version-history":[{"count":0,"href":"https:\/\/www.pressenza.com\/it\/wp-json\/wp\/v2\/posts\/2559338\/revisions"}],"wp:featuredmedia":[{"embeddable":true,"href":"https:\/\/www.pressenza.com\/it\/wp-json\/wp\/v2\/media\/2559340"}],"wp:attachment":[{"href":"https:\/\/www.pressenza.com\/it\/wp-json\/wp\/v2\/media?parent=2559338"}],"wp:term":[{"taxonomy":"category","embeddable":true,"href":"https:\/\/www.pressenza.com\/it\/wp-json\/wp\/v2\/categories?post=2559338"},{"taxonomy":"post_tag","embeddable":true,"href":"https:\/\/www.pressenza.com\/it\/wp-json\/wp\/v2\/tags?post=2559338"}],"curies":[{"name":"wp","href":"https:\/\/api.w.org\/{rel}","templated":true}]}}