{"id":2557834,"date":"2024-10-26T21:56:47","date_gmt":"2024-10-26T20:56:47","guid":{"rendered":"https:\/\/www.pressenza.com\/?p=2557834"},"modified":"2024-10-26T22:36:18","modified_gmt":"2024-10-26T21:36:18","slug":"firenze-strade-troppo-strette-per-grandi-idee-di-pace-realismo-o-utopia","status":"publish","type":"post","link":"https:\/\/www.pressenza.com\/it\/2024\/10\/firenze-strade-troppo-strette-per-grandi-idee-di-pace-realismo-o-utopia\/","title":{"rendered":"Firenze, strade troppo strette per grandi idee di pace: realismo o utopia?"},"content":{"rendered":"<p><span style=\"font-weight: 400;\">Oggi a Firenze il popolo della Pace si incontra. \u201cSiamo 30.000\u201d dice sul palco Chiara Brilli di Controradio, si parla di 10.000 al telegiornale regionale; comunque, al di l\u00e0 dei numeri, un corteo colorato di bandiere diverse ha attraversato le strette strade di Firenze: senza annullare le differenze, gli spezzoni del corteo \u201cunitario\u201d si sono intrecciati, partendo da Piazza Santa Maria Novella, entrando in Piazza Santa Croce, quando accanto alla grande bandiera della Pace composta da piccole bandiere cucite insieme entrava la grande bandiera palestinese.<\/span><\/p>\n<p><span style=\"font-weight: 400;\">Il peso della manifestazione di oggi a Firenze \u00e8 quindi il peso delle co-responsabilit\u00e0 che le persone che hanno partecipato si sono assunte nell\u2019essere \u201cprotagoniste di dialoghi di Pace\u201d, come sottolinea dal palco Mao Valpiana, Presidente del Movimento Nonviolento, ricordando la necessit\u00e0 di investire sulla nonviolenza quale prassi attiva di risoluzione dei conflitti, come insegnano gli obiettori che rifiutano la guerra nei paesi in cui questa sia presente; Giulia Torrini, Presidentessa di Un Ponte Per, ricorda gli scenari di guerra attivi, con particolare riferimento alla situazione palestinese.<\/span><\/p>\n<p><span style=\"font-weight: 400;\">Anche la musica ha accompagnato il corteo, con i contenuti portati attraverso brani che ricordano l\u2019antifascismo, canti popolari di lotta; nell\u2019attesa che la Piazza Santa Maria Novella si riempisse cos\u00ec come nell\u2019arrivo nella Piazza Santa Croce, dove Gaia Nanni e Letizia Fuochi hanno tenuto loro stesse insieme le parole cantate, sospingendo l\u2019indignazione che non si fermi all\u2019impotenza.<\/span><\/p>\n<p><span style=\"font-weight: 400;\">Tra le realt\u00e0 che hanno sfilato in corteo, gli striscioni del No Comando Nato, di Firenze Citt\u00e0 Aperta, Donne insieme per la Pace, La Via per la Pace, oltre i colori delle bandiere dei partiti e dei sindacati; e se, come \u00e8 stato detto dal palco, per costruire percorsi di pace \u00e8 necessario lottare per la Giustizia, la manifestazione di oggi, a Firenze, cos\u00ec come in altre sei citt\u00e0 di Italia, ha ridato Speranza perch\u00e9 \u201ceravamo tante e tanti\u201d (e di diverse provenienze, compresa Emilia Romagna e Liguria, in Toscana), eppure ha provocato anche riflessioni sul Cosa fare? Se Firenze vuole essere citt\u00e0 operatrice di Pace, deve provare a rispondere a questo interrogativo, perch\u00e9 i conflitti del mondo trovino soluzione, perch\u00e9 il governo italiano si esprima ed entri con un ruolo attivo di orientamento verso la pace.<\/span><\/p>\n<p style=\"text-align: right;\"><strong>Emanuela Bavazzano<\/strong><\/p>\n<p>&nbsp;<\/p>\n<p>Foto di Cesare Dagliana<\/p>\n<div class=\"post-gallery\">\n\t\t\t<figure class=\"post-gallery-item\">\n\t\t\t\t<img decoding=\"async\" src=\"https:\/\/www.pressenza.com\/wp-content\/uploads\/2024\/10\/Firenze-26Ottobre-CesareDagliana01-820x547.jpg\" loading=\"lazy\">\n\t\t\t\t<figcaption>\n\t\t\t\t\t\n\t\t\t\t<\/figcaption>\n\t\t\t<\/figure>\n\t\t\t<figure class=\"post-gallery-item\">\n\t\t\t\t<img decoding=\"async\" src=\"https:\/\/www.pressenza.com\/wp-content\/uploads\/2024\/10\/Firenze-26Ottobre-CesareDagliana02-820x547.jpg\" loading=\"lazy\">\n\t\t\t\t<figcaption>\n\t\t\t\t\t\n\t\t\t\t<\/figcaption>\n\t\t\t<\/figure>\n\t\t\t<figure class=\"post-gallery-item\">\n\t\t\t\t<img decoding=\"async\" src=\"https:\/\/www.pressenza.com\/wp-content\/uploads\/2024\/10\/Firenze-26Ottobre-CesareDagliana03-820x523.jpg\" loading=\"lazy\">\n\t\t\t\t<figcaption>\n\t\t\t\t\t\n\t\t\t\t<\/figcaption>\n\t\t\t<\/figure>\n\t\t\t<figure class=\"post-gallery-item\">\n\t\t\t\t<img decoding=\"async\" src=\"https:\/\/www.pressenza.com\/wp-content\/uploads\/2024\/10\/Firenze-26Ottobre-CesareDagliana04-820x547.jpg\" loading=\"lazy\">\n\t\t\t\t<figcaption>\n\t\t\t\t\t\n\t\t\t\t<\/figcaption>\n\t\t\t<\/figure>\n\t\t\t<figure class=\"post-gallery-item\">\n\t\t\t\t<img decoding=\"async\" src=\"https:\/\/www.pressenza.com\/wp-content\/uploads\/2024\/10\/Firenze-26Ottobre-CesareDagliana05-820x547.jpg\" loading=\"lazy\">\n\t\t\t\t<figcaption>\n\t\t\t\t\t\n\t\t\t\t<\/figcaption>\n\t\t\t<\/figure>\n\t\t\t<figure class=\"post-gallery-item\">\n\t\t\t\t<img decoding=\"async\" src=\"https:\/\/www.pressenza.com\/wp-content\/uploads\/2024\/10\/Firenze-26Ottobre-CesareDagliana06-820x547.jpg\" loading=\"lazy\">\n\t\t\t\t<figcaption>\n\t\t\t\t\t\n\t\t\t\t<\/figcaption>\n\t\t\t<\/figure>\n\t\t\t<figure class=\"post-gallery-item\">\n\t\t\t\t<img decoding=\"async\" src=\"https:\/\/www.pressenza.com\/wp-content\/uploads\/2024\/10\/Firenze-26Ottobre-CesareDagliana07-820x547.jpg\" loading=\"lazy\">\n\t\t\t\t<figcaption>\n\t\t\t\t\t\n\t\t\t\t<\/figcaption>\n\t\t\t<\/figure>\n\t\t\t<figure class=\"post-gallery-item\">\n\t\t\t\t<img decoding=\"async\" src=\"https:\/\/www.pressenza.com\/wp-content\/uploads\/2024\/10\/Firenze-26Ottobre-CesareDagliana08-820x547.jpg\" loading=\"lazy\">\n\t\t\t\t<figcaption>\n\t\t\t\t\t\n\t\t\t\t<\/figcaption>\n\t\t\t<\/figure>\n\t\t\t<figure class=\"post-gallery-item\">\n\t\t\t\t<img decoding=\"async\" src=\"https:\/\/www.pressenza.com\/wp-content\/uploads\/2024\/10\/Firenze-26Ottobre-CesareDagliana09-820x547.jpg\" loading=\"lazy\">\n\t\t\t\t<figcaption>\n\t\t\t\t\t\n\t\t\t\t<\/figcaption>\n\t\t\t<\/figure>\n\t\t\t<figure class=\"post-gallery-item\">\n\t\t\t\t<img decoding=\"async\" src=\"https:\/\/www.pressenza.com\/wp-content\/uploads\/2024\/10\/Firenze-26Ottobre-CesareDagliana10-820x547.jpg\" loading=\"lazy\">\n\t\t\t\t<figcaption>\n\t\t\t\t\t\n\t\t\t\t<\/figcaption>\n\t\t\t<\/figure>\n\t\t\t<figure class=\"post-gallery-item\">\n\t\t\t\t<img decoding=\"async\" src=\"https:\/\/www.pressenza.com\/wp-content\/uploads\/2024\/10\/Firenze-26Ottobre-CesareDagliana11-820x547.jpg\" loading=\"lazy\">\n\t\t\t\t<figcaption>\n\t\t\t\t\t\n\t\t\t\t<\/figcaption>\n\t\t\t<\/figure><\/div>\n","protected":false},"excerpt":{"rendered":"<p>Oggi a Firenze il popolo della Pace si incontra. \u201cSiamo 30.000\u201d dice sul palco Chiara Brilli di Controradio, si parla di 10.000 al telegiornale regionale; comunque, al di l\u00e0 dei numeri, un corteo colorato di bandiere diverse ha attraversato le&hellip;<\/p>\n","protected":false},"author":1712,"featured_media":2557840,"comment_status":"closed","ping_status":"closed","sticky":false,"template":"","format":"standard","meta":{"footnotes":""},"categories":[11388,107392,5677,1263],"tags":[3066,318,294],"class_list":["post-2557834","post","type-post","status-publish","format-standard","has-post-thumbnail","hentry","category-contenuti-originali","category-noticia-it","category-fotoreportages","category-pace-disarmo","tag-firenze","tag-manifestazione","tag-pace"],"yoast_head":"<!-- This site is optimized with the Yoast SEO plugin v27.1.1 - https:\/\/yoast.com\/product\/yoast-seo-wordpress\/ -->\n<title>Firenze, strade troppo strette per grandi idee di pace: realismo o utopia?<\/title>\n<meta name=\"description\" content=\"Oggi a Firenze il popolo della Pace si incontra. \u201cSiamo 30.000\u201d dice sul palco Chiara Brilli di Controradio, si parla di 10.000 al telegiornale regionale;\" \/>\n<meta name=\"robots\" content=\"index, follow, max-snippet:-1, max-image-preview:large, max-video-preview:-1\" \/>\n<link rel=\"canonical\" href=\"https:\/\/www.pressenza.com\/it\/2024\/10\/firenze-strade-troppo-strette-per-grandi-idee-di-pace-realismo-o-utopia\/\" \/>\n<meta property=\"og:locale\" content=\"it_IT\" \/>\n<meta property=\"og:type\" content=\"article\" \/>\n<meta property=\"og:title\" content=\"Firenze, strade troppo strette per grandi idee di pace: realismo o utopia?\" \/>\n<meta property=\"og:description\" content=\"Oggi a Firenze il popolo della Pace si incontra. \u201cSiamo 30.000\u201d dice sul palco Chiara Brilli di Controradio, si parla di 10.000 al telegiornale regionale;\" \/>\n<meta property=\"og:url\" content=\"https:\/\/www.pressenza.com\/it\/2024\/10\/firenze-strade-troppo-strette-per-grandi-idee-di-pace-realismo-o-utopia\/\" \/>\n<meta property=\"og:site_name\" content=\"Pressenza\" \/>\n<meta property=\"article:publisher\" content=\"https:\/\/www.facebook.com\/PressenzaItalia\" \/>\n<meta property=\"article:published_time\" content=\"2024-10-26T20:56:47+00:00\" \/>\n<meta property=\"article:modified_time\" content=\"2024-10-26T21:36:18+00:00\" \/>\n<meta property=\"og:image\" content=\"https:\/\/www.pressenza.com\/wp-content\/uploads\/2024\/10\/Firenze-26Ottobre-CesareDagliana06.jpg\" \/>\n\t<meta property=\"og:image:width\" content=\"850\" \/>\n\t<meta property=\"og:image:height\" content=\"567\" \/>\n\t<meta property=\"og:image:type\" content=\"image\/jpeg\" \/>\n<meta name=\"author\" content=\"Redazione Toscana\" \/>\n<meta name=\"twitter:card\" content=\"summary_large_image\" \/>\n<meta name=\"twitter:creator\" content=\"@PressenzaIPA\" \/>\n<meta name=\"twitter:site\" content=\"@PressenzaIPA\" \/>\n<meta name=\"twitter:label1\" content=\"Scritto da\" \/>\n\t<meta name=\"twitter:data1\" content=\"Redazione Toscana\" \/>\n\t<meta name=\"twitter:label2\" content=\"Tempo di lettura stimato\" \/>\n\t<meta name=\"twitter:data2\" content=\"2 minuti\" \/>\n<script type=\"application\/ld+json\" class=\"yoast-schema-graph\">{\"@context\":\"https:\/\/schema.org\",\"@graph\":[{\"@type\":\"Article\",\"@id\":\"https:\/\/www.pressenza.com\/it\/2024\/10\/firenze-strade-troppo-strette-per-grandi-idee-di-pace-realismo-o-utopia\/#article\",\"isPartOf\":{\"@id\":\"https:\/\/www.pressenza.com\/it\/2024\/10\/firenze-strade-troppo-strette-per-grandi-idee-di-pace-realismo-o-utopia\/\"},\"author\":{\"name\":\"Redazione Toscana\",\"@id\":\"https:\/\/www.pressenza.com\/it\/#\/schema\/person\/4e3dce4e18e03345dd2deb3148d621d1\"},\"headline\":\"Firenze, strade troppo strette per grandi idee di pace: realismo o utopia?\",\"datePublished\":\"2024-10-26T20:56:47+00:00\",\"dateModified\":\"2024-10-26T21:36:18+00:00\",\"mainEntityOfPage\":{\"@id\":\"https:\/\/www.pressenza.com\/it\/2024\/10\/firenze-strade-troppo-strette-per-grandi-idee-di-pace-realismo-o-utopia\/\"},\"wordCount\":388,\"publisher\":{\"@id\":\"https:\/\/www.pressenza.com\/it\/#organization\"},\"image\":{\"@id\":\"https:\/\/www.pressenza.com\/it\/2024\/10\/firenze-strade-troppo-strette-per-grandi-idee-di-pace-realismo-o-utopia\/#primaryimage\"},\"thumbnailUrl\":\"https:\/\/www.pressenza.com\/wp-content\/uploads\/2024\/10\/Firenze-26Ottobre-CesareDagliana06.jpg\",\"keywords\":[\"Firenze\",\"manifestazione\",\"Pace\"],\"articleSection\":[\"contenuti originali\",\"Cronaca\",\"Fotoreportages\",\"Pace e Disarmo\"],\"inLanguage\":\"it-IT\"},{\"@type\":\"WebPage\",\"@id\":\"https:\/\/www.pressenza.com\/it\/2024\/10\/firenze-strade-troppo-strette-per-grandi-idee-di-pace-realismo-o-utopia\/\",\"url\":\"https:\/\/www.pressenza.com\/it\/2024\/10\/firenze-strade-troppo-strette-per-grandi-idee-di-pace-realismo-o-utopia\/\",\"name\":\"Firenze, strade troppo strette per grandi idee di pace: realismo o utopia?\",\"isPartOf\":{\"@id\":\"https:\/\/www.pressenza.com\/it\/#website\"},\"primaryImageOfPage\":{\"@id\":\"https:\/\/www.pressenza.com\/it\/2024\/10\/firenze-strade-troppo-strette-per-grandi-idee-di-pace-realismo-o-utopia\/#primaryimage\"},\"image\":{\"@id\":\"https:\/\/www.pressenza.com\/it\/2024\/10\/firenze-strade-troppo-strette-per-grandi-idee-di-pace-realismo-o-utopia\/#primaryimage\"},\"thumbnailUrl\":\"https:\/\/www.pressenza.com\/wp-content\/uploads\/2024\/10\/Firenze-26Ottobre-CesareDagliana06.jpg\",\"datePublished\":\"2024-10-26T20:56:47+00:00\",\"dateModified\":\"2024-10-26T21:36:18+00:00\",\"description\":\"Oggi a Firenze il popolo della Pace si incontra. \u201cSiamo 30.000\u201d dice sul palco Chiara Brilli di Controradio, si parla di 10.000 al telegiornale regionale;\",\"breadcrumb\":{\"@id\":\"https:\/\/www.pressenza.com\/it\/2024\/10\/firenze-strade-troppo-strette-per-grandi-idee-di-pace-realismo-o-utopia\/#breadcrumb\"},\"inLanguage\":\"it-IT\",\"potentialAction\":[{\"@type\":\"ReadAction\",\"target\":[\"https:\/\/www.pressenza.com\/it\/2024\/10\/firenze-strade-troppo-strette-per-grandi-idee-di-pace-realismo-o-utopia\/\"]}]},{\"@type\":\"ImageObject\",\"inLanguage\":\"it-IT\",\"@id\":\"https:\/\/www.pressenza.com\/it\/2024\/10\/firenze-strade-troppo-strette-per-grandi-idee-di-pace-realismo-o-utopia\/#primaryimage\",\"url\":\"https:\/\/www.pressenza.com\/wp-content\/uploads\/2024\/10\/Firenze-26Ottobre-CesareDagliana06.jpg\",\"contentUrl\":\"https:\/\/www.pressenza.com\/wp-content\/uploads\/2024\/10\/Firenze-26Ottobre-CesareDagliana06.jpg\",\"width\":850,\"height\":567},{\"@type\":\"BreadcrumbList\",\"@id\":\"https:\/\/www.pressenza.com\/it\/2024\/10\/firenze-strade-troppo-strette-per-grandi-idee-di-pace-realismo-o-utopia\/#breadcrumb\",\"itemListElement\":[{\"@type\":\"ListItem\",\"position\":1,\"name\":\"Accueil\",\"item\":\"https:\/\/www.pressenza.com\/it\/\"},{\"@type\":\"ListItem\",\"position\":2,\"name\":\"Firenze, strade troppo strette per grandi idee di pace: realismo o utopia?\"}]},{\"@type\":\"WebSite\",\"@id\":\"https:\/\/www.pressenza.com\/it\/#website\",\"url\":\"https:\/\/www.pressenza.com\/it\/\",\"name\":\"Pressenza\",\"description\":\"Agenzia di Stampa Internazionale\",\"publisher\":{\"@id\":\"https:\/\/www.pressenza.com\/it\/#organization\"},\"potentialAction\":[{\"@type\":\"SearchAction\",\"target\":{\"@type\":\"EntryPoint\",\"urlTemplate\":\"https:\/\/www.pressenza.com\/it\/?s={search_term_string}\"},\"query-input\":{\"@type\":\"PropertyValueSpecification\",\"valueRequired\":true,\"valueName\":\"search_term_string\"}}],\"inLanguage\":\"it-IT\"},{\"@type\":\"Organization\",\"@id\":\"https:\/\/www.pressenza.com\/it\/#organization\",\"name\":\"Pressenza\",\"url\":\"https:\/\/www.pressenza.com\/it\/\",\"logo\":{\"@type\":\"ImageObject\",\"inLanguage\":\"it-IT\",\"@id\":\"https:\/\/www.pressenza.com\/it\/#\/schema\/logo\/image\/\",\"url\":\"https:\/\/www.pressenza.com\/wp-content\/uploads\/2022\/10\/pressenza_logo_200x200.jpg\",\"contentUrl\":\"https:\/\/www.pressenza.com\/wp-content\/uploads\/2022\/10\/pressenza_logo_200x200.jpg\",\"width\":200,\"height\":200,\"caption\":\"Pressenza\"},\"image\":{\"@id\":\"https:\/\/www.pressenza.com\/it\/#\/schema\/logo\/image\/\"},\"sameAs\":[\"https:\/\/www.facebook.com\/PressenzaItalia\",\"https:\/\/x.com\/PressenzaIPA\"]},{\"@type\":\"Person\",\"@id\":\"https:\/\/www.pressenza.com\/it\/#\/schema\/person\/4e3dce4e18e03345dd2deb3148d621d1\",\"name\":\"Redazione Toscana\",\"description\":\"News from the Pressenza Bureau in Tuscany, Italy\",\"url\":\"https:\/\/www.pressenza.com\/it\/author\/redazione-toscana\/\"}]}<\/script>\n<!-- \/ Yoast SEO plugin. -->","yoast_head_json":{"title":"Firenze, strade troppo strette per grandi idee di pace: realismo o utopia?","description":"Oggi a Firenze il popolo della Pace si incontra. \u201cSiamo 30.000\u201d dice sul palco Chiara Brilli di Controradio, si parla di 10.000 al telegiornale regionale;","robots":{"index":"index","follow":"follow","max-snippet":"max-snippet:-1","max-image-preview":"max-image-preview:large","max-video-preview":"max-video-preview:-1"},"canonical":"https:\/\/www.pressenza.com\/it\/2024\/10\/firenze-strade-troppo-strette-per-grandi-idee-di-pace-realismo-o-utopia\/","og_locale":"it_IT","og_type":"article","og_title":"Firenze, strade troppo strette per grandi idee di pace: realismo o utopia?","og_description":"Oggi a Firenze il popolo della Pace si incontra. \u201cSiamo 30.000\u201d dice sul palco Chiara Brilli di Controradio, si parla di 10.000 al telegiornale regionale;","og_url":"https:\/\/www.pressenza.com\/it\/2024\/10\/firenze-strade-troppo-strette-per-grandi-idee-di-pace-realismo-o-utopia\/","og_site_name":"Pressenza","article_publisher":"https:\/\/www.facebook.com\/PressenzaItalia","article_published_time":"2024-10-26T20:56:47+00:00","article_modified_time":"2024-10-26T21:36:18+00:00","og_image":[{"width":850,"height":567,"url":"https:\/\/www.pressenza.com\/wp-content\/uploads\/2024\/10\/Firenze-26Ottobre-CesareDagliana06.jpg","type":"image\/jpeg"}],"author":"Redazione Toscana","twitter_card":"summary_large_image","twitter_creator":"@PressenzaIPA","twitter_site":"@PressenzaIPA","twitter_misc":{"Scritto da":"Redazione Toscana","Tempo di lettura stimato":"2 minuti"},"schema":{"@context":"https:\/\/schema.org","@graph":[{"@type":"Article","@id":"https:\/\/www.pressenza.com\/it\/2024\/10\/firenze-strade-troppo-strette-per-grandi-idee-di-pace-realismo-o-utopia\/#article","isPartOf":{"@id":"https:\/\/www.pressenza.com\/it\/2024\/10\/firenze-strade-troppo-strette-per-grandi-idee-di-pace-realismo-o-utopia\/"},"author":{"name":"Redazione Toscana","@id":"https:\/\/www.pressenza.com\/it\/#\/schema\/person\/4e3dce4e18e03345dd2deb3148d621d1"},"headline":"Firenze, strade troppo strette per grandi idee di pace: realismo o utopia?","datePublished":"2024-10-26T20:56:47+00:00","dateModified":"2024-10-26T21:36:18+00:00","mainEntityOfPage":{"@id":"https:\/\/www.pressenza.com\/it\/2024\/10\/firenze-strade-troppo-strette-per-grandi-idee-di-pace-realismo-o-utopia\/"},"wordCount":388,"publisher":{"@id":"https:\/\/www.pressenza.com\/it\/#organization"},"image":{"@id":"https:\/\/www.pressenza.com\/it\/2024\/10\/firenze-strade-troppo-strette-per-grandi-idee-di-pace-realismo-o-utopia\/#primaryimage"},"thumbnailUrl":"https:\/\/www.pressenza.com\/wp-content\/uploads\/2024\/10\/Firenze-26Ottobre-CesareDagliana06.jpg","keywords":["Firenze","manifestazione","Pace"],"articleSection":["contenuti originali","Cronaca","Fotoreportages","Pace e Disarmo"],"inLanguage":"it-IT"},{"@type":"WebPage","@id":"https:\/\/www.pressenza.com\/it\/2024\/10\/firenze-strade-troppo-strette-per-grandi-idee-di-pace-realismo-o-utopia\/","url":"https:\/\/www.pressenza.com\/it\/2024\/10\/firenze-strade-troppo-strette-per-grandi-idee-di-pace-realismo-o-utopia\/","name":"Firenze, strade troppo strette per grandi idee di pace: realismo o utopia?","isPartOf":{"@id":"https:\/\/www.pressenza.com\/it\/#website"},"primaryImageOfPage":{"@id":"https:\/\/www.pressenza.com\/it\/2024\/10\/firenze-strade-troppo-strette-per-grandi-idee-di-pace-realismo-o-utopia\/#primaryimage"},"image":{"@id":"https:\/\/www.pressenza.com\/it\/2024\/10\/firenze-strade-troppo-strette-per-grandi-idee-di-pace-realismo-o-utopia\/#primaryimage"},"thumbnailUrl":"https:\/\/www.pressenza.com\/wp-content\/uploads\/2024\/10\/Firenze-26Ottobre-CesareDagliana06.jpg","datePublished":"2024-10-26T20:56:47+00:00","dateModified":"2024-10-26T21:36:18+00:00","description":"Oggi a Firenze il popolo della Pace si incontra. \u201cSiamo 30.000\u201d dice sul palco Chiara Brilli di Controradio, si parla di 10.000 al telegiornale regionale;","breadcrumb":{"@id":"https:\/\/www.pressenza.com\/it\/2024\/10\/firenze-strade-troppo-strette-per-grandi-idee-di-pace-realismo-o-utopia\/#breadcrumb"},"inLanguage":"it-IT","potentialAction":[{"@type":"ReadAction","target":["https:\/\/www.pressenza.com\/it\/2024\/10\/firenze-strade-troppo-strette-per-grandi-idee-di-pace-realismo-o-utopia\/"]}]},{"@type":"ImageObject","inLanguage":"it-IT","@id":"https:\/\/www.pressenza.com\/it\/2024\/10\/firenze-strade-troppo-strette-per-grandi-idee-di-pace-realismo-o-utopia\/#primaryimage","url":"https:\/\/www.pressenza.com\/wp-content\/uploads\/2024\/10\/Firenze-26Ottobre-CesareDagliana06.jpg","contentUrl":"https:\/\/www.pressenza.com\/wp-content\/uploads\/2024\/10\/Firenze-26Ottobre-CesareDagliana06.jpg","width":850,"height":567},{"@type":"BreadcrumbList","@id":"https:\/\/www.pressenza.com\/it\/2024\/10\/firenze-strade-troppo-strette-per-grandi-idee-di-pace-realismo-o-utopia\/#breadcrumb","itemListElement":[{"@type":"ListItem","position":1,"name":"Accueil","item":"https:\/\/www.pressenza.com\/it\/"},{"@type":"ListItem","position":2,"name":"Firenze, strade troppo strette per grandi idee di pace: realismo o utopia?"}]},{"@type":"WebSite","@id":"https:\/\/www.pressenza.com\/it\/#website","url":"https:\/\/www.pressenza.com\/it\/","name":"Pressenza","description":"Agenzia di Stampa Internazionale","publisher":{"@id":"https:\/\/www.pressenza.com\/it\/#organization"},"potentialAction":[{"@type":"SearchAction","target":{"@type":"EntryPoint","urlTemplate":"https:\/\/www.pressenza.com\/it\/?s={search_term_string}"},"query-input":{"@type":"PropertyValueSpecification","valueRequired":true,"valueName":"search_term_string"}}],"inLanguage":"it-IT"},{"@type":"Organization","@id":"https:\/\/www.pressenza.com\/it\/#organization","name":"Pressenza","url":"https:\/\/www.pressenza.com\/it\/","logo":{"@type":"ImageObject","inLanguage":"it-IT","@id":"https:\/\/www.pressenza.com\/it\/#\/schema\/logo\/image\/","url":"https:\/\/www.pressenza.com\/wp-content\/uploads\/2022\/10\/pressenza_logo_200x200.jpg","contentUrl":"https:\/\/www.pressenza.com\/wp-content\/uploads\/2022\/10\/pressenza_logo_200x200.jpg","width":200,"height":200,"caption":"Pressenza"},"image":{"@id":"https:\/\/www.pressenza.com\/it\/#\/schema\/logo\/image\/"},"sameAs":["https:\/\/www.facebook.com\/PressenzaItalia","https:\/\/x.com\/PressenzaIPA"]},{"@type":"Person","@id":"https:\/\/www.pressenza.com\/it\/#\/schema\/person\/4e3dce4e18e03345dd2deb3148d621d1","name":"Redazione Toscana","description":"News from the Pressenza Bureau in Tuscany, Italy","url":"https:\/\/www.pressenza.com\/it\/author\/redazione-toscana\/"}]}},"place":"Firenze, Emanuela Bavazzano","original_article_url":"","_links":{"self":[{"href":"https:\/\/www.pressenza.com\/it\/wp-json\/wp\/v2\/posts\/2557834","targetHints":{"allow":["GET"]}}],"collection":[{"href":"https:\/\/www.pressenza.com\/it\/wp-json\/wp\/v2\/posts"}],"about":[{"href":"https:\/\/www.pressenza.com\/it\/wp-json\/wp\/v2\/types\/post"}],"author":[{"embeddable":true,"href":"https:\/\/www.pressenza.com\/it\/wp-json\/wp\/v2\/users\/1712"}],"replies":[{"embeddable":true,"href":"https:\/\/www.pressenza.com\/it\/wp-json\/wp\/v2\/comments?post=2557834"}],"version-history":[{"count":0,"href":"https:\/\/www.pressenza.com\/it\/wp-json\/wp\/v2\/posts\/2557834\/revisions"}],"wp:featuredmedia":[{"embeddable":true,"href":"https:\/\/www.pressenza.com\/it\/wp-json\/wp\/v2\/media\/2557840"}],"wp:attachment":[{"href":"https:\/\/www.pressenza.com\/it\/wp-json\/wp\/v2\/media?parent=2557834"}],"wp:term":[{"taxonomy":"category","embeddable":true,"href":"https:\/\/www.pressenza.com\/it\/wp-json\/wp\/v2\/categories?post=2557834"},{"taxonomy":"post_tag","embeddable":true,"href":"https:\/\/www.pressenza.com\/it\/wp-json\/wp\/v2\/tags?post=2557834"}],"curies":[{"name":"wp","href":"https:\/\/api.w.org\/{rel}","templated":true}]}}