{"id":2557381,"date":"2024-10-25T14:12:20","date_gmt":"2024-10-25T13:12:20","guid":{"rendered":"https:\/\/www.pressenza.com\/?p=2557381"},"modified":"2024-10-25T17:57:50","modified_gmt":"2024-10-25T16:57:50","slug":"brescia-associazione-damicizia-italia-palestina-molto-grave-lattacco-al-consigliere-comunale-iyas-ashkar","status":"publish","type":"post","link":"https:\/\/www.pressenza.com\/it\/2024\/10\/brescia-associazione-damicizia-italia-palestina-molto-grave-lattacco-al-consigliere-comunale-iyas-ashkar\/","title":{"rendered":"Brescia, Associazione d\u2019Amicizia Italia-Palestina: \u201cMolto grave l\u2019attacco al consigliere comunale Iyas Ashkar\u201d"},"content":{"rendered":"<p><i><span style=\"font-weight: 400;\">A gennaio di quest\u2019anno, il Consiglio Comunale di Brescia- sotto la spinta incalzante del Blocco reazionario di opposizione in Loggia- approv\u00f2 a maggioranza la cosiddetta \u201cMozione IHRA\u201d. Alla base di questo documento sta la dichiarazione della cosiddetta<\/span><\/i><b><i>\u00a0\u201c<\/i><\/b><i><span style=\"font-weight: 400;\">International Holocaust Remembrance Alliance\u201d\u00a0(IHRA)<\/span><\/i><b><i>.\u00a0<\/i><\/b><i><span style=\"font-weight: 400;\">Si tratta<\/span><\/i><b><i>\u00a0<\/i><\/b><i><span style=\"font-weight: 400;\">di\u00a0un ente intergovernativo a trazione israelo-statunitense (34 gli Stati aderenti, tutti europei o americani), con sede a Berlino, che nei fatti equipara le critiche allo Stato di Israele e l\u2019antisionismo alle accuse di antisemitismo. Un falso storico e una chiara posizione politica. Brescia entrava cos\u00ec nella ristrettissima cerchia dei Comuni italiani che adottano un documento che limita palesemente la libert\u00e0 di parole, d\u2019espressione e di pensiero. <\/span><\/i><\/p>\n<p><i><span style=\"font-weight: 400;\">In questi ultimi giorni \u00e8 circolato infatti un comunicato dell\u2019 \u201cAssociazione \u00a0Italia-Israele\u201d di Brescia che ritiene \u201cestremamente grave che il Consigliere comunale Iyas Ashkar abbia pubblicato sulla sua pagina Facebook un vergognoso e manifestamente antisemita manifesto di Assopace Palestina Bologna\u201d &#8211; proseguendo con una di quelle ricostruzioni tipiche della propaganda ufficiale del governo di Netanyahu e soci (Ben-Gvir, Smotrich e altri loschi figuri)fatta di falsit\u00e0 e ipocrisia. Iyas Ashkar, cittadino italo-palestinese, \u00e8 stato eletto alle ultime elezioni amministrative per la \u201cLista Civica Laura Castelletti Sindaco\u201d, componente del gruppo di maggioranza. <\/span><\/i><\/p>\n<p><i><span style=\"font-weight: 400;\">L\u2019 \u201cAssociazione Italia-Israele\u201d di Brescia ha invitato il Consiglio Comunale di Brescia a chiedere le dimissioni del Consigliere Iyas Ashkar, anche \u201cin ottemperanza agli impegni assunti con l\u2019adozione della delibera della definizione di antisemitismo dell\u2019IHRA\u201d. \u00a0I toni del testo dell\u2019\u201cAssociazione Italia-Israele\u201d sono infatti quelli tipici, aggressivi e minacciosi, dell\u2019estrema destra sionista attualmente al governo nello Stato Ebraico. La Sindaca Castelletti al posto di difendere la posizione democratica di un suo consigliere, si \u00e8 scusata con chi nega l\u2019attuale genocidio a Gaza e ha chiamato all\u2019ordine il suo consigliere, reo di paragonare il genocidio contro il popolo palestinese a quello che agirono i nazisti contro gli ebrei (come per altro fece il fisico Hayo Meyer, ebreo sopravvissuto alla Shoah e fortemente antisionista). Castelletti ignora che i Palestinesi quando denunciano le stragi non fanno politica, ma parlano della loro vita e della \u201cnormalizzazione dell\u2019occupazione belligerante\u201d che intere generazioni palestinesi stanno subendo. Di seguito proponiamo il recente comunicato stampa dell\u2019Associazione di Amicizia Italia-Palestina di Brescia sull\u2019accaduto:<\/span><\/i><\/p>\n<p><span style=\"font-weight: 400;\">L\u2019Associazione di Amicizia Italia-Palestina di Brescia ritiene molto grave l\u2019attacco al consigliere comunale Iyas Ashkar che lede la sua liber\u00e0 di espressione in base alle linee guida dell\u2019IHRA. Molti studiosi, anche ebraici, le avevano rifiutate proprio perch\u00e9 la loro applicazione poteva limitare la legittima critica a Israele a danno dei palestinesi e di chi li sostiene.<\/span><\/p>\n<p><span style=\"font-weight: 400;\">Chiariamo alcuni punti:<\/span><\/p>\n<ul>\n<li aria-level=\"1\"><b>Israele \u00e8 una democrazia? Israele \u00e8 uno stato laico?<\/b><\/li>\n<\/ul>\n<p><span style=\"font-weight: 400;\">Dal 1948 fino al 1966 i cittadini arabi di Israele sono stati sottoposti ad un regime di occupazione militare creato per controllare, terrorizzare ed interferire in ogni aspetto della loro vita.\u00a0<\/span><\/p>\n<p><span style=\"font-weight: 400;\">La politica ufficiale del governo di Israele era ben chiara. Gli arabi, come gli ebrei durante il nazismo in Germania e i neri durante l\u2019apartheid in Sud Africa, erano cittadini di seconda classe.<\/span><\/p>\n<p><span style=\"font-weight: 400;\">Dal 1967 ad oggi con la conquista del resto della Palestina, Israele utilizz\u00f2 questi stessi metodi nelle nuove terre occupate. <\/span><span style=\"font-weight: 400;\">Nel luglio 2018, Israele promulg\u00f2 una nuova legge definendosi <\/span><i><span style=\"font-weight: 400;\">\u201cStato nazione del popolo ebraico e il diritto di esercitare l\u2019autodeterminazione \u00e8 riservato esclusivamente al popolo ebraico\u201d<\/span><\/i><span style=\"font-weight: 400;\">.<\/span> <span style=\"font-weight: 400;\">Praticamente Israele si autodefinisce uno Stato etnico, religioso e razziale, considerando che pi\u00f9 del 21% della sua popolazione \u00e8 palestinese di varie confessioni che diventano cittadini di serie Z, l\u2019articolo 7 stabilisce che <\/span><i><span style=\"font-weight: 400;\">\u201clo sviluppo di insediamenti ebraici \u00e8 un valore nazionale e Israele lo incoraggia e promuove\u201d<\/span><\/i><span style=\"font-weight: 400;\">.<\/span><\/p>\n<p><span style=\"font-weight: 400;\">\u00a0Come aveva affermato Netanyahu nel dicembre del 2022: \u201c<\/span><i><span style=\"font-weight: 400;\">Il popolo ebraico ha un diritto esclusivo e indiscutibile su tutte le aree della Terra di Israele<\/span><\/i><span style=\"font-weight: 400;\">\u201d \u00a0<\/span><\/p>\n<ul>\n<li aria-level=\"1\"><b>Quando e come \u00e8 nato Israele<\/b><\/li>\n<\/ul>\n<p><span style=\"font-weight: 400;\">Nel 1922 Israele non esisteva. la Societ\u00e0 delle Nazioni aveva assegnato alla Gran Bretagna il territorio della Palestina che gi\u00e0 occupava dal 1918. <\/span><span style=\"font-weight: 400;\">La Dichiarazione di Balfour del 1917 \u00e8 il documento sul quale si basa la cosiddetta legittimit\u00e0 dello Stato di Israele. Dobbiamo tenere presente che questo documento viene scritto quando la guerra \u00e8 in corso, la Gran Bretagna non ha alcuna giurisdizione sulla Palestina e offre a un terzo le sorti di un altro popolo.<\/span> <span style=\"font-weight: 400;\">Israele nasce il 15 maggio del 1948 quando si autoproclama Stato dopo la partenza dei soldati inglesi. Le Nazioni Unite avevano emesso la risoluzione 181 nella quale auspicavano la creazione di due stati, uno ebraico e uno palestinese ma Ben Gurion, per mettere il mondo davanti al fatto compiuto, proclama lo Stato dopo che da pi\u00f9 di un anno era iniziata la Nakba, l\u2019espulsione di circa 800.000 palestinesi e la distruzione di pi\u00f9 di 500 villaggi.<\/span><\/p>\n<ul>\n<li aria-level=\"1\"><b>Israele sta compiendo un genocidio?<\/b><\/li>\n<\/ul>\n<p><span style=\"font-weight: 400;\">Noi crediamo nel Diritto Internazionale nonostante nessuna delle numerose risoluzioni dell\u2019ONU sia stata mai applicata. E\u2019 quindi sufficiente leggere gli articoli 1 e 2 della convenzione di Ginevra del 1948, le raccomandazioni del<\/span><span style=\"font-weight: 400;\">la Corte Internazionale di Giustizia e le richieste del Procuratore Capo della Corte Penale Internazionale.\u00a0<\/span><\/p>\n<ul>\n<li aria-level=\"1\"><b>A quale altro Stato \u00e8 permesso di violare tutte le leggi internazionali?<\/b><\/li>\n<\/ul>\n<p><span style=\"font-weight: 400;\">Come ha dichiarato l\u2019attivista israeliano, discendente da una famiglia sopravvissuta all\u2019Olocausto, recentemente venuto a Brescia: <\/span><i><span style=\"font-weight: 400;\">\u201cIsraele \u00e8 uno Paese suprematista. Uno Stato che ghettizza una parte della popolazione non pu\u00f2 essere democratico. Israele non percorrer\u00e0 mai la via dell\u2019autoguarigione. Deve intervenire la Comunit\u00e0 Internazionale.\u201d<\/span><\/i> <span style=\"font-weight: 400;\">Come diceva Edward Said: \u201cla tragedia del popolo palestinese \u00e8 essere vittima delle vittime.\u201d<\/span><\/p>\n<p><i><span style=\"font-weight: 400;\">Come Redazione Sebino Franciacorta, esprimiamo la nostra solidariet\u00e0 al consigliere Iyas Ashkar per l\u2019assurda criminalizzazione cui si trova sottoposto. La nostra solidariet\u00e0 va inoltre ai consiglieri Valentina Gastaldi (\u201cLista Brescia Attiva\u201d), Raissa Labaran (componente della \u201cLista Civica Laura Castelletti Sindaco\u201d) e Francesco Catalano (Lista \u201cAl lavoro con Brescia\u201d) finiti pure essi nel delirante vortice anti-democratico scatenato dai rappresentanti della sedicente \u201cunica democrazia del Medio Oriente\u201d e dalla destra conservatrice, neofascista e postfascista in Loggia.<\/span><\/i><\/p>\n<p><a href=\"https:\/\/www.labresciadelpopolo.it\/a-brescia-adesso-chi-puo-fare-il-consigliere-comunale-lo-decide-lassociazione-italia-israele\/\"><span style=\"font-weight: 400;\">https:\/\/www.labresciadelpopolo.it\/a-brescia-adesso-chi-puo-fare-il-consigliere-comunale-lo-decide-lassociazione-italia-israele\/<\/span><\/a><span style=\"font-weight: 400;\">\u00a0<\/span><\/p>\n<p><a href=\"https:\/\/www.labresciadelpopolo.it\/laura-castelletti-aggiunge-vergogna-a-vergogna\/\"><span style=\"font-weight: 400;\">https:\/\/www.labresciadelpopolo.it\/laura-castelletti-aggiunge-vergogna-a-vergogna\/<\/span><\/a><span style=\"font-weight: 400;\">\u00a0<\/span><\/p>\n<p><a href=\"https:\/\/bresciaanticapitalista.com\/2024\/10\/25\/comunicato-dellassociazione-di-amicizia-italia-palestina-di-brescia-sullattacco-al-consigliere-comunale-iyas-ashkar\/\"><span style=\"font-weight: 400;\">https:\/\/bresciaanticapitalista.com\/2024\/10\/25\/comunicato-dellassociazione-di-amicizia-italia-palestina-di-brescia-sullattacco-al-consigliere-comunale-iyas-ashkar\/<\/span><\/a><span style=\"font-weight: 400;\">\u00a0<\/span><\/p>\n<p>&nbsp;<\/p>\n<p>&nbsp;<\/p>\n","protected":false},"excerpt":{"rendered":"<p>A gennaio di quest\u2019anno, il Consiglio Comunale di Brescia- sotto la spinta incalzante del Blocco reazionario di opposizione in Loggia- approv\u00f2 a maggioranza la cosiddetta \u201cMozione IHRA\u201d. Alla base di questo documento sta la dichiarazione della cosiddetta\u00a0\u201cInternational Holocaust Remembrance Alliance\u201d\u00a0(IHRA).\u00a0Si&hellip;<\/p>\n","protected":false},"author":1969,"featured_media":2557382,"comment_status":"closed","ping_status":"closed","sticky":false,"template":"","format":"standard","meta":{"footnotes":""},"categories":[150,60,55],"tags":[5102,128372,6022,99007,128371],"class_list":["post-2557381","post","type-post","status-publish","format-standard","has-post-thumbnail","hentry","category-comunicati-stampa","category-diritti-umani","category-politica","tag-antisemitismo","tag-associazione-di-amicizia-italia-palestina","tag-brescia","tag-ihra","tag-iyas-ashkar"],"yoast_head":"<!-- This site is optimized with the Yoast SEO plugin v27.1.1 - https:\/\/yoast.com\/product\/yoast-seo-wordpress\/ -->\n<title>Brescia, Associazione d\u2019Amicizia Italia-Palestina: \u201cMolto grave l\u2019attacco al consigliere comunale Iyas Ashkar\u201d<\/title>\n<meta name=\"description\" content=\"A gennaio di quest\u2019anno, il Consiglio Comunale di Brescia- sotto la spinta incalzante del Blocco reazionario di opposizione in Loggia- approv\u00f2 a\" \/>\n<meta name=\"robots\" content=\"index, follow, max-snippet:-1, max-image-preview:large, max-video-preview:-1\" \/>\n<link rel=\"canonical\" href=\"https:\/\/www.pressenza.com\/it\/2024\/10\/brescia-associazione-damicizia-italia-palestina-molto-grave-lattacco-al-consigliere-comunale-iyas-ashkar\/\" \/>\n<meta property=\"og:locale\" content=\"it_IT\" \/>\n<meta property=\"og:type\" content=\"article\" \/>\n<meta property=\"og:title\" content=\"Brescia, Associazione d\u2019Amicizia Italia-Palestina: \u201cMolto grave l\u2019attacco al consigliere comunale Iyas Ashkar\u201d\" \/>\n<meta property=\"og:description\" content=\"A gennaio di quest\u2019anno, il Consiglio Comunale di Brescia- sotto la spinta incalzante del Blocco reazionario di opposizione in Loggia- approv\u00f2 a\" \/>\n<meta property=\"og:url\" content=\"https:\/\/www.pressenza.com\/it\/2024\/10\/brescia-associazione-damicizia-italia-palestina-molto-grave-lattacco-al-consigliere-comunale-iyas-ashkar\/\" \/>\n<meta property=\"og:site_name\" content=\"Pressenza\" \/>\n<meta property=\"article:publisher\" content=\"https:\/\/www.facebook.com\/PressenzaItalia\" \/>\n<meta property=\"article:published_time\" content=\"2024-10-25T13:12:20+00:00\" \/>\n<meta property=\"article:modified_time\" content=\"2024-10-25T16:57:50+00:00\" \/>\n<meta property=\"og:image\" content=\"https:\/\/www.pressenza.com\/wp-content\/uploads\/2024\/10\/Iyash-Ashkar-foto.jpg\" \/>\n\t<meta property=\"og:image:width\" content=\"660\" \/>\n\t<meta property=\"og:image:height\" content=\"368\" \/>\n\t<meta property=\"og:image:type\" content=\"image\/jpeg\" \/>\n<meta name=\"author\" content=\"Redazione Sebino Franciacorta\" \/>\n<meta name=\"twitter:card\" content=\"summary_large_image\" \/>\n<meta name=\"twitter:creator\" content=\"@PressenzaIPA\" \/>\n<meta name=\"twitter:site\" content=\"@PressenzaIPA\" \/>\n<meta name=\"twitter:label1\" content=\"Scritto da\" \/>\n\t<meta name=\"twitter:data1\" content=\"Redazione Sebino Franciacorta\" \/>\n\t<meta name=\"twitter:label2\" content=\"Tempo di lettura stimato\" \/>\n\t<meta name=\"twitter:data2\" content=\"6 minuti\" \/>\n<script type=\"application\/ld+json\" class=\"yoast-schema-graph\">{\"@context\":\"https:\/\/schema.org\",\"@graph\":[{\"@type\":\"Article\",\"@id\":\"https:\/\/www.pressenza.com\/it\/2024\/10\/brescia-associazione-damicizia-italia-palestina-molto-grave-lattacco-al-consigliere-comunale-iyas-ashkar\/#article\",\"isPartOf\":{\"@id\":\"https:\/\/www.pressenza.com\/it\/2024\/10\/brescia-associazione-damicizia-italia-palestina-molto-grave-lattacco-al-consigliere-comunale-iyas-ashkar\/\"},\"author\":{\"name\":\"Redazione Sebino Franciacorta\",\"@id\":\"https:\/\/www.pressenza.com\/it\/#\/schema\/person\/9ec653259bb79d6ea2255fd80043dc9c\"},\"headline\":\"Brescia, Associazione d\u2019Amicizia Italia-Palestina: \u201cMolto grave l\u2019attacco al consigliere comunale Iyas Ashkar\u201d\",\"datePublished\":\"2024-10-25T13:12:20+00:00\",\"dateModified\":\"2024-10-25T16:57:50+00:00\",\"mainEntityOfPage\":{\"@id\":\"https:\/\/www.pressenza.com\/it\/2024\/10\/brescia-associazione-damicizia-italia-palestina-molto-grave-lattacco-al-consigliere-comunale-iyas-ashkar\/\"},\"wordCount\":993,\"publisher\":{\"@id\":\"https:\/\/www.pressenza.com\/it\/#organization\"},\"image\":{\"@id\":\"https:\/\/www.pressenza.com\/it\/2024\/10\/brescia-associazione-damicizia-italia-palestina-molto-grave-lattacco-al-consigliere-comunale-iyas-ashkar\/#primaryimage\"},\"thumbnailUrl\":\"https:\/\/www.pressenza.com\/wp-content\/uploads\/2024\/10\/Iyash-Ashkar-foto.jpg\",\"keywords\":[\"antisemitismo\",\"Associazione di Amicizia Italia-Palestina\",\"Brescia\",\"IHRA\",\"Iyas Ashkar\"],\"articleSection\":[\"Comunicati Stampa\",\"Diritti Umani\",\"Politica\"],\"inLanguage\":\"it-IT\"},{\"@type\":\"WebPage\",\"@id\":\"https:\/\/www.pressenza.com\/it\/2024\/10\/brescia-associazione-damicizia-italia-palestina-molto-grave-lattacco-al-consigliere-comunale-iyas-ashkar\/\",\"url\":\"https:\/\/www.pressenza.com\/it\/2024\/10\/brescia-associazione-damicizia-italia-palestina-molto-grave-lattacco-al-consigliere-comunale-iyas-ashkar\/\",\"name\":\"Brescia, Associazione d\u2019Amicizia Italia-Palestina: \u201cMolto grave l\u2019attacco al consigliere comunale Iyas Ashkar\u201d\",\"isPartOf\":{\"@id\":\"https:\/\/www.pressenza.com\/it\/#website\"},\"primaryImageOfPage\":{\"@id\":\"https:\/\/www.pressenza.com\/it\/2024\/10\/brescia-associazione-damicizia-italia-palestina-molto-grave-lattacco-al-consigliere-comunale-iyas-ashkar\/#primaryimage\"},\"image\":{\"@id\":\"https:\/\/www.pressenza.com\/it\/2024\/10\/brescia-associazione-damicizia-italia-palestina-molto-grave-lattacco-al-consigliere-comunale-iyas-ashkar\/#primaryimage\"},\"thumbnailUrl\":\"https:\/\/www.pressenza.com\/wp-content\/uploads\/2024\/10\/Iyash-Ashkar-foto.jpg\",\"datePublished\":\"2024-10-25T13:12:20+00:00\",\"dateModified\":\"2024-10-25T16:57:50+00:00\",\"description\":\"A gennaio di quest\u2019anno, il Consiglio Comunale di Brescia- sotto la spinta incalzante del Blocco reazionario di opposizione in Loggia- approv\u00f2 a\",\"breadcrumb\":{\"@id\":\"https:\/\/www.pressenza.com\/it\/2024\/10\/brescia-associazione-damicizia-italia-palestina-molto-grave-lattacco-al-consigliere-comunale-iyas-ashkar\/#breadcrumb\"},\"inLanguage\":\"it-IT\",\"potentialAction\":[{\"@type\":\"ReadAction\",\"target\":[\"https:\/\/www.pressenza.com\/it\/2024\/10\/brescia-associazione-damicizia-italia-palestina-molto-grave-lattacco-al-consigliere-comunale-iyas-ashkar\/\"]}]},{\"@type\":\"ImageObject\",\"inLanguage\":\"it-IT\",\"@id\":\"https:\/\/www.pressenza.com\/it\/2024\/10\/brescia-associazione-damicizia-italia-palestina-molto-grave-lattacco-al-consigliere-comunale-iyas-ashkar\/#primaryimage\",\"url\":\"https:\/\/www.pressenza.com\/wp-content\/uploads\/2024\/10\/Iyash-Ashkar-foto.jpg\",\"contentUrl\":\"https:\/\/www.pressenza.com\/wp-content\/uploads\/2024\/10\/Iyash-Ashkar-foto.jpg\",\"width\":660,\"height\":368},{\"@type\":\"BreadcrumbList\",\"@id\":\"https:\/\/www.pressenza.com\/it\/2024\/10\/brescia-associazione-damicizia-italia-palestina-molto-grave-lattacco-al-consigliere-comunale-iyas-ashkar\/#breadcrumb\",\"itemListElement\":[{\"@type\":\"ListItem\",\"position\":1,\"name\":\"Accueil\",\"item\":\"https:\/\/www.pressenza.com\/it\/\"},{\"@type\":\"ListItem\",\"position\":2,\"name\":\"Brescia, Associazione d\u2019Amicizia Italia-Palestina: \u201cMolto grave l\u2019attacco al consigliere comunale Iyas Ashkar\u201d\"}]},{\"@type\":\"WebSite\",\"@id\":\"https:\/\/www.pressenza.com\/it\/#website\",\"url\":\"https:\/\/www.pressenza.com\/it\/\",\"name\":\"Pressenza\",\"description\":\"Agenzia di Stampa Internazionale\",\"publisher\":{\"@id\":\"https:\/\/www.pressenza.com\/it\/#organization\"},\"potentialAction\":[{\"@type\":\"SearchAction\",\"target\":{\"@type\":\"EntryPoint\",\"urlTemplate\":\"https:\/\/www.pressenza.com\/it\/?s={search_term_string}\"},\"query-input\":{\"@type\":\"PropertyValueSpecification\",\"valueRequired\":true,\"valueName\":\"search_term_string\"}}],\"inLanguage\":\"it-IT\"},{\"@type\":\"Organization\",\"@id\":\"https:\/\/www.pressenza.com\/it\/#organization\",\"name\":\"Pressenza\",\"url\":\"https:\/\/www.pressenza.com\/it\/\",\"logo\":{\"@type\":\"ImageObject\",\"inLanguage\":\"it-IT\",\"@id\":\"https:\/\/www.pressenza.com\/it\/#\/schema\/logo\/image\/\",\"url\":\"https:\/\/www.pressenza.com\/wp-content\/uploads\/2022\/10\/pressenza_logo_200x200.jpg\",\"contentUrl\":\"https:\/\/www.pressenza.com\/wp-content\/uploads\/2022\/10\/pressenza_logo_200x200.jpg\",\"width\":200,\"height\":200,\"caption\":\"Pressenza\"},\"image\":{\"@id\":\"https:\/\/www.pressenza.com\/it\/#\/schema\/logo\/image\/\"},\"sameAs\":[\"https:\/\/www.facebook.com\/PressenzaItalia\",\"https:\/\/x.com\/PressenzaIPA\"]},{\"@type\":\"Person\",\"@id\":\"https:\/\/www.pressenza.com\/it\/#\/schema\/person\/9ec653259bb79d6ea2255fd80043dc9c\",\"name\":\"Redazione Sebino Franciacorta\",\"url\":\"https:\/\/www.pressenza.com\/it\/author\/redazione-sebino-franciacorta\/\"}]}<\/script>\n<!-- \/ Yoast SEO plugin. -->","yoast_head_json":{"title":"Brescia, Associazione d\u2019Amicizia Italia-Palestina: \u201cMolto grave l\u2019attacco al consigliere comunale Iyas Ashkar\u201d","description":"A gennaio di quest\u2019anno, il Consiglio Comunale di Brescia- sotto la spinta incalzante del Blocco reazionario di opposizione in Loggia- approv\u00f2 a","robots":{"index":"index","follow":"follow","max-snippet":"max-snippet:-1","max-image-preview":"max-image-preview:large","max-video-preview":"max-video-preview:-1"},"canonical":"https:\/\/www.pressenza.com\/it\/2024\/10\/brescia-associazione-damicizia-italia-palestina-molto-grave-lattacco-al-consigliere-comunale-iyas-ashkar\/","og_locale":"it_IT","og_type":"article","og_title":"Brescia, Associazione d\u2019Amicizia Italia-Palestina: \u201cMolto grave l\u2019attacco al consigliere comunale Iyas Ashkar\u201d","og_description":"A gennaio di quest\u2019anno, il Consiglio Comunale di Brescia- sotto la spinta incalzante del Blocco reazionario di opposizione in Loggia- approv\u00f2 a","og_url":"https:\/\/www.pressenza.com\/it\/2024\/10\/brescia-associazione-damicizia-italia-palestina-molto-grave-lattacco-al-consigliere-comunale-iyas-ashkar\/","og_site_name":"Pressenza","article_publisher":"https:\/\/www.facebook.com\/PressenzaItalia","article_published_time":"2024-10-25T13:12:20+00:00","article_modified_time":"2024-10-25T16:57:50+00:00","og_image":[{"width":660,"height":368,"url":"https:\/\/www.pressenza.com\/wp-content\/uploads\/2024\/10\/Iyash-Ashkar-foto.jpg","type":"image\/jpeg"}],"author":"Redazione Sebino Franciacorta","twitter_card":"summary_large_image","twitter_creator":"@PressenzaIPA","twitter_site":"@PressenzaIPA","twitter_misc":{"Scritto da":"Redazione Sebino Franciacorta","Tempo di lettura stimato":"6 minuti"},"schema":{"@context":"https:\/\/schema.org","@graph":[{"@type":"Article","@id":"https:\/\/www.pressenza.com\/it\/2024\/10\/brescia-associazione-damicizia-italia-palestina-molto-grave-lattacco-al-consigliere-comunale-iyas-ashkar\/#article","isPartOf":{"@id":"https:\/\/www.pressenza.com\/it\/2024\/10\/brescia-associazione-damicizia-italia-palestina-molto-grave-lattacco-al-consigliere-comunale-iyas-ashkar\/"},"author":{"name":"Redazione Sebino Franciacorta","@id":"https:\/\/www.pressenza.com\/it\/#\/schema\/person\/9ec653259bb79d6ea2255fd80043dc9c"},"headline":"Brescia, Associazione d\u2019Amicizia Italia-Palestina: \u201cMolto grave l\u2019attacco al consigliere comunale Iyas Ashkar\u201d","datePublished":"2024-10-25T13:12:20+00:00","dateModified":"2024-10-25T16:57:50+00:00","mainEntityOfPage":{"@id":"https:\/\/www.pressenza.com\/it\/2024\/10\/brescia-associazione-damicizia-italia-palestina-molto-grave-lattacco-al-consigliere-comunale-iyas-ashkar\/"},"wordCount":993,"publisher":{"@id":"https:\/\/www.pressenza.com\/it\/#organization"},"image":{"@id":"https:\/\/www.pressenza.com\/it\/2024\/10\/brescia-associazione-damicizia-italia-palestina-molto-grave-lattacco-al-consigliere-comunale-iyas-ashkar\/#primaryimage"},"thumbnailUrl":"https:\/\/www.pressenza.com\/wp-content\/uploads\/2024\/10\/Iyash-Ashkar-foto.jpg","keywords":["antisemitismo","Associazione di Amicizia Italia-Palestina","Brescia","IHRA","Iyas Ashkar"],"articleSection":["Comunicati Stampa","Diritti Umani","Politica"],"inLanguage":"it-IT"},{"@type":"WebPage","@id":"https:\/\/www.pressenza.com\/it\/2024\/10\/brescia-associazione-damicizia-italia-palestina-molto-grave-lattacco-al-consigliere-comunale-iyas-ashkar\/","url":"https:\/\/www.pressenza.com\/it\/2024\/10\/brescia-associazione-damicizia-italia-palestina-molto-grave-lattacco-al-consigliere-comunale-iyas-ashkar\/","name":"Brescia, Associazione d\u2019Amicizia Italia-Palestina: \u201cMolto grave l\u2019attacco al consigliere comunale Iyas Ashkar\u201d","isPartOf":{"@id":"https:\/\/www.pressenza.com\/it\/#website"},"primaryImageOfPage":{"@id":"https:\/\/www.pressenza.com\/it\/2024\/10\/brescia-associazione-damicizia-italia-palestina-molto-grave-lattacco-al-consigliere-comunale-iyas-ashkar\/#primaryimage"},"image":{"@id":"https:\/\/www.pressenza.com\/it\/2024\/10\/brescia-associazione-damicizia-italia-palestina-molto-grave-lattacco-al-consigliere-comunale-iyas-ashkar\/#primaryimage"},"thumbnailUrl":"https:\/\/www.pressenza.com\/wp-content\/uploads\/2024\/10\/Iyash-Ashkar-foto.jpg","datePublished":"2024-10-25T13:12:20+00:00","dateModified":"2024-10-25T16:57:50+00:00","description":"A gennaio di quest\u2019anno, il Consiglio Comunale di Brescia- sotto la spinta incalzante del Blocco reazionario di opposizione in Loggia- approv\u00f2 a","breadcrumb":{"@id":"https:\/\/www.pressenza.com\/it\/2024\/10\/brescia-associazione-damicizia-italia-palestina-molto-grave-lattacco-al-consigliere-comunale-iyas-ashkar\/#breadcrumb"},"inLanguage":"it-IT","potentialAction":[{"@type":"ReadAction","target":["https:\/\/www.pressenza.com\/it\/2024\/10\/brescia-associazione-damicizia-italia-palestina-molto-grave-lattacco-al-consigliere-comunale-iyas-ashkar\/"]}]},{"@type":"ImageObject","inLanguage":"it-IT","@id":"https:\/\/www.pressenza.com\/it\/2024\/10\/brescia-associazione-damicizia-italia-palestina-molto-grave-lattacco-al-consigliere-comunale-iyas-ashkar\/#primaryimage","url":"https:\/\/www.pressenza.com\/wp-content\/uploads\/2024\/10\/Iyash-Ashkar-foto.jpg","contentUrl":"https:\/\/www.pressenza.com\/wp-content\/uploads\/2024\/10\/Iyash-Ashkar-foto.jpg","width":660,"height":368},{"@type":"BreadcrumbList","@id":"https:\/\/www.pressenza.com\/it\/2024\/10\/brescia-associazione-damicizia-italia-palestina-molto-grave-lattacco-al-consigliere-comunale-iyas-ashkar\/#breadcrumb","itemListElement":[{"@type":"ListItem","position":1,"name":"Accueil","item":"https:\/\/www.pressenza.com\/it\/"},{"@type":"ListItem","position":2,"name":"Brescia, Associazione d\u2019Amicizia Italia-Palestina: \u201cMolto grave l\u2019attacco al consigliere comunale Iyas Ashkar\u201d"}]},{"@type":"WebSite","@id":"https:\/\/www.pressenza.com\/it\/#website","url":"https:\/\/www.pressenza.com\/it\/","name":"Pressenza","description":"Agenzia di Stampa Internazionale","publisher":{"@id":"https:\/\/www.pressenza.com\/it\/#organization"},"potentialAction":[{"@type":"SearchAction","target":{"@type":"EntryPoint","urlTemplate":"https:\/\/www.pressenza.com\/it\/?s={search_term_string}"},"query-input":{"@type":"PropertyValueSpecification","valueRequired":true,"valueName":"search_term_string"}}],"inLanguage":"it-IT"},{"@type":"Organization","@id":"https:\/\/www.pressenza.com\/it\/#organization","name":"Pressenza","url":"https:\/\/www.pressenza.com\/it\/","logo":{"@type":"ImageObject","inLanguage":"it-IT","@id":"https:\/\/www.pressenza.com\/it\/#\/schema\/logo\/image\/","url":"https:\/\/www.pressenza.com\/wp-content\/uploads\/2022\/10\/pressenza_logo_200x200.jpg","contentUrl":"https:\/\/www.pressenza.com\/wp-content\/uploads\/2022\/10\/pressenza_logo_200x200.jpg","width":200,"height":200,"caption":"Pressenza"},"image":{"@id":"https:\/\/www.pressenza.com\/it\/#\/schema\/logo\/image\/"},"sameAs":["https:\/\/www.facebook.com\/PressenzaItalia","https:\/\/x.com\/PressenzaIPA"]},{"@type":"Person","@id":"https:\/\/www.pressenza.com\/it\/#\/schema\/person\/9ec653259bb79d6ea2255fd80043dc9c","name":"Redazione Sebino Franciacorta","url":"https:\/\/www.pressenza.com\/it\/author\/redazione-sebino-franciacorta\/"}]}},"place":"Brescia","original_article_url":"","_links":{"self":[{"href":"https:\/\/www.pressenza.com\/it\/wp-json\/wp\/v2\/posts\/2557381","targetHints":{"allow":["GET"]}}],"collection":[{"href":"https:\/\/www.pressenza.com\/it\/wp-json\/wp\/v2\/posts"}],"about":[{"href":"https:\/\/www.pressenza.com\/it\/wp-json\/wp\/v2\/types\/post"}],"author":[{"embeddable":true,"href":"https:\/\/www.pressenza.com\/it\/wp-json\/wp\/v2\/users\/1969"}],"replies":[{"embeddable":true,"href":"https:\/\/www.pressenza.com\/it\/wp-json\/wp\/v2\/comments?post=2557381"}],"version-history":[{"count":0,"href":"https:\/\/www.pressenza.com\/it\/wp-json\/wp\/v2\/posts\/2557381\/revisions"}],"wp:featuredmedia":[{"embeddable":true,"href":"https:\/\/www.pressenza.com\/it\/wp-json\/wp\/v2\/media\/2557382"}],"wp:attachment":[{"href":"https:\/\/www.pressenza.com\/it\/wp-json\/wp\/v2\/media?parent=2557381"}],"wp:term":[{"taxonomy":"category","embeddable":true,"href":"https:\/\/www.pressenza.com\/it\/wp-json\/wp\/v2\/categories?post=2557381"},{"taxonomy":"post_tag","embeddable":true,"href":"https:\/\/www.pressenza.com\/it\/wp-json\/wp\/v2\/tags?post=2557381"}],"curies":[{"name":"wp","href":"https:\/\/api.w.org\/{rel}","templated":true}]}}