{"id":2557372,"date":"2024-10-25T13:57:59","date_gmt":"2024-10-25T12:57:59","guid":{"rendered":"https:\/\/www.pressenza.com\/?p=2557372"},"modified":"2024-10-29T21:53:20","modified_gmt":"2024-10-29T21:53:20","slug":"presentato-a-firenze-nel-salone-de-dugento-latlante-delle-guerre","status":"publish","type":"post","link":"https:\/\/www.pressenza.com\/it\/2024\/10\/presentato-a-firenze-nel-salone-de-dugento-latlante-delle-guerre\/","title":{"rendered":"Presentato a Firenze nel Salone de&#8217; Dugento l&#8217;Atlante delle Guerre"},"content":{"rendered":"<p>Gioved\u00ec 24 ottobre 2024, alle 17, il Salone de\u2019 Dugento di Palazzo Vecchio ha ospitato la presentazione della XII edizione del volume \u201cAtlante delle guerre e dei conflitti del mondo\u201d, pubblicato da Terra Nuova Edizioni (https:\/\/www.atlanteguerre.it\/). L\u2019evento organizzato dalla Commissione Pace di Palazzo Vecchio in collaborazione con ARCI e ANPI di Firenze \u00e8 stato presenziato da <b>Stefania Collesei<\/b> presidente della Commissione 7 del comune di Firenze. Dopo i saluti istituzionali sono seguiti gli interventi di <b>Raffaele Crocco<\/b>, direttore dell\u2019atlante, <b>Giovanni Scotto<\/b>, professore di sociologia dei processi culturali e comunicativi dell\u2019Universit\u00e0 di Firenze, <b>Alice Pistolesi<\/b>, giornalista dell\u2019atlante, Albino Amodio del Comitato Nazionale ANPI e <b>Sara Gorelli<\/b> della Associazione Nazionale Vittime Civili di Guerra.<\/p>\n<p>La pubblicazione, concepita come un vero e proprio atlante, analizza e spiega le ragioni di tutti i conflitti armati in corso, si pone come uno strumento fondamentale per l\u2019informazione e la costruzione di una coscienza civile.<\/p>\n<p><b>Stefania Collesei<\/b> ha rimarcato le iniziative del Consiglio comunale e della VII commissione che si pongono sul solco di \u201cFirenze operatrice di pace\u201d, impegnata nel creare opportunit\u00e0 e occasioni, come questa presentazione dell\u2019atlante, per riflettere sulla situazione del mondo, le guerre, la povert\u00e0, l\u2019immigrazione, l\u2019aumento delle spese militari, i cambiamenti climatici.<\/p>\n<p>Le guerre in corso sono 31, 23 le criticit\u00e0 e 12 le missioni ONU censite in questa edizione aggiornata al 2023 ed \u00e8 stato ricordato che il 90% delle vittime delle guerre sono civili e che le guerre tendono ad iniziare e non finire, per durare 23, 40, 80 anni, continuando a mietere danni e vittime anche alla loro fine. L\u2019industria delle armi vive oggi uno dei suoi migliori momenti e ormai milioni di persone fuggono da situazioni di guerra: nel 2000 erano 20 milioni ed oggi 108 milioni (senza contare le carestie e la siccit\u00e0) creando e moltiplicando i flussi migratori di cui una buona parte del mondo oggi non vuol sentir parlare.<\/p>\n<p>I dati contenuti nell\u2019atlante racconta un mondo non in salute e ci permette di acquisire quella conoscenza che deve essere alla base del nostro agire.<\/p>\n<p><b>Raffaele Crocco<\/b>, ideatore e direttore dell\u2019atlante, ha sottolineato l\u2019importanza del ruolo dei comuni e delle associazioni per sviluppare una cittadinanza attiva ed il contrasto alle guerre, in primis non per essere pi\u00f9 buoni ma diventare pi\u00f9 intelligenti <b>\u201cperch\u00e9 la pace conviene\u201d.<\/b> Dagli studi e dalle informazioni riportate si capisce come le \u201cguerre non finiscono\u201d perch\u00e9 le mine disseminate nei territori, le microparticelle che filtrano nel terreno e inquinano le falde acquifere, continueranno a mietere vittime e malattie per secoli. Oggi ci sono ancora molte parti del mondo che non sono vivibili e dove si muore per effetto delle guerre considerate finite.<b> <\/b><\/p>\n<p>Le guerre sono un effetto e non la causa, sono figlie delle tensioni e delle situazioni irrisolte che poi arrivano al conflitto. La comunit\u00e0 \u201cmondiale\u201d, volendo rimarcare un concetto pi\u00f9 ampio rispetto a comunit\u00e0 \u201cinternazionale\u201d, \u00e8 quella che non ha saputo leggere e affrontare quanto gi\u00e0 era emerso ed accaduto in ucraina dal 2014 al 2022 favorendo cos\u00ec lo sviluppo del nuovo conflitto che, certamente con difficolt\u00e0, poteva per\u00f2 essere previsto ed affrontato prima.<b> <\/b><\/p>\n<p>Anche se molte guerre sembrano lontane, la met\u00e0 della popolazione mondiale ne \u00e8 coinvolta, anche perch\u00e9 \u201cle guerre spesso non hanno un luogo\u201d, ma arrivano ormai dappertutto, ci toccano in un modo o nell\u2019altro.<\/p>\n<p>Oggi, ancor pi\u00f9 di ieri, uno dei primi obiettivi \u00e8 quello di terrorizzare le popolazioni e l\u2019avversario, un po\u2019 come fu fatto con il bombardamento di Dresda, di Roma, di Hiroshima e Nagasaki e si cerca di cambiare le parole che la definiscono per cercare di ricostruire una mitologia e \u201cbellezza\u201d della guerra, preferendo usare la parola \u201cconflitto\u201d, \u201cguerra umanitaria\u201d cercando di giustificare e mistificare la necessit\u00e0 stessa della guerra e rispolverando termini come \u201cpatria\u201d, \u201cconfini\u201d, come se questi fossero concetti e naturali, quando nella realt\u00e0 questi sono cambiati continuamente nei tempi e nei secoli: un esempio tipico sono le Alpi, come confine a nord dell\u2019Italia, ma all\u2019inizio del secolo per andare dal Trentino a Innsbruck non si \u201cattraversava il confine\u201d! Se noi decidessimo di \u201cnon stare al gioco della guerra\u201d la guerra non inizierebbe nemmeno. E quindi \u00e8 importante convincerci che ognuno pu\u00f2 avere un ruolo attivo nell\u2019evitare la guerra.<\/p>\n<p>L\u2019atlante non si pone come una pubblicazione \u201cneutrale\u201d ma, a fronte di dati e senza modificare la realt\u00e0, contro la guerra e per i diritti umani, in contrapposizione alle mistificazioni \u201c<b>del partito e dell\u2019industria della guerra<\/b>\u201d.<\/p>\n<p><b>Giovanni Scotto<\/b> si \u00e8 soffermato sul concetto di \u201c<b>poli-crisi<\/b>\u201d in quanto le crisi non sono pi\u00f9 isolate ma si influenzano negativamente fra loro. L\u2019Europa, ad esempio, gi\u00e0 negli anni in cui si presentavano tutti gli elementi di conflitto, \u00e8 stata una dei migliori alleati di Putin con gli affari e le politiche su gas e petrolio, in un periodo in cui per dare supporto a questa politica, si presentava il gas come un fattore positivo anche per il clima (cosa falsa) oltre che economico. Tutto questo ha contribuito a dare alla Russia le risorse per imbarcarsi nella guerra con l\u2019Ucraina. Per arrivare a una soluzione e un cambiamento in Ucraina, Gaza, Israele\u2026 \u00e8 necessario cambiare il punto di vista e dagli interessi economici e di forza, passare a quello degli esseri umani. Siamo figli della cultura dei diritti umani, ma lasciamo morire le persone in mare, torturarle nei lager, far morire 45.000 persone a Gaza, lasciarle senza casa, senza cibo, senza acqua, senza cure, senza scuola, come se ci fossero degli esseri umani che valgono meno degli altri o degli interessi economici: \u00e8 quindi importante acquisire un \u201cpunto di vista dal basso\u201d. Per questo in universit\u00e0, per combattere questo senso di impotenza si lavora sulla \u201cpossibilit\u00e0 della pace\u201d, sulla costruzione attiva di una proposta di pace. Un esercizio, ad esempio, \u00e8 quello di andare per 10-15 min \u201cdall\u2019altra parte\u201d, per prendere consapevolezza e conoscenza delle altre posizioni, esigenze, motivazioni.<b> <\/b><\/p>\n<p><b>Alice Pistolesi<\/b> si \u00e8 soffermata sul concetto di crisi che, se non monitorate e gestite, posso non sfociare in guerre, oppure su quelle situazioni di guerra che seppur finite non possono essere considerate pace in quanto presentano ancora ad esempio la presenza di narcotraffico o bande armate. In Africa ci sono 25 guerre, ma la maggioranza ne conosce solo alcune o non sono conosciute affatto. Nell\u2019atlante a tutte viene data la stessa dignit\u00e0, mentre invece si tende a vedere le guerre come una partita di calcio, con qualcuno che fa il tifo da una parte e chi dall\u2019altra: la realt\u00e0 delle guerre \u00e8 invece molto pi\u00f9 complicata ed \u00e8 spesso difficile anche da raccontare. Nel nostro lavoro ci siamo posti l\u2019obiettivo di raccontarle tutte ed \u00e8 importante prenderne consapevolezza. Ad esempio, la guerra della repubblica democratica del Congo, ci riguarda con tutti gli oggetti elettronici (e non) di cui siamo circondati! Fra le situazioni di crisi in questo momento, oltre alla possibilit\u00e0 di una espansione del conflitto in Medio Oriente, resta quello in Europa dell\u2019Ucraina vs Russia, ma anche la situazione nell\u2019Oceano Pacifico.<\/p>\n<p>E\u2019 utile riflettere sul fatto che, rispetto alla prima edizione dell\u2019atlante, le guerre sono le stesse (a riprova che non finiscono), mentre le missioni ONU sono diminuite, a causa dell\u2019attacco al diritto internazionale ma anche e conseguentemente alla diminuzione dei finanziamenti: in questo modo sta venendo a mancare l\u2019arbitro nei conflitti e nelle querelle.<b> <\/b><\/p>\n<p><b>Albino Amodio<\/b> ha sottolineato che l\u2019Atlante dovrebbe essere uno strumento centrale nelle scuole, per insegnare la storia viva e attuale ed ha portato esempi di guerre che non sono mai finite nella realt\u00e0 o le cui conseguenze hanno continuato anche dopo la teorica interruzione: in Croazia, ad esempio, interi campi di asparagi o ortaggi non sono utilizzabili perch\u00e9 minati o intrisi di sostanze tossiche.<\/p>\n<p>L\u2019ANPI non ha una posizione per il disarmo unilaterale, ricordando l\u2019esempio ed il valore della resistenza in cui \u201cla guerra partigiana\u201d non si proponeva di conquistare un altro paese o combattere un altro popolo, ma come lotta per la libert\u00e0, i diritti e la democrazia con, come obiettivo finale, quello della costituzione.<\/p>\n<p>Come ci possiamo liberare dal mostro della guerra? Modificando o eliminando certe categorie legate a patria ed eroismo che portano alla inevitabilit\u00e0 o alla giustificazione della guerra, secondo concetti riportati in quasi tutti gli inni nazionali per cui \u201cdio \u00e8 con noi\u201d! Se questo strumento dell\u2019atlante ci aiuta a raccontare e conoscere le guerre, sul piano degli accusati in questo momento c\u2019\u00e8 la politica, con l\u2019ampliamento degli investimenti in armamenti e la diminuzione di quelli in sanit\u00e0, scuola e servizi: se vogliamo evitare le guerre \u00e8 necessario lavorare per avare un ruolo attivo acquisendo dentro di noi il concetto che \u201cla storia siamo noi\u201d.<\/p>\n<p><b>Sara Gorelli<\/b> ha sottolineato come le vittime civili nelle guerre sono arrivate ormai al 93%, con lo spostamento delle guerre sempre pi\u00f9 verso le citt\u00e0 e quindi con vittime civili. Se in prima battuta viene da pensare ai morti, non dobbiamo dimenticare che in situazioni come Gaza ci sono 22.500 persone ferite, mutilate senza contare quelle che non possono curarsi, i 700 medici morti, le 220 ambulanze distrutte, gli ospedali che non ci sono pi\u00f9. Anche quando sar\u00e0 \u201cfinita\u201d la guerra chi curer\u00e0 i malati di tumore, diabete?<\/p>\n<p>I dati mostrano che nella guerra 1 persona su 5 sviluppa uno stress post traumatico, nel Donbass il 40%.<\/p>\n<p>E\u2019 importante combattere e denunciare la \u201cnon convenienza\u201d della guerra, ma anche le conseguenze delle vittime civile e sul futuro delle persone e dei territori, anche perch\u00e9 tutto ci torna addosso, compreso il fenomeno della immigrazione: senza dimenticarsi di chi \u00e8 costretto a rimanere l\u00ec perch\u00e9 senza braccia, senza gamba o con altri impedimenti.<\/p>\n<p>\u201c<i>La storia siamo noi<br \/>\nSiamo noi che scriviamo le lettere<br \/>\nSiamo noi che abbiamo tutto da vincere<br \/>\nE tutto da perdere\u201d<\/i><\/p>\n<p style=\"text-align: right;\">\n","protected":false},"excerpt":{"rendered":"<p>Gioved\u00ec 24 ottobre 2024, alle 17, il Salone de\u2019 Dugento di Palazzo Vecchio ha ospitato la presentazione della XII edizione del volume \u201cAtlante delle guerre e dei conflitti del mondo\u201d, pubblicato da Terra Nuova Edizioni (https:\/\/www.atlanteguerre.it\/). L\u2019evento organizzato dalla Commissione&hellip;<\/p>\n","protected":false},"author":2414,"featured_media":2557376,"comment_status":"closed","ping_status":"closed","sticky":false,"template":"","format":"standard","meta":{"footnotes":""},"categories":[11388,107392,1263],"tags":[128368,128366,46281,50448,365,128369,128367],"class_list":["post-2557372","post","type-post","status-publish","format-standard","has-post-thumbnail","hentry","category-contenuti-originali","category-noticia-it","category-pace-disarmo","tag-albino-amodio","tag-alice-pistolesi","tag-atlante-delle-guerre","tag-giovanni-scotto","tag-guerra","tag-sara-gorelli","tag-stefania-collesei"],"yoast_head":"<!-- This site is optimized with the Yoast SEO plugin v27.1.1 - https:\/\/yoast.com\/product\/yoast-seo-wordpress\/ -->\n<title>Presentato a Firenze nel Salone de&#039; Dugento l&#039;Atlante delle Guerre<\/title>\n<meta name=\"description\" content=\"Gioved\u00ec 24 ottobre 2024, alle 17, il Salone de\u2019 Dugento di Palazzo Vecchio ha ospitato la presentazione della XII edizione del volume \u201cAtlante delle\" \/>\n<meta name=\"robots\" content=\"index, follow, max-snippet:-1, max-image-preview:large, max-video-preview:-1\" \/>\n<link rel=\"canonical\" href=\"https:\/\/www.pressenza.com\/it\/2024\/10\/presentato-a-firenze-nel-salone-de-dugento-latlante-delle-guerre\/\" \/>\n<meta property=\"og:locale\" content=\"it_IT\" \/>\n<meta property=\"og:type\" content=\"article\" \/>\n<meta property=\"og:title\" content=\"Presentato a Firenze nel Salone de&#039; Dugento l&#039;Atlante delle Guerre\" \/>\n<meta property=\"og:description\" content=\"Gioved\u00ec 24 ottobre 2024, alle 17, il Salone de\u2019 Dugento di Palazzo Vecchio ha ospitato la presentazione della XII edizione del volume \u201cAtlante delle\" \/>\n<meta property=\"og:url\" content=\"https:\/\/www.pressenza.com\/it\/2024\/10\/presentato-a-firenze-nel-salone-de-dugento-latlante-delle-guerre\/\" \/>\n<meta property=\"og:site_name\" content=\"Pressenza\" \/>\n<meta property=\"article:publisher\" content=\"https:\/\/www.facebook.com\/PressenzaItalia\" \/>\n<meta property=\"article:author\" content=\"https:\/\/www.facebook.com\/paolo.mazzinghi\" \/>\n<meta property=\"article:published_time\" content=\"2024-10-25T12:57:59+00:00\" \/>\n<meta property=\"article:modified_time\" content=\"2024-10-29T21:53:20+00:00\" \/>\n<meta property=\"og:image\" content=\"https:\/\/www.pressenza.com\/wp-content\/uploads\/2024\/10\/raffaele-crocco-atlante-guerre-Firenze.jpg\" \/>\n\t<meta property=\"og:image:width\" content=\"1600\" \/>\n\t<meta property=\"og:image:height\" content=\"1062\" \/>\n\t<meta property=\"og:image:type\" content=\"image\/jpeg\" \/>\n<meta name=\"author\" content=\"Paolo Mazzinghi\" \/>\n<meta name=\"twitter:card\" content=\"summary_large_image\" \/>\n<meta name=\"twitter:creator\" content=\"@PressenzaIPA\" \/>\n<meta name=\"twitter:site\" content=\"@PressenzaIPA\" \/>\n<meta name=\"twitter:label1\" content=\"Scritto da\" \/>\n\t<meta name=\"twitter:data1\" content=\"Paolo Mazzinghi\" \/>\n\t<meta name=\"twitter:label2\" content=\"Tempo di lettura stimato\" \/>\n\t<meta name=\"twitter:data2\" content=\"9 minuti\" \/>\n<script type=\"application\/ld+json\" class=\"yoast-schema-graph\">{\"@context\":\"https:\/\/schema.org\",\"@graph\":[{\"@type\":\"Article\",\"@id\":\"https:\/\/www.pressenza.com\/it\/2024\/10\/presentato-a-firenze-nel-salone-de-dugento-latlante-delle-guerre\/#article\",\"isPartOf\":{\"@id\":\"https:\/\/www.pressenza.com\/it\/2024\/10\/presentato-a-firenze-nel-salone-de-dugento-latlante-delle-guerre\/\"},\"author\":{\"name\":\"Paolo Mazzinghi\",\"@id\":\"https:\/\/www.pressenza.com\/it\/#\/schema\/person\/897532f640693fbc9b38ce6cddef99e3\"},\"headline\":\"Presentato a Firenze nel Salone de&#8217; Dugento l&#8217;Atlante delle Guerre\",\"datePublished\":\"2024-10-25T12:57:59+00:00\",\"dateModified\":\"2024-10-29T21:53:20+00:00\",\"mainEntityOfPage\":{\"@id\":\"https:\/\/www.pressenza.com\/it\/2024\/10\/presentato-a-firenze-nel-salone-de-dugento-latlante-delle-guerre\/\"},\"wordCount\":1617,\"publisher\":{\"@id\":\"https:\/\/www.pressenza.com\/it\/#organization\"},\"image\":{\"@id\":\"https:\/\/www.pressenza.com\/it\/2024\/10\/presentato-a-firenze-nel-salone-de-dugento-latlante-delle-guerre\/#primaryimage\"},\"thumbnailUrl\":\"https:\/\/www.pressenza.com\/wp-content\/uploads\/2024\/10\/raffaele-crocco-atlante-guerre-Firenze.jpg\",\"keywords\":[\"Albino Amodio\",\"Alice Pistolesi\",\"Atlante delle Guerre\",\"Giovanni Scotto\",\"guerra\",\"Sara Gorelli\",\"Stefania Collesei\"],\"articleSection\":[\"contenuti originali\",\"Cronaca\",\"Pace e Disarmo\"],\"inLanguage\":\"it-IT\"},{\"@type\":\"WebPage\",\"@id\":\"https:\/\/www.pressenza.com\/it\/2024\/10\/presentato-a-firenze-nel-salone-de-dugento-latlante-delle-guerre\/\",\"url\":\"https:\/\/www.pressenza.com\/it\/2024\/10\/presentato-a-firenze-nel-salone-de-dugento-latlante-delle-guerre\/\",\"name\":\"Presentato a Firenze nel Salone de' Dugento l'Atlante delle Guerre\",\"isPartOf\":{\"@id\":\"https:\/\/www.pressenza.com\/it\/#website\"},\"primaryImageOfPage\":{\"@id\":\"https:\/\/www.pressenza.com\/it\/2024\/10\/presentato-a-firenze-nel-salone-de-dugento-latlante-delle-guerre\/#primaryimage\"},\"image\":{\"@id\":\"https:\/\/www.pressenza.com\/it\/2024\/10\/presentato-a-firenze-nel-salone-de-dugento-latlante-delle-guerre\/#primaryimage\"},\"thumbnailUrl\":\"https:\/\/www.pressenza.com\/wp-content\/uploads\/2024\/10\/raffaele-crocco-atlante-guerre-Firenze.jpg\",\"datePublished\":\"2024-10-25T12:57:59+00:00\",\"dateModified\":\"2024-10-29T21:53:20+00:00\",\"description\":\"Gioved\u00ec 24 ottobre 2024, alle 17, il Salone de\u2019 Dugento di Palazzo Vecchio ha ospitato la presentazione della XII edizione del volume \u201cAtlante delle\",\"breadcrumb\":{\"@id\":\"https:\/\/www.pressenza.com\/it\/2024\/10\/presentato-a-firenze-nel-salone-de-dugento-latlante-delle-guerre\/#breadcrumb\"},\"inLanguage\":\"it-IT\",\"potentialAction\":[{\"@type\":\"ReadAction\",\"target\":[\"https:\/\/www.pressenza.com\/it\/2024\/10\/presentato-a-firenze-nel-salone-de-dugento-latlante-delle-guerre\/\"]}]},{\"@type\":\"ImageObject\",\"inLanguage\":\"it-IT\",\"@id\":\"https:\/\/www.pressenza.com\/it\/2024\/10\/presentato-a-firenze-nel-salone-de-dugento-latlante-delle-guerre\/#primaryimage\",\"url\":\"https:\/\/www.pressenza.com\/wp-content\/uploads\/2024\/10\/raffaele-crocco-atlante-guerre-Firenze.jpg\",\"contentUrl\":\"https:\/\/www.pressenza.com\/wp-content\/uploads\/2024\/10\/raffaele-crocco-atlante-guerre-Firenze.jpg\",\"width\":1600,\"height\":1062},{\"@type\":\"BreadcrumbList\",\"@id\":\"https:\/\/www.pressenza.com\/it\/2024\/10\/presentato-a-firenze-nel-salone-de-dugento-latlante-delle-guerre\/#breadcrumb\",\"itemListElement\":[{\"@type\":\"ListItem\",\"position\":1,\"name\":\"Accueil\",\"item\":\"https:\/\/www.pressenza.com\/it\/\"},{\"@type\":\"ListItem\",\"position\":2,\"name\":\"Presentato a Firenze nel Salone de&#8217; Dugento l&#8217;Atlante delle Guerre\"}]},{\"@type\":\"WebSite\",\"@id\":\"https:\/\/www.pressenza.com\/it\/#website\",\"url\":\"https:\/\/www.pressenza.com\/it\/\",\"name\":\"Pressenza\",\"description\":\"Agenzia di Stampa Internazionale\",\"publisher\":{\"@id\":\"https:\/\/www.pressenza.com\/it\/#organization\"},\"potentialAction\":[{\"@type\":\"SearchAction\",\"target\":{\"@type\":\"EntryPoint\",\"urlTemplate\":\"https:\/\/www.pressenza.com\/it\/?s={search_term_string}\"},\"query-input\":{\"@type\":\"PropertyValueSpecification\",\"valueRequired\":true,\"valueName\":\"search_term_string\"}}],\"inLanguage\":\"it-IT\"},{\"@type\":\"Organization\",\"@id\":\"https:\/\/www.pressenza.com\/it\/#organization\",\"name\":\"Pressenza\",\"url\":\"https:\/\/www.pressenza.com\/it\/\",\"logo\":{\"@type\":\"ImageObject\",\"inLanguage\":\"it-IT\",\"@id\":\"https:\/\/www.pressenza.com\/it\/#\/schema\/logo\/image\/\",\"url\":\"https:\/\/www.pressenza.com\/wp-content\/uploads\/2022\/10\/pressenza_logo_200x200.jpg\",\"contentUrl\":\"https:\/\/www.pressenza.com\/wp-content\/uploads\/2022\/10\/pressenza_logo_200x200.jpg\",\"width\":200,\"height\":200,\"caption\":\"Pressenza\"},\"image\":{\"@id\":\"https:\/\/www.pressenza.com\/it\/#\/schema\/logo\/image\/\"},\"sameAs\":[\"https:\/\/www.facebook.com\/PressenzaItalia\",\"https:\/\/x.com\/PressenzaIPA\"]},{\"@type\":\"Person\",\"@id\":\"https:\/\/www.pressenza.com\/it\/#\/schema\/person\/897532f640693fbc9b38ce6cddef99e3\",\"name\":\"Paolo Mazzinghi\",\"sameAs\":[\"https:\/\/bicciospace.blogspot.com\/\",\"https:\/\/www.facebook.com\/paolo.mazzinghi\",\"https:\/\/www.instagram.com\/pasticca_paolo_mazzinghi\/\",\"https:\/\/www.linkedin.com\/in\/paolo-mazzinghi-079616b\/\",\"https:\/\/www.youtube.com\/playlist?list=PLaCKLx458zZ-wc0ylmnw_he6bIytC1QqY\"],\"url\":\"https:\/\/www.pressenza.com\/it\/author\/paolo-mazzinghi\/\"}]}<\/script>\n<!-- \/ Yoast SEO plugin. -->","yoast_head_json":{"title":"Presentato a Firenze nel Salone de' Dugento l'Atlante delle Guerre","description":"Gioved\u00ec 24 ottobre 2024, alle 17, il Salone de\u2019 Dugento di Palazzo Vecchio ha ospitato la presentazione della XII edizione del volume \u201cAtlante delle","robots":{"index":"index","follow":"follow","max-snippet":"max-snippet:-1","max-image-preview":"max-image-preview:large","max-video-preview":"max-video-preview:-1"},"canonical":"https:\/\/www.pressenza.com\/it\/2024\/10\/presentato-a-firenze-nel-salone-de-dugento-latlante-delle-guerre\/","og_locale":"it_IT","og_type":"article","og_title":"Presentato a Firenze nel Salone de' Dugento l'Atlante delle Guerre","og_description":"Gioved\u00ec 24 ottobre 2024, alle 17, il Salone de\u2019 Dugento di Palazzo Vecchio ha ospitato la presentazione della XII edizione del volume \u201cAtlante delle","og_url":"https:\/\/www.pressenza.com\/it\/2024\/10\/presentato-a-firenze-nel-salone-de-dugento-latlante-delle-guerre\/","og_site_name":"Pressenza","article_publisher":"https:\/\/www.facebook.com\/PressenzaItalia","article_author":"https:\/\/www.facebook.com\/paolo.mazzinghi","article_published_time":"2024-10-25T12:57:59+00:00","article_modified_time":"2024-10-29T21:53:20+00:00","og_image":[{"width":1600,"height":1062,"url":"https:\/\/www.pressenza.com\/wp-content\/uploads\/2024\/10\/raffaele-crocco-atlante-guerre-Firenze.jpg","type":"image\/jpeg"}],"author":"Paolo Mazzinghi","twitter_card":"summary_large_image","twitter_creator":"@PressenzaIPA","twitter_site":"@PressenzaIPA","twitter_misc":{"Scritto da":"Paolo Mazzinghi","Tempo di lettura stimato":"9 minuti"},"schema":{"@context":"https:\/\/schema.org","@graph":[{"@type":"Article","@id":"https:\/\/www.pressenza.com\/it\/2024\/10\/presentato-a-firenze-nel-salone-de-dugento-latlante-delle-guerre\/#article","isPartOf":{"@id":"https:\/\/www.pressenza.com\/it\/2024\/10\/presentato-a-firenze-nel-salone-de-dugento-latlante-delle-guerre\/"},"author":{"name":"Paolo Mazzinghi","@id":"https:\/\/www.pressenza.com\/it\/#\/schema\/person\/897532f640693fbc9b38ce6cddef99e3"},"headline":"Presentato a Firenze nel Salone de&#8217; Dugento l&#8217;Atlante delle Guerre","datePublished":"2024-10-25T12:57:59+00:00","dateModified":"2024-10-29T21:53:20+00:00","mainEntityOfPage":{"@id":"https:\/\/www.pressenza.com\/it\/2024\/10\/presentato-a-firenze-nel-salone-de-dugento-latlante-delle-guerre\/"},"wordCount":1617,"publisher":{"@id":"https:\/\/www.pressenza.com\/it\/#organization"},"image":{"@id":"https:\/\/www.pressenza.com\/it\/2024\/10\/presentato-a-firenze-nel-salone-de-dugento-latlante-delle-guerre\/#primaryimage"},"thumbnailUrl":"https:\/\/www.pressenza.com\/wp-content\/uploads\/2024\/10\/raffaele-crocco-atlante-guerre-Firenze.jpg","keywords":["Albino Amodio","Alice Pistolesi","Atlante delle Guerre","Giovanni Scotto","guerra","Sara Gorelli","Stefania Collesei"],"articleSection":["contenuti originali","Cronaca","Pace e Disarmo"],"inLanguage":"it-IT"},{"@type":"WebPage","@id":"https:\/\/www.pressenza.com\/it\/2024\/10\/presentato-a-firenze-nel-salone-de-dugento-latlante-delle-guerre\/","url":"https:\/\/www.pressenza.com\/it\/2024\/10\/presentato-a-firenze-nel-salone-de-dugento-latlante-delle-guerre\/","name":"Presentato a Firenze nel Salone de' Dugento l'Atlante delle Guerre","isPartOf":{"@id":"https:\/\/www.pressenza.com\/it\/#website"},"primaryImageOfPage":{"@id":"https:\/\/www.pressenza.com\/it\/2024\/10\/presentato-a-firenze-nel-salone-de-dugento-latlante-delle-guerre\/#primaryimage"},"image":{"@id":"https:\/\/www.pressenza.com\/it\/2024\/10\/presentato-a-firenze-nel-salone-de-dugento-latlante-delle-guerre\/#primaryimage"},"thumbnailUrl":"https:\/\/www.pressenza.com\/wp-content\/uploads\/2024\/10\/raffaele-crocco-atlante-guerre-Firenze.jpg","datePublished":"2024-10-25T12:57:59+00:00","dateModified":"2024-10-29T21:53:20+00:00","description":"Gioved\u00ec 24 ottobre 2024, alle 17, il Salone de\u2019 Dugento di Palazzo Vecchio ha ospitato la presentazione della XII edizione del volume \u201cAtlante delle","breadcrumb":{"@id":"https:\/\/www.pressenza.com\/it\/2024\/10\/presentato-a-firenze-nel-salone-de-dugento-latlante-delle-guerre\/#breadcrumb"},"inLanguage":"it-IT","potentialAction":[{"@type":"ReadAction","target":["https:\/\/www.pressenza.com\/it\/2024\/10\/presentato-a-firenze-nel-salone-de-dugento-latlante-delle-guerre\/"]}]},{"@type":"ImageObject","inLanguage":"it-IT","@id":"https:\/\/www.pressenza.com\/it\/2024\/10\/presentato-a-firenze-nel-salone-de-dugento-latlante-delle-guerre\/#primaryimage","url":"https:\/\/www.pressenza.com\/wp-content\/uploads\/2024\/10\/raffaele-crocco-atlante-guerre-Firenze.jpg","contentUrl":"https:\/\/www.pressenza.com\/wp-content\/uploads\/2024\/10\/raffaele-crocco-atlante-guerre-Firenze.jpg","width":1600,"height":1062},{"@type":"BreadcrumbList","@id":"https:\/\/www.pressenza.com\/it\/2024\/10\/presentato-a-firenze-nel-salone-de-dugento-latlante-delle-guerre\/#breadcrumb","itemListElement":[{"@type":"ListItem","position":1,"name":"Accueil","item":"https:\/\/www.pressenza.com\/it\/"},{"@type":"ListItem","position":2,"name":"Presentato a Firenze nel Salone de&#8217; Dugento l&#8217;Atlante delle Guerre"}]},{"@type":"WebSite","@id":"https:\/\/www.pressenza.com\/it\/#website","url":"https:\/\/www.pressenza.com\/it\/","name":"Pressenza","description":"Agenzia di Stampa Internazionale","publisher":{"@id":"https:\/\/www.pressenza.com\/it\/#organization"},"potentialAction":[{"@type":"SearchAction","target":{"@type":"EntryPoint","urlTemplate":"https:\/\/www.pressenza.com\/it\/?s={search_term_string}"},"query-input":{"@type":"PropertyValueSpecification","valueRequired":true,"valueName":"search_term_string"}}],"inLanguage":"it-IT"},{"@type":"Organization","@id":"https:\/\/www.pressenza.com\/it\/#organization","name":"Pressenza","url":"https:\/\/www.pressenza.com\/it\/","logo":{"@type":"ImageObject","inLanguage":"it-IT","@id":"https:\/\/www.pressenza.com\/it\/#\/schema\/logo\/image\/","url":"https:\/\/www.pressenza.com\/wp-content\/uploads\/2022\/10\/pressenza_logo_200x200.jpg","contentUrl":"https:\/\/www.pressenza.com\/wp-content\/uploads\/2022\/10\/pressenza_logo_200x200.jpg","width":200,"height":200,"caption":"Pressenza"},"image":{"@id":"https:\/\/www.pressenza.com\/it\/#\/schema\/logo\/image\/"},"sameAs":["https:\/\/www.facebook.com\/PressenzaItalia","https:\/\/x.com\/PressenzaIPA"]},{"@type":"Person","@id":"https:\/\/www.pressenza.com\/it\/#\/schema\/person\/897532f640693fbc9b38ce6cddef99e3","name":"Paolo Mazzinghi","sameAs":["https:\/\/bicciospace.blogspot.com\/","https:\/\/www.facebook.com\/paolo.mazzinghi","https:\/\/www.instagram.com\/pasticca_paolo_mazzinghi\/","https:\/\/www.linkedin.com\/in\/paolo-mazzinghi-079616b\/","https:\/\/www.youtube.com\/playlist?list=PLaCKLx458zZ-wc0ylmnw_he6bIytC1QqY"],"url":"https:\/\/www.pressenza.com\/it\/author\/paolo-mazzinghi\/"}]}},"place":"Firenze","original_article_url":"","_links":{"self":[{"href":"https:\/\/www.pressenza.com\/it\/wp-json\/wp\/v2\/posts\/2557372","targetHints":{"allow":["GET"]}}],"collection":[{"href":"https:\/\/www.pressenza.com\/it\/wp-json\/wp\/v2\/posts"}],"about":[{"href":"https:\/\/www.pressenza.com\/it\/wp-json\/wp\/v2\/types\/post"}],"author":[{"embeddable":true,"href":"https:\/\/www.pressenza.com\/it\/wp-json\/wp\/v2\/users\/2414"}],"replies":[{"embeddable":true,"href":"https:\/\/www.pressenza.com\/it\/wp-json\/wp\/v2\/comments?post=2557372"}],"version-history":[{"count":0,"href":"https:\/\/www.pressenza.com\/it\/wp-json\/wp\/v2\/posts\/2557372\/revisions"}],"wp:featuredmedia":[{"embeddable":true,"href":"https:\/\/www.pressenza.com\/it\/wp-json\/wp\/v2\/media\/2557376"}],"wp:attachment":[{"href":"https:\/\/www.pressenza.com\/it\/wp-json\/wp\/v2\/media?parent=2557372"}],"wp:term":[{"taxonomy":"category","embeddable":true,"href":"https:\/\/www.pressenza.com\/it\/wp-json\/wp\/v2\/categories?post=2557372"},{"taxonomy":"post_tag","embeddable":true,"href":"https:\/\/www.pressenza.com\/it\/wp-json\/wp\/v2\/tags?post=2557372"}],"curies":[{"name":"wp","href":"https:\/\/api.w.org\/{rel}","templated":true}]}}