{"id":2556985,"date":"2024-10-24T16:31:26","date_gmt":"2024-10-24T15:31:26","guid":{"rendered":"https:\/\/www.pressenza.com\/?p=2556985"},"modified":"2024-10-24T16:31:26","modified_gmt":"2024-10-24T15:31:26","slug":"come-cantare-quando-il-dolore-di-un-popolo-sembra-soffocare-la-voce-in-petto-in-ricordo-di-gustavo-gutierrez","status":"publish","type":"post","link":"https:\/\/www.pressenza.com\/it\/2024\/10\/come-cantare-quando-il-dolore-di-un-popolo-sembra-soffocare-la-voce-in-petto-in-ricordo-di-gustavo-gutierrez\/","title":{"rendered":"Come cantare quando il dolore di un popolo sembra soffocare la voce in petto? In ricordo di Gustavo Guti\u00e9rrez"},"content":{"rendered":"<p>Si \u00e8 spento, all&#8217;et\u00e0 di 96 anni, Gustavo Guti\u00e9rrez, uno dei padri della Teologia della Liberazione, uno dei maggiori teologi del Novecento. Nel 1973, studente di teologia alla Facolt\u00e0 Teologica della Sardegna, appassionato di America Latina, acquistai il volume di Gustavo Guti\u00e9rrez, <em>Teologia della liberazione. Prospettive,<\/em> Queriniana, Brescia, 1973, \u00b2\u00aa edizione.<sup> <a href=\"#_ftn1\" name=\"_ftnref1\">[1]<\/a><\/sup><\/p>\n<p>Non era un libro indicato per i corsi ufficiali della Facolt\u00e0, ma per me fu una lettura che spalancava una finestra su un mondo lontano. La quale metteva in discussione il sistema mondiale capitalistico dominante. Con sorpresa, leggendo il capitolo primo, alla nota n. 1, trovai una citazione di Antonio Gramsci, utilizzata per affermare ci\u00f2 che capitava alla teologia, nel senso di ci\u00f2 che Gramsci diceva della filosofia: \u00abOccorre distruggere il pregiudizio molto diffuso che la filosofia sia alcunch\u00e9 di molto difficile per il fatto che essa \u00e8 l&#8217;attivit\u00e0 intellettuale propria di una determinata categoria di scienziati specialisti o di filosofi professionali e sistematici. Occorre pertanto dimostrare preliminarmente che tutti gli uomini sono \u201cfilosofi\u201d, definendo i limiti e i caratteri di questa \u201cfilosofia spontanea\u201d, propria di \u201ctutto il mondo\u201d&#8230;\u00bb.<a href=\"#_ftn2\" name=\"_ftnref2\">[2]<\/a><\/p>\n<p>Applicare questo principio gramsciano alla teologia, certamente ha voluto dire un cambiamento di paradigma nella vita di molti\/e credenti e di non credenti. A conclusione di questa sua opera, Guti\u00e9rrez affermava: \u00abSe la riflessione teologica non porta a vitalizzare l&#8217;azione della comunit\u00e0 cristiana nel mondo, a rendere pi\u00f9 pieno e pi\u00f9 radicale il suo impegno di carit\u00e0; se, pi\u00f9 concretamente, non porta in America Latina, la chiesa, con chiarezza e senza reticenze, dalla parte degli oppressi, allora tale riflessione avr\u00e0 servito a ben poco. Peggio ancora, non sar\u00e0 stata utile che a giustificare compromessi e tentennamenti, razionalizzando, in questo modo, un allontanamento dall&#8217;evangelo\u00bb<a href=\"#_ftn3\" name=\"_ftnref3\">[3]<\/a>.<\/p>\n<p>Il secondo volume di Gustavo Guti\u00e9rrez, che ritrovo nella mia biblioteca, \u00e8 <em>La forza storica dei poveri<\/em>. Una raccolta di scritti che porta l&#8217;attenzione \u00aball&#8217;insieme dei problemi vissuti ed espressi dalla chiesa latinoamericana durante questi anni tanto ricchi e tanto esigenti. Alle sfide di ogni genere rispondono, in numero crescente, gruppi e comunit\u00e0 di cristiani che lottano all&#8217;interno del loro popolo, danno testimonianza, celebrano e approfondiscono una fede incarnata nella tragica e rapida evoluzione del continente. Il teologo condivide la stessa lotta, raccoglie e cerca di esprimere quelle esperienze e il loro messaggio sempre nuovo e sempre vivo\u00bb<a href=\"#_ftn4\" name=\"_ftnref4\">[4]<\/a>.<\/p>\n<p>Un teologo seriamente impegnato, dunque, non resta avulso dai problemi, ma assume le aspirazioni e la lotta per la liberazione del suo popolo oppresso dall&#8217;ingiustizia. Questa ingiustizia che i documenti delle Assemblee generali dei vescovi latinoamericani, a Medell\u00edn\u00a0 (1968) e a Puebla (1989), avevano denunciato con determinazione. Teologia come atto secondo, a partire dall&#8217;esperienza di riflessione e di vita delle comunit\u00e0 ecclesiali di base (Ceb) sviluppatesi del contesto latinoamericano.<\/p>\n<p>Un terzo volume mi lega al teologo di Lima: <em>Bere al proprio pozzo. L&#8217;itinerario spirituale di un popolo<\/em>. Un testo che affronta la questione della spiritualit\u00e0 incarnata nel mondo dei poveri. \u00abSenza \u201ccanti\u201d a Dio, senza azione di grazie per il suo amore, senza preghiera, non c&#8217;\u00e8 vita cristiana\u00bb, ma \u00abcome cantare quando il dolore di un popolo sembra soffocare la voce in petto?\u00bb.<a href=\"#_ftn5\" name=\"_ftnref5\">[5]<\/a> Alla conclusione della disamina della questione posta, Guti\u00e9rrez afferma: \u00abIl parlare su Dio (teo-logia) viene dopo il silenzio dell&#8217;orazione e dell&#8217;impegno. La teologia sar\u00e0 un parlare arricchito in continuazione da un tacere. Un discorso che affonda le sue radici in una fede vissuta in comunione ecclesiale, e inserita per questo in una storia di trasmissione e di accoglienza del messaggio cristiano\u00bb.<\/p>\n<p>Gustavo Guti\u00e9rrez, uno dei teologi pi\u00f9 importanti del Novecento, ha attraversato, come altri teologi latinoamericani, momenti di sospetti e di dubbi e, in qualche modo, si \u00e8 sentito costretto, vent&#8217;anni dopo la prima pubblicazione della sua opera maggiore, <em>Teologia della Liberazione<\/em>, a dare alle stampe una\u00a0 nuova versione, avendo ammesso alcuni errori.<\/p>\n<p>Papa Francesco lo accolse in Vaticano il 14 settembre 2013, pochi mesi dopo l&#8217;elezione, dando avvio a un nuovo approccio nei confronti della Teologia della Liberazione e alla sua accettazione e rivalutazione.<\/p>\n<p>&nbsp;<\/p>\n<p><a href=\"#_ftnref1\" name=\"_ftn1\">[1]<\/a> Prima edizione in lingua spagnola, Gustavo Guti\u00e9rrez, <em>Teolog\u00eda de la<\/em>\u00a0<em>liberac\u00edon. Perspectivas,<\/em> Lima ,1971.<\/p>\n<p><a href=\"#_ftnref2\" name=\"_ftn2\">[2]<\/a> Gustavo Guti\u00e9rrez, <em>Teologia della liberazione<\/em>, Queriniana, Brescia 1973, p. 11.<\/p>\n<p><a href=\"#_ftnref3\" name=\"_ftn3\">[3]<\/a> <em>Ibidem<\/em>, p. 300.<\/p>\n<p><a href=\"#_ftnref4\" name=\"_ftn4\">[4]<\/a> Gustavo Guti\u00e9rrez,<em> La forza storica dei poveri, <\/em>Queriniana, Brescia, 1981, p. 5 (presentazione a cura del CEP, <em>Centro de Estudios y Publicaciones<\/em>).<\/p>\n<p><a href=\"#_ftnref5\" name=\"_ftn5\">[5]<\/a> Gustavo Guti\u00e9rrez, <em>Bere al proprio pozzo. L&#8217;itinerario spirituale di un popolo<\/em>, Queriniana, Brescia, 1984, p. 15.<\/p>\n","protected":false},"excerpt":{"rendered":"<p>Si \u00e8 spento, all&#8217;et\u00e0 di 96 anni, Gustavo Guti\u00e9rrez, uno dei padri della Teologia della Liberazione, uno dei maggiori teologi del Novecento. Nel 1973, studente di teologia alla Facolt\u00e0 Teologica della Sardegna, appassionato di America Latina, acquistai il volume di&hellip;<\/p>\n","protected":false},"author":2359,"featured_media":2556987,"comment_status":"closed","ping_status":"closed","sticky":false,"template":"","format":"standard","meta":{"footnotes":""},"categories":[11388,56,61,1260],"tags":[128326,128325,128324,18137],"class_list":["post-2556985","post","type-post","status-publish","format-standard","has-post-thumbnail","hentry","category-contenuti-originali","category-cultura","category-popoli-aborigeni","category-umanesimo-spiritualita","tag-facolta-teologica-della-sardegna","tag-gustavo-gutierrez","tag-il-grido-degli-oppressi","tag-teologia-della-liberazione"],"yoast_head":"<!-- This site is optimized with the Yoast SEO plugin v27.1.1 - https:\/\/yoast.com\/product\/yoast-seo-wordpress\/ -->\n<title>Come cantare quando il dolore di un popolo sembra soffocare la voce in petto? In ricordo di Gustavo Guti\u00e9rrez<\/title>\n<meta name=\"description\" content=\"Si \u00e8 spento, all&#039;et\u00e0 di 96 anni, Gustavo Guti\u00e9rrez, uno dei padri della Teologia della Liberazione, uno dei maggiori teologi del Novecento. Nel 1973,\" \/>\n<meta name=\"robots\" content=\"index, follow, max-snippet:-1, max-image-preview:large, max-video-preview:-1\" \/>\n<link rel=\"canonical\" href=\"https:\/\/www.pressenza.com\/it\/2024\/10\/come-cantare-quando-il-dolore-di-un-popolo-sembra-soffocare-la-voce-in-petto-in-ricordo-di-gustavo-gutierrez\/\" \/>\n<meta property=\"og:locale\" content=\"it_IT\" \/>\n<meta property=\"og:type\" content=\"article\" \/>\n<meta property=\"og:title\" content=\"Come cantare quando il dolore di un popolo sembra soffocare la voce in petto? In ricordo di Gustavo Guti\u00e9rrez\" \/>\n<meta property=\"og:description\" content=\"Si \u00e8 spento, all&#039;et\u00e0 di 96 anni, Gustavo Guti\u00e9rrez, uno dei padri della Teologia della Liberazione, uno dei maggiori teologi del Novecento. Nel 1973,\" \/>\n<meta property=\"og:url\" content=\"https:\/\/www.pressenza.com\/it\/2024\/10\/come-cantare-quando-il-dolore-di-un-popolo-sembra-soffocare-la-voce-in-petto-in-ricordo-di-gustavo-gutierrez\/\" \/>\n<meta property=\"og:site_name\" content=\"Pressenza\" \/>\n<meta property=\"article:publisher\" content=\"https:\/\/www.facebook.com\/PressenzaItalia\" \/>\n<meta property=\"article:published_time\" content=\"2024-10-24T15:31:26+00:00\" \/>\n<meta property=\"og:image\" content=\"https:\/\/www.pressenza.com\/wp-content\/uploads\/2024\/10\/130515-098.jpg\" \/>\n\t<meta property=\"og:image:width\" content=\"1024\" \/>\n\t<meta property=\"og:image:height\" content=\"682\" \/>\n\t<meta property=\"og:image:type\" content=\"image\/jpeg\" \/>\n<meta name=\"author\" content=\"Pierpaolo Loi\" \/>\n<meta name=\"twitter:card\" content=\"summary_large_image\" \/>\n<meta name=\"twitter:creator\" content=\"@PressenzaIPA\" \/>\n<meta name=\"twitter:site\" content=\"@PressenzaIPA\" \/>\n<meta name=\"twitter:label1\" content=\"Scritto da\" \/>\n\t<meta name=\"twitter:data1\" content=\"Pierpaolo Loi\" \/>\n\t<meta name=\"twitter:label2\" content=\"Tempo di lettura stimato\" \/>\n\t<meta name=\"twitter:data2\" content=\"4 minuti\" \/>\n<script type=\"application\/ld+json\" class=\"yoast-schema-graph\">{\"@context\":\"https:\/\/schema.org\",\"@graph\":[{\"@type\":\"Article\",\"@id\":\"https:\/\/www.pressenza.com\/it\/2024\/10\/come-cantare-quando-il-dolore-di-un-popolo-sembra-soffocare-la-voce-in-petto-in-ricordo-di-gustavo-gutierrez\/#article\",\"isPartOf\":{\"@id\":\"https:\/\/www.pressenza.com\/it\/2024\/10\/come-cantare-quando-il-dolore-di-un-popolo-sembra-soffocare-la-voce-in-petto-in-ricordo-di-gustavo-gutierrez\/\"},\"author\":{\"name\":\"Pierpaolo Loi\",\"@id\":\"https:\/\/www.pressenza.com\/it\/#\/schema\/person\/149dee546527afb1c5bf59e70101b99f\"},\"headline\":\"Come cantare quando il dolore di un popolo sembra soffocare la voce in petto? In ricordo di Gustavo Guti\u00e9rrez\",\"datePublished\":\"2024-10-24T15:31:26+00:00\",\"mainEntityOfPage\":{\"@id\":\"https:\/\/www.pressenza.com\/it\/2024\/10\/come-cantare-quando-il-dolore-di-un-popolo-sembra-soffocare-la-voce-in-petto-in-ricordo-di-gustavo-gutierrez\/\"},\"wordCount\":753,\"publisher\":{\"@id\":\"https:\/\/www.pressenza.com\/it\/#organization\"},\"image\":{\"@id\":\"https:\/\/www.pressenza.com\/it\/2024\/10\/come-cantare-quando-il-dolore-di-un-popolo-sembra-soffocare-la-voce-in-petto-in-ricordo-di-gustavo-gutierrez\/#primaryimage\"},\"thumbnailUrl\":\"https:\/\/www.pressenza.com\/wp-content\/uploads\/2024\/10\/130515-098.jpg\",\"keywords\":[\"Facolt\u00e0 Teologica della Sardegna\",\"Gustavo Guti\u00e9rrez\",\"Il grido degli oppressi\",\"teologia della liberazione\"],\"articleSection\":[\"contenuti originali\",\"Cultura e Media\",\"Popoli originari\",\"Umanesimo e Spiritualit\u00e0\"],\"inLanguage\":\"it-IT\"},{\"@type\":\"WebPage\",\"@id\":\"https:\/\/www.pressenza.com\/it\/2024\/10\/come-cantare-quando-il-dolore-di-un-popolo-sembra-soffocare-la-voce-in-petto-in-ricordo-di-gustavo-gutierrez\/\",\"url\":\"https:\/\/www.pressenza.com\/it\/2024\/10\/come-cantare-quando-il-dolore-di-un-popolo-sembra-soffocare-la-voce-in-petto-in-ricordo-di-gustavo-gutierrez\/\",\"name\":\"Come cantare quando il dolore di un popolo sembra soffocare la voce in petto? In ricordo di Gustavo Guti\u00e9rrez\",\"isPartOf\":{\"@id\":\"https:\/\/www.pressenza.com\/it\/#website\"},\"primaryImageOfPage\":{\"@id\":\"https:\/\/www.pressenza.com\/it\/2024\/10\/come-cantare-quando-il-dolore-di-un-popolo-sembra-soffocare-la-voce-in-petto-in-ricordo-di-gustavo-gutierrez\/#primaryimage\"},\"image\":{\"@id\":\"https:\/\/www.pressenza.com\/it\/2024\/10\/come-cantare-quando-il-dolore-di-un-popolo-sembra-soffocare-la-voce-in-petto-in-ricordo-di-gustavo-gutierrez\/#primaryimage\"},\"thumbnailUrl\":\"https:\/\/www.pressenza.com\/wp-content\/uploads\/2024\/10\/130515-098.jpg\",\"datePublished\":\"2024-10-24T15:31:26+00:00\",\"description\":\"Si \u00e8 spento, all'et\u00e0 di 96 anni, Gustavo Guti\u00e9rrez, uno dei padri della Teologia della Liberazione, uno dei maggiori teologi del Novecento. Nel 1973,\",\"breadcrumb\":{\"@id\":\"https:\/\/www.pressenza.com\/it\/2024\/10\/come-cantare-quando-il-dolore-di-un-popolo-sembra-soffocare-la-voce-in-petto-in-ricordo-di-gustavo-gutierrez\/#breadcrumb\"},\"inLanguage\":\"it-IT\",\"potentialAction\":[{\"@type\":\"ReadAction\",\"target\":[\"https:\/\/www.pressenza.com\/it\/2024\/10\/come-cantare-quando-il-dolore-di-un-popolo-sembra-soffocare-la-voce-in-petto-in-ricordo-di-gustavo-gutierrez\/\"]}]},{\"@type\":\"ImageObject\",\"inLanguage\":\"it-IT\",\"@id\":\"https:\/\/www.pressenza.com\/it\/2024\/10\/come-cantare-quando-il-dolore-di-un-popolo-sembra-soffocare-la-voce-in-petto-in-ricordo-di-gustavo-gutierrez\/#primaryimage\",\"url\":\"https:\/\/www.pressenza.com\/wp-content\/uploads\/2024\/10\/130515-098.jpg\",\"contentUrl\":\"https:\/\/www.pressenza.com\/wp-content\/uploads\/2024\/10\/130515-098.jpg\",\"width\":1024,\"height\":682,\"caption\":\"Gustavo Guti\u00e9rrez - Foto Avvenire\"},{\"@type\":\"BreadcrumbList\",\"@id\":\"https:\/\/www.pressenza.com\/it\/2024\/10\/come-cantare-quando-il-dolore-di-un-popolo-sembra-soffocare-la-voce-in-petto-in-ricordo-di-gustavo-gutierrez\/#breadcrumb\",\"itemListElement\":[{\"@type\":\"ListItem\",\"position\":1,\"name\":\"Accueil\",\"item\":\"https:\/\/www.pressenza.com\/it\/\"},{\"@type\":\"ListItem\",\"position\":2,\"name\":\"Come cantare quando il dolore di un popolo sembra soffocare la voce in petto? In ricordo di Gustavo Guti\u00e9rrez\"}]},{\"@type\":\"WebSite\",\"@id\":\"https:\/\/www.pressenza.com\/it\/#website\",\"url\":\"https:\/\/www.pressenza.com\/it\/\",\"name\":\"Pressenza\",\"description\":\"Agenzia di Stampa Internazionale\",\"publisher\":{\"@id\":\"https:\/\/www.pressenza.com\/it\/#organization\"},\"potentialAction\":[{\"@type\":\"SearchAction\",\"target\":{\"@type\":\"EntryPoint\",\"urlTemplate\":\"https:\/\/www.pressenza.com\/it\/?s={search_term_string}\"},\"query-input\":{\"@type\":\"PropertyValueSpecification\",\"valueRequired\":true,\"valueName\":\"search_term_string\"}}],\"inLanguage\":\"it-IT\"},{\"@type\":\"Organization\",\"@id\":\"https:\/\/www.pressenza.com\/it\/#organization\",\"name\":\"Pressenza\",\"url\":\"https:\/\/www.pressenza.com\/it\/\",\"logo\":{\"@type\":\"ImageObject\",\"inLanguage\":\"it-IT\",\"@id\":\"https:\/\/www.pressenza.com\/it\/#\/schema\/logo\/image\/\",\"url\":\"https:\/\/www.pressenza.com\/wp-content\/uploads\/2022\/10\/pressenza_logo_200x200.jpg\",\"contentUrl\":\"https:\/\/www.pressenza.com\/wp-content\/uploads\/2022\/10\/pressenza_logo_200x200.jpg\",\"width\":200,\"height\":200,\"caption\":\"Pressenza\"},\"image\":{\"@id\":\"https:\/\/www.pressenza.com\/it\/#\/schema\/logo\/image\/\"},\"sameAs\":[\"https:\/\/www.facebook.com\/PressenzaItalia\",\"https:\/\/x.com\/PressenzaIPA\"]},{\"@type\":\"Person\",\"@id\":\"https:\/\/www.pressenza.com\/it\/#\/schema\/person\/149dee546527afb1c5bf59e70101b99f\",\"name\":\"Pierpaolo Loi\",\"url\":\"https:\/\/www.pressenza.com\/it\/author\/pierpaolo-loi\/\"}]}<\/script>\n<!-- \/ Yoast SEO plugin. -->","yoast_head_json":{"title":"Come cantare quando il dolore di un popolo sembra soffocare la voce in petto? In ricordo di Gustavo Guti\u00e9rrez","description":"Si \u00e8 spento, all'et\u00e0 di 96 anni, Gustavo Guti\u00e9rrez, uno dei padri della Teologia della Liberazione, uno dei maggiori teologi del Novecento. Nel 1973,","robots":{"index":"index","follow":"follow","max-snippet":"max-snippet:-1","max-image-preview":"max-image-preview:large","max-video-preview":"max-video-preview:-1"},"canonical":"https:\/\/www.pressenza.com\/it\/2024\/10\/come-cantare-quando-il-dolore-di-un-popolo-sembra-soffocare-la-voce-in-petto-in-ricordo-di-gustavo-gutierrez\/","og_locale":"it_IT","og_type":"article","og_title":"Come cantare quando il dolore di un popolo sembra soffocare la voce in petto? In ricordo di Gustavo Guti\u00e9rrez","og_description":"Si \u00e8 spento, all'et\u00e0 di 96 anni, Gustavo Guti\u00e9rrez, uno dei padri della Teologia della Liberazione, uno dei maggiori teologi del Novecento. Nel 1973,","og_url":"https:\/\/www.pressenza.com\/it\/2024\/10\/come-cantare-quando-il-dolore-di-un-popolo-sembra-soffocare-la-voce-in-petto-in-ricordo-di-gustavo-gutierrez\/","og_site_name":"Pressenza","article_publisher":"https:\/\/www.facebook.com\/PressenzaItalia","article_published_time":"2024-10-24T15:31:26+00:00","og_image":[{"width":1024,"height":682,"url":"https:\/\/www.pressenza.com\/wp-content\/uploads\/2024\/10\/130515-098.jpg","type":"image\/jpeg"}],"author":"Pierpaolo Loi","twitter_card":"summary_large_image","twitter_creator":"@PressenzaIPA","twitter_site":"@PressenzaIPA","twitter_misc":{"Scritto da":"Pierpaolo Loi","Tempo di lettura stimato":"4 minuti"},"schema":{"@context":"https:\/\/schema.org","@graph":[{"@type":"Article","@id":"https:\/\/www.pressenza.com\/it\/2024\/10\/come-cantare-quando-il-dolore-di-un-popolo-sembra-soffocare-la-voce-in-petto-in-ricordo-di-gustavo-gutierrez\/#article","isPartOf":{"@id":"https:\/\/www.pressenza.com\/it\/2024\/10\/come-cantare-quando-il-dolore-di-un-popolo-sembra-soffocare-la-voce-in-petto-in-ricordo-di-gustavo-gutierrez\/"},"author":{"name":"Pierpaolo Loi","@id":"https:\/\/www.pressenza.com\/it\/#\/schema\/person\/149dee546527afb1c5bf59e70101b99f"},"headline":"Come cantare quando il dolore di un popolo sembra soffocare la voce in petto? In ricordo di Gustavo Guti\u00e9rrez","datePublished":"2024-10-24T15:31:26+00:00","mainEntityOfPage":{"@id":"https:\/\/www.pressenza.com\/it\/2024\/10\/come-cantare-quando-il-dolore-di-un-popolo-sembra-soffocare-la-voce-in-petto-in-ricordo-di-gustavo-gutierrez\/"},"wordCount":753,"publisher":{"@id":"https:\/\/www.pressenza.com\/it\/#organization"},"image":{"@id":"https:\/\/www.pressenza.com\/it\/2024\/10\/come-cantare-quando-il-dolore-di-un-popolo-sembra-soffocare-la-voce-in-petto-in-ricordo-di-gustavo-gutierrez\/#primaryimage"},"thumbnailUrl":"https:\/\/www.pressenza.com\/wp-content\/uploads\/2024\/10\/130515-098.jpg","keywords":["Facolt\u00e0 Teologica della Sardegna","Gustavo Guti\u00e9rrez","Il grido degli oppressi","teologia della liberazione"],"articleSection":["contenuti originali","Cultura e Media","Popoli originari","Umanesimo e Spiritualit\u00e0"],"inLanguage":"it-IT"},{"@type":"WebPage","@id":"https:\/\/www.pressenza.com\/it\/2024\/10\/come-cantare-quando-il-dolore-di-un-popolo-sembra-soffocare-la-voce-in-petto-in-ricordo-di-gustavo-gutierrez\/","url":"https:\/\/www.pressenza.com\/it\/2024\/10\/come-cantare-quando-il-dolore-di-un-popolo-sembra-soffocare-la-voce-in-petto-in-ricordo-di-gustavo-gutierrez\/","name":"Come cantare quando il dolore di un popolo sembra soffocare la voce in petto? In ricordo di Gustavo Guti\u00e9rrez","isPartOf":{"@id":"https:\/\/www.pressenza.com\/it\/#website"},"primaryImageOfPage":{"@id":"https:\/\/www.pressenza.com\/it\/2024\/10\/come-cantare-quando-il-dolore-di-un-popolo-sembra-soffocare-la-voce-in-petto-in-ricordo-di-gustavo-gutierrez\/#primaryimage"},"image":{"@id":"https:\/\/www.pressenza.com\/it\/2024\/10\/come-cantare-quando-il-dolore-di-un-popolo-sembra-soffocare-la-voce-in-petto-in-ricordo-di-gustavo-gutierrez\/#primaryimage"},"thumbnailUrl":"https:\/\/www.pressenza.com\/wp-content\/uploads\/2024\/10\/130515-098.jpg","datePublished":"2024-10-24T15:31:26+00:00","description":"Si \u00e8 spento, all'et\u00e0 di 96 anni, Gustavo Guti\u00e9rrez, uno dei padri della Teologia della Liberazione, uno dei maggiori teologi del Novecento. Nel 1973,","breadcrumb":{"@id":"https:\/\/www.pressenza.com\/it\/2024\/10\/come-cantare-quando-il-dolore-di-un-popolo-sembra-soffocare-la-voce-in-petto-in-ricordo-di-gustavo-gutierrez\/#breadcrumb"},"inLanguage":"it-IT","potentialAction":[{"@type":"ReadAction","target":["https:\/\/www.pressenza.com\/it\/2024\/10\/come-cantare-quando-il-dolore-di-un-popolo-sembra-soffocare-la-voce-in-petto-in-ricordo-di-gustavo-gutierrez\/"]}]},{"@type":"ImageObject","inLanguage":"it-IT","@id":"https:\/\/www.pressenza.com\/it\/2024\/10\/come-cantare-quando-il-dolore-di-un-popolo-sembra-soffocare-la-voce-in-petto-in-ricordo-di-gustavo-gutierrez\/#primaryimage","url":"https:\/\/www.pressenza.com\/wp-content\/uploads\/2024\/10\/130515-098.jpg","contentUrl":"https:\/\/www.pressenza.com\/wp-content\/uploads\/2024\/10\/130515-098.jpg","width":1024,"height":682,"caption":"Gustavo Guti\u00e9rrez - Foto Avvenire"},{"@type":"BreadcrumbList","@id":"https:\/\/www.pressenza.com\/it\/2024\/10\/come-cantare-quando-il-dolore-di-un-popolo-sembra-soffocare-la-voce-in-petto-in-ricordo-di-gustavo-gutierrez\/#breadcrumb","itemListElement":[{"@type":"ListItem","position":1,"name":"Accueil","item":"https:\/\/www.pressenza.com\/it\/"},{"@type":"ListItem","position":2,"name":"Come cantare quando il dolore di un popolo sembra soffocare la voce in petto? In ricordo di Gustavo Guti\u00e9rrez"}]},{"@type":"WebSite","@id":"https:\/\/www.pressenza.com\/it\/#website","url":"https:\/\/www.pressenza.com\/it\/","name":"Pressenza","description":"Agenzia di Stampa Internazionale","publisher":{"@id":"https:\/\/www.pressenza.com\/it\/#organization"},"potentialAction":[{"@type":"SearchAction","target":{"@type":"EntryPoint","urlTemplate":"https:\/\/www.pressenza.com\/it\/?s={search_term_string}"},"query-input":{"@type":"PropertyValueSpecification","valueRequired":true,"valueName":"search_term_string"}}],"inLanguage":"it-IT"},{"@type":"Organization","@id":"https:\/\/www.pressenza.com\/it\/#organization","name":"Pressenza","url":"https:\/\/www.pressenza.com\/it\/","logo":{"@type":"ImageObject","inLanguage":"it-IT","@id":"https:\/\/www.pressenza.com\/it\/#\/schema\/logo\/image\/","url":"https:\/\/www.pressenza.com\/wp-content\/uploads\/2022\/10\/pressenza_logo_200x200.jpg","contentUrl":"https:\/\/www.pressenza.com\/wp-content\/uploads\/2022\/10\/pressenza_logo_200x200.jpg","width":200,"height":200,"caption":"Pressenza"},"image":{"@id":"https:\/\/www.pressenza.com\/it\/#\/schema\/logo\/image\/"},"sameAs":["https:\/\/www.facebook.com\/PressenzaItalia","https:\/\/x.com\/PressenzaIPA"]},{"@type":"Person","@id":"https:\/\/www.pressenza.com\/it\/#\/schema\/person\/149dee546527afb1c5bf59e70101b99f","name":"Pierpaolo Loi","url":"https:\/\/www.pressenza.com\/it\/author\/pierpaolo-loi\/"}]}},"place":"","original_article_url":"","_links":{"self":[{"href":"https:\/\/www.pressenza.com\/it\/wp-json\/wp\/v2\/posts\/2556985","targetHints":{"allow":["GET"]}}],"collection":[{"href":"https:\/\/www.pressenza.com\/it\/wp-json\/wp\/v2\/posts"}],"about":[{"href":"https:\/\/www.pressenza.com\/it\/wp-json\/wp\/v2\/types\/post"}],"author":[{"embeddable":true,"href":"https:\/\/www.pressenza.com\/it\/wp-json\/wp\/v2\/users\/2359"}],"replies":[{"embeddable":true,"href":"https:\/\/www.pressenza.com\/it\/wp-json\/wp\/v2\/comments?post=2556985"}],"version-history":[{"count":0,"href":"https:\/\/www.pressenza.com\/it\/wp-json\/wp\/v2\/posts\/2556985\/revisions"}],"wp:featuredmedia":[{"embeddable":true,"href":"https:\/\/www.pressenza.com\/it\/wp-json\/wp\/v2\/media\/2556987"}],"wp:attachment":[{"href":"https:\/\/www.pressenza.com\/it\/wp-json\/wp\/v2\/media?parent=2556985"}],"wp:term":[{"taxonomy":"category","embeddable":true,"href":"https:\/\/www.pressenza.com\/it\/wp-json\/wp\/v2\/categories?post=2556985"},{"taxonomy":"post_tag","embeddable":true,"href":"https:\/\/www.pressenza.com\/it\/wp-json\/wp\/v2\/tags?post=2556985"}],"curies":[{"name":"wp","href":"https:\/\/api.w.org\/{rel}","templated":true}]}}