{"id":2556138,"date":"2024-10-25T17:44:37","date_gmt":"2024-10-25T16:44:37","guid":{"rendered":"https:\/\/www.pressenza.com\/?p=2556138"},"modified":"2024-10-25T17:46:43","modified_gmt":"2024-10-25T16:46:43","slug":"la-tenerezza-eroica-di-ultima-generazione","status":"publish","type":"post","link":"https:\/\/www.pressenza.com\/it\/2024\/10\/la-tenerezza-eroica-di-ultima-generazione\/","title":{"rendered":"La tenerezza eroica di Ultima Generazione"},"content":{"rendered":"<p>Ho avuto il privilegio di assistere a un&#8217;anteprima del <strong>film documentario &#8220;Come se non ci fosse un domani&#8221;<\/strong>, che \u00e8 stato proiettato oggi in prima visione alla Festa del Cinema di Roma. Questa non \u00e8 una recensione, ma un articolo di testimonianza civile.<\/p>\n<p>Il film segue per un paio di anni vita e opere di alcuni attivisti di Ultima Generazione. Ne esce fuori un quadro intimo e pubblico di lotta nonviolenta. La resistenza civile diventa protagonista e anima il vissuto personale anche in modo drammatico. Mi sono commosso quando ho visto la sofferenza derivante dall&#8217;impegno a fare soprattutto blocchi stradali.<\/p>\n<p>Si rischia la vita, ma \u00e8 necessario combattere, perch\u00e9 i danni prodotti da eventi climatici estremi sono pi\u00f9 gravi di quanto si possa immaginare. Non si tratta di salvare il mondo, perch\u00e9 il mondo \u00e8 in grado di liberarsi dell&#8217;umanit\u00e0, che lo sta rendendo invivibile.<\/p>\n<p>Nel film si mescolano abilmente le dimensioni personali e politiche, in un caleidoscopio emotivo di amore e rabbia. La fragilit\u00e0 individuale viene superata attraverso una lotta collettiva.<\/p>\n<p>Cosa diventer\u00e0 Ultima Generazione? Sembra l&#8217;interrogativo finale di una storia che inizia, come una rivoluzione &#8220;nelle suture pi\u00f9 delicate dei sentimenti&#8221;, come direbbe Pasolini, aggiungendo: &#8220;Fate della vostra vita uno straccio e di questo straccio fatene una bandiera, da sventolare con orgoglio nella tenerezza eroica d&#8217;un immortale stagione!&#8221;<\/p>\n","protected":false},"excerpt":{"rendered":"<p>Ho avuto il privilegio di assistere a un&#8217;anteprima del film documentario &#8220;Come se non ci fosse un domani&#8221;, che \u00e8 stato proiettato oggi in prima visione alla Festa del Cinema di Roma. Questa non \u00e8 una recensione, ma un articolo&hellip;<\/p>\n","protected":false},"author":2407,"featured_media":2466641,"comment_status":"closed","ping_status":"closed","sticky":false,"template":"","format":"standard","meta":{"footnotes":""},"categories":[11388,56,59],"tags":[9775,40888,128190,53402,97370],"class_list":["post-2556138","post","type-post","status-publish","format-standard","has-post-thumbnail","hentry","category-contenuti-originali","category-cultura","category-ambiente-ecologia","tag-cambiamento-climatico","tag-festa-del-cinema-di-roma","tag-film-documentario-come-se-non-ci-fosse-un-domani","tag-resistenza-civile","tag-ultima-generazione"],"yoast_head":"<!-- This site is optimized with the Yoast SEO plugin v27.1.1 - https:\/\/yoast.com\/product\/yoast-seo-wordpress\/ -->\n<title>La tenerezza eroica di Ultima Generazione<\/title>\n<meta name=\"description\" content=\"Ho avuto il privilegio di assistere a un&#039;anteprima del film documentario &quot;Come se non ci fosse un domani&quot;, che \u00e8 stato proiettato oggi in prima visione\" \/>\n<meta name=\"robots\" content=\"index, follow, max-snippet:-1, max-image-preview:large, max-video-preview:-1\" \/>\n<link rel=\"canonical\" href=\"https:\/\/www.pressenza.com\/it\/2024\/10\/la-tenerezza-eroica-di-ultima-generazione\/\" \/>\n<meta property=\"og:locale\" content=\"it_IT\" \/>\n<meta property=\"og:type\" content=\"article\" \/>\n<meta property=\"og:title\" content=\"La tenerezza eroica di Ultima Generazione\" \/>\n<meta property=\"og:description\" content=\"Ho avuto il privilegio di assistere a un&#039;anteprima del film documentario &quot;Come se non ci fosse un domani&quot;, che \u00e8 stato proiettato oggi in prima visione\" \/>\n<meta property=\"og:url\" content=\"https:\/\/www.pressenza.com\/it\/2024\/10\/la-tenerezza-eroica-di-ultima-generazione\/\" \/>\n<meta property=\"og:site_name\" content=\"Pressenza\" \/>\n<meta property=\"article:publisher\" content=\"https:\/\/www.facebook.com\/PressenzaItalia\" \/>\n<meta property=\"article:published_time\" content=\"2024-10-25T16:44:37+00:00\" \/>\n<meta property=\"article:modified_time\" content=\"2024-10-25T16:46:43+00:00\" \/>\n<meta property=\"og:image\" content=\"https:\/\/www.pressenza.com\/wp-content\/uploads\/2024\/05\/corteo-seduto-Roma-Muro-Torto-ultima-generazione.jpg\" \/>\n\t<meta property=\"og:image:width\" content=\"1280\" \/>\n\t<meta property=\"og:image:height\" content=\"960\" \/>\n\t<meta property=\"og:image:type\" content=\"image\/jpeg\" \/>\n<meta name=\"author\" content=\"Ray Man\" \/>\n<meta name=\"twitter:card\" content=\"summary_large_image\" \/>\n<meta name=\"twitter:creator\" content=\"@PressenzaIPA\" \/>\n<meta name=\"twitter:site\" content=\"@PressenzaIPA\" \/>\n<meta name=\"twitter:label1\" content=\"Scritto da\" \/>\n\t<meta name=\"twitter:data1\" content=\"Ray Man\" \/>\n\t<meta name=\"twitter:label2\" content=\"Tempo di lettura stimato\" \/>\n\t<meta name=\"twitter:data2\" content=\"2 minuti\" \/>\n<script type=\"application\/ld+json\" class=\"yoast-schema-graph\">{\"@context\":\"https:\/\/schema.org\",\"@graph\":[{\"@type\":\"Article\",\"@id\":\"https:\/\/www.pressenza.com\/it\/2024\/10\/la-tenerezza-eroica-di-ultima-generazione\/#article\",\"isPartOf\":{\"@id\":\"https:\/\/www.pressenza.com\/it\/2024\/10\/la-tenerezza-eroica-di-ultima-generazione\/\"},\"author\":{\"name\":\"Ray Man\",\"@id\":\"https:\/\/www.pressenza.com\/it\/#\/schema\/person\/65f839df5847a390cd84df4e1e061bd6\"},\"headline\":\"La tenerezza eroica di Ultima Generazione\",\"datePublished\":\"2024-10-25T16:44:37+00:00\",\"dateModified\":\"2024-10-25T16:46:43+00:00\",\"mainEntityOfPage\":{\"@id\":\"https:\/\/www.pressenza.com\/it\/2024\/10\/la-tenerezza-eroica-di-ultima-generazione\/\"},\"wordCount\":227,\"publisher\":{\"@id\":\"https:\/\/www.pressenza.com\/it\/#organization\"},\"image\":{\"@id\":\"https:\/\/www.pressenza.com\/it\/2024\/10\/la-tenerezza-eroica-di-ultima-generazione\/#primaryimage\"},\"thumbnailUrl\":\"https:\/\/www.pressenza.com\/wp-content\/uploads\/2024\/05\/corteo-seduto-Roma-Muro-Torto-ultima-generazione.jpg\",\"keywords\":[\"cambiamento climatico\",\"Festa del Cinema di Roma\",\"film documentario \\\"Come se non ci fosse un domani\\\"\",\"resistenza civile\",\"Ultima Generazione\"],\"articleSection\":[\"contenuti originali\",\"Cultura e Media\",\"Ecologia ed Ambiente\"],\"inLanguage\":\"it-IT\"},{\"@type\":\"WebPage\",\"@id\":\"https:\/\/www.pressenza.com\/it\/2024\/10\/la-tenerezza-eroica-di-ultima-generazione\/\",\"url\":\"https:\/\/www.pressenza.com\/it\/2024\/10\/la-tenerezza-eroica-di-ultima-generazione\/\",\"name\":\"La tenerezza eroica di Ultima Generazione\",\"isPartOf\":{\"@id\":\"https:\/\/www.pressenza.com\/it\/#website\"},\"primaryImageOfPage\":{\"@id\":\"https:\/\/www.pressenza.com\/it\/2024\/10\/la-tenerezza-eroica-di-ultima-generazione\/#primaryimage\"},\"image\":{\"@id\":\"https:\/\/www.pressenza.com\/it\/2024\/10\/la-tenerezza-eroica-di-ultima-generazione\/#primaryimage\"},\"thumbnailUrl\":\"https:\/\/www.pressenza.com\/wp-content\/uploads\/2024\/05\/corteo-seduto-Roma-Muro-Torto-ultima-generazione.jpg\",\"datePublished\":\"2024-10-25T16:44:37+00:00\",\"dateModified\":\"2024-10-25T16:46:43+00:00\",\"description\":\"Ho avuto il privilegio di assistere a un'anteprima del film documentario \\\"Come se non ci fosse un domani\\\", che \u00e8 stato proiettato oggi in prima visione\",\"breadcrumb\":{\"@id\":\"https:\/\/www.pressenza.com\/it\/2024\/10\/la-tenerezza-eroica-di-ultima-generazione\/#breadcrumb\"},\"inLanguage\":\"it-IT\",\"potentialAction\":[{\"@type\":\"ReadAction\",\"target\":[\"https:\/\/www.pressenza.com\/it\/2024\/10\/la-tenerezza-eroica-di-ultima-generazione\/\"]}]},{\"@type\":\"ImageObject\",\"inLanguage\":\"it-IT\",\"@id\":\"https:\/\/www.pressenza.com\/it\/2024\/10\/la-tenerezza-eroica-di-ultima-generazione\/#primaryimage\",\"url\":\"https:\/\/www.pressenza.com\/wp-content\/uploads\/2024\/05\/corteo-seduto-Roma-Muro-Torto-ultima-generazione.jpg\",\"contentUrl\":\"https:\/\/www.pressenza.com\/wp-content\/uploads\/2024\/05\/corteo-seduto-Roma-Muro-Torto-ultima-generazione.jpg\",\"width\":1280,\"height\":960},{\"@type\":\"BreadcrumbList\",\"@id\":\"https:\/\/www.pressenza.com\/it\/2024\/10\/la-tenerezza-eroica-di-ultima-generazione\/#breadcrumb\",\"itemListElement\":[{\"@type\":\"ListItem\",\"position\":1,\"name\":\"Accueil\",\"item\":\"https:\/\/www.pressenza.com\/it\/\"},{\"@type\":\"ListItem\",\"position\":2,\"name\":\"La tenerezza eroica di Ultima Generazione\"}]},{\"@type\":\"WebSite\",\"@id\":\"https:\/\/www.pressenza.com\/it\/#website\",\"url\":\"https:\/\/www.pressenza.com\/it\/\",\"name\":\"Pressenza\",\"description\":\"Agenzia di Stampa Internazionale\",\"publisher\":{\"@id\":\"https:\/\/www.pressenza.com\/it\/#organization\"},\"potentialAction\":[{\"@type\":\"SearchAction\",\"target\":{\"@type\":\"EntryPoint\",\"urlTemplate\":\"https:\/\/www.pressenza.com\/it\/?s={search_term_string}\"},\"query-input\":{\"@type\":\"PropertyValueSpecification\",\"valueRequired\":true,\"valueName\":\"search_term_string\"}}],\"inLanguage\":\"it-IT\"},{\"@type\":\"Organization\",\"@id\":\"https:\/\/www.pressenza.com\/it\/#organization\",\"name\":\"Pressenza\",\"url\":\"https:\/\/www.pressenza.com\/it\/\",\"logo\":{\"@type\":\"ImageObject\",\"inLanguage\":\"it-IT\",\"@id\":\"https:\/\/www.pressenza.com\/it\/#\/schema\/logo\/image\/\",\"url\":\"https:\/\/www.pressenza.com\/wp-content\/uploads\/2022\/10\/pressenza_logo_200x200.jpg\",\"contentUrl\":\"https:\/\/www.pressenza.com\/wp-content\/uploads\/2022\/10\/pressenza_logo_200x200.jpg\",\"width\":200,\"height\":200,\"caption\":\"Pressenza\"},\"image\":{\"@id\":\"https:\/\/www.pressenza.com\/it\/#\/schema\/logo\/image\/\"},\"sameAs\":[\"https:\/\/www.facebook.com\/PressenzaItalia\",\"https:\/\/x.com\/PressenzaIPA\"]},{\"@type\":\"Person\",\"@id\":\"https:\/\/www.pressenza.com\/it\/#\/schema\/person\/65f839df5847a390cd84df4e1e061bd6\",\"name\":\"Ray Man\",\"url\":\"https:\/\/www.pressenza.com\/it\/author\/rayman\/\"}]}<\/script>\n<!-- \/ Yoast SEO plugin. -->","yoast_head_json":{"title":"La tenerezza eroica di Ultima Generazione","description":"Ho avuto il privilegio di assistere a un'anteprima del film documentario \"Come se non ci fosse un domani\", che \u00e8 stato proiettato oggi in prima visione","robots":{"index":"index","follow":"follow","max-snippet":"max-snippet:-1","max-image-preview":"max-image-preview:large","max-video-preview":"max-video-preview:-1"},"canonical":"https:\/\/www.pressenza.com\/it\/2024\/10\/la-tenerezza-eroica-di-ultima-generazione\/","og_locale":"it_IT","og_type":"article","og_title":"La tenerezza eroica di Ultima Generazione","og_description":"Ho avuto il privilegio di assistere a un'anteprima del film documentario \"Come se non ci fosse un domani\", che \u00e8 stato proiettato oggi in prima visione","og_url":"https:\/\/www.pressenza.com\/it\/2024\/10\/la-tenerezza-eroica-di-ultima-generazione\/","og_site_name":"Pressenza","article_publisher":"https:\/\/www.facebook.com\/PressenzaItalia","article_published_time":"2024-10-25T16:44:37+00:00","article_modified_time":"2024-10-25T16:46:43+00:00","og_image":[{"width":1280,"height":960,"url":"https:\/\/www.pressenza.com\/wp-content\/uploads\/2024\/05\/corteo-seduto-Roma-Muro-Torto-ultima-generazione.jpg","type":"image\/jpeg"}],"author":"Ray Man","twitter_card":"summary_large_image","twitter_creator":"@PressenzaIPA","twitter_site":"@PressenzaIPA","twitter_misc":{"Scritto da":"Ray Man","Tempo di lettura stimato":"2 minuti"},"schema":{"@context":"https:\/\/schema.org","@graph":[{"@type":"Article","@id":"https:\/\/www.pressenza.com\/it\/2024\/10\/la-tenerezza-eroica-di-ultima-generazione\/#article","isPartOf":{"@id":"https:\/\/www.pressenza.com\/it\/2024\/10\/la-tenerezza-eroica-di-ultima-generazione\/"},"author":{"name":"Ray Man","@id":"https:\/\/www.pressenza.com\/it\/#\/schema\/person\/65f839df5847a390cd84df4e1e061bd6"},"headline":"La tenerezza eroica di Ultima Generazione","datePublished":"2024-10-25T16:44:37+00:00","dateModified":"2024-10-25T16:46:43+00:00","mainEntityOfPage":{"@id":"https:\/\/www.pressenza.com\/it\/2024\/10\/la-tenerezza-eroica-di-ultima-generazione\/"},"wordCount":227,"publisher":{"@id":"https:\/\/www.pressenza.com\/it\/#organization"},"image":{"@id":"https:\/\/www.pressenza.com\/it\/2024\/10\/la-tenerezza-eroica-di-ultima-generazione\/#primaryimage"},"thumbnailUrl":"https:\/\/www.pressenza.com\/wp-content\/uploads\/2024\/05\/corteo-seduto-Roma-Muro-Torto-ultima-generazione.jpg","keywords":["cambiamento climatico","Festa del Cinema di Roma","film documentario \"Come se non ci fosse un domani\"","resistenza civile","Ultima Generazione"],"articleSection":["contenuti originali","Cultura e Media","Ecologia ed Ambiente"],"inLanguage":"it-IT"},{"@type":"WebPage","@id":"https:\/\/www.pressenza.com\/it\/2024\/10\/la-tenerezza-eroica-di-ultima-generazione\/","url":"https:\/\/www.pressenza.com\/it\/2024\/10\/la-tenerezza-eroica-di-ultima-generazione\/","name":"La tenerezza eroica di Ultima Generazione","isPartOf":{"@id":"https:\/\/www.pressenza.com\/it\/#website"},"primaryImageOfPage":{"@id":"https:\/\/www.pressenza.com\/it\/2024\/10\/la-tenerezza-eroica-di-ultima-generazione\/#primaryimage"},"image":{"@id":"https:\/\/www.pressenza.com\/it\/2024\/10\/la-tenerezza-eroica-di-ultima-generazione\/#primaryimage"},"thumbnailUrl":"https:\/\/www.pressenza.com\/wp-content\/uploads\/2024\/05\/corteo-seduto-Roma-Muro-Torto-ultima-generazione.jpg","datePublished":"2024-10-25T16:44:37+00:00","dateModified":"2024-10-25T16:46:43+00:00","description":"Ho avuto il privilegio di assistere a un'anteprima del film documentario \"Come se non ci fosse un domani\", che \u00e8 stato proiettato oggi in prima visione","breadcrumb":{"@id":"https:\/\/www.pressenza.com\/it\/2024\/10\/la-tenerezza-eroica-di-ultima-generazione\/#breadcrumb"},"inLanguage":"it-IT","potentialAction":[{"@type":"ReadAction","target":["https:\/\/www.pressenza.com\/it\/2024\/10\/la-tenerezza-eroica-di-ultima-generazione\/"]}]},{"@type":"ImageObject","inLanguage":"it-IT","@id":"https:\/\/www.pressenza.com\/it\/2024\/10\/la-tenerezza-eroica-di-ultima-generazione\/#primaryimage","url":"https:\/\/www.pressenza.com\/wp-content\/uploads\/2024\/05\/corteo-seduto-Roma-Muro-Torto-ultima-generazione.jpg","contentUrl":"https:\/\/www.pressenza.com\/wp-content\/uploads\/2024\/05\/corteo-seduto-Roma-Muro-Torto-ultima-generazione.jpg","width":1280,"height":960},{"@type":"BreadcrumbList","@id":"https:\/\/www.pressenza.com\/it\/2024\/10\/la-tenerezza-eroica-di-ultima-generazione\/#breadcrumb","itemListElement":[{"@type":"ListItem","position":1,"name":"Accueil","item":"https:\/\/www.pressenza.com\/it\/"},{"@type":"ListItem","position":2,"name":"La tenerezza eroica di Ultima Generazione"}]},{"@type":"WebSite","@id":"https:\/\/www.pressenza.com\/it\/#website","url":"https:\/\/www.pressenza.com\/it\/","name":"Pressenza","description":"Agenzia di Stampa Internazionale","publisher":{"@id":"https:\/\/www.pressenza.com\/it\/#organization"},"potentialAction":[{"@type":"SearchAction","target":{"@type":"EntryPoint","urlTemplate":"https:\/\/www.pressenza.com\/it\/?s={search_term_string}"},"query-input":{"@type":"PropertyValueSpecification","valueRequired":true,"valueName":"search_term_string"}}],"inLanguage":"it-IT"},{"@type":"Organization","@id":"https:\/\/www.pressenza.com\/it\/#organization","name":"Pressenza","url":"https:\/\/www.pressenza.com\/it\/","logo":{"@type":"ImageObject","inLanguage":"it-IT","@id":"https:\/\/www.pressenza.com\/it\/#\/schema\/logo\/image\/","url":"https:\/\/www.pressenza.com\/wp-content\/uploads\/2022\/10\/pressenza_logo_200x200.jpg","contentUrl":"https:\/\/www.pressenza.com\/wp-content\/uploads\/2022\/10\/pressenza_logo_200x200.jpg","width":200,"height":200,"caption":"Pressenza"},"image":{"@id":"https:\/\/www.pressenza.com\/it\/#\/schema\/logo\/image\/"},"sameAs":["https:\/\/www.facebook.com\/PressenzaItalia","https:\/\/x.com\/PressenzaIPA"]},{"@type":"Person","@id":"https:\/\/www.pressenza.com\/it\/#\/schema\/person\/65f839df5847a390cd84df4e1e061bd6","name":"Ray Man","url":"https:\/\/www.pressenza.com\/it\/author\/rayman\/"}]}},"place":"","original_article_url":"","_links":{"self":[{"href":"https:\/\/www.pressenza.com\/it\/wp-json\/wp\/v2\/posts\/2556138","targetHints":{"allow":["GET"]}}],"collection":[{"href":"https:\/\/www.pressenza.com\/it\/wp-json\/wp\/v2\/posts"}],"about":[{"href":"https:\/\/www.pressenza.com\/it\/wp-json\/wp\/v2\/types\/post"}],"author":[{"embeddable":true,"href":"https:\/\/www.pressenza.com\/it\/wp-json\/wp\/v2\/users\/2407"}],"replies":[{"embeddable":true,"href":"https:\/\/www.pressenza.com\/it\/wp-json\/wp\/v2\/comments?post=2556138"}],"version-history":[{"count":0,"href":"https:\/\/www.pressenza.com\/it\/wp-json\/wp\/v2\/posts\/2556138\/revisions"}],"wp:featuredmedia":[{"embeddable":true,"href":"https:\/\/www.pressenza.com\/it\/wp-json\/wp\/v2\/media\/2466641"}],"wp:attachment":[{"href":"https:\/\/www.pressenza.com\/it\/wp-json\/wp\/v2\/media?parent=2556138"}],"wp:term":[{"taxonomy":"category","embeddable":true,"href":"https:\/\/www.pressenza.com\/it\/wp-json\/wp\/v2\/categories?post=2556138"},{"taxonomy":"post_tag","embeddable":true,"href":"https:\/\/www.pressenza.com\/it\/wp-json\/wp\/v2\/tags?post=2556138"}],"curies":[{"name":"wp","href":"https:\/\/api.w.org\/{rel}","templated":true}]}}