{"id":2555087,"date":"2024-10-15T13:45:33","date_gmt":"2024-10-15T12:45:33","guid":{"rendered":"https:\/\/www.pressenza.com\/?p=2555087"},"modified":"2024-10-15T13:46:23","modified_gmt":"2024-10-15T12:46:23","slug":"17-ottobre-giornata-mondiale-per-leliminazione-della-poverta-sit-in-a-roma-in-piazza-capranica","status":"publish","type":"post","link":"https:\/\/www.pressenza.com\/it\/2024\/10\/17-ottobre-giornata-mondiale-per-leliminazione-della-poverta-sit-in-a-roma-in-piazza-capranica\/","title":{"rendered":"17 ottobre giornata mondiale per l\u2019eliminazione della povert\u00e0: sit-in a Roma in Piazza Capranica"},"content":{"rendered":"<p>Il 17 ottobre \u00e8 la Giornata mondiale per l\u2019eliminazione delle povert\u00e0, istituita 32 anni fa dall\u2019Assemblea Generale delle Nazioni Unite. L\u2019obiettivo delle NU \u00e8 quello di eliminare la povert\u00e0 perch\u00e9 intesa come un crimine di civilt\u00e0 e per questo chiedono a tutti i Paesi di mettere al centro in questa giornata l\u2019impegno prioritario per sconfiggere disuguaglianze e povert\u00e0, non solo contrastarle.<\/p>\n<p>In Italia la situazione continua a peggiorare e da pi\u00f9 15 anni non sembra esserci alternativa all\u2019attuale stato di cose. I dati Istat, Censis, Eurostat e Svimez denunciano un peggioramento mai visto prima nelle serie storiche del nostro Paese. Sono 5 milioni e 750 mila le persone in povert\u00e0 assoluta, di cui pi\u00f9 di 1,2 milioni minori. La precariet\u00e0 lavorativa colpisce 7 persone su 10, mentre 4 milioni sono quelle che, pur lavorando, rimangono povere e la maggior parte sono donne e giovani. Sono 2 milioni e 500 mila le famiglie in precariet\u00e0 abitativa e 150 di loro ogni giorno vengono sfrattate per morosit\u00e0 incolpevole. Le famiglie che non si possono pi\u00f9 curare sono 2 milioni e 100mila, mentre 4 milioni e 500mila famiglie devono decidere se indebitarsi per farlo. La dispersione scolastica colpisce un giovane su cinque, con punte al Sud di uno su tre. L\u2019analfabetismo di ritorno \u00e8 al 33%. In assenza di politiche sociali adeguate, continua ovunque a crescere il welfare sostitutivo mafioso, cos\u00ec come aumentano i reati spia. Crescono anche le disuguaglianze di genere a causa dei tagli del Governo che hanno portato alle chiusure dei consultori e dei centri antiviolenza, nonostante in Italia una donna su tre subisce violenza e si verifica un femminicidio ogni tre giorni. Nella classifica Global Gender Gap 2024 l\u2019Italia si posiziona all\u201987\u00b0 posto a livello generale \u2013 perdendo ben 8 posizioni rispetto al 2023 \u2013 mentre in Europa si colloca al 37\u00b0 posto su 40.<\/p>\n<p>Il Governo Meloni nonostante la crescita della povert\u00e0, le richieste delle NU e l\u2019obbligo previsto dalla nostra Costituzione all\u2019art. 3, promuove una Legge di Bilancio che non d\u00e0 risposte, anzi determina un ulteriore aumento di disuguaglianze e povert\u00e0, danneggiando nel profondo e nel complesso la societ\u00e0 e l\u2019economia italiana. La Legge di Bilancio prevede tagli ai fondi alla sanit\u00e0 e al welfare; cancella il reddito di cittadinanza, che nonostante i suoi limiti era l\u2019unica misura utile centinaia di migliaia di persone; elimina le misure per il sostegno alla casa; introduce il ddl Lavoro che aumenta precariet\u00e0 e sfruttamento; aumenta le spese militari; non prevede gli investimenti necessari in politiche di adattamento e mitigazione dei cambiamenti climatici; continua a sprecare i fondi del PNRR per inutili e insostenibili grandi opere, che non promuovono n\u00e9 equit\u00e0 sociale n\u00e9 sostenibilit\u00e0 ambientale che dovrebbero essere le priorit\u00e0. Il Governo sta per varare una Legge di Bilancio pessima, ingiusta e inadeguata, condizionata dalla necessit\u00e0 di coprire gli interventi del 2024, che promuove misure che favoriscono la concentrazione della ricchezza in poche mani, aumentando disuguaglianze e precariet\u00e0. Lo fa senza aver ascoltato i punti di vista, i bisogni e le proposte dei soggetti sociali che da anni sono impegnati nel Paese per i diritti di milioni di persone che vivono sulla loro pelle gli effetti della crisi amplificata da politiche inadeguate.<\/p>\n<p>Per eradicare povert\u00e0 e disuguaglianze, come chiedono le NU, bisogna applicare la Costituzione e garantire anche in Italia i pilastri sociali europei, alla base della nostra idea di civilt\u00e0 fondata sull\u2019intangibilit\u00e0 della dignit\u00e0 umana. Si poteva e si pu\u00f2 fare diversamente, come chiedono pi\u00f9 di 700 realt\u00e0 sociali che promuovono un\u2019<a href=\"https:\/\/www.numeripari.org\/wp-content\/uploads\/2023\/03\/7-punti-1.png\">Agenda Sociale<\/a>\u00a0con proposte e interventi in grado di dare risposte efficaci e adeguate a sconfiggere le disuguaglianze.<\/p>\n<p>Per questo saremo in piazza nella giornata mondiale per l\u2019eradicazione della povert\u00e0. Per ricordare lo scandalo della povert\u00e0, le responsabilit\u00e0 di chi governa e dare voce ai bisogni ed alle proposte delle realt\u00e0 sociali e sindacali impegnate contro le disuguaglianze. Per adesioni e sostegno\u00a0<a href=\"mailto:info@numeripari.org\">info@numeripari.org<\/a><\/p>\n<p>Leggi l\u2019appello \u2013&gt;\u00a0<a href=\"https:\/\/www.numeripari.org\/17-ottobre-2024\/\">https:\/\/www.numeripari.org\/17-ottobre-2024\/<\/a><br \/>\nScarica le proposte \u2013&gt;\u00a0<a href=\"https:\/\/www.numeripari.org\/wp-content\/uploads\/2023\/03\/7-punti-1.png\">https:\/\/www.numeripari.org\/wp-content\/uploads\/2023\/03\/7-punti-1.png<\/a><\/p>\n<p style=\"text-align: right;\"><strong>Rete Numeri Pari<\/strong><\/p>\n","protected":false},"excerpt":{"rendered":"<p>Il 17 ottobre \u00e8 la Giornata mondiale per l\u2019eliminazione delle povert\u00e0, istituita 32 anni fa dall\u2019Assemblea Generale delle Nazioni Unite. L\u2019obiettivo delle NU \u00e8 quello di eliminare la povert\u00e0 perch\u00e9 intesa come un crimine di civilt\u00e0 e per questo chiedono&hellip;<\/p>\n","protected":false},"author":1721,"featured_media":2555088,"comment_status":"closed","ping_status":"closed","sticky":false,"template":"","format":"standard","meta":{"footnotes":""},"categories":[150,60],"tags":[106744,1549,108466],"class_list":["post-2555087","post","type-post","status-publish","format-standard","has-post-thumbnail","hentry","category-comunicati-stampa","category-diritti-umani","tag-governo-meloni","tag-poverta","tag-rete-dei-numeri-pari"],"yoast_head":"<!-- This site is optimized with the Yoast SEO plugin v27.1.1 - https:\/\/yoast.com\/product\/yoast-seo-wordpress\/ -->\n<title>17 ottobre giornata mondiale per l\u2019eliminazione della povert\u00e0: sit-in a Roma in Piazza Capranica<\/title>\n<meta name=\"description\" content=\"Il 17 ottobre \u00e8 la Giornata mondiale per l\u2019eliminazione delle povert\u00e0, istituita 32 anni fa dall\u2019Assemblea Generale delle Nazioni Unite. L\u2019obiettivo delle\" \/>\n<meta name=\"robots\" content=\"index, follow, max-snippet:-1, max-image-preview:large, max-video-preview:-1\" \/>\n<link rel=\"canonical\" href=\"https:\/\/www.pressenza.com\/it\/2024\/10\/17-ottobre-giornata-mondiale-per-leliminazione-della-poverta-sit-in-a-roma-in-piazza-capranica\/\" \/>\n<meta property=\"og:locale\" content=\"it_IT\" \/>\n<meta property=\"og:type\" content=\"article\" \/>\n<meta property=\"og:title\" content=\"17 ottobre giornata mondiale per l\u2019eliminazione della povert\u00e0: sit-in a Roma in Piazza Capranica\" \/>\n<meta property=\"og:description\" content=\"Il 17 ottobre \u00e8 la Giornata mondiale per l\u2019eliminazione delle povert\u00e0, istituita 32 anni fa dall\u2019Assemblea Generale delle Nazioni Unite. L\u2019obiettivo delle\" \/>\n<meta property=\"og:url\" content=\"https:\/\/www.pressenza.com\/it\/2024\/10\/17-ottobre-giornata-mondiale-per-leliminazione-della-poverta-sit-in-a-roma-in-piazza-capranica\/\" \/>\n<meta property=\"og:site_name\" content=\"Pressenza\" \/>\n<meta property=\"article:publisher\" content=\"https:\/\/www.facebook.com\/PressenzaItalia\" \/>\n<meta property=\"article:published_time\" content=\"2024-10-15T12:45:33+00:00\" \/>\n<meta property=\"article:modified_time\" content=\"2024-10-15T12:46:23+00:00\" \/>\n<meta property=\"og:image\" content=\"https:\/\/www.pressenza.com\/wp-content\/uploads\/2024\/10\/Volantino-350x497-1.png\" \/>\n\t<meta property=\"og:image:width\" content=\"350\" \/>\n\t<meta property=\"og:image:height\" content=\"497\" \/>\n\t<meta property=\"og:image:type\" content=\"image\/png\" \/>\n<meta name=\"author\" content=\"Redazione Roma\" \/>\n<meta name=\"twitter:card\" content=\"summary_large_image\" \/>\n<meta name=\"twitter:creator\" content=\"@PressenzaIPA\" \/>\n<meta name=\"twitter:site\" content=\"@PressenzaIPA\" \/>\n<meta name=\"twitter:label1\" content=\"Scritto da\" \/>\n\t<meta name=\"twitter:data1\" content=\"Redazione Roma\" \/>\n\t<meta name=\"twitter:label2\" content=\"Tempo di lettura stimato\" \/>\n\t<meta name=\"twitter:data2\" content=\"4 minuti\" \/>\n<script type=\"application\/ld+json\" class=\"yoast-schema-graph\">{\"@context\":\"https:\/\/schema.org\",\"@graph\":[{\"@type\":\"Article\",\"@id\":\"https:\/\/www.pressenza.com\/it\/2024\/10\/17-ottobre-giornata-mondiale-per-leliminazione-della-poverta-sit-in-a-roma-in-piazza-capranica\/#article\",\"isPartOf\":{\"@id\":\"https:\/\/www.pressenza.com\/it\/2024\/10\/17-ottobre-giornata-mondiale-per-leliminazione-della-poverta-sit-in-a-roma-in-piazza-capranica\/\"},\"author\":{\"name\":\"Redazione Roma\",\"@id\":\"https:\/\/www.pressenza.com\/it\/#\/schema\/person\/81d9a9d9c8aeb2bd63972258ed525d7e\"},\"headline\":\"17 ottobre giornata mondiale per l\u2019eliminazione della povert\u00e0: sit-in a Roma in Piazza Capranica\",\"datePublished\":\"2024-10-15T12:45:33+00:00\",\"dateModified\":\"2024-10-15T12:46:23+00:00\",\"mainEntityOfPage\":{\"@id\":\"https:\/\/www.pressenza.com\/it\/2024\/10\/17-ottobre-giornata-mondiale-per-leliminazione-della-poverta-sit-in-a-roma-in-piazza-capranica\/\"},\"wordCount\":670,\"publisher\":{\"@id\":\"https:\/\/www.pressenza.com\/it\/#organization\"},\"image\":{\"@id\":\"https:\/\/www.pressenza.com\/it\/2024\/10\/17-ottobre-giornata-mondiale-per-leliminazione-della-poverta-sit-in-a-roma-in-piazza-capranica\/#primaryimage\"},\"thumbnailUrl\":\"https:\/\/www.pressenza.com\/wp-content\/uploads\/2024\/10\/Volantino-350x497-1.png\",\"keywords\":[\"Governo Meloni\",\"povert\u00e0\",\"Rete dei Numeri Pari\"],\"articleSection\":[\"Comunicati Stampa\",\"Diritti Umani\"],\"inLanguage\":\"it-IT\"},{\"@type\":\"WebPage\",\"@id\":\"https:\/\/www.pressenza.com\/it\/2024\/10\/17-ottobre-giornata-mondiale-per-leliminazione-della-poverta-sit-in-a-roma-in-piazza-capranica\/\",\"url\":\"https:\/\/www.pressenza.com\/it\/2024\/10\/17-ottobre-giornata-mondiale-per-leliminazione-della-poverta-sit-in-a-roma-in-piazza-capranica\/\",\"name\":\"17 ottobre giornata mondiale per l\u2019eliminazione della povert\u00e0: sit-in a Roma in Piazza Capranica\",\"isPartOf\":{\"@id\":\"https:\/\/www.pressenza.com\/it\/#website\"},\"primaryImageOfPage\":{\"@id\":\"https:\/\/www.pressenza.com\/it\/2024\/10\/17-ottobre-giornata-mondiale-per-leliminazione-della-poverta-sit-in-a-roma-in-piazza-capranica\/#primaryimage\"},\"image\":{\"@id\":\"https:\/\/www.pressenza.com\/it\/2024\/10\/17-ottobre-giornata-mondiale-per-leliminazione-della-poverta-sit-in-a-roma-in-piazza-capranica\/#primaryimage\"},\"thumbnailUrl\":\"https:\/\/www.pressenza.com\/wp-content\/uploads\/2024\/10\/Volantino-350x497-1.png\",\"datePublished\":\"2024-10-15T12:45:33+00:00\",\"dateModified\":\"2024-10-15T12:46:23+00:00\",\"description\":\"Il 17 ottobre \u00e8 la Giornata mondiale per l\u2019eliminazione delle povert\u00e0, istituita 32 anni fa dall\u2019Assemblea Generale delle Nazioni Unite. L\u2019obiettivo delle\",\"breadcrumb\":{\"@id\":\"https:\/\/www.pressenza.com\/it\/2024\/10\/17-ottobre-giornata-mondiale-per-leliminazione-della-poverta-sit-in-a-roma-in-piazza-capranica\/#breadcrumb\"},\"inLanguage\":\"it-IT\",\"potentialAction\":[{\"@type\":\"ReadAction\",\"target\":[\"https:\/\/www.pressenza.com\/it\/2024\/10\/17-ottobre-giornata-mondiale-per-leliminazione-della-poverta-sit-in-a-roma-in-piazza-capranica\/\"]}]},{\"@type\":\"ImageObject\",\"inLanguage\":\"it-IT\",\"@id\":\"https:\/\/www.pressenza.com\/it\/2024\/10\/17-ottobre-giornata-mondiale-per-leliminazione-della-poverta-sit-in-a-roma-in-piazza-capranica\/#primaryimage\",\"url\":\"https:\/\/www.pressenza.com\/wp-content\/uploads\/2024\/10\/Volantino-350x497-1.png\",\"contentUrl\":\"https:\/\/www.pressenza.com\/wp-content\/uploads\/2024\/10\/Volantino-350x497-1.png\",\"width\":350,\"height\":497},{\"@type\":\"BreadcrumbList\",\"@id\":\"https:\/\/www.pressenza.com\/it\/2024\/10\/17-ottobre-giornata-mondiale-per-leliminazione-della-poverta-sit-in-a-roma-in-piazza-capranica\/#breadcrumb\",\"itemListElement\":[{\"@type\":\"ListItem\",\"position\":1,\"name\":\"Accueil\",\"item\":\"https:\/\/www.pressenza.com\/it\/\"},{\"@type\":\"ListItem\",\"position\":2,\"name\":\"17 ottobre giornata mondiale per l\u2019eliminazione della povert\u00e0: sit-in a Roma in Piazza Capranica\"}]},{\"@type\":\"WebSite\",\"@id\":\"https:\/\/www.pressenza.com\/it\/#website\",\"url\":\"https:\/\/www.pressenza.com\/it\/\",\"name\":\"Pressenza\",\"description\":\"Agenzia di Stampa Internazionale\",\"publisher\":{\"@id\":\"https:\/\/www.pressenza.com\/it\/#organization\"},\"potentialAction\":[{\"@type\":\"SearchAction\",\"target\":{\"@type\":\"EntryPoint\",\"urlTemplate\":\"https:\/\/www.pressenza.com\/it\/?s={search_term_string}\"},\"query-input\":{\"@type\":\"PropertyValueSpecification\",\"valueRequired\":true,\"valueName\":\"search_term_string\"}}],\"inLanguage\":\"it-IT\"},{\"@type\":\"Organization\",\"@id\":\"https:\/\/www.pressenza.com\/it\/#organization\",\"name\":\"Pressenza\",\"url\":\"https:\/\/www.pressenza.com\/it\/\",\"logo\":{\"@type\":\"ImageObject\",\"inLanguage\":\"it-IT\",\"@id\":\"https:\/\/www.pressenza.com\/it\/#\/schema\/logo\/image\/\",\"url\":\"https:\/\/www.pressenza.com\/wp-content\/uploads\/2022\/10\/pressenza_logo_200x200.jpg\",\"contentUrl\":\"https:\/\/www.pressenza.com\/wp-content\/uploads\/2022\/10\/pressenza_logo_200x200.jpg\",\"width\":200,\"height\":200,\"caption\":\"Pressenza\"},\"image\":{\"@id\":\"https:\/\/www.pressenza.com\/it\/#\/schema\/logo\/image\/\"},\"sameAs\":[\"https:\/\/www.facebook.com\/PressenzaItalia\",\"https:\/\/x.com\/PressenzaIPA\"]},{\"@type\":\"Person\",\"@id\":\"https:\/\/www.pressenza.com\/it\/#\/schema\/person\/81d9a9d9c8aeb2bd63972258ed525d7e\",\"name\":\"Redazione Roma\",\"description\":\"News from the Pressenza Bureau in Rome, Italy\",\"url\":\"https:\/\/www.pressenza.com\/it\/author\/redazione-roma\/\"}]}<\/script>\n<!-- \/ Yoast SEO plugin. -->","yoast_head_json":{"title":"17 ottobre giornata mondiale per l\u2019eliminazione della povert\u00e0: sit-in a Roma in Piazza Capranica","description":"Il 17 ottobre \u00e8 la Giornata mondiale per l\u2019eliminazione delle povert\u00e0, istituita 32 anni fa dall\u2019Assemblea Generale delle Nazioni Unite. L\u2019obiettivo delle","robots":{"index":"index","follow":"follow","max-snippet":"max-snippet:-1","max-image-preview":"max-image-preview:large","max-video-preview":"max-video-preview:-1"},"canonical":"https:\/\/www.pressenza.com\/it\/2024\/10\/17-ottobre-giornata-mondiale-per-leliminazione-della-poverta-sit-in-a-roma-in-piazza-capranica\/","og_locale":"it_IT","og_type":"article","og_title":"17 ottobre giornata mondiale per l\u2019eliminazione della povert\u00e0: sit-in a Roma in Piazza Capranica","og_description":"Il 17 ottobre \u00e8 la Giornata mondiale per l\u2019eliminazione delle povert\u00e0, istituita 32 anni fa dall\u2019Assemblea Generale delle Nazioni Unite. L\u2019obiettivo delle","og_url":"https:\/\/www.pressenza.com\/it\/2024\/10\/17-ottobre-giornata-mondiale-per-leliminazione-della-poverta-sit-in-a-roma-in-piazza-capranica\/","og_site_name":"Pressenza","article_publisher":"https:\/\/www.facebook.com\/PressenzaItalia","article_published_time":"2024-10-15T12:45:33+00:00","article_modified_time":"2024-10-15T12:46:23+00:00","og_image":[{"width":350,"height":497,"url":"https:\/\/www.pressenza.com\/wp-content\/uploads\/2024\/10\/Volantino-350x497-1.png","type":"image\/png"}],"author":"Redazione Roma","twitter_card":"summary_large_image","twitter_creator":"@PressenzaIPA","twitter_site":"@PressenzaIPA","twitter_misc":{"Scritto da":"Redazione Roma","Tempo di lettura stimato":"4 minuti"},"schema":{"@context":"https:\/\/schema.org","@graph":[{"@type":"Article","@id":"https:\/\/www.pressenza.com\/it\/2024\/10\/17-ottobre-giornata-mondiale-per-leliminazione-della-poverta-sit-in-a-roma-in-piazza-capranica\/#article","isPartOf":{"@id":"https:\/\/www.pressenza.com\/it\/2024\/10\/17-ottobre-giornata-mondiale-per-leliminazione-della-poverta-sit-in-a-roma-in-piazza-capranica\/"},"author":{"name":"Redazione Roma","@id":"https:\/\/www.pressenza.com\/it\/#\/schema\/person\/81d9a9d9c8aeb2bd63972258ed525d7e"},"headline":"17 ottobre giornata mondiale per l\u2019eliminazione della povert\u00e0: sit-in a Roma in Piazza Capranica","datePublished":"2024-10-15T12:45:33+00:00","dateModified":"2024-10-15T12:46:23+00:00","mainEntityOfPage":{"@id":"https:\/\/www.pressenza.com\/it\/2024\/10\/17-ottobre-giornata-mondiale-per-leliminazione-della-poverta-sit-in-a-roma-in-piazza-capranica\/"},"wordCount":670,"publisher":{"@id":"https:\/\/www.pressenza.com\/it\/#organization"},"image":{"@id":"https:\/\/www.pressenza.com\/it\/2024\/10\/17-ottobre-giornata-mondiale-per-leliminazione-della-poverta-sit-in-a-roma-in-piazza-capranica\/#primaryimage"},"thumbnailUrl":"https:\/\/www.pressenza.com\/wp-content\/uploads\/2024\/10\/Volantino-350x497-1.png","keywords":["Governo Meloni","povert\u00e0","Rete dei Numeri Pari"],"articleSection":["Comunicati Stampa","Diritti Umani"],"inLanguage":"it-IT"},{"@type":"WebPage","@id":"https:\/\/www.pressenza.com\/it\/2024\/10\/17-ottobre-giornata-mondiale-per-leliminazione-della-poverta-sit-in-a-roma-in-piazza-capranica\/","url":"https:\/\/www.pressenza.com\/it\/2024\/10\/17-ottobre-giornata-mondiale-per-leliminazione-della-poverta-sit-in-a-roma-in-piazza-capranica\/","name":"17 ottobre giornata mondiale per l\u2019eliminazione della povert\u00e0: sit-in a Roma in Piazza Capranica","isPartOf":{"@id":"https:\/\/www.pressenza.com\/it\/#website"},"primaryImageOfPage":{"@id":"https:\/\/www.pressenza.com\/it\/2024\/10\/17-ottobre-giornata-mondiale-per-leliminazione-della-poverta-sit-in-a-roma-in-piazza-capranica\/#primaryimage"},"image":{"@id":"https:\/\/www.pressenza.com\/it\/2024\/10\/17-ottobre-giornata-mondiale-per-leliminazione-della-poverta-sit-in-a-roma-in-piazza-capranica\/#primaryimage"},"thumbnailUrl":"https:\/\/www.pressenza.com\/wp-content\/uploads\/2024\/10\/Volantino-350x497-1.png","datePublished":"2024-10-15T12:45:33+00:00","dateModified":"2024-10-15T12:46:23+00:00","description":"Il 17 ottobre \u00e8 la Giornata mondiale per l\u2019eliminazione delle povert\u00e0, istituita 32 anni fa dall\u2019Assemblea Generale delle Nazioni Unite. L\u2019obiettivo delle","breadcrumb":{"@id":"https:\/\/www.pressenza.com\/it\/2024\/10\/17-ottobre-giornata-mondiale-per-leliminazione-della-poverta-sit-in-a-roma-in-piazza-capranica\/#breadcrumb"},"inLanguage":"it-IT","potentialAction":[{"@type":"ReadAction","target":["https:\/\/www.pressenza.com\/it\/2024\/10\/17-ottobre-giornata-mondiale-per-leliminazione-della-poverta-sit-in-a-roma-in-piazza-capranica\/"]}]},{"@type":"ImageObject","inLanguage":"it-IT","@id":"https:\/\/www.pressenza.com\/it\/2024\/10\/17-ottobre-giornata-mondiale-per-leliminazione-della-poverta-sit-in-a-roma-in-piazza-capranica\/#primaryimage","url":"https:\/\/www.pressenza.com\/wp-content\/uploads\/2024\/10\/Volantino-350x497-1.png","contentUrl":"https:\/\/www.pressenza.com\/wp-content\/uploads\/2024\/10\/Volantino-350x497-1.png","width":350,"height":497},{"@type":"BreadcrumbList","@id":"https:\/\/www.pressenza.com\/it\/2024\/10\/17-ottobre-giornata-mondiale-per-leliminazione-della-poverta-sit-in-a-roma-in-piazza-capranica\/#breadcrumb","itemListElement":[{"@type":"ListItem","position":1,"name":"Accueil","item":"https:\/\/www.pressenza.com\/it\/"},{"@type":"ListItem","position":2,"name":"17 ottobre giornata mondiale per l\u2019eliminazione della povert\u00e0: sit-in a Roma in Piazza Capranica"}]},{"@type":"WebSite","@id":"https:\/\/www.pressenza.com\/it\/#website","url":"https:\/\/www.pressenza.com\/it\/","name":"Pressenza","description":"Agenzia di Stampa Internazionale","publisher":{"@id":"https:\/\/www.pressenza.com\/it\/#organization"},"potentialAction":[{"@type":"SearchAction","target":{"@type":"EntryPoint","urlTemplate":"https:\/\/www.pressenza.com\/it\/?s={search_term_string}"},"query-input":{"@type":"PropertyValueSpecification","valueRequired":true,"valueName":"search_term_string"}}],"inLanguage":"it-IT"},{"@type":"Organization","@id":"https:\/\/www.pressenza.com\/it\/#organization","name":"Pressenza","url":"https:\/\/www.pressenza.com\/it\/","logo":{"@type":"ImageObject","inLanguage":"it-IT","@id":"https:\/\/www.pressenza.com\/it\/#\/schema\/logo\/image\/","url":"https:\/\/www.pressenza.com\/wp-content\/uploads\/2022\/10\/pressenza_logo_200x200.jpg","contentUrl":"https:\/\/www.pressenza.com\/wp-content\/uploads\/2022\/10\/pressenza_logo_200x200.jpg","width":200,"height":200,"caption":"Pressenza"},"image":{"@id":"https:\/\/www.pressenza.com\/it\/#\/schema\/logo\/image\/"},"sameAs":["https:\/\/www.facebook.com\/PressenzaItalia","https:\/\/x.com\/PressenzaIPA"]},{"@type":"Person","@id":"https:\/\/www.pressenza.com\/it\/#\/schema\/person\/81d9a9d9c8aeb2bd63972258ed525d7e","name":"Redazione Roma","description":"News from the Pressenza Bureau in Rome, Italy","url":"https:\/\/www.pressenza.com\/it\/author\/redazione-roma\/"}]}},"place":"","original_article_url":"","_links":{"self":[{"href":"https:\/\/www.pressenza.com\/it\/wp-json\/wp\/v2\/posts\/2555087","targetHints":{"allow":["GET"]}}],"collection":[{"href":"https:\/\/www.pressenza.com\/it\/wp-json\/wp\/v2\/posts"}],"about":[{"href":"https:\/\/www.pressenza.com\/it\/wp-json\/wp\/v2\/types\/post"}],"author":[{"embeddable":true,"href":"https:\/\/www.pressenza.com\/it\/wp-json\/wp\/v2\/users\/1721"}],"replies":[{"embeddable":true,"href":"https:\/\/www.pressenza.com\/it\/wp-json\/wp\/v2\/comments?post=2555087"}],"version-history":[{"count":0,"href":"https:\/\/www.pressenza.com\/it\/wp-json\/wp\/v2\/posts\/2555087\/revisions"}],"wp:featuredmedia":[{"embeddable":true,"href":"https:\/\/www.pressenza.com\/it\/wp-json\/wp\/v2\/media\/2555088"}],"wp:attachment":[{"href":"https:\/\/www.pressenza.com\/it\/wp-json\/wp\/v2\/media?parent=2555087"}],"wp:term":[{"taxonomy":"category","embeddable":true,"href":"https:\/\/www.pressenza.com\/it\/wp-json\/wp\/v2\/categories?post=2555087"},{"taxonomy":"post_tag","embeddable":true,"href":"https:\/\/www.pressenza.com\/it\/wp-json\/wp\/v2\/tags?post=2555087"}],"curies":[{"name":"wp","href":"https:\/\/api.w.org\/{rel}","templated":true}]}}