{"id":2554768,"date":"2024-10-14T14:56:26","date_gmt":"2024-10-14T13:56:26","guid":{"rendered":"https:\/\/www.pressenza.com\/?p=2554768"},"modified":"2024-10-14T14:57:19","modified_gmt":"2024-10-14T13:57:19","slug":"guatemale-la-terza-marcia-mondiale-visita-la-casa-della-memoria-a-citta-del-guatemala","status":"publish","type":"post","link":"https:\/\/www.pressenza.com\/it\/2024\/10\/guatemale-la-terza-marcia-mondiale-visita-la-casa-della-memoria-a-citta-del-guatemala\/","title":{"rendered":"Guatemala: la Terza Marcia Mondiale visita la Casa della Memoria a Citt\u00e0 del Guatemala"},"content":{"rendered":"<p>Il 9 ottobre, l\u2019equipe base della 3MM ha visitato la Casa della Memoria Storica a Citt\u00e0 del Guatemala, chiamata \u00abKaji Tulam\u00bb, che in K\u2019iche\u2019 significa \u201cquattro punti cosmici\u201d, \u00abquattro elementi\u201d o \u201cquattro colori\u201d.<\/p>\n<p>Inizialmente, Fabiola Garc\u00eda, coordinatrice del Centro, ha raccontato alla equipe base come l\u2019obiettivo di questa casa sia quello di insegnare ai giovani ci\u00f2 che i libri di storia non hanno trasmesso. Sotto il motto \u201cper non dimenticare\u201d, la Casa della Memoria \u00e8 un centro destinato principalmente alla riflessione dei giovani, affinch\u00e9 possano conoscere la storia della lotta e della resistenza degli antenati, per ottenere una visione pi\u00f9 obiettiva della realt\u00e0 attuale del Guatemala.<\/p>\n<p>Successivamente, \u00e8 stato dato spazio alla partecipazione di vari membri della equipe base: Rafael de la Rubia ha trasmesso un messaggio riguardo alla necessit\u00e0 di imparare a superare la violenza come specie umana. \u00abSe impariamo a convivere, vivremo meglio\u00bb, ha affermato.<\/p>\n<p>Inoltre, Juan G\u00f3mez, membro del Equipe Base del Cile, ha spiegato che il senso delle Marce Mondiali per la Pace e la Nonviolenza \u00e8 creare consapevolezza sulla necessit\u00e0 della nonviolenza in tutti i suoi aspetti e tipi.<\/p>\n<p>Alberto V\u00e1squez, coordinatore della Marcia in Guatemala, ha espresso parole di gratitudine alla Casa della Memoria e ha illustrato il percorso che la Marcia Mondiale segue dal momento della sua partenza in Costa Rica fino al suo ritorno nello stesso punto il 5 gennaio 2025.<\/p>\n<p>Rafael L\u00f3pez, membro del Equipe Base del Costa Rica, ha approfittato dell\u2019occasione per invitare alla chiusura della 3MM, per la quale si sta preparando una grande accoglienza per i partecipanti alla conclusione dell\u2019evento.<\/p>\n<p>La visita si \u00e8 conclusa con una guida turistica condotta dalle volontarie del centro, che ha fatto percorrere sale tematiche: dalla civilt\u00e0 maya, al passaggio degli spagnoli, la crudelt\u00e0 della conquista, l&#8217;indipendenza dalla Spagna, il passaggio al controllo dei criollos e di altri gruppi che hanno mantenuto e prolungato la discriminazione e lo sfruttamento dei popoli originari. Le lotte civili, innumerevoli massacri e sparizioni, la rivoluzione del 20 ottobre 1944, i martiri e i grandi libertari, fino al conflitto armato che ha lasciato oltre 200 mila vittime in Guatemala tra il 1960 e il 1996.<\/p>\n<p>La visita si \u00e8 conclusa lasciando tra i partecipanti un\u2019atmosfera di riflessione sulla necessit\u00e0 di conoscere la storia, per non ripetere gli abusi e tutti i tipi di violenza del passato, e sulla riconciliazione necessaria per avanzare verso un futuro migliore.<\/p>\n","protected":false},"excerpt":{"rendered":"<p>Il 9 ottobre, l\u2019equipe base della 3MM ha visitato la Casa della Memoria Storica a Citt\u00e0 del Guatemala, chiamata \u00abKaji Tulam\u00bb, che in K\u2019iche\u2019 significa \u201cquattro punti cosmici\u201d, \u00abquattro elementi\u201d o \u201cquattro colori\u201d. Inizialmente, Fabiola Garc\u00eda, coordinatrice del Centro, ha&hellip;<\/p>\n","protected":false},"author":1565,"featured_media":2554771,"comment_status":"closed","ping_status":"closed","sticky":false,"template":"","format":"standard","meta":{"footnotes":""},"categories":[50,11388,1262,1263,61],"tags":[127912,3217,26592,104474],"class_list":["post-2554768","post","type-post","status-publish","format-standard","has-post-thumbnail","hentry","category-centro-america","category-contenuti-originali","category-nonviolenza-argomento","category-pace-disarmo","category-popoli-aborigeni","tag-3mm-it","tag-guatemala-it","tag-pueblos-originarios-it","tag-terza-marcia-mondiale-per-la-pace-e-la-nonviolenza"],"yoast_head":"<!-- This site is optimized with the Yoast SEO plugin v27.1.1 - https:\/\/yoast.com\/product\/yoast-seo-wordpress\/ -->\n<title>Guatemala: la Terza Marcia Mondiale visita la Casa della Memoria a Citt\u00e0 del Guatemala<\/title>\n<meta name=\"description\" content=\"Il 9 ottobre, l\u2019equipe base della 3MM ha visitato la Casa della Memoria Storica a Citt\u00e0 del Guatemala, chiamata \u00abKaji Tulam\u00bb, che in K\u2019iche\u2019 significa\" \/>\n<meta name=\"robots\" content=\"index, follow, max-snippet:-1, max-image-preview:large, max-video-preview:-1\" \/>\n<link rel=\"canonical\" href=\"https:\/\/www.pressenza.com\/it\/2024\/10\/guatemale-la-terza-marcia-mondiale-visita-la-casa-della-memoria-a-citta-del-guatemala\/\" \/>\n<meta property=\"og:locale\" content=\"it_IT\" \/>\n<meta property=\"og:type\" content=\"article\" \/>\n<meta property=\"og:title\" content=\"Guatemala: la Terza Marcia Mondiale visita la Casa della Memoria a Citt\u00e0 del Guatemala\" \/>\n<meta property=\"og:description\" content=\"Il 9 ottobre, l\u2019equipe base della 3MM ha visitato la Casa della Memoria Storica a Citt\u00e0 del Guatemala, chiamata \u00abKaji Tulam\u00bb, che in K\u2019iche\u2019 significa\" \/>\n<meta property=\"og:url\" content=\"https:\/\/www.pressenza.com\/it\/2024\/10\/guatemale-la-terza-marcia-mondiale-visita-la-casa-della-memoria-a-citta-del-guatemala\/\" \/>\n<meta property=\"og:site_name\" content=\"Pressenza\" \/>\n<meta property=\"article:publisher\" content=\"https:\/\/www.facebook.com\/PressenzaItalia\" \/>\n<meta property=\"article:published_time\" content=\"2024-10-14T13:56:26+00:00\" \/>\n<meta property=\"article:modified_time\" content=\"2024-10-14T13:57:19+00:00\" \/>\n<meta property=\"og:image\" content=\"https:\/\/www.pressenza.com\/wp-content\/uploads\/2024\/10\/Guate2.jpg\" \/>\n\t<meta property=\"og:image:width\" content=\"1600\" \/>\n\t<meta property=\"og:image:height\" content=\"747\" \/>\n\t<meta property=\"og:image:type\" content=\"image\/jpeg\" \/>\n<meta name=\"author\" content=\"Marcia Mondiale per la Pace e la Nonviolenza\" \/>\n<meta name=\"twitter:card\" content=\"summary_large_image\" \/>\n<meta name=\"twitter:creator\" content=\"@PressenzaIPA\" \/>\n<meta name=\"twitter:site\" content=\"@PressenzaIPA\" \/>\n<meta name=\"twitter:label1\" content=\"Scritto da\" \/>\n\t<meta name=\"twitter:data1\" content=\"Marcia Mondiale per la Pace e la Nonviolenza\" \/>\n\t<meta name=\"twitter:label2\" content=\"Tempo di lettura stimato\" \/>\n\t<meta name=\"twitter:data2\" content=\"3 minuti\" \/>\n<script type=\"application\/ld+json\" class=\"yoast-schema-graph\">{\"@context\":\"https:\/\/schema.org\",\"@graph\":[{\"@type\":\"Article\",\"@id\":\"https:\/\/www.pressenza.com\/it\/2024\/10\/guatemale-la-terza-marcia-mondiale-visita-la-casa-della-memoria-a-citta-del-guatemala\/#article\",\"isPartOf\":{\"@id\":\"https:\/\/www.pressenza.com\/it\/2024\/10\/guatemale-la-terza-marcia-mondiale-visita-la-casa-della-memoria-a-citta-del-guatemala\/\"},\"author\":{\"name\":\"Marcia Mondiale per la Pace e la Nonviolenza\",\"@id\":\"https:\/\/www.pressenza.com\/it\/#\/schema\/person\/7695876a0aa9e0602a5de3babecd54ff\"},\"headline\":\"Guatemala: la Terza Marcia Mondiale visita la Casa della Memoria a Citt\u00e0 del Guatemala\",\"datePublished\":\"2024-10-14T13:56:26+00:00\",\"dateModified\":\"2024-10-14T13:57:19+00:00\",\"mainEntityOfPage\":{\"@id\":\"https:\/\/www.pressenza.com\/it\/2024\/10\/guatemale-la-terza-marcia-mondiale-visita-la-casa-della-memoria-a-citta-del-guatemala\/\"},\"wordCount\":410,\"publisher\":{\"@id\":\"https:\/\/www.pressenza.com\/it\/#organization\"},\"image\":{\"@id\":\"https:\/\/www.pressenza.com\/it\/2024\/10\/guatemale-la-terza-marcia-mondiale-visita-la-casa-della-memoria-a-citta-del-guatemala\/#primaryimage\"},\"thumbnailUrl\":\"https:\/\/www.pressenza.com\/wp-content\/uploads\/2024\/10\/Guate2.jpg\",\"keywords\":[\"3MM\",\"Guatemala\",\"Pueblos Originarios\",\"Terza Marcia Mondiale per la Pace e la Nonviolenza\"],\"articleSection\":[\"America Centrale\",\"contenuti originali\",\"Nonviolenza\",\"Pace e Disarmo\",\"Popoli originari\"],\"inLanguage\":\"it-IT\"},{\"@type\":\"WebPage\",\"@id\":\"https:\/\/www.pressenza.com\/it\/2024\/10\/guatemale-la-terza-marcia-mondiale-visita-la-casa-della-memoria-a-citta-del-guatemala\/\",\"url\":\"https:\/\/www.pressenza.com\/it\/2024\/10\/guatemale-la-terza-marcia-mondiale-visita-la-casa-della-memoria-a-citta-del-guatemala\/\",\"name\":\"Guatemala: la Terza Marcia Mondiale visita la Casa della Memoria a Citt\u00e0 del Guatemala\",\"isPartOf\":{\"@id\":\"https:\/\/www.pressenza.com\/it\/#website\"},\"primaryImageOfPage\":{\"@id\":\"https:\/\/www.pressenza.com\/it\/2024\/10\/guatemale-la-terza-marcia-mondiale-visita-la-casa-della-memoria-a-citta-del-guatemala\/#primaryimage\"},\"image\":{\"@id\":\"https:\/\/www.pressenza.com\/it\/2024\/10\/guatemale-la-terza-marcia-mondiale-visita-la-casa-della-memoria-a-citta-del-guatemala\/#primaryimage\"},\"thumbnailUrl\":\"https:\/\/www.pressenza.com\/wp-content\/uploads\/2024\/10\/Guate2.jpg\",\"datePublished\":\"2024-10-14T13:56:26+00:00\",\"dateModified\":\"2024-10-14T13:57:19+00:00\",\"description\":\"Il 9 ottobre, l\u2019equipe base della 3MM ha visitato la Casa della Memoria Storica a Citt\u00e0 del Guatemala, chiamata \u00abKaji Tulam\u00bb, che in K\u2019iche\u2019 significa\",\"breadcrumb\":{\"@id\":\"https:\/\/www.pressenza.com\/it\/2024\/10\/guatemale-la-terza-marcia-mondiale-visita-la-casa-della-memoria-a-citta-del-guatemala\/#breadcrumb\"},\"inLanguage\":\"it-IT\",\"potentialAction\":[{\"@type\":\"ReadAction\",\"target\":[\"https:\/\/www.pressenza.com\/it\/2024\/10\/guatemale-la-terza-marcia-mondiale-visita-la-casa-della-memoria-a-citta-del-guatemala\/\"]}]},{\"@type\":\"ImageObject\",\"inLanguage\":\"it-IT\",\"@id\":\"https:\/\/www.pressenza.com\/it\/2024\/10\/guatemale-la-terza-marcia-mondiale-visita-la-casa-della-memoria-a-citta-del-guatemala\/#primaryimage\",\"url\":\"https:\/\/www.pressenza.com\/wp-content\/uploads\/2024\/10\/Guate2.jpg\",\"contentUrl\":\"https:\/\/www.pressenza.com\/wp-content\/uploads\/2024\/10\/Guate2.jpg\",\"width\":1600,\"height\":747},{\"@type\":\"BreadcrumbList\",\"@id\":\"https:\/\/www.pressenza.com\/it\/2024\/10\/guatemale-la-terza-marcia-mondiale-visita-la-casa-della-memoria-a-citta-del-guatemala\/#breadcrumb\",\"itemListElement\":[{\"@type\":\"ListItem\",\"position\":1,\"name\":\"Accueil\",\"item\":\"https:\/\/www.pressenza.com\/it\/\"},{\"@type\":\"ListItem\",\"position\":2,\"name\":\"Guatemala: la Terza Marcia Mondiale visita la Casa della Memoria a Citt\u00e0 del Guatemala\"}]},{\"@type\":\"WebSite\",\"@id\":\"https:\/\/www.pressenza.com\/it\/#website\",\"url\":\"https:\/\/www.pressenza.com\/it\/\",\"name\":\"Pressenza\",\"description\":\"Agenzia di Stampa Internazionale\",\"publisher\":{\"@id\":\"https:\/\/www.pressenza.com\/it\/#organization\"},\"potentialAction\":[{\"@type\":\"SearchAction\",\"target\":{\"@type\":\"EntryPoint\",\"urlTemplate\":\"https:\/\/www.pressenza.com\/it\/?s={search_term_string}\"},\"query-input\":{\"@type\":\"PropertyValueSpecification\",\"valueRequired\":true,\"valueName\":\"search_term_string\"}}],\"inLanguage\":\"it-IT\"},{\"@type\":\"Organization\",\"@id\":\"https:\/\/www.pressenza.com\/it\/#organization\",\"name\":\"Pressenza\",\"url\":\"https:\/\/www.pressenza.com\/it\/\",\"logo\":{\"@type\":\"ImageObject\",\"inLanguage\":\"it-IT\",\"@id\":\"https:\/\/www.pressenza.com\/it\/#\/schema\/logo\/image\/\",\"url\":\"https:\/\/www.pressenza.com\/wp-content\/uploads\/2022\/10\/pressenza_logo_200x200.jpg\",\"contentUrl\":\"https:\/\/www.pressenza.com\/wp-content\/uploads\/2022\/10\/pressenza_logo_200x200.jpg\",\"width\":200,\"height\":200,\"caption\":\"Pressenza\"},\"image\":{\"@id\":\"https:\/\/www.pressenza.com\/it\/#\/schema\/logo\/image\/\"},\"sameAs\":[\"https:\/\/www.facebook.com\/PressenzaItalia\",\"https:\/\/x.com\/PressenzaIPA\"]},{\"@type\":\"Person\",\"@id\":\"https:\/\/www.pressenza.com\/it\/#\/schema\/person\/7695876a0aa9e0602a5de3babecd54ff\",\"name\":\"Marcia Mondiale per la Pace e la Nonviolenza\",\"sameAs\":[\"https:\/\/theworldmarch.org\"],\"url\":\"https:\/\/www.pressenza.com\/it\/author\/marcia-mondiale-per-la-pace-e-la-nonviolenza\/\"}]}<\/script>\n<!-- \/ Yoast SEO plugin. -->","yoast_head_json":{"title":"Guatemala: la Terza Marcia Mondiale visita la Casa della Memoria a Citt\u00e0 del Guatemala","description":"Il 9 ottobre, l\u2019equipe base della 3MM ha visitato la Casa della Memoria Storica a Citt\u00e0 del Guatemala, chiamata \u00abKaji Tulam\u00bb, che in K\u2019iche\u2019 significa","robots":{"index":"index","follow":"follow","max-snippet":"max-snippet:-1","max-image-preview":"max-image-preview:large","max-video-preview":"max-video-preview:-1"},"canonical":"https:\/\/www.pressenza.com\/it\/2024\/10\/guatemale-la-terza-marcia-mondiale-visita-la-casa-della-memoria-a-citta-del-guatemala\/","og_locale":"it_IT","og_type":"article","og_title":"Guatemala: la Terza Marcia Mondiale visita la Casa della Memoria a Citt\u00e0 del Guatemala","og_description":"Il 9 ottobre, l\u2019equipe base della 3MM ha visitato la Casa della Memoria Storica a Citt\u00e0 del Guatemala, chiamata \u00abKaji Tulam\u00bb, che in K\u2019iche\u2019 significa","og_url":"https:\/\/www.pressenza.com\/it\/2024\/10\/guatemale-la-terza-marcia-mondiale-visita-la-casa-della-memoria-a-citta-del-guatemala\/","og_site_name":"Pressenza","article_publisher":"https:\/\/www.facebook.com\/PressenzaItalia","article_published_time":"2024-10-14T13:56:26+00:00","article_modified_time":"2024-10-14T13:57:19+00:00","og_image":[{"width":1600,"height":747,"url":"https:\/\/www.pressenza.com\/wp-content\/uploads\/2024\/10\/Guate2.jpg","type":"image\/jpeg"}],"author":"Marcia Mondiale per la Pace e la Nonviolenza","twitter_card":"summary_large_image","twitter_creator":"@PressenzaIPA","twitter_site":"@PressenzaIPA","twitter_misc":{"Scritto da":"Marcia Mondiale per la Pace e la Nonviolenza","Tempo di lettura stimato":"3 minuti"},"schema":{"@context":"https:\/\/schema.org","@graph":[{"@type":"Article","@id":"https:\/\/www.pressenza.com\/it\/2024\/10\/guatemale-la-terza-marcia-mondiale-visita-la-casa-della-memoria-a-citta-del-guatemala\/#article","isPartOf":{"@id":"https:\/\/www.pressenza.com\/it\/2024\/10\/guatemale-la-terza-marcia-mondiale-visita-la-casa-della-memoria-a-citta-del-guatemala\/"},"author":{"name":"Marcia Mondiale per la Pace e la Nonviolenza","@id":"https:\/\/www.pressenza.com\/it\/#\/schema\/person\/7695876a0aa9e0602a5de3babecd54ff"},"headline":"Guatemala: la Terza Marcia Mondiale visita la Casa della Memoria a Citt\u00e0 del Guatemala","datePublished":"2024-10-14T13:56:26+00:00","dateModified":"2024-10-14T13:57:19+00:00","mainEntityOfPage":{"@id":"https:\/\/www.pressenza.com\/it\/2024\/10\/guatemale-la-terza-marcia-mondiale-visita-la-casa-della-memoria-a-citta-del-guatemala\/"},"wordCount":410,"publisher":{"@id":"https:\/\/www.pressenza.com\/it\/#organization"},"image":{"@id":"https:\/\/www.pressenza.com\/it\/2024\/10\/guatemale-la-terza-marcia-mondiale-visita-la-casa-della-memoria-a-citta-del-guatemala\/#primaryimage"},"thumbnailUrl":"https:\/\/www.pressenza.com\/wp-content\/uploads\/2024\/10\/Guate2.jpg","keywords":["3MM","Guatemala","Pueblos Originarios","Terza Marcia Mondiale per la Pace e la Nonviolenza"],"articleSection":["America Centrale","contenuti originali","Nonviolenza","Pace e Disarmo","Popoli originari"],"inLanguage":"it-IT"},{"@type":"WebPage","@id":"https:\/\/www.pressenza.com\/it\/2024\/10\/guatemale-la-terza-marcia-mondiale-visita-la-casa-della-memoria-a-citta-del-guatemala\/","url":"https:\/\/www.pressenza.com\/it\/2024\/10\/guatemale-la-terza-marcia-mondiale-visita-la-casa-della-memoria-a-citta-del-guatemala\/","name":"Guatemala: la Terza Marcia Mondiale visita la Casa della Memoria a Citt\u00e0 del Guatemala","isPartOf":{"@id":"https:\/\/www.pressenza.com\/it\/#website"},"primaryImageOfPage":{"@id":"https:\/\/www.pressenza.com\/it\/2024\/10\/guatemale-la-terza-marcia-mondiale-visita-la-casa-della-memoria-a-citta-del-guatemala\/#primaryimage"},"image":{"@id":"https:\/\/www.pressenza.com\/it\/2024\/10\/guatemale-la-terza-marcia-mondiale-visita-la-casa-della-memoria-a-citta-del-guatemala\/#primaryimage"},"thumbnailUrl":"https:\/\/www.pressenza.com\/wp-content\/uploads\/2024\/10\/Guate2.jpg","datePublished":"2024-10-14T13:56:26+00:00","dateModified":"2024-10-14T13:57:19+00:00","description":"Il 9 ottobre, l\u2019equipe base della 3MM ha visitato la Casa della Memoria Storica a Citt\u00e0 del Guatemala, chiamata \u00abKaji Tulam\u00bb, che in K\u2019iche\u2019 significa","breadcrumb":{"@id":"https:\/\/www.pressenza.com\/it\/2024\/10\/guatemale-la-terza-marcia-mondiale-visita-la-casa-della-memoria-a-citta-del-guatemala\/#breadcrumb"},"inLanguage":"it-IT","potentialAction":[{"@type":"ReadAction","target":["https:\/\/www.pressenza.com\/it\/2024\/10\/guatemale-la-terza-marcia-mondiale-visita-la-casa-della-memoria-a-citta-del-guatemala\/"]}]},{"@type":"ImageObject","inLanguage":"it-IT","@id":"https:\/\/www.pressenza.com\/it\/2024\/10\/guatemale-la-terza-marcia-mondiale-visita-la-casa-della-memoria-a-citta-del-guatemala\/#primaryimage","url":"https:\/\/www.pressenza.com\/wp-content\/uploads\/2024\/10\/Guate2.jpg","contentUrl":"https:\/\/www.pressenza.com\/wp-content\/uploads\/2024\/10\/Guate2.jpg","width":1600,"height":747},{"@type":"BreadcrumbList","@id":"https:\/\/www.pressenza.com\/it\/2024\/10\/guatemale-la-terza-marcia-mondiale-visita-la-casa-della-memoria-a-citta-del-guatemala\/#breadcrumb","itemListElement":[{"@type":"ListItem","position":1,"name":"Accueil","item":"https:\/\/www.pressenza.com\/it\/"},{"@type":"ListItem","position":2,"name":"Guatemala: la Terza Marcia Mondiale visita la Casa della Memoria a Citt\u00e0 del Guatemala"}]},{"@type":"WebSite","@id":"https:\/\/www.pressenza.com\/it\/#website","url":"https:\/\/www.pressenza.com\/it\/","name":"Pressenza","description":"Agenzia di Stampa Internazionale","publisher":{"@id":"https:\/\/www.pressenza.com\/it\/#organization"},"potentialAction":[{"@type":"SearchAction","target":{"@type":"EntryPoint","urlTemplate":"https:\/\/www.pressenza.com\/it\/?s={search_term_string}"},"query-input":{"@type":"PropertyValueSpecification","valueRequired":true,"valueName":"search_term_string"}}],"inLanguage":"it-IT"},{"@type":"Organization","@id":"https:\/\/www.pressenza.com\/it\/#organization","name":"Pressenza","url":"https:\/\/www.pressenza.com\/it\/","logo":{"@type":"ImageObject","inLanguage":"it-IT","@id":"https:\/\/www.pressenza.com\/it\/#\/schema\/logo\/image\/","url":"https:\/\/www.pressenza.com\/wp-content\/uploads\/2022\/10\/pressenza_logo_200x200.jpg","contentUrl":"https:\/\/www.pressenza.com\/wp-content\/uploads\/2022\/10\/pressenza_logo_200x200.jpg","width":200,"height":200,"caption":"Pressenza"},"image":{"@id":"https:\/\/www.pressenza.com\/it\/#\/schema\/logo\/image\/"},"sameAs":["https:\/\/www.facebook.com\/PressenzaItalia","https:\/\/x.com\/PressenzaIPA"]},{"@type":"Person","@id":"https:\/\/www.pressenza.com\/it\/#\/schema\/person\/7695876a0aa9e0602a5de3babecd54ff","name":"Marcia Mondiale per la Pace e la Nonviolenza","sameAs":["https:\/\/theworldmarch.org"],"url":"https:\/\/www.pressenza.com\/it\/author\/marcia-mondiale-per-la-pace-e-la-nonviolenza\/"}]}},"place":"Citt\u00e0 del Guatemala","original_article_url":"","_links":{"self":[{"href":"https:\/\/www.pressenza.com\/it\/wp-json\/wp\/v2\/posts\/2554768","targetHints":{"allow":["GET"]}}],"collection":[{"href":"https:\/\/www.pressenza.com\/it\/wp-json\/wp\/v2\/posts"}],"about":[{"href":"https:\/\/www.pressenza.com\/it\/wp-json\/wp\/v2\/types\/post"}],"author":[{"embeddable":true,"href":"https:\/\/www.pressenza.com\/it\/wp-json\/wp\/v2\/users\/1565"}],"replies":[{"embeddable":true,"href":"https:\/\/www.pressenza.com\/it\/wp-json\/wp\/v2\/comments?post=2554768"}],"version-history":[{"count":0,"href":"https:\/\/www.pressenza.com\/it\/wp-json\/wp\/v2\/posts\/2554768\/revisions"}],"wp:featuredmedia":[{"embeddable":true,"href":"https:\/\/www.pressenza.com\/it\/wp-json\/wp\/v2\/media\/2554771"}],"wp:attachment":[{"href":"https:\/\/www.pressenza.com\/it\/wp-json\/wp\/v2\/media?parent=2554768"}],"wp:term":[{"taxonomy":"category","embeddable":true,"href":"https:\/\/www.pressenza.com\/it\/wp-json\/wp\/v2\/categories?post=2554768"},{"taxonomy":"post_tag","embeddable":true,"href":"https:\/\/www.pressenza.com\/it\/wp-json\/wp\/v2\/tags?post=2554768"}],"curies":[{"name":"wp","href":"https:\/\/api.w.org\/{rel}","templated":true}]}}