{"id":2554499,"date":"2024-10-13T10:30:49","date_gmt":"2024-10-13T09:30:49","guid":{"rendered":"https:\/\/www.pressenza.com\/?p=2554499"},"modified":"2024-10-13T10:38:08","modified_gmt":"2024-10-13T09:38:08","slug":"tu-da-che-parte-stai-maestro","status":"publish","type":"post","link":"https:\/\/www.pressenza.com\/it\/2024\/10\/tu-da-che-parte-stai-maestro\/","title":{"rendered":"Tu da che parte stai maestro?"},"content":{"rendered":"<p><em>Questa \u00e9 la descrizione veritiera di una mattinata in una classe quinta di una scuola primaria del Trullo.<\/em><br \/>\n<em>Era il 13 Ottobre 2022, un anno prima del drammatico 7 Ottobre e dell&#8217;inizio della &#8220;soluzione finale&#8221; della questione Palestinese.<\/em><\/p>\n<p>Inaspettatamente in classe oggi stava per esplodere un conflitto &#8220;mondiale&#8221;.<\/p>\n<p>Dal momento che i libri di testo non sono ancora arrivati abbiamo ripercorso in queste settimane le tappe principali della Storia che i bambini hanno gi\u00e0 studiato, dalla nascita dell&#8217;Universo alle prime civilt\u00e0 dell&#8217;Evo Antico&#8230; e sono civilt\u00e0 dell&#8217;Asia e del Nordafrica da dove provengono molti dei loro genitori.<\/p>\n<p>Ripercorriamo queste tappe della Storia osservando mappamondo, planisfero e utilizzando sulla Lim, la lavagna multimediale, Google Earth.<\/p>\n<p>Partiamo dall&#8217;Asia e individuiamo la Mesopotamia dei Sumeri, dei Babilonesi e degli Assiri; la Penisola Anatolica degli Ittiti; la valle del Fiume Indo, culla della misteriosa civilt\u00e0 degli Indi, il Fiume Giallo e il Fiume Azzurro dove si svilupp\u00f2 la millenaria civilt\u00e0 dei Cinesi.<\/p>\n<p>Finalmente arriviamo sulle coste asiatiche del Mar Mediterraneo, nel Vicino Oriente, e qui troviamo i Fenici e, apriti cielo, gli Ebrei.<\/p>\n<p>Io sono sempre attento a chiamare quella terra Palestina\/Israele, ma i miei alunni di origine Egiziana e Algerina di Israele non vogliono neppure che se ne parli.<\/p>\n<p>Ad un certo punto Saif, dopo aver elencato i numerosi torti di Israele contro i fratelli Palestinesi della Striscia di Gaza, sbotta: &#8220;Perch\u00e9 voi parlate sempre di questa guerra in Ucraina e mai della guerra in Palestina?&#8221;.<\/p>\n<p>Al che volano insulti in arabo verso Iryna profuga ucraina, e quindi italo-ucraina, inserita da meno di un mese nella mia classe quinta, che risponde a tono in ucraino.<\/p>\n<p>a cambio di posto mettendola tra due neutrali amiche italoperuviane.<\/p>\n<p>Lei allora sbotta: &#8220;Ho dovuto lasciare il mio Paese 7 mesi fa e la guerra dura da 9 mesi&#8221;.<\/p>\n<p>Il ragazzino Egiziano, ancora pi\u00f9 accalorato, non si fa intenerire: &#8220;Maestro da quanti anni dura la guerra contro i Palestinesi?&#8221;<\/p>\n<p>&#8220;\u00c8 iniziata nel 1948. Fai i calcoli&#8221; gli dico.<\/p>\n<p>&#8220;74 anni! Maestro perch\u00e9 questa guerra continua? Perch\u00e9 bombardano i bambini, perch\u00e9 non fermate Israele?&#8221;<\/p>\n<p>&#8220;Io sono contro le guerre, tutte le guerre&#8230; io so cosa succede in Palestina, perch\u00e9 ho amici a Gaza&#8221;.<\/p>\n<p>Iryna allora mi chiede di andare alla Lim per mostrare cosa ha fatto Putin al suo Paese.<\/p>\n<p>In un attimo passa dai caratteri latini a quelli cirillici e digita &#8220;guerra in Ucraina, immagini&#8221;.<br \/>\nAppaiono palazzi sventrati, citt\u00e0 devastate, distruzione.<br \/>\n&#8220;Ecco la guerra di Putin in Ucraina!&#8221; dice.<\/p>\n<p>Allora anche il ragazzino italoegiziano, da cui l&#8217;ho allontanata, cambiandola di posto, perch\u00e9 rischiavano di passare dalle parole ai fatti, mi chiede di poter utilizzare la Lim e digita: &#8220;guerra Palestina, immagini&#8221;.<br \/>\nAppaiono immagini molto simili di palazzi sventrati, distruzione, morte.<\/p>\n<p>&#8220;Sono uguali!&#8221; esclama Yara, che \u00e9 di origine filippina.<\/p>\n<p>&#8220;Maestro tu da che parte stai?&#8221; mi chiede Salvatore, che ci tiene a sottolineare che i suoi genitori sono napoletani.<\/p>\n<p>&#8220;Sono contro la guerra, contro tutte le guerre&#8221; rispondo risoluto.<\/p>\n<p>&#8220;Chi vuoi che vinca tra Israeliani e Palestinesi?&#8221; mi chiede Ana, che \u00e9 Rumena.<\/p>\n<p>&#8220;Non \u00e9 una partita di calcio e nelle guerre in alla fine perdono tutti, o quasi tutti, poich\u00e9 c&#8217;\u00e8 anche chi si arricchisce vendendo le armi. Io voglio che vinca la Pace tra Israeliani e Palestinesi se no questa guerra non finir\u00e0 mai&#8221;.<\/p>\n<p>Iryna, che ovviamente c&#8217;\u00e8 l&#8217;ha con Putin, non parla mai male dei Russi.<br \/>\nLei conosce perfettamente anche il Russo e comprende anche il Bielorusso.<br \/>\n&#8220;Ho letto che nelle scuole primarie in Ucraina non si studia pi\u00f9 il russo, tu come fai a saperlo?\u201d &#8211; le chiedo incuriosito.<\/p>\n<p>&#8220;Non si studia il russo come qui l&#8217;Inglese, ma quasi la met\u00e0 dei miei compagni sono Russi d&#8217;Ucraina e cos\u00ec io parlo bene il Russo e capisco tutto quello che dicono perch\u00e9 le lingue si assomigliano. Poi la mia migliore amica \u00e9 di famiglia Bielorussa e cos\u00ec io da lei ho imparato e parlo anche il Bielorusso.\u201d<\/p>\n<p>Una sua amica italo-bulgara (da parte di padre ) e rumena (da parte di madre) mi chiede: &#8220;E da che parte stai maestro, con gli Ucraini o con i Russi?&#8221;.<\/p>\n<p>Io rispondo allo stesso modo: &#8220;Sono contro la guerra e sono perch\u00e9 vinca la Pace tra Russi e Ucraini, o altrimenti questa guerra coinvolger\u00e0 altri Paesi e durer\u00e0 altri anni.&#8221;<\/p>\n<p>Non aggiungo altro perch\u00e9 suona la campanella.<\/p>\n<p><em>\u00c8 stato coniato da giornalisti interventisti e guerrafondai il termine dispregiativo &#8220;neneista&#8221; per indicare chi non sta n\u00e9 con Putin n\u00e9 con la Nato.<\/em><br \/>\n<em>Io sono semplicemente internazionalista, contro il mortifero puzzo dei nazionalismi che vogliono dividere l&#8217;Umanit\u00e0 in razze, etnie, nazioni, per affermare il potere di una ristretta minoranza di privilegiati, intenzionata a mantenere il proprio dominio e il proprio potere a qualsiasi costo, poich\u00e9 per essi perfino le guerre sono motivo di affari, profitto, lucro.<\/em><\/p>\n<p>&nbsp;<\/p>\n","protected":false},"excerpt":{"rendered":"<p>Questa \u00e9 la descrizione veritiera di una mattinata in una classe quinta di una scuola primaria del Trullo. Era il 13 Ottobre 2022, un anno prima del drammatico 7 Ottobre e dell&#8217;inizio della &#8220;soluzione finale&#8221; della questione Palestinese. Inaspettatamente in&hellip;<\/p>\n","protected":false},"author":2378,"featured_media":2544674,"comment_status":"closed","ping_status":"closed","sticky":false,"template":"","format":"standard","meta":{"footnotes":""},"categories":[11388,1258,1262,1263],"tags":[127859,69710,127857,127858],"class_list":["post-2554499","post","type-post","status-publish","format-standard","has-post-thumbnail","hentry","category-contenuti-originali","category-educazione","category-nonviolenza-argomento","category-pace-disarmo","tag-classe-multiculturale","tag-educazione-nonviolenta","tag-israele-palestina","tag-russia-ucraina"],"yoast_head":"<!-- This site is optimized with the Yoast SEO plugin v27.1.1 - https:\/\/yoast.com\/product\/yoast-seo-wordpress\/ -->\n<title>Tu da che parte stai maestro?<\/title>\n<meta name=\"description\" content=\"Questa \u00e9 la descrizione veritiera di una mattinata in una classe quinta di una scuola primaria del Trullo. Era il 13 Ottobre 2022, un anno prima del\" \/>\n<meta name=\"robots\" content=\"index, follow, max-snippet:-1, max-image-preview:large, max-video-preview:-1\" \/>\n<link rel=\"canonical\" href=\"https:\/\/www.pressenza.com\/it\/2024\/10\/tu-da-che-parte-stai-maestro\/\" \/>\n<meta property=\"og:locale\" content=\"it_IT\" \/>\n<meta property=\"og:type\" content=\"article\" \/>\n<meta property=\"og:title\" content=\"Tu da che parte stai maestro?\" \/>\n<meta property=\"og:description\" content=\"Questa \u00e9 la descrizione veritiera di una mattinata in una classe quinta di una scuola primaria del Trullo. Era il 13 Ottobre 2022, un anno prima del\" \/>\n<meta property=\"og:url\" content=\"https:\/\/www.pressenza.com\/it\/2024\/10\/tu-da-che-parte-stai-maestro\/\" \/>\n<meta property=\"og:site_name\" content=\"Pressenza\" \/>\n<meta property=\"article:publisher\" content=\"https:\/\/www.facebook.com\/PressenzaItalia\" \/>\n<meta property=\"article:published_time\" content=\"2024-10-13T09:30:49+00:00\" \/>\n<meta property=\"article:modified_time\" content=\"2024-10-13T09:38:08+00:00\" \/>\n<meta property=\"og:image\" content=\"https:\/\/www.pressenza.com\/wp-content\/uploads\/2024\/08\/foto-di-Tuttoscuola.jpg\" \/>\n\t<meta property=\"og:image:width\" content=\"820\" \/>\n\t<meta property=\"og:image:height\" content=\"490\" \/>\n\t<meta property=\"og:image:type\" content=\"image\/jpeg\" \/>\n<meta name=\"author\" content=\"Mauro Carlo Zanella\" \/>\n<meta name=\"twitter:card\" content=\"summary_large_image\" \/>\n<meta name=\"twitter:creator\" content=\"@PressenzaIPA\" \/>\n<meta name=\"twitter:site\" content=\"@PressenzaIPA\" \/>\n<meta name=\"twitter:label1\" content=\"Scritto da\" \/>\n\t<meta name=\"twitter:data1\" content=\"Mauro Carlo Zanella\" \/>\n\t<meta name=\"twitter:label2\" content=\"Tempo di lettura stimato\" \/>\n\t<meta name=\"twitter:data2\" content=\"5 minuti\" \/>\n<script type=\"application\/ld+json\" class=\"yoast-schema-graph\">{\"@context\":\"https:\/\/schema.org\",\"@graph\":[{\"@type\":\"Article\",\"@id\":\"https:\/\/www.pressenza.com\/it\/2024\/10\/tu-da-che-parte-stai-maestro\/#article\",\"isPartOf\":{\"@id\":\"https:\/\/www.pressenza.com\/it\/2024\/10\/tu-da-che-parte-stai-maestro\/\"},\"author\":{\"name\":\"Mauro Carlo Zanella\",\"@id\":\"https:\/\/www.pressenza.com\/it\/#\/schema\/person\/76e278d7760e85fb4a5a4961b1b46b1d\"},\"headline\":\"Tu da che parte stai maestro?\",\"datePublished\":\"2024-10-13T09:30:49+00:00\",\"dateModified\":\"2024-10-13T09:38:08+00:00\",\"mainEntityOfPage\":{\"@id\":\"https:\/\/www.pressenza.com\/it\/2024\/10\/tu-da-che-parte-stai-maestro\/\"},\"wordCount\":799,\"publisher\":{\"@id\":\"https:\/\/www.pressenza.com\/it\/#organization\"},\"image\":{\"@id\":\"https:\/\/www.pressenza.com\/it\/2024\/10\/tu-da-che-parte-stai-maestro\/#primaryimage\"},\"thumbnailUrl\":\"https:\/\/www.pressenza.com\/wp-content\/uploads\/2024\/08\/foto-di-Tuttoscuola.jpg\",\"keywords\":[\"classe multiculturale\",\"educazione nonviolenta\",\"Israele-Palestina\",\"Russia-Ucraina\"],\"articleSection\":[\"contenuti originali\",\"Educazione\",\"Nonviolenza\",\"Pace e Disarmo\"],\"inLanguage\":\"it-IT\"},{\"@type\":\"WebPage\",\"@id\":\"https:\/\/www.pressenza.com\/it\/2024\/10\/tu-da-che-parte-stai-maestro\/\",\"url\":\"https:\/\/www.pressenza.com\/it\/2024\/10\/tu-da-che-parte-stai-maestro\/\",\"name\":\"Tu da che parte stai maestro?\",\"isPartOf\":{\"@id\":\"https:\/\/www.pressenza.com\/it\/#website\"},\"primaryImageOfPage\":{\"@id\":\"https:\/\/www.pressenza.com\/it\/2024\/10\/tu-da-che-parte-stai-maestro\/#primaryimage\"},\"image\":{\"@id\":\"https:\/\/www.pressenza.com\/it\/2024\/10\/tu-da-che-parte-stai-maestro\/#primaryimage\"},\"thumbnailUrl\":\"https:\/\/www.pressenza.com\/wp-content\/uploads\/2024\/08\/foto-di-Tuttoscuola.jpg\",\"datePublished\":\"2024-10-13T09:30:49+00:00\",\"dateModified\":\"2024-10-13T09:38:08+00:00\",\"description\":\"Questa \u00e9 la descrizione veritiera di una mattinata in una classe quinta di una scuola primaria del Trullo. Era il 13 Ottobre 2022, un anno prima del\",\"breadcrumb\":{\"@id\":\"https:\/\/www.pressenza.com\/it\/2024\/10\/tu-da-che-parte-stai-maestro\/#breadcrumb\"},\"inLanguage\":\"it-IT\",\"potentialAction\":[{\"@type\":\"ReadAction\",\"target\":[\"https:\/\/www.pressenza.com\/it\/2024\/10\/tu-da-che-parte-stai-maestro\/\"]}]},{\"@type\":\"ImageObject\",\"inLanguage\":\"it-IT\",\"@id\":\"https:\/\/www.pressenza.com\/it\/2024\/10\/tu-da-che-parte-stai-maestro\/#primaryimage\",\"url\":\"https:\/\/www.pressenza.com\/wp-content\/uploads\/2024\/08\/foto-di-Tuttoscuola.jpg\",\"contentUrl\":\"https:\/\/www.pressenza.com\/wp-content\/uploads\/2024\/08\/foto-di-Tuttoscuola.jpg\",\"width\":820,\"height\":490},{\"@type\":\"BreadcrumbList\",\"@id\":\"https:\/\/www.pressenza.com\/it\/2024\/10\/tu-da-che-parte-stai-maestro\/#breadcrumb\",\"itemListElement\":[{\"@type\":\"ListItem\",\"position\":1,\"name\":\"Accueil\",\"item\":\"https:\/\/www.pressenza.com\/it\/\"},{\"@type\":\"ListItem\",\"position\":2,\"name\":\"Tu da che parte stai maestro?\"}]},{\"@type\":\"WebSite\",\"@id\":\"https:\/\/www.pressenza.com\/it\/#website\",\"url\":\"https:\/\/www.pressenza.com\/it\/\",\"name\":\"Pressenza\",\"description\":\"Agenzia di Stampa Internazionale\",\"publisher\":{\"@id\":\"https:\/\/www.pressenza.com\/it\/#organization\"},\"potentialAction\":[{\"@type\":\"SearchAction\",\"target\":{\"@type\":\"EntryPoint\",\"urlTemplate\":\"https:\/\/www.pressenza.com\/it\/?s={search_term_string}\"},\"query-input\":{\"@type\":\"PropertyValueSpecification\",\"valueRequired\":true,\"valueName\":\"search_term_string\"}}],\"inLanguage\":\"it-IT\"},{\"@type\":\"Organization\",\"@id\":\"https:\/\/www.pressenza.com\/it\/#organization\",\"name\":\"Pressenza\",\"url\":\"https:\/\/www.pressenza.com\/it\/\",\"logo\":{\"@type\":\"ImageObject\",\"inLanguage\":\"it-IT\",\"@id\":\"https:\/\/www.pressenza.com\/it\/#\/schema\/logo\/image\/\",\"url\":\"https:\/\/www.pressenza.com\/wp-content\/uploads\/2022\/10\/pressenza_logo_200x200.jpg\",\"contentUrl\":\"https:\/\/www.pressenza.com\/wp-content\/uploads\/2022\/10\/pressenza_logo_200x200.jpg\",\"width\":200,\"height\":200,\"caption\":\"Pressenza\"},\"image\":{\"@id\":\"https:\/\/www.pressenza.com\/it\/#\/schema\/logo\/image\/\"},\"sameAs\":[\"https:\/\/www.facebook.com\/PressenzaItalia\",\"https:\/\/x.com\/PressenzaIPA\"]},{\"@type\":\"Person\",\"@id\":\"https:\/\/www.pressenza.com\/it\/#\/schema\/person\/76e278d7760e85fb4a5a4961b1b46b1d\",\"name\":\"Mauro Carlo Zanella\",\"url\":\"https:\/\/www.pressenza.com\/it\/author\/mauro-zanella\/\"}]}<\/script>\n<!-- \/ Yoast SEO plugin. -->","yoast_head_json":{"title":"Tu da che parte stai maestro?","description":"Questa \u00e9 la descrizione veritiera di una mattinata in una classe quinta di una scuola primaria del Trullo. Era il 13 Ottobre 2022, un anno prima del","robots":{"index":"index","follow":"follow","max-snippet":"max-snippet:-1","max-image-preview":"max-image-preview:large","max-video-preview":"max-video-preview:-1"},"canonical":"https:\/\/www.pressenza.com\/it\/2024\/10\/tu-da-che-parte-stai-maestro\/","og_locale":"it_IT","og_type":"article","og_title":"Tu da che parte stai maestro?","og_description":"Questa \u00e9 la descrizione veritiera di una mattinata in una classe quinta di una scuola primaria del Trullo. Era il 13 Ottobre 2022, un anno prima del","og_url":"https:\/\/www.pressenza.com\/it\/2024\/10\/tu-da-che-parte-stai-maestro\/","og_site_name":"Pressenza","article_publisher":"https:\/\/www.facebook.com\/PressenzaItalia","article_published_time":"2024-10-13T09:30:49+00:00","article_modified_time":"2024-10-13T09:38:08+00:00","og_image":[{"width":820,"height":490,"url":"https:\/\/www.pressenza.com\/wp-content\/uploads\/2024\/08\/foto-di-Tuttoscuola.jpg","type":"image\/jpeg"}],"author":"Mauro Carlo Zanella","twitter_card":"summary_large_image","twitter_creator":"@PressenzaIPA","twitter_site":"@PressenzaIPA","twitter_misc":{"Scritto da":"Mauro Carlo Zanella","Tempo di lettura stimato":"5 minuti"},"schema":{"@context":"https:\/\/schema.org","@graph":[{"@type":"Article","@id":"https:\/\/www.pressenza.com\/it\/2024\/10\/tu-da-che-parte-stai-maestro\/#article","isPartOf":{"@id":"https:\/\/www.pressenza.com\/it\/2024\/10\/tu-da-che-parte-stai-maestro\/"},"author":{"name":"Mauro Carlo Zanella","@id":"https:\/\/www.pressenza.com\/it\/#\/schema\/person\/76e278d7760e85fb4a5a4961b1b46b1d"},"headline":"Tu da che parte stai maestro?","datePublished":"2024-10-13T09:30:49+00:00","dateModified":"2024-10-13T09:38:08+00:00","mainEntityOfPage":{"@id":"https:\/\/www.pressenza.com\/it\/2024\/10\/tu-da-che-parte-stai-maestro\/"},"wordCount":799,"publisher":{"@id":"https:\/\/www.pressenza.com\/it\/#organization"},"image":{"@id":"https:\/\/www.pressenza.com\/it\/2024\/10\/tu-da-che-parte-stai-maestro\/#primaryimage"},"thumbnailUrl":"https:\/\/www.pressenza.com\/wp-content\/uploads\/2024\/08\/foto-di-Tuttoscuola.jpg","keywords":["classe multiculturale","educazione nonviolenta","Israele-Palestina","Russia-Ucraina"],"articleSection":["contenuti originali","Educazione","Nonviolenza","Pace e Disarmo"],"inLanguage":"it-IT"},{"@type":"WebPage","@id":"https:\/\/www.pressenza.com\/it\/2024\/10\/tu-da-che-parte-stai-maestro\/","url":"https:\/\/www.pressenza.com\/it\/2024\/10\/tu-da-che-parte-stai-maestro\/","name":"Tu da che parte stai maestro?","isPartOf":{"@id":"https:\/\/www.pressenza.com\/it\/#website"},"primaryImageOfPage":{"@id":"https:\/\/www.pressenza.com\/it\/2024\/10\/tu-da-che-parte-stai-maestro\/#primaryimage"},"image":{"@id":"https:\/\/www.pressenza.com\/it\/2024\/10\/tu-da-che-parte-stai-maestro\/#primaryimage"},"thumbnailUrl":"https:\/\/www.pressenza.com\/wp-content\/uploads\/2024\/08\/foto-di-Tuttoscuola.jpg","datePublished":"2024-10-13T09:30:49+00:00","dateModified":"2024-10-13T09:38:08+00:00","description":"Questa \u00e9 la descrizione veritiera di una mattinata in una classe quinta di una scuola primaria del Trullo. Era il 13 Ottobre 2022, un anno prima del","breadcrumb":{"@id":"https:\/\/www.pressenza.com\/it\/2024\/10\/tu-da-che-parte-stai-maestro\/#breadcrumb"},"inLanguage":"it-IT","potentialAction":[{"@type":"ReadAction","target":["https:\/\/www.pressenza.com\/it\/2024\/10\/tu-da-che-parte-stai-maestro\/"]}]},{"@type":"ImageObject","inLanguage":"it-IT","@id":"https:\/\/www.pressenza.com\/it\/2024\/10\/tu-da-che-parte-stai-maestro\/#primaryimage","url":"https:\/\/www.pressenza.com\/wp-content\/uploads\/2024\/08\/foto-di-Tuttoscuola.jpg","contentUrl":"https:\/\/www.pressenza.com\/wp-content\/uploads\/2024\/08\/foto-di-Tuttoscuola.jpg","width":820,"height":490},{"@type":"BreadcrumbList","@id":"https:\/\/www.pressenza.com\/it\/2024\/10\/tu-da-che-parte-stai-maestro\/#breadcrumb","itemListElement":[{"@type":"ListItem","position":1,"name":"Accueil","item":"https:\/\/www.pressenza.com\/it\/"},{"@type":"ListItem","position":2,"name":"Tu da che parte stai maestro?"}]},{"@type":"WebSite","@id":"https:\/\/www.pressenza.com\/it\/#website","url":"https:\/\/www.pressenza.com\/it\/","name":"Pressenza","description":"Agenzia di Stampa Internazionale","publisher":{"@id":"https:\/\/www.pressenza.com\/it\/#organization"},"potentialAction":[{"@type":"SearchAction","target":{"@type":"EntryPoint","urlTemplate":"https:\/\/www.pressenza.com\/it\/?s={search_term_string}"},"query-input":{"@type":"PropertyValueSpecification","valueRequired":true,"valueName":"search_term_string"}}],"inLanguage":"it-IT"},{"@type":"Organization","@id":"https:\/\/www.pressenza.com\/it\/#organization","name":"Pressenza","url":"https:\/\/www.pressenza.com\/it\/","logo":{"@type":"ImageObject","inLanguage":"it-IT","@id":"https:\/\/www.pressenza.com\/it\/#\/schema\/logo\/image\/","url":"https:\/\/www.pressenza.com\/wp-content\/uploads\/2022\/10\/pressenza_logo_200x200.jpg","contentUrl":"https:\/\/www.pressenza.com\/wp-content\/uploads\/2022\/10\/pressenza_logo_200x200.jpg","width":200,"height":200,"caption":"Pressenza"},"image":{"@id":"https:\/\/www.pressenza.com\/it\/#\/schema\/logo\/image\/"},"sameAs":["https:\/\/www.facebook.com\/PressenzaItalia","https:\/\/x.com\/PressenzaIPA"]},{"@type":"Person","@id":"https:\/\/www.pressenza.com\/it\/#\/schema\/person\/76e278d7760e85fb4a5a4961b1b46b1d","name":"Mauro Carlo Zanella","url":"https:\/\/www.pressenza.com\/it\/author\/mauro-zanella\/"}]}},"place":"","original_article_url":"","_links":{"self":[{"href":"https:\/\/www.pressenza.com\/it\/wp-json\/wp\/v2\/posts\/2554499","targetHints":{"allow":["GET"]}}],"collection":[{"href":"https:\/\/www.pressenza.com\/it\/wp-json\/wp\/v2\/posts"}],"about":[{"href":"https:\/\/www.pressenza.com\/it\/wp-json\/wp\/v2\/types\/post"}],"author":[{"embeddable":true,"href":"https:\/\/www.pressenza.com\/it\/wp-json\/wp\/v2\/users\/2378"}],"replies":[{"embeddable":true,"href":"https:\/\/www.pressenza.com\/it\/wp-json\/wp\/v2\/comments?post=2554499"}],"version-history":[{"count":0,"href":"https:\/\/www.pressenza.com\/it\/wp-json\/wp\/v2\/posts\/2554499\/revisions"}],"wp:featuredmedia":[{"embeddable":true,"href":"https:\/\/www.pressenza.com\/it\/wp-json\/wp\/v2\/media\/2544674"}],"wp:attachment":[{"href":"https:\/\/www.pressenza.com\/it\/wp-json\/wp\/v2\/media?parent=2554499"}],"wp:term":[{"taxonomy":"category","embeddable":true,"href":"https:\/\/www.pressenza.com\/it\/wp-json\/wp\/v2\/categories?post=2554499"},{"taxonomy":"post_tag","embeddable":true,"href":"https:\/\/www.pressenza.com\/it\/wp-json\/wp\/v2\/tags?post=2554499"}],"curies":[{"name":"wp","href":"https:\/\/api.w.org\/{rel}","templated":true}]}}