{"id":2554229,"date":"2024-10-12T09:08:13","date_gmt":"2024-10-12T08:08:13","guid":{"rendered":"https:\/\/www.pressenza.com\/?p=2554229"},"modified":"2024-10-12T11:24:52","modified_gmt":"2024-10-12T10:24:52","slug":"anti-g7-salute-di-ancona-in-tremila-alla-manifestazione-finale","status":"publish","type":"post","link":"https:\/\/www.pressenza.com\/it\/2024\/10\/anti-g7-salute-di-ancona-in-tremila-alla-manifestazione-finale\/","title":{"rendered":"Anti G7 Salute di Ancona: in tremila alla manifestazione finale"},"content":{"rendered":"<p>C\u2019erano curiosit\u00e0 e anche un pizzico di apprensione per la manifestazione di ieri pomeriggio che ad Ancona ha concluso le tre giornate di iniziative di contestazione contro il G7 Salute, promosse dalla campagna \u201cNot On My Body, nessun profitto sulla salute\u201d a cui hanno aderito decine di realt\u00e0 di base. Infatti ben pochi appuntamenti di questo rilievo si sono svolti in un giorno feriale.<\/p>\n<p>Invece gi\u00e0 alle 17 centinaia di persone con decine di bandiere e striscioni erano presenti nella centralissima e grande Piazza Cavour, la pi\u00f9 importante della citt\u00e0. Cos\u00ec quando dopo circa una mezz\u2019ora il corteo si \u00e8 mosso c\u2019era la sensazione che la partecipazione sarebbe stata importante.<\/p>\n<p>Ad aprire la dimostrazione una cinquantina di operatori sanitari con i loro camici bianchi, medici, infermieri, ginecologhe, ostetriche provenienti da varie localit\u00e0 della regione, dietro lo striscione \u201cSanit\u00e0 pubblica, libera, universale, gratuita\u201d, ad evidenziare come anche nelle Marche si assiste da tempo allo smantellamento del servizio sanitario pubblico e alla sua privatizzazione, con la chiusura o il ridimensionamento degli ospedali, il taglio dei posti letto, gli organici ridotti al lumicino e le interminabili attese ai pronto soccorso e i mesi che bisogna aspettare per avere una visita, con la conseguenza di non potersi curare tempestivamente anche per malattie gravi. Un quadro purtroppo simile un po\u2019 in tutta Italia, ben esplicitato dal Rapporto Gimbe di pochi giorni fa.<\/p>\n<p>Del resto le Marche, un tempo decantate per l\u2019economia del \u201cpiccolo e bello\u201d, ormai si contraddistinguono per \u201cil grande e brutto\u201d: grandi insediamenti produttivi e commerciali che oltre a devastare il territorio, sono un attacco diretto alla salute degli umani e dei non umani.<\/p>\n<p>Pi\u00f9 volte, anche in questi giorni, abbiamo ricordato i casi emblematici della Raffineria Api di Falconara, esistente dalla fine degli anni Cinquanta, o la prossima apertura nel 2025 del grande polo della logistica alle porte di Jesi da parte di Amazon e del progetto della Edison, sempre nella stessa citt\u00e0, di un megaimpianto di smaltimento di rifiuti pericolosi, cos\u00ec come la volont\u00e0 di ospitare nel porto anconetano le navi da grande crociera.<\/p>\n<p>Tutti questi temi, insieme al giusto e inevitabile richiamo al genocidio in corso in Palestina e pi\u00f9 in generale alle guerre in corso dall\u2019Ucraina al Sudan, fino al nuovo fronte libanese, sono stati sottolineati dagli slogan e dagli interventi fatti dal camion in testa al corteo, un grande \u201cserpentone\u201d che in poco tempo \u00e8 arrivato a contare ben tremila partecipanti, un numero che \u00e8 andato oltre le pi\u00f9 rosee previsioni.<\/p>\n<p>Tra gli striscioni anche quelli di diverse delegazioni provenienti da Trento (un pullman), Veneto, Lombardia, in rappresentanza dei comitati per la sanit\u00e0 pubblica, nonch\u00e9 una delegazione romana del movimento per il diritto alla casa, il cui esponente nel suo contributo al microfono ha invitato tutti e tutte a partecipare sabato 19 ottobre nella capitale alla manifestazione nazionale contro il liberticida decreto \u201csicurezza\u201d del governo Meloni. E ancora una numerosa presenza dei Centri sociali delle Marche, dei sindacati di base e di tante associazioni.<\/p>\n<p>Tra i diversi interventi quello di Vittorio Agnoletto: \u201cQuesto G7 \u00e8 una vera e propria presa in giro. Il ministro Schillaci ha detto che al primo posto ci sar\u00e0 One Health, ma per l\u2019Organizzazione Mondiale dalla Sanit\u00e0 questo significa una visione generale della sanit\u00e0 che tuteli gli esseri umani, gli animali e che difenda l\u2019ambiente. Il fatto che questa parola sia in bocca ai capi dei sette governi che fanno di tutto per bloccare la transizione ecologica e che insistono sul modello di sviluppo che sta distruggendo l\u2019ambiente e che ha prodotto tante sofferenze e tanti morti \u00e8 veramente una presa in giro.<\/p>\n<p>Sempre Schillaci parla di prevenzione, ma di quale prevenzione? Il suo governo in un anno ha tagliato per il 18% la prevenzione alle patologie. Si parla di piano pandemico quando il nostro Paese si \u00e8 presentato a questo vertice internazionale senza averne uno.<\/p>\n<p>E non dimentichiamo che questi sette governi presenti ad Ancona hanno detto no alla moratoria di tre anni dei vaccini proposta da India, Sudafrica e oltre cento nazioni all\u2019interno dell\u2019OMC. Era necessaria l\u2019unanimit\u00e0 e invece si sono opposti l\u2019UE, la Gran Bretagna, gli Usa, il Giappone, l\u2019Australia, Singapore e la Svizzera.<\/p>\n<p>La nostra salute \u00e8 consegnata totalmente alle aziende private. L\u2019Italia stanzia per la sanit\u00e0 pubblica il 6,2% del pil, che \u00e8 la quota pi\u00f9 bassa tra i Paesi presenti a questo G7 ed \u00e8 la percentuale pi\u00f9 bassa della media dei Paesi Ocse e di quelli della UE&#8221;.<\/p>\n<p>Tornando al corteo, dopo aver attraversato le vie principali della citt\u00e0 \u00e8 arrivato in Piazza Roma dove si \u00e8 concluso, in una Ancona che da alcune ore aveva ripreso a vivere dopo aver subito tre giorni di limitazioni insopportabili con una grave danno economico per alcune categorie, in primis i pescatori, che a causa del fermo delle attivit\u00e0 per un\u2019intera settimana hanno denunciato una perdita di un milione di euro.<\/p>\n<p>Chiss\u00e0 se il Presidente delle Regione Acquaroli e il Sindaco di Ancona Silvetti, stessa maggioranza di destra, saranno orgogliosi anche di questo, dopo aver decantato la presunta luccicante vetrina offerta dal vertice internazionale per le Marche e il capoluogo.<\/p>\n<p>Per tornare all\u2019Anti G7, la mattina in un cinema rappresentanti dei movimenti si sono confrontati in un&#8217;interessante assemblea dove c\u2019\u00e8 anche da rilevare l\u2019importante presenza di delegazioni straniere, in particolare dalla Francia e dal Belgio per conto di movimenti e sindacati, nonch\u00e9 il collegamento con \u201cMarea Blanca\u201d in Spagna, la pi\u00f9 grande realt\u00e0 europea in difesa della sanit\u00e0 pubblica, e anche con \u201cPeople of movement\u201d la rete mondiale dei movimenti in difesa della salute pubblica in collegamento diretto dall\u2019India.<\/p>\n<p>L\u2019assemblea si \u00e8 conclusa con l\u2019approvazione di un documento che vuole indicare una strada per una futura mobilitazione unitaria da parte delle centinaia di realt\u00e0 di base presenti nelle citt\u00e0 italiane. E nel pomeriggio i tremila del corteo hanno gi\u00e0 iniziato ad intraprendere questa strada.<\/p>\n<div class=\"post-gallery\">\n\t\t\t<figure class=\"post-gallery-item\">\n\t\t\t\t<img decoding=\"async\" src=\"https:\/\/www.pressenza.com\/wp-content\/uploads\/2024\/10\/Foto-2-corteo-2.jpg\" loading=\"lazy\">\n\t\t\t\t<figcaption>\n\t\t\t\t\t\n\t\t\t\t<\/figcaption>\n\t\t\t<\/figure>\n\t\t\t<figure class=\"post-gallery-item\">\n\t\t\t\t<img decoding=\"async\" src=\"https:\/\/www.pressenza.com\/wp-content\/uploads\/2024\/10\/Foto-3-corteo-2.jpg\" loading=\"lazy\">\n\t\t\t\t<figcaption>\n\t\t\t\t\t\n\t\t\t\t<\/figcaption>\n\t\t\t<\/figure>\n\t\t\t<figure class=\"post-gallery-item\">\n\t\t\t\t<img decoding=\"async\" src=\"https:\/\/www.pressenza.com\/wp-content\/uploads\/2024\/10\/Foto-4-corteo-3.jpg\" loading=\"lazy\">\n\t\t\t\t<figcaption>\n\t\t\t\t\t\n\t\t\t\t<\/figcaption>\n\t\t\t<\/figure>\n\t\t\t<figure class=\"post-gallery-item\">\n\t\t\t\t<img decoding=\"async\" src=\"https:\/\/www.pressenza.com\/wp-content\/uploads\/2024\/10\/Foto-5-corteo-1.jpg\" loading=\"lazy\">\n\t\t\t\t<figcaption>\n\t\t\t\t\t\n\t\t\t\t<\/figcaption>\n\t\t\t<\/figure>\n\t\t\t<figure class=\"post-gallery-item\">\n\t\t\t\t<img decoding=\"async\" src=\"https:\/\/www.pressenza.com\/wp-content\/uploads\/2024\/10\/Foto-6-3.jpg\" loading=\"lazy\">\n\t\t\t\t<figcaption>\n\t\t\t\t\t\n\t\t\t\t<\/figcaption>\n\t\t\t<\/figure><\/div>\n","protected":false},"excerpt":{"rendered":"<p>C\u2019erano curiosit\u00e0 e anche un pizzico di apprensione per la manifestazione di ieri pomeriggio che ad Ancona ha concluso le tre giornate di iniziative di contestazione contro il G7 Salute, promosse dalla campagna \u201cNot On My Body, nessun profitto sulla&hellip;<\/p>\n","protected":false},"author":2112,"featured_media":2554230,"comment_status":"closed","ping_status":"closed","sticky":false,"template":"","format":"standard","meta":{"footnotes":""},"categories":[11388,59,1259],"tags":[127498,127824,127818,127817,52427,50470],"class_list":["post-2554229","post","type-post","status-publish","format-standard","has-post-thumbnail","hentry","category-contenuti-originali","category-ambiente-ecologia","category-salute-argomento","tag-anti-g7salute","tag-aziende-private","tag-raffineria-api-falconara","tag-rapporto-gimbe","tag-sanita-pubblica","tag-transizione-ecologica"],"yoast_head":"<!-- This site is optimized with the Yoast SEO plugin v27.1.1 - https:\/\/yoast.com\/product\/yoast-seo-wordpress\/ -->\n<title>Anti G7 Salute di Ancona: in tremila alla manifestazione finale<\/title>\n<meta name=\"description\" content=\"C\u2019erano curiosit\u00e0 e anche un pizzico di apprensione per la manifestazione di ieri pomeriggio che ad Ancona ha concluso le tre giornate di iniziative di\" \/>\n<meta name=\"robots\" content=\"index, follow, max-snippet:-1, max-image-preview:large, max-video-preview:-1\" \/>\n<link rel=\"canonical\" href=\"https:\/\/www.pressenza.com\/it\/2024\/10\/anti-g7-salute-di-ancona-in-tremila-alla-manifestazione-finale\/\" \/>\n<meta property=\"og:locale\" content=\"it_IT\" \/>\n<meta property=\"og:type\" content=\"article\" \/>\n<meta property=\"og:title\" content=\"Anti G7 Salute di Ancona: in tremila alla manifestazione finale\" \/>\n<meta property=\"og:description\" content=\"C\u2019erano curiosit\u00e0 e anche un pizzico di apprensione per la manifestazione di ieri pomeriggio che ad Ancona ha concluso le tre giornate di iniziative di\" \/>\n<meta property=\"og:url\" content=\"https:\/\/www.pressenza.com\/it\/2024\/10\/anti-g7-salute-di-ancona-in-tremila-alla-manifestazione-finale\/\" \/>\n<meta property=\"og:site_name\" content=\"Pressenza\" \/>\n<meta property=\"article:publisher\" content=\"https:\/\/www.facebook.com\/PressenzaItalia\" \/>\n<meta property=\"article:published_time\" content=\"2024-10-12T08:08:13+00:00\" \/>\n<meta property=\"article:modified_time\" content=\"2024-10-12T10:24:52+00:00\" \/>\n<meta property=\"og:image\" content=\"https:\/\/www.pressenza.com\/wp-content\/uploads\/2024\/10\/Foto-1-corteo-e1728719524124.jpg\" \/>\n\t<meta property=\"og:image:width\" content=\"800\" \/>\n\t<meta property=\"og:image:height\" content=\"600\" \/>\n\t<meta property=\"og:image:type\" content=\"image\/jpeg\" \/>\n<meta name=\"author\" content=\"Sergio Sinigaglia\" \/>\n<meta name=\"twitter:card\" content=\"summary_large_image\" \/>\n<meta name=\"twitter:creator\" content=\"@PressenzaIPA\" \/>\n<meta name=\"twitter:site\" content=\"@PressenzaIPA\" \/>\n<meta name=\"twitter:label1\" content=\"Scritto da\" \/>\n\t<meta name=\"twitter:data1\" content=\"Sergio Sinigaglia\" \/>\n\t<meta name=\"twitter:label2\" content=\"Tempo di lettura stimato\" \/>\n\t<meta name=\"twitter:data2\" content=\"6 minuti\" \/>\n<script type=\"application\/ld+json\" class=\"yoast-schema-graph\">{\"@context\":\"https:\/\/schema.org\",\"@graph\":[{\"@type\":\"Article\",\"@id\":\"https:\/\/www.pressenza.com\/it\/2024\/10\/anti-g7-salute-di-ancona-in-tremila-alla-manifestazione-finale\/#article\",\"isPartOf\":{\"@id\":\"https:\/\/www.pressenza.com\/it\/2024\/10\/anti-g7-salute-di-ancona-in-tremila-alla-manifestazione-finale\/\"},\"author\":{\"name\":\"Sergio Sinigaglia\",\"@id\":\"https:\/\/www.pressenza.com\/it\/#\/schema\/person\/a1e9a2c1532b36b29d4776bb9701d842\"},\"headline\":\"Anti G7 Salute di Ancona: in tremila alla manifestazione finale\",\"datePublished\":\"2024-10-12T08:08:13+00:00\",\"dateModified\":\"2024-10-12T10:24:52+00:00\",\"mainEntityOfPage\":{\"@id\":\"https:\/\/www.pressenza.com\/it\/2024\/10\/anti-g7-salute-di-ancona-in-tremila-alla-manifestazione-finale\/\"},\"wordCount\":990,\"publisher\":{\"@id\":\"https:\/\/www.pressenza.com\/it\/#organization\"},\"image\":{\"@id\":\"https:\/\/www.pressenza.com\/it\/2024\/10\/anti-g7-salute-di-ancona-in-tremila-alla-manifestazione-finale\/#primaryimage\"},\"thumbnailUrl\":\"https:\/\/www.pressenza.com\/wp-content\/uploads\/2024\/10\/Foto-1-corteo-e1728719524124.jpg\",\"keywords\":[\"anti G7Salute\",\"aziende private\",\"Raffineria Api Falconara\",\"Rapporto Gimbe\",\"sanit\u00e0 pubblica\",\"Transizione ecologica\"],\"articleSection\":[\"contenuti originali\",\"Ecologia ed Ambiente\",\"Salute\"],\"inLanguage\":\"it-IT\"},{\"@type\":\"WebPage\",\"@id\":\"https:\/\/www.pressenza.com\/it\/2024\/10\/anti-g7-salute-di-ancona-in-tremila-alla-manifestazione-finale\/\",\"url\":\"https:\/\/www.pressenza.com\/it\/2024\/10\/anti-g7-salute-di-ancona-in-tremila-alla-manifestazione-finale\/\",\"name\":\"Anti G7 Salute di Ancona: in tremila alla manifestazione finale\",\"isPartOf\":{\"@id\":\"https:\/\/www.pressenza.com\/it\/#website\"},\"primaryImageOfPage\":{\"@id\":\"https:\/\/www.pressenza.com\/it\/2024\/10\/anti-g7-salute-di-ancona-in-tremila-alla-manifestazione-finale\/#primaryimage\"},\"image\":{\"@id\":\"https:\/\/www.pressenza.com\/it\/2024\/10\/anti-g7-salute-di-ancona-in-tremila-alla-manifestazione-finale\/#primaryimage\"},\"thumbnailUrl\":\"https:\/\/www.pressenza.com\/wp-content\/uploads\/2024\/10\/Foto-1-corteo-e1728719524124.jpg\",\"datePublished\":\"2024-10-12T08:08:13+00:00\",\"dateModified\":\"2024-10-12T10:24:52+00:00\",\"description\":\"C\u2019erano curiosit\u00e0 e anche un pizzico di apprensione per la manifestazione di ieri pomeriggio che ad Ancona ha concluso le tre giornate di iniziative di\",\"breadcrumb\":{\"@id\":\"https:\/\/www.pressenza.com\/it\/2024\/10\/anti-g7-salute-di-ancona-in-tremila-alla-manifestazione-finale\/#breadcrumb\"},\"inLanguage\":\"it-IT\",\"potentialAction\":[{\"@type\":\"ReadAction\",\"target\":[\"https:\/\/www.pressenza.com\/it\/2024\/10\/anti-g7-salute-di-ancona-in-tremila-alla-manifestazione-finale\/\"]}]},{\"@type\":\"ImageObject\",\"inLanguage\":\"it-IT\",\"@id\":\"https:\/\/www.pressenza.com\/it\/2024\/10\/anti-g7-salute-di-ancona-in-tremila-alla-manifestazione-finale\/#primaryimage\",\"url\":\"https:\/\/www.pressenza.com\/wp-content\/uploads\/2024\/10\/Foto-1-corteo-e1728719524124.jpg\",\"contentUrl\":\"https:\/\/www.pressenza.com\/wp-content\/uploads\/2024\/10\/Foto-1-corteo-e1728719524124.jpg\",\"width\":800,\"height\":600},{\"@type\":\"BreadcrumbList\",\"@id\":\"https:\/\/www.pressenza.com\/it\/2024\/10\/anti-g7-salute-di-ancona-in-tremila-alla-manifestazione-finale\/#breadcrumb\",\"itemListElement\":[{\"@type\":\"ListItem\",\"position\":1,\"name\":\"Accueil\",\"item\":\"https:\/\/www.pressenza.com\/it\/\"},{\"@type\":\"ListItem\",\"position\":2,\"name\":\"Anti G7 Salute di Ancona: in tremila alla manifestazione finale\"}]},{\"@type\":\"WebSite\",\"@id\":\"https:\/\/www.pressenza.com\/it\/#website\",\"url\":\"https:\/\/www.pressenza.com\/it\/\",\"name\":\"Pressenza\",\"description\":\"Agenzia di Stampa Internazionale\",\"publisher\":{\"@id\":\"https:\/\/www.pressenza.com\/it\/#organization\"},\"potentialAction\":[{\"@type\":\"SearchAction\",\"target\":{\"@type\":\"EntryPoint\",\"urlTemplate\":\"https:\/\/www.pressenza.com\/it\/?s={search_term_string}\"},\"query-input\":{\"@type\":\"PropertyValueSpecification\",\"valueRequired\":true,\"valueName\":\"search_term_string\"}}],\"inLanguage\":\"it-IT\"},{\"@type\":\"Organization\",\"@id\":\"https:\/\/www.pressenza.com\/it\/#organization\",\"name\":\"Pressenza\",\"url\":\"https:\/\/www.pressenza.com\/it\/\",\"logo\":{\"@type\":\"ImageObject\",\"inLanguage\":\"it-IT\",\"@id\":\"https:\/\/www.pressenza.com\/it\/#\/schema\/logo\/image\/\",\"url\":\"https:\/\/www.pressenza.com\/wp-content\/uploads\/2022\/10\/pressenza_logo_200x200.jpg\",\"contentUrl\":\"https:\/\/www.pressenza.com\/wp-content\/uploads\/2022\/10\/pressenza_logo_200x200.jpg\",\"width\":200,\"height\":200,\"caption\":\"Pressenza\"},\"image\":{\"@id\":\"https:\/\/www.pressenza.com\/it\/#\/schema\/logo\/image\/\"},\"sameAs\":[\"https:\/\/www.facebook.com\/PressenzaItalia\",\"https:\/\/x.com\/PressenzaIPA\"]},{\"@type\":\"Person\",\"@id\":\"https:\/\/www.pressenza.com\/it\/#\/schema\/person\/a1e9a2c1532b36b29d4776bb9701d842\",\"name\":\"Sergio Sinigaglia\",\"url\":\"https:\/\/www.pressenza.com\/it\/author\/sergio-sinigaglia\/\"}]}<\/script>\n<!-- \/ Yoast SEO plugin. -->","yoast_head_json":{"title":"Anti G7 Salute di Ancona: in tremila alla manifestazione finale","description":"C\u2019erano curiosit\u00e0 e anche un pizzico di apprensione per la manifestazione di ieri pomeriggio che ad Ancona ha concluso le tre giornate di iniziative di","robots":{"index":"index","follow":"follow","max-snippet":"max-snippet:-1","max-image-preview":"max-image-preview:large","max-video-preview":"max-video-preview:-1"},"canonical":"https:\/\/www.pressenza.com\/it\/2024\/10\/anti-g7-salute-di-ancona-in-tremila-alla-manifestazione-finale\/","og_locale":"it_IT","og_type":"article","og_title":"Anti G7 Salute di Ancona: in tremila alla manifestazione finale","og_description":"C\u2019erano curiosit\u00e0 e anche un pizzico di apprensione per la manifestazione di ieri pomeriggio che ad Ancona ha concluso le tre giornate di iniziative di","og_url":"https:\/\/www.pressenza.com\/it\/2024\/10\/anti-g7-salute-di-ancona-in-tremila-alla-manifestazione-finale\/","og_site_name":"Pressenza","article_publisher":"https:\/\/www.facebook.com\/PressenzaItalia","article_published_time":"2024-10-12T08:08:13+00:00","article_modified_time":"2024-10-12T10:24:52+00:00","og_image":[{"width":800,"height":600,"url":"https:\/\/www.pressenza.com\/wp-content\/uploads\/2024\/10\/Foto-1-corteo-e1728719524124.jpg","type":"image\/jpeg"}],"author":"Sergio Sinigaglia","twitter_card":"summary_large_image","twitter_creator":"@PressenzaIPA","twitter_site":"@PressenzaIPA","twitter_misc":{"Scritto da":"Sergio Sinigaglia","Tempo di lettura stimato":"6 minuti"},"schema":{"@context":"https:\/\/schema.org","@graph":[{"@type":"Article","@id":"https:\/\/www.pressenza.com\/it\/2024\/10\/anti-g7-salute-di-ancona-in-tremila-alla-manifestazione-finale\/#article","isPartOf":{"@id":"https:\/\/www.pressenza.com\/it\/2024\/10\/anti-g7-salute-di-ancona-in-tremila-alla-manifestazione-finale\/"},"author":{"name":"Sergio Sinigaglia","@id":"https:\/\/www.pressenza.com\/it\/#\/schema\/person\/a1e9a2c1532b36b29d4776bb9701d842"},"headline":"Anti G7 Salute di Ancona: in tremila alla manifestazione finale","datePublished":"2024-10-12T08:08:13+00:00","dateModified":"2024-10-12T10:24:52+00:00","mainEntityOfPage":{"@id":"https:\/\/www.pressenza.com\/it\/2024\/10\/anti-g7-salute-di-ancona-in-tremila-alla-manifestazione-finale\/"},"wordCount":990,"publisher":{"@id":"https:\/\/www.pressenza.com\/it\/#organization"},"image":{"@id":"https:\/\/www.pressenza.com\/it\/2024\/10\/anti-g7-salute-di-ancona-in-tremila-alla-manifestazione-finale\/#primaryimage"},"thumbnailUrl":"https:\/\/www.pressenza.com\/wp-content\/uploads\/2024\/10\/Foto-1-corteo-e1728719524124.jpg","keywords":["anti G7Salute","aziende private","Raffineria Api Falconara","Rapporto Gimbe","sanit\u00e0 pubblica","Transizione ecologica"],"articleSection":["contenuti originali","Ecologia ed Ambiente","Salute"],"inLanguage":"it-IT"},{"@type":"WebPage","@id":"https:\/\/www.pressenza.com\/it\/2024\/10\/anti-g7-salute-di-ancona-in-tremila-alla-manifestazione-finale\/","url":"https:\/\/www.pressenza.com\/it\/2024\/10\/anti-g7-salute-di-ancona-in-tremila-alla-manifestazione-finale\/","name":"Anti G7 Salute di Ancona: in tremila alla manifestazione finale","isPartOf":{"@id":"https:\/\/www.pressenza.com\/it\/#website"},"primaryImageOfPage":{"@id":"https:\/\/www.pressenza.com\/it\/2024\/10\/anti-g7-salute-di-ancona-in-tremila-alla-manifestazione-finale\/#primaryimage"},"image":{"@id":"https:\/\/www.pressenza.com\/it\/2024\/10\/anti-g7-salute-di-ancona-in-tremila-alla-manifestazione-finale\/#primaryimage"},"thumbnailUrl":"https:\/\/www.pressenza.com\/wp-content\/uploads\/2024\/10\/Foto-1-corteo-e1728719524124.jpg","datePublished":"2024-10-12T08:08:13+00:00","dateModified":"2024-10-12T10:24:52+00:00","description":"C\u2019erano curiosit\u00e0 e anche un pizzico di apprensione per la manifestazione di ieri pomeriggio che ad Ancona ha concluso le tre giornate di iniziative di","breadcrumb":{"@id":"https:\/\/www.pressenza.com\/it\/2024\/10\/anti-g7-salute-di-ancona-in-tremila-alla-manifestazione-finale\/#breadcrumb"},"inLanguage":"it-IT","potentialAction":[{"@type":"ReadAction","target":["https:\/\/www.pressenza.com\/it\/2024\/10\/anti-g7-salute-di-ancona-in-tremila-alla-manifestazione-finale\/"]}]},{"@type":"ImageObject","inLanguage":"it-IT","@id":"https:\/\/www.pressenza.com\/it\/2024\/10\/anti-g7-salute-di-ancona-in-tremila-alla-manifestazione-finale\/#primaryimage","url":"https:\/\/www.pressenza.com\/wp-content\/uploads\/2024\/10\/Foto-1-corteo-e1728719524124.jpg","contentUrl":"https:\/\/www.pressenza.com\/wp-content\/uploads\/2024\/10\/Foto-1-corteo-e1728719524124.jpg","width":800,"height":600},{"@type":"BreadcrumbList","@id":"https:\/\/www.pressenza.com\/it\/2024\/10\/anti-g7-salute-di-ancona-in-tremila-alla-manifestazione-finale\/#breadcrumb","itemListElement":[{"@type":"ListItem","position":1,"name":"Accueil","item":"https:\/\/www.pressenza.com\/it\/"},{"@type":"ListItem","position":2,"name":"Anti G7 Salute di Ancona: in tremila alla manifestazione finale"}]},{"@type":"WebSite","@id":"https:\/\/www.pressenza.com\/it\/#website","url":"https:\/\/www.pressenza.com\/it\/","name":"Pressenza","description":"Agenzia di Stampa Internazionale","publisher":{"@id":"https:\/\/www.pressenza.com\/it\/#organization"},"potentialAction":[{"@type":"SearchAction","target":{"@type":"EntryPoint","urlTemplate":"https:\/\/www.pressenza.com\/it\/?s={search_term_string}"},"query-input":{"@type":"PropertyValueSpecification","valueRequired":true,"valueName":"search_term_string"}}],"inLanguage":"it-IT"},{"@type":"Organization","@id":"https:\/\/www.pressenza.com\/it\/#organization","name":"Pressenza","url":"https:\/\/www.pressenza.com\/it\/","logo":{"@type":"ImageObject","inLanguage":"it-IT","@id":"https:\/\/www.pressenza.com\/it\/#\/schema\/logo\/image\/","url":"https:\/\/www.pressenza.com\/wp-content\/uploads\/2022\/10\/pressenza_logo_200x200.jpg","contentUrl":"https:\/\/www.pressenza.com\/wp-content\/uploads\/2022\/10\/pressenza_logo_200x200.jpg","width":200,"height":200,"caption":"Pressenza"},"image":{"@id":"https:\/\/www.pressenza.com\/it\/#\/schema\/logo\/image\/"},"sameAs":["https:\/\/www.facebook.com\/PressenzaItalia","https:\/\/x.com\/PressenzaIPA"]},{"@type":"Person","@id":"https:\/\/www.pressenza.com\/it\/#\/schema\/person\/a1e9a2c1532b36b29d4776bb9701d842","name":"Sergio Sinigaglia","url":"https:\/\/www.pressenza.com\/it\/author\/sergio-sinigaglia\/"}]}},"place":"","original_article_url":"","_links":{"self":[{"href":"https:\/\/www.pressenza.com\/it\/wp-json\/wp\/v2\/posts\/2554229","targetHints":{"allow":["GET"]}}],"collection":[{"href":"https:\/\/www.pressenza.com\/it\/wp-json\/wp\/v2\/posts"}],"about":[{"href":"https:\/\/www.pressenza.com\/it\/wp-json\/wp\/v2\/types\/post"}],"author":[{"embeddable":true,"href":"https:\/\/www.pressenza.com\/it\/wp-json\/wp\/v2\/users\/2112"}],"replies":[{"embeddable":true,"href":"https:\/\/www.pressenza.com\/it\/wp-json\/wp\/v2\/comments?post=2554229"}],"version-history":[{"count":0,"href":"https:\/\/www.pressenza.com\/it\/wp-json\/wp\/v2\/posts\/2554229\/revisions"}],"wp:featuredmedia":[{"embeddable":true,"href":"https:\/\/www.pressenza.com\/it\/wp-json\/wp\/v2\/media\/2554230"}],"wp:attachment":[{"href":"https:\/\/www.pressenza.com\/it\/wp-json\/wp\/v2\/media?parent=2554229"}],"wp:term":[{"taxonomy":"category","embeddable":true,"href":"https:\/\/www.pressenza.com\/it\/wp-json\/wp\/v2\/categories?post=2554229"},{"taxonomy":"post_tag","embeddable":true,"href":"https:\/\/www.pressenza.com\/it\/wp-json\/wp\/v2\/tags?post=2554229"}],"curies":[{"name":"wp","href":"https:\/\/api.w.org\/{rel}","templated":true}]}}