{"id":2553671,"date":"2024-10-09T17:59:51","date_gmt":"2024-10-09T16:59:51","guid":{"rendered":"https:\/\/www.pressenza.com\/?p=2553671"},"modified":"2024-10-09T18:02:48","modified_gmt":"2024-10-09T17:02:48","slug":"cresce-lazione-contro-le-armi-autonome-allonu-primi-passi-per-la-messa-al-bando-a-roma-le-iniziative-della-societa-civile-ricevuta-da-mattarella","status":"publish","type":"post","link":"https:\/\/www.pressenza.com\/it\/2024\/10\/cresce-lazione-contro-le-armi-autonome-allonu-primi-passi-per-la-messa-al-bando-a-roma-le-iniziative-della-societa-civile-ricevuta-da-mattarella\/","title":{"rendered":"Cresce l&#8217;azione contro le armi autonome: all&#8217;ONU primi passi per la messa al bando, a Roma le iniziative della societ\u00e0 civile (ricevuta da Mattarella)"},"content":{"rendered":"<p><strong>Del tema si parler\u00e0 venerd\u00ec 11 ottobre in un convegno promosso da Archivio Disarmo e Rete Pace Disarmo, con la partecipazione della Campagna Internazionale &#8220;Stop Killer Robots&#8221;, di Amnesty International, della Croce Rossa Italiana e di Etica sgr.<\/strong><\/p>\n<p>Protetta dal segreto, l\u2019Intelligenza Artificiale applicata alla guerra sta ispirando la ricerca, lo sviluppo e la futura operativit\u00e0 di sistemi d\u2019arma noti giornalisticamente come\u00a0<strong>robot killer<\/strong>\u00a0e tecnicamente come\u00a0<strong>armi letali autonome<\/strong>\u00a0(LAWS). Per contrastare questa minaccia la societ\u00e0 civile internazionale si sta mobilitando: la\u00a0<strong>Campagna &#8220;Stop Killer Robots&#8221; (rilanciata in Italia da Rete Pace Disarmo e Archivio Disarmo)<\/strong>\u00a0invita dunque tutti gli Stati a dare prova di leadership politica e morale votando a favore di una Risoluzione sulle armi autonome all&#8217;Assemblea generale delle Nazioni Unite in programma nella sessione di ottobre. Si tratta di una\u00a0opportunit\u00e0 cruciale per gli Stati di adottare misure per\u00a0<strong>creare salvaguardie legali che\u00a0proteggano\u00a0l&#8217;umanit\u00e0 dalla violenza automatizzata<\/strong>.<\/p>\n<p>Di recente abbiamo assistito a un forte aumento dell&#8217;uso militare dell&#8217;autonomia e dell&#8217;AI in particolare nei conflitti in corso a\u00a0Gaza e in\u00a0 Ucraina. La disumanizzazione e l&#8217;uccisione di persone da parte dell&#8217;Intelligenza Artificiale\u00a0o delle tecnologie automatizzate in contesti militari \u00e8 esecrabile e avr\u00e0 conseguenze significative anche per il controllo delle frontiere da parte delle forze di polizia e per la societ\u00e0 in generale.<\/p>\n<p>Se si permetter\u00e0 agli Stati e alle aziende di\u00a0<strong>continuare su questa strada senza salvaguardie legali\u00a0l&#8217;imminente uso di armi completamente autonome non far\u00e0 che aggravare i danni umanitari\u00a0<\/strong>gi\u00e0 presenti. Chiediamo all&#8217;Italia di sostenere la Risoluzione promossa dall&#8217;Austria (con il sostegno di Belgio, Brasile, Costa Rica, Filippine e Nuova Zelanda tra gli altri) e <strong>lavorare per creare norme legalmente vincolanti\u00a0sulle armi autonome<\/strong>. Finch\u00e9 si \u00e8 ancora in tempo per un&#8217;azione preventiva che salvaguardi l&#8217;umanit\u00e0 dai danni diretti provenienti dell&#8217;automazione della violenza.<\/p>\n<p><strong>Gli Stati hanno dimostrato una forte volont\u00e0 politica verso il raggiungimento di un nuovo diritto internazionale<\/strong>\u00a0all&#8217;Assemblea generale delle Nazioni Unite dello scorso anno (UNGA78), dove una\u00a0prima\u00a0<a href=\"https:\/\/retepacedisarmo.us14.list-manage.com\/track\/click?u=fa5bab19e0386a407221c9180&amp;id=c5516456e4&amp;e=2ae5623109\">storica risoluzione delle Nazioni Unite sulle armi autonome \u00e8 stata adottata da una larga\u00a0maggioranza<\/a>\u00a0(152 su 167 votanti, tra cui l&#8217;Italia). Tale documento ha dimostrato la preoccupazione internazionale e ha gettato le basi per il proseguimento delle discussioni all&#8217;Assemblea generale ONU, un forum inclusivo in cui tutti gli Stati possono partecipare e considerare le implicazioni delle armi autonome all&#8217;interno e al di l\u00e0 del dominio militare. La\u00a0<strong>Risoluzione di quest&#8217;anno porter\u00e0 a consultazioni informali per tutti gli Stati e le parti interessate sulle armi autonome e sulle loro implicazioni per la pace e la sicurezza internazionale<\/strong>, in questo momento cruciale in cui le conseguenze umanitarie dei danni causate dall&#8217;automatizzazione delle armi\u00a0stanno diventando pi\u00f9 tangibili.\u00a0Inoltre, il recente\u00a0<a href=\"https:\/\/retepacedisarmo.us14.list-manage.com\/track\/click?u=fa5bab19e0386a407221c9180&amp;id=d75314e127&amp;e=2ae5623109\">Rapporto del Segretario Generale delle Nazioni Unite sulle armi autonome<\/a>\u00a0dell&#8217;agosto 2024 &#8211; previsto dalla risoluzione del 2023 &#8211; invita gli Stati ad adottare uno strumento giuridicamente vincolante per vietare e regolamentare le armi autonome entro il 2026.<\/p>\n<p><strong>Francesco Vignarca<\/strong>, coordinatore campagne di Rete Pace Disarmo\u00a0membro di Stop Killer Robots, ha dichiarato:\u00a0\u201cL&#8217;intelligenza artificiale e le tecnologie automatizzate si stanno sviluppando rapidamente e\u00a0<strong>si ha notizia di armi con funzioni autonome utilizzate nei conflitti<\/strong>\u00a0in corso. Le armi autonome non faranno altro che aumentare la probabilit\u00e0 di catastrofi umanitarie. La\u00a0<strong>Risoluzione dell&#8217;Assemblea generale delle Nazioni Unite di quest&#8217;anno rappresenta dunque un&#8217;opportunit\u00e0 vitale<\/strong>\u00a0per superare l&#8217;impasse e fare progressi verso un trattato internazionale\u201d.<\/p>\n<p>Proprio nell&#8217;ottica di questo impegno continuo e richiesta all&#8217;Italia di una presa di posizione positiva, va evidenziato come nel pomeriggio di ieri 8 ottobre\u00a0<strong>il Presidente della Repubblica Sergio Mattarella abbia ricevuto una delegazione di Archivio Disarmo (anche in rappresentanza di Rete Pace Disarmo)<\/strong>\u00a0formata da Fabrizio Battistelli (Presidente), Maurizio Simoncelli (vice Presidente), Francesca Farruggia (Segretaria generale). Presente anche il Presidente di Legacoop Simone Gamberini. La delegazione accompagnava il professor\u00a0<strong>Peter Asaro, vice presidente della campagna internazionale Stop Killer Robots<\/strong>, al quale il 12 ottobre a Roma in Campidoglio a Roma verr\u00e0 conferito il Premio Archivio Disarmo &#8211; Colombe d\u2019oro per la pace, sezione internazionale.<\/p>\n<p>Durante l&#8217;incontro il prof. Peter Asaro ha affermato: &#8220;La\u00a0<strong>campagna Stop Killer Robots ringrazia l&#8217;Italia per l&#8217;opera svolta alle Nazioni Unite nel costruire il consenso su un Trattato internazionale per regolare\/bandire le armi autonome e prevenire la clamorosa minaccia ai diritti\u00a0umani e alla dignit\u00e0 umana imposta da questi sistemi<\/strong>. Incoraggiamo anche l&#8217;Italia a portare\u00a0avanti questo processo per raggiungere un trattato entro la scadenza\u00a0del 2026\u00a0<strong>sollecitata dal Segretario generale delle Nazioni Unite e dal Presidente del comitato internazionale della Croce Rossa<\/strong>. Riteniamo\u00a0che in questo momento di crisi e di conflitti \u00e8 pi\u00f9 che mai necessario che i paesi lavorino insieme per trovare un terreno comune e un accordo, e riaffermino\u00a0la propria fiducia nella\u00a0cooperazione internazionale e nel rispetto del diritto internazionale. Speriamo anche che questo trattato sulle armi autonome possa rappresentare un modello per la governance globale dell&#8217;Intelligenza Artificiale, ben oltre il suo impiego nelle armi e negli eserciti&#8221;.<\/p>\n<p>La delegazione ha poi\u00a0<strong>ringraziato\u00a0il Presidente della Repubblica &#8211; che ha osservato: &#8220;L&#8217;Onu \u00e8 uno strumento imperfetto, indubbiamente, ma a livello internazionale \u00e8 l&#8217;unico che abbiamo, lo dobbiamo tenere da conto&#8221;<\/strong>\u00a0&#8211;\u00a0per la sua attenzione ai temi del controllo e delle armi autonome e per l&#8217;apprezzamento\u00a0nei confronti del\u00a0Premio Colombe d&#8217;oro per la pace, che in tutti questi anni ha offerto un riconoscimento significativo a un insieme pluralistico di giornalisti e di personalit\u00e0 internazionali.<\/p>\n<p>Il tema della progressiva proliferazione di macchine che sfuggono al controllo umano in quanto dotate di una propria \u201cintelligenza\u201d verr\u00e0 affrontato\u00a0<strong>venerd\u00ec 11 ottobre 2024 alle ore 16.00 presso la Sala lauree della Facolt\u00e0 di Scienze Politiche, Sociologia, Comunicazione della Sapienza<\/strong>\u00a0rappresentati della comunit\u00e0 scientifica, dei media e della societ\u00e0 civile.<\/p>\n<p>L\u2019iniziativa \u00e8 realizzata dall\u2019<strong>Istituto di ricerche internazionali Archivio Disarmo e Rete Italiana Pace e Disarmo<\/strong>\u00a0in collaborazione con il\u00a0\u00a0Dipartimento di Scienze Sociali ed Economiche,\u00a0<strong>Sapienza Universit\u00e0 di Roma<\/strong>, la Facolt\u00e0 di Scienze Politiche, Sociologia, Comunicazione, Sapienza Universit\u00e0 di Roma e usufruisce del sostegno di\u00a0<strong>Etica SGR e della Campagna internazionale\u00a0<em>Stop Killer Robots<\/em><\/strong><em>.<\/em><\/p>\n<p>Programma e link per\u00a0<strong>iscrizione<\/strong>\u00a0(gratuita) a\u00a0<a href=\"https:\/\/retepacedisarmo.us14.list-manage.com\/track\/click?u=fa5bab19e0386a407221c9180&amp;id=830ccb2051&amp;e=2ae5623109\">questa pagina<\/a><\/p>\n<p>&nbsp;<\/p>\n","protected":false},"excerpt":{"rendered":"<p>Del tema si parler\u00e0 venerd\u00ec 11 ottobre in un convegno promosso da Archivio Disarmo e Rete Pace Disarmo, con la partecipazione della Campagna Internazionale &#8220;Stop Killer Robots&#8221;, di Amnesty International, della Croce Rossa Italiana e di Etica sgr. Protetta dal&hellip;<\/p>\n","protected":false},"author":1931,"featured_media":2553673,"comment_status":"closed","ping_status":"closed","sticky":false,"template":"","format":"standard","meta":{"footnotes":""},"categories":[150,38,1263],"tags":[42555,127728,1800,4339,24736,208,15742,1419],"class_list":["post-2553671","post","type-post","status-publish","format-standard","has-post-thumbnail","hentry","category-comunicati-stampa","category-internazionale","category-pace-disarmo","tag-armi-autonome","tag-campagna-internazionale-stop-killer-robots","tag-convegno","tag-eventi","tag-intelligenza-artificiale","tag-onu","tag-sergio-mattarella","tag-spese-militari"],"yoast_head":"<!-- This site is optimized with the Yoast SEO plugin v27.1.1 - https:\/\/yoast.com\/product\/yoast-seo-wordpress\/ -->\n<title>Cresce l&#039;azione contro le armi autonome: all&#039;ONU primi passi per la messa al bando, a Roma le iniziative della societ\u00e0 civile (ricevuta da Mattarella)<\/title>\n<meta name=\"description\" content=\"Del tema si parler\u00e0 venerd\u00ec 11 ottobre in un convegno promosso da Archivio Disarmo e Rete Pace Disarmo, con la partecipazione della Campagna\" \/>\n<meta name=\"robots\" content=\"index, follow, max-snippet:-1, max-image-preview:large, max-video-preview:-1\" \/>\n<link rel=\"canonical\" href=\"https:\/\/www.pressenza.com\/it\/2024\/10\/cresce-lazione-contro-le-armi-autonome-allonu-primi-passi-per-la-messa-al-bando-a-roma-le-iniziative-della-societa-civile-ricevuta-da-mattarella\/\" \/>\n<meta property=\"og:locale\" content=\"it_IT\" \/>\n<meta property=\"og:type\" content=\"article\" \/>\n<meta property=\"og:title\" content=\"Cresce l&#039;azione contro le armi autonome: all&#039;ONU primi passi per la messa al bando, a Roma le iniziative della societ\u00e0 civile (ricevuta da Mattarella)\" \/>\n<meta property=\"og:description\" content=\"Del tema si parler\u00e0 venerd\u00ec 11 ottobre in un convegno promosso da Archivio Disarmo e Rete Pace Disarmo, con la partecipazione della Campagna\" \/>\n<meta property=\"og:url\" content=\"https:\/\/www.pressenza.com\/it\/2024\/10\/cresce-lazione-contro-le-armi-autonome-allonu-primi-passi-per-la-messa-al-bando-a-roma-le-iniziative-della-societa-civile-ricevuta-da-mattarella\/\" \/>\n<meta property=\"og:site_name\" content=\"Pressenza\" \/>\n<meta property=\"article:publisher\" content=\"https:\/\/www.facebook.com\/PressenzaItalia\" \/>\n<meta property=\"article:published_time\" content=\"2024-10-09T16:59:51+00:00\" \/>\n<meta property=\"article:modified_time\" content=\"2024-10-09T17:02:48+00:00\" \/>\n<meta property=\"og:image\" content=\"https:\/\/www.pressenza.com\/wp-content\/uploads\/2024\/10\/stop-killer-robots.jpg\" \/>\n\t<meta property=\"og:image:width\" content=\"1920\" \/>\n\t<meta property=\"og:image:height\" content=\"1920\" \/>\n\t<meta property=\"og:image:type\" content=\"image\/jpeg\" \/>\n<meta name=\"author\" content=\"Rete Italiana Pace e Disarmo\" \/>\n<meta name=\"twitter:card\" content=\"summary_large_image\" \/>\n<meta name=\"twitter:creator\" content=\"@PressenzaIPA\" \/>\n<meta name=\"twitter:site\" content=\"@PressenzaIPA\" \/>\n<meta name=\"twitter:label1\" content=\"Scritto da\" \/>\n\t<meta name=\"twitter:data1\" content=\"Rete Italiana Pace e Disarmo\" \/>\n\t<meta name=\"twitter:label2\" content=\"Tempo di lettura stimato\" \/>\n\t<meta name=\"twitter:data2\" content=\"6 minuti\" \/>\n<script type=\"application\/ld+json\" class=\"yoast-schema-graph\">{\"@context\":\"https:\/\/schema.org\",\"@graph\":[{\"@type\":\"Article\",\"@id\":\"https:\/\/www.pressenza.com\/it\/2024\/10\/cresce-lazione-contro-le-armi-autonome-allonu-primi-passi-per-la-messa-al-bando-a-roma-le-iniziative-della-societa-civile-ricevuta-da-mattarella\/#article\",\"isPartOf\":{\"@id\":\"https:\/\/www.pressenza.com\/it\/2024\/10\/cresce-lazione-contro-le-armi-autonome-allonu-primi-passi-per-la-messa-al-bando-a-roma-le-iniziative-della-societa-civile-ricevuta-da-mattarella\/\"},\"author\":{\"name\":\"Rete Italiana Pace e Disarmo\",\"@id\":\"https:\/\/www.pressenza.com\/it\/#\/schema\/person\/c697939f2f841af28d9c0be1521c28d1\"},\"headline\":\"Cresce l&#8217;azione contro le armi autonome: all&#8217;ONU primi passi per la messa al bando, a Roma le iniziative della societ\u00e0 civile (ricevuta da Mattarella)\",\"datePublished\":\"2024-10-09T16:59:51+00:00\",\"dateModified\":\"2024-10-09T17:02:48+00:00\",\"mainEntityOfPage\":{\"@id\":\"https:\/\/www.pressenza.com\/it\/2024\/10\/cresce-lazione-contro-le-armi-autonome-allonu-primi-passi-per-la-messa-al-bando-a-roma-le-iniziative-della-societa-civile-ricevuta-da-mattarella\/\"},\"wordCount\":1059,\"publisher\":{\"@id\":\"https:\/\/www.pressenza.com\/it\/#organization\"},\"image\":{\"@id\":\"https:\/\/www.pressenza.com\/it\/2024\/10\/cresce-lazione-contro-le-armi-autonome-allonu-primi-passi-per-la-messa-al-bando-a-roma-le-iniziative-della-societa-civile-ricevuta-da-mattarella\/#primaryimage\"},\"thumbnailUrl\":\"https:\/\/www.pressenza.com\/wp-content\/uploads\/2024\/10\/stop-killer-robots.jpg\",\"keywords\":[\"armi autonome\",\"Campagna internazionale\u00a0Stop Killer Robots\",\"convegno\",\"eventi\",\"intelligenza artificiale\",\"ONU\",\"Sergio Mattarella\",\"spese militari\"],\"articleSection\":[\"Comunicati Stampa\",\"Internazionale\",\"Pace e Disarmo\"],\"inLanguage\":\"it-IT\"},{\"@type\":\"WebPage\",\"@id\":\"https:\/\/www.pressenza.com\/it\/2024\/10\/cresce-lazione-contro-le-armi-autonome-allonu-primi-passi-per-la-messa-al-bando-a-roma-le-iniziative-della-societa-civile-ricevuta-da-mattarella\/\",\"url\":\"https:\/\/www.pressenza.com\/it\/2024\/10\/cresce-lazione-contro-le-armi-autonome-allonu-primi-passi-per-la-messa-al-bando-a-roma-le-iniziative-della-societa-civile-ricevuta-da-mattarella\/\",\"name\":\"Cresce l'azione contro le armi autonome: all'ONU primi passi per la messa al bando, a Roma le iniziative della societ\u00e0 civile (ricevuta da Mattarella)\",\"isPartOf\":{\"@id\":\"https:\/\/www.pressenza.com\/it\/#website\"},\"primaryImageOfPage\":{\"@id\":\"https:\/\/www.pressenza.com\/it\/2024\/10\/cresce-lazione-contro-le-armi-autonome-allonu-primi-passi-per-la-messa-al-bando-a-roma-le-iniziative-della-societa-civile-ricevuta-da-mattarella\/#primaryimage\"},\"image\":{\"@id\":\"https:\/\/www.pressenza.com\/it\/2024\/10\/cresce-lazione-contro-le-armi-autonome-allonu-primi-passi-per-la-messa-al-bando-a-roma-le-iniziative-della-societa-civile-ricevuta-da-mattarella\/#primaryimage\"},\"thumbnailUrl\":\"https:\/\/www.pressenza.com\/wp-content\/uploads\/2024\/10\/stop-killer-robots.jpg\",\"datePublished\":\"2024-10-09T16:59:51+00:00\",\"dateModified\":\"2024-10-09T17:02:48+00:00\",\"description\":\"Del tema si parler\u00e0 venerd\u00ec 11 ottobre in un convegno promosso da Archivio Disarmo e Rete Pace Disarmo, con la partecipazione della Campagna\",\"breadcrumb\":{\"@id\":\"https:\/\/www.pressenza.com\/it\/2024\/10\/cresce-lazione-contro-le-armi-autonome-allonu-primi-passi-per-la-messa-al-bando-a-roma-le-iniziative-della-societa-civile-ricevuta-da-mattarella\/#breadcrumb\"},\"inLanguage\":\"it-IT\",\"potentialAction\":[{\"@type\":\"ReadAction\",\"target\":[\"https:\/\/www.pressenza.com\/it\/2024\/10\/cresce-lazione-contro-le-armi-autonome-allonu-primi-passi-per-la-messa-al-bando-a-roma-le-iniziative-della-societa-civile-ricevuta-da-mattarella\/\"]}]},{\"@type\":\"ImageObject\",\"inLanguage\":\"it-IT\",\"@id\":\"https:\/\/www.pressenza.com\/it\/2024\/10\/cresce-lazione-contro-le-armi-autonome-allonu-primi-passi-per-la-messa-al-bando-a-roma-le-iniziative-della-societa-civile-ricevuta-da-mattarella\/#primaryimage\",\"url\":\"https:\/\/www.pressenza.com\/wp-content\/uploads\/2024\/10\/stop-killer-robots.jpg\",\"contentUrl\":\"https:\/\/www.pressenza.com\/wp-content\/uploads\/2024\/10\/stop-killer-robots.jpg\",\"width\":1920,\"height\":1920},{\"@type\":\"BreadcrumbList\",\"@id\":\"https:\/\/www.pressenza.com\/it\/2024\/10\/cresce-lazione-contro-le-armi-autonome-allonu-primi-passi-per-la-messa-al-bando-a-roma-le-iniziative-della-societa-civile-ricevuta-da-mattarella\/#breadcrumb\",\"itemListElement\":[{\"@type\":\"ListItem\",\"position\":1,\"name\":\"Accueil\",\"item\":\"https:\/\/www.pressenza.com\/it\/\"},{\"@type\":\"ListItem\",\"position\":2,\"name\":\"Cresce l&#8217;azione contro le armi autonome: all&#8217;ONU primi passi per la messa al bando, a Roma le iniziative della societ\u00e0 civile (ricevuta da Mattarella)\"}]},{\"@type\":\"WebSite\",\"@id\":\"https:\/\/www.pressenza.com\/it\/#website\",\"url\":\"https:\/\/www.pressenza.com\/it\/\",\"name\":\"Pressenza\",\"description\":\"Agenzia di Stampa Internazionale\",\"publisher\":{\"@id\":\"https:\/\/www.pressenza.com\/it\/#organization\"},\"potentialAction\":[{\"@type\":\"SearchAction\",\"target\":{\"@type\":\"EntryPoint\",\"urlTemplate\":\"https:\/\/www.pressenza.com\/it\/?s={search_term_string}\"},\"query-input\":{\"@type\":\"PropertyValueSpecification\",\"valueRequired\":true,\"valueName\":\"search_term_string\"}}],\"inLanguage\":\"it-IT\"},{\"@type\":\"Organization\",\"@id\":\"https:\/\/www.pressenza.com\/it\/#organization\",\"name\":\"Pressenza\",\"url\":\"https:\/\/www.pressenza.com\/it\/\",\"logo\":{\"@type\":\"ImageObject\",\"inLanguage\":\"it-IT\",\"@id\":\"https:\/\/www.pressenza.com\/it\/#\/schema\/logo\/image\/\",\"url\":\"https:\/\/www.pressenza.com\/wp-content\/uploads\/2022\/10\/pressenza_logo_200x200.jpg\",\"contentUrl\":\"https:\/\/www.pressenza.com\/wp-content\/uploads\/2022\/10\/pressenza_logo_200x200.jpg\",\"width\":200,\"height\":200,\"caption\":\"Pressenza\"},\"image\":{\"@id\":\"https:\/\/www.pressenza.com\/it\/#\/schema\/logo\/image\/\"},\"sameAs\":[\"https:\/\/www.facebook.com\/PressenzaItalia\",\"https:\/\/x.com\/PressenzaIPA\"]},{\"@type\":\"Person\",\"@id\":\"https:\/\/www.pressenza.com\/it\/#\/schema\/person\/c697939f2f841af28d9c0be1521c28d1\",\"name\":\"Rete Italiana Pace e Disarmo\",\"description\":\"La Rete Italiana Pace e Disarmo nasce il 21 settembre 2020 dalla unificazione di due organismi storici del movimento pacifista e disarmista italiano: la Rete della Pace (fondata nel 2014) e la Rete Italiana Disarmo (fondata nel 2004). Entrambe le reti hanno potuto contare fin dalla loro fondazione sul sostegno di decine di associazioni, organizzazioni, sindacati, movimenti della societ\u00e0 civile italiana. Lo scopo \u00e8 quello di creare insieme la pace a partire dall\u2019unione delle nostre forze, degli obiettivi comuni, per rafforzare e far crescere il lavoro collettivo per la pace ed il disarmo.\",\"url\":\"https:\/\/www.pressenza.com\/it\/author\/rete-italiana-pace-e-disarmo\/\"}]}<\/script>\n<!-- \/ Yoast SEO plugin. -->","yoast_head_json":{"title":"Cresce l'azione contro le armi autonome: all'ONU primi passi per la messa al bando, a Roma le iniziative della societ\u00e0 civile (ricevuta da Mattarella)","description":"Del tema si parler\u00e0 venerd\u00ec 11 ottobre in un convegno promosso da Archivio Disarmo e Rete Pace Disarmo, con la partecipazione della Campagna","robots":{"index":"index","follow":"follow","max-snippet":"max-snippet:-1","max-image-preview":"max-image-preview:large","max-video-preview":"max-video-preview:-1"},"canonical":"https:\/\/www.pressenza.com\/it\/2024\/10\/cresce-lazione-contro-le-armi-autonome-allonu-primi-passi-per-la-messa-al-bando-a-roma-le-iniziative-della-societa-civile-ricevuta-da-mattarella\/","og_locale":"it_IT","og_type":"article","og_title":"Cresce l'azione contro le armi autonome: all'ONU primi passi per la messa al bando, a Roma le iniziative della societ\u00e0 civile (ricevuta da Mattarella)","og_description":"Del tema si parler\u00e0 venerd\u00ec 11 ottobre in un convegno promosso da Archivio Disarmo e Rete Pace Disarmo, con la partecipazione della Campagna","og_url":"https:\/\/www.pressenza.com\/it\/2024\/10\/cresce-lazione-contro-le-armi-autonome-allonu-primi-passi-per-la-messa-al-bando-a-roma-le-iniziative-della-societa-civile-ricevuta-da-mattarella\/","og_site_name":"Pressenza","article_publisher":"https:\/\/www.facebook.com\/PressenzaItalia","article_published_time":"2024-10-09T16:59:51+00:00","article_modified_time":"2024-10-09T17:02:48+00:00","og_image":[{"width":1920,"height":1920,"url":"https:\/\/www.pressenza.com\/wp-content\/uploads\/2024\/10\/stop-killer-robots.jpg","type":"image\/jpeg"}],"author":"Rete Italiana Pace e Disarmo","twitter_card":"summary_large_image","twitter_creator":"@PressenzaIPA","twitter_site":"@PressenzaIPA","twitter_misc":{"Scritto da":"Rete Italiana Pace e Disarmo","Tempo di lettura stimato":"6 minuti"},"schema":{"@context":"https:\/\/schema.org","@graph":[{"@type":"Article","@id":"https:\/\/www.pressenza.com\/it\/2024\/10\/cresce-lazione-contro-le-armi-autonome-allonu-primi-passi-per-la-messa-al-bando-a-roma-le-iniziative-della-societa-civile-ricevuta-da-mattarella\/#article","isPartOf":{"@id":"https:\/\/www.pressenza.com\/it\/2024\/10\/cresce-lazione-contro-le-armi-autonome-allonu-primi-passi-per-la-messa-al-bando-a-roma-le-iniziative-della-societa-civile-ricevuta-da-mattarella\/"},"author":{"name":"Rete Italiana Pace e Disarmo","@id":"https:\/\/www.pressenza.com\/it\/#\/schema\/person\/c697939f2f841af28d9c0be1521c28d1"},"headline":"Cresce l&#8217;azione contro le armi autonome: all&#8217;ONU primi passi per la messa al bando, a Roma le iniziative della societ\u00e0 civile (ricevuta da Mattarella)","datePublished":"2024-10-09T16:59:51+00:00","dateModified":"2024-10-09T17:02:48+00:00","mainEntityOfPage":{"@id":"https:\/\/www.pressenza.com\/it\/2024\/10\/cresce-lazione-contro-le-armi-autonome-allonu-primi-passi-per-la-messa-al-bando-a-roma-le-iniziative-della-societa-civile-ricevuta-da-mattarella\/"},"wordCount":1059,"publisher":{"@id":"https:\/\/www.pressenza.com\/it\/#organization"},"image":{"@id":"https:\/\/www.pressenza.com\/it\/2024\/10\/cresce-lazione-contro-le-armi-autonome-allonu-primi-passi-per-la-messa-al-bando-a-roma-le-iniziative-della-societa-civile-ricevuta-da-mattarella\/#primaryimage"},"thumbnailUrl":"https:\/\/www.pressenza.com\/wp-content\/uploads\/2024\/10\/stop-killer-robots.jpg","keywords":["armi autonome","Campagna internazionale\u00a0Stop Killer Robots","convegno","eventi","intelligenza artificiale","ONU","Sergio Mattarella","spese militari"],"articleSection":["Comunicati Stampa","Internazionale","Pace e Disarmo"],"inLanguage":"it-IT"},{"@type":"WebPage","@id":"https:\/\/www.pressenza.com\/it\/2024\/10\/cresce-lazione-contro-le-armi-autonome-allonu-primi-passi-per-la-messa-al-bando-a-roma-le-iniziative-della-societa-civile-ricevuta-da-mattarella\/","url":"https:\/\/www.pressenza.com\/it\/2024\/10\/cresce-lazione-contro-le-armi-autonome-allonu-primi-passi-per-la-messa-al-bando-a-roma-le-iniziative-della-societa-civile-ricevuta-da-mattarella\/","name":"Cresce l'azione contro le armi autonome: all'ONU primi passi per la messa al bando, a Roma le iniziative della societ\u00e0 civile (ricevuta da Mattarella)","isPartOf":{"@id":"https:\/\/www.pressenza.com\/it\/#website"},"primaryImageOfPage":{"@id":"https:\/\/www.pressenza.com\/it\/2024\/10\/cresce-lazione-contro-le-armi-autonome-allonu-primi-passi-per-la-messa-al-bando-a-roma-le-iniziative-della-societa-civile-ricevuta-da-mattarella\/#primaryimage"},"image":{"@id":"https:\/\/www.pressenza.com\/it\/2024\/10\/cresce-lazione-contro-le-armi-autonome-allonu-primi-passi-per-la-messa-al-bando-a-roma-le-iniziative-della-societa-civile-ricevuta-da-mattarella\/#primaryimage"},"thumbnailUrl":"https:\/\/www.pressenza.com\/wp-content\/uploads\/2024\/10\/stop-killer-robots.jpg","datePublished":"2024-10-09T16:59:51+00:00","dateModified":"2024-10-09T17:02:48+00:00","description":"Del tema si parler\u00e0 venerd\u00ec 11 ottobre in un convegno promosso da Archivio Disarmo e Rete Pace Disarmo, con la partecipazione della Campagna","breadcrumb":{"@id":"https:\/\/www.pressenza.com\/it\/2024\/10\/cresce-lazione-contro-le-armi-autonome-allonu-primi-passi-per-la-messa-al-bando-a-roma-le-iniziative-della-societa-civile-ricevuta-da-mattarella\/#breadcrumb"},"inLanguage":"it-IT","potentialAction":[{"@type":"ReadAction","target":["https:\/\/www.pressenza.com\/it\/2024\/10\/cresce-lazione-contro-le-armi-autonome-allonu-primi-passi-per-la-messa-al-bando-a-roma-le-iniziative-della-societa-civile-ricevuta-da-mattarella\/"]}]},{"@type":"ImageObject","inLanguage":"it-IT","@id":"https:\/\/www.pressenza.com\/it\/2024\/10\/cresce-lazione-contro-le-armi-autonome-allonu-primi-passi-per-la-messa-al-bando-a-roma-le-iniziative-della-societa-civile-ricevuta-da-mattarella\/#primaryimage","url":"https:\/\/www.pressenza.com\/wp-content\/uploads\/2024\/10\/stop-killer-robots.jpg","contentUrl":"https:\/\/www.pressenza.com\/wp-content\/uploads\/2024\/10\/stop-killer-robots.jpg","width":1920,"height":1920},{"@type":"BreadcrumbList","@id":"https:\/\/www.pressenza.com\/it\/2024\/10\/cresce-lazione-contro-le-armi-autonome-allonu-primi-passi-per-la-messa-al-bando-a-roma-le-iniziative-della-societa-civile-ricevuta-da-mattarella\/#breadcrumb","itemListElement":[{"@type":"ListItem","position":1,"name":"Accueil","item":"https:\/\/www.pressenza.com\/it\/"},{"@type":"ListItem","position":2,"name":"Cresce l&#8217;azione contro le armi autonome: all&#8217;ONU primi passi per la messa al bando, a Roma le iniziative della societ\u00e0 civile (ricevuta da Mattarella)"}]},{"@type":"WebSite","@id":"https:\/\/www.pressenza.com\/it\/#website","url":"https:\/\/www.pressenza.com\/it\/","name":"Pressenza","description":"Agenzia di Stampa Internazionale","publisher":{"@id":"https:\/\/www.pressenza.com\/it\/#organization"},"potentialAction":[{"@type":"SearchAction","target":{"@type":"EntryPoint","urlTemplate":"https:\/\/www.pressenza.com\/it\/?s={search_term_string}"},"query-input":{"@type":"PropertyValueSpecification","valueRequired":true,"valueName":"search_term_string"}}],"inLanguage":"it-IT"},{"@type":"Organization","@id":"https:\/\/www.pressenza.com\/it\/#organization","name":"Pressenza","url":"https:\/\/www.pressenza.com\/it\/","logo":{"@type":"ImageObject","inLanguage":"it-IT","@id":"https:\/\/www.pressenza.com\/it\/#\/schema\/logo\/image\/","url":"https:\/\/www.pressenza.com\/wp-content\/uploads\/2022\/10\/pressenza_logo_200x200.jpg","contentUrl":"https:\/\/www.pressenza.com\/wp-content\/uploads\/2022\/10\/pressenza_logo_200x200.jpg","width":200,"height":200,"caption":"Pressenza"},"image":{"@id":"https:\/\/www.pressenza.com\/it\/#\/schema\/logo\/image\/"},"sameAs":["https:\/\/www.facebook.com\/PressenzaItalia","https:\/\/x.com\/PressenzaIPA"]},{"@type":"Person","@id":"https:\/\/www.pressenza.com\/it\/#\/schema\/person\/c697939f2f841af28d9c0be1521c28d1","name":"Rete Italiana Pace e Disarmo","description":"La Rete Italiana Pace e Disarmo nasce il 21 settembre 2020 dalla unificazione di due organismi storici del movimento pacifista e disarmista italiano: la Rete della Pace (fondata nel 2014) e la Rete Italiana Disarmo (fondata nel 2004). Entrambe le reti hanno potuto contare fin dalla loro fondazione sul sostegno di decine di associazioni, organizzazioni, sindacati, movimenti della societ\u00e0 civile italiana. Lo scopo \u00e8 quello di creare insieme la pace a partire dall\u2019unione delle nostre forze, degli obiettivi comuni, per rafforzare e far crescere il lavoro collettivo per la pace ed il disarmo.","url":"https:\/\/www.pressenza.com\/it\/author\/rete-italiana-pace-e-disarmo\/"}]}},"place":"","original_article_url":"","_links":{"self":[{"href":"https:\/\/www.pressenza.com\/it\/wp-json\/wp\/v2\/posts\/2553671","targetHints":{"allow":["GET"]}}],"collection":[{"href":"https:\/\/www.pressenza.com\/it\/wp-json\/wp\/v2\/posts"}],"about":[{"href":"https:\/\/www.pressenza.com\/it\/wp-json\/wp\/v2\/types\/post"}],"author":[{"embeddable":true,"href":"https:\/\/www.pressenza.com\/it\/wp-json\/wp\/v2\/users\/1931"}],"replies":[{"embeddable":true,"href":"https:\/\/www.pressenza.com\/it\/wp-json\/wp\/v2\/comments?post=2553671"}],"version-history":[{"count":0,"href":"https:\/\/www.pressenza.com\/it\/wp-json\/wp\/v2\/posts\/2553671\/revisions"}],"wp:featuredmedia":[{"embeddable":true,"href":"https:\/\/www.pressenza.com\/it\/wp-json\/wp\/v2\/media\/2553673"}],"wp:attachment":[{"href":"https:\/\/www.pressenza.com\/it\/wp-json\/wp\/v2\/media?parent=2553671"}],"wp:term":[{"taxonomy":"category","embeddable":true,"href":"https:\/\/www.pressenza.com\/it\/wp-json\/wp\/v2\/categories?post=2553671"},{"taxonomy":"post_tag","embeddable":true,"href":"https:\/\/www.pressenza.com\/it\/wp-json\/wp\/v2\/tags?post=2553671"}],"curies":[{"name":"wp","href":"https:\/\/api.w.org\/{rel}","templated":true}]}}