{"id":2552293,"date":"2024-10-04T23:12:35","date_gmt":"2024-10-04T22:12:35","guid":{"rendered":"https:\/\/www.pressenza.com\/?p=2552293"},"modified":"2024-10-04T23:12:35","modified_gmt":"2024-10-04T22:12:35","slug":"luniversita-andres-bello-di-el-salvador-accoglie-lequipe-base-della-terza-marcia-mondiale-per-la-pace-e-la-nonviolenza","status":"publish","type":"post","link":"https:\/\/www.pressenza.com\/it\/2024\/10\/luniversita-andres-bello-di-el-salvador-accoglie-lequipe-base-della-terza-marcia-mondiale-per-la-pace-e-la-nonviolenza\/","title":{"rendered":"L&#8217;Universit\u00e0 Andr\u00e9s Bello di El Salvador accoglie l&#8217;equipe base della Terza Marcia Mondiale per la Pace e la Nonviolenza"},"content":{"rendered":"<p>Il 3 ottobre l&#8217;Universit\u00e0 Andr\u00e9s Bello di San Miguel, El Salvador, ha aperto le sue porte ai partecipanti della 3\u00aa Marcia Mondiale per la Pace e la Nonviolenza, dando vita a un&#8217;accoglienza emozionante.<\/p>\n<p>Le studentesse e gli studenti hanno accolto l&#8217;equipe base composta da persone provenienti dalla Costa Rica, Colombia, Equador, Cile, Guadalupa, Italia, Spagna, Germania e Polonia, creando un&#8217;atmosfera di festa e di unit\u00e0.<\/p>\n<p>L&#8217;evento \u00e8 iniziato con un discorso ispirato della dottoressa Rommy Sandoval, che ha dato il benvenuto alle marciatrici e i marciatori, sottolineando l&#8217;importanza di un&#8217;iniziativa che da 15 anni promuove la pace nel mondo. Ha poi preso la parola al neolaureato H\u00e9ctor Arias, il quale ha evidenziato la necessit\u00e0 di coltivare valori fondamentali per costruire una pace duratura. Anche i docenti dell&#8217;istituzione hanno partecipato attivamente, riaffermando l&#8217;impegno dell&#8217;istruzione superiore verso questi ideali vitali. Rafael de la Rubia, membro dell&#8217;equipe base e dell&#8217;associazione \u201cMondo senza guerre e senza violenza\u201d nonch\u00e9 ideatore delle Marce Mondiali per la Pace e la Nonviolenza, ha ringraziato calorosamente per l&#8217;accoglienza, presentando con entusiasmo le delegazioni che lo accompagnavano.<\/p>\n<p>Un momento particolarmente coinvolgente \u00e8 stato offerto da giovani studentesse e studenti, che hanno deliziato tutti con danze folkloristiche, fornendo un primo assaggio della ricca cultura salvadoregna.<\/p>\n<p>Alla fine dell&#8217;evento, i partecipanti hanno ricevuto rose bianche, simbolo di pace, e la delegazione dell&#8217;Honduras, guidata da Leonel Ayala, si \u00e8 unita per sostenere questa causa condivisa.<\/p>\n<p>Questo incontro non \u00e8 stato solo un evento, ma un&#8217;importante celebrazione dell&#8217;unit\u00e0 e dell&#8217;impegno verso un futuro di pace dell&#8217;universit\u00e0 e della societ\u00e0 civile di El Salvador.<\/p>\n<div class=\"post-gallery\">\n\t\t\t<figure class=\"post-gallery-item\">\n\t\t\t\t<img decoding=\"async\" src=\"https:\/\/www.pressenza.com\/wp-content\/uploads\/2024\/10\/WhatsApp-Image-2024-10-04-at-21.52.41-820x547.jpeg\" loading=\"lazy\">\n\t\t\t\t<figcaption>\n\t\t\t\t\t\n\t\t\t\t<\/figcaption>\n\t\t\t<\/figure>\n\t\t\t<figure class=\"post-gallery-item\">\n\t\t\t\t<img decoding=\"async\" src=\"https:\/\/www.pressenza.com\/wp-content\/uploads\/2024\/10\/WhatsApp-Image-2024-10-04-at-21.53.28-820x459.jpeg\" loading=\"lazy\">\n\t\t\t\t<figcaption>\n\t\t\t\t\t\n\t\t\t\t<\/figcaption>\n\t\t\t<\/figure>\n\t\t\t<figure class=\"post-gallery-item\">\n\t\t\t\t<img decoding=\"async\" src=\"https:\/\/www.pressenza.com\/wp-content\/uploads\/2024\/10\/WhatsApp-Image-2024-10-04-at-21.53.28-1-820x589.jpeg\" loading=\"lazy\">\n\t\t\t\t<figcaption>\n\t\t\t\t\t\n\t\t\t\t<\/figcaption>\n\t\t\t<\/figure>\n\t\t\t<figure class=\"post-gallery-item\">\n\t\t\t\t<img decoding=\"async\" src=\"https:\/\/www.pressenza.com\/wp-content\/uploads\/2024\/10\/WhatsApp-Image-2024-10-04-at-21.53.28-2-820x615.jpeg\" loading=\"lazy\">\n\t\t\t\t<figcaption>\n\t\t\t\t\t\n\t\t\t\t<\/figcaption>\n\t\t\t<\/figure><\/div>\n","protected":false},"excerpt":{"rendered":"<p>Il 3 ottobre l&#8217;Universit\u00e0 Andr\u00e9s Bello di San Miguel, El Salvador, ha aperto le sue porte ai partecipanti della 3\u00aa Marcia Mondiale per la Pace e la Nonviolenza, dando vita a un&#8217;accoglienza emozionante. Le studentesse e gli studenti hanno accolto&hellip;<\/p>\n","protected":false},"author":1565,"featured_media":2552298,"comment_status":"closed","ping_status":"closed","sticky":false,"template":"","format":"standard","meta":{"footnotes":""},"categories":[50,150,11388,5677,1262,1263],"tags":[104474],"class_list":["post-2552293","post","type-post","status-publish","format-standard","has-post-thumbnail","hentry","category-centro-america","category-comunicati-stampa","category-contenuti-originali","category-fotoreportages","category-nonviolenza-argomento","category-pace-disarmo","tag-terza-marcia-mondiale-per-la-pace-e-la-nonviolenza"],"yoast_head":"<!-- This site is optimized with the Yoast SEO plugin v27.1.1 - https:\/\/yoast.com\/product\/yoast-seo-wordpress\/ -->\n<title>L&#039;Universit\u00e0 Andr\u00e9s Bello di El Salvador accoglie l&#039;equipe base della Terza Marcia Mondiale per la Pace e la Nonviolenza<\/title>\n<meta name=\"description\" content=\"Il 3 ottobre l&#039;Universit\u00e0 Andr\u00e9s Bello di San Miguel, El Salvador, ha aperto le sue porte ai partecipanti della 3\u00aa Marcia Mondiale per la Pace e la\" \/>\n<meta name=\"robots\" content=\"index, follow, max-snippet:-1, max-image-preview:large, max-video-preview:-1\" \/>\n<link rel=\"canonical\" href=\"https:\/\/www.pressenza.com\/it\/2024\/10\/luniversita-andres-bello-di-el-salvador-accoglie-lequipe-base-della-terza-marcia-mondiale-per-la-pace-e-la-nonviolenza\/\" \/>\n<meta property=\"og:locale\" content=\"it_IT\" \/>\n<meta property=\"og:type\" content=\"article\" \/>\n<meta property=\"og:title\" content=\"L&#039;Universit\u00e0 Andr\u00e9s Bello di El Salvador accoglie l&#039;equipe base della Terza Marcia Mondiale per la Pace e la Nonviolenza\" \/>\n<meta property=\"og:description\" content=\"Il 3 ottobre l&#039;Universit\u00e0 Andr\u00e9s Bello di San Miguel, El Salvador, ha aperto le sue porte ai partecipanti della 3\u00aa Marcia Mondiale per la Pace e la\" \/>\n<meta property=\"og:url\" content=\"https:\/\/www.pressenza.com\/it\/2024\/10\/luniversita-andres-bello-di-el-salvador-accoglie-lequipe-base-della-terza-marcia-mondiale-per-la-pace-e-la-nonviolenza\/\" \/>\n<meta property=\"og:site_name\" content=\"Pressenza\" \/>\n<meta property=\"article:publisher\" content=\"https:\/\/www.facebook.com\/PressenzaItalia\" \/>\n<meta property=\"article:published_time\" content=\"2024-10-04T22:12:35+00:00\" \/>\n<meta property=\"og:image\" content=\"https:\/\/www.pressenza.com\/wp-content\/uploads\/2024\/10\/WhatsApp-Image-2024-10-04-at-21.53.29.jpeg\" \/>\n\t<meta property=\"og:image:width\" content=\"2000\" \/>\n\t<meta property=\"og:image:height\" content=\"1500\" \/>\n\t<meta property=\"og:image:type\" content=\"image\/jpeg\" \/>\n<meta name=\"author\" content=\"Marcia Mondiale per la Pace e la Nonviolenza\" \/>\n<meta name=\"twitter:card\" content=\"summary_large_image\" \/>\n<meta name=\"twitter:creator\" content=\"@PressenzaIPA\" \/>\n<meta name=\"twitter:site\" content=\"@PressenzaIPA\" \/>\n<meta name=\"twitter:label1\" content=\"Scritto da\" \/>\n\t<meta name=\"twitter:data1\" content=\"Marcia Mondiale per la Pace e la Nonviolenza\" \/>\n\t<meta name=\"twitter:label2\" content=\"Tempo di lettura stimato\" \/>\n\t<meta name=\"twitter:data2\" content=\"2 minuti\" \/>\n<script type=\"application\/ld+json\" class=\"yoast-schema-graph\">{\"@context\":\"https:\/\/schema.org\",\"@graph\":[{\"@type\":\"Article\",\"@id\":\"https:\/\/www.pressenza.com\/it\/2024\/10\/luniversita-andres-bello-di-el-salvador-accoglie-lequipe-base-della-terza-marcia-mondiale-per-la-pace-e-la-nonviolenza\/#article\",\"isPartOf\":{\"@id\":\"https:\/\/www.pressenza.com\/it\/2024\/10\/luniversita-andres-bello-di-el-salvador-accoglie-lequipe-base-della-terza-marcia-mondiale-per-la-pace-e-la-nonviolenza\/\"},\"author\":{\"name\":\"Marcia Mondiale per la Pace e la Nonviolenza\",\"@id\":\"https:\/\/www.pressenza.com\/it\/#\/schema\/person\/7695876a0aa9e0602a5de3babecd54ff\"},\"headline\":\"L&#8217;Universit\u00e0 Andr\u00e9s Bello di El Salvador accoglie l&#8217;equipe base della Terza Marcia Mondiale per la Pace e la Nonviolenza\",\"datePublished\":\"2024-10-04T22:12:35+00:00\",\"mainEntityOfPage\":{\"@id\":\"https:\/\/www.pressenza.com\/it\/2024\/10\/luniversita-andres-bello-di-el-salvador-accoglie-lequipe-base-della-terza-marcia-mondiale-per-la-pace-e-la-nonviolenza\/\"},\"wordCount\":297,\"publisher\":{\"@id\":\"https:\/\/www.pressenza.com\/it\/#organization\"},\"image\":{\"@id\":\"https:\/\/www.pressenza.com\/it\/2024\/10\/luniversita-andres-bello-di-el-salvador-accoglie-lequipe-base-della-terza-marcia-mondiale-per-la-pace-e-la-nonviolenza\/#primaryimage\"},\"thumbnailUrl\":\"https:\/\/www.pressenza.com\/wp-content\/uploads\/2024\/10\/WhatsApp-Image-2024-10-04-at-21.53.29.jpeg\",\"keywords\":[\"Terza Marcia Mondiale per la Pace e la Nonviolenza\"],\"articleSection\":[\"America Centrale\",\"Comunicati Stampa\",\"contenuti originali\",\"Fotoreportages\",\"Nonviolenza\",\"Pace e Disarmo\"],\"inLanguage\":\"it-IT\"},{\"@type\":\"WebPage\",\"@id\":\"https:\/\/www.pressenza.com\/it\/2024\/10\/luniversita-andres-bello-di-el-salvador-accoglie-lequipe-base-della-terza-marcia-mondiale-per-la-pace-e-la-nonviolenza\/\",\"url\":\"https:\/\/www.pressenza.com\/it\/2024\/10\/luniversita-andres-bello-di-el-salvador-accoglie-lequipe-base-della-terza-marcia-mondiale-per-la-pace-e-la-nonviolenza\/\",\"name\":\"L'Universit\u00e0 Andr\u00e9s Bello di El Salvador accoglie l'equipe base della Terza Marcia Mondiale per la Pace e la Nonviolenza\",\"isPartOf\":{\"@id\":\"https:\/\/www.pressenza.com\/it\/#website\"},\"primaryImageOfPage\":{\"@id\":\"https:\/\/www.pressenza.com\/it\/2024\/10\/luniversita-andres-bello-di-el-salvador-accoglie-lequipe-base-della-terza-marcia-mondiale-per-la-pace-e-la-nonviolenza\/#primaryimage\"},\"image\":{\"@id\":\"https:\/\/www.pressenza.com\/it\/2024\/10\/luniversita-andres-bello-di-el-salvador-accoglie-lequipe-base-della-terza-marcia-mondiale-per-la-pace-e-la-nonviolenza\/#primaryimage\"},\"thumbnailUrl\":\"https:\/\/www.pressenza.com\/wp-content\/uploads\/2024\/10\/WhatsApp-Image-2024-10-04-at-21.53.29.jpeg\",\"datePublished\":\"2024-10-04T22:12:35+00:00\",\"description\":\"Il 3 ottobre l'Universit\u00e0 Andr\u00e9s Bello di San Miguel, El Salvador, ha aperto le sue porte ai partecipanti della 3\u00aa Marcia Mondiale per la Pace e la\",\"breadcrumb\":{\"@id\":\"https:\/\/www.pressenza.com\/it\/2024\/10\/luniversita-andres-bello-di-el-salvador-accoglie-lequipe-base-della-terza-marcia-mondiale-per-la-pace-e-la-nonviolenza\/#breadcrumb\"},\"inLanguage\":\"it-IT\",\"potentialAction\":[{\"@type\":\"ReadAction\",\"target\":[\"https:\/\/www.pressenza.com\/it\/2024\/10\/luniversita-andres-bello-di-el-salvador-accoglie-lequipe-base-della-terza-marcia-mondiale-per-la-pace-e-la-nonviolenza\/\"]}]},{\"@type\":\"ImageObject\",\"inLanguage\":\"it-IT\",\"@id\":\"https:\/\/www.pressenza.com\/it\/2024\/10\/luniversita-andres-bello-di-el-salvador-accoglie-lequipe-base-della-terza-marcia-mondiale-per-la-pace-e-la-nonviolenza\/#primaryimage\",\"url\":\"https:\/\/www.pressenza.com\/wp-content\/uploads\/2024\/10\/WhatsApp-Image-2024-10-04-at-21.53.29.jpeg\",\"contentUrl\":\"https:\/\/www.pressenza.com\/wp-content\/uploads\/2024\/10\/WhatsApp-Image-2024-10-04-at-21.53.29.jpeg\",\"width\":2000,\"height\":1500},{\"@type\":\"BreadcrumbList\",\"@id\":\"https:\/\/www.pressenza.com\/it\/2024\/10\/luniversita-andres-bello-di-el-salvador-accoglie-lequipe-base-della-terza-marcia-mondiale-per-la-pace-e-la-nonviolenza\/#breadcrumb\",\"itemListElement\":[{\"@type\":\"ListItem\",\"position\":1,\"name\":\"Accueil\",\"item\":\"https:\/\/www.pressenza.com\/it\/\"},{\"@type\":\"ListItem\",\"position\":2,\"name\":\"L&#8217;Universit\u00e0 Andr\u00e9s Bello di El Salvador accoglie l&#8217;equipe base della Terza Marcia Mondiale per la Pace e la Nonviolenza\"}]},{\"@type\":\"WebSite\",\"@id\":\"https:\/\/www.pressenza.com\/it\/#website\",\"url\":\"https:\/\/www.pressenza.com\/it\/\",\"name\":\"Pressenza\",\"description\":\"Agenzia di Stampa Internazionale\",\"publisher\":{\"@id\":\"https:\/\/www.pressenza.com\/it\/#organization\"},\"potentialAction\":[{\"@type\":\"SearchAction\",\"target\":{\"@type\":\"EntryPoint\",\"urlTemplate\":\"https:\/\/www.pressenza.com\/it\/?s={search_term_string}\"},\"query-input\":{\"@type\":\"PropertyValueSpecification\",\"valueRequired\":true,\"valueName\":\"search_term_string\"}}],\"inLanguage\":\"it-IT\"},{\"@type\":\"Organization\",\"@id\":\"https:\/\/www.pressenza.com\/it\/#organization\",\"name\":\"Pressenza\",\"url\":\"https:\/\/www.pressenza.com\/it\/\",\"logo\":{\"@type\":\"ImageObject\",\"inLanguage\":\"it-IT\",\"@id\":\"https:\/\/www.pressenza.com\/it\/#\/schema\/logo\/image\/\",\"url\":\"https:\/\/www.pressenza.com\/wp-content\/uploads\/2022\/10\/pressenza_logo_200x200.jpg\",\"contentUrl\":\"https:\/\/www.pressenza.com\/wp-content\/uploads\/2022\/10\/pressenza_logo_200x200.jpg\",\"width\":200,\"height\":200,\"caption\":\"Pressenza\"},\"image\":{\"@id\":\"https:\/\/www.pressenza.com\/it\/#\/schema\/logo\/image\/\"},\"sameAs\":[\"https:\/\/www.facebook.com\/PressenzaItalia\",\"https:\/\/x.com\/PressenzaIPA\"]},{\"@type\":\"Person\",\"@id\":\"https:\/\/www.pressenza.com\/it\/#\/schema\/person\/7695876a0aa9e0602a5de3babecd54ff\",\"name\":\"Marcia Mondiale per la Pace e la Nonviolenza\",\"sameAs\":[\"https:\/\/theworldmarch.org\"],\"url\":\"https:\/\/www.pressenza.com\/it\/author\/marcia-mondiale-per-la-pace-e-la-nonviolenza\/\"}]}<\/script>\n<!-- \/ Yoast SEO plugin. -->","yoast_head_json":{"title":"L'Universit\u00e0 Andr\u00e9s Bello di El Salvador accoglie l'equipe base della Terza Marcia Mondiale per la Pace e la Nonviolenza","description":"Il 3 ottobre l'Universit\u00e0 Andr\u00e9s Bello di San Miguel, El Salvador, ha aperto le sue porte ai partecipanti della 3\u00aa Marcia Mondiale per la Pace e la","robots":{"index":"index","follow":"follow","max-snippet":"max-snippet:-1","max-image-preview":"max-image-preview:large","max-video-preview":"max-video-preview:-1"},"canonical":"https:\/\/www.pressenza.com\/it\/2024\/10\/luniversita-andres-bello-di-el-salvador-accoglie-lequipe-base-della-terza-marcia-mondiale-per-la-pace-e-la-nonviolenza\/","og_locale":"it_IT","og_type":"article","og_title":"L'Universit\u00e0 Andr\u00e9s Bello di El Salvador accoglie l'equipe base della Terza Marcia Mondiale per la Pace e la Nonviolenza","og_description":"Il 3 ottobre l'Universit\u00e0 Andr\u00e9s Bello di San Miguel, El Salvador, ha aperto le sue porte ai partecipanti della 3\u00aa Marcia Mondiale per la Pace e la","og_url":"https:\/\/www.pressenza.com\/it\/2024\/10\/luniversita-andres-bello-di-el-salvador-accoglie-lequipe-base-della-terza-marcia-mondiale-per-la-pace-e-la-nonviolenza\/","og_site_name":"Pressenza","article_publisher":"https:\/\/www.facebook.com\/PressenzaItalia","article_published_time":"2024-10-04T22:12:35+00:00","og_image":[{"width":2000,"height":1500,"url":"https:\/\/www.pressenza.com\/wp-content\/uploads\/2024\/10\/WhatsApp-Image-2024-10-04-at-21.53.29.jpeg","type":"image\/jpeg"}],"author":"Marcia Mondiale per la Pace e la Nonviolenza","twitter_card":"summary_large_image","twitter_creator":"@PressenzaIPA","twitter_site":"@PressenzaIPA","twitter_misc":{"Scritto da":"Marcia Mondiale per la Pace e la Nonviolenza","Tempo di lettura stimato":"2 minuti"},"schema":{"@context":"https:\/\/schema.org","@graph":[{"@type":"Article","@id":"https:\/\/www.pressenza.com\/it\/2024\/10\/luniversita-andres-bello-di-el-salvador-accoglie-lequipe-base-della-terza-marcia-mondiale-per-la-pace-e-la-nonviolenza\/#article","isPartOf":{"@id":"https:\/\/www.pressenza.com\/it\/2024\/10\/luniversita-andres-bello-di-el-salvador-accoglie-lequipe-base-della-terza-marcia-mondiale-per-la-pace-e-la-nonviolenza\/"},"author":{"name":"Marcia Mondiale per la Pace e la Nonviolenza","@id":"https:\/\/www.pressenza.com\/it\/#\/schema\/person\/7695876a0aa9e0602a5de3babecd54ff"},"headline":"L&#8217;Universit\u00e0 Andr\u00e9s Bello di El Salvador accoglie l&#8217;equipe base della Terza Marcia Mondiale per la Pace e la Nonviolenza","datePublished":"2024-10-04T22:12:35+00:00","mainEntityOfPage":{"@id":"https:\/\/www.pressenza.com\/it\/2024\/10\/luniversita-andres-bello-di-el-salvador-accoglie-lequipe-base-della-terza-marcia-mondiale-per-la-pace-e-la-nonviolenza\/"},"wordCount":297,"publisher":{"@id":"https:\/\/www.pressenza.com\/it\/#organization"},"image":{"@id":"https:\/\/www.pressenza.com\/it\/2024\/10\/luniversita-andres-bello-di-el-salvador-accoglie-lequipe-base-della-terza-marcia-mondiale-per-la-pace-e-la-nonviolenza\/#primaryimage"},"thumbnailUrl":"https:\/\/www.pressenza.com\/wp-content\/uploads\/2024\/10\/WhatsApp-Image-2024-10-04-at-21.53.29.jpeg","keywords":["Terza Marcia Mondiale per la Pace e la Nonviolenza"],"articleSection":["America Centrale","Comunicati Stampa","contenuti originali","Fotoreportages","Nonviolenza","Pace e Disarmo"],"inLanguage":"it-IT"},{"@type":"WebPage","@id":"https:\/\/www.pressenza.com\/it\/2024\/10\/luniversita-andres-bello-di-el-salvador-accoglie-lequipe-base-della-terza-marcia-mondiale-per-la-pace-e-la-nonviolenza\/","url":"https:\/\/www.pressenza.com\/it\/2024\/10\/luniversita-andres-bello-di-el-salvador-accoglie-lequipe-base-della-terza-marcia-mondiale-per-la-pace-e-la-nonviolenza\/","name":"L'Universit\u00e0 Andr\u00e9s Bello di El Salvador accoglie l'equipe base della Terza Marcia Mondiale per la Pace e la Nonviolenza","isPartOf":{"@id":"https:\/\/www.pressenza.com\/it\/#website"},"primaryImageOfPage":{"@id":"https:\/\/www.pressenza.com\/it\/2024\/10\/luniversita-andres-bello-di-el-salvador-accoglie-lequipe-base-della-terza-marcia-mondiale-per-la-pace-e-la-nonviolenza\/#primaryimage"},"image":{"@id":"https:\/\/www.pressenza.com\/it\/2024\/10\/luniversita-andres-bello-di-el-salvador-accoglie-lequipe-base-della-terza-marcia-mondiale-per-la-pace-e-la-nonviolenza\/#primaryimage"},"thumbnailUrl":"https:\/\/www.pressenza.com\/wp-content\/uploads\/2024\/10\/WhatsApp-Image-2024-10-04-at-21.53.29.jpeg","datePublished":"2024-10-04T22:12:35+00:00","description":"Il 3 ottobre l'Universit\u00e0 Andr\u00e9s Bello di San Miguel, El Salvador, ha aperto le sue porte ai partecipanti della 3\u00aa Marcia Mondiale per la Pace e la","breadcrumb":{"@id":"https:\/\/www.pressenza.com\/it\/2024\/10\/luniversita-andres-bello-di-el-salvador-accoglie-lequipe-base-della-terza-marcia-mondiale-per-la-pace-e-la-nonviolenza\/#breadcrumb"},"inLanguage":"it-IT","potentialAction":[{"@type":"ReadAction","target":["https:\/\/www.pressenza.com\/it\/2024\/10\/luniversita-andres-bello-di-el-salvador-accoglie-lequipe-base-della-terza-marcia-mondiale-per-la-pace-e-la-nonviolenza\/"]}]},{"@type":"ImageObject","inLanguage":"it-IT","@id":"https:\/\/www.pressenza.com\/it\/2024\/10\/luniversita-andres-bello-di-el-salvador-accoglie-lequipe-base-della-terza-marcia-mondiale-per-la-pace-e-la-nonviolenza\/#primaryimage","url":"https:\/\/www.pressenza.com\/wp-content\/uploads\/2024\/10\/WhatsApp-Image-2024-10-04-at-21.53.29.jpeg","contentUrl":"https:\/\/www.pressenza.com\/wp-content\/uploads\/2024\/10\/WhatsApp-Image-2024-10-04-at-21.53.29.jpeg","width":2000,"height":1500},{"@type":"BreadcrumbList","@id":"https:\/\/www.pressenza.com\/it\/2024\/10\/luniversita-andres-bello-di-el-salvador-accoglie-lequipe-base-della-terza-marcia-mondiale-per-la-pace-e-la-nonviolenza\/#breadcrumb","itemListElement":[{"@type":"ListItem","position":1,"name":"Accueil","item":"https:\/\/www.pressenza.com\/it\/"},{"@type":"ListItem","position":2,"name":"L&#8217;Universit\u00e0 Andr\u00e9s Bello di El Salvador accoglie l&#8217;equipe base della Terza Marcia Mondiale per la Pace e la Nonviolenza"}]},{"@type":"WebSite","@id":"https:\/\/www.pressenza.com\/it\/#website","url":"https:\/\/www.pressenza.com\/it\/","name":"Pressenza","description":"Agenzia di Stampa Internazionale","publisher":{"@id":"https:\/\/www.pressenza.com\/it\/#organization"},"potentialAction":[{"@type":"SearchAction","target":{"@type":"EntryPoint","urlTemplate":"https:\/\/www.pressenza.com\/it\/?s={search_term_string}"},"query-input":{"@type":"PropertyValueSpecification","valueRequired":true,"valueName":"search_term_string"}}],"inLanguage":"it-IT"},{"@type":"Organization","@id":"https:\/\/www.pressenza.com\/it\/#organization","name":"Pressenza","url":"https:\/\/www.pressenza.com\/it\/","logo":{"@type":"ImageObject","inLanguage":"it-IT","@id":"https:\/\/www.pressenza.com\/it\/#\/schema\/logo\/image\/","url":"https:\/\/www.pressenza.com\/wp-content\/uploads\/2022\/10\/pressenza_logo_200x200.jpg","contentUrl":"https:\/\/www.pressenza.com\/wp-content\/uploads\/2022\/10\/pressenza_logo_200x200.jpg","width":200,"height":200,"caption":"Pressenza"},"image":{"@id":"https:\/\/www.pressenza.com\/it\/#\/schema\/logo\/image\/"},"sameAs":["https:\/\/www.facebook.com\/PressenzaItalia","https:\/\/x.com\/PressenzaIPA"]},{"@type":"Person","@id":"https:\/\/www.pressenza.com\/it\/#\/schema\/person\/7695876a0aa9e0602a5de3babecd54ff","name":"Marcia Mondiale per la Pace e la Nonviolenza","sameAs":["https:\/\/theworldmarch.org"],"url":"https:\/\/www.pressenza.com\/it\/author\/marcia-mondiale-per-la-pace-e-la-nonviolenza\/"}]}},"place":"San Jos\u00e9 de Costa Rica","original_article_url":"","_links":{"self":[{"href":"https:\/\/www.pressenza.com\/it\/wp-json\/wp\/v2\/posts\/2552293","targetHints":{"allow":["GET"]}}],"collection":[{"href":"https:\/\/www.pressenza.com\/it\/wp-json\/wp\/v2\/posts"}],"about":[{"href":"https:\/\/www.pressenza.com\/it\/wp-json\/wp\/v2\/types\/post"}],"author":[{"embeddable":true,"href":"https:\/\/www.pressenza.com\/it\/wp-json\/wp\/v2\/users\/1565"}],"replies":[{"embeddable":true,"href":"https:\/\/www.pressenza.com\/it\/wp-json\/wp\/v2\/comments?post=2552293"}],"version-history":[{"count":0,"href":"https:\/\/www.pressenza.com\/it\/wp-json\/wp\/v2\/posts\/2552293\/revisions"}],"wp:featuredmedia":[{"embeddable":true,"href":"https:\/\/www.pressenza.com\/it\/wp-json\/wp\/v2\/media\/2552298"}],"wp:attachment":[{"href":"https:\/\/www.pressenza.com\/it\/wp-json\/wp\/v2\/media?parent=2552293"}],"wp:term":[{"taxonomy":"category","embeddable":true,"href":"https:\/\/www.pressenza.com\/it\/wp-json\/wp\/v2\/categories?post=2552293"},{"taxonomy":"post_tag","embeddable":true,"href":"https:\/\/www.pressenza.com\/it\/wp-json\/wp\/v2\/tags?post=2552293"}],"curies":[{"name":"wp","href":"https:\/\/api.w.org\/{rel}","templated":true}]}}