{"id":2551493,"date":"2024-10-01T18:21:59","date_gmt":"2024-10-01T17:21:59","guid":{"rendered":"https:\/\/www.pressenza.com\/?p=2551493"},"modified":"2024-10-01T18:21:59","modified_gmt":"2024-10-01T17:21:59","slug":"torino-al-via-il-festival-della-nonviolenza-2024","status":"publish","type":"post","link":"https:\/\/www.pressenza.com\/it\/2024\/10\/torino-al-via-il-festival-della-nonviolenza-2024\/","title":{"rendered":"Torino: Al via il Festival della Nonviolenza 2024"},"content":{"rendered":"<p>Inizia domani, 2 ottobre, giornata internazionale della nonviolenza, la sesta edizione del Festival della nonviolenza e della resisteza civile promosso dal Centro Studi Sereno Regis e organizzato in collaborazione con diverse associazioni locali e nazionali.<\/p>\n<p>Nonostante la guerra sia ripudiata dalla nostra Costituzione e proibita dalla Carta delle Nazioni Unite viviamo in un contesto che sempre pi\u00f9 la legittima come unica possibilit\u00e0 di difesa da un&#8217;aggressione e come scelta inevitabile nella regolazione dei conflitti e nella gestione della governance internazionale.<\/p>\n<p>\u00abGli effetti combinati del dilagare delle guerre nel mondo e dell&#8217;aggravarsi della crisi climatica incidono pesantemente soprattutto sui paesi a basso reddito, costringendo intere popolazioni ad abbandonare i loro territori di vita\u00bb &#8211; dichiara Angela Dogliotti, vicepresidente del Centro Studi Sereno Regis -, che continua: \u00abIl ripudio della violenza diretta della guerra \u00e8 perci\u00f2 la prima condizione per costruire una alternativa che possa portare dallo, stato di natura di tutti contro tutti dell&#8217;attuale sistema di guerra ad uno stato di civile convivenza\u00bb.<\/p>\n<p>Per questo il Festival si aprir\u00e0 domani 2 ottobre, alle ore 15, con il convegno <a href=\"https:\/\/www.pressenza.com\/it\/2024\/09\/prospettive-nonviolente-per-una-cultura-di-pace\/\"><em>Prospettive nonviolente per una cultura di pace<\/em><\/a>, con sede nell&#8217;Aula Magna dell&#8217;Istituto Avogadro, e proseguir\u00e0 venerd\u00ec 4 sia in sedi decentrate con eventi organizzati da scuole del territorio per promuovere un&#8217;educazione alla pace tra le giovani generazioni, sia nella sede del Centro Studi Sereno Regis, in via Garibaldi, 13, con un ricco programma di interventi.<\/p>\n<p>Alle 17,30 si aprir\u00e0 la sessione introduttiva con analisi e proposte sui rischi e le opportunit\u00e0 del mondo emergente, con interventi di esperti del mondo accademico e dell&#8217;associazionismo;<\/p>\n<p>durante la giornata di sabato 5, a partire dalle 9,30 saranno presentate esperienze e buone pratiche di costruzione della pace dal basso, e alle 17 sar\u00e0 presentato un Reading sull&#8217;obiezione di coscienza di Pietro Pinna, con la partecipazione di Gianni Bissaca e Walter Cassani.<\/p>\n<p>Il Festival si concluder\u00e0 domenica 6, presso la Casa del quartiere San Salvario con due workshop organizzati da Ultima generazione e dal Centro Studi Sereno Regis sulla partecipazione attiva e sull&#8217;approccio nonviolento nei conflitti.<\/p>\n<p>Lo sviluppo di una cultura della nonviolenza \u00e8 infatti l&#8217;alternativa pi\u00f9 radicale alla violenza culturale profondamente radicata nelle nostre societ\u00e0.<\/p>\n<p>Al suo centro sta un concetto di conflitto inteso come realt\u00e0 che fa parte della vita e che in quanto tale non va negato, ma trasformato in modo costruttivo, attraverso i principi della comunicazione nonviolenta, del dialogo, della lotta nonviolenta, in tutte le sue forme.<\/p>\n","protected":false},"excerpt":{"rendered":"<p>Inizia domani, 2 ottobre, giornata internazionale della nonviolenza, la sesta edizione del Festival della nonviolenza e della resisteza civile promosso dal Centro Studi Sereno Regis e organizzato in collaborazione con diverse associazioni locali e nazionali. Nonostante la guerra sia ripudiata&hellip;<\/p>\n","protected":false},"author":766,"featured_media":2551494,"comment_status":"closed","ping_status":"closed","sticky":false,"template":"","format":"standard","meta":{"footnotes":""},"categories":[150,47,1262,1263],"tags":[12522],"class_list":["post-2551493","post","type-post","status-publish","format-standard","has-post-thumbnail","hentry","category-comunicati-stampa","category-europa","category-nonviolenza-argomento","category-pace-disarmo","tag-festival-della-nonviolenza"],"yoast_head":"<!-- This site is optimized with the Yoast SEO plugin v27.1.1 - https:\/\/yoast.com\/product\/yoast-seo-wordpress\/ -->\n<title>Torino: Al via il Festival della Nonviolenza 2024<\/title>\n<meta name=\"description\" content=\"Inizia domani, 2 ottobre, giornata internazionale della nonviolenza, la sesta edizione del Festival della nonviolenza e della resisteza civile promosso\" \/>\n<meta name=\"robots\" content=\"index, follow, max-snippet:-1, max-image-preview:large, max-video-preview:-1\" \/>\n<link rel=\"canonical\" href=\"https:\/\/www.pressenza.com\/it\/2024\/10\/torino-al-via-il-festival-della-nonviolenza-2024\/\" \/>\n<meta property=\"og:locale\" content=\"it_IT\" \/>\n<meta property=\"og:type\" content=\"article\" \/>\n<meta property=\"og:title\" content=\"Torino: Al via il Festival della Nonviolenza 2024\" \/>\n<meta property=\"og:description\" content=\"Inizia domani, 2 ottobre, giornata internazionale della nonviolenza, la sesta edizione del Festival della nonviolenza e della resisteza civile promosso\" \/>\n<meta property=\"og:url\" content=\"https:\/\/www.pressenza.com\/it\/2024\/10\/torino-al-via-il-festival-della-nonviolenza-2024\/\" \/>\n<meta property=\"og:site_name\" content=\"Pressenza\" \/>\n<meta property=\"article:publisher\" content=\"https:\/\/www.facebook.com\/PressenzaItalia\" \/>\n<meta property=\"article:author\" content=\"https:\/\/www.facebook.com\/serenoregis\" \/>\n<meta property=\"article:published_time\" content=\"2024-10-01T17:21:59+00:00\" \/>\n<meta property=\"og:image\" content=\"https:\/\/www.pressenza.com\/wp-content\/uploads\/2024\/10\/FEstivaNV2024.jpg\" \/>\n\t<meta property=\"og:image:width\" content=\"1920\" \/>\n\t<meta property=\"og:image:height\" content=\"1080\" \/>\n\t<meta property=\"og:image:type\" content=\"image\/jpeg\" \/>\n<meta name=\"author\" content=\"Centro Sereno Regis\" \/>\n<meta name=\"twitter:card\" content=\"summary_large_image\" \/>\n<meta name=\"twitter:creator\" content=\"@Sereno_Regis\" \/>\n<meta name=\"twitter:site\" content=\"@PressenzaIPA\" \/>\n<meta name=\"twitter:label1\" content=\"Scritto da\" \/>\n\t<meta name=\"twitter:data1\" content=\"Centro Sereno Regis\" \/>\n\t<meta name=\"twitter:label2\" content=\"Tempo di lettura stimato\" \/>\n\t<meta name=\"twitter:data2\" content=\"3 minuti\" \/>\n<script type=\"application\/ld+json\" class=\"yoast-schema-graph\">{\"@context\":\"https:\/\/schema.org\",\"@graph\":[{\"@type\":\"Article\",\"@id\":\"https:\/\/www.pressenza.com\/it\/2024\/10\/torino-al-via-il-festival-della-nonviolenza-2024\/#article\",\"isPartOf\":{\"@id\":\"https:\/\/www.pressenza.com\/it\/2024\/10\/torino-al-via-il-festival-della-nonviolenza-2024\/\"},\"author\":{\"name\":\"Centro Sereno Regis\",\"@id\":\"https:\/\/www.pressenza.com\/it\/#\/schema\/person\/d8d4bb868e9033b87b22f9ac47dfc5d3\"},\"headline\":\"Torino: Al via il Festival della Nonviolenza 2024\",\"datePublished\":\"2024-10-01T17:21:59+00:00\",\"mainEntityOfPage\":{\"@id\":\"https:\/\/www.pressenza.com\/it\/2024\/10\/torino-al-via-il-festival-della-nonviolenza-2024\/\"},\"wordCount\":408,\"publisher\":{\"@id\":\"https:\/\/www.pressenza.com\/it\/#organization\"},\"image\":{\"@id\":\"https:\/\/www.pressenza.com\/it\/2024\/10\/torino-al-via-il-festival-della-nonviolenza-2024\/#primaryimage\"},\"thumbnailUrl\":\"https:\/\/www.pressenza.com\/wp-content\/uploads\/2024\/10\/FEstivaNV2024.jpg\",\"keywords\":[\"Festival della Nonviolenza\"],\"articleSection\":[\"Comunicati Stampa\",\"Europa\",\"Nonviolenza\",\"Pace e Disarmo\"],\"inLanguage\":\"it-IT\"},{\"@type\":\"WebPage\",\"@id\":\"https:\/\/www.pressenza.com\/it\/2024\/10\/torino-al-via-il-festival-della-nonviolenza-2024\/\",\"url\":\"https:\/\/www.pressenza.com\/it\/2024\/10\/torino-al-via-il-festival-della-nonviolenza-2024\/\",\"name\":\"Torino: Al via il Festival della Nonviolenza 2024\",\"isPartOf\":{\"@id\":\"https:\/\/www.pressenza.com\/it\/#website\"},\"primaryImageOfPage\":{\"@id\":\"https:\/\/www.pressenza.com\/it\/2024\/10\/torino-al-via-il-festival-della-nonviolenza-2024\/#primaryimage\"},\"image\":{\"@id\":\"https:\/\/www.pressenza.com\/it\/2024\/10\/torino-al-via-il-festival-della-nonviolenza-2024\/#primaryimage\"},\"thumbnailUrl\":\"https:\/\/www.pressenza.com\/wp-content\/uploads\/2024\/10\/FEstivaNV2024.jpg\",\"datePublished\":\"2024-10-01T17:21:59+00:00\",\"description\":\"Inizia domani, 2 ottobre, giornata internazionale della nonviolenza, la sesta edizione del Festival della nonviolenza e della resisteza civile promosso\",\"breadcrumb\":{\"@id\":\"https:\/\/www.pressenza.com\/it\/2024\/10\/torino-al-via-il-festival-della-nonviolenza-2024\/#breadcrumb\"},\"inLanguage\":\"it-IT\",\"potentialAction\":[{\"@type\":\"ReadAction\",\"target\":[\"https:\/\/www.pressenza.com\/it\/2024\/10\/torino-al-via-il-festival-della-nonviolenza-2024\/\"]}]},{\"@type\":\"ImageObject\",\"inLanguage\":\"it-IT\",\"@id\":\"https:\/\/www.pressenza.com\/it\/2024\/10\/torino-al-via-il-festival-della-nonviolenza-2024\/#primaryimage\",\"url\":\"https:\/\/www.pressenza.com\/wp-content\/uploads\/2024\/10\/FEstivaNV2024.jpg\",\"contentUrl\":\"https:\/\/www.pressenza.com\/wp-content\/uploads\/2024\/10\/FEstivaNV2024.jpg\",\"width\":1920,\"height\":1080},{\"@type\":\"BreadcrumbList\",\"@id\":\"https:\/\/www.pressenza.com\/it\/2024\/10\/torino-al-via-il-festival-della-nonviolenza-2024\/#breadcrumb\",\"itemListElement\":[{\"@type\":\"ListItem\",\"position\":1,\"name\":\"Accueil\",\"item\":\"https:\/\/www.pressenza.com\/it\/\"},{\"@type\":\"ListItem\",\"position\":2,\"name\":\"Torino: Al via il Festival della Nonviolenza 2024\"}]},{\"@type\":\"WebSite\",\"@id\":\"https:\/\/www.pressenza.com\/it\/#website\",\"url\":\"https:\/\/www.pressenza.com\/it\/\",\"name\":\"Pressenza\",\"description\":\"Agenzia di Stampa Internazionale\",\"publisher\":{\"@id\":\"https:\/\/www.pressenza.com\/it\/#organization\"},\"potentialAction\":[{\"@type\":\"SearchAction\",\"target\":{\"@type\":\"EntryPoint\",\"urlTemplate\":\"https:\/\/www.pressenza.com\/it\/?s={search_term_string}\"},\"query-input\":{\"@type\":\"PropertyValueSpecification\",\"valueRequired\":true,\"valueName\":\"search_term_string\"}}],\"inLanguage\":\"it-IT\"},{\"@type\":\"Organization\",\"@id\":\"https:\/\/www.pressenza.com\/it\/#organization\",\"name\":\"Pressenza\",\"url\":\"https:\/\/www.pressenza.com\/it\/\",\"logo\":{\"@type\":\"ImageObject\",\"inLanguage\":\"it-IT\",\"@id\":\"https:\/\/www.pressenza.com\/it\/#\/schema\/logo\/image\/\",\"url\":\"https:\/\/www.pressenza.com\/wp-content\/uploads\/2022\/10\/pressenza_logo_200x200.jpg\",\"contentUrl\":\"https:\/\/www.pressenza.com\/wp-content\/uploads\/2022\/10\/pressenza_logo_200x200.jpg\",\"width\":200,\"height\":200,\"caption\":\"Pressenza\"},\"image\":{\"@id\":\"https:\/\/www.pressenza.com\/it\/#\/schema\/logo\/image\/\"},\"sameAs\":[\"https:\/\/www.facebook.com\/PressenzaItalia\",\"https:\/\/x.com\/PressenzaIPA\"]},{\"@type\":\"Person\",\"@id\":\"https:\/\/www.pressenza.com\/it\/#\/schema\/person\/d8d4bb868e9033b87b22f9ac47dfc5d3\",\"name\":\"Centro Sereno Regis\",\"description\":\"Il Centro Studi Sereno Regis \u00e8 una ONLUS (Organizzazione Non Lucrativa di Utilit\u00e0 Sociale) che promuove programmi di ricerca, educazione e azione sui temi della partecipazione politica, della difesa popolare nonviolenta, dell\u2019educazione alla pace e all\u2019interculturalit\u00e0, della trasformazione nonviolenta dei conflitti, dei modelli di sviluppo, delle energie rinnovabili e dell\u2019ecologia. Il Centro Studi \u00e8 stato costituito nel 1982 su iniziativa del Movimento Internazionale della Riconciliazione (MIR) e del Movimento Nonviolento (MN), attivi nella nostra regione sin dalla seconda met\u00e0 degli anni \u201960. serenoregis.org\/\",\"sameAs\":[\"https:\/\/www.facebook.com\/serenoregis\",\"https:\/\/x.com\/Sereno_Regis\"],\"url\":\"https:\/\/www.pressenza.com\/it\/author\/centro-sereno-regis\/\"}]}<\/script>\n<!-- \/ Yoast SEO plugin. -->","yoast_head_json":{"title":"Torino: Al via il Festival della Nonviolenza 2024","description":"Inizia domani, 2 ottobre, giornata internazionale della nonviolenza, la sesta edizione del Festival della nonviolenza e della resisteza civile promosso","robots":{"index":"index","follow":"follow","max-snippet":"max-snippet:-1","max-image-preview":"max-image-preview:large","max-video-preview":"max-video-preview:-1"},"canonical":"https:\/\/www.pressenza.com\/it\/2024\/10\/torino-al-via-il-festival-della-nonviolenza-2024\/","og_locale":"it_IT","og_type":"article","og_title":"Torino: Al via il Festival della Nonviolenza 2024","og_description":"Inizia domani, 2 ottobre, giornata internazionale della nonviolenza, la sesta edizione del Festival della nonviolenza e della resisteza civile promosso","og_url":"https:\/\/www.pressenza.com\/it\/2024\/10\/torino-al-via-il-festival-della-nonviolenza-2024\/","og_site_name":"Pressenza","article_publisher":"https:\/\/www.facebook.com\/PressenzaItalia","article_author":"https:\/\/www.facebook.com\/serenoregis","article_published_time":"2024-10-01T17:21:59+00:00","og_image":[{"width":1920,"height":1080,"url":"https:\/\/www.pressenza.com\/wp-content\/uploads\/2024\/10\/FEstivaNV2024.jpg","type":"image\/jpeg"}],"author":"Centro Sereno Regis","twitter_card":"summary_large_image","twitter_creator":"@Sereno_Regis","twitter_site":"@PressenzaIPA","twitter_misc":{"Scritto da":"Centro Sereno Regis","Tempo di lettura stimato":"3 minuti"},"schema":{"@context":"https:\/\/schema.org","@graph":[{"@type":"Article","@id":"https:\/\/www.pressenza.com\/it\/2024\/10\/torino-al-via-il-festival-della-nonviolenza-2024\/#article","isPartOf":{"@id":"https:\/\/www.pressenza.com\/it\/2024\/10\/torino-al-via-il-festival-della-nonviolenza-2024\/"},"author":{"name":"Centro Sereno Regis","@id":"https:\/\/www.pressenza.com\/it\/#\/schema\/person\/d8d4bb868e9033b87b22f9ac47dfc5d3"},"headline":"Torino: Al via il Festival della Nonviolenza 2024","datePublished":"2024-10-01T17:21:59+00:00","mainEntityOfPage":{"@id":"https:\/\/www.pressenza.com\/it\/2024\/10\/torino-al-via-il-festival-della-nonviolenza-2024\/"},"wordCount":408,"publisher":{"@id":"https:\/\/www.pressenza.com\/it\/#organization"},"image":{"@id":"https:\/\/www.pressenza.com\/it\/2024\/10\/torino-al-via-il-festival-della-nonviolenza-2024\/#primaryimage"},"thumbnailUrl":"https:\/\/www.pressenza.com\/wp-content\/uploads\/2024\/10\/FEstivaNV2024.jpg","keywords":["Festival della Nonviolenza"],"articleSection":["Comunicati Stampa","Europa","Nonviolenza","Pace e Disarmo"],"inLanguage":"it-IT"},{"@type":"WebPage","@id":"https:\/\/www.pressenza.com\/it\/2024\/10\/torino-al-via-il-festival-della-nonviolenza-2024\/","url":"https:\/\/www.pressenza.com\/it\/2024\/10\/torino-al-via-il-festival-della-nonviolenza-2024\/","name":"Torino: Al via il Festival della Nonviolenza 2024","isPartOf":{"@id":"https:\/\/www.pressenza.com\/it\/#website"},"primaryImageOfPage":{"@id":"https:\/\/www.pressenza.com\/it\/2024\/10\/torino-al-via-il-festival-della-nonviolenza-2024\/#primaryimage"},"image":{"@id":"https:\/\/www.pressenza.com\/it\/2024\/10\/torino-al-via-il-festival-della-nonviolenza-2024\/#primaryimage"},"thumbnailUrl":"https:\/\/www.pressenza.com\/wp-content\/uploads\/2024\/10\/FEstivaNV2024.jpg","datePublished":"2024-10-01T17:21:59+00:00","description":"Inizia domani, 2 ottobre, giornata internazionale della nonviolenza, la sesta edizione del Festival della nonviolenza e della resisteza civile promosso","breadcrumb":{"@id":"https:\/\/www.pressenza.com\/it\/2024\/10\/torino-al-via-il-festival-della-nonviolenza-2024\/#breadcrumb"},"inLanguage":"it-IT","potentialAction":[{"@type":"ReadAction","target":["https:\/\/www.pressenza.com\/it\/2024\/10\/torino-al-via-il-festival-della-nonviolenza-2024\/"]}]},{"@type":"ImageObject","inLanguage":"it-IT","@id":"https:\/\/www.pressenza.com\/it\/2024\/10\/torino-al-via-il-festival-della-nonviolenza-2024\/#primaryimage","url":"https:\/\/www.pressenza.com\/wp-content\/uploads\/2024\/10\/FEstivaNV2024.jpg","contentUrl":"https:\/\/www.pressenza.com\/wp-content\/uploads\/2024\/10\/FEstivaNV2024.jpg","width":1920,"height":1080},{"@type":"BreadcrumbList","@id":"https:\/\/www.pressenza.com\/it\/2024\/10\/torino-al-via-il-festival-della-nonviolenza-2024\/#breadcrumb","itemListElement":[{"@type":"ListItem","position":1,"name":"Accueil","item":"https:\/\/www.pressenza.com\/it\/"},{"@type":"ListItem","position":2,"name":"Torino: Al via il Festival della Nonviolenza 2024"}]},{"@type":"WebSite","@id":"https:\/\/www.pressenza.com\/it\/#website","url":"https:\/\/www.pressenza.com\/it\/","name":"Pressenza","description":"Agenzia di Stampa Internazionale","publisher":{"@id":"https:\/\/www.pressenza.com\/it\/#organization"},"potentialAction":[{"@type":"SearchAction","target":{"@type":"EntryPoint","urlTemplate":"https:\/\/www.pressenza.com\/it\/?s={search_term_string}"},"query-input":{"@type":"PropertyValueSpecification","valueRequired":true,"valueName":"search_term_string"}}],"inLanguage":"it-IT"},{"@type":"Organization","@id":"https:\/\/www.pressenza.com\/it\/#organization","name":"Pressenza","url":"https:\/\/www.pressenza.com\/it\/","logo":{"@type":"ImageObject","inLanguage":"it-IT","@id":"https:\/\/www.pressenza.com\/it\/#\/schema\/logo\/image\/","url":"https:\/\/www.pressenza.com\/wp-content\/uploads\/2022\/10\/pressenza_logo_200x200.jpg","contentUrl":"https:\/\/www.pressenza.com\/wp-content\/uploads\/2022\/10\/pressenza_logo_200x200.jpg","width":200,"height":200,"caption":"Pressenza"},"image":{"@id":"https:\/\/www.pressenza.com\/it\/#\/schema\/logo\/image\/"},"sameAs":["https:\/\/www.facebook.com\/PressenzaItalia","https:\/\/x.com\/PressenzaIPA"]},{"@type":"Person","@id":"https:\/\/www.pressenza.com\/it\/#\/schema\/person\/d8d4bb868e9033b87b22f9ac47dfc5d3","name":"Centro Sereno Regis","description":"Il Centro Studi Sereno Regis \u00e8 una ONLUS (Organizzazione Non Lucrativa di Utilit\u00e0 Sociale) che promuove programmi di ricerca, educazione e azione sui temi della partecipazione politica, della difesa popolare nonviolenta, dell\u2019educazione alla pace e all\u2019interculturalit\u00e0, della trasformazione nonviolenta dei conflitti, dei modelli di sviluppo, delle energie rinnovabili e dell\u2019ecologia. Il Centro Studi \u00e8 stato costituito nel 1982 su iniziativa del Movimento Internazionale della Riconciliazione (MIR) e del Movimento Nonviolento (MN), attivi nella nostra regione sin dalla seconda met\u00e0 degli anni \u201960. serenoregis.org\/","sameAs":["https:\/\/www.facebook.com\/serenoregis","https:\/\/x.com\/Sereno_Regis"],"url":"https:\/\/www.pressenza.com\/it\/author\/centro-sereno-regis\/"}]}},"place":"","original_article_url":"","_links":{"self":[{"href":"https:\/\/www.pressenza.com\/it\/wp-json\/wp\/v2\/posts\/2551493","targetHints":{"allow":["GET"]}}],"collection":[{"href":"https:\/\/www.pressenza.com\/it\/wp-json\/wp\/v2\/posts"}],"about":[{"href":"https:\/\/www.pressenza.com\/it\/wp-json\/wp\/v2\/types\/post"}],"author":[{"embeddable":true,"href":"https:\/\/www.pressenza.com\/it\/wp-json\/wp\/v2\/users\/766"}],"replies":[{"embeddable":true,"href":"https:\/\/www.pressenza.com\/it\/wp-json\/wp\/v2\/comments?post=2551493"}],"version-history":[{"count":0,"href":"https:\/\/www.pressenza.com\/it\/wp-json\/wp\/v2\/posts\/2551493\/revisions"}],"wp:featuredmedia":[{"embeddable":true,"href":"https:\/\/www.pressenza.com\/it\/wp-json\/wp\/v2\/media\/2551494"}],"wp:attachment":[{"href":"https:\/\/www.pressenza.com\/it\/wp-json\/wp\/v2\/media?parent=2551493"}],"wp:term":[{"taxonomy":"category","embeddable":true,"href":"https:\/\/www.pressenza.com\/it\/wp-json\/wp\/v2\/categories?post=2551493"},{"taxonomy":"post_tag","embeddable":true,"href":"https:\/\/www.pressenza.com\/it\/wp-json\/wp\/v2\/tags?post=2551493"}],"curies":[{"name":"wp","href":"https:\/\/api.w.org\/{rel}","templated":true}]}}