{"id":25511,"date":"2012-11-24T21:14:53","date_gmt":"2012-11-24T21:14:53","guid":{"rendered":"http:\/\/www.pressenza.com\/?p=25511"},"modified":"2014-12-21T11:03:22","modified_gmt":"2014-12-21T11:03:22","slug":"un-corso-sulla-nonviolenza-in-varie-scuole-di-milano-e-hinterland","status":"publish","type":"post","link":"https:\/\/www.pressenza.com\/it\/2012\/11\/un-corso-sulla-nonviolenza-in-varie-scuole-di-milano-e-hinterland\/","title":{"rendered":"Un corso sulla nonviolenza in varie scuole di Milano e hinterland"},"content":{"rendered":"<p align=\"left\">Negli ultimi anni, a partire dal 2005, l&#8217;associazione Mondo senza guerre e senza violenza ha organizzato un corso diviso in due incontri in diverse scuole medie (Sorelle Agazzi, Istituto comprensivo\u00a0Cairoli e\u00a0Scarpa a Milano, Istituto Dante Alighieri a Sesto San Giovanni, Istituto comprensivo di Assago), a cui quest\u2019anno si \u00e8 aggiunto l\u2019Istituto di Istruzione Superiore Statale J.C. Maxwell a Milano.<\/p>\n<p align=\"left\">Ogni anno sono state coinvolte in media 4\/5 classi, salite a 11 nel 2010 grazie all\u2019intensa attivit\u00e0 legata alla Marcia Mondiale per la Pace e la Nonviolenza.<\/p>\n<p>Il corso si pone molteplici obiettivi:<\/p>\n<ul>\n<li>riconoscere in se stessi l\u2019esistenza di atteggiamenti violenti e discriminatori, in modo da prenderne coscienza e poter di conseguenza scegliere come agire, come muoversi nel mondo.<\/li>\n<li>riconoscere le diverse forme di violenza per poter modificare la relazione con se stessi e con gli altri, facendo crescere in s\u00e9 e negli altri i principi della solidariet\u00e0, della pace, delle pari opportunit\u00e0, della nonviolenza.<\/li>\n<\/ul>\n<p>I ragazzi vengono accompagnati in un percorso che li aiuta a rafforzarsi, sviluppando i loro aspetti positivi, invece di accanirsi su ci\u00f2 che non va.<\/p>\n<p>Il primo incontro comincia con la presentazione di Mondo senza guerre e del percorso proposto.<\/p>\n<p>Viene quindi mostrato il video \u201dPace crescente o distruzione crescente\u201d, seguito da domande e interscambio. Il filmato, della durata di circa 20 minuti, illustra attraverso immagini, dati e grafici la spesa militare mondiale dal dopo guerra ad oggi, soffermandosi sulle armi nucleari e sui vari rapporti di forza tra i paesi, spiega il Trattato di Non Proliferazione Nucleare, la situazione politico\/sociale in Medio Oriente e i rapporti tra il Medio Oriente e i paesi occidentali.<\/p>\n<p>Con l&#8217;aiuto del video si portano gli studenti a riconoscere le diverse forme e i meccanismi della violenza (fisica, razziale, psicologica, economica, sessuale, ecc.), per imparare a rompere la catena della violenza e a dare risposte nonviolente.<\/p>\n<p>Vengono scritte alla lavagna le forme di violenza che i ragazzi riconoscono nella loro vita quotidiana. Ci si divide poi in gruppi di 6\/8 ragazzi per sperimentare, attraverso un gioco, come una stessa storia possa finire in maniera violenta o nonviolenta, soffermandosi soprattutto sulle sensazioni provate nei due finali.<\/p>\n<p>Le diverse storie vengono poi raccontate agli altri gruppi e si cercano i meccanismi violenti riscontrati.<\/p>\n<p>I ragazzi vengono invitati a fare ricerche in Internet sugli argomenti trattati, sulle associazioni di volontariato e su vari esempi di nonviolenza.<\/p>\n<p align=\"left\">Nel secondo incontro si parla delle ricerche effettuate, per poi passare a un video su personaggi storici nonviolenti quali Tolstoj, Gandhi, Martin Luther King, Nelson Mandela, Aung San Suu Kyi e Silo, seguito da\u00a0 domande e citazione di altri esempi.<\/p>\n<p align=\"left\">Vengono quindi individuate e scritte alla lavagna le qualit\u00e0 positive, le virt\u00f9 di questi personaggi e si lavora poi in gruppo per scoprire le proprie qualit\u00e0 positive.<\/p>\n<p align=\"left\">L\u2019incontro si conclude con un interscambio generale.<\/p>\n<p align=\"left\">http:\/\/it-it.facebook.com\/MondoSenzaGuerre<\/p>\n<p align=\"left\">\n","protected":false},"excerpt":{"rendered":"<p>Negli ultimi anni, a partire dal 2005, l&#8217;associazione Mondo senza guerre e senza violenza ha organizzato un corso diviso in due incontri in diverse scuole medie (Sorelle Agazzi, Istituto comprensivo\u00a0Cairoli e\u00a0Scarpa a Milano, Istituto Dante Alighieri a Sesto San Giovanni,&hellip;<\/p>\n","protected":false},"author":663,"featured_media":25512,"comment_status":"closed","ping_status":"open","sticky":false,"template":"","format":"standard","meta":{"footnotes":""},"categories":[1258,47,1261,1262,1263],"tags":[1587,460,294,1588],"class_list":["post-25511","post","type-post","status-publish","format-standard","has-post-thumbnail","hentry","category-educazione","category-europa","category-diversita","category-nonviolenza-argomento","category-pace-disarmo","tag-corso","tag-nonviolenza","tag-pace","tag-scuole"],"yoast_head":"<!-- This site is optimized with the Yoast SEO plugin v27.1.1 - https:\/\/yoast.com\/product\/yoast-seo-wordpress\/ -->\n<title>Un corso sulla nonviolenza in varie scuole di Milano e hinterland<\/title>\n<meta name=\"description\" content=\"Negli ultimi anni, a partire dal 2005, l&#039;associazione Mondo senza guerre e senza violenza ha organizzato un corso diviso in due incontri in diverse scuole\" \/>\n<meta name=\"robots\" content=\"index, follow, max-snippet:-1, max-image-preview:large, max-video-preview:-1\" \/>\n<link rel=\"canonical\" href=\"https:\/\/www.pressenza.com\/it\/2012\/11\/un-corso-sulla-nonviolenza-in-varie-scuole-di-milano-e-hinterland\/\" \/>\n<meta property=\"og:locale\" content=\"it_IT\" \/>\n<meta property=\"og:type\" content=\"article\" \/>\n<meta property=\"og:title\" content=\"Un corso sulla nonviolenza in varie scuole di Milano e hinterland\" \/>\n<meta property=\"og:description\" content=\"Negli ultimi anni, a partire dal 2005, l&#039;associazione Mondo senza guerre e senza violenza ha organizzato un corso diviso in due incontri in diverse scuole\" \/>\n<meta property=\"og:url\" content=\"https:\/\/www.pressenza.com\/it\/2012\/11\/un-corso-sulla-nonviolenza-in-varie-scuole-di-milano-e-hinterland\/\" \/>\n<meta property=\"og:site_name\" content=\"Pressenza\" \/>\n<meta property=\"article:publisher\" content=\"https:\/\/www.facebook.com\/PressenzaItalia\" \/>\n<meta property=\"article:author\" content=\"https:\/\/www.facebook.com\/MondoSenzaGuerre\" \/>\n<meta property=\"article:published_time\" content=\"2012-11-24T21:14:53+00:00\" \/>\n<meta property=\"article:modified_time\" content=\"2014-12-21T11:03:22+00:00\" \/>\n<meta property=\"og:image\" content=\"https:\/\/www.pressenza.com\/wp-content\/uploads\/2012\/11\/corso-scuole.jpg\" \/>\n\t<meta property=\"og:image:width\" content=\"931\" \/>\n\t<meta property=\"og:image:height\" content=\"1341\" \/>\n\t<meta property=\"og:image:type\" content=\"image\/jpeg\" \/>\n<meta name=\"author\" content=\"Mondo Senza Guerre e Senza Violenza\" \/>\n<meta name=\"twitter:card\" content=\"summary_large_image\" \/>\n<meta name=\"twitter:creator\" content=\"@PressenzaIPA\" \/>\n<meta name=\"twitter:site\" content=\"@PressenzaIPA\" \/>\n<meta name=\"twitter:label1\" content=\"Scritto da\" \/>\n\t<meta name=\"twitter:data1\" content=\"Mondo Senza Guerre e Senza Violenza\" \/>\n\t<meta name=\"twitter:label2\" content=\"Tempo di lettura stimato\" \/>\n\t<meta name=\"twitter:data2\" content=\"2 minuti\" \/>\n<script type=\"application\/ld+json\" class=\"yoast-schema-graph\">{\"@context\":\"https:\/\/schema.org\",\"@graph\":[{\"@type\":\"Article\",\"@id\":\"https:\/\/www.pressenza.com\/it\/2012\/11\/un-corso-sulla-nonviolenza-in-varie-scuole-di-milano-e-hinterland\/#article\",\"isPartOf\":{\"@id\":\"https:\/\/www.pressenza.com\/it\/2012\/11\/un-corso-sulla-nonviolenza-in-varie-scuole-di-milano-e-hinterland\/\"},\"author\":{\"name\":\"Mondo Senza Guerre e Senza Violenza\",\"@id\":\"https:\/\/www.pressenza.com\/it\/#\/schema\/person\/d21079cb42308d436ceafc0c04351958\"},\"headline\":\"Un corso sulla nonviolenza in varie scuole di Milano e hinterland\",\"datePublished\":\"2012-11-24T21:14:53+00:00\",\"dateModified\":\"2014-12-21T11:03:22+00:00\",\"mainEntityOfPage\":{\"@id\":\"https:\/\/www.pressenza.com\/it\/2012\/11\/un-corso-sulla-nonviolenza-in-varie-scuole-di-milano-e-hinterland\/\"},\"wordCount\":487,\"publisher\":{\"@id\":\"https:\/\/www.pressenza.com\/it\/#organization\"},\"image\":{\"@id\":\"https:\/\/www.pressenza.com\/it\/2012\/11\/un-corso-sulla-nonviolenza-in-varie-scuole-di-milano-e-hinterland\/#primaryimage\"},\"thumbnailUrl\":\"https:\/\/www.pressenza.com\/wp-content\/uploads\/2012\/11\/corso-scuole.jpg\",\"keywords\":[\"corso\",\"nonviolenza\",\"Pace\",\"scuole\"],\"articleSection\":[\"Educazione\",\"Europa\",\"Non discriminazione\",\"Nonviolenza\",\"Pace e Disarmo\"],\"inLanguage\":\"it-IT\"},{\"@type\":\"WebPage\",\"@id\":\"https:\/\/www.pressenza.com\/it\/2012\/11\/un-corso-sulla-nonviolenza-in-varie-scuole-di-milano-e-hinterland\/\",\"url\":\"https:\/\/www.pressenza.com\/it\/2012\/11\/un-corso-sulla-nonviolenza-in-varie-scuole-di-milano-e-hinterland\/\",\"name\":\"Un corso sulla nonviolenza in varie scuole di Milano e hinterland\",\"isPartOf\":{\"@id\":\"https:\/\/www.pressenza.com\/it\/#website\"},\"primaryImageOfPage\":{\"@id\":\"https:\/\/www.pressenza.com\/it\/2012\/11\/un-corso-sulla-nonviolenza-in-varie-scuole-di-milano-e-hinterland\/#primaryimage\"},\"image\":{\"@id\":\"https:\/\/www.pressenza.com\/it\/2012\/11\/un-corso-sulla-nonviolenza-in-varie-scuole-di-milano-e-hinterland\/#primaryimage\"},\"thumbnailUrl\":\"https:\/\/www.pressenza.com\/wp-content\/uploads\/2012\/11\/corso-scuole.jpg\",\"datePublished\":\"2012-11-24T21:14:53+00:00\",\"dateModified\":\"2014-12-21T11:03:22+00:00\",\"description\":\"Negli ultimi anni, a partire dal 2005, l'associazione Mondo senza guerre e senza violenza ha organizzato un corso diviso in due incontri in diverse scuole\",\"breadcrumb\":{\"@id\":\"https:\/\/www.pressenza.com\/it\/2012\/11\/un-corso-sulla-nonviolenza-in-varie-scuole-di-milano-e-hinterland\/#breadcrumb\"},\"inLanguage\":\"it-IT\",\"potentialAction\":[{\"@type\":\"ReadAction\",\"target\":[\"https:\/\/www.pressenza.com\/it\/2012\/11\/un-corso-sulla-nonviolenza-in-varie-scuole-di-milano-e-hinterland\/\"]}]},{\"@type\":\"ImageObject\",\"inLanguage\":\"it-IT\",\"@id\":\"https:\/\/www.pressenza.com\/it\/2012\/11\/un-corso-sulla-nonviolenza-in-varie-scuole-di-milano-e-hinterland\/#primaryimage\",\"url\":\"https:\/\/www.pressenza.com\/wp-content\/uploads\/2012\/11\/corso-scuole.jpg\",\"contentUrl\":\"https:\/\/www.pressenza.com\/wp-content\/uploads\/2012\/11\/corso-scuole.jpg\",\"width\":\"931\",\"height\":\"1341\"},{\"@type\":\"BreadcrumbList\",\"@id\":\"https:\/\/www.pressenza.com\/it\/2012\/11\/un-corso-sulla-nonviolenza-in-varie-scuole-di-milano-e-hinterland\/#breadcrumb\",\"itemListElement\":[{\"@type\":\"ListItem\",\"position\":1,\"name\":\"Accueil\",\"item\":\"https:\/\/www.pressenza.com\/it\/\"},{\"@type\":\"ListItem\",\"position\":2,\"name\":\"Un corso sulla nonviolenza in varie scuole di Milano e hinterland\"}]},{\"@type\":\"WebSite\",\"@id\":\"https:\/\/www.pressenza.com\/it\/#website\",\"url\":\"https:\/\/www.pressenza.com\/it\/\",\"name\":\"Pressenza\",\"description\":\"Agenzia di Stampa Internazionale\",\"publisher\":{\"@id\":\"https:\/\/www.pressenza.com\/it\/#organization\"},\"potentialAction\":[{\"@type\":\"SearchAction\",\"target\":{\"@type\":\"EntryPoint\",\"urlTemplate\":\"https:\/\/www.pressenza.com\/it\/?s={search_term_string}\"},\"query-input\":{\"@type\":\"PropertyValueSpecification\",\"valueRequired\":true,\"valueName\":\"search_term_string\"}}],\"inLanguage\":\"it-IT\"},{\"@type\":\"Organization\",\"@id\":\"https:\/\/www.pressenza.com\/it\/#organization\",\"name\":\"Pressenza\",\"url\":\"https:\/\/www.pressenza.com\/it\/\",\"logo\":{\"@type\":\"ImageObject\",\"inLanguage\":\"it-IT\",\"@id\":\"https:\/\/www.pressenza.com\/it\/#\/schema\/logo\/image\/\",\"url\":\"https:\/\/www.pressenza.com\/wp-content\/uploads\/2022\/10\/pressenza_logo_200x200.jpg\",\"contentUrl\":\"https:\/\/www.pressenza.com\/wp-content\/uploads\/2022\/10\/pressenza_logo_200x200.jpg\",\"width\":200,\"height\":200,\"caption\":\"Pressenza\"},\"image\":{\"@id\":\"https:\/\/www.pressenza.com\/it\/#\/schema\/logo\/image\/\"},\"sameAs\":[\"https:\/\/www.facebook.com\/PressenzaItalia\",\"https:\/\/x.com\/PressenzaIPA\"]},{\"@type\":\"Person\",\"@id\":\"https:\/\/www.pressenza.com\/it\/#\/schema\/person\/d21079cb42308d436ceafc0c04351958\",\"name\":\"Mondo Senza Guerre e Senza Violenza\",\"description\":\"www.mondosenzaguerre.org\",\"sameAs\":[\"https:\/\/www.facebook.com\/MondoSenzaGuerre\"],\"url\":\"https:\/\/www.pressenza.com\/it\/author\/mondo-senza-guerre-e-senza-violenza\/\"}]}<\/script>\n<!-- \/ Yoast SEO plugin. -->","yoast_head_json":{"title":"Un corso sulla nonviolenza in varie scuole di Milano e hinterland","description":"Negli ultimi anni, a partire dal 2005, l'associazione Mondo senza guerre e senza violenza ha organizzato un corso diviso in due incontri in diverse scuole","robots":{"index":"index","follow":"follow","max-snippet":"max-snippet:-1","max-image-preview":"max-image-preview:large","max-video-preview":"max-video-preview:-1"},"canonical":"https:\/\/www.pressenza.com\/it\/2012\/11\/un-corso-sulla-nonviolenza-in-varie-scuole-di-milano-e-hinterland\/","og_locale":"it_IT","og_type":"article","og_title":"Un corso sulla nonviolenza in varie scuole di Milano e hinterland","og_description":"Negli ultimi anni, a partire dal 2005, l'associazione Mondo senza guerre e senza violenza ha organizzato un corso diviso in due incontri in diverse scuole","og_url":"https:\/\/www.pressenza.com\/it\/2012\/11\/un-corso-sulla-nonviolenza-in-varie-scuole-di-milano-e-hinterland\/","og_site_name":"Pressenza","article_publisher":"https:\/\/www.facebook.com\/PressenzaItalia","article_author":"https:\/\/www.facebook.com\/MondoSenzaGuerre","article_published_time":"2012-11-24T21:14:53+00:00","article_modified_time":"2014-12-21T11:03:22+00:00","og_image":[{"width":931,"height":1341,"url":"https:\/\/www.pressenza.com\/wp-content\/uploads\/2012\/11\/corso-scuole.jpg","type":"image\/jpeg"}],"author":"Mondo Senza Guerre e Senza Violenza","twitter_card":"summary_large_image","twitter_creator":"@PressenzaIPA","twitter_site":"@PressenzaIPA","twitter_misc":{"Scritto da":"Mondo Senza Guerre e Senza Violenza","Tempo di lettura stimato":"2 minuti"},"schema":{"@context":"https:\/\/schema.org","@graph":[{"@type":"Article","@id":"https:\/\/www.pressenza.com\/it\/2012\/11\/un-corso-sulla-nonviolenza-in-varie-scuole-di-milano-e-hinterland\/#article","isPartOf":{"@id":"https:\/\/www.pressenza.com\/it\/2012\/11\/un-corso-sulla-nonviolenza-in-varie-scuole-di-milano-e-hinterland\/"},"author":{"name":"Mondo Senza Guerre e Senza Violenza","@id":"https:\/\/www.pressenza.com\/it\/#\/schema\/person\/d21079cb42308d436ceafc0c04351958"},"headline":"Un corso sulla nonviolenza in varie scuole di Milano e hinterland","datePublished":"2012-11-24T21:14:53+00:00","dateModified":"2014-12-21T11:03:22+00:00","mainEntityOfPage":{"@id":"https:\/\/www.pressenza.com\/it\/2012\/11\/un-corso-sulla-nonviolenza-in-varie-scuole-di-milano-e-hinterland\/"},"wordCount":487,"publisher":{"@id":"https:\/\/www.pressenza.com\/it\/#organization"},"image":{"@id":"https:\/\/www.pressenza.com\/it\/2012\/11\/un-corso-sulla-nonviolenza-in-varie-scuole-di-milano-e-hinterland\/#primaryimage"},"thumbnailUrl":"https:\/\/www.pressenza.com\/wp-content\/uploads\/2012\/11\/corso-scuole.jpg","keywords":["corso","nonviolenza","Pace","scuole"],"articleSection":["Educazione","Europa","Non discriminazione","Nonviolenza","Pace e Disarmo"],"inLanguage":"it-IT"},{"@type":"WebPage","@id":"https:\/\/www.pressenza.com\/it\/2012\/11\/un-corso-sulla-nonviolenza-in-varie-scuole-di-milano-e-hinterland\/","url":"https:\/\/www.pressenza.com\/it\/2012\/11\/un-corso-sulla-nonviolenza-in-varie-scuole-di-milano-e-hinterland\/","name":"Un corso sulla nonviolenza in varie scuole di Milano e hinterland","isPartOf":{"@id":"https:\/\/www.pressenza.com\/it\/#website"},"primaryImageOfPage":{"@id":"https:\/\/www.pressenza.com\/it\/2012\/11\/un-corso-sulla-nonviolenza-in-varie-scuole-di-milano-e-hinterland\/#primaryimage"},"image":{"@id":"https:\/\/www.pressenza.com\/it\/2012\/11\/un-corso-sulla-nonviolenza-in-varie-scuole-di-milano-e-hinterland\/#primaryimage"},"thumbnailUrl":"https:\/\/www.pressenza.com\/wp-content\/uploads\/2012\/11\/corso-scuole.jpg","datePublished":"2012-11-24T21:14:53+00:00","dateModified":"2014-12-21T11:03:22+00:00","description":"Negli ultimi anni, a partire dal 2005, l'associazione Mondo senza guerre e senza violenza ha organizzato un corso diviso in due incontri in diverse scuole","breadcrumb":{"@id":"https:\/\/www.pressenza.com\/it\/2012\/11\/un-corso-sulla-nonviolenza-in-varie-scuole-di-milano-e-hinterland\/#breadcrumb"},"inLanguage":"it-IT","potentialAction":[{"@type":"ReadAction","target":["https:\/\/www.pressenza.com\/it\/2012\/11\/un-corso-sulla-nonviolenza-in-varie-scuole-di-milano-e-hinterland\/"]}]},{"@type":"ImageObject","inLanguage":"it-IT","@id":"https:\/\/www.pressenza.com\/it\/2012\/11\/un-corso-sulla-nonviolenza-in-varie-scuole-di-milano-e-hinterland\/#primaryimage","url":"https:\/\/www.pressenza.com\/wp-content\/uploads\/2012\/11\/corso-scuole.jpg","contentUrl":"https:\/\/www.pressenza.com\/wp-content\/uploads\/2012\/11\/corso-scuole.jpg","width":"931","height":"1341"},{"@type":"BreadcrumbList","@id":"https:\/\/www.pressenza.com\/it\/2012\/11\/un-corso-sulla-nonviolenza-in-varie-scuole-di-milano-e-hinterland\/#breadcrumb","itemListElement":[{"@type":"ListItem","position":1,"name":"Accueil","item":"https:\/\/www.pressenza.com\/it\/"},{"@type":"ListItem","position":2,"name":"Un corso sulla nonviolenza in varie scuole di Milano e hinterland"}]},{"@type":"WebSite","@id":"https:\/\/www.pressenza.com\/it\/#website","url":"https:\/\/www.pressenza.com\/it\/","name":"Pressenza","description":"Agenzia di Stampa Internazionale","publisher":{"@id":"https:\/\/www.pressenza.com\/it\/#organization"},"potentialAction":[{"@type":"SearchAction","target":{"@type":"EntryPoint","urlTemplate":"https:\/\/www.pressenza.com\/it\/?s={search_term_string}"},"query-input":{"@type":"PropertyValueSpecification","valueRequired":true,"valueName":"search_term_string"}}],"inLanguage":"it-IT"},{"@type":"Organization","@id":"https:\/\/www.pressenza.com\/it\/#organization","name":"Pressenza","url":"https:\/\/www.pressenza.com\/it\/","logo":{"@type":"ImageObject","inLanguage":"it-IT","@id":"https:\/\/www.pressenza.com\/it\/#\/schema\/logo\/image\/","url":"https:\/\/www.pressenza.com\/wp-content\/uploads\/2022\/10\/pressenza_logo_200x200.jpg","contentUrl":"https:\/\/www.pressenza.com\/wp-content\/uploads\/2022\/10\/pressenza_logo_200x200.jpg","width":200,"height":200,"caption":"Pressenza"},"image":{"@id":"https:\/\/www.pressenza.com\/it\/#\/schema\/logo\/image\/"},"sameAs":["https:\/\/www.facebook.com\/PressenzaItalia","https:\/\/x.com\/PressenzaIPA"]},{"@type":"Person","@id":"https:\/\/www.pressenza.com\/it\/#\/schema\/person\/d21079cb42308d436ceafc0c04351958","name":"Mondo Senza Guerre e Senza Violenza","description":"www.mondosenzaguerre.org","sameAs":["https:\/\/www.facebook.com\/MondoSenzaGuerre"],"url":"https:\/\/www.pressenza.com\/it\/author\/mondo-senza-guerre-e-senza-violenza\/"}]}},"place":"","original_article_url":"","_links":{"self":[{"href":"https:\/\/www.pressenza.com\/it\/wp-json\/wp\/v2\/posts\/25511","targetHints":{"allow":["GET"]}}],"collection":[{"href":"https:\/\/www.pressenza.com\/it\/wp-json\/wp\/v2\/posts"}],"about":[{"href":"https:\/\/www.pressenza.com\/it\/wp-json\/wp\/v2\/types\/post"}],"author":[{"embeddable":true,"href":"https:\/\/www.pressenza.com\/it\/wp-json\/wp\/v2\/users\/663"}],"replies":[{"embeddable":true,"href":"https:\/\/www.pressenza.com\/it\/wp-json\/wp\/v2\/comments?post=25511"}],"version-history":[{"count":0,"href":"https:\/\/www.pressenza.com\/it\/wp-json\/wp\/v2\/posts\/25511\/revisions"}],"wp:featuredmedia":[{"embeddable":true,"href":"https:\/\/www.pressenza.com\/it\/wp-json\/wp\/v2\/media\/25512"}],"wp:attachment":[{"href":"https:\/\/www.pressenza.com\/it\/wp-json\/wp\/v2\/media?parent=25511"}],"wp:term":[{"taxonomy":"category","embeddable":true,"href":"https:\/\/www.pressenza.com\/it\/wp-json\/wp\/v2\/categories?post=25511"},{"taxonomy":"post_tag","embeddable":true,"href":"https:\/\/www.pressenza.com\/it\/wp-json\/wp\/v2\/tags?post=25511"}],"curies":[{"name":"wp","href":"https:\/\/api.w.org\/{rel}","templated":true}]}}