{"id":2550989,"date":"2024-09-30T11:16:15","date_gmt":"2024-09-30T10:16:15","guid":{"rendered":"https:\/\/www.pressenza.com\/?p=2550989"},"modified":"2024-09-30T11:16:15","modified_gmt":"2024-09-30T10:16:15","slug":"linclusione-dei-cittadini-di-nazionalita-straniera-residenti-in-italia","status":"publish","type":"post","link":"https:\/\/www.pressenza.com\/it\/2024\/09\/linclusione-dei-cittadini-di-nazionalita-straniera-residenti-in-italia\/","title":{"rendered":"L\u2019inclusione dei cittadini di nazionalit\u00e0 straniera residenti in Italia"},"content":{"rendered":"<p><em>Riceviamo e pubblichiamo dall&#8217;agenzia stampa Interris.it<\/em><\/p>\n<p>L\u2019inclusione dei cittadini di nazionalit\u00e0 straniera residenti in Italia costituisce un aspetto di primaria importanza per la realizzazione dei principi di democrazia e uguaglianza sanciti dalle nostre leggi. <\/p>\n<p>Tutto ci\u00f2 si sta realizzando anche grazie all\u2019opera di diverse realt\u00e0 del Terzo Settore le quali, con grande impegno, cercano di abbattere le barriere linguistiche e culturali che ostacolano il processo di integrazione in corso.<\/p>\n<p>ISCOS Lombardia, acronimo di Istituto Sindacale per la Cooperazione allo Sviluppo, \u00e8 l\u2019organismo di solidariet\u00e0 internazionale promosso dalla Cisl Lombardia il quale, sia in Italia che all\u2019estero, attraverso diverse progettualit\u00e0, si adopera per promuovere condizioni di sviluppo, lavoro e crescita delle diverse comunit\u00e0. <\/p>\n<p>Uno dei progetti sviluppati negli ultimi anni \u00e8 \u201cPassaparola\u201d che, con diverse azioni, favorisce la scolarizzazione linguistica degli stranieri residenti in Italia.<br \/>\nInterris.it, in merito a questa esperienza di inclusione, ha intervistato Marta Valota, direttrice di Iscos Lombardia.<\/p>\n<p><strong>Valota, come nasce e che obiettivi ha il progetto \u201cPassaparola\u201d?<\/strong><\/p>\n<p>\u201cIl progetto \u2018Passaparola\u2019 nasce nel periodo della pandemia da Covid-19, pi\u00f9 precisamente nel 2020, con lo scopo di aiutare l\u2019inclusione delle donne, in particolare quelle della comunit\u00e0 pakistana che, in Lombardia, conta circa 40 mila persone per tutto ci\u00f2 che concerneva la gestione della didattica a distanza dei loro figli. <\/p>\n<p>Esse, di fatto, si sono scontrate con le barriere linguistiche e di carattere gestionale concernenti le piattaforme informatiche dedicate alla \u2018D.A.D\u2019.<br \/>\nQuindi, attraverso una sinergia con diverse associazioni, mediante le quali, gi\u00e0 dal 2008, svolgiamo attivit\u00e0 di cooperazione sociale in Pakistan e in Italia, abbiamo attivato dei corsi online ed abbiamo poi vinto un bando per il Terzo Settore con dei fondi di Regione Lombardia.\u201d<\/p>\n<p><strong>Come si sono svolte le attivit\u00e0 previste?<\/strong><\/p>\n<p>\u201cSono stati messi in campo cinque corsi di lingua italiana online a cui abbiamo abbinato dei video contenenti le indicazioni per muoversi sulle principali piattaforme digitali utilizzate per le lezioni a distanza, sia in urdu che in italiano.<br \/>\nIn particolare, lo scorso 21 settembre, abbiamo festeggiato con la comunit\u00e0 pakistana la chiusura del progetto \u2018Passaparola\u2019 che nell\u2019anno in corso ha goduto del finanziamento dell\u2019U.B.I.<br \/>\nInoltre, tale progettualit\u00e0, ha previsto, nella citt\u00e0 di Gallarate, corsi di italiano A1 A2 e B1 sia on-line che in presenza hanno beneficiato 100 donne e, oltre a ci\u00f2, \u00e8 stato previsto un corso di urdu per ragazzi di seconda terza generazione nati in Italia per fare in modo non perdessero le proprie tradizioni e patrimonio linguistico.\u201d<\/p>\n<p><strong>In che modo, le attivit\u00e0 promosse dal progetto, hanno favorito l\u2019inclusione della comunit\u00e0 pakistana?<\/strong><\/p>\n<p>\u201cIn questi anni, ho potuto vedere di persona i risultati raggiunti e l\u2019evoluzione personale delle beneficiarie dei nostri progetti.<br \/>\nLe donne coinvolte, molto spesso, nei loro Paesi d\u2019origine, sono laureate e hanno titoli di studio elevati ma, quando sono qui, hanno difficolt\u00e0 a partecipare alla vita delle comunit\u00e0 per via delle barriere linguistiche.<br \/>\nNegli anni quindi, dopo che, le stesse, nel 2020, hanno conseguito il livello di capacit\u00e0 linguistica A1 ad oggi, dopo molti miglioramenti, hanno ottenuto anche la certificazione B1, necessaria per richiedere i permessi di soggiorno e le richieste di cittadinanza italiana.<\/p>\n<p><strong>L\u2019accrescimento delle competenze \u00e8 fondamentale per la piena partecipazione alla vita delle comunit\u00e0. In che modo, le azioni proposte, stanno favorendo questa finalit\u00e0?<\/strong><\/p>\n<p>\u201cAbbiamo riscontrato che c\u2019\u00e8 stato uno stimolo verso l\u2019accrescimento delle competenze.<br \/>\nA tutt\u2019oggi, alcune delle donne coinvolte nel progetto, si stanno affacciando a delle opportunit\u00e0 di lavoro e, le tre studentesse che hanno ottenuto i risultati migliori nel nostro corso parteciperanno ai corsi di scuola guida per ottenere la patente al fine poter raggiungere cos\u00ec i centri abitati pi\u00f9 grandi dove ci sono maggiori opportunit\u00e0 di impiego.<br \/>\nQuindi, attraverso un monitoraggio e una costante risposta ai bisogni dei beneficiari del progetto, stiamo vedendo la loro crescita finalizzata al raggiungimento di nuovi obiettivi personali, i quali vanno a beneficio dell\u2019intera comunit\u00e0.\u201d<\/p>\n<p><strong>Quali sono i tuoi auspici per il futuro per l\u2019ulteriore sviluppo di questa attivit\u00e0?<\/strong><\/p>\n<p>\u201cPoter dare risposte a un numero sempre maggiore di donne di diverse nazionalit\u00e0 e continuare con nuovi corsi, di livello sempre pi\u00f9 avanzato, con l\u2019obiettivo di favorire la loro inclusione.<br \/>\nSiamo un ente no profit il quale, ha come tema fondamentale la promozione del lavoro dignitoso affinch\u00e9, attraverso quest\u2019ultimo, si possano vedere sempre pi\u00f9 donne che riescono a realizzarsi anche dal punto di vista professionale, al fine di raggiungere la propria indipendenza economica e dare il proprio contributo alla comunit\u00e0.<br \/>\nL\u2019incontro tra culture diverse \u00e8 una ricchezza, bisogna solamente superare lo scoglio linguistico, sociale e culturale iniziale per poter scoprire e valorizzare le attitudini di ognuno.\u201d<\/p>\n","protected":false},"excerpt":{"rendered":"<p>Riceviamo e pubblichiamo dall&#8217;agenzia stampa Interris.it L\u2019inclusione dei cittadini di nazionalit\u00e0 straniera residenti in Italia costituisce un aspetto di primaria importanza per la realizzazione dei principi di democrazia e uguaglianza sanciti dalle nostre leggi. Tutto ci\u00f2 si sta realizzando anche&hellip;<\/p>\n","protected":false},"author":594,"featured_media":1793232,"comment_status":"closed","ping_status":"closed","sticky":false,"template":"","format":"standard","meta":{"footnotes":""},"categories":[150,56,60,1258,54513,157,54572],"tags":[127249,9123,127250],"class_list":["post-2550989","post","type-post","status-publish","format-standard","has-post-thumbnail","hentry","category-comunicati-stampa","category-cultura","category-diritti-umani","category-educazione","category-genere-e-femminismi","category-interviste","category-migranti","tag-iscos","tag-pakistan-it","tag-passaparola"],"yoast_head":"<!-- This site is optimized with the Yoast SEO plugin v27.1.1 - https:\/\/yoast.com\/product\/yoast-seo-wordpress\/ -->\n<title>L\u2019inclusione dei cittadini di nazionalit\u00e0 straniera residenti in Italia<\/title>\n<meta name=\"description\" content=\"Riceviamo e pubblichiamo dall&#039;agenzia stampa Interris.it L\u2019inclusione dei cittadini di nazionalit\u00e0 straniera residenti in Italia costituisce un aspetto di\" \/>\n<meta name=\"robots\" content=\"index, follow, max-snippet:-1, max-image-preview:large, max-video-preview:-1\" \/>\n<link rel=\"canonical\" href=\"https:\/\/www.pressenza.com\/it\/2024\/09\/linclusione-dei-cittadini-di-nazionalita-straniera-residenti-in-italia\/\" \/>\n<meta property=\"og:locale\" content=\"it_IT\" \/>\n<meta property=\"og:type\" content=\"article\" \/>\n<meta property=\"og:title\" content=\"L\u2019inclusione dei cittadini di nazionalit\u00e0 straniera residenti in Italia\" \/>\n<meta property=\"og:description\" content=\"Riceviamo e pubblichiamo dall&#039;agenzia stampa Interris.it L\u2019inclusione dei cittadini di nazionalit\u00e0 straniera residenti in Italia costituisce un aspetto di\" \/>\n<meta property=\"og:url\" content=\"https:\/\/www.pressenza.com\/it\/2024\/09\/linclusione-dei-cittadini-di-nazionalita-straniera-residenti-in-italia\/\" \/>\n<meta property=\"og:site_name\" content=\"Pressenza\" \/>\n<meta property=\"article:publisher\" content=\"https:\/\/www.facebook.com\/PressenzaItalia\" \/>\n<meta property=\"article:author\" content=\"https:\/\/www.facebook.com\/PressenzaItalia\" \/>\n<meta property=\"article:published_time\" content=\"2024-09-30T10:16:15+00:00\" \/>\n<meta property=\"og:image\" content=\"https:\/\/www.pressenza.com\/wp-content\/uploads\/2024\/01\/donne-in-corteo.jpg\" \/>\n\t<meta property=\"og:image:width\" content=\"1500\" \/>\n\t<meta property=\"og:image:height\" content=\"987\" \/>\n\t<meta property=\"og:image:type\" content=\"image\/jpeg\" \/>\n<meta name=\"author\" content=\"Redazione Italia\" \/>\n<meta name=\"twitter:card\" content=\"summary_large_image\" \/>\n<meta name=\"twitter:creator\" content=\"@pressenza_it\" \/>\n<meta name=\"twitter:site\" content=\"@PressenzaIPA\" \/>\n<meta name=\"twitter:label1\" content=\"Scritto da\" \/>\n\t<meta name=\"twitter:data1\" content=\"Redazione Italia\" \/>\n<script type=\"application\/ld+json\" class=\"yoast-schema-graph\">{\"@context\":\"https:\/\/schema.org\",\"@graph\":[{\"@type\":\"Article\",\"@id\":\"https:\/\/www.pressenza.com\/it\/2024\/09\/linclusione-dei-cittadini-di-nazionalita-straniera-residenti-in-italia\/#article\",\"isPartOf\":{\"@id\":\"https:\/\/www.pressenza.com\/it\/2024\/09\/linclusione-dei-cittadini-di-nazionalita-straniera-residenti-in-italia\/\"},\"author\":{\"name\":\"Redazione Italia\",\"@id\":\"https:\/\/www.pressenza.com\/it\/#\/schema\/person\/d983e81827ae24f2c7b1a2123d197f8d\"},\"headline\":\"L\u2019inclusione dei cittadini di nazionalit\u00e0 straniera residenti in Italia\",\"datePublished\":\"2024-09-30T10:16:15+00:00\",\"mainEntityOfPage\":{\"@id\":\"https:\/\/www.pressenza.com\/it\/2024\/09\/linclusione-dei-cittadini-di-nazionalita-straniera-residenti-in-italia\/\"},\"wordCount\":778,\"publisher\":{\"@id\":\"https:\/\/www.pressenza.com\/it\/#organization\"},\"image\":{\"@id\":\"https:\/\/www.pressenza.com\/it\/2024\/09\/linclusione-dei-cittadini-di-nazionalita-straniera-residenti-in-italia\/#primaryimage\"},\"thumbnailUrl\":\"https:\/\/www.pressenza.com\/wp-content\/uploads\/2024\/01\/donne-in-corteo.jpg\",\"keywords\":[\"iscos\",\"Pakistan\",\"passaparola\"],\"articleSection\":[\"Comunicati Stampa\",\"Cultura e Media\",\"Diritti Umani\",\"Educazione\",\"Genere e femminismi\",\"Interviste\",\"Migranti\"],\"inLanguage\":\"it-IT\"},{\"@type\":\"WebPage\",\"@id\":\"https:\/\/www.pressenza.com\/it\/2024\/09\/linclusione-dei-cittadini-di-nazionalita-straniera-residenti-in-italia\/\",\"url\":\"https:\/\/www.pressenza.com\/it\/2024\/09\/linclusione-dei-cittadini-di-nazionalita-straniera-residenti-in-italia\/\",\"name\":\"L\u2019inclusione dei cittadini di nazionalit\u00e0 straniera residenti in Italia\",\"isPartOf\":{\"@id\":\"https:\/\/www.pressenza.com\/it\/#website\"},\"primaryImageOfPage\":{\"@id\":\"https:\/\/www.pressenza.com\/it\/2024\/09\/linclusione-dei-cittadini-di-nazionalita-straniera-residenti-in-italia\/#primaryimage\"},\"image\":{\"@id\":\"https:\/\/www.pressenza.com\/it\/2024\/09\/linclusione-dei-cittadini-di-nazionalita-straniera-residenti-in-italia\/#primaryimage\"},\"thumbnailUrl\":\"https:\/\/www.pressenza.com\/wp-content\/uploads\/2024\/01\/donne-in-corteo.jpg\",\"datePublished\":\"2024-09-30T10:16:15+00:00\",\"description\":\"Riceviamo e pubblichiamo dall'agenzia stampa Interris.it L\u2019inclusione dei cittadini di nazionalit\u00e0 straniera residenti in Italia costituisce un aspetto di\",\"breadcrumb\":{\"@id\":\"https:\/\/www.pressenza.com\/it\/2024\/09\/linclusione-dei-cittadini-di-nazionalita-straniera-residenti-in-italia\/#breadcrumb\"},\"inLanguage\":\"it-IT\",\"potentialAction\":[{\"@type\":\"ReadAction\",\"target\":[\"https:\/\/www.pressenza.com\/it\/2024\/09\/linclusione-dei-cittadini-di-nazionalita-straniera-residenti-in-italia\/\"]}]},{\"@type\":\"ImageObject\",\"inLanguage\":\"it-IT\",\"@id\":\"https:\/\/www.pressenza.com\/it\/2024\/09\/linclusione-dei-cittadini-di-nazionalita-straniera-residenti-in-italia\/#primaryimage\",\"url\":\"https:\/\/www.pressenza.com\/wp-content\/uploads\/2024\/01\/donne-in-corteo.jpg\",\"contentUrl\":\"https:\/\/www.pressenza.com\/wp-content\/uploads\/2024\/01\/donne-in-corteo.jpg\",\"width\":1500,\"height\":987,\"caption\":\"ph Cesare Dagliana\"},{\"@type\":\"BreadcrumbList\",\"@id\":\"https:\/\/www.pressenza.com\/it\/2024\/09\/linclusione-dei-cittadini-di-nazionalita-straniera-residenti-in-italia\/#breadcrumb\",\"itemListElement\":[{\"@type\":\"ListItem\",\"position\":1,\"name\":\"Accueil\",\"item\":\"https:\/\/www.pressenza.com\/it\/\"},{\"@type\":\"ListItem\",\"position\":2,\"name\":\"L\u2019inclusione dei cittadini di nazionalit\u00e0 straniera residenti in Italia\"}]},{\"@type\":\"WebSite\",\"@id\":\"https:\/\/www.pressenza.com\/it\/#website\",\"url\":\"https:\/\/www.pressenza.com\/it\/\",\"name\":\"Pressenza\",\"description\":\"Agenzia di Stampa Internazionale\",\"publisher\":{\"@id\":\"https:\/\/www.pressenza.com\/it\/#organization\"},\"potentialAction\":[{\"@type\":\"SearchAction\",\"target\":{\"@type\":\"EntryPoint\",\"urlTemplate\":\"https:\/\/www.pressenza.com\/it\/?s={search_term_string}\"},\"query-input\":{\"@type\":\"PropertyValueSpecification\",\"valueRequired\":true,\"valueName\":\"search_term_string\"}}],\"inLanguage\":\"it-IT\"},{\"@type\":\"Organization\",\"@id\":\"https:\/\/www.pressenza.com\/it\/#organization\",\"name\":\"Pressenza\",\"url\":\"https:\/\/www.pressenza.com\/it\/\",\"logo\":{\"@type\":\"ImageObject\",\"inLanguage\":\"it-IT\",\"@id\":\"https:\/\/www.pressenza.com\/it\/#\/schema\/logo\/image\/\",\"url\":\"https:\/\/www.pressenza.com\/wp-content\/uploads\/2022\/10\/pressenza_logo_200x200.jpg\",\"contentUrl\":\"https:\/\/www.pressenza.com\/wp-content\/uploads\/2022\/10\/pressenza_logo_200x200.jpg\",\"width\":200,\"height\":200,\"caption\":\"Pressenza\"},\"image\":{\"@id\":\"https:\/\/www.pressenza.com\/it\/#\/schema\/logo\/image\/\"},\"sameAs\":[\"https:\/\/www.facebook.com\/PressenzaItalia\",\"https:\/\/x.com\/PressenzaIPA\"]},{\"@type\":\"Person\",\"@id\":\"https:\/\/www.pressenza.com\/it\/#\/schema\/person\/d983e81827ae24f2c7b1a2123d197f8d\",\"name\":\"Redazione Italia\",\"description\":\"News from the Pressenza Bureau in Italy\",\"sameAs\":[\"https:\/\/www.pressenza.com\/it\/author\/redazione-italia\/\",\"https:\/\/www.facebook.com\/PressenzaItalia\",\"https:\/\/www.instagram.com\/pressenza_italia\/\",\"https:\/\/x.com\/pressenza_it\",\"https:\/\/www.youtube.com\/channel\/UCSalEIWjE1RSxkwjfftFuqg\"],\"url\":\"https:\/\/www.pressenza.com\/it\/author\/redazione-italia\/\"}]}<\/script>\n<!-- \/ Yoast SEO plugin. -->","yoast_head_json":{"title":"L\u2019inclusione dei cittadini di nazionalit\u00e0 straniera residenti in Italia","description":"Riceviamo e pubblichiamo dall'agenzia stampa Interris.it L\u2019inclusione dei cittadini di nazionalit\u00e0 straniera residenti in Italia costituisce un aspetto di","robots":{"index":"index","follow":"follow","max-snippet":"max-snippet:-1","max-image-preview":"max-image-preview:large","max-video-preview":"max-video-preview:-1"},"canonical":"https:\/\/www.pressenza.com\/it\/2024\/09\/linclusione-dei-cittadini-di-nazionalita-straniera-residenti-in-italia\/","og_locale":"it_IT","og_type":"article","og_title":"L\u2019inclusione dei cittadini di nazionalit\u00e0 straniera residenti in Italia","og_description":"Riceviamo e pubblichiamo dall'agenzia stampa Interris.it L\u2019inclusione dei cittadini di nazionalit\u00e0 straniera residenti in Italia costituisce un aspetto di","og_url":"https:\/\/www.pressenza.com\/it\/2024\/09\/linclusione-dei-cittadini-di-nazionalita-straniera-residenti-in-italia\/","og_site_name":"Pressenza","article_publisher":"https:\/\/www.facebook.com\/PressenzaItalia","article_author":"https:\/\/www.facebook.com\/PressenzaItalia","article_published_time":"2024-09-30T10:16:15+00:00","og_image":[{"width":1500,"height":987,"url":"https:\/\/www.pressenza.com\/wp-content\/uploads\/2024\/01\/donne-in-corteo.jpg","type":"image\/jpeg"}],"author":"Redazione Italia","twitter_card":"summary_large_image","twitter_creator":"@pressenza_it","twitter_site":"@PressenzaIPA","twitter_misc":{"Scritto da":"Redazione Italia"},"schema":{"@context":"https:\/\/schema.org","@graph":[{"@type":"Article","@id":"https:\/\/www.pressenza.com\/it\/2024\/09\/linclusione-dei-cittadini-di-nazionalita-straniera-residenti-in-italia\/#article","isPartOf":{"@id":"https:\/\/www.pressenza.com\/it\/2024\/09\/linclusione-dei-cittadini-di-nazionalita-straniera-residenti-in-italia\/"},"author":{"name":"Redazione Italia","@id":"https:\/\/www.pressenza.com\/it\/#\/schema\/person\/d983e81827ae24f2c7b1a2123d197f8d"},"headline":"L\u2019inclusione dei cittadini di nazionalit\u00e0 straniera residenti in Italia","datePublished":"2024-09-30T10:16:15+00:00","mainEntityOfPage":{"@id":"https:\/\/www.pressenza.com\/it\/2024\/09\/linclusione-dei-cittadini-di-nazionalita-straniera-residenti-in-italia\/"},"wordCount":778,"publisher":{"@id":"https:\/\/www.pressenza.com\/it\/#organization"},"image":{"@id":"https:\/\/www.pressenza.com\/it\/2024\/09\/linclusione-dei-cittadini-di-nazionalita-straniera-residenti-in-italia\/#primaryimage"},"thumbnailUrl":"https:\/\/www.pressenza.com\/wp-content\/uploads\/2024\/01\/donne-in-corteo.jpg","keywords":["iscos","Pakistan","passaparola"],"articleSection":["Comunicati Stampa","Cultura e Media","Diritti Umani","Educazione","Genere e femminismi","Interviste","Migranti"],"inLanguage":"it-IT"},{"@type":"WebPage","@id":"https:\/\/www.pressenza.com\/it\/2024\/09\/linclusione-dei-cittadini-di-nazionalita-straniera-residenti-in-italia\/","url":"https:\/\/www.pressenza.com\/it\/2024\/09\/linclusione-dei-cittadini-di-nazionalita-straniera-residenti-in-italia\/","name":"L\u2019inclusione dei cittadini di nazionalit\u00e0 straniera residenti in Italia","isPartOf":{"@id":"https:\/\/www.pressenza.com\/it\/#website"},"primaryImageOfPage":{"@id":"https:\/\/www.pressenza.com\/it\/2024\/09\/linclusione-dei-cittadini-di-nazionalita-straniera-residenti-in-italia\/#primaryimage"},"image":{"@id":"https:\/\/www.pressenza.com\/it\/2024\/09\/linclusione-dei-cittadini-di-nazionalita-straniera-residenti-in-italia\/#primaryimage"},"thumbnailUrl":"https:\/\/www.pressenza.com\/wp-content\/uploads\/2024\/01\/donne-in-corteo.jpg","datePublished":"2024-09-30T10:16:15+00:00","description":"Riceviamo e pubblichiamo dall'agenzia stampa Interris.it L\u2019inclusione dei cittadini di nazionalit\u00e0 straniera residenti in Italia costituisce un aspetto di","breadcrumb":{"@id":"https:\/\/www.pressenza.com\/it\/2024\/09\/linclusione-dei-cittadini-di-nazionalita-straniera-residenti-in-italia\/#breadcrumb"},"inLanguage":"it-IT","potentialAction":[{"@type":"ReadAction","target":["https:\/\/www.pressenza.com\/it\/2024\/09\/linclusione-dei-cittadini-di-nazionalita-straniera-residenti-in-italia\/"]}]},{"@type":"ImageObject","inLanguage":"it-IT","@id":"https:\/\/www.pressenza.com\/it\/2024\/09\/linclusione-dei-cittadini-di-nazionalita-straniera-residenti-in-italia\/#primaryimage","url":"https:\/\/www.pressenza.com\/wp-content\/uploads\/2024\/01\/donne-in-corteo.jpg","contentUrl":"https:\/\/www.pressenza.com\/wp-content\/uploads\/2024\/01\/donne-in-corteo.jpg","width":1500,"height":987,"caption":"ph Cesare Dagliana"},{"@type":"BreadcrumbList","@id":"https:\/\/www.pressenza.com\/it\/2024\/09\/linclusione-dei-cittadini-di-nazionalita-straniera-residenti-in-italia\/#breadcrumb","itemListElement":[{"@type":"ListItem","position":1,"name":"Accueil","item":"https:\/\/www.pressenza.com\/it\/"},{"@type":"ListItem","position":2,"name":"L\u2019inclusione dei cittadini di nazionalit\u00e0 straniera residenti in Italia"}]},{"@type":"WebSite","@id":"https:\/\/www.pressenza.com\/it\/#website","url":"https:\/\/www.pressenza.com\/it\/","name":"Pressenza","description":"Agenzia di Stampa Internazionale","publisher":{"@id":"https:\/\/www.pressenza.com\/it\/#organization"},"potentialAction":[{"@type":"SearchAction","target":{"@type":"EntryPoint","urlTemplate":"https:\/\/www.pressenza.com\/it\/?s={search_term_string}"},"query-input":{"@type":"PropertyValueSpecification","valueRequired":true,"valueName":"search_term_string"}}],"inLanguage":"it-IT"},{"@type":"Organization","@id":"https:\/\/www.pressenza.com\/it\/#organization","name":"Pressenza","url":"https:\/\/www.pressenza.com\/it\/","logo":{"@type":"ImageObject","inLanguage":"it-IT","@id":"https:\/\/www.pressenza.com\/it\/#\/schema\/logo\/image\/","url":"https:\/\/www.pressenza.com\/wp-content\/uploads\/2022\/10\/pressenza_logo_200x200.jpg","contentUrl":"https:\/\/www.pressenza.com\/wp-content\/uploads\/2022\/10\/pressenza_logo_200x200.jpg","width":200,"height":200,"caption":"Pressenza"},"image":{"@id":"https:\/\/www.pressenza.com\/it\/#\/schema\/logo\/image\/"},"sameAs":["https:\/\/www.facebook.com\/PressenzaItalia","https:\/\/x.com\/PressenzaIPA"]},{"@type":"Person","@id":"https:\/\/www.pressenza.com\/it\/#\/schema\/person\/d983e81827ae24f2c7b1a2123d197f8d","name":"Redazione Italia","description":"News from the Pressenza Bureau in Italy","sameAs":["https:\/\/www.pressenza.com\/it\/author\/redazione-italia\/","https:\/\/www.facebook.com\/PressenzaItalia","https:\/\/www.instagram.com\/pressenza_italia\/","https:\/\/x.com\/pressenza_it","https:\/\/www.youtube.com\/channel\/UCSalEIWjE1RSxkwjfftFuqg"],"url":"https:\/\/www.pressenza.com\/it\/author\/redazione-italia\/"}]}},"place":"","original_article_url":"","_links":{"self":[{"href":"https:\/\/www.pressenza.com\/it\/wp-json\/wp\/v2\/posts\/2550989","targetHints":{"allow":["GET"]}}],"collection":[{"href":"https:\/\/www.pressenza.com\/it\/wp-json\/wp\/v2\/posts"}],"about":[{"href":"https:\/\/www.pressenza.com\/it\/wp-json\/wp\/v2\/types\/post"}],"author":[{"embeddable":true,"href":"https:\/\/www.pressenza.com\/it\/wp-json\/wp\/v2\/users\/594"}],"replies":[{"embeddable":true,"href":"https:\/\/www.pressenza.com\/it\/wp-json\/wp\/v2\/comments?post=2550989"}],"version-history":[{"count":0,"href":"https:\/\/www.pressenza.com\/it\/wp-json\/wp\/v2\/posts\/2550989\/revisions"}],"wp:featuredmedia":[{"embeddable":true,"href":"https:\/\/www.pressenza.com\/it\/wp-json\/wp\/v2\/media\/1793232"}],"wp:attachment":[{"href":"https:\/\/www.pressenza.com\/it\/wp-json\/wp\/v2\/media?parent=2550989"}],"wp:term":[{"taxonomy":"category","embeddable":true,"href":"https:\/\/www.pressenza.com\/it\/wp-json\/wp\/v2\/categories?post=2550989"},{"taxonomy":"post_tag","embeddable":true,"href":"https:\/\/www.pressenza.com\/it\/wp-json\/wp\/v2\/tags?post=2550989"}],"curies":[{"name":"wp","href":"https:\/\/api.w.org\/{rel}","templated":true}]}}