{"id":2550657,"date":"2024-09-29T10:03:46","date_gmt":"2024-09-29T09:03:46","guid":{"rendered":"https:\/\/www.pressenza.com\/?p=2550657"},"modified":"2024-09-29T10:03:46","modified_gmt":"2024-09-29T09:03:46","slug":"il-ritorno-di-julian-assange-il-1-ottobre-interverra-al-consiglio-deuropa","status":"publish","type":"post","link":"https:\/\/www.pressenza.com\/it\/2024\/09\/il-ritorno-di-julian-assange-il-1-ottobre-interverra-al-consiglio-deuropa\/","title":{"rendered":"Il ritorno di Julian Assange: il 1\u00b0 ottobre interverr\u00e0 al Consiglio d\u2019Europa"},"content":{"rendered":"<p>Julian Assange e i suoi sostenitori passano al contrattacco. A Strasburgo, New York e Londra, \u00e8 iniziata la battaglia per ottenere giustizia sugli eventuali illeciti commessi dai governi responsabili dei 14 anni di persecuzione giudiziaria inflitti al giornalista australiano, recentemente liberato dopo oltre cinque anni di carcere duro e sette anni di confinamento forzato. Il primo ottobre, a Strasburgo, la\u00a0<strong>Commissione per gli affari giuridici e i diritti umani<\/strong>\u00a0dell\u2019Assemblea parlamentare del Consiglio d\u2019Europa (APCE) ha convocato come testimone il cofondatore di WikiLeaks, Julian Assange, per illustrare gli illeciti che sostiene di aver subito durante la sua reclusione. L\u2019organismo europeo ha gi\u00e0 pubblicato un rapporto che collega la detenzione arbitraria di Assange ai crescenti tentativi, in tutto il mondo, di mettere a tacere i giornalisti scomodi. Presso il Palazzo d\u2019Europa, l\u2019APCE dovr\u00e0 concedere ad Assange lo status di prigioniero politico e chiedere contestualmente la creazione di una commissione indipendente per determinare se il giornalista investigativo abbia subito trattamenti inumani o degradanti durante la sua detenzione. La testimonianza di Assange, che sar\u00e0 la sua prima uscita pubblica da quando \u00e8 stato liberato, avverr\u00e0 tra le 8:30 e le 10:00, ora italiana. La TV dell\u2019Assemblea parlamentare di Strasburgo trasmetter\u00e0 in diretta l\u2019intervento di Assange\u00a0<a href=\"https:\/\/www.youtube.com\/live\/Mq85IZMeigc?si=4q4PZdjVJg3tnAEM\">sul proprio canale YouTube<\/a>.<\/p>\n<p>A\u00a0<strong>New York<\/strong>, invece, i quattro statunitensi (due avvocati e due giornalisti) spiati dalla\u00a0<strong>CIA<\/strong>\u00a0durante le loro visite ad Assange nell\u2019ambasciata ecuadoriana di Londra continuano la loro causa contro l\u2019Agenzia per aver violato i loro diritti alla privacy.\u00a0 La CIA aveva infatti preso e aperto i loro cellulari e registrato le loro conversazioni confidenziali con Julian. Lo scorso 19 dicembre, il\u00a0giudice distrettuale di Manhattan\u00a0John Koeltl gli ha riconosciuto il diritto a chiedere che i dati raccolti dai loro cellulari fossero cancellati dagli archivi della CIA \u2013 anche se, poi, il giudice ha negato loro il diritto di chiedere danni monetari per le registrazioni occulte delle conversazioni. Koeltl ha anche convocato davanti alla Corte il capo della CIA,\u00a0<strong>Robert Burns<\/strong>, in qualit\u00e0 di persona informata sul caso Assange.\u00a0 Lo scorso 15 aprile Burns ha depositato una richiesta di esonero, asserendo che la sua testimonianza potrebbe nuocere alla \u201csicurezza nazionale\u201d. Il giudice deve ancora pronunciarsi in merito.<\/p>\n<p>Infine, a Londra, la giornalista investigativa italiana,<strong>\u00a0Stefania Maurizi<\/strong>, continua la sua battaglia per ottenere copie dei documenti scambiati tra Regno Unito, Svezia e Stati Uniti riguardanti quella che potrebbe profilarsi come una montatura contro Assange: l\u2019accusa di stupro, rivelatasi infondata, in Svezia. La macchinazione, se confermata, risalirebbe agli anni 2010-2019 e avrebbe avuto lo scopo di costringere Assange a lasciare il Regno Unito, dove risiedeva, per recarsi in Svezia e testimoniare davanti ai giudici dell\u2019indagine preliminare. Una volta l\u00ec, Assange avrebbe rischiato un\u2019estradizione negli Stati Uniti quasi immediata (grazie agli accordi tra i due Paesi), evitando invece il pi\u00f9 lungo e complesso iter di estradizione dal Regno Unito. Negli USA, Assange avrebbe affrontato un processo che quasi certamente lo avrebbe condannato a decenni di carcere per aver rivelato i crimini di guerra statunitensi in Iraq e Afghanistan. Fiutando la trappola, Assange ha rifiutato di recarsi in Svezia, offrendo invece alla magistratura svedese di testimoniare tramite teleconferenza o rogatoria, entrambe soluzioni legali. Tuttavia, il procuratore svedese, Marianne Ny,\u00a0<strong>ha respinto pi\u00f9 volte questa proposta<\/strong>, insistendo sull\u2019estradizione. Quando il Regno Unito era ormai pronto a eseguirla, Assange ha ottenuto asilo politico presso l\u2019Ambasciata ecuadoriana, dove ha trascorso sette anni.<\/p>\n<p>Maurizi, sospettando la possibile commissione di illeciti nel diniego della richiesta di rogatoria o di udienza telematica, ha chiesto \u2013 sin dal 2015 \u2013 di ottenere una copia di tutti i\u00a0<strong>documenti scambiati tra il Regno Unito, la Svezia e gli Stati Uniti sul caso Assange<\/strong>.\u00a0 Se c\u2019\u00e8 stato un complotto internazionale, ci saranno sicuramente tracce nelle carte scambiate tra i Ministeri di Giustizia di questi tre Paesi. Maurizi ha potuto fare questa sua richiesta invocando il FOIA, ovvero il<strong>\u00a0Freedom of Information Act<\/strong>, legge britannica del 2000 che tutela la libert\u00e0 d\u2019informazione e il diritto di accesso agli atti amministrativi.<\/p>\n<p>Stefania Maurizi ha scoperto che sia le autorit\u00e0 svedesi che quelle britanniche avevano\u00a0<strong>cancellato documenti rilevanti<\/strong>\u00a0legati all\u2019inchiesta su Julian Assange per stupro. Tra questi, un\u2019e-mail dell\u2019FBI inviata nel marzo 2017 e importanti corrispondenze tra la Svezia, il Regno Unito e gli Stati Uniti. Questa cancellazione solleva dubbi sulla legittimit\u00e0 dell\u2019intero procedimento e spinge Maurizi a interrogarsi sul perch\u00e9 siano stati eliminati documenti cruciali per il caso. Nel 2022, la giornalista ha sottolineato come l\u2019indagine fosse stata\u00a0<strong>archiviata senza che Assange fosse mai stato formalmente accusato<\/strong>, ma la persecuzione giudiziaria ha comunque danneggiato gravemente la sua immagine pubblica e lo ha costretto a vivere confinato nell\u2019Ambasciata ecuadoriana per sette anni.<\/p>\n<p>Il 24 settembre 2024,\u00a0<strong>Maurizi ha ottenuto una svolta<\/strong>: durante un\u2019udienza presso il Tribunale per la libert\u00e0 degli accessi a Londra, \u00e8 stato rivelato che copie cartacee delle e-mail cancellate erano ancora disponibili. Questo risultato rappresenta una vittoria importante nella sua battaglia per la trasparenza,\u00a0<strong>aprendo la strada a ulteriori indagini su possibili illeciti nella gestione del caso Assange<\/strong>. L\u2019ammissione dell\u2019esistenza di queste copie \u00e8 un passo significativo verso il chiarimento della verit\u00e0, e Maurizi spera ora di far luce su eventuali abusi di potere che potrebbero aver condizionato la vita di Assange e l\u2019opinione pubblica.<\/p>\n<p>&nbsp;<\/p>\n","protected":false},"excerpt":{"rendered":"<p>Julian Assange e i suoi sostenitori passano al contrattacco. A Strasburgo, New York e Londra, \u00e8 iniziata la battaglia per ottenere giustizia sugli eventuali illeciti commessi dai governi responsabili dei 14 anni di persecuzione giudiziaria inflitti al giornalista australiano, recentemente&hellip;<\/p>\n","protected":false},"author":1032,"featured_media":1736259,"comment_status":"closed","ping_status":"closed","sticky":false,"template":"","format":"standard","meta":{"footnotes":""},"categories":[107392,60,38],"tags":[459,3415,9507,127192,2599,3500,102516,5112,1453],"class_list":["post-2550657","post","type-post","status-publish","format-standard","has-post-thumbnail","hentry","category-noticia-it","category-diritti-umani","category-internazionale","tag-afghanistan-it","tag-cia-it","tag-consiglio-deuropa","tag-illeciti","tag-julian-assange-it","tag-regno-unito","tag-stefania-maurizi-it","tag-svezia","tag-usa-it"],"yoast_head":"<!-- This site is optimized with the Yoast SEO plugin v27.1.1 - https:\/\/yoast.com\/product\/yoast-seo-wordpress\/ -->\n<title>Il ritorno di Julian Assange: il 1\u00b0 ottobre interverr\u00e0 al Consiglio d\u2019Europa<\/title>\n<meta name=\"description\" content=\"Julian Assange e i suoi sostenitori passano al contrattacco. A Strasburgo, New York e Londra, \u00e8 iniziata la battaglia per ottenere giustizia sugli\" \/>\n<meta name=\"robots\" content=\"index, follow, max-snippet:-1, max-image-preview:large, max-video-preview:-1\" \/>\n<link rel=\"canonical\" href=\"https:\/\/www.pressenza.com\/it\/2024\/09\/il-ritorno-di-julian-assange-il-1-ottobre-interverra-al-consiglio-deuropa\/\" \/>\n<meta property=\"og:locale\" content=\"it_IT\" \/>\n<meta property=\"og:type\" content=\"article\" \/>\n<meta property=\"og:title\" content=\"Il ritorno di Julian Assange: il 1\u00b0 ottobre interverr\u00e0 al Consiglio d\u2019Europa\" \/>\n<meta property=\"og:description\" content=\"Julian Assange e i suoi sostenitori passano al contrattacco. A Strasburgo, New York e Londra, \u00e8 iniziata la battaglia per ottenere giustizia sugli\" \/>\n<meta property=\"og:url\" content=\"https:\/\/www.pressenza.com\/it\/2024\/09\/il-ritorno-di-julian-assange-il-1-ottobre-interverra-al-consiglio-deuropa\/\" \/>\n<meta property=\"og:site_name\" content=\"Pressenza\" \/>\n<meta property=\"article:publisher\" content=\"https:\/\/www.facebook.com\/PressenzaItalia\" \/>\n<meta property=\"article:published_time\" content=\"2024-09-29T09:03:46+00:00\" \/>\n<meta property=\"og:image\" content=\"https:\/\/www.pressenza.com\/wp-content\/uploads\/2023\/04\/julian-assange-stella-moris.jpg\" \/>\n\t<meta property=\"og:image:width\" content=\"1200\" \/>\n\t<meta property=\"og:image:height\" content=\"675\" \/>\n\t<meta property=\"og:image:type\" content=\"image\/jpeg\" \/>\n<meta name=\"author\" content=\"Patrick Boylan\" \/>\n<meta name=\"twitter:card\" content=\"summary_large_image\" \/>\n<meta name=\"twitter:creator\" content=\"@PressenzaIPA\" \/>\n<meta name=\"twitter:site\" content=\"@PressenzaIPA\" \/>\n<meta name=\"twitter:label1\" content=\"Scritto da\" \/>\n\t<meta name=\"twitter:data1\" content=\"Patrick Boylan\" \/>\n\t<meta name=\"twitter:label2\" content=\"Tempo di lettura stimato\" \/>\n\t<meta name=\"twitter:data2\" content=\"5 minuti\" \/>\n<script type=\"application\/ld+json\" class=\"yoast-schema-graph\">{\"@context\":\"https:\/\/schema.org\",\"@graph\":[{\"@type\":\"Article\",\"@id\":\"https:\/\/www.pressenza.com\/it\/2024\/09\/il-ritorno-di-julian-assange-il-1-ottobre-interverra-al-consiglio-deuropa\/#article\",\"isPartOf\":{\"@id\":\"https:\/\/www.pressenza.com\/it\/2024\/09\/il-ritorno-di-julian-assange-il-1-ottobre-interverra-al-consiglio-deuropa\/\"},\"author\":{\"name\":\"Patrick Boylan\",\"@id\":\"https:\/\/www.pressenza.com\/it\/#\/schema\/person\/73e3263da21b4555aa2e90b7ce72a2dd\"},\"headline\":\"Il ritorno di Julian Assange: il 1\u00b0 ottobre interverr\u00e0 al Consiglio d\u2019Europa\",\"datePublished\":\"2024-09-29T09:03:46+00:00\",\"mainEntityOfPage\":{\"@id\":\"https:\/\/www.pressenza.com\/it\/2024\/09\/il-ritorno-di-julian-assange-il-1-ottobre-interverra-al-consiglio-deuropa\/\"},\"wordCount\":889,\"publisher\":{\"@id\":\"https:\/\/www.pressenza.com\/it\/#organization\"},\"image\":{\"@id\":\"https:\/\/www.pressenza.com\/it\/2024\/09\/il-ritorno-di-julian-assange-il-1-ottobre-interverra-al-consiglio-deuropa\/#primaryimage\"},\"thumbnailUrl\":\"https:\/\/www.pressenza.com\/wp-content\/uploads\/2023\/04\/julian-assange-stella-moris.jpg\",\"keywords\":[\"Afghanistan\",\"CIA\",\"Consiglio d'Europa\",\"illeciti\",\"Julian Assange\",\"Regno Unito\",\"Stefania Maurizi\",\"Svezia\",\"USA\"],\"articleSection\":[\"Cronaca\",\"Diritti Umani\",\"Internazionale\"],\"inLanguage\":\"it-IT\"},{\"@type\":\"WebPage\",\"@id\":\"https:\/\/www.pressenza.com\/it\/2024\/09\/il-ritorno-di-julian-assange-il-1-ottobre-interverra-al-consiglio-deuropa\/\",\"url\":\"https:\/\/www.pressenza.com\/it\/2024\/09\/il-ritorno-di-julian-assange-il-1-ottobre-interverra-al-consiglio-deuropa\/\",\"name\":\"Il ritorno di Julian Assange: il 1\u00b0 ottobre interverr\u00e0 al Consiglio d\u2019Europa\",\"isPartOf\":{\"@id\":\"https:\/\/www.pressenza.com\/it\/#website\"},\"primaryImageOfPage\":{\"@id\":\"https:\/\/www.pressenza.com\/it\/2024\/09\/il-ritorno-di-julian-assange-il-1-ottobre-interverra-al-consiglio-deuropa\/#primaryimage\"},\"image\":{\"@id\":\"https:\/\/www.pressenza.com\/it\/2024\/09\/il-ritorno-di-julian-assange-il-1-ottobre-interverra-al-consiglio-deuropa\/#primaryimage\"},\"thumbnailUrl\":\"https:\/\/www.pressenza.com\/wp-content\/uploads\/2023\/04\/julian-assange-stella-moris.jpg\",\"datePublished\":\"2024-09-29T09:03:46+00:00\",\"description\":\"Julian Assange e i suoi sostenitori passano al contrattacco. A Strasburgo, New York e Londra, \u00e8 iniziata la battaglia per ottenere giustizia sugli\",\"breadcrumb\":{\"@id\":\"https:\/\/www.pressenza.com\/it\/2024\/09\/il-ritorno-di-julian-assange-il-1-ottobre-interverra-al-consiglio-deuropa\/#breadcrumb\"},\"inLanguage\":\"it-IT\",\"potentialAction\":[{\"@type\":\"ReadAction\",\"target\":[\"https:\/\/www.pressenza.com\/it\/2024\/09\/il-ritorno-di-julian-assange-il-1-ottobre-interverra-al-consiglio-deuropa\/\"]}]},{\"@type\":\"ImageObject\",\"inLanguage\":\"it-IT\",\"@id\":\"https:\/\/www.pressenza.com\/it\/2024\/09\/il-ritorno-di-julian-assange-il-1-ottobre-interverra-al-consiglio-deuropa\/#primaryimage\",\"url\":\"https:\/\/www.pressenza.com\/wp-content\/uploads\/2023\/04\/julian-assange-stella-moris.jpg\",\"contentUrl\":\"https:\/\/www.pressenza.com\/wp-content\/uploads\/2023\/04\/julian-assange-stella-moris.jpg\",\"width\":1200,\"height\":675},{\"@type\":\"BreadcrumbList\",\"@id\":\"https:\/\/www.pressenza.com\/it\/2024\/09\/il-ritorno-di-julian-assange-il-1-ottobre-interverra-al-consiglio-deuropa\/#breadcrumb\",\"itemListElement\":[{\"@type\":\"ListItem\",\"position\":1,\"name\":\"Accueil\",\"item\":\"https:\/\/www.pressenza.com\/it\/\"},{\"@type\":\"ListItem\",\"position\":2,\"name\":\"Il ritorno di Julian Assange: il 1\u00b0 ottobre interverr\u00e0 al Consiglio d\u2019Europa\"}]},{\"@type\":\"WebSite\",\"@id\":\"https:\/\/www.pressenza.com\/it\/#website\",\"url\":\"https:\/\/www.pressenza.com\/it\/\",\"name\":\"Pressenza\",\"description\":\"Agenzia di Stampa Internazionale\",\"publisher\":{\"@id\":\"https:\/\/www.pressenza.com\/it\/#organization\"},\"potentialAction\":[{\"@type\":\"SearchAction\",\"target\":{\"@type\":\"EntryPoint\",\"urlTemplate\":\"https:\/\/www.pressenza.com\/it\/?s={search_term_string}\"},\"query-input\":{\"@type\":\"PropertyValueSpecification\",\"valueRequired\":true,\"valueName\":\"search_term_string\"}}],\"inLanguage\":\"it-IT\"},{\"@type\":\"Organization\",\"@id\":\"https:\/\/www.pressenza.com\/it\/#organization\",\"name\":\"Pressenza\",\"url\":\"https:\/\/www.pressenza.com\/it\/\",\"logo\":{\"@type\":\"ImageObject\",\"inLanguage\":\"it-IT\",\"@id\":\"https:\/\/www.pressenza.com\/it\/#\/schema\/logo\/image\/\",\"url\":\"https:\/\/www.pressenza.com\/wp-content\/uploads\/2022\/10\/pressenza_logo_200x200.jpg\",\"contentUrl\":\"https:\/\/www.pressenza.com\/wp-content\/uploads\/2022\/10\/pressenza_logo_200x200.jpg\",\"width\":200,\"height\":200,\"caption\":\"Pressenza\"},\"image\":{\"@id\":\"https:\/\/www.pressenza.com\/it\/#\/schema\/logo\/image\/\"},\"sameAs\":[\"https:\/\/www.facebook.com\/PressenzaItalia\",\"https:\/\/x.com\/PressenzaIPA\"]},{\"@type\":\"Person\",\"@id\":\"https:\/\/www.pressenza.com\/it\/#\/schema\/person\/73e3263da21b4555aa2e90b7ce72a2dd\",\"name\":\"Patrick Boylan\",\"description\":\"Patrick Boylan, gi\u00e0 professore di Inglese per la Comunicazione Interculturale all'Universit\u00e0 \u201cRoma Tre\u201d, si \u00e8 laureato nella sua nativa California e di nuovo alla Sorbona di Parigi, dove ha anche insegnato come visiting professor. Ora co-dirige il Journal of Intercultural Mediation and Communication (Cultus), svolge training interculturali, ed \u00e8 attivista per la Rete NoWar e le associazioni PeaceLink e Statunitensi per la pace e la giustizia.\",\"url\":\"https:\/\/www.pressenza.com\/it\/author\/patrick-boylan\/\"}]}<\/script>\n<!-- \/ Yoast SEO plugin. -->","yoast_head_json":{"title":"Il ritorno di Julian Assange: il 1\u00b0 ottobre interverr\u00e0 al Consiglio d\u2019Europa","description":"Julian Assange e i suoi sostenitori passano al contrattacco. A Strasburgo, New York e Londra, \u00e8 iniziata la battaglia per ottenere giustizia sugli","robots":{"index":"index","follow":"follow","max-snippet":"max-snippet:-1","max-image-preview":"max-image-preview:large","max-video-preview":"max-video-preview:-1"},"canonical":"https:\/\/www.pressenza.com\/it\/2024\/09\/il-ritorno-di-julian-assange-il-1-ottobre-interverra-al-consiglio-deuropa\/","og_locale":"it_IT","og_type":"article","og_title":"Il ritorno di Julian Assange: il 1\u00b0 ottobre interverr\u00e0 al Consiglio d\u2019Europa","og_description":"Julian Assange e i suoi sostenitori passano al contrattacco. A Strasburgo, New York e Londra, \u00e8 iniziata la battaglia per ottenere giustizia sugli","og_url":"https:\/\/www.pressenza.com\/it\/2024\/09\/il-ritorno-di-julian-assange-il-1-ottobre-interverra-al-consiglio-deuropa\/","og_site_name":"Pressenza","article_publisher":"https:\/\/www.facebook.com\/PressenzaItalia","article_published_time":"2024-09-29T09:03:46+00:00","og_image":[{"width":1200,"height":675,"url":"https:\/\/www.pressenza.com\/wp-content\/uploads\/2023\/04\/julian-assange-stella-moris.jpg","type":"image\/jpeg"}],"author":"Patrick Boylan","twitter_card":"summary_large_image","twitter_creator":"@PressenzaIPA","twitter_site":"@PressenzaIPA","twitter_misc":{"Scritto da":"Patrick Boylan","Tempo di lettura stimato":"5 minuti"},"schema":{"@context":"https:\/\/schema.org","@graph":[{"@type":"Article","@id":"https:\/\/www.pressenza.com\/it\/2024\/09\/il-ritorno-di-julian-assange-il-1-ottobre-interverra-al-consiglio-deuropa\/#article","isPartOf":{"@id":"https:\/\/www.pressenza.com\/it\/2024\/09\/il-ritorno-di-julian-assange-il-1-ottobre-interverra-al-consiglio-deuropa\/"},"author":{"name":"Patrick Boylan","@id":"https:\/\/www.pressenza.com\/it\/#\/schema\/person\/73e3263da21b4555aa2e90b7ce72a2dd"},"headline":"Il ritorno di Julian Assange: il 1\u00b0 ottobre interverr\u00e0 al Consiglio d\u2019Europa","datePublished":"2024-09-29T09:03:46+00:00","mainEntityOfPage":{"@id":"https:\/\/www.pressenza.com\/it\/2024\/09\/il-ritorno-di-julian-assange-il-1-ottobre-interverra-al-consiglio-deuropa\/"},"wordCount":889,"publisher":{"@id":"https:\/\/www.pressenza.com\/it\/#organization"},"image":{"@id":"https:\/\/www.pressenza.com\/it\/2024\/09\/il-ritorno-di-julian-assange-il-1-ottobre-interverra-al-consiglio-deuropa\/#primaryimage"},"thumbnailUrl":"https:\/\/www.pressenza.com\/wp-content\/uploads\/2023\/04\/julian-assange-stella-moris.jpg","keywords":["Afghanistan","CIA","Consiglio d'Europa","illeciti","Julian Assange","Regno Unito","Stefania Maurizi","Svezia","USA"],"articleSection":["Cronaca","Diritti Umani","Internazionale"],"inLanguage":"it-IT"},{"@type":"WebPage","@id":"https:\/\/www.pressenza.com\/it\/2024\/09\/il-ritorno-di-julian-assange-il-1-ottobre-interverra-al-consiglio-deuropa\/","url":"https:\/\/www.pressenza.com\/it\/2024\/09\/il-ritorno-di-julian-assange-il-1-ottobre-interverra-al-consiglio-deuropa\/","name":"Il ritorno di Julian Assange: il 1\u00b0 ottobre interverr\u00e0 al Consiglio d\u2019Europa","isPartOf":{"@id":"https:\/\/www.pressenza.com\/it\/#website"},"primaryImageOfPage":{"@id":"https:\/\/www.pressenza.com\/it\/2024\/09\/il-ritorno-di-julian-assange-il-1-ottobre-interverra-al-consiglio-deuropa\/#primaryimage"},"image":{"@id":"https:\/\/www.pressenza.com\/it\/2024\/09\/il-ritorno-di-julian-assange-il-1-ottobre-interverra-al-consiglio-deuropa\/#primaryimage"},"thumbnailUrl":"https:\/\/www.pressenza.com\/wp-content\/uploads\/2023\/04\/julian-assange-stella-moris.jpg","datePublished":"2024-09-29T09:03:46+00:00","description":"Julian Assange e i suoi sostenitori passano al contrattacco. A Strasburgo, New York e Londra, \u00e8 iniziata la battaglia per ottenere giustizia sugli","breadcrumb":{"@id":"https:\/\/www.pressenza.com\/it\/2024\/09\/il-ritorno-di-julian-assange-il-1-ottobre-interverra-al-consiglio-deuropa\/#breadcrumb"},"inLanguage":"it-IT","potentialAction":[{"@type":"ReadAction","target":["https:\/\/www.pressenza.com\/it\/2024\/09\/il-ritorno-di-julian-assange-il-1-ottobre-interverra-al-consiglio-deuropa\/"]}]},{"@type":"ImageObject","inLanguage":"it-IT","@id":"https:\/\/www.pressenza.com\/it\/2024\/09\/il-ritorno-di-julian-assange-il-1-ottobre-interverra-al-consiglio-deuropa\/#primaryimage","url":"https:\/\/www.pressenza.com\/wp-content\/uploads\/2023\/04\/julian-assange-stella-moris.jpg","contentUrl":"https:\/\/www.pressenza.com\/wp-content\/uploads\/2023\/04\/julian-assange-stella-moris.jpg","width":1200,"height":675},{"@type":"BreadcrumbList","@id":"https:\/\/www.pressenza.com\/it\/2024\/09\/il-ritorno-di-julian-assange-il-1-ottobre-interverra-al-consiglio-deuropa\/#breadcrumb","itemListElement":[{"@type":"ListItem","position":1,"name":"Accueil","item":"https:\/\/www.pressenza.com\/it\/"},{"@type":"ListItem","position":2,"name":"Il ritorno di Julian Assange: il 1\u00b0 ottobre interverr\u00e0 al Consiglio d\u2019Europa"}]},{"@type":"WebSite","@id":"https:\/\/www.pressenza.com\/it\/#website","url":"https:\/\/www.pressenza.com\/it\/","name":"Pressenza","description":"Agenzia di Stampa Internazionale","publisher":{"@id":"https:\/\/www.pressenza.com\/it\/#organization"},"potentialAction":[{"@type":"SearchAction","target":{"@type":"EntryPoint","urlTemplate":"https:\/\/www.pressenza.com\/it\/?s={search_term_string}"},"query-input":{"@type":"PropertyValueSpecification","valueRequired":true,"valueName":"search_term_string"}}],"inLanguage":"it-IT"},{"@type":"Organization","@id":"https:\/\/www.pressenza.com\/it\/#organization","name":"Pressenza","url":"https:\/\/www.pressenza.com\/it\/","logo":{"@type":"ImageObject","inLanguage":"it-IT","@id":"https:\/\/www.pressenza.com\/it\/#\/schema\/logo\/image\/","url":"https:\/\/www.pressenza.com\/wp-content\/uploads\/2022\/10\/pressenza_logo_200x200.jpg","contentUrl":"https:\/\/www.pressenza.com\/wp-content\/uploads\/2022\/10\/pressenza_logo_200x200.jpg","width":200,"height":200,"caption":"Pressenza"},"image":{"@id":"https:\/\/www.pressenza.com\/it\/#\/schema\/logo\/image\/"},"sameAs":["https:\/\/www.facebook.com\/PressenzaItalia","https:\/\/x.com\/PressenzaIPA"]},{"@type":"Person","@id":"https:\/\/www.pressenza.com\/it\/#\/schema\/person\/73e3263da21b4555aa2e90b7ce72a2dd","name":"Patrick Boylan","description":"Patrick Boylan, gi\u00e0 professore di Inglese per la Comunicazione Interculturale all'Universit\u00e0 \u201cRoma Tre\u201d, si \u00e8 laureato nella sua nativa California e di nuovo alla Sorbona di Parigi, dove ha anche insegnato come visiting professor. Ora co-dirige il Journal of Intercultural Mediation and Communication (Cultus), svolge training interculturali, ed \u00e8 attivista per la Rete NoWar e le associazioni PeaceLink e Statunitensi per la pace e la giustizia.","url":"https:\/\/www.pressenza.com\/it\/author\/patrick-boylan\/"}]}},"place":"L'Indipendente","original_article_url":"https:\/\/www.lindipendente.online\/2024\/09\/26\/il-ritorno-di-julian-assange-il-primo-ottobre-interverra-al-consiglio-deuropa\/","_links":{"self":[{"href":"https:\/\/www.pressenza.com\/it\/wp-json\/wp\/v2\/posts\/2550657","targetHints":{"allow":["GET"]}}],"collection":[{"href":"https:\/\/www.pressenza.com\/it\/wp-json\/wp\/v2\/posts"}],"about":[{"href":"https:\/\/www.pressenza.com\/it\/wp-json\/wp\/v2\/types\/post"}],"author":[{"embeddable":true,"href":"https:\/\/www.pressenza.com\/it\/wp-json\/wp\/v2\/users\/1032"}],"replies":[{"embeddable":true,"href":"https:\/\/www.pressenza.com\/it\/wp-json\/wp\/v2\/comments?post=2550657"}],"version-history":[{"count":0,"href":"https:\/\/www.pressenza.com\/it\/wp-json\/wp\/v2\/posts\/2550657\/revisions"}],"wp:featuredmedia":[{"embeddable":true,"href":"https:\/\/www.pressenza.com\/it\/wp-json\/wp\/v2\/media\/1736259"}],"wp:attachment":[{"href":"https:\/\/www.pressenza.com\/it\/wp-json\/wp\/v2\/media?parent=2550657"}],"wp:term":[{"taxonomy":"category","embeddable":true,"href":"https:\/\/www.pressenza.com\/it\/wp-json\/wp\/v2\/categories?post=2550657"},{"taxonomy":"post_tag","embeddable":true,"href":"https:\/\/www.pressenza.com\/it\/wp-json\/wp\/v2\/tags?post=2550657"}],"curies":[{"name":"wp","href":"https:\/\/api.w.org\/{rel}","templated":true}]}}